{"id":49818,"date":"2020-06-13T22:16:09","date_gmt":"2020-06-13T22:16:09","guid":{"rendered":"http:\/\/www.celttv.com.ar\/?p=49818"},"modified":"2020-06-13T22:16:09","modified_gmt":"2020-06-13T22:16:09","slug":"los-peronistas-apoyamos-el-rescate-de-vicentin-decidido-por-el-presidente-alberto-fernandez","status":"publish","type":"post","link":"https:\/\/www.celttv.com.ar\/index.php\/2020\/06\/13\/los-peronistas-apoyamos-el-rescate-de-vicentin-decidido-por-el-presidente-alberto-fernandez\/","title":{"rendered":"&#8220;LOS PERONISTAS APOYAMOS EL RESCATE DE VICENTIN DECIDIDO POR EL PRESIDENTE ALBERTO FERN\u00c0NDEZ&#8221;"},"content":{"rendered":"<p><strong>EL PJ DEL DISTRO DE TORNQUIST ADHIERE A ESTE COMUNICADO<\/strong><\/p>\n<p><strong>LOS PERONISTAS APOYAMOS EL RESCATE DE VICENTIN DECIDIDO POR EL PRESIDENTE ALBERTO FERN\u00c0NDEZ<\/strong><\/p>\n<p>El \u00a0Partido Justicialista de la Provincia de Buenos Aires apoya, desde su identidad pol\u00edtica y doctrinaria, el rescate de Vicent\u00edn que ha decidido el Presidente Alberto Fern\u00e1ndez. Lo hacemos porque estamos convencidos de que, en el momento de grandes definiciones, es cuando m\u00e1s se requiere firmeza en la acci\u00f3n y lealtad a las convicciones hist\u00f3ricas del Peronismo.<\/p>\n<p>El manejo irresponsable de los recursos financieros de Vicent\u00edn est\u00e1 siendo investigado por la Justicia pero, mientras tanto, urg\u00eda asumir una posici\u00f3n clara y consustanciada con los principios justicialistas. Es lo que ha hecho el compa\u00f1ero presidente con coraje y patriotismo.<\/p>\n<p>Entendemos que una deuda sospechosa superior a 1.300 millones de d\u00f3lares hab\u00eda generado una situaci\u00f3n insoportable para los empleados y proveedores de la empresa. Es por eso que el Estado tom\u00f3 cartas en el asunto para garantizar la continuidad productiva evitando consecuencias perniciosas.<\/p>\n<p>La soberan\u00eda integral de la Patria se alcanzar\u00e1 por el camino iniciado el 10 de Diciembre de 2019. Somos conscientes de que los intereses del privilegio buscar\u00e1n desacreditar la funci\u00f3n democr\u00e1tica del Estado. Siempre lo han hecho armados de falsedades ideol\u00f3gicas con las que han fundamentado el desguace, los resortes estrat\u00e9gicos estatales y la destrucci\u00f3n de la producci\u00f3n y el trabajo.<\/p>\n<p>Hemos aprendido de Per\u00f3n que \u201cla econom\u00eda nacional debe basarse en que el Estado controle los fundamentos de aquella, quedando a la iniciativa privada, a veces en colaboraci\u00f3n o en forma mixta con el Estado o exclusivamente por su cuenta, el desarrollo de la producci\u00f3n y la manufactura de los art\u00edculos\u201d.<\/p>\n<p>De esta senda trazada por el pueblo no nos vamos a desviar.<\/p>\n<p>&nbsp;<\/p>\n<p>&nbsp;<\/p>\n<p>&nbsp;<\/p>\n<p><strong>PJ de la Provincia de Buenos Aires. <\/strong><\/p>\n<p><strong>PJ del distrito de Tornquist.<\/strong><\/p>\n<p>&nbsp;<\/p>\n","protected":false},"excerpt":{"rendered":"<p>EL PJ DEL DISTRO DE TORNQUIST ADHIERE A ESTE COMUNICADO LOS PERONISTAS APOYAMOS EL RESCATE DE VICENTIN DECIDIDO POR EL PRESIDENTE ALBERTO FERN\u00c0NDEZ El \u00a0Partido Justicialista de la Provincia de Buenos Aires apoya, desde su identidad pol\u00edtica y doctrinaria, el rescate de Vicent\u00edn que ha decidido el Presidente Alberto Fern\u00e1ndez. Lo hacemos porque estamos convencidos [&hellip;]<\/p>\n","protected":false},"author":1,"featured_media":35170,"comment_status":"closed","ping_status":"open","sticky":false,"template":"","format":"standard","meta":{"footnotes":""},"categories":[51,52,53],"tags":[],"class_list":["post-49818","post","type-post","status-publish","format-standard","has-post-thumbnail","hentry","category-comunidad","category-destacadas","category-politica"],"yoast_head":"<!-- This site is optimized with the Yoast SEO plugin v19.7.1 - https:\/\/yoast.com\/wordpress\/plugins\/seo\/ -->\n<title>&quot;LOS PERONISTAS APOYAMOS EL RESCATE DE VICENTIN DECIDIDO POR EL PRESIDENTE ALBERTO FERN\u00c0NDEZ&quot; - CELTTV<\/title>\n<meta name=\"description\" content=\"Sitio web de noticias de la localidad de Tornquist, provincia de Buenos Aires, Rep\u00fablica Argentina. Contenido propio originado por periodistas de CELTTV, el canal de TV local de la Cooperativa El\u00e9ctrica de Tornquist. Turismo, Pol\u00edtica, Sociedad, Deporte, Cultura y todo el contenido de inter\u00e9s general que la gente del pueblo y la regi\u00f3n debe conocer.\" \/>\n<meta name=\"robots\" content=\"index, follow, max-snippet:-1, max-image-preview:large, max-video-preview:-1\" \/>\n<link rel=\"canonical\" href=\"https:\/\/www.celttv.com.ar\/index.php\/2020\/06\/13\/los-peronistas-apoyamos-el-rescate-de-vicentin-decidido-por-el-presidente-alberto-fernandez\/\" \/>\n<meta property=\"og:locale\" content=\"es_ES\" \/>\n<meta property=\"og:type\" content=\"article\" \/>\n<meta property=\"og:title\" content=\"&quot;LOS PERONISTAS APOYAMOS EL RESCATE DE VICENTIN DECIDIDO POR EL PRESIDENTE ALBERTO FERN\u00c0NDEZ&quot; - CELTTV\" \/>\n<meta property=\"og:description\" content=\"Sitio web de noticias de la localidad de Tornquist, provincia de Buenos Aires, Rep\u00fablica Argentina. Contenido propio originado por periodistas de CELTTV, el canal de TV local de la Cooperativa El\u00e9ctrica de Tornquist. Turismo, Pol\u00edtica, Sociedad, Deporte, Cultura y todo el contenido de inter\u00e9s general que la gente del pueblo y la regi\u00f3n debe conocer.\" \/>\n<meta property=\"og:url\" content=\"https:\/\/www.celttv.com.ar\/index.php\/2020\/06\/13\/los-peronistas-apoyamos-el-rescate-de-vicentin-decidido-por-el-presidente-alberto-fernandez\/\" \/>\n<meta property=\"og:site_name\" content=\"CELTTV\" \/>\n<meta property=\"article:publisher\" content=\"https:\/\/www.facebook.com\/celtTV\/\" \/>\n<meta property=\"article:published_time\" content=\"2020-06-13T22:16:09+00:00\" \/>\n<meta property=\"og:image\" content=\"https:\/\/www.celttv.com.ar\/wp-content\/uploads\/2018\/07\/pj.jpg\" \/>\n\t<meta property=\"og:image:width\" content=\"281\" \/>\n\t<meta property=\"og:image:height\" content=\"179\" \/>\n\t<meta property=\"og:image:type\" content=\"image\/jpeg\" \/>\n<meta name=\"author\" content=\"ulises\" \/>\n<meta name=\"twitter:card\" content=\"summary_large_image\" \/>\n<meta name=\"twitter:label1\" content=\"Escrito por\" \/>\n\t<meta name=\"twitter:data1\" content=\"ulises\" \/>\n\t<meta name=\"twitter:label2\" content=\"Tiempo de lectura\" \/>\n\t<meta name=\"twitter:data2\" content=\"2 minutos\" \/>\n<script type=\"application\/ld+json\" class=\"yoast-schema-graph\">{\"@context\":\"https:\/\/schema.org\",\"@graph\":[{\"@type\":\"NewsArticle\",\"@id\":\"https:\/\/www.celttv.com.ar\/index.php\/2020\/06\/13\/los-peronistas-apoyamos-el-rescate-de-vicentin-decidido-por-el-presidente-alberto-fernandez\/#article\",\"isPartOf\":{\"@id\":\"https:\/\/www.celttv.com.ar\/index.php\/2020\/06\/13\/los-peronistas-apoyamos-el-rescate-de-vicentin-decidido-por-el-presidente-alberto-fernandez\/\"},\"author\":{\"name\":\"ulises\",\"@id\":\"https:\/\/www.celttv.com.ar\/#\/schema\/person\/6d99c072dba59953809c81446e9d0ace\"},\"headline\":\"&#8220;LOS PERONISTAS APOYAMOS EL RESCATE DE VICENTIN DECIDIDO POR EL PRESIDENTE ALBERTO FERN\u00c0NDEZ&#8221;\",\"datePublished\":\"2020-06-13T22:16:09+00:00\",\"dateModified\":\"2020-06-13T22:16:09+00:00\",\"mainEntityOfPage\":{\"@id\":\"https:\/\/www.celttv.com.ar\/index.php\/2020\/06\/13\/los-peronistas-apoyamos-el-rescate-de-vicentin-decidido-por-el-presidente-alberto-fernandez\/\"},\"wordCount\":342,\"publisher\":{\"@id\":\"https:\/\/www.celttv.com.ar\/#organization\"},\"articleSection\":[\"Comunidad\",\"Destacadas\",\"Pol\u00edtica\"],\"inLanguage\":\"es\"},{\"@type\":\"WebPage\",\"@id\":\"https:\/\/www.celttv.com.ar\/index.php\/2020\/06\/13\/los-peronistas-apoyamos-el-rescate-de-vicentin-decidido-por-el-presidente-alberto-fernandez\/\",\"url\":\"https:\/\/www.celttv.com.ar\/index.php\/2020\/06\/13\/los-peronistas-apoyamos-el-rescate-de-vicentin-decidido-por-el-presidente-alberto-fernandez\/\",\"name\":\"\\\"LOS PERONISTAS APOYAMOS EL RESCATE DE VICENTIN DECIDIDO POR EL PRESIDENTE ALBERTO FERN\u00c0NDEZ\\\" - CELTTV\",\"isPartOf\":{\"@id\":\"https:\/\/www.celttv.com.ar\/#website\"},\"datePublished\":\"2020-06-13T22:16:09+00:00\",\"dateModified\":\"2020-06-13T22:16:09+00:00\",\"description\":\"Sitio web de noticias de la localidad de Tornquist, provincia de Buenos Aires, Rep\u00fablica Argentina. Contenido propio originado por periodistas de CELTTV, el canal de TV local de la Cooperativa El\u00e9ctrica de Tornquist. Turismo, Pol\u00edtica, Sociedad, Deporte, Cultura y todo el contenido de inter\u00e9s general que la gente del pueblo y la regi\u00f3n debe conocer.\",\"breadcrumb\":{\"@id\":\"https:\/\/www.celttv.com.ar\/index.php\/2020\/06\/13\/los-peronistas-apoyamos-el-rescate-de-vicentin-decidido-por-el-presidente-alberto-fernandez\/#breadcrumb\"},\"inLanguage\":\"es\",\"potentialAction\":[{\"@type\":\"ReadAction\",\"target\":[\"https:\/\/www.celttv.com.ar\/index.php\/2020\/06\/13\/los-peronistas-apoyamos-el-rescate-de-vicentin-decidido-por-el-presidente-alberto-fernandez\/\"]}]},{\"@type\":\"BreadcrumbList\",\"@id\":\"https:\/\/www.celttv.com.ar\/index.php\/2020\/06\/13\/los-peronistas-apoyamos-el-rescate-de-vicentin-decidido-por-el-presidente-alberto-fernandez\/#breadcrumb\",\"itemListElement\":[{\"@type\":\"ListItem\",\"position\":1,\"name\":\"Inicio\",\"item\":\"https:\/\/www.celttv.com.ar\/\"},{\"@type\":\"ListItem\",\"position\":2,\"name\":\"&#8220;LOS PERONISTAS APOYAMOS EL RESCATE DE VICENTIN DECIDIDO POR EL PRESIDENTE ALBERTO FERN\u00c0NDEZ&#8221;\"}]},{\"@type\":\"WebSite\",\"@id\":\"https:\/\/www.celttv.com.ar\/#website\",\"url\":\"https:\/\/www.celttv.com.ar\/\",\"name\":\"CELTTV\",\"description\":\"Cooperativa El\u00e9ctrica de Tornquist\",\"publisher\":{\"@id\":\"https:\/\/www.celttv.com.ar\/#organization\"},\"potentialAction\":[{\"@type\":\"SearchAction\",\"target\":{\"@type\":\"EntryPoint\",\"urlTemplate\":\"https:\/\/www.celttv.com.ar\/?s={search_term_string}\"},\"query-input\":\"required name=search_term_string\"}],\"inLanguage\":\"es\"},{\"@type\":\"Organization\",\"@id\":\"https:\/\/www.celttv.com.ar\/#organization\",\"name\":\"CELTTV\",\"url\":\"https:\/\/www.celttv.com.ar\/\",\"sameAs\":[\"https:\/\/www.youtube.com\/channel\/UCz_oIt8Hig64Ub-EmcNPIhg\",\"https:\/\/www.facebook.com\/celtTV\/\"],\"logo\":{\"@type\":\"ImageObject\",\"inLanguage\":\"es\",\"@id\":\"https:\/\/www.celttv.com.ar\/#\/schema\/logo\/image\/\",\"url\":\"http:\/\/www.celttv.com.ar\/wp-content\/uploads\/2022\/08\/logo-1.png\",\"contentUrl\":\"http:\/\/www.celttv.com.ar\/wp-content\/uploads\/2022\/08\/logo-1.png\",\"width\":461,\"height\":159,\"caption\":\"CELTTV\"},\"image\":{\"@id\":\"https:\/\/www.celttv.com.ar\/#\/schema\/logo\/image\/\"}},{\"@type\":\"Person\",\"@id\":\"https:\/\/www.celttv.com.ar\/#\/schema\/person\/6d99c072dba59953809c81446e9d0ace\",\"name\":\"ulises\",\"image\":{\"@type\":\"ImageObject\",\"inLanguage\":\"es\",\"@id\":\"https:\/\/www.celttv.com.ar\/#\/schema\/person\/image\/\",\"url\":\"https:\/\/secure.gravatar.com\/avatar\/7f2c48bdc33b30088f941fb6082e555f2874c98e20cb159d7b92b50eadfce793?s=96&d=mm&r=g\",\"contentUrl\":\"https:\/\/secure.gravatar.com\/avatar\/7f2c48bdc33b30088f941fb6082e555f2874c98e20cb159d7b92b50eadfce793?s=96&d=mm&r=g\",\"caption\":\"ulises\"},\"sameAs\":[\"http:\/\/www.celttv.com.ar\"]}]}<\/script>\n<!-- \/ Yoast SEO plugin. -->","yoast_head_json":{"title":"\"LOS PERONISTAS APOYAMOS EL RESCATE DE VICENTIN DECIDIDO POR EL PRESIDENTE ALBERTO FERN\u00c0NDEZ\" - CELTTV","description":"Sitio web de noticias de la localidad de Tornquist, provincia de Buenos Aires, Rep\u00fablica Argentina. Contenido propio originado por periodistas de CELTTV, el canal de TV local de la Cooperativa El\u00e9ctrica de Tornquist. Turismo, Pol\u00edtica, Sociedad, Deporte, Cultura y todo el contenido de inter\u00e9s general que la gente del pueblo y la regi\u00f3n debe conocer.","robots":{"index":"index","follow":"follow","max-snippet":"max-snippet:-1","max-image-preview":"max-image-preview:large","max-video-preview":"max-video-preview:-1"},"canonical":"https:\/\/www.celttv.com.ar\/index.php\/2020\/06\/13\/los-peronistas-apoyamos-el-rescate-de-vicentin-decidido-por-el-presidente-alberto-fernandez\/","og_locale":"es_ES","og_type":"article","og_title":"\"LOS PERONISTAS APOYAMOS EL RESCATE DE VICENTIN DECIDIDO POR EL PRESIDENTE ALBERTO FERN\u00c0NDEZ\" - CELTTV","og_description":"Sitio web de noticias de la localidad de Tornquist, provincia de Buenos Aires, Rep\u00fablica Argentina. Contenido propio originado por periodistas de CELTTV, el canal de TV local de la Cooperativa El\u00e9ctrica de Tornquist. Turismo, Pol\u00edtica, Sociedad, Deporte, Cultura y todo el contenido de inter\u00e9s general que la gente del pueblo y la regi\u00f3n debe conocer.","og_url":"https:\/\/www.celttv.com.ar\/index.php\/2020\/06\/13\/los-peronistas-apoyamos-el-rescate-de-vicentin-decidido-por-el-presidente-alberto-fernandez\/","og_site_name":"CELTTV","article_publisher":"https:\/\/www.facebook.com\/celtTV\/","article_published_time":"2020-06-13T22:16:09+00:00","og_image":[{"width":281,"height":179,"url":"https:\/\/www.celttv.com.ar\/wp-content\/uploads\/2018\/07\/pj.jpg","type":"image\/jpeg"}],"author":"ulises","twitter_card":"summary_large_image","twitter_misc":{"Escrito por":"ulises","Tiempo de lectura":"2 minutos"},"schema":{"@context":"https:\/\/schema.org","@graph":[{"@type":"NewsArticle","@id":"https:\/\/www.celttv.com.ar\/index.php\/2020\/06\/13\/los-peronistas-apoyamos-el-rescate-de-vicentin-decidido-por-el-presidente-alberto-fernandez\/#article","isPartOf":{"@id":"https:\/\/www.celttv.com.ar\/index.php\/2020\/06\/13\/los-peronistas-apoyamos-el-rescate-de-vicentin-decidido-por-el-presidente-alberto-fernandez\/"},"author":{"name":"ulises","@id":"https:\/\/www.celttv.com.ar\/#\/schema\/person\/6d99c072dba59953809c81446e9d0ace"},"headline":"&#8220;LOS PERONISTAS APOYAMOS EL RESCATE DE VICENTIN DECIDIDO POR EL PRESIDENTE ALBERTO FERN\u00c0NDEZ&#8221;","datePublished":"2020-06-13T22:16:09+00:00","dateModified":"2020-06-13T22:16:09+00:00","mainEntityOfPage":{"@id":"https:\/\/www.celttv.com.ar\/index.php\/2020\/06\/13\/los-peronistas-apoyamos-el-rescate-de-vicentin-decidido-por-el-presidente-alberto-fernandez\/"},"wordCount":342,"publisher":{"@id":"https:\/\/www.celttv.com.ar\/#organization"},"articleSection":["Comunidad","Destacadas","Pol\u00edtica"],"inLanguage":"es"},{"@type":"WebPage","@id":"https:\/\/www.celttv.com.ar\/index.php\/2020\/06\/13\/los-peronistas-apoyamos-el-rescate-de-vicentin-decidido-por-el-presidente-alberto-fernandez\/","url":"https:\/\/www.celttv.com.ar\/index.php\/2020\/06\/13\/los-peronistas-apoyamos-el-rescate-de-vicentin-decidido-por-el-presidente-alberto-fernandez\/","name":"\"LOS PERONISTAS APOYAMOS EL RESCATE DE VICENTIN DECIDIDO POR EL PRESIDENTE ALBERTO FERN\u00c0NDEZ\" - CELTTV","isPartOf":{"@id":"https:\/\/www.celttv.com.ar\/#website"},"datePublished":"2020-06-13T22:16:09+00:00","dateModified":"2020-06-13T22:16:09+00:00","description":"Sitio web de noticias de la localidad de Tornquist, provincia de Buenos Aires, Rep\u00fablica Argentina. Contenido propio originado por periodistas de CELTTV, el canal de TV local de la Cooperativa El\u00e9ctrica de Tornquist. Turismo, Pol\u00edtica, Sociedad, Deporte, Cultura y todo el contenido de inter\u00e9s general que la gente del pueblo y la regi\u00f3n debe conocer.","breadcrumb":{"@id":"https:\/\/www.celttv.com.ar\/index.php\/2020\/06\/13\/los-peronistas-apoyamos-el-rescate-de-vicentin-decidido-por-el-presidente-alberto-fernandez\/#breadcrumb"},"inLanguage":"es","potentialAction":[{"@type":"ReadAction","target":["https:\/\/www.celttv.com.ar\/index.php\/2020\/06\/13\/los-peronistas-apoyamos-el-rescate-de-vicentin-decidido-por-el-presidente-alberto-fernandez\/"]}]},{"@type":"BreadcrumbList","@id":"https:\/\/www.celttv.com.ar\/index.php\/2020\/06\/13\/los-peronistas-apoyamos-el-rescate-de-vicentin-decidido-por-el-presidente-alberto-fernandez\/#breadcrumb","itemListElement":[{"@type":"ListItem","position":1,"name":"Inicio","item":"https:\/\/www.celttv.com.ar\/"},{"@type":"ListItem","position":2,"name":"&#8220;LOS PERONISTAS APOYAMOS EL RESCATE DE VICENTIN DECIDIDO POR EL PRESIDENTE ALBERTO FERN\u00c0NDEZ&#8221;"}]},{"@type":"WebSite","@id":"https:\/\/www.celttv.com.ar\/#website","url":"https:\/\/www.celttv.com.ar\/","name":"CELTTV","description":"Cooperativa El\u00e9ctrica de Tornquist","publisher":{"@id":"https:\/\/www.celttv.com.ar\/#organization"},"potentialAction":[{"@type":"SearchAction","target":{"@type":"EntryPoint","urlTemplate":"https:\/\/www.celttv.com.ar\/?s={search_term_string}"},"query-input":"required name=search_term_string"}],"inLanguage":"es"},{"@type":"Organization","@id":"https:\/\/www.celttv.com.ar\/#organization","name":"CELTTV","url":"https:\/\/www.celttv.com.ar\/","sameAs":["https:\/\/www.youtube.com\/channel\/UCz_oIt8Hig64Ub-EmcNPIhg","https:\/\/www.facebook.com\/celtTV\/"],"logo":{"@type":"ImageObject","inLanguage":"es","@id":"https:\/\/www.celttv.com.ar\/#\/schema\/logo\/image\/","url":"http:\/\/www.celttv.com.ar\/wp-content\/uploads\/2022\/08\/logo-1.png","contentUrl":"http:\/\/www.celttv.com.ar\/wp-content\/uploads\/2022\/08\/logo-1.png","width":461,"height":159,"caption":"CELTTV"},"image":{"@id":"https:\/\/www.celttv.com.ar\/#\/schema\/logo\/image\/"}},{"@type":"Person","@id":"https:\/\/www.celttv.com.ar\/#\/schema\/person\/6d99c072dba59953809c81446e9d0ace","name":"ulises","image":{"@type":"ImageObject","inLanguage":"es","@id":"https:\/\/www.celttv.com.ar\/#\/schema\/person\/image\/","url":"https:\/\/secure.gravatar.com\/avatar\/7f2c48bdc33b30088f941fb6082e555f2874c98e20cb159d7b92b50eadfce793?s=96&d=mm&r=g","contentUrl":"https:\/\/secure.gravatar.com\/avatar\/7f2c48bdc33b30088f941fb6082e555f2874c98e20cb159d7b92b50eadfce793?s=96&d=mm&r=g","caption":"ulises"},"sameAs":["http:\/\/www.celttv.com.ar"]}]}},"_links":{"self":[{"href":"https:\/\/www.celttv.com.ar\/index.php\/wp-json\/wp\/v2\/posts\/49818","targetHints":{"allow":["GET"]}}],"collection":[{"href":"https:\/\/www.celttv.com.ar\/index.php\/wp-json\/wp\/v2\/posts"}],"about":[{"href":"https:\/\/www.celttv.com.ar\/index.php\/wp-json\/wp\/v2\/types\/post"}],"author":[{"embeddable":true,"href":"https:\/\/www.celttv.com.ar\/index.php\/wp-json\/wp\/v2\/users\/1"}],"replies":[{"embeddable":true,"href":"https:\/\/www.celttv.com.ar\/index.php\/wp-json\/wp\/v2\/comments?post=49818"}],"version-history":[{"count":0,"href":"https:\/\/www.celttv.com.ar\/index.php\/wp-json\/wp\/v2\/posts\/49818\/revisions"}],"wp:featuredmedia":[{"embeddable":true,"href":"https:\/\/www.celttv.com.ar\/index.php\/wp-json\/wp\/v2\/media\/35170"}],"wp:attachment":[{"href":"https:\/\/www.celttv.com.ar\/index.php\/wp-json\/wp\/v2\/media?parent=49818"}],"wp:term":[{"taxonomy":"category","embeddable":true,"href":"https:\/\/www.celttv.com.ar\/index.php\/wp-json\/wp\/v2\/categories?post=49818"},{"taxonomy":"post_tag","embeddable":true,"href":"https:\/\/www.celttv.com.ar\/index.php\/wp-json\/wp\/v2\/tags?post=49818"}],"curies":[{"name":"wp","href":"https:\/\/api.w.org\/{rel}","templated":true}]}}