{"id":49835,"date":"2020-06-14T23:07:32","date_gmt":"2020-06-14T23:07:32","guid":{"rendered":"http:\/\/www.celttv.com.ar\/?p=49835"},"modified":"2020-06-14T23:07:32","modified_gmt":"2020-06-14T23:07:32","slug":"la-afip-retoma-la-atencion-presencial-con-turno-previo-en-55-oficinas","status":"publish","type":"post","link":"https:\/\/www.celttv.com.ar\/index.php\/2020\/06\/14\/la-afip-retoma-la-atencion-presencial-con-turno-previo-en-55-oficinas\/","title":{"rendered":"LA AFIP RETOMA LA ATENCI\u00d3N PRESENCIAL CON TURNO PREVIO EN 55 OFICINAS"},"content":{"rendered":"<p>La Administraci\u00f3n Federal de Ingresos P\u00fablicos (AFIP) retomar\u00e1 el martes 16 de junio la atenci\u00f3n presencial en 55 oficinas bajo estrictas medidas de prevenci\u00f3n y cuidados. Solo podr\u00e1n concurrir a las distintas dependencias quienes hubieran solicitado turno a trav\u00e9s del sitio web del organismo (www.afip.gob.ar). El sistema estar\u00e1 habilitado a partir del lunes 15 de junio.<br \/>\nLa AFIP se mantuvo operativa durante la vigencia del aislamiento social, preventivo y obligatorio pero limit\u00f3 la atenci\u00f3n al p\u00fablico en sus agencias alrededor del pa\u00eds para minimizar el riesgo de contagio. La evoluci\u00f3n de la situaci\u00f3n epidemiol\u00f3gica en las distintas jurisdicciones donde se ubican las 55 dependencias del organismo habilita a retomar la atenci\u00f3n presencial.<br \/>\nLa semana pasada las agencias de las capitales de Salta y Jujuy fueron las primeras en volver a recibir al p\u00fablico. A partir del pr\u00f3ximo martes se sumar\u00e1n oficinas ubicadas en distintas localidades de C\u00f3rdoba, Santa Fe, Entre R\u00edos, Tucum\u00e1n, Mendoza, Corrientes, Santiago del Estero, San Juan, Chubut, San Luis, Catamarca, La Pampa, Santa Cruz y Tierra del Fuego. Tambi\u00e9n retomar\u00e1n la atenci\u00f3n presencial dependencias que funcionan en el interior de la provincia de Buenos Aires.<br \/>\nLos contribuyentes que soliciten turno podr\u00e1n realizar dos tipos de tr\u00e1mites: obtenci\u00f3n de la clave fiscal y la inscripci\u00f3n de la CUIT para empresas. Para concurrir a dichas dependencias es imprescindible contar con un permiso v\u00e1lido para circular emitido por las respectivas autoridades provinciales.<br \/>\nLas oficinas fueron debidamente acondicionadas para garantizar el cuidado de los contribuyentes y los trabajadores. El sistema de turnos fue programado para evitar la circulaci\u00f3n en los edificios del organismo y facilitar el cumplimiento de las distancias previstas en los protocolos. Durante toda su visita, los contribuyentes deber\u00e1n utilizar tapabocas y observar todas las medidas de prevenci\u00f3n indicadas.<\/p>\n","protected":false},"excerpt":{"rendered":"<p>La Administraci\u00f3n Federal de Ingresos P\u00fablicos (AFIP) retomar\u00e1 el martes 16 de junio la atenci\u00f3n presencial en 55 oficinas bajo estrictas medidas de prevenci\u00f3n y cuidados. Solo podr\u00e1n concurrir a las distintas dependencias quienes hubieran solicitado turno a trav\u00e9s del sitio web del organismo (www.afip.gob.ar). El sistema estar\u00e1 habilitado a partir del lunes 15 de [&hellip;]<\/p>\n","protected":false},"author":1,"featured_media":48757,"comment_status":"closed","ping_status":"open","sticky":false,"template":"","format":"standard","meta":{"footnotes":""},"categories":[51,52],"tags":[],"class_list":["post-49835","post","type-post","status-publish","format-standard","has-post-thumbnail","hentry","category-comunidad","category-destacadas"],"yoast_head":"<!-- This site is optimized with the Yoast SEO plugin v19.7.1 - https:\/\/yoast.com\/wordpress\/plugins\/seo\/ -->\n<title>LA AFIP RETOMA LA ATENCI\u00d3N PRESENCIAL CON TURNO PREVIO EN 55 OFICINAS - CELTTV<\/title>\n<meta name=\"description\" content=\"Sitio web de noticias de la localidad de Tornquist, provincia de Buenos Aires, Rep\u00fablica Argentina. Contenido propio originado por periodistas de CELTTV, el canal de TV local de la Cooperativa El\u00e9ctrica de Tornquist. Turismo, Pol\u00edtica, Sociedad, Deporte, Cultura y todo el contenido de inter\u00e9s general que la gente del pueblo y la regi\u00f3n debe conocer.\" \/>\n<meta name=\"robots\" content=\"index, follow, max-snippet:-1, max-image-preview:large, max-video-preview:-1\" \/>\n<link rel=\"canonical\" href=\"https:\/\/www.celttv.com.ar\/index.php\/2020\/06\/14\/la-afip-retoma-la-atencion-presencial-con-turno-previo-en-55-oficinas\/\" \/>\n<meta property=\"og:locale\" content=\"es_ES\" \/>\n<meta property=\"og:type\" content=\"article\" \/>\n<meta property=\"og:title\" content=\"LA AFIP RETOMA LA ATENCI\u00d3N PRESENCIAL CON TURNO PREVIO EN 55 OFICINAS - CELTTV\" \/>\n<meta property=\"og:description\" content=\"Sitio web de noticias de la localidad de Tornquist, provincia de Buenos Aires, Rep\u00fablica Argentina. Contenido propio originado por periodistas de CELTTV, el canal de TV local de la Cooperativa El\u00e9ctrica de Tornquist. Turismo, Pol\u00edtica, Sociedad, Deporte, Cultura y todo el contenido de inter\u00e9s general que la gente del pueblo y la regi\u00f3n debe conocer.\" \/>\n<meta property=\"og:url\" content=\"https:\/\/www.celttv.com.ar\/index.php\/2020\/06\/14\/la-afip-retoma-la-atencion-presencial-con-turno-previo-en-55-oficinas\/\" \/>\n<meta property=\"og:site_name\" content=\"CELTTV\" \/>\n<meta property=\"article:publisher\" content=\"https:\/\/www.facebook.com\/celtTV\/\" \/>\n<meta property=\"article:published_time\" content=\"2020-06-14T23:07:32+00:00\" \/>\n<meta property=\"og:image\" content=\"https:\/\/www.celttv.com.ar\/wp-content\/uploads\/2020\/04\/afip-m.jpg\" \/>\n\t<meta property=\"og:image:width\" content=\"880\" \/>\n\t<meta property=\"og:image:height\" content=\"495\" \/>\n\t<meta property=\"og:image:type\" content=\"image\/jpeg\" \/>\n<meta name=\"author\" content=\"ulises\" \/>\n<meta name=\"twitter:card\" content=\"summary_large_image\" \/>\n<meta name=\"twitter:label1\" content=\"Escrito por\" \/>\n\t<meta name=\"twitter:data1\" content=\"ulises\" \/>\n\t<meta name=\"twitter:label2\" content=\"Tiempo de lectura\" \/>\n\t<meta name=\"twitter:data2\" content=\"2 minutos\" \/>\n<script type=\"application\/ld+json\" class=\"yoast-schema-graph\">{\"@context\":\"https:\/\/schema.org\",\"@graph\":[{\"@type\":\"NewsArticle\",\"@id\":\"https:\/\/www.celttv.com.ar\/index.php\/2020\/06\/14\/la-afip-retoma-la-atencion-presencial-con-turno-previo-en-55-oficinas\/#article\",\"isPartOf\":{\"@id\":\"https:\/\/www.celttv.com.ar\/index.php\/2020\/06\/14\/la-afip-retoma-la-atencion-presencial-con-turno-previo-en-55-oficinas\/\"},\"author\":{\"name\":\"ulises\",\"@id\":\"https:\/\/www.celttv.com.ar\/#\/schema\/person\/6d99c072dba59953809c81446e9d0ace\"},\"headline\":\"LA AFIP RETOMA LA ATENCI\u00d3N PRESENCIAL CON TURNO PREVIO EN 55 OFICINAS\",\"datePublished\":\"2020-06-14T23:07:32+00:00\",\"dateModified\":\"2020-06-14T23:07:32+00:00\",\"mainEntityOfPage\":{\"@id\":\"https:\/\/www.celttv.com.ar\/index.php\/2020\/06\/14\/la-afip-retoma-la-atencion-presencial-con-turno-previo-en-55-oficinas\/\"},\"wordCount\":331,\"publisher\":{\"@id\":\"https:\/\/www.celttv.com.ar\/#organization\"},\"articleSection\":[\"Comunidad\",\"Destacadas\"],\"inLanguage\":\"es\"},{\"@type\":\"WebPage\",\"@id\":\"https:\/\/www.celttv.com.ar\/index.php\/2020\/06\/14\/la-afip-retoma-la-atencion-presencial-con-turno-previo-en-55-oficinas\/\",\"url\":\"https:\/\/www.celttv.com.ar\/index.php\/2020\/06\/14\/la-afip-retoma-la-atencion-presencial-con-turno-previo-en-55-oficinas\/\",\"name\":\"LA AFIP RETOMA LA ATENCI\u00d3N PRESENCIAL CON TURNO PREVIO EN 55 OFICINAS - CELTTV\",\"isPartOf\":{\"@id\":\"https:\/\/www.celttv.com.ar\/#website\"},\"datePublished\":\"2020-06-14T23:07:32+00:00\",\"dateModified\":\"2020-06-14T23:07:32+00:00\",\"description\":\"Sitio web de noticias de la localidad de Tornquist, provincia de Buenos Aires, Rep\u00fablica Argentina. Contenido propio originado por periodistas de CELTTV, el canal de TV local de la Cooperativa El\u00e9ctrica de Tornquist. Turismo, Pol\u00edtica, Sociedad, Deporte, Cultura y todo el contenido de inter\u00e9s general que la gente del pueblo y la regi\u00f3n debe conocer.\",\"breadcrumb\":{\"@id\":\"https:\/\/www.celttv.com.ar\/index.php\/2020\/06\/14\/la-afip-retoma-la-atencion-presencial-con-turno-previo-en-55-oficinas\/#breadcrumb\"},\"inLanguage\":\"es\",\"potentialAction\":[{\"@type\":\"ReadAction\",\"target\":[\"https:\/\/www.celttv.com.ar\/index.php\/2020\/06\/14\/la-afip-retoma-la-atencion-presencial-con-turno-previo-en-55-oficinas\/\"]}]},{\"@type\":\"BreadcrumbList\",\"@id\":\"https:\/\/www.celttv.com.ar\/index.php\/2020\/06\/14\/la-afip-retoma-la-atencion-presencial-con-turno-previo-en-55-oficinas\/#breadcrumb\",\"itemListElement\":[{\"@type\":\"ListItem\",\"position\":1,\"name\":\"Inicio\",\"item\":\"https:\/\/www.celttv.com.ar\/\"},{\"@type\":\"ListItem\",\"position\":2,\"name\":\"LA AFIP RETOMA LA ATENCI\u00d3N PRESENCIAL CON TURNO PREVIO EN 55 OFICINAS\"}]},{\"@type\":\"WebSite\",\"@id\":\"https:\/\/www.celttv.com.ar\/#website\",\"url\":\"https:\/\/www.celttv.com.ar\/\",\"name\":\"CELTTV\",\"description\":\"Cooperativa El\u00e9ctrica de Tornquist\",\"publisher\":{\"@id\":\"https:\/\/www.celttv.com.ar\/#organization\"},\"potentialAction\":[{\"@type\":\"SearchAction\",\"target\":{\"@type\":\"EntryPoint\",\"urlTemplate\":\"https:\/\/www.celttv.com.ar\/?s={search_term_string}\"},\"query-input\":\"required name=search_term_string\"}],\"inLanguage\":\"es\"},{\"@type\":\"Organization\",\"@id\":\"https:\/\/www.celttv.com.ar\/#organization\",\"name\":\"CELTTV\",\"url\":\"https:\/\/www.celttv.com.ar\/\",\"sameAs\":[\"https:\/\/www.youtube.com\/channel\/UCz_oIt8Hig64Ub-EmcNPIhg\",\"https:\/\/www.facebook.com\/celtTV\/\"],\"logo\":{\"@type\":\"ImageObject\",\"inLanguage\":\"es\",\"@id\":\"https:\/\/www.celttv.com.ar\/#\/schema\/logo\/image\/\",\"url\":\"http:\/\/www.celttv.com.ar\/wp-content\/uploads\/2022\/08\/logo-1.png\",\"contentUrl\":\"http:\/\/www.celttv.com.ar\/wp-content\/uploads\/2022\/08\/logo-1.png\",\"width\":461,\"height\":159,\"caption\":\"CELTTV\"},\"image\":{\"@id\":\"https:\/\/www.celttv.com.ar\/#\/schema\/logo\/image\/\"}},{\"@type\":\"Person\",\"@id\":\"https:\/\/www.celttv.com.ar\/#\/schema\/person\/6d99c072dba59953809c81446e9d0ace\",\"name\":\"ulises\",\"image\":{\"@type\":\"ImageObject\",\"inLanguage\":\"es\",\"@id\":\"https:\/\/www.celttv.com.ar\/#\/schema\/person\/image\/\",\"url\":\"https:\/\/secure.gravatar.com\/avatar\/7f2c48bdc33b30088f941fb6082e555f2874c98e20cb159d7b92b50eadfce793?s=96&d=mm&r=g\",\"contentUrl\":\"https:\/\/secure.gravatar.com\/avatar\/7f2c48bdc33b30088f941fb6082e555f2874c98e20cb159d7b92b50eadfce793?s=96&d=mm&r=g\",\"caption\":\"ulises\"},\"sameAs\":[\"http:\/\/www.celttv.com.ar\"]}]}<\/script>\n<!-- \/ Yoast SEO plugin. -->","yoast_head_json":{"title":"LA AFIP RETOMA LA ATENCI\u00d3N PRESENCIAL CON TURNO PREVIO EN 55 OFICINAS - CELTTV","description":"Sitio web de noticias de la localidad de Tornquist, provincia de Buenos Aires, Rep\u00fablica Argentina. Contenido propio originado por periodistas de CELTTV, el canal de TV local de la Cooperativa El\u00e9ctrica de Tornquist. Turismo, Pol\u00edtica, Sociedad, Deporte, Cultura y todo el contenido de inter\u00e9s general que la gente del pueblo y la regi\u00f3n debe conocer.","robots":{"index":"index","follow":"follow","max-snippet":"max-snippet:-1","max-image-preview":"max-image-preview:large","max-video-preview":"max-video-preview:-1"},"canonical":"https:\/\/www.celttv.com.ar\/index.php\/2020\/06\/14\/la-afip-retoma-la-atencion-presencial-con-turno-previo-en-55-oficinas\/","og_locale":"es_ES","og_type":"article","og_title":"LA AFIP RETOMA LA ATENCI\u00d3N PRESENCIAL CON TURNO PREVIO EN 55 OFICINAS - CELTTV","og_description":"Sitio web de noticias de la localidad de Tornquist, provincia de Buenos Aires, Rep\u00fablica Argentina. Contenido propio originado por periodistas de CELTTV, el canal de TV local de la Cooperativa El\u00e9ctrica de Tornquist. Turismo, Pol\u00edtica, Sociedad, Deporte, Cultura y todo el contenido de inter\u00e9s general que la gente del pueblo y la regi\u00f3n debe conocer.","og_url":"https:\/\/www.celttv.com.ar\/index.php\/2020\/06\/14\/la-afip-retoma-la-atencion-presencial-con-turno-previo-en-55-oficinas\/","og_site_name":"CELTTV","article_publisher":"https:\/\/www.facebook.com\/celtTV\/","article_published_time":"2020-06-14T23:07:32+00:00","og_image":[{"width":880,"height":495,"url":"https:\/\/www.celttv.com.ar\/wp-content\/uploads\/2020\/04\/afip-m.jpg","type":"image\/jpeg"}],"author":"ulises","twitter_card":"summary_large_image","twitter_misc":{"Escrito por":"ulises","Tiempo de lectura":"2 minutos"},"schema":{"@context":"https:\/\/schema.org","@graph":[{"@type":"NewsArticle","@id":"https:\/\/www.celttv.com.ar\/index.php\/2020\/06\/14\/la-afip-retoma-la-atencion-presencial-con-turno-previo-en-55-oficinas\/#article","isPartOf":{"@id":"https:\/\/www.celttv.com.ar\/index.php\/2020\/06\/14\/la-afip-retoma-la-atencion-presencial-con-turno-previo-en-55-oficinas\/"},"author":{"name":"ulises","@id":"https:\/\/www.celttv.com.ar\/#\/schema\/person\/6d99c072dba59953809c81446e9d0ace"},"headline":"LA AFIP RETOMA LA ATENCI\u00d3N PRESENCIAL CON TURNO PREVIO EN 55 OFICINAS","datePublished":"2020-06-14T23:07:32+00:00","dateModified":"2020-06-14T23:07:32+00:00","mainEntityOfPage":{"@id":"https:\/\/www.celttv.com.ar\/index.php\/2020\/06\/14\/la-afip-retoma-la-atencion-presencial-con-turno-previo-en-55-oficinas\/"},"wordCount":331,"publisher":{"@id":"https:\/\/www.celttv.com.ar\/#organization"},"articleSection":["Comunidad","Destacadas"],"inLanguage":"es"},{"@type":"WebPage","@id":"https:\/\/www.celttv.com.ar\/index.php\/2020\/06\/14\/la-afip-retoma-la-atencion-presencial-con-turno-previo-en-55-oficinas\/","url":"https:\/\/www.celttv.com.ar\/index.php\/2020\/06\/14\/la-afip-retoma-la-atencion-presencial-con-turno-previo-en-55-oficinas\/","name":"LA AFIP RETOMA LA ATENCI\u00d3N PRESENCIAL CON TURNO PREVIO EN 55 OFICINAS - CELTTV","isPartOf":{"@id":"https:\/\/www.celttv.com.ar\/#website"},"datePublished":"2020-06-14T23:07:32+00:00","dateModified":"2020-06-14T23:07:32+00:00","description":"Sitio web de noticias de la localidad de Tornquist, provincia de Buenos Aires, Rep\u00fablica Argentina. Contenido propio originado por periodistas de CELTTV, el canal de TV local de la Cooperativa El\u00e9ctrica de Tornquist. Turismo, Pol\u00edtica, Sociedad, Deporte, Cultura y todo el contenido de inter\u00e9s general que la gente del pueblo y la regi\u00f3n debe conocer.","breadcrumb":{"@id":"https:\/\/www.celttv.com.ar\/index.php\/2020\/06\/14\/la-afip-retoma-la-atencion-presencial-con-turno-previo-en-55-oficinas\/#breadcrumb"},"inLanguage":"es","potentialAction":[{"@type":"ReadAction","target":["https:\/\/www.celttv.com.ar\/index.php\/2020\/06\/14\/la-afip-retoma-la-atencion-presencial-con-turno-previo-en-55-oficinas\/"]}]},{"@type":"BreadcrumbList","@id":"https:\/\/www.celttv.com.ar\/index.php\/2020\/06\/14\/la-afip-retoma-la-atencion-presencial-con-turno-previo-en-55-oficinas\/#breadcrumb","itemListElement":[{"@type":"ListItem","position":1,"name":"Inicio","item":"https:\/\/www.celttv.com.ar\/"},{"@type":"ListItem","position":2,"name":"LA AFIP RETOMA LA ATENCI\u00d3N PRESENCIAL CON TURNO PREVIO EN 55 OFICINAS"}]},{"@type":"WebSite","@id":"https:\/\/www.celttv.com.ar\/#website","url":"https:\/\/www.celttv.com.ar\/","name":"CELTTV","description":"Cooperativa El\u00e9ctrica de Tornquist","publisher":{"@id":"https:\/\/www.celttv.com.ar\/#organization"},"potentialAction":[{"@type":"SearchAction","target":{"@type":"EntryPoint","urlTemplate":"https:\/\/www.celttv.com.ar\/?s={search_term_string}"},"query-input":"required name=search_term_string"}],"inLanguage":"es"},{"@type":"Organization","@id":"https:\/\/www.celttv.com.ar\/#organization","name":"CELTTV","url":"https:\/\/www.celttv.com.ar\/","sameAs":["https:\/\/www.youtube.com\/channel\/UCz_oIt8Hig64Ub-EmcNPIhg","https:\/\/www.facebook.com\/celtTV\/"],"logo":{"@type":"ImageObject","inLanguage":"es","@id":"https:\/\/www.celttv.com.ar\/#\/schema\/logo\/image\/","url":"http:\/\/www.celttv.com.ar\/wp-content\/uploads\/2022\/08\/logo-1.png","contentUrl":"http:\/\/www.celttv.com.ar\/wp-content\/uploads\/2022\/08\/logo-1.png","width":461,"height":159,"caption":"CELTTV"},"image":{"@id":"https:\/\/www.celttv.com.ar\/#\/schema\/logo\/image\/"}},{"@type":"Person","@id":"https:\/\/www.celttv.com.ar\/#\/schema\/person\/6d99c072dba59953809c81446e9d0ace","name":"ulises","image":{"@type":"ImageObject","inLanguage":"es","@id":"https:\/\/www.celttv.com.ar\/#\/schema\/person\/image\/","url":"https:\/\/secure.gravatar.com\/avatar\/7f2c48bdc33b30088f941fb6082e555f2874c98e20cb159d7b92b50eadfce793?s=96&d=mm&r=g","contentUrl":"https:\/\/secure.gravatar.com\/avatar\/7f2c48bdc33b30088f941fb6082e555f2874c98e20cb159d7b92b50eadfce793?s=96&d=mm&r=g","caption":"ulises"},"sameAs":["http:\/\/www.celttv.com.ar"]}]}},"_links":{"self":[{"href":"https:\/\/www.celttv.com.ar\/index.php\/wp-json\/wp\/v2\/posts\/49835","targetHints":{"allow":["GET"]}}],"collection":[{"href":"https:\/\/www.celttv.com.ar\/index.php\/wp-json\/wp\/v2\/posts"}],"about":[{"href":"https:\/\/www.celttv.com.ar\/index.php\/wp-json\/wp\/v2\/types\/post"}],"author":[{"embeddable":true,"href":"https:\/\/www.celttv.com.ar\/index.php\/wp-json\/wp\/v2\/users\/1"}],"replies":[{"embeddable":true,"href":"https:\/\/www.celttv.com.ar\/index.php\/wp-json\/wp\/v2\/comments?post=49835"}],"version-history":[{"count":0,"href":"https:\/\/www.celttv.com.ar\/index.php\/wp-json\/wp\/v2\/posts\/49835\/revisions"}],"wp:featuredmedia":[{"embeddable":true,"href":"https:\/\/www.celttv.com.ar\/index.php\/wp-json\/wp\/v2\/media\/48757"}],"wp:attachment":[{"href":"https:\/\/www.celttv.com.ar\/index.php\/wp-json\/wp\/v2\/media?parent=49835"}],"wp:term":[{"taxonomy":"category","embeddable":true,"href":"https:\/\/www.celttv.com.ar\/index.php\/wp-json\/wp\/v2\/categories?post=49835"},{"taxonomy":"post_tag","embeddable":true,"href":"https:\/\/www.celttv.com.ar\/index.php\/wp-json\/wp\/v2\/tags?post=49835"}],"curies":[{"name":"wp","href":"https:\/\/api.w.org\/{rel}","templated":true}]}}