{"id":49837,"date":"2020-06-14T23:21:50","date_gmt":"2020-06-14T23:21:50","guid":{"rendered":"http:\/\/www.celttv.com.ar\/?p=49837"},"modified":"2020-06-14T23:21:50","modified_gmt":"2020-06-14T23:21:50","slug":"nuevo-aplicativo-para-consultas-del-segundo-pago-del-ife","status":"publish","type":"post","link":"https:\/\/www.celttv.com.ar\/index.php\/2020\/06\/14\/nuevo-aplicativo-para-consultas-del-segundo-pago-del-ife\/","title":{"rendered":"NUEVO APLICATIVO PARA CONSULTAS DEL SEGUNDO PAGO DEL IFE"},"content":{"rendered":"<p style=\"font-weight: 400;\">La ANSES informa que habilit\u00f3 en su sitio web (<a href=\"http:\/\/www.anses.gob.ar\/\" data-saferedirecturl=\"https:\/\/www.google.com\/url?q=http:\/\/www.anses.gob.ar\/&amp;source=gmail&amp;ust=1592263146375000&amp;usg=AFQjCNFHC1i0Ht8mhCdmZ-YOU2ozp0aVLw\">www.anses.gob.ar<\/a>) un nuevo aplicativo de consulta para el cobro del segundo Ingreso Familiar de Emergencia (IFE).<\/p>\n<p style=\"font-weight: 400;\">Para que el cobro del beneficio sea m\u00e1s r\u00e1pido, eficiente y seguro, ANSES est\u00e1 canalizando todos los pagos a trav\u00e9s del sistema bancario.<\/p>\n<p style=\"font-weight: 400;\">Para quienes ya hab\u00edan elegido como opci\u00f3n de pago el deposito en su Clave Bancaria Uniforme (CBU) y para aquellos que deber\u00e1n elegir esta \u00fanica modalidad de cobro deber\u00e1n ingresar al aplicativo \u201c<strong>Ingreso Familiar de Emergencia \u2013 Consulta de pago<\/strong>\u201d que se encuentra en la home de la Web de ANSES (<a href=\"http:\/\/www.anses.gob.ar\/\" data-saferedirecturl=\"https:\/\/www.google.com\/url?q=http:\/\/www.anses.gob.ar\/&amp;source=gmail&amp;ust=1592263146375000&amp;usg=AFQjCNFHC1i0Ht8mhCdmZ-YOU2ozp0aVLw\">www.anses.gob.ar<\/a>).<\/p>\n<p style=\"font-weight: 400;\">Asimismo, los d\u00edas de cobro ser\u00e1n tambi\u00e9n comunicados a cada beneficiario v\u00eda SMS. ANSES recuerda que no se solicitar\u00e1 ning\u00fan dato personal por esta o ninguna otra v\u00eda que no sea ingresando a la web del organismo con la clave de seguridad social.<\/p>\n<p><a href=\"http:\/\/www.celttv.com.ar\/?attachment_id=49838\" rel=\"attachment wp-att-49838\"><img loading=\"lazy\" decoding=\"async\" class=\"alignleft size-full wp-image-49838\" src=\"http:\/\/www.celttv.com.ar\/wp-content\/uploads\/2020\/06\/anses-explicativo.jpg\" alt=\"\" width=\"508\" height=\"276\" srcset=\"https:\/\/www.celttv.com.ar\/wp-content\/uploads\/2020\/06\/anses-explicativo.jpg 508w, https:\/\/www.celttv.com.ar\/wp-content\/uploads\/2020\/06\/anses-explicativo-300x163.jpg 300w\" sizes=\"auto, (max-width: 508px) 100vw, 508px\" \/><\/a><\/p>\n","protected":false},"excerpt":{"rendered":"<p>La ANSES informa que habilit\u00f3 en su sitio web (www.anses.gob.ar) un nuevo aplicativo de consulta para el cobro del segundo Ingreso Familiar de Emergencia (IFE). Para que el cobro del beneficio sea m\u00e1s r\u00e1pido, eficiente y seguro, ANSES est\u00e1 canalizando todos los pagos a trav\u00e9s del sistema bancario. Para quienes ya hab\u00edan elegido como opci\u00f3n [&hellip;]<\/p>\n","protected":false},"author":1,"featured_media":49838,"comment_status":"closed","ping_status":"open","sticky":false,"template":"","format":"standard","meta":{"footnotes":""},"categories":[51,52],"tags":[],"class_list":["post-49837","post","type-post","status-publish","format-standard","has-post-thumbnail","hentry","category-comunidad","category-destacadas"],"yoast_head":"<!-- This site is optimized with the Yoast SEO plugin v19.7.1 - https:\/\/yoast.com\/wordpress\/plugins\/seo\/ -->\n<title>NUEVO APLICATIVO PARA CONSULTAS DEL SEGUNDO PAGO DEL IFE - CELTTV<\/title>\n<meta name=\"description\" content=\"Sitio web de noticias de la localidad de Tornquist, provincia de Buenos Aires, Rep\u00fablica Argentina. Contenido propio originado por periodistas de CELTTV, el canal de TV local de la Cooperativa El\u00e9ctrica de Tornquist. Turismo, Pol\u00edtica, Sociedad, Deporte, Cultura y todo el contenido de inter\u00e9s general que la gente del pueblo y la regi\u00f3n debe conocer.\" \/>\n<meta name=\"robots\" content=\"index, follow, max-snippet:-1, max-image-preview:large, max-video-preview:-1\" \/>\n<link rel=\"canonical\" href=\"https:\/\/www.celttv.com.ar\/index.php\/2020\/06\/14\/nuevo-aplicativo-para-consultas-del-segundo-pago-del-ife\/\" \/>\n<meta property=\"og:locale\" content=\"es_ES\" \/>\n<meta property=\"og:type\" content=\"article\" \/>\n<meta property=\"og:title\" content=\"NUEVO APLICATIVO PARA CONSULTAS DEL SEGUNDO PAGO DEL IFE - CELTTV\" \/>\n<meta property=\"og:description\" content=\"Sitio web de noticias de la localidad de Tornquist, provincia de Buenos Aires, Rep\u00fablica Argentina. Contenido propio originado por periodistas de CELTTV, el canal de TV local de la Cooperativa El\u00e9ctrica de Tornquist. Turismo, Pol\u00edtica, Sociedad, Deporte, Cultura y todo el contenido de inter\u00e9s general que la gente del pueblo y la regi\u00f3n debe conocer.\" \/>\n<meta property=\"og:url\" content=\"https:\/\/www.celttv.com.ar\/index.php\/2020\/06\/14\/nuevo-aplicativo-para-consultas-del-segundo-pago-del-ife\/\" \/>\n<meta property=\"og:site_name\" content=\"CELTTV\" \/>\n<meta property=\"article:publisher\" content=\"https:\/\/www.facebook.com\/celtTV\/\" \/>\n<meta property=\"article:published_time\" content=\"2020-06-14T23:21:50+00:00\" \/>\n<meta property=\"og:image\" content=\"https:\/\/www.celttv.com.ar\/wp-content\/uploads\/2020\/06\/anses-explicativo.jpg\" \/>\n\t<meta property=\"og:image:width\" content=\"508\" \/>\n\t<meta property=\"og:image:height\" content=\"276\" \/>\n\t<meta property=\"og:image:type\" content=\"image\/jpeg\" \/>\n<meta name=\"author\" content=\"ulises\" \/>\n<meta name=\"twitter:card\" content=\"summary_large_image\" \/>\n<meta name=\"twitter:label1\" content=\"Escrito por\" \/>\n\t<meta name=\"twitter:data1\" content=\"ulises\" \/>\n\t<meta name=\"twitter:label2\" content=\"Tiempo de lectura\" \/>\n\t<meta name=\"twitter:data2\" content=\"1 minuto\" \/>\n<script type=\"application\/ld+json\" class=\"yoast-schema-graph\">{\"@context\":\"https:\/\/schema.org\",\"@graph\":[{\"@type\":\"NewsArticle\",\"@id\":\"https:\/\/www.celttv.com.ar\/index.php\/2020\/06\/14\/nuevo-aplicativo-para-consultas-del-segundo-pago-del-ife\/#article\",\"isPartOf\":{\"@id\":\"https:\/\/www.celttv.com.ar\/index.php\/2020\/06\/14\/nuevo-aplicativo-para-consultas-del-segundo-pago-del-ife\/\"},\"author\":{\"name\":\"ulises\",\"@id\":\"https:\/\/www.celttv.com.ar\/#\/schema\/person\/6d99c072dba59953809c81446e9d0ace\"},\"headline\":\"NUEVO APLICATIVO PARA CONSULTAS DEL SEGUNDO PAGO DEL IFE\",\"datePublished\":\"2020-06-14T23:21:50+00:00\",\"dateModified\":\"2020-06-14T23:21:50+00:00\",\"mainEntityOfPage\":{\"@id\":\"https:\/\/www.celttv.com.ar\/index.php\/2020\/06\/14\/nuevo-aplicativo-para-consultas-del-segundo-pago-del-ife\/\"},\"wordCount\":170,\"publisher\":{\"@id\":\"https:\/\/www.celttv.com.ar\/#organization\"},\"articleSection\":[\"Comunidad\",\"Destacadas\"],\"inLanguage\":\"es\"},{\"@type\":\"WebPage\",\"@id\":\"https:\/\/www.celttv.com.ar\/index.php\/2020\/06\/14\/nuevo-aplicativo-para-consultas-del-segundo-pago-del-ife\/\",\"url\":\"https:\/\/www.celttv.com.ar\/index.php\/2020\/06\/14\/nuevo-aplicativo-para-consultas-del-segundo-pago-del-ife\/\",\"name\":\"NUEVO APLICATIVO PARA CONSULTAS DEL SEGUNDO PAGO DEL IFE - CELTTV\",\"isPartOf\":{\"@id\":\"https:\/\/www.celttv.com.ar\/#website\"},\"datePublished\":\"2020-06-14T23:21:50+00:00\",\"dateModified\":\"2020-06-14T23:21:50+00:00\",\"description\":\"Sitio web de noticias de la localidad de Tornquist, provincia de Buenos Aires, Rep\u00fablica Argentina. Contenido propio originado por periodistas de CELTTV, el canal de TV local de la Cooperativa El\u00e9ctrica de Tornquist. Turismo, Pol\u00edtica, Sociedad, Deporte, Cultura y todo el contenido de inter\u00e9s general que la gente del pueblo y la regi\u00f3n debe conocer.\",\"breadcrumb\":{\"@id\":\"https:\/\/www.celttv.com.ar\/index.php\/2020\/06\/14\/nuevo-aplicativo-para-consultas-del-segundo-pago-del-ife\/#breadcrumb\"},\"inLanguage\":\"es\",\"potentialAction\":[{\"@type\":\"ReadAction\",\"target\":[\"https:\/\/www.celttv.com.ar\/index.php\/2020\/06\/14\/nuevo-aplicativo-para-consultas-del-segundo-pago-del-ife\/\"]}]},{\"@type\":\"BreadcrumbList\",\"@id\":\"https:\/\/www.celttv.com.ar\/index.php\/2020\/06\/14\/nuevo-aplicativo-para-consultas-del-segundo-pago-del-ife\/#breadcrumb\",\"itemListElement\":[{\"@type\":\"ListItem\",\"position\":1,\"name\":\"Inicio\",\"item\":\"https:\/\/www.celttv.com.ar\/\"},{\"@type\":\"ListItem\",\"position\":2,\"name\":\"NUEVO APLICATIVO PARA CONSULTAS DEL SEGUNDO PAGO DEL IFE\"}]},{\"@type\":\"WebSite\",\"@id\":\"https:\/\/www.celttv.com.ar\/#website\",\"url\":\"https:\/\/www.celttv.com.ar\/\",\"name\":\"CELTTV\",\"description\":\"Cooperativa El\u00e9ctrica de Tornquist\",\"publisher\":{\"@id\":\"https:\/\/www.celttv.com.ar\/#organization\"},\"potentialAction\":[{\"@type\":\"SearchAction\",\"target\":{\"@type\":\"EntryPoint\",\"urlTemplate\":\"https:\/\/www.celttv.com.ar\/?s={search_term_string}\"},\"query-input\":\"required name=search_term_string\"}],\"inLanguage\":\"es\"},{\"@type\":\"Organization\",\"@id\":\"https:\/\/www.celttv.com.ar\/#organization\",\"name\":\"CELTTV\",\"url\":\"https:\/\/www.celttv.com.ar\/\",\"sameAs\":[\"https:\/\/www.youtube.com\/channel\/UCz_oIt8Hig64Ub-EmcNPIhg\",\"https:\/\/www.facebook.com\/celtTV\/\"],\"logo\":{\"@type\":\"ImageObject\",\"inLanguage\":\"es\",\"@id\":\"https:\/\/www.celttv.com.ar\/#\/schema\/logo\/image\/\",\"url\":\"http:\/\/www.celttv.com.ar\/wp-content\/uploads\/2022\/08\/logo-1.png\",\"contentUrl\":\"http:\/\/www.celttv.com.ar\/wp-content\/uploads\/2022\/08\/logo-1.png\",\"width\":461,\"height\":159,\"caption\":\"CELTTV\"},\"image\":{\"@id\":\"https:\/\/www.celttv.com.ar\/#\/schema\/logo\/image\/\"}},{\"@type\":\"Person\",\"@id\":\"https:\/\/www.celttv.com.ar\/#\/schema\/person\/6d99c072dba59953809c81446e9d0ace\",\"name\":\"ulises\",\"image\":{\"@type\":\"ImageObject\",\"inLanguage\":\"es\",\"@id\":\"https:\/\/www.celttv.com.ar\/#\/schema\/person\/image\/\",\"url\":\"https:\/\/secure.gravatar.com\/avatar\/7f2c48bdc33b30088f941fb6082e555f2874c98e20cb159d7b92b50eadfce793?s=96&d=mm&r=g\",\"contentUrl\":\"https:\/\/secure.gravatar.com\/avatar\/7f2c48bdc33b30088f941fb6082e555f2874c98e20cb159d7b92b50eadfce793?s=96&d=mm&r=g\",\"caption\":\"ulises\"},\"sameAs\":[\"http:\/\/www.celttv.com.ar\"]}]}<\/script>\n<!-- \/ Yoast SEO plugin. -->","yoast_head_json":{"title":"NUEVO APLICATIVO PARA CONSULTAS DEL SEGUNDO PAGO DEL IFE - CELTTV","description":"Sitio web de noticias de la localidad de Tornquist, provincia de Buenos Aires, Rep\u00fablica Argentina. Contenido propio originado por periodistas de CELTTV, el canal de TV local de la Cooperativa El\u00e9ctrica de Tornquist. Turismo, Pol\u00edtica, Sociedad, Deporte, Cultura y todo el contenido de inter\u00e9s general que la gente del pueblo y la regi\u00f3n debe conocer.","robots":{"index":"index","follow":"follow","max-snippet":"max-snippet:-1","max-image-preview":"max-image-preview:large","max-video-preview":"max-video-preview:-1"},"canonical":"https:\/\/www.celttv.com.ar\/index.php\/2020\/06\/14\/nuevo-aplicativo-para-consultas-del-segundo-pago-del-ife\/","og_locale":"es_ES","og_type":"article","og_title":"NUEVO APLICATIVO PARA CONSULTAS DEL SEGUNDO PAGO DEL IFE - CELTTV","og_description":"Sitio web de noticias de la localidad de Tornquist, provincia de Buenos Aires, Rep\u00fablica Argentina. Contenido propio originado por periodistas de CELTTV, el canal de TV local de la Cooperativa El\u00e9ctrica de Tornquist. Turismo, Pol\u00edtica, Sociedad, Deporte, Cultura y todo el contenido de inter\u00e9s general que la gente del pueblo y la regi\u00f3n debe conocer.","og_url":"https:\/\/www.celttv.com.ar\/index.php\/2020\/06\/14\/nuevo-aplicativo-para-consultas-del-segundo-pago-del-ife\/","og_site_name":"CELTTV","article_publisher":"https:\/\/www.facebook.com\/celtTV\/","article_published_time":"2020-06-14T23:21:50+00:00","og_image":[{"width":508,"height":276,"url":"https:\/\/www.celttv.com.ar\/wp-content\/uploads\/2020\/06\/anses-explicativo.jpg","type":"image\/jpeg"}],"author":"ulises","twitter_card":"summary_large_image","twitter_misc":{"Escrito por":"ulises","Tiempo de lectura":"1 minuto"},"schema":{"@context":"https:\/\/schema.org","@graph":[{"@type":"NewsArticle","@id":"https:\/\/www.celttv.com.ar\/index.php\/2020\/06\/14\/nuevo-aplicativo-para-consultas-del-segundo-pago-del-ife\/#article","isPartOf":{"@id":"https:\/\/www.celttv.com.ar\/index.php\/2020\/06\/14\/nuevo-aplicativo-para-consultas-del-segundo-pago-del-ife\/"},"author":{"name":"ulises","@id":"https:\/\/www.celttv.com.ar\/#\/schema\/person\/6d99c072dba59953809c81446e9d0ace"},"headline":"NUEVO APLICATIVO PARA CONSULTAS DEL SEGUNDO PAGO DEL IFE","datePublished":"2020-06-14T23:21:50+00:00","dateModified":"2020-06-14T23:21:50+00:00","mainEntityOfPage":{"@id":"https:\/\/www.celttv.com.ar\/index.php\/2020\/06\/14\/nuevo-aplicativo-para-consultas-del-segundo-pago-del-ife\/"},"wordCount":170,"publisher":{"@id":"https:\/\/www.celttv.com.ar\/#organization"},"articleSection":["Comunidad","Destacadas"],"inLanguage":"es"},{"@type":"WebPage","@id":"https:\/\/www.celttv.com.ar\/index.php\/2020\/06\/14\/nuevo-aplicativo-para-consultas-del-segundo-pago-del-ife\/","url":"https:\/\/www.celttv.com.ar\/index.php\/2020\/06\/14\/nuevo-aplicativo-para-consultas-del-segundo-pago-del-ife\/","name":"NUEVO APLICATIVO PARA CONSULTAS DEL SEGUNDO PAGO DEL IFE - CELTTV","isPartOf":{"@id":"https:\/\/www.celttv.com.ar\/#website"},"datePublished":"2020-06-14T23:21:50+00:00","dateModified":"2020-06-14T23:21:50+00:00","description":"Sitio web de noticias de la localidad de Tornquist, provincia de Buenos Aires, Rep\u00fablica Argentina. Contenido propio originado por periodistas de CELTTV, el canal de TV local de la Cooperativa El\u00e9ctrica de Tornquist. Turismo, Pol\u00edtica, Sociedad, Deporte, Cultura y todo el contenido de inter\u00e9s general que la gente del pueblo y la regi\u00f3n debe conocer.","breadcrumb":{"@id":"https:\/\/www.celttv.com.ar\/index.php\/2020\/06\/14\/nuevo-aplicativo-para-consultas-del-segundo-pago-del-ife\/#breadcrumb"},"inLanguage":"es","potentialAction":[{"@type":"ReadAction","target":["https:\/\/www.celttv.com.ar\/index.php\/2020\/06\/14\/nuevo-aplicativo-para-consultas-del-segundo-pago-del-ife\/"]}]},{"@type":"BreadcrumbList","@id":"https:\/\/www.celttv.com.ar\/index.php\/2020\/06\/14\/nuevo-aplicativo-para-consultas-del-segundo-pago-del-ife\/#breadcrumb","itemListElement":[{"@type":"ListItem","position":1,"name":"Inicio","item":"https:\/\/www.celttv.com.ar\/"},{"@type":"ListItem","position":2,"name":"NUEVO APLICATIVO PARA CONSULTAS DEL SEGUNDO PAGO DEL IFE"}]},{"@type":"WebSite","@id":"https:\/\/www.celttv.com.ar\/#website","url":"https:\/\/www.celttv.com.ar\/","name":"CELTTV","description":"Cooperativa El\u00e9ctrica de Tornquist","publisher":{"@id":"https:\/\/www.celttv.com.ar\/#organization"},"potentialAction":[{"@type":"SearchAction","target":{"@type":"EntryPoint","urlTemplate":"https:\/\/www.celttv.com.ar\/?s={search_term_string}"},"query-input":"required name=search_term_string"}],"inLanguage":"es"},{"@type":"Organization","@id":"https:\/\/www.celttv.com.ar\/#organization","name":"CELTTV","url":"https:\/\/www.celttv.com.ar\/","sameAs":["https:\/\/www.youtube.com\/channel\/UCz_oIt8Hig64Ub-EmcNPIhg","https:\/\/www.facebook.com\/celtTV\/"],"logo":{"@type":"ImageObject","inLanguage":"es","@id":"https:\/\/www.celttv.com.ar\/#\/schema\/logo\/image\/","url":"http:\/\/www.celttv.com.ar\/wp-content\/uploads\/2022\/08\/logo-1.png","contentUrl":"http:\/\/www.celttv.com.ar\/wp-content\/uploads\/2022\/08\/logo-1.png","width":461,"height":159,"caption":"CELTTV"},"image":{"@id":"https:\/\/www.celttv.com.ar\/#\/schema\/logo\/image\/"}},{"@type":"Person","@id":"https:\/\/www.celttv.com.ar\/#\/schema\/person\/6d99c072dba59953809c81446e9d0ace","name":"ulises","image":{"@type":"ImageObject","inLanguage":"es","@id":"https:\/\/www.celttv.com.ar\/#\/schema\/person\/image\/","url":"https:\/\/secure.gravatar.com\/avatar\/7f2c48bdc33b30088f941fb6082e555f2874c98e20cb159d7b92b50eadfce793?s=96&d=mm&r=g","contentUrl":"https:\/\/secure.gravatar.com\/avatar\/7f2c48bdc33b30088f941fb6082e555f2874c98e20cb159d7b92b50eadfce793?s=96&d=mm&r=g","caption":"ulises"},"sameAs":["http:\/\/www.celttv.com.ar"]}]}},"_links":{"self":[{"href":"https:\/\/www.celttv.com.ar\/index.php\/wp-json\/wp\/v2\/posts\/49837","targetHints":{"allow":["GET"]}}],"collection":[{"href":"https:\/\/www.celttv.com.ar\/index.php\/wp-json\/wp\/v2\/posts"}],"about":[{"href":"https:\/\/www.celttv.com.ar\/index.php\/wp-json\/wp\/v2\/types\/post"}],"author":[{"embeddable":true,"href":"https:\/\/www.celttv.com.ar\/index.php\/wp-json\/wp\/v2\/users\/1"}],"replies":[{"embeddable":true,"href":"https:\/\/www.celttv.com.ar\/index.php\/wp-json\/wp\/v2\/comments?post=49837"}],"version-history":[{"count":0,"href":"https:\/\/www.celttv.com.ar\/index.php\/wp-json\/wp\/v2\/posts\/49837\/revisions"}],"wp:featuredmedia":[{"embeddable":true,"href":"https:\/\/www.celttv.com.ar\/index.php\/wp-json\/wp\/v2\/media\/49838"}],"wp:attachment":[{"href":"https:\/\/www.celttv.com.ar\/index.php\/wp-json\/wp\/v2\/media?parent=49837"}],"wp:term":[{"taxonomy":"category","embeddable":true,"href":"https:\/\/www.celttv.com.ar\/index.php\/wp-json\/wp\/v2\/categories?post=49837"},{"taxonomy":"post_tag","embeddable":true,"href":"https:\/\/www.celttv.com.ar\/index.php\/wp-json\/wp\/v2\/tags?post=49837"}],"curies":[{"name":"wp","href":"https:\/\/api.w.org\/{rel}","templated":true}]}}