{"id":49855,"date":"2020-06-16T18:44:59","date_gmt":"2020-06-16T18:44:59","guid":{"rendered":"http:\/\/www.celttv.com.ar\/?p=49855"},"modified":"2020-06-16T18:44:59","modified_gmt":"2020-06-16T18:44:59","slug":"la-provincia-firmo-convenios-de-asistencia-financiera-a-municipios","status":"publish","type":"post","link":"https:\/\/www.celttv.com.ar\/index.php\/2020\/06\/16\/la-provincia-firmo-convenios-de-asistencia-financiera-a-municipios\/","title":{"rendered":"La Provincia firm\u00f3 convenios de asistencia financiera a municipios"},"content":{"rendered":"<table border=\"0\" cellspacing=\"0\" cellpadding=\"0\">\n<tbody>\n<tr>\n<td class=\"m_-5649017002872017680stack-column\" valign=\"top\">\n<div>\n<div>El gobernador de la Provincia de Buenos Aires, Axel Kicillof, y el ministro de Hacienda y Finanzas, Pablo L\u00f3pez, encabezaron este martes la firma de convenios de asistencia financiera con los intendentes de la primera, tercera y octava secci\u00f3n electoral, para dotar a los municipios de mayores recursos y menguar el impacto financiero de la pandemia. Durante la suscripci\u00f3n de los convenios, que se realiz\u00f3 v\u00eda teleconferencia, estuvieron tambi\u00e9n presentes el jefe de Gabinete, Carlos Bianco, y la ministra de Gobierno, Teresa Garc\u00eda.<\/p>\n<\/div>\n<div>La primera secci\u00f3n recibi\u00f3 un total de 991,7 millones de pesos, en tanto que la tercera recibi\u00f3 789,8 millones y la octava 93,6 millones de pesos. Esta etapa de la asistencia financiera, que se otorgar\u00e1 a los 135 municipios, ser\u00e1 de un total de 3000 millones de pesos y se har\u00e1 a trav\u00e9s de Aportes No Reintegrables. El mi\u00e9rcoles se realizar\u00e1 la firma con los intendentes de la segunda, s\u00e9ptima y cuarta secci\u00f3n electoral y el d\u00eda jueves con los jefes comunales de la quinta y sexta secci\u00f3n.<\/div>\n<div>\n\u201cDesde que empez\u00f3 la pandemia llegamos a un acuerdo para tener la posibilidad de articular la ayuda financiera con el Gobierno nacional, no solo para afrontar los gastos esenciales de la Provincia, sino para garantizar las prestaciones b\u00e1sicas de los municipios\u201d, explic\u00f3 Kicillof y destac\u00f3 que \u201cel compromiso desde el primer d\u00eda fue asistirlos para que puedan sustituir parte de los recursos perdidos con recursos provinciales, sabiendo que los municipios tienen que seguir funcionando, afrontando los gastos generales, el pago de salarios y los gastos adicionales vinculados a la pandemia\u201d.<\/div>\n<div>\nDe esta manera, los fondos ser\u00e1n destinados a financiar los servicios b\u00e1sicos de salud, bienestar social, educaci\u00f3n y obras de infraestructura urgentes de cada distrito, priorizando el impulso de actividades que promuevan empleo y el normal funcionamiento de los municipios.<\/p>\n<\/div>\n<div>En ese marco, el Gobernador se dirigi\u00f3 a los intendentes: \u201cSabemos que ustedes son los que est\u00e1n en la primera l\u00ednea de fuego y son quienes reciben todas las demandas de los vecinos\u201d. Kicillof detall\u00f3 que la asistencia a los municipios se realiza a trav\u00e9s de tres herramientas: \u201cUn fondo salarial, un fondo de emergencia COVID, dirigido principalmente al conurbano que tiene el mayor peso de asistencia frente a la pandemia, y un fondo adicional por la utilizaci\u00f3n de las camas extrahospitalarias\u201d.<\/div>\n<div>\nPor su parte, Pablo L\u00f3pez destac\u00f3 \u201cel trabajo articulado que se est\u00e1 llevando adelante entre los tres niveles de gobierno, nacional, provincial y municipal para implementar pol\u00edticas y medidas que nos permitan hacer frente a las mayores demandas generadas por este contexto. Este sentido, desde la Provincia estamos asistiendo a los municipios de diferentes formas, en este caso a trav\u00e9s de una ayuda financiera. Nosotros acompa\u00f1amos en todo lo que podemos y esperamos poder seguir trabajando as\u00ed para que podamos atravesar este momento lo mejor posible\u201d.<\/div>\n<\/div>\n<\/td>\n<\/tr>\n<\/tbody>\n<\/table>\n<p><a href=\"http:\/\/www.celttv.com.ar\/?attachment_id=49856\" rel=\"attachment wp-att-49856\"><img loading=\"lazy\" decoding=\"async\" class=\"alignleft size-full wp-image-49856\" src=\"http:\/\/www.celttv.com.ar\/wp-content\/uploads\/2020\/06\/asist1-Medium.jpg\" alt=\"\" width=\"1229\" height=\"768\" srcset=\"https:\/\/www.celttv.com.ar\/wp-content\/uploads\/2020\/06\/asist1-Medium.jpg 1229w, https:\/\/www.celttv.com.ar\/wp-content\/uploads\/2020\/06\/asist1-Medium-300x187.jpg 300w, https:\/\/www.celttv.com.ar\/wp-content\/uploads\/2020\/06\/asist1-Medium-1024x640.jpg 1024w, https:\/\/www.celttv.com.ar\/wp-content\/uploads\/2020\/06\/asist1-Medium-768x480.jpg 768w, https:\/\/www.celttv.com.ar\/wp-content\/uploads\/2020\/06\/asist1-Medium-750x469.jpg 750w, https:\/\/www.celttv.com.ar\/wp-content\/uploads\/2020\/06\/asist1-Medium-1140x712.jpg 1140w\" sizes=\"auto, (max-width: 1229px) 100vw, 1229px\" \/><\/a> <a href=\"http:\/\/www.celttv.com.ar\/?attachment_id=49857\" rel=\"attachment wp-att-49857\"><img loading=\"lazy\" decoding=\"async\" class=\"alignleft size-medium wp-image-49857\" src=\"http:\/\/www.celttv.com.ar\/wp-content\/uploads\/2020\/06\/asist2-Medium.jpg\" alt=\"\" width=\"780\" height=\"487\" srcset=\"https:\/\/www.celttv.com.ar\/wp-content\/uploads\/2020\/06\/asist2-Medium.jpg 1229w, https:\/\/www.celttv.com.ar\/wp-content\/uploads\/2020\/06\/asist2-Medium-300x187.jpg 300w, https:\/\/www.celttv.com.ar\/wp-content\/uploads\/2020\/06\/asist2-Medium-1024x640.jpg 1024w, https:\/\/www.celttv.com.ar\/wp-content\/uploads\/2020\/06\/asist2-Medium-768x480.jpg 768w, https:\/\/www.celttv.com.ar\/wp-content\/uploads\/2020\/06\/asist2-Medium-750x469.jpg 750w, https:\/\/www.celttv.com.ar\/wp-content\/uploads\/2020\/06\/asist2-Medium-1140x712.jpg 1140w\" sizes=\"auto, (max-width: 780px) 100vw, 780px\" \/><\/a> <a href=\"http:\/\/www.celttv.com.ar\/?attachment_id=49858\" rel=\"attachment wp-att-49858\"><img loading=\"lazy\" decoding=\"async\" class=\"alignleft size-medium wp-image-49858\" src=\"http:\/\/www.celttv.com.ar\/wp-content\/uploads\/2020\/06\/asist3-Medium.jpg\" alt=\"\" width=\"780\" height=\"520\" srcset=\"https:\/\/www.celttv.com.ar\/wp-content\/uploads\/2020\/06\/asist3-Medium.jpg 1152w, https:\/\/www.celttv.com.ar\/wp-content\/uploads\/2020\/06\/asist3-Medium-300x200.jpg 300w, https:\/\/www.celttv.com.ar\/wp-content\/uploads\/2020\/06\/asist3-Medium-1024x683.jpg 1024w, https:\/\/www.celttv.com.ar\/wp-content\/uploads\/2020\/06\/asist3-Medium-768x512.jpg 768w, https:\/\/www.celttv.com.ar\/wp-content\/uploads\/2020\/06\/asist3-Medium-750x500.jpg 750w, https:\/\/www.celttv.com.ar\/wp-content\/uploads\/2020\/06\/asist3-Medium-1140x760.jpg 1140w\" sizes=\"auto, (max-width: 780px) 100vw, 780px\" \/><\/a> <a href=\"http:\/\/www.celttv.com.ar\/?attachment_id=49859\" rel=\"attachment wp-att-49859\"><img loading=\"lazy\" decoding=\"async\" class=\"alignleft size-medium wp-image-49859\" src=\"http:\/\/www.celttv.com.ar\/wp-content\/uploads\/2020\/06\/asist4-Medium.jpg\" alt=\"\" width=\"780\" height=\"520\" srcset=\"https:\/\/www.celttv.com.ar\/wp-content\/uploads\/2020\/06\/asist4-Medium.jpg 1152w, https:\/\/www.celttv.com.ar\/wp-content\/uploads\/2020\/06\/asist4-Medium-300x200.jpg 300w, https:\/\/www.celttv.com.ar\/wp-content\/uploads\/2020\/06\/asist4-Medium-1024x683.jpg 1024w, https:\/\/www.celttv.com.ar\/wp-content\/uploads\/2020\/06\/asist4-Medium-768x512.jpg 768w, https:\/\/www.celttv.com.ar\/wp-content\/uploads\/2020\/06\/asist4-Medium-750x500.jpg 750w, https:\/\/www.celttv.com.ar\/wp-content\/uploads\/2020\/06\/asist4-Medium-1140x760.jpg 1140w\" sizes=\"auto, (max-width: 780px) 100vw, 780px\" \/><\/a> <a href=\"http:\/\/www.celttv.com.ar\/?attachment_id=49860\" rel=\"attachment wp-att-49860\"><img loading=\"lazy\" decoding=\"async\" class=\"alignleft size-medium wp-image-49860\" src=\"http:\/\/www.celttv.com.ar\/wp-content\/uploads\/2020\/06\/asist5-Medium.jpg\" alt=\"\" width=\"780\" height=\"520\" srcset=\"https:\/\/www.celttv.com.ar\/wp-content\/uploads\/2020\/06\/asist5-Medium.jpg 1152w, https:\/\/www.celttv.com.ar\/wp-content\/uploads\/2020\/06\/asist5-Medium-300x200.jpg 300w, https:\/\/www.celttv.com.ar\/wp-content\/uploads\/2020\/06\/asist5-Medium-1024x683.jpg 1024w, https:\/\/www.celttv.com.ar\/wp-content\/uploads\/2020\/06\/asist5-Medium-768x512.jpg 768w, https:\/\/www.celttv.com.ar\/wp-content\/uploads\/2020\/06\/asist5-Medium-750x500.jpg 750w, https:\/\/www.celttv.com.ar\/wp-content\/uploads\/2020\/06\/asist5-Medium-1140x760.jpg 1140w\" sizes=\"auto, (max-width: 780px) 100vw, 780px\" \/><\/a> <a href=\"http:\/\/www.celttv.com.ar\/?attachment_id=49861\" rel=\"attachment wp-att-49861\"><img loading=\"lazy\" decoding=\"async\" class=\"alignleft size-medium wp-image-49861\" src=\"http:\/\/www.celttv.com.ar\/wp-content\/uploads\/2020\/06\/asist6-Medium.jpg\" alt=\"\" width=\"780\" height=\"520\" srcset=\"https:\/\/www.celttv.com.ar\/wp-content\/uploads\/2020\/06\/asist6-Medium.jpg 1152w, https:\/\/www.celttv.com.ar\/wp-content\/uploads\/2020\/06\/asist6-Medium-300x200.jpg 300w, https:\/\/www.celttv.com.ar\/wp-content\/uploads\/2020\/06\/asist6-Medium-1024x683.jpg 1024w, https:\/\/www.celttv.com.ar\/wp-content\/uploads\/2020\/06\/asist6-Medium-768x512.jpg 768w, https:\/\/www.celttv.com.ar\/wp-content\/uploads\/2020\/06\/asist6-Medium-750x500.jpg 750w, https:\/\/www.celttv.com.ar\/wp-content\/uploads\/2020\/06\/asist6-Medium-1140x760.jpg 1140w\" sizes=\"auto, (max-width: 780px) 100vw, 780px\" \/><\/a><\/p>\n","protected":false},"excerpt":{"rendered":"<p>El gobernador de la Provincia de Buenos Aires, Axel Kicillof, y el ministro de Hacienda y Finanzas, Pablo L\u00f3pez, encabezaron este martes la firma de convenios de asistencia financiera con los intendentes de la primera, tercera y octava secci\u00f3n electoral, para dotar a los municipios de mayores recursos y menguar el impacto financiero de la [&hellip;]<\/p>\n","protected":false},"author":1,"featured_media":49856,"comment_status":"closed","ping_status":"open","sticky":false,"template":"","format":"standard","meta":{"footnotes":""},"categories":[51,52],"tags":[],"class_list":["post-49855","post","type-post","status-publish","format-standard","has-post-thumbnail","hentry","category-comunidad","category-destacadas"],"yoast_head":"<!-- This site is optimized with the Yoast SEO plugin v19.7.1 - https:\/\/yoast.com\/wordpress\/plugins\/seo\/ -->\n<title>La Provincia firm\u00f3 convenios de asistencia financiera a municipios - CELTTV<\/title>\n<meta name=\"description\" content=\"Sitio web de noticias de la localidad de Tornquist, provincia de Buenos Aires, Rep\u00fablica Argentina. Contenido propio originado por periodistas de CELTTV, el canal de TV local de la Cooperativa El\u00e9ctrica de Tornquist. Turismo, Pol\u00edtica, Sociedad, Deporte, Cultura y todo el contenido de inter\u00e9s general que la gente del pueblo y la regi\u00f3n debe conocer.\" \/>\n<meta name=\"robots\" content=\"index, follow, max-snippet:-1, max-image-preview:large, max-video-preview:-1\" \/>\n<link rel=\"canonical\" href=\"https:\/\/www.celttv.com.ar\/index.php\/2020\/06\/16\/la-provincia-firmo-convenios-de-asistencia-financiera-a-municipios\/\" \/>\n<meta property=\"og:locale\" content=\"es_ES\" \/>\n<meta property=\"og:type\" content=\"article\" \/>\n<meta property=\"og:title\" content=\"La Provincia firm\u00f3 convenios de asistencia financiera a municipios - CELTTV\" \/>\n<meta property=\"og:description\" content=\"Sitio web de noticias de la localidad de Tornquist, provincia de Buenos Aires, Rep\u00fablica Argentina. Contenido propio originado por periodistas de CELTTV, el canal de TV local de la Cooperativa El\u00e9ctrica de Tornquist. Turismo, Pol\u00edtica, Sociedad, Deporte, Cultura y todo el contenido de inter\u00e9s general que la gente del pueblo y la regi\u00f3n debe conocer.\" \/>\n<meta property=\"og:url\" content=\"https:\/\/www.celttv.com.ar\/index.php\/2020\/06\/16\/la-provincia-firmo-convenios-de-asistencia-financiera-a-municipios\/\" \/>\n<meta property=\"og:site_name\" content=\"CELTTV\" \/>\n<meta property=\"article:publisher\" content=\"https:\/\/www.facebook.com\/celtTV\/\" \/>\n<meta property=\"article:published_time\" content=\"2020-06-16T18:44:59+00:00\" \/>\n<meta property=\"og:image\" content=\"https:\/\/www.celttv.com.ar\/wp-content\/uploads\/2020\/06\/asist1-Medium.jpg\" \/>\n\t<meta property=\"og:image:width\" content=\"1229\" \/>\n\t<meta property=\"og:image:height\" content=\"768\" \/>\n\t<meta property=\"og:image:type\" content=\"image\/jpeg\" \/>\n<meta name=\"author\" content=\"ulises\" \/>\n<meta name=\"twitter:card\" content=\"summary_large_image\" \/>\n<meta name=\"twitter:label1\" content=\"Escrito por\" \/>\n\t<meta name=\"twitter:data1\" content=\"ulises\" \/>\n\t<meta name=\"twitter:label2\" content=\"Tiempo de lectura\" \/>\n\t<meta name=\"twitter:data2\" content=\"2 minutos\" \/>\n<script type=\"application\/ld+json\" class=\"yoast-schema-graph\">{\"@context\":\"https:\/\/schema.org\",\"@graph\":[{\"@type\":\"NewsArticle\",\"@id\":\"https:\/\/www.celttv.com.ar\/index.php\/2020\/06\/16\/la-provincia-firmo-convenios-de-asistencia-financiera-a-municipios\/#article\",\"isPartOf\":{\"@id\":\"https:\/\/www.celttv.com.ar\/index.php\/2020\/06\/16\/la-provincia-firmo-convenios-de-asistencia-financiera-a-municipios\/\"},\"author\":{\"name\":\"ulises\",\"@id\":\"https:\/\/www.celttv.com.ar\/#\/schema\/person\/6d99c072dba59953809c81446e9d0ace\"},\"headline\":\"La Provincia firm\u00f3 convenios de asistencia financiera a municipios\",\"datePublished\":\"2020-06-16T18:44:59+00:00\",\"dateModified\":\"2020-06-16T18:44:59+00:00\",\"mainEntityOfPage\":{\"@id\":\"https:\/\/www.celttv.com.ar\/index.php\/2020\/06\/16\/la-provincia-firmo-convenios-de-asistencia-financiera-a-municipios\/\"},\"wordCount\":499,\"publisher\":{\"@id\":\"https:\/\/www.celttv.com.ar\/#organization\"},\"articleSection\":[\"Comunidad\",\"Destacadas\"],\"inLanguage\":\"es\"},{\"@type\":\"WebPage\",\"@id\":\"https:\/\/www.celttv.com.ar\/index.php\/2020\/06\/16\/la-provincia-firmo-convenios-de-asistencia-financiera-a-municipios\/\",\"url\":\"https:\/\/www.celttv.com.ar\/index.php\/2020\/06\/16\/la-provincia-firmo-convenios-de-asistencia-financiera-a-municipios\/\",\"name\":\"La Provincia firm\u00f3 convenios de asistencia financiera a municipios - CELTTV\",\"isPartOf\":{\"@id\":\"https:\/\/www.celttv.com.ar\/#website\"},\"datePublished\":\"2020-06-16T18:44:59+00:00\",\"dateModified\":\"2020-06-16T18:44:59+00:00\",\"description\":\"Sitio web de noticias de la localidad de Tornquist, provincia de Buenos Aires, Rep\u00fablica Argentina. Contenido propio originado por periodistas de CELTTV, el canal de TV local de la Cooperativa El\u00e9ctrica de Tornquist. Turismo, Pol\u00edtica, Sociedad, Deporte, Cultura y todo el contenido de inter\u00e9s general que la gente del pueblo y la regi\u00f3n debe conocer.\",\"breadcrumb\":{\"@id\":\"https:\/\/www.celttv.com.ar\/index.php\/2020\/06\/16\/la-provincia-firmo-convenios-de-asistencia-financiera-a-municipios\/#breadcrumb\"},\"inLanguage\":\"es\",\"potentialAction\":[{\"@type\":\"ReadAction\",\"target\":[\"https:\/\/www.celttv.com.ar\/index.php\/2020\/06\/16\/la-provincia-firmo-convenios-de-asistencia-financiera-a-municipios\/\"]}]},{\"@type\":\"BreadcrumbList\",\"@id\":\"https:\/\/www.celttv.com.ar\/index.php\/2020\/06\/16\/la-provincia-firmo-convenios-de-asistencia-financiera-a-municipios\/#breadcrumb\",\"itemListElement\":[{\"@type\":\"ListItem\",\"position\":1,\"name\":\"Inicio\",\"item\":\"https:\/\/www.celttv.com.ar\/\"},{\"@type\":\"ListItem\",\"position\":2,\"name\":\"La Provincia firm\u00f3 convenios de asistencia financiera a municipios\"}]},{\"@type\":\"WebSite\",\"@id\":\"https:\/\/www.celttv.com.ar\/#website\",\"url\":\"https:\/\/www.celttv.com.ar\/\",\"name\":\"CELTTV\",\"description\":\"Cooperativa El\u00e9ctrica de Tornquist\",\"publisher\":{\"@id\":\"https:\/\/www.celttv.com.ar\/#organization\"},\"potentialAction\":[{\"@type\":\"SearchAction\",\"target\":{\"@type\":\"EntryPoint\",\"urlTemplate\":\"https:\/\/www.celttv.com.ar\/?s={search_term_string}\"},\"query-input\":\"required name=search_term_string\"}],\"inLanguage\":\"es\"},{\"@type\":\"Organization\",\"@id\":\"https:\/\/www.celttv.com.ar\/#organization\",\"name\":\"CELTTV\",\"url\":\"https:\/\/www.celttv.com.ar\/\",\"sameAs\":[\"https:\/\/www.youtube.com\/channel\/UCz_oIt8Hig64Ub-EmcNPIhg\",\"https:\/\/www.facebook.com\/celtTV\/\"],\"logo\":{\"@type\":\"ImageObject\",\"inLanguage\":\"es\",\"@id\":\"https:\/\/www.celttv.com.ar\/#\/schema\/logo\/image\/\",\"url\":\"http:\/\/www.celttv.com.ar\/wp-content\/uploads\/2022\/08\/logo-1.png\",\"contentUrl\":\"http:\/\/www.celttv.com.ar\/wp-content\/uploads\/2022\/08\/logo-1.png\",\"width\":461,\"height\":159,\"caption\":\"CELTTV\"},\"image\":{\"@id\":\"https:\/\/www.celttv.com.ar\/#\/schema\/logo\/image\/\"}},{\"@type\":\"Person\",\"@id\":\"https:\/\/www.celttv.com.ar\/#\/schema\/person\/6d99c072dba59953809c81446e9d0ace\",\"name\":\"ulises\",\"image\":{\"@type\":\"ImageObject\",\"inLanguage\":\"es\",\"@id\":\"https:\/\/www.celttv.com.ar\/#\/schema\/person\/image\/\",\"url\":\"https:\/\/secure.gravatar.com\/avatar\/7f2c48bdc33b30088f941fb6082e555f2874c98e20cb159d7b92b50eadfce793?s=96&d=mm&r=g\",\"contentUrl\":\"https:\/\/secure.gravatar.com\/avatar\/7f2c48bdc33b30088f941fb6082e555f2874c98e20cb159d7b92b50eadfce793?s=96&d=mm&r=g\",\"caption\":\"ulises\"},\"sameAs\":[\"http:\/\/www.celttv.com.ar\"]}]}<\/script>\n<!-- \/ Yoast SEO plugin. -->","yoast_head_json":{"title":"La Provincia firm\u00f3 convenios de asistencia financiera a municipios - CELTTV","description":"Sitio web de noticias de la localidad de Tornquist, provincia de Buenos Aires, Rep\u00fablica Argentina. Contenido propio originado por periodistas de CELTTV, el canal de TV local de la Cooperativa El\u00e9ctrica de Tornquist. Turismo, Pol\u00edtica, Sociedad, Deporte, Cultura y todo el contenido de inter\u00e9s general que la gente del pueblo y la regi\u00f3n debe conocer.","robots":{"index":"index","follow":"follow","max-snippet":"max-snippet:-1","max-image-preview":"max-image-preview:large","max-video-preview":"max-video-preview:-1"},"canonical":"https:\/\/www.celttv.com.ar\/index.php\/2020\/06\/16\/la-provincia-firmo-convenios-de-asistencia-financiera-a-municipios\/","og_locale":"es_ES","og_type":"article","og_title":"La Provincia firm\u00f3 convenios de asistencia financiera a municipios - CELTTV","og_description":"Sitio web de noticias de la localidad de Tornquist, provincia de Buenos Aires, Rep\u00fablica Argentina. Contenido propio originado por periodistas de CELTTV, el canal de TV local de la Cooperativa El\u00e9ctrica de Tornquist. Turismo, Pol\u00edtica, Sociedad, Deporte, Cultura y todo el contenido de inter\u00e9s general que la gente del pueblo y la regi\u00f3n debe conocer.","og_url":"https:\/\/www.celttv.com.ar\/index.php\/2020\/06\/16\/la-provincia-firmo-convenios-de-asistencia-financiera-a-municipios\/","og_site_name":"CELTTV","article_publisher":"https:\/\/www.facebook.com\/celtTV\/","article_published_time":"2020-06-16T18:44:59+00:00","og_image":[{"width":1229,"height":768,"url":"https:\/\/www.celttv.com.ar\/wp-content\/uploads\/2020\/06\/asist1-Medium.jpg","type":"image\/jpeg"}],"author":"ulises","twitter_card":"summary_large_image","twitter_misc":{"Escrito por":"ulises","Tiempo de lectura":"2 minutos"},"schema":{"@context":"https:\/\/schema.org","@graph":[{"@type":"NewsArticle","@id":"https:\/\/www.celttv.com.ar\/index.php\/2020\/06\/16\/la-provincia-firmo-convenios-de-asistencia-financiera-a-municipios\/#article","isPartOf":{"@id":"https:\/\/www.celttv.com.ar\/index.php\/2020\/06\/16\/la-provincia-firmo-convenios-de-asistencia-financiera-a-municipios\/"},"author":{"name":"ulises","@id":"https:\/\/www.celttv.com.ar\/#\/schema\/person\/6d99c072dba59953809c81446e9d0ace"},"headline":"La Provincia firm\u00f3 convenios de asistencia financiera a municipios","datePublished":"2020-06-16T18:44:59+00:00","dateModified":"2020-06-16T18:44:59+00:00","mainEntityOfPage":{"@id":"https:\/\/www.celttv.com.ar\/index.php\/2020\/06\/16\/la-provincia-firmo-convenios-de-asistencia-financiera-a-municipios\/"},"wordCount":499,"publisher":{"@id":"https:\/\/www.celttv.com.ar\/#organization"},"articleSection":["Comunidad","Destacadas"],"inLanguage":"es"},{"@type":"WebPage","@id":"https:\/\/www.celttv.com.ar\/index.php\/2020\/06\/16\/la-provincia-firmo-convenios-de-asistencia-financiera-a-municipios\/","url":"https:\/\/www.celttv.com.ar\/index.php\/2020\/06\/16\/la-provincia-firmo-convenios-de-asistencia-financiera-a-municipios\/","name":"La Provincia firm\u00f3 convenios de asistencia financiera a municipios - CELTTV","isPartOf":{"@id":"https:\/\/www.celttv.com.ar\/#website"},"datePublished":"2020-06-16T18:44:59+00:00","dateModified":"2020-06-16T18:44:59+00:00","description":"Sitio web de noticias de la localidad de Tornquist, provincia de Buenos Aires, Rep\u00fablica Argentina. Contenido propio originado por periodistas de CELTTV, el canal de TV local de la Cooperativa El\u00e9ctrica de Tornquist. Turismo, Pol\u00edtica, Sociedad, Deporte, Cultura y todo el contenido de inter\u00e9s general que la gente del pueblo y la regi\u00f3n debe conocer.","breadcrumb":{"@id":"https:\/\/www.celttv.com.ar\/index.php\/2020\/06\/16\/la-provincia-firmo-convenios-de-asistencia-financiera-a-municipios\/#breadcrumb"},"inLanguage":"es","potentialAction":[{"@type":"ReadAction","target":["https:\/\/www.celttv.com.ar\/index.php\/2020\/06\/16\/la-provincia-firmo-convenios-de-asistencia-financiera-a-municipios\/"]}]},{"@type":"BreadcrumbList","@id":"https:\/\/www.celttv.com.ar\/index.php\/2020\/06\/16\/la-provincia-firmo-convenios-de-asistencia-financiera-a-municipios\/#breadcrumb","itemListElement":[{"@type":"ListItem","position":1,"name":"Inicio","item":"https:\/\/www.celttv.com.ar\/"},{"@type":"ListItem","position":2,"name":"La Provincia firm\u00f3 convenios de asistencia financiera a municipios"}]},{"@type":"WebSite","@id":"https:\/\/www.celttv.com.ar\/#website","url":"https:\/\/www.celttv.com.ar\/","name":"CELTTV","description":"Cooperativa El\u00e9ctrica de Tornquist","publisher":{"@id":"https:\/\/www.celttv.com.ar\/#organization"},"potentialAction":[{"@type":"SearchAction","target":{"@type":"EntryPoint","urlTemplate":"https:\/\/www.celttv.com.ar\/?s={search_term_string}"},"query-input":"required name=search_term_string"}],"inLanguage":"es"},{"@type":"Organization","@id":"https:\/\/www.celttv.com.ar\/#organization","name":"CELTTV","url":"https:\/\/www.celttv.com.ar\/","sameAs":["https:\/\/www.youtube.com\/channel\/UCz_oIt8Hig64Ub-EmcNPIhg","https:\/\/www.facebook.com\/celtTV\/"],"logo":{"@type":"ImageObject","inLanguage":"es","@id":"https:\/\/www.celttv.com.ar\/#\/schema\/logo\/image\/","url":"http:\/\/www.celttv.com.ar\/wp-content\/uploads\/2022\/08\/logo-1.png","contentUrl":"http:\/\/www.celttv.com.ar\/wp-content\/uploads\/2022\/08\/logo-1.png","width":461,"height":159,"caption":"CELTTV"},"image":{"@id":"https:\/\/www.celttv.com.ar\/#\/schema\/logo\/image\/"}},{"@type":"Person","@id":"https:\/\/www.celttv.com.ar\/#\/schema\/person\/6d99c072dba59953809c81446e9d0ace","name":"ulises","image":{"@type":"ImageObject","inLanguage":"es","@id":"https:\/\/www.celttv.com.ar\/#\/schema\/person\/image\/","url":"https:\/\/secure.gravatar.com\/avatar\/7f2c48bdc33b30088f941fb6082e555f2874c98e20cb159d7b92b50eadfce793?s=96&d=mm&r=g","contentUrl":"https:\/\/secure.gravatar.com\/avatar\/7f2c48bdc33b30088f941fb6082e555f2874c98e20cb159d7b92b50eadfce793?s=96&d=mm&r=g","caption":"ulises"},"sameAs":["http:\/\/www.celttv.com.ar"]}]}},"_links":{"self":[{"href":"https:\/\/www.celttv.com.ar\/index.php\/wp-json\/wp\/v2\/posts\/49855","targetHints":{"allow":["GET"]}}],"collection":[{"href":"https:\/\/www.celttv.com.ar\/index.php\/wp-json\/wp\/v2\/posts"}],"about":[{"href":"https:\/\/www.celttv.com.ar\/index.php\/wp-json\/wp\/v2\/types\/post"}],"author":[{"embeddable":true,"href":"https:\/\/www.celttv.com.ar\/index.php\/wp-json\/wp\/v2\/users\/1"}],"replies":[{"embeddable":true,"href":"https:\/\/www.celttv.com.ar\/index.php\/wp-json\/wp\/v2\/comments?post=49855"}],"version-history":[{"count":0,"href":"https:\/\/www.celttv.com.ar\/index.php\/wp-json\/wp\/v2\/posts\/49855\/revisions"}],"wp:featuredmedia":[{"embeddable":true,"href":"https:\/\/www.celttv.com.ar\/index.php\/wp-json\/wp\/v2\/media\/49856"}],"wp:attachment":[{"href":"https:\/\/www.celttv.com.ar\/index.php\/wp-json\/wp\/v2\/media?parent=49855"}],"wp:term":[{"taxonomy":"category","embeddable":true,"href":"https:\/\/www.celttv.com.ar\/index.php\/wp-json\/wp\/v2\/categories?post=49855"},{"taxonomy":"post_tag","embeddable":true,"href":"https:\/\/www.celttv.com.ar\/index.php\/wp-json\/wp\/v2\/tags?post=49855"}],"curies":[{"name":"wp","href":"https:\/\/api.w.org\/{rel}","templated":true}]}}