{"id":49868,"date":"2020-06-16T21:21:46","date_gmt":"2020-06-16T21:21:46","guid":{"rendered":"http:\/\/www.celttv.com.ar\/?p=49868"},"modified":"2020-06-16T21:21:46","modified_gmt":"2020-06-16T21:21:46","slug":"buscan-crear-un-centro-de-asistencia-al-inquilino-en-la-provincia-de-buenos-aires","status":"publish","type":"post","link":"https:\/\/www.celttv.com.ar\/index.php\/2020\/06\/16\/buscan-crear-un-centro-de-asistencia-al-inquilino-en-la-provincia-de-buenos-aires\/","title":{"rendered":"BUSCAN CREAR UN CENTRO DE ASISTENCIA AL INQUILINO EN LA PROVINCIA DE BUENOS AIRES"},"content":{"rendered":"<p style=\"font-weight: 400;\"><em><a href=\"http:\/\/www.celttv.com.ar\/?attachment_id=49870\" rel=\"attachment wp-att-49870\"><img loading=\"lazy\" decoding=\"async\" class=\"alignleft size-full wp-image-49870\" src=\"http:\/\/www.celttv.com.ar\/wp-content\/uploads\/2020\/06\/ADL-3.jpeg\" alt=\"\" width=\"549\" height=\"385\" srcset=\"https:\/\/www.celttv.com.ar\/wp-content\/uploads\/2020\/06\/ADL-3.jpeg 549w, https:\/\/www.celttv.com.ar\/wp-content\/uploads\/2020\/06\/ADL-3-300x210.jpeg 300w\" sizes=\"auto, (max-width: 549px) 100vw, 549px\" \/><\/a>La iniciativa del senador Andr\u00e9s De Leo, de Juntos por el Cambio, prev\u00e9 que este centro asesore gratuitamente a los inquilinos, en lo que respecta a la relaci\u00f3n con el locador, al tiempo que crea una instancia de conciliaci\u00f3n optativa para la resoluci\u00f3n de controversias, entre otras cuestiones. Funcionar\u00eda\u00a0<\/em><em>en la \u00f3rbita del Ministerio de Desarrollo de la Comunidad, y buscar\u00eda as\u00ed evitar la instancia judicial, que es hoy en d\u00eda el \u00fanico medio existente.<\/em><\/p>\n<p style=\"font-weight: 400;\">Esta semana se present\u00f3 en la Legislatura un proyecto de Ley, autor\u00eda del senador provincial de Juntos por el Cambio, Andr\u00e9s De Leo, que establece la creaci\u00f3n de un Centro de Asistencia al Inquilino, que tendr\u00e1 como objetivo asesorar y orientar a los inquilinos de locaciones residenciales en el \u00e1mbito de la Provincia de Buenos Aires, a los fines de garantizar la efectiva tutela y cumplimiento de sus derechos.<\/p>\n<p style=\"font-weight: 400;\">Seg\u00fan el texto del proyecto, entre las funciones de este centro, estar\u00e1n la de asesorar gratuitamente a los inquilinos en lo que respecta a la relaci\u00f3n con el locador, ya sea propietario, inmobiliaria y\/o administraci\u00f3n de consorcio; atender y canalizar las consultas que presenten los inquilinos en t\u00e9rmino de la relaci\u00f3n locador-locatario; receptar los reclamos; promover la participaci\u00f3n de organizaciones y\/o asociaciones que nucleen inquilinos; crear una instancia de conciliaci\u00f3n optativa para la resoluci\u00f3n de controversias entre locador y locatario; y velar por la participaci\u00f3n del Estado provincial en la protecci\u00f3n de los derechos del inquilino.<\/p>\n<p style=\"font-weight: 400;\">Por otra parte, la misma iniciativa prev\u00e9 la creaci\u00f3n de un registro voluntario de inquilinos, con el objeto de implementar un nexo entre inquilinos y propietarios en cuanto a la recepci\u00f3n de ofertas de locaci\u00f3n, y asesoramiento y orientaci\u00f3n.<\/p>\n<p style=\"font-weight: 400;\">El senador De Leo se\u00f1al\u00f3 al respecto: \u201cconsideramos necesario contar con una oficina estatal que asesore gratuitamente a los locatarios a lo largo de su relaci\u00f3n contractual, para poder mediar en los diversos conflictos que se susciten y as\u00ed tender a una mayor equidad social\u201d.<\/p>\n<p style=\"font-weight: 400;\">\u201cActualmente se encuentran en vigencia varias medidas que se han instrumentado por v\u00eda de Decreto y por Leyes sancionadas, que ya est\u00e1n en funcionamiento, pero muchas de estas no son ampliamente conocidas por quienes alquilan una propiedad, quedando derechos sin respetarse, y posibilidades de paliar muchas situaciones de extrema sensibilidad, para quienes no pueden hoy responder a un alquiler\u201d, agreg\u00f3 el legislador.<\/p>\n<p style=\"font-weight: 400;\">En el mismo sentido, el senador bahiense se\u00f1alo que \u201csi bien no disponemos de datos actualizados al a\u00f1o 2020, considerando la falta de pol\u00edticas crediticias de f\u00e1cil acceso y la concentraci\u00f3n poblacional en las grandes ciudades, puede deducirse que el porcentaje de inquilinos crece a\u00f1o tras a\u00f1o.<\/p>\n<p style=\"font-weight: 400;\">\u201cAnte esto -continu\u00f3 De Leo-, el contexto de pandemia y la declaraci\u00f3n por parte del Poder Ejecutivo de las medidas de aislamiento social, preventivo y obligatorio, desde el 20 de marzo, prorrogado hasta el d\u00eda de la fecha, con el impacto en la econom\u00eda que signific\u00f3 y que va a significar, uno de los efectos es la posibilidad de que gran parte del universo de inquilinos no pueda cumplir con sus obligaciones\u201d.<\/p>\n<p style=\"font-weight: 400;\">\u201cDe esta manera, es com\u00fan que los inquilinos se vean obligados a aceptar y soportar destrato, abusos y perjuicios, ocasionados b\u00e1sicamente por la situaci\u00f3n de desigualdad en la que se encuentran\u201d.<\/p>\n<p style=\"font-weight: 400;\">\u201cPor eso es deber del Estado brindar alternativas para que las relaciones contractuales, entre propietarios e inquilinos, sean parejas y equitativas, considerando a su vez que la decisi\u00f3n de alquilar no es una elecci\u00f3n sino una necesidad\u201d, finaliz\u00f3 el senador de la Coalici\u00f3n C\u00edvica.<\/p>\n","protected":false},"excerpt":{"rendered":"<p>La iniciativa del senador Andr\u00e9s De Leo, de Juntos por el Cambio, prev\u00e9 que este centro asesore gratuitamente a los inquilinos, en lo que respecta a la relaci\u00f3n con el locador, al tiempo que crea una instancia de conciliaci\u00f3n optativa para la resoluci\u00f3n de controversias, entre otras cuestiones. Funcionar\u00eda\u00a0en la \u00f3rbita del Ministerio de Desarrollo [&hellip;]<\/p>\n","protected":false},"author":1,"featured_media":49870,"comment_status":"closed","ping_status":"open","sticky":false,"template":"","format":"standard","meta":{"footnotes":""},"categories":[51,52],"tags":[],"class_list":["post-49868","post","type-post","status-publish","format-standard","has-post-thumbnail","hentry","category-comunidad","category-destacadas"],"yoast_head":"<!-- This site is optimized with the Yoast SEO plugin v19.7.1 - https:\/\/yoast.com\/wordpress\/plugins\/seo\/ -->\n<title>BUSCAN CREAR UN CENTRO DE ASISTENCIA AL INQUILINO EN LA PROVINCIA DE BUENOS AIRES - CELTTV<\/title>\n<meta name=\"description\" content=\"Sitio web de noticias de la localidad de Tornquist, provincia de Buenos Aires, Rep\u00fablica Argentina. Contenido propio originado por periodistas de CELTTV, el canal de TV local de la Cooperativa El\u00e9ctrica de Tornquist. Turismo, Pol\u00edtica, Sociedad, Deporte, Cultura y todo el contenido de inter\u00e9s general que la gente del pueblo y la regi\u00f3n debe conocer.\" \/>\n<meta name=\"robots\" content=\"index, follow, max-snippet:-1, max-image-preview:large, max-video-preview:-1\" \/>\n<link rel=\"canonical\" href=\"https:\/\/www.celttv.com.ar\/index.php\/2020\/06\/16\/buscan-crear-un-centro-de-asistencia-al-inquilino-en-la-provincia-de-buenos-aires\/\" \/>\n<meta property=\"og:locale\" content=\"es_ES\" \/>\n<meta property=\"og:type\" content=\"article\" \/>\n<meta property=\"og:title\" content=\"BUSCAN CREAR UN CENTRO DE ASISTENCIA AL INQUILINO EN LA PROVINCIA DE BUENOS AIRES - CELTTV\" \/>\n<meta property=\"og:description\" content=\"Sitio web de noticias de la localidad de Tornquist, provincia de Buenos Aires, Rep\u00fablica Argentina. Contenido propio originado por periodistas de CELTTV, el canal de TV local de la Cooperativa El\u00e9ctrica de Tornquist. Turismo, Pol\u00edtica, Sociedad, Deporte, Cultura y todo el contenido de inter\u00e9s general que la gente del pueblo y la regi\u00f3n debe conocer.\" \/>\n<meta property=\"og:url\" content=\"https:\/\/www.celttv.com.ar\/index.php\/2020\/06\/16\/buscan-crear-un-centro-de-asistencia-al-inquilino-en-la-provincia-de-buenos-aires\/\" \/>\n<meta property=\"og:site_name\" content=\"CELTTV\" \/>\n<meta property=\"article:publisher\" content=\"https:\/\/www.facebook.com\/celtTV\/\" \/>\n<meta property=\"article:published_time\" content=\"2020-06-16T21:21:46+00:00\" \/>\n<meta property=\"og:image\" content=\"https:\/\/www.celttv.com.ar\/wp-content\/uploads\/2020\/06\/ADL-3.jpeg\" \/>\n\t<meta property=\"og:image:width\" content=\"549\" \/>\n\t<meta property=\"og:image:height\" content=\"385\" \/>\n\t<meta property=\"og:image:type\" content=\"image\/jpeg\" \/>\n<meta name=\"author\" content=\"ulises\" \/>\n<meta name=\"twitter:card\" content=\"summary_large_image\" \/>\n<meta name=\"twitter:label1\" content=\"Escrito por\" \/>\n\t<meta name=\"twitter:data1\" content=\"ulises\" \/>\n\t<meta name=\"twitter:label2\" content=\"Tiempo de lectura\" \/>\n\t<meta name=\"twitter:data2\" content=\"3 minutos\" \/>\n<script type=\"application\/ld+json\" class=\"yoast-schema-graph\">{\"@context\":\"https:\/\/schema.org\",\"@graph\":[{\"@type\":\"NewsArticle\",\"@id\":\"https:\/\/www.celttv.com.ar\/index.php\/2020\/06\/16\/buscan-crear-un-centro-de-asistencia-al-inquilino-en-la-provincia-de-buenos-aires\/#article\",\"isPartOf\":{\"@id\":\"https:\/\/www.celttv.com.ar\/index.php\/2020\/06\/16\/buscan-crear-un-centro-de-asistencia-al-inquilino-en-la-provincia-de-buenos-aires\/\"},\"author\":{\"name\":\"ulises\",\"@id\":\"https:\/\/www.celttv.com.ar\/#\/schema\/person\/6d99c072dba59953809c81446e9d0ace\"},\"headline\":\"BUSCAN CREAR UN CENTRO DE ASISTENCIA AL INQUILINO EN LA PROVINCIA DE BUENOS AIRES\",\"datePublished\":\"2020-06-16T21:21:46+00:00\",\"dateModified\":\"2020-06-16T21:21:46+00:00\",\"mainEntityOfPage\":{\"@id\":\"https:\/\/www.celttv.com.ar\/index.php\/2020\/06\/16\/buscan-crear-un-centro-de-asistencia-al-inquilino-en-la-provincia-de-buenos-aires\/\"},\"wordCount\":640,\"publisher\":{\"@id\":\"https:\/\/www.celttv.com.ar\/#organization\"},\"articleSection\":[\"Comunidad\",\"Destacadas\"],\"inLanguage\":\"es\"},{\"@type\":\"WebPage\",\"@id\":\"https:\/\/www.celttv.com.ar\/index.php\/2020\/06\/16\/buscan-crear-un-centro-de-asistencia-al-inquilino-en-la-provincia-de-buenos-aires\/\",\"url\":\"https:\/\/www.celttv.com.ar\/index.php\/2020\/06\/16\/buscan-crear-un-centro-de-asistencia-al-inquilino-en-la-provincia-de-buenos-aires\/\",\"name\":\"BUSCAN CREAR UN CENTRO DE ASISTENCIA AL INQUILINO EN LA PROVINCIA DE BUENOS AIRES - CELTTV\",\"isPartOf\":{\"@id\":\"https:\/\/www.celttv.com.ar\/#website\"},\"datePublished\":\"2020-06-16T21:21:46+00:00\",\"dateModified\":\"2020-06-16T21:21:46+00:00\",\"description\":\"Sitio web de noticias de la localidad de Tornquist, provincia de Buenos Aires, Rep\u00fablica Argentina. Contenido propio originado por periodistas de CELTTV, el canal de TV local de la Cooperativa El\u00e9ctrica de Tornquist. Turismo, Pol\u00edtica, Sociedad, Deporte, Cultura y todo el contenido de inter\u00e9s general que la gente del pueblo y la regi\u00f3n debe conocer.\",\"breadcrumb\":{\"@id\":\"https:\/\/www.celttv.com.ar\/index.php\/2020\/06\/16\/buscan-crear-un-centro-de-asistencia-al-inquilino-en-la-provincia-de-buenos-aires\/#breadcrumb\"},\"inLanguage\":\"es\",\"potentialAction\":[{\"@type\":\"ReadAction\",\"target\":[\"https:\/\/www.celttv.com.ar\/index.php\/2020\/06\/16\/buscan-crear-un-centro-de-asistencia-al-inquilino-en-la-provincia-de-buenos-aires\/\"]}]},{\"@type\":\"BreadcrumbList\",\"@id\":\"https:\/\/www.celttv.com.ar\/index.php\/2020\/06\/16\/buscan-crear-un-centro-de-asistencia-al-inquilino-en-la-provincia-de-buenos-aires\/#breadcrumb\",\"itemListElement\":[{\"@type\":\"ListItem\",\"position\":1,\"name\":\"Inicio\",\"item\":\"https:\/\/www.celttv.com.ar\/\"},{\"@type\":\"ListItem\",\"position\":2,\"name\":\"BUSCAN CREAR UN CENTRO DE ASISTENCIA AL INQUILINO EN LA PROVINCIA DE BUENOS AIRES\"}]},{\"@type\":\"WebSite\",\"@id\":\"https:\/\/www.celttv.com.ar\/#website\",\"url\":\"https:\/\/www.celttv.com.ar\/\",\"name\":\"CELTTV\",\"description\":\"Cooperativa El\u00e9ctrica de Tornquist\",\"publisher\":{\"@id\":\"https:\/\/www.celttv.com.ar\/#organization\"},\"potentialAction\":[{\"@type\":\"SearchAction\",\"target\":{\"@type\":\"EntryPoint\",\"urlTemplate\":\"https:\/\/www.celttv.com.ar\/?s={search_term_string}\"},\"query-input\":\"required name=search_term_string\"}],\"inLanguage\":\"es\"},{\"@type\":\"Organization\",\"@id\":\"https:\/\/www.celttv.com.ar\/#organization\",\"name\":\"CELTTV\",\"url\":\"https:\/\/www.celttv.com.ar\/\",\"sameAs\":[\"https:\/\/www.youtube.com\/channel\/UCz_oIt8Hig64Ub-EmcNPIhg\",\"https:\/\/www.facebook.com\/celtTV\/\"],\"logo\":{\"@type\":\"ImageObject\",\"inLanguage\":\"es\",\"@id\":\"https:\/\/www.celttv.com.ar\/#\/schema\/logo\/image\/\",\"url\":\"http:\/\/www.celttv.com.ar\/wp-content\/uploads\/2022\/08\/logo-1.png\",\"contentUrl\":\"http:\/\/www.celttv.com.ar\/wp-content\/uploads\/2022\/08\/logo-1.png\",\"width\":461,\"height\":159,\"caption\":\"CELTTV\"},\"image\":{\"@id\":\"https:\/\/www.celttv.com.ar\/#\/schema\/logo\/image\/\"}},{\"@type\":\"Person\",\"@id\":\"https:\/\/www.celttv.com.ar\/#\/schema\/person\/6d99c072dba59953809c81446e9d0ace\",\"name\":\"ulises\",\"image\":{\"@type\":\"ImageObject\",\"inLanguage\":\"es\",\"@id\":\"https:\/\/www.celttv.com.ar\/#\/schema\/person\/image\/\",\"url\":\"https:\/\/secure.gravatar.com\/avatar\/7f2c48bdc33b30088f941fb6082e555f2874c98e20cb159d7b92b50eadfce793?s=96&d=mm&r=g\",\"contentUrl\":\"https:\/\/secure.gravatar.com\/avatar\/7f2c48bdc33b30088f941fb6082e555f2874c98e20cb159d7b92b50eadfce793?s=96&d=mm&r=g\",\"caption\":\"ulises\"},\"sameAs\":[\"http:\/\/www.celttv.com.ar\"]}]}<\/script>\n<!-- \/ Yoast SEO plugin. -->","yoast_head_json":{"title":"BUSCAN CREAR UN CENTRO DE ASISTENCIA AL INQUILINO EN LA PROVINCIA DE BUENOS AIRES - CELTTV","description":"Sitio web de noticias de la localidad de Tornquist, provincia de Buenos Aires, Rep\u00fablica Argentina. Contenido propio originado por periodistas de CELTTV, el canal de TV local de la Cooperativa El\u00e9ctrica de Tornquist. Turismo, Pol\u00edtica, Sociedad, Deporte, Cultura y todo el contenido de inter\u00e9s general que la gente del pueblo y la regi\u00f3n debe conocer.","robots":{"index":"index","follow":"follow","max-snippet":"max-snippet:-1","max-image-preview":"max-image-preview:large","max-video-preview":"max-video-preview:-1"},"canonical":"https:\/\/www.celttv.com.ar\/index.php\/2020\/06\/16\/buscan-crear-un-centro-de-asistencia-al-inquilino-en-la-provincia-de-buenos-aires\/","og_locale":"es_ES","og_type":"article","og_title":"BUSCAN CREAR UN CENTRO DE ASISTENCIA AL INQUILINO EN LA PROVINCIA DE BUENOS AIRES - CELTTV","og_description":"Sitio web de noticias de la localidad de Tornquist, provincia de Buenos Aires, Rep\u00fablica Argentina. Contenido propio originado por periodistas de CELTTV, el canal de TV local de la Cooperativa El\u00e9ctrica de Tornquist. Turismo, Pol\u00edtica, Sociedad, Deporte, Cultura y todo el contenido de inter\u00e9s general que la gente del pueblo y la regi\u00f3n debe conocer.","og_url":"https:\/\/www.celttv.com.ar\/index.php\/2020\/06\/16\/buscan-crear-un-centro-de-asistencia-al-inquilino-en-la-provincia-de-buenos-aires\/","og_site_name":"CELTTV","article_publisher":"https:\/\/www.facebook.com\/celtTV\/","article_published_time":"2020-06-16T21:21:46+00:00","og_image":[{"width":549,"height":385,"url":"https:\/\/www.celttv.com.ar\/wp-content\/uploads\/2020\/06\/ADL-3.jpeg","type":"image\/jpeg"}],"author":"ulises","twitter_card":"summary_large_image","twitter_misc":{"Escrito por":"ulises","Tiempo de lectura":"3 minutos"},"schema":{"@context":"https:\/\/schema.org","@graph":[{"@type":"NewsArticle","@id":"https:\/\/www.celttv.com.ar\/index.php\/2020\/06\/16\/buscan-crear-un-centro-de-asistencia-al-inquilino-en-la-provincia-de-buenos-aires\/#article","isPartOf":{"@id":"https:\/\/www.celttv.com.ar\/index.php\/2020\/06\/16\/buscan-crear-un-centro-de-asistencia-al-inquilino-en-la-provincia-de-buenos-aires\/"},"author":{"name":"ulises","@id":"https:\/\/www.celttv.com.ar\/#\/schema\/person\/6d99c072dba59953809c81446e9d0ace"},"headline":"BUSCAN CREAR UN CENTRO DE ASISTENCIA AL INQUILINO EN LA PROVINCIA DE BUENOS AIRES","datePublished":"2020-06-16T21:21:46+00:00","dateModified":"2020-06-16T21:21:46+00:00","mainEntityOfPage":{"@id":"https:\/\/www.celttv.com.ar\/index.php\/2020\/06\/16\/buscan-crear-un-centro-de-asistencia-al-inquilino-en-la-provincia-de-buenos-aires\/"},"wordCount":640,"publisher":{"@id":"https:\/\/www.celttv.com.ar\/#organization"},"articleSection":["Comunidad","Destacadas"],"inLanguage":"es"},{"@type":"WebPage","@id":"https:\/\/www.celttv.com.ar\/index.php\/2020\/06\/16\/buscan-crear-un-centro-de-asistencia-al-inquilino-en-la-provincia-de-buenos-aires\/","url":"https:\/\/www.celttv.com.ar\/index.php\/2020\/06\/16\/buscan-crear-un-centro-de-asistencia-al-inquilino-en-la-provincia-de-buenos-aires\/","name":"BUSCAN CREAR UN CENTRO DE ASISTENCIA AL INQUILINO EN LA PROVINCIA DE BUENOS AIRES - CELTTV","isPartOf":{"@id":"https:\/\/www.celttv.com.ar\/#website"},"datePublished":"2020-06-16T21:21:46+00:00","dateModified":"2020-06-16T21:21:46+00:00","description":"Sitio web de noticias de la localidad de Tornquist, provincia de Buenos Aires, Rep\u00fablica Argentina. Contenido propio originado por periodistas de CELTTV, el canal de TV local de la Cooperativa El\u00e9ctrica de Tornquist. Turismo, Pol\u00edtica, Sociedad, Deporte, Cultura y todo el contenido de inter\u00e9s general que la gente del pueblo y la regi\u00f3n debe conocer.","breadcrumb":{"@id":"https:\/\/www.celttv.com.ar\/index.php\/2020\/06\/16\/buscan-crear-un-centro-de-asistencia-al-inquilino-en-la-provincia-de-buenos-aires\/#breadcrumb"},"inLanguage":"es","potentialAction":[{"@type":"ReadAction","target":["https:\/\/www.celttv.com.ar\/index.php\/2020\/06\/16\/buscan-crear-un-centro-de-asistencia-al-inquilino-en-la-provincia-de-buenos-aires\/"]}]},{"@type":"BreadcrumbList","@id":"https:\/\/www.celttv.com.ar\/index.php\/2020\/06\/16\/buscan-crear-un-centro-de-asistencia-al-inquilino-en-la-provincia-de-buenos-aires\/#breadcrumb","itemListElement":[{"@type":"ListItem","position":1,"name":"Inicio","item":"https:\/\/www.celttv.com.ar\/"},{"@type":"ListItem","position":2,"name":"BUSCAN CREAR UN CENTRO DE ASISTENCIA AL INQUILINO EN LA PROVINCIA DE BUENOS AIRES"}]},{"@type":"WebSite","@id":"https:\/\/www.celttv.com.ar\/#website","url":"https:\/\/www.celttv.com.ar\/","name":"CELTTV","description":"Cooperativa El\u00e9ctrica de Tornquist","publisher":{"@id":"https:\/\/www.celttv.com.ar\/#organization"},"potentialAction":[{"@type":"SearchAction","target":{"@type":"EntryPoint","urlTemplate":"https:\/\/www.celttv.com.ar\/?s={search_term_string}"},"query-input":"required name=search_term_string"}],"inLanguage":"es"},{"@type":"Organization","@id":"https:\/\/www.celttv.com.ar\/#organization","name":"CELTTV","url":"https:\/\/www.celttv.com.ar\/","sameAs":["https:\/\/www.youtube.com\/channel\/UCz_oIt8Hig64Ub-EmcNPIhg","https:\/\/www.facebook.com\/celtTV\/"],"logo":{"@type":"ImageObject","inLanguage":"es","@id":"https:\/\/www.celttv.com.ar\/#\/schema\/logo\/image\/","url":"http:\/\/www.celttv.com.ar\/wp-content\/uploads\/2022\/08\/logo-1.png","contentUrl":"http:\/\/www.celttv.com.ar\/wp-content\/uploads\/2022\/08\/logo-1.png","width":461,"height":159,"caption":"CELTTV"},"image":{"@id":"https:\/\/www.celttv.com.ar\/#\/schema\/logo\/image\/"}},{"@type":"Person","@id":"https:\/\/www.celttv.com.ar\/#\/schema\/person\/6d99c072dba59953809c81446e9d0ace","name":"ulises","image":{"@type":"ImageObject","inLanguage":"es","@id":"https:\/\/www.celttv.com.ar\/#\/schema\/person\/image\/","url":"https:\/\/secure.gravatar.com\/avatar\/7f2c48bdc33b30088f941fb6082e555f2874c98e20cb159d7b92b50eadfce793?s=96&d=mm&r=g","contentUrl":"https:\/\/secure.gravatar.com\/avatar\/7f2c48bdc33b30088f941fb6082e555f2874c98e20cb159d7b92b50eadfce793?s=96&d=mm&r=g","caption":"ulises"},"sameAs":["http:\/\/www.celttv.com.ar"]}]}},"_links":{"self":[{"href":"https:\/\/www.celttv.com.ar\/index.php\/wp-json\/wp\/v2\/posts\/49868","targetHints":{"allow":["GET"]}}],"collection":[{"href":"https:\/\/www.celttv.com.ar\/index.php\/wp-json\/wp\/v2\/posts"}],"about":[{"href":"https:\/\/www.celttv.com.ar\/index.php\/wp-json\/wp\/v2\/types\/post"}],"author":[{"embeddable":true,"href":"https:\/\/www.celttv.com.ar\/index.php\/wp-json\/wp\/v2\/users\/1"}],"replies":[{"embeddable":true,"href":"https:\/\/www.celttv.com.ar\/index.php\/wp-json\/wp\/v2\/comments?post=49868"}],"version-history":[{"count":0,"href":"https:\/\/www.celttv.com.ar\/index.php\/wp-json\/wp\/v2\/posts\/49868\/revisions"}],"wp:featuredmedia":[{"embeddable":true,"href":"https:\/\/www.celttv.com.ar\/index.php\/wp-json\/wp\/v2\/media\/49870"}],"wp:attachment":[{"href":"https:\/\/www.celttv.com.ar\/index.php\/wp-json\/wp\/v2\/media?parent=49868"}],"wp:term":[{"taxonomy":"category","embeddable":true,"href":"https:\/\/www.celttv.com.ar\/index.php\/wp-json\/wp\/v2\/categories?post=49868"},{"taxonomy":"post_tag","embeddable":true,"href":"https:\/\/www.celttv.com.ar\/index.php\/wp-json\/wp\/v2\/tags?post=49868"}],"curies":[{"name":"wp","href":"https:\/\/api.w.org\/{rel}","templated":true}]}}