{"id":49986,"date":"2020-06-19T23:08:11","date_gmt":"2020-06-19T23:08:11","guid":{"rendered":"http:\/\/www.celttv.com.ar\/?p=49986"},"modified":"2020-06-19T23:08:11","modified_gmt":"2020-06-19T23:08:11","slug":"los-establecimientos-educativos-de-tornquist-ornamentaron-sus-edificios","status":"publish","type":"post","link":"https:\/\/www.celttv.com.ar\/index.php\/2020\/06\/19\/los-establecimientos-educativos-de-tornquist-ornamentaron-sus-edificios\/","title":{"rendered":"Los establecimientos educativos de Tornquist ornamentaron sus edificios"},"content":{"rendered":"<p>Los establecimientos educativos de Tornquist se preparan para conmemorar el Bicentenario del fallecimiento de Don Manuel Belgrano.<\/p>\n<p>Por ese motivo, directivos, docentes, padres y alumnos, ornamentaron los jardines de infantes y escuelas con los colores de nuestra bandera.<\/p>\n<p>CELTTV NOTICIAS realiz\u00f3 un recorrido por dichos establecimientos.<\/p>\n<div class=\"jeg_video_container jeg_video_content\"><iframe loading=\"lazy\" title=\"2020 06 19 IMAGENES ESCUELAS 2\" width=\"500\" height=\"281\" src=\"https:\/\/www.youtube.com\/embed\/KSCJtFFXV5c?feature=oembed\" frameborder=\"0\" allow=\"accelerometer; autoplay; clipboard-write; encrypted-media; gyroscope; picture-in-picture; web-share\" referrerpolicy=\"strict-origin-when-cross-origin\" allowfullscreen><\/iframe><\/div>\n<p><a href=\"http:\/\/www.celttv.com.ar\/?attachment_id=49996\" rel=\"attachment wp-att-49996\"><img loading=\"lazy\" decoding=\"async\" class=\"alignleft size-full wp-image-49996\" src=\"http:\/\/www.celttv.com.ar\/wp-content\/uploads\/2020\/06\/dc22f7f2-b2c0-4da6-9ca0-3a37753dfafe.jpg\" alt=\"\" width=\"700\" height=\"378\" srcset=\"https:\/\/www.celttv.com.ar\/wp-content\/uploads\/2020\/06\/dc22f7f2-b2c0-4da6-9ca0-3a37753dfafe.jpg 700w, https:\/\/www.celttv.com.ar\/wp-content\/uploads\/2020\/06\/dc22f7f2-b2c0-4da6-9ca0-3a37753dfafe-300x162.jpg 300w\" sizes=\"auto, (max-width: 700px) 100vw, 700px\" \/><\/a> <a href=\"http:\/\/www.celttv.com.ar\/?attachment_id=49995\" rel=\"attachment wp-att-49995\"><img loading=\"lazy\" decoding=\"async\" class=\"alignleft size-full wp-image-49995\" src=\"http:\/\/www.celttv.com.ar\/wp-content\/uploads\/2020\/06\/c9e51aeb-64cd-4a85-b36f-fc2e74109d73.jpg\" alt=\"\" width=\"784\" height=\"393\" srcset=\"https:\/\/www.celttv.com.ar\/wp-content\/uploads\/2020\/06\/c9e51aeb-64cd-4a85-b36f-fc2e74109d73.jpg 784w, https:\/\/www.celttv.com.ar\/wp-content\/uploads\/2020\/06\/c9e51aeb-64cd-4a85-b36f-fc2e74109d73-300x150.jpg 300w, https:\/\/www.celttv.com.ar\/wp-content\/uploads\/2020\/06\/c9e51aeb-64cd-4a85-b36f-fc2e74109d73-768x385.jpg 768w, https:\/\/www.celttv.com.ar\/wp-content\/uploads\/2020\/06\/c9e51aeb-64cd-4a85-b36f-fc2e74109d73-360x180.jpg 360w, https:\/\/www.celttv.com.ar\/wp-content\/uploads\/2020\/06\/c9e51aeb-64cd-4a85-b36f-fc2e74109d73-750x376.jpg 750w\" sizes=\"auto, (max-width: 784px) 100vw, 784px\" \/><\/a> <a href=\"http:\/\/www.celttv.com.ar\/?attachment_id=49994\" rel=\"attachment wp-att-49994\"><img loading=\"lazy\" decoding=\"async\" class=\"alignleft size-full wp-image-49994\" src=\"http:\/\/www.celttv.com.ar\/wp-content\/uploads\/2020\/06\/be636f45-097d-43d8-92f4-7f536a25ef66.jpg\" alt=\"\" width=\"793\" height=\"402\" srcset=\"https:\/\/www.celttv.com.ar\/wp-content\/uploads\/2020\/06\/be636f45-097d-43d8-92f4-7f536a25ef66.jpg 793w, https:\/\/www.celttv.com.ar\/wp-content\/uploads\/2020\/06\/be636f45-097d-43d8-92f4-7f536a25ef66-300x152.jpg 300w, https:\/\/www.celttv.com.ar\/wp-content\/uploads\/2020\/06\/be636f45-097d-43d8-92f4-7f536a25ef66-768x389.jpg 768w, https:\/\/www.celttv.com.ar\/wp-content\/uploads\/2020\/06\/be636f45-097d-43d8-92f4-7f536a25ef66-750x380.jpg 750w\" sizes=\"auto, (max-width: 793px) 100vw, 793px\" \/><\/a> <a href=\"http:\/\/www.celttv.com.ar\/?attachment_id=49993\" rel=\"attachment wp-att-49993\"><img loading=\"lazy\" decoding=\"async\" class=\"alignleft size-full wp-image-49993\" src=\"http:\/\/www.celttv.com.ar\/wp-content\/uploads\/2020\/06\/b7224beb-2312-46c2-b771-b644374e5b7e.jpg\" alt=\"\" width=\"574\" height=\"327\" srcset=\"https:\/\/www.celttv.com.ar\/wp-content\/uploads\/2020\/06\/b7224beb-2312-46c2-b771-b644374e5b7e.jpg 574w, https:\/\/www.celttv.com.ar\/wp-content\/uploads\/2020\/06\/b7224beb-2312-46c2-b771-b644374e5b7e-300x171.jpg 300w\" sizes=\"auto, (max-width: 574px) 100vw, 574px\" \/><\/a> <a href=\"http:\/\/www.celttv.com.ar\/?attachment_id=49992\" rel=\"attachment wp-att-49992\"><img loading=\"lazy\" decoding=\"async\" class=\"alignleft size-full wp-image-49992\" src=\"http:\/\/www.celttv.com.ar\/wp-content\/uploads\/2020\/06\/a7f0e875-45db-439a-88ca-664cca56ea0a.jpg\" alt=\"\" width=\"796\" height=\"402\" srcset=\"https:\/\/www.celttv.com.ar\/wp-content\/uploads\/2020\/06\/a7f0e875-45db-439a-88ca-664cca56ea0a.jpg 796w, https:\/\/www.celttv.com.ar\/wp-content\/uploads\/2020\/06\/a7f0e875-45db-439a-88ca-664cca56ea0a-300x152.jpg 300w, https:\/\/www.celttv.com.ar\/wp-content\/uploads\/2020\/06\/a7f0e875-45db-439a-88ca-664cca56ea0a-768x388.jpg 768w, https:\/\/www.celttv.com.ar\/wp-content\/uploads\/2020\/06\/a7f0e875-45db-439a-88ca-664cca56ea0a-750x379.jpg 750w\" sizes=\"auto, (max-width: 796px) 100vw, 796px\" \/><\/a> <a href=\"http:\/\/www.celttv.com.ar\/?attachment_id=49991\" rel=\"attachment wp-att-49991\"><img loading=\"lazy\" decoding=\"async\" class=\"alignleft size-full wp-image-49991\" src=\"http:\/\/www.celttv.com.ar\/wp-content\/uploads\/2020\/06\/30493289-b14d-4de1-b850-187c88f7bf2f.jpg\" alt=\"\" width=\"799\" height=\"408\" srcset=\"https:\/\/www.celttv.com.ar\/wp-content\/uploads\/2020\/06\/30493289-b14d-4de1-b850-187c88f7bf2f.jpg 799w, https:\/\/www.celttv.com.ar\/wp-content\/uploads\/2020\/06\/30493289-b14d-4de1-b850-187c88f7bf2f-300x153.jpg 300w, https:\/\/www.celttv.com.ar\/wp-content\/uploads\/2020\/06\/30493289-b14d-4de1-b850-187c88f7bf2f-768x392.jpg 768w, https:\/\/www.celttv.com.ar\/wp-content\/uploads\/2020\/06\/30493289-b14d-4de1-b850-187c88f7bf2f-750x383.jpg 750w\" sizes=\"auto, (max-width: 799px) 100vw, 799px\" \/><\/a> <a href=\"http:\/\/www.celttv.com.ar\/?attachment_id=49990\" rel=\"attachment wp-att-49990\"><img loading=\"lazy\" decoding=\"async\" class=\"alignleft size-full wp-image-49990\" src=\"http:\/\/www.celttv.com.ar\/wp-content\/uploads\/2020\/06\/552a6c06-cd9e-4958-a30c-12de240dd47e.jpg\" alt=\"\" width=\"676\" height=\"399\" srcset=\"https:\/\/www.celttv.com.ar\/wp-content\/uploads\/2020\/06\/552a6c06-cd9e-4958-a30c-12de240dd47e.jpg 676w, https:\/\/www.celttv.com.ar\/wp-content\/uploads\/2020\/06\/552a6c06-cd9e-4958-a30c-12de240dd47e-300x177.jpg 300w\" sizes=\"auto, (max-width: 676px) 100vw, 676px\" \/><\/a> <a href=\"http:\/\/www.celttv.com.ar\/?attachment_id=49989\" rel=\"attachment wp-att-49989\"><img loading=\"lazy\" decoding=\"async\" class=\"alignleft size-full wp-image-49989\" src=\"http:\/\/www.celttv.com.ar\/wp-content\/uploads\/2020\/06\/66e46a96-9fe3-449a-b4b7-b60928836e6d.jpg\" alt=\"\" width=\"796\" height=\"399\" srcset=\"https:\/\/www.celttv.com.ar\/wp-content\/uploads\/2020\/06\/66e46a96-9fe3-449a-b4b7-b60928836e6d.jpg 796w, https:\/\/www.celttv.com.ar\/wp-content\/uploads\/2020\/06\/66e46a96-9fe3-449a-b4b7-b60928836e6d-300x150.jpg 300w, https:\/\/www.celttv.com.ar\/wp-content\/uploads\/2020\/06\/66e46a96-9fe3-449a-b4b7-b60928836e6d-768x385.jpg 768w, https:\/\/www.celttv.com.ar\/wp-content\/uploads\/2020\/06\/66e46a96-9fe3-449a-b4b7-b60928836e6d-360x180.jpg 360w, https:\/\/www.celttv.com.ar\/wp-content\/uploads\/2020\/06\/66e46a96-9fe3-449a-b4b7-b60928836e6d-750x376.jpg 750w\" sizes=\"auto, (max-width: 796px) 100vw, 796px\" \/><\/a> <a href=\"http:\/\/www.celttv.com.ar\/?attachment_id=49988\" rel=\"attachment wp-att-49988\"><img loading=\"lazy\" decoding=\"async\" class=\"alignleft size-full wp-image-49988\" src=\"http:\/\/www.celttv.com.ar\/wp-content\/uploads\/2020\/06\/35d1fd4f-75dd-46fb-b004-e6256d15f305.jpg\" alt=\"\" width=\"706\" height=\"396\" srcset=\"https:\/\/www.celttv.com.ar\/wp-content\/uploads\/2020\/06\/35d1fd4f-75dd-46fb-b004-e6256d15f305.jpg 706w, https:\/\/www.celttv.com.ar\/wp-content\/uploads\/2020\/06\/35d1fd4f-75dd-46fb-b004-e6256d15f305-300x168.jpg 300w\" sizes=\"auto, (max-width: 706px) 100vw, 706px\" \/><\/a> <a href=\"http:\/\/www.celttv.com.ar\/?attachment_id=49987\" rel=\"attachment wp-att-49987\"><img loading=\"lazy\" decoding=\"async\" class=\"alignleft size-full wp-image-49987\" src=\"http:\/\/www.celttv.com.ar\/wp-content\/uploads\/2020\/06\/2aa22226-daf6-401b-a9f9-fe7845101a65.jpg\" alt=\"\" width=\"661\" height=\"363\" srcset=\"https:\/\/www.celttv.com.ar\/wp-content\/uploads\/2020\/06\/2aa22226-daf6-401b-a9f9-fe7845101a65.jpg 661w, https:\/\/www.celttv.com.ar\/wp-content\/uploads\/2020\/06\/2aa22226-daf6-401b-a9f9-fe7845101a65-300x165.jpg 300w\" sizes=\"auto, (max-width: 661px) 100vw, 661px\" \/><\/a><\/p>\n<p>&nbsp;<\/p>\n<p>&nbsp;<\/p>\n","protected":false},"excerpt":{"rendered":"<p>Los establecimientos educativos de Tornquist se preparan para conmemorar el Bicentenario del fallecimiento de Don Manuel Belgrano. Por ese motivo, directivos, docentes, padres y alumnos, ornamentaron los jardines de infantes y escuelas con los colores de nuestra bandera. CELTTV NOTICIAS realiz\u00f3 un recorrido por dichos establecimientos. &nbsp; &nbsp;<\/p>\n","protected":false},"author":1,"featured_media":49995,"comment_status":"closed","ping_status":"open","sticky":false,"template":"","format":"standard","meta":{"footnotes":""},"categories":[55,51,52],"tags":[],"class_list":["post-49986","post","type-post","status-publish","format-standard","has-post-thumbnail","hentry","category-celt-tv-noticias","category-comunidad","category-destacadas"],"yoast_head":"<!-- This site is optimized with the Yoast SEO plugin v19.7.1 - https:\/\/yoast.com\/wordpress\/plugins\/seo\/ -->\n<title>Los establecimientos educativos de Tornquist ornamentaron sus edificios - CELTTV<\/title>\n<meta name=\"description\" content=\"Sitio web de noticias de la localidad de Tornquist, provincia de Buenos Aires, Rep\u00fablica Argentina. Contenido propio originado por periodistas de CELTTV, el canal de TV local de la Cooperativa El\u00e9ctrica de Tornquist. Turismo, Pol\u00edtica, Sociedad, Deporte, Cultura y todo el contenido de inter\u00e9s general que la gente del pueblo y la regi\u00f3n debe conocer.\" \/>\n<meta name=\"robots\" content=\"index, follow, max-snippet:-1, max-image-preview:large, max-video-preview:-1\" \/>\n<link rel=\"canonical\" href=\"https:\/\/www.celttv.com.ar\/index.php\/2020\/06\/19\/los-establecimientos-educativos-de-tornquist-ornamentaron-sus-edificios\/\" \/>\n<meta property=\"og:locale\" content=\"es_ES\" \/>\n<meta property=\"og:type\" content=\"article\" \/>\n<meta property=\"og:title\" content=\"Los establecimientos educativos de Tornquist ornamentaron sus edificios - CELTTV\" \/>\n<meta property=\"og:description\" content=\"Sitio web de noticias de la localidad de Tornquist, provincia de Buenos Aires, Rep\u00fablica Argentina. Contenido propio originado por periodistas de CELTTV, el canal de TV local de la Cooperativa El\u00e9ctrica de Tornquist. Turismo, Pol\u00edtica, Sociedad, Deporte, Cultura y todo el contenido de inter\u00e9s general que la gente del pueblo y la regi\u00f3n debe conocer.\" \/>\n<meta property=\"og:url\" content=\"https:\/\/www.celttv.com.ar\/index.php\/2020\/06\/19\/los-establecimientos-educativos-de-tornquist-ornamentaron-sus-edificios\/\" \/>\n<meta property=\"og:site_name\" content=\"CELTTV\" \/>\n<meta property=\"article:publisher\" content=\"https:\/\/www.facebook.com\/celtTV\/\" \/>\n<meta property=\"article:published_time\" content=\"2020-06-19T23:08:11+00:00\" \/>\n<meta property=\"og:image\" content=\"https:\/\/www.celttv.com.ar\/wp-content\/uploads\/2020\/06\/c9e51aeb-64cd-4a85-b36f-fc2e74109d73.jpg\" \/>\n\t<meta property=\"og:image:width\" content=\"784\" \/>\n\t<meta property=\"og:image:height\" content=\"393\" \/>\n\t<meta property=\"og:image:type\" content=\"image\/jpeg\" \/>\n<meta name=\"author\" content=\"ulises\" \/>\n<meta name=\"twitter:card\" content=\"summary_large_image\" \/>\n<meta name=\"twitter:label1\" content=\"Escrito por\" \/>\n\t<meta name=\"twitter:data1\" content=\"ulises\" \/>\n<script type=\"application\/ld+json\" class=\"yoast-schema-graph\">{\"@context\":\"https:\/\/schema.org\",\"@graph\":[{\"@type\":\"NewsArticle\",\"@id\":\"https:\/\/www.celttv.com.ar\/index.php\/2020\/06\/19\/los-establecimientos-educativos-de-tornquist-ornamentaron-sus-edificios\/#article\",\"isPartOf\":{\"@id\":\"https:\/\/www.celttv.com.ar\/index.php\/2020\/06\/19\/los-establecimientos-educativos-de-tornquist-ornamentaron-sus-edificios\/\"},\"author\":{\"name\":\"ulises\",\"@id\":\"https:\/\/www.celttv.com.ar\/#\/schema\/person\/6d99c072dba59953809c81446e9d0ace\"},\"headline\":\"Los establecimientos educativos de Tornquist ornamentaron sus edificios\",\"datePublished\":\"2020-06-19T23:08:11+00:00\",\"dateModified\":\"2020-06-19T23:08:11+00:00\",\"mainEntityOfPage\":{\"@id\":\"https:\/\/www.celttv.com.ar\/index.php\/2020\/06\/19\/los-establecimientos-educativos-de-tornquist-ornamentaron-sus-edificios\/\"},\"wordCount\":64,\"publisher\":{\"@id\":\"https:\/\/www.celttv.com.ar\/#organization\"},\"articleSection\":[\"Celt TV Noticias\",\"Comunidad\",\"Destacadas\"],\"inLanguage\":\"es\"},{\"@type\":\"WebPage\",\"@id\":\"https:\/\/www.celttv.com.ar\/index.php\/2020\/06\/19\/los-establecimientos-educativos-de-tornquist-ornamentaron-sus-edificios\/\",\"url\":\"https:\/\/www.celttv.com.ar\/index.php\/2020\/06\/19\/los-establecimientos-educativos-de-tornquist-ornamentaron-sus-edificios\/\",\"name\":\"Los establecimientos educativos de Tornquist ornamentaron sus edificios - CELTTV\",\"isPartOf\":{\"@id\":\"https:\/\/www.celttv.com.ar\/#website\"},\"datePublished\":\"2020-06-19T23:08:11+00:00\",\"dateModified\":\"2020-06-19T23:08:11+00:00\",\"description\":\"Sitio web de noticias de la localidad de Tornquist, provincia de Buenos Aires, Rep\u00fablica Argentina. Contenido propio originado por periodistas de CELTTV, el canal de TV local de la Cooperativa El\u00e9ctrica de Tornquist. Turismo, Pol\u00edtica, Sociedad, Deporte, Cultura y todo el contenido de inter\u00e9s general que la gente del pueblo y la regi\u00f3n debe conocer.\",\"breadcrumb\":{\"@id\":\"https:\/\/www.celttv.com.ar\/index.php\/2020\/06\/19\/los-establecimientos-educativos-de-tornquist-ornamentaron-sus-edificios\/#breadcrumb\"},\"inLanguage\":\"es\",\"potentialAction\":[{\"@type\":\"ReadAction\",\"target\":[\"https:\/\/www.celttv.com.ar\/index.php\/2020\/06\/19\/los-establecimientos-educativos-de-tornquist-ornamentaron-sus-edificios\/\"]}]},{\"@type\":\"BreadcrumbList\",\"@id\":\"https:\/\/www.celttv.com.ar\/index.php\/2020\/06\/19\/los-establecimientos-educativos-de-tornquist-ornamentaron-sus-edificios\/#breadcrumb\",\"itemListElement\":[{\"@type\":\"ListItem\",\"position\":1,\"name\":\"Inicio\",\"item\":\"https:\/\/www.celttv.com.ar\/\"},{\"@type\":\"ListItem\",\"position\":2,\"name\":\"Los establecimientos educativos de Tornquist ornamentaron sus edificios\"}]},{\"@type\":\"WebSite\",\"@id\":\"https:\/\/www.celttv.com.ar\/#website\",\"url\":\"https:\/\/www.celttv.com.ar\/\",\"name\":\"CELTTV\",\"description\":\"Cooperativa El\u00e9ctrica de Tornquist\",\"publisher\":{\"@id\":\"https:\/\/www.celttv.com.ar\/#organization\"},\"potentialAction\":[{\"@type\":\"SearchAction\",\"target\":{\"@type\":\"EntryPoint\",\"urlTemplate\":\"https:\/\/www.celttv.com.ar\/?s={search_term_string}\"},\"query-input\":\"required name=search_term_string\"}],\"inLanguage\":\"es\"},{\"@type\":\"Organization\",\"@id\":\"https:\/\/www.celttv.com.ar\/#organization\",\"name\":\"CELTTV\",\"url\":\"https:\/\/www.celttv.com.ar\/\",\"sameAs\":[\"https:\/\/www.youtube.com\/channel\/UCz_oIt8Hig64Ub-EmcNPIhg\",\"https:\/\/www.facebook.com\/celtTV\/\"],\"logo\":{\"@type\":\"ImageObject\",\"inLanguage\":\"es\",\"@id\":\"https:\/\/www.celttv.com.ar\/#\/schema\/logo\/image\/\",\"url\":\"http:\/\/www.celttv.com.ar\/wp-content\/uploads\/2022\/08\/logo-1.png\",\"contentUrl\":\"http:\/\/www.celttv.com.ar\/wp-content\/uploads\/2022\/08\/logo-1.png\",\"width\":461,\"height\":159,\"caption\":\"CELTTV\"},\"image\":{\"@id\":\"https:\/\/www.celttv.com.ar\/#\/schema\/logo\/image\/\"}},{\"@type\":\"Person\",\"@id\":\"https:\/\/www.celttv.com.ar\/#\/schema\/person\/6d99c072dba59953809c81446e9d0ace\",\"name\":\"ulises\",\"image\":{\"@type\":\"ImageObject\",\"inLanguage\":\"es\",\"@id\":\"https:\/\/www.celttv.com.ar\/#\/schema\/person\/image\/\",\"url\":\"https:\/\/secure.gravatar.com\/avatar\/7f2c48bdc33b30088f941fb6082e555f2874c98e20cb159d7b92b50eadfce793?s=96&d=mm&r=g\",\"contentUrl\":\"https:\/\/secure.gravatar.com\/avatar\/7f2c48bdc33b30088f941fb6082e555f2874c98e20cb159d7b92b50eadfce793?s=96&d=mm&r=g\",\"caption\":\"ulises\"},\"sameAs\":[\"http:\/\/www.celttv.com.ar\"]}]}<\/script>\n<!-- \/ Yoast SEO plugin. -->","yoast_head_json":{"title":"Los establecimientos educativos de Tornquist ornamentaron sus edificios - CELTTV","description":"Sitio web de noticias de la localidad de Tornquist, provincia de Buenos Aires, Rep\u00fablica Argentina. Contenido propio originado por periodistas de CELTTV, el canal de TV local de la Cooperativa El\u00e9ctrica de Tornquist. Turismo, Pol\u00edtica, Sociedad, Deporte, Cultura y todo el contenido de inter\u00e9s general que la gente del pueblo y la regi\u00f3n debe conocer.","robots":{"index":"index","follow":"follow","max-snippet":"max-snippet:-1","max-image-preview":"max-image-preview:large","max-video-preview":"max-video-preview:-1"},"canonical":"https:\/\/www.celttv.com.ar\/index.php\/2020\/06\/19\/los-establecimientos-educativos-de-tornquist-ornamentaron-sus-edificios\/","og_locale":"es_ES","og_type":"article","og_title":"Los establecimientos educativos de Tornquist ornamentaron sus edificios - CELTTV","og_description":"Sitio web de noticias de la localidad de Tornquist, provincia de Buenos Aires, Rep\u00fablica Argentina. Contenido propio originado por periodistas de CELTTV, el canal de TV local de la Cooperativa El\u00e9ctrica de Tornquist. Turismo, Pol\u00edtica, Sociedad, Deporte, Cultura y todo el contenido de inter\u00e9s general que la gente del pueblo y la regi\u00f3n debe conocer.","og_url":"https:\/\/www.celttv.com.ar\/index.php\/2020\/06\/19\/los-establecimientos-educativos-de-tornquist-ornamentaron-sus-edificios\/","og_site_name":"CELTTV","article_publisher":"https:\/\/www.facebook.com\/celtTV\/","article_published_time":"2020-06-19T23:08:11+00:00","og_image":[{"width":784,"height":393,"url":"https:\/\/www.celttv.com.ar\/wp-content\/uploads\/2020\/06\/c9e51aeb-64cd-4a85-b36f-fc2e74109d73.jpg","type":"image\/jpeg"}],"author":"ulises","twitter_card":"summary_large_image","twitter_misc":{"Escrito por":"ulises"},"schema":{"@context":"https:\/\/schema.org","@graph":[{"@type":"NewsArticle","@id":"https:\/\/www.celttv.com.ar\/index.php\/2020\/06\/19\/los-establecimientos-educativos-de-tornquist-ornamentaron-sus-edificios\/#article","isPartOf":{"@id":"https:\/\/www.celttv.com.ar\/index.php\/2020\/06\/19\/los-establecimientos-educativos-de-tornquist-ornamentaron-sus-edificios\/"},"author":{"name":"ulises","@id":"https:\/\/www.celttv.com.ar\/#\/schema\/person\/6d99c072dba59953809c81446e9d0ace"},"headline":"Los establecimientos educativos de Tornquist ornamentaron sus edificios","datePublished":"2020-06-19T23:08:11+00:00","dateModified":"2020-06-19T23:08:11+00:00","mainEntityOfPage":{"@id":"https:\/\/www.celttv.com.ar\/index.php\/2020\/06\/19\/los-establecimientos-educativos-de-tornquist-ornamentaron-sus-edificios\/"},"wordCount":64,"publisher":{"@id":"https:\/\/www.celttv.com.ar\/#organization"},"articleSection":["Celt TV Noticias","Comunidad","Destacadas"],"inLanguage":"es"},{"@type":"WebPage","@id":"https:\/\/www.celttv.com.ar\/index.php\/2020\/06\/19\/los-establecimientos-educativos-de-tornquist-ornamentaron-sus-edificios\/","url":"https:\/\/www.celttv.com.ar\/index.php\/2020\/06\/19\/los-establecimientos-educativos-de-tornquist-ornamentaron-sus-edificios\/","name":"Los establecimientos educativos de Tornquist ornamentaron sus edificios - CELTTV","isPartOf":{"@id":"https:\/\/www.celttv.com.ar\/#website"},"datePublished":"2020-06-19T23:08:11+00:00","dateModified":"2020-06-19T23:08:11+00:00","description":"Sitio web de noticias de la localidad de Tornquist, provincia de Buenos Aires, Rep\u00fablica Argentina. Contenido propio originado por periodistas de CELTTV, el canal de TV local de la Cooperativa El\u00e9ctrica de Tornquist. Turismo, Pol\u00edtica, Sociedad, Deporte, Cultura y todo el contenido de inter\u00e9s general que la gente del pueblo y la regi\u00f3n debe conocer.","breadcrumb":{"@id":"https:\/\/www.celttv.com.ar\/index.php\/2020\/06\/19\/los-establecimientos-educativos-de-tornquist-ornamentaron-sus-edificios\/#breadcrumb"},"inLanguage":"es","potentialAction":[{"@type":"ReadAction","target":["https:\/\/www.celttv.com.ar\/index.php\/2020\/06\/19\/los-establecimientos-educativos-de-tornquist-ornamentaron-sus-edificios\/"]}]},{"@type":"BreadcrumbList","@id":"https:\/\/www.celttv.com.ar\/index.php\/2020\/06\/19\/los-establecimientos-educativos-de-tornquist-ornamentaron-sus-edificios\/#breadcrumb","itemListElement":[{"@type":"ListItem","position":1,"name":"Inicio","item":"https:\/\/www.celttv.com.ar\/"},{"@type":"ListItem","position":2,"name":"Los establecimientos educativos de Tornquist ornamentaron sus edificios"}]},{"@type":"WebSite","@id":"https:\/\/www.celttv.com.ar\/#website","url":"https:\/\/www.celttv.com.ar\/","name":"CELTTV","description":"Cooperativa El\u00e9ctrica de Tornquist","publisher":{"@id":"https:\/\/www.celttv.com.ar\/#organization"},"potentialAction":[{"@type":"SearchAction","target":{"@type":"EntryPoint","urlTemplate":"https:\/\/www.celttv.com.ar\/?s={search_term_string}"},"query-input":"required name=search_term_string"}],"inLanguage":"es"},{"@type":"Organization","@id":"https:\/\/www.celttv.com.ar\/#organization","name":"CELTTV","url":"https:\/\/www.celttv.com.ar\/","sameAs":["https:\/\/www.youtube.com\/channel\/UCz_oIt8Hig64Ub-EmcNPIhg","https:\/\/www.facebook.com\/celtTV\/"],"logo":{"@type":"ImageObject","inLanguage":"es","@id":"https:\/\/www.celttv.com.ar\/#\/schema\/logo\/image\/","url":"http:\/\/www.celttv.com.ar\/wp-content\/uploads\/2022\/08\/logo-1.png","contentUrl":"http:\/\/www.celttv.com.ar\/wp-content\/uploads\/2022\/08\/logo-1.png","width":461,"height":159,"caption":"CELTTV"},"image":{"@id":"https:\/\/www.celttv.com.ar\/#\/schema\/logo\/image\/"}},{"@type":"Person","@id":"https:\/\/www.celttv.com.ar\/#\/schema\/person\/6d99c072dba59953809c81446e9d0ace","name":"ulises","image":{"@type":"ImageObject","inLanguage":"es","@id":"https:\/\/www.celttv.com.ar\/#\/schema\/person\/image\/","url":"https:\/\/secure.gravatar.com\/avatar\/7f2c48bdc33b30088f941fb6082e555f2874c98e20cb159d7b92b50eadfce793?s=96&d=mm&r=g","contentUrl":"https:\/\/secure.gravatar.com\/avatar\/7f2c48bdc33b30088f941fb6082e555f2874c98e20cb159d7b92b50eadfce793?s=96&d=mm&r=g","caption":"ulises"},"sameAs":["http:\/\/www.celttv.com.ar"]}]}},"_links":{"self":[{"href":"https:\/\/www.celttv.com.ar\/index.php\/wp-json\/wp\/v2\/posts\/49986","targetHints":{"allow":["GET"]}}],"collection":[{"href":"https:\/\/www.celttv.com.ar\/index.php\/wp-json\/wp\/v2\/posts"}],"about":[{"href":"https:\/\/www.celttv.com.ar\/index.php\/wp-json\/wp\/v2\/types\/post"}],"author":[{"embeddable":true,"href":"https:\/\/www.celttv.com.ar\/index.php\/wp-json\/wp\/v2\/users\/1"}],"replies":[{"embeddable":true,"href":"https:\/\/www.celttv.com.ar\/index.php\/wp-json\/wp\/v2\/comments?post=49986"}],"version-history":[{"count":0,"href":"https:\/\/www.celttv.com.ar\/index.php\/wp-json\/wp\/v2\/posts\/49986\/revisions"}],"wp:featuredmedia":[{"embeddable":true,"href":"https:\/\/www.celttv.com.ar\/index.php\/wp-json\/wp\/v2\/media\/49995"}],"wp:attachment":[{"href":"https:\/\/www.celttv.com.ar\/index.php\/wp-json\/wp\/v2\/media?parent=49986"}],"wp:term":[{"taxonomy":"category","embeddable":true,"href":"https:\/\/www.celttv.com.ar\/index.php\/wp-json\/wp\/v2\/categories?post=49986"},{"taxonomy":"post_tag","embeddable":true,"href":"https:\/\/www.celttv.com.ar\/index.php\/wp-json\/wp\/v2\/tags?post=49986"}],"curies":[{"name":"wp","href":"https:\/\/api.w.org\/{rel}","templated":true}]}}