{"id":50014,"date":"2020-06-22T19:23:04","date_gmt":"2020-06-22T19:23:04","guid":{"rendered":"http:\/\/www.celttv.com.ar\/?p=50014"},"modified":"2020-06-22T19:23:04","modified_gmt":"2020-06-22T19:23:04","slug":"nuevos-puntos-para-depositar-materiales-reciclados-en-tornquist","status":"publish","type":"post","link":"https:\/\/www.celttv.com.ar\/index.php\/2020\/06\/22\/nuevos-puntos-para-depositar-materiales-reciclados-en-tornquist\/","title":{"rendered":"Nuevos Puntos para depositar materiales reciclados en Tornquist"},"content":{"rendered":"<p>La Direcci\u00f3n de Medio Ambiente pone en conocimiento de la poblaci\u00f3n que se instalaron dos nuevos puntos para depositar reciclables en la ciudad de Tornquist.<\/p>\n<p>Los vecinos podr\u00e1n acercar los residuos reutilizables, en el nuevo punto ubicado en Uriburu y Romulo Fidani, o en el Punto Limpio sobre RP N\u00b076, al ingreso a la localidad.<\/p>\n<p>Recordamos que es importante respetar la separaci\u00f3n de materiales, para facilitar la tarea de clasificaci\u00f3n y reciclado. Todos estos reciclados son manipulados por operarios del Taller Protegido.<br \/>\nUna vez m\u00e1s, los alentamos a separar y recolectar papel, cart\u00f3n, pl\u00e1stico, vidrios, telgopor, latas y aerosoles; para reducir la cantidad de residuos urbanos y evitar un mayor nivel de contaminaci\u00f3n ambiental.<\/p>\n<p><a href=\"http:\/\/www.celttv.com.ar\/?attachment_id=50018\" rel=\"attachment wp-att-50018\"><img loading=\"lazy\" decoding=\"async\" class=\"alignleft size-full wp-image-50018\" src=\"http:\/\/www.celttv.com.ar\/wp-content\/uploads\/2020\/06\/reci1-1.jpeg\" alt=\"\" width=\"1032\" height=\"774\" srcset=\"https:\/\/www.celttv.com.ar\/wp-content\/uploads\/2020\/06\/reci1-1.jpeg 1032w, https:\/\/www.celttv.com.ar\/wp-content\/uploads\/2020\/06\/reci1-1-300x225.jpeg 300w, https:\/\/www.celttv.com.ar\/wp-content\/uploads\/2020\/06\/reci1-1-1024x768.jpeg 1024w, https:\/\/www.celttv.com.ar\/wp-content\/uploads\/2020\/06\/reci1-1-768x576.jpeg 768w, https:\/\/www.celttv.com.ar\/wp-content\/uploads\/2020\/06\/reci1-1-750x563.jpeg 750w\" sizes=\"auto, (max-width: 1032px) 100vw, 1032px\" \/><\/a> <a href=\"http:\/\/www.celttv.com.ar\/?attachment_id=50019\" rel=\"attachment wp-att-50019\"><img loading=\"lazy\" decoding=\"async\" class=\"alignleft size-medium wp-image-50019\" src=\"http:\/\/www.celttv.com.ar\/wp-content\/uploads\/2020\/06\/reci2-1.jpeg\" alt=\"\" width=\"780\" height=\"585\" srcset=\"https:\/\/www.celttv.com.ar\/wp-content\/uploads\/2020\/06\/reci2-1.jpeg 1032w, https:\/\/www.celttv.com.ar\/wp-content\/uploads\/2020\/06\/reci2-1-300x225.jpeg 300w, https:\/\/www.celttv.com.ar\/wp-content\/uploads\/2020\/06\/reci2-1-1024x768.jpeg 1024w, https:\/\/www.celttv.com.ar\/wp-content\/uploads\/2020\/06\/reci2-1-768x576.jpeg 768w, https:\/\/www.celttv.com.ar\/wp-content\/uploads\/2020\/06\/reci2-1-750x563.jpeg 750w\" sizes=\"auto, (max-width: 780px) 100vw, 780px\" \/><\/a><\/p>\n<p>&nbsp;<\/p>\n","protected":false},"excerpt":{"rendered":"<p>La Direcci\u00f3n de Medio Ambiente pone en conocimiento de la poblaci\u00f3n que se instalaron dos nuevos puntos para depositar reciclables en la ciudad de Tornquist. Los vecinos podr\u00e1n acercar los residuos reutilizables, en el nuevo punto ubicado en Uriburu y Romulo Fidani, o en el Punto Limpio sobre RP N\u00b076, al ingreso a la localidad. [&hellip;]<\/p>\n","protected":false},"author":1,"featured_media":50019,"comment_status":"closed","ping_status":"open","sticky":false,"template":"","format":"standard","meta":{"footnotes":""},"categories":[51,52],"tags":[],"class_list":["post-50014","post","type-post","status-publish","format-standard","has-post-thumbnail","hentry","category-comunidad","category-destacadas"],"yoast_head":"<!-- This site is optimized with the Yoast SEO plugin v19.7.1 - https:\/\/yoast.com\/wordpress\/plugins\/seo\/ -->\n<title>Nuevos Puntos para depositar materiales reciclados en Tornquist - CELTTV<\/title>\n<meta name=\"description\" content=\"Sitio web de noticias de la localidad de Tornquist, provincia de Buenos Aires, Rep\u00fablica Argentina. Contenido propio originado por periodistas de CELTTV, el canal de TV local de la Cooperativa El\u00e9ctrica de Tornquist. Turismo, Pol\u00edtica, Sociedad, Deporte, Cultura y todo el contenido de inter\u00e9s general que la gente del pueblo y la regi\u00f3n debe conocer.\" \/>\n<meta name=\"robots\" content=\"index, follow, max-snippet:-1, max-image-preview:large, max-video-preview:-1\" \/>\n<link rel=\"canonical\" href=\"https:\/\/www.celttv.com.ar\/index.php\/2020\/06\/22\/nuevos-puntos-para-depositar-materiales-reciclados-en-tornquist\/\" \/>\n<meta property=\"og:locale\" content=\"es_ES\" \/>\n<meta property=\"og:type\" content=\"article\" \/>\n<meta property=\"og:title\" content=\"Nuevos Puntos para depositar materiales reciclados en Tornquist - CELTTV\" \/>\n<meta property=\"og:description\" content=\"Sitio web de noticias de la localidad de Tornquist, provincia de Buenos Aires, Rep\u00fablica Argentina. Contenido propio originado por periodistas de CELTTV, el canal de TV local de la Cooperativa El\u00e9ctrica de Tornquist. Turismo, Pol\u00edtica, Sociedad, Deporte, Cultura y todo el contenido de inter\u00e9s general que la gente del pueblo y la regi\u00f3n debe conocer.\" \/>\n<meta property=\"og:url\" content=\"https:\/\/www.celttv.com.ar\/index.php\/2020\/06\/22\/nuevos-puntos-para-depositar-materiales-reciclados-en-tornquist\/\" \/>\n<meta property=\"og:site_name\" content=\"CELTTV\" \/>\n<meta property=\"article:publisher\" content=\"https:\/\/www.facebook.com\/celtTV\/\" \/>\n<meta property=\"article:published_time\" content=\"2020-06-22T19:23:04+00:00\" \/>\n<meta property=\"og:image\" content=\"https:\/\/www.celttv.com.ar\/wp-content\/uploads\/2020\/06\/reci2-1.jpeg\" \/>\n\t<meta property=\"og:image:width\" content=\"1032\" \/>\n\t<meta property=\"og:image:height\" content=\"774\" \/>\n\t<meta property=\"og:image:type\" content=\"image\/jpeg\" \/>\n<meta name=\"author\" content=\"ulises\" \/>\n<meta name=\"twitter:card\" content=\"summary_large_image\" \/>\n<meta name=\"twitter:label1\" content=\"Escrito por\" \/>\n\t<meta name=\"twitter:data1\" content=\"ulises\" \/>\n\t<meta name=\"twitter:label2\" content=\"Tiempo de lectura\" \/>\n\t<meta name=\"twitter:data2\" content=\"1 minuto\" \/>\n<script type=\"application\/ld+json\" class=\"yoast-schema-graph\">{\"@context\":\"https:\/\/schema.org\",\"@graph\":[{\"@type\":\"NewsArticle\",\"@id\":\"https:\/\/www.celttv.com.ar\/index.php\/2020\/06\/22\/nuevos-puntos-para-depositar-materiales-reciclados-en-tornquist\/#article\",\"isPartOf\":{\"@id\":\"https:\/\/www.celttv.com.ar\/index.php\/2020\/06\/22\/nuevos-puntos-para-depositar-materiales-reciclados-en-tornquist\/\"},\"author\":{\"name\":\"ulises\",\"@id\":\"https:\/\/www.celttv.com.ar\/#\/schema\/person\/6d99c072dba59953809c81446e9d0ace\"},\"headline\":\"Nuevos Puntos para depositar materiales reciclados en Tornquist\",\"datePublished\":\"2020-06-22T19:23:04+00:00\",\"dateModified\":\"2020-06-22T19:23:04+00:00\",\"mainEntityOfPage\":{\"@id\":\"https:\/\/www.celttv.com.ar\/index.php\/2020\/06\/22\/nuevos-puntos-para-depositar-materiales-reciclados-en-tornquist\/\"},\"wordCount\":132,\"publisher\":{\"@id\":\"https:\/\/www.celttv.com.ar\/#organization\"},\"articleSection\":[\"Comunidad\",\"Destacadas\"],\"inLanguage\":\"es\"},{\"@type\":\"WebPage\",\"@id\":\"https:\/\/www.celttv.com.ar\/index.php\/2020\/06\/22\/nuevos-puntos-para-depositar-materiales-reciclados-en-tornquist\/\",\"url\":\"https:\/\/www.celttv.com.ar\/index.php\/2020\/06\/22\/nuevos-puntos-para-depositar-materiales-reciclados-en-tornquist\/\",\"name\":\"Nuevos Puntos para depositar materiales reciclados en Tornquist - CELTTV\",\"isPartOf\":{\"@id\":\"https:\/\/www.celttv.com.ar\/#website\"},\"datePublished\":\"2020-06-22T19:23:04+00:00\",\"dateModified\":\"2020-06-22T19:23:04+00:00\",\"description\":\"Sitio web de noticias de la localidad de Tornquist, provincia de Buenos Aires, Rep\u00fablica Argentina. Contenido propio originado por periodistas de CELTTV, el canal de TV local de la Cooperativa El\u00e9ctrica de Tornquist. Turismo, Pol\u00edtica, Sociedad, Deporte, Cultura y todo el contenido de inter\u00e9s general que la gente del pueblo y la regi\u00f3n debe conocer.\",\"breadcrumb\":{\"@id\":\"https:\/\/www.celttv.com.ar\/index.php\/2020\/06\/22\/nuevos-puntos-para-depositar-materiales-reciclados-en-tornquist\/#breadcrumb\"},\"inLanguage\":\"es\",\"potentialAction\":[{\"@type\":\"ReadAction\",\"target\":[\"https:\/\/www.celttv.com.ar\/index.php\/2020\/06\/22\/nuevos-puntos-para-depositar-materiales-reciclados-en-tornquist\/\"]}]},{\"@type\":\"BreadcrumbList\",\"@id\":\"https:\/\/www.celttv.com.ar\/index.php\/2020\/06\/22\/nuevos-puntos-para-depositar-materiales-reciclados-en-tornquist\/#breadcrumb\",\"itemListElement\":[{\"@type\":\"ListItem\",\"position\":1,\"name\":\"Inicio\",\"item\":\"https:\/\/www.celttv.com.ar\/\"},{\"@type\":\"ListItem\",\"position\":2,\"name\":\"Nuevos Puntos para depositar materiales reciclados en Tornquist\"}]},{\"@type\":\"WebSite\",\"@id\":\"https:\/\/www.celttv.com.ar\/#website\",\"url\":\"https:\/\/www.celttv.com.ar\/\",\"name\":\"CELTTV\",\"description\":\"Cooperativa El\u00e9ctrica de Tornquist\",\"publisher\":{\"@id\":\"https:\/\/www.celttv.com.ar\/#organization\"},\"potentialAction\":[{\"@type\":\"SearchAction\",\"target\":{\"@type\":\"EntryPoint\",\"urlTemplate\":\"https:\/\/www.celttv.com.ar\/?s={search_term_string}\"},\"query-input\":\"required name=search_term_string\"}],\"inLanguage\":\"es\"},{\"@type\":\"Organization\",\"@id\":\"https:\/\/www.celttv.com.ar\/#organization\",\"name\":\"CELTTV\",\"url\":\"https:\/\/www.celttv.com.ar\/\",\"sameAs\":[\"https:\/\/www.youtube.com\/channel\/UCz_oIt8Hig64Ub-EmcNPIhg\",\"https:\/\/www.facebook.com\/celtTV\/\"],\"logo\":{\"@type\":\"ImageObject\",\"inLanguage\":\"es\",\"@id\":\"https:\/\/www.celttv.com.ar\/#\/schema\/logo\/image\/\",\"url\":\"http:\/\/www.celttv.com.ar\/wp-content\/uploads\/2022\/08\/logo-1.png\",\"contentUrl\":\"http:\/\/www.celttv.com.ar\/wp-content\/uploads\/2022\/08\/logo-1.png\",\"width\":461,\"height\":159,\"caption\":\"CELTTV\"},\"image\":{\"@id\":\"https:\/\/www.celttv.com.ar\/#\/schema\/logo\/image\/\"}},{\"@type\":\"Person\",\"@id\":\"https:\/\/www.celttv.com.ar\/#\/schema\/person\/6d99c072dba59953809c81446e9d0ace\",\"name\":\"ulises\",\"image\":{\"@type\":\"ImageObject\",\"inLanguage\":\"es\",\"@id\":\"https:\/\/www.celttv.com.ar\/#\/schema\/person\/image\/\",\"url\":\"https:\/\/secure.gravatar.com\/avatar\/7f2c48bdc33b30088f941fb6082e555f2874c98e20cb159d7b92b50eadfce793?s=96&d=mm&r=g\",\"contentUrl\":\"https:\/\/secure.gravatar.com\/avatar\/7f2c48bdc33b30088f941fb6082e555f2874c98e20cb159d7b92b50eadfce793?s=96&d=mm&r=g\",\"caption\":\"ulises\"},\"sameAs\":[\"http:\/\/www.celttv.com.ar\"]}]}<\/script>\n<!-- \/ Yoast SEO plugin. -->","yoast_head_json":{"title":"Nuevos Puntos para depositar materiales reciclados en Tornquist - CELTTV","description":"Sitio web de noticias de la localidad de Tornquist, provincia de Buenos Aires, Rep\u00fablica Argentina. Contenido propio originado por periodistas de CELTTV, el canal de TV local de la Cooperativa El\u00e9ctrica de Tornquist. Turismo, Pol\u00edtica, Sociedad, Deporte, Cultura y todo el contenido de inter\u00e9s general que la gente del pueblo y la regi\u00f3n debe conocer.","robots":{"index":"index","follow":"follow","max-snippet":"max-snippet:-1","max-image-preview":"max-image-preview:large","max-video-preview":"max-video-preview:-1"},"canonical":"https:\/\/www.celttv.com.ar\/index.php\/2020\/06\/22\/nuevos-puntos-para-depositar-materiales-reciclados-en-tornquist\/","og_locale":"es_ES","og_type":"article","og_title":"Nuevos Puntos para depositar materiales reciclados en Tornquist - CELTTV","og_description":"Sitio web de noticias de la localidad de Tornquist, provincia de Buenos Aires, Rep\u00fablica Argentina. Contenido propio originado por periodistas de CELTTV, el canal de TV local de la Cooperativa El\u00e9ctrica de Tornquist. Turismo, Pol\u00edtica, Sociedad, Deporte, Cultura y todo el contenido de inter\u00e9s general que la gente del pueblo y la regi\u00f3n debe conocer.","og_url":"https:\/\/www.celttv.com.ar\/index.php\/2020\/06\/22\/nuevos-puntos-para-depositar-materiales-reciclados-en-tornquist\/","og_site_name":"CELTTV","article_publisher":"https:\/\/www.facebook.com\/celtTV\/","article_published_time":"2020-06-22T19:23:04+00:00","og_image":[{"width":1032,"height":774,"url":"https:\/\/www.celttv.com.ar\/wp-content\/uploads\/2020\/06\/reci2-1.jpeg","type":"image\/jpeg"}],"author":"ulises","twitter_card":"summary_large_image","twitter_misc":{"Escrito por":"ulises","Tiempo de lectura":"1 minuto"},"schema":{"@context":"https:\/\/schema.org","@graph":[{"@type":"NewsArticle","@id":"https:\/\/www.celttv.com.ar\/index.php\/2020\/06\/22\/nuevos-puntos-para-depositar-materiales-reciclados-en-tornquist\/#article","isPartOf":{"@id":"https:\/\/www.celttv.com.ar\/index.php\/2020\/06\/22\/nuevos-puntos-para-depositar-materiales-reciclados-en-tornquist\/"},"author":{"name":"ulises","@id":"https:\/\/www.celttv.com.ar\/#\/schema\/person\/6d99c072dba59953809c81446e9d0ace"},"headline":"Nuevos Puntos para depositar materiales reciclados en Tornquist","datePublished":"2020-06-22T19:23:04+00:00","dateModified":"2020-06-22T19:23:04+00:00","mainEntityOfPage":{"@id":"https:\/\/www.celttv.com.ar\/index.php\/2020\/06\/22\/nuevos-puntos-para-depositar-materiales-reciclados-en-tornquist\/"},"wordCount":132,"publisher":{"@id":"https:\/\/www.celttv.com.ar\/#organization"},"articleSection":["Comunidad","Destacadas"],"inLanguage":"es"},{"@type":"WebPage","@id":"https:\/\/www.celttv.com.ar\/index.php\/2020\/06\/22\/nuevos-puntos-para-depositar-materiales-reciclados-en-tornquist\/","url":"https:\/\/www.celttv.com.ar\/index.php\/2020\/06\/22\/nuevos-puntos-para-depositar-materiales-reciclados-en-tornquist\/","name":"Nuevos Puntos para depositar materiales reciclados en Tornquist - CELTTV","isPartOf":{"@id":"https:\/\/www.celttv.com.ar\/#website"},"datePublished":"2020-06-22T19:23:04+00:00","dateModified":"2020-06-22T19:23:04+00:00","description":"Sitio web de noticias de la localidad de Tornquist, provincia de Buenos Aires, Rep\u00fablica Argentina. Contenido propio originado por periodistas de CELTTV, el canal de TV local de la Cooperativa El\u00e9ctrica de Tornquist. Turismo, Pol\u00edtica, Sociedad, Deporte, Cultura y todo el contenido de inter\u00e9s general que la gente del pueblo y la regi\u00f3n debe conocer.","breadcrumb":{"@id":"https:\/\/www.celttv.com.ar\/index.php\/2020\/06\/22\/nuevos-puntos-para-depositar-materiales-reciclados-en-tornquist\/#breadcrumb"},"inLanguage":"es","potentialAction":[{"@type":"ReadAction","target":["https:\/\/www.celttv.com.ar\/index.php\/2020\/06\/22\/nuevos-puntos-para-depositar-materiales-reciclados-en-tornquist\/"]}]},{"@type":"BreadcrumbList","@id":"https:\/\/www.celttv.com.ar\/index.php\/2020\/06\/22\/nuevos-puntos-para-depositar-materiales-reciclados-en-tornquist\/#breadcrumb","itemListElement":[{"@type":"ListItem","position":1,"name":"Inicio","item":"https:\/\/www.celttv.com.ar\/"},{"@type":"ListItem","position":2,"name":"Nuevos Puntos para depositar materiales reciclados en Tornquist"}]},{"@type":"WebSite","@id":"https:\/\/www.celttv.com.ar\/#website","url":"https:\/\/www.celttv.com.ar\/","name":"CELTTV","description":"Cooperativa El\u00e9ctrica de Tornquist","publisher":{"@id":"https:\/\/www.celttv.com.ar\/#organization"},"potentialAction":[{"@type":"SearchAction","target":{"@type":"EntryPoint","urlTemplate":"https:\/\/www.celttv.com.ar\/?s={search_term_string}"},"query-input":"required name=search_term_string"}],"inLanguage":"es"},{"@type":"Organization","@id":"https:\/\/www.celttv.com.ar\/#organization","name":"CELTTV","url":"https:\/\/www.celttv.com.ar\/","sameAs":["https:\/\/www.youtube.com\/channel\/UCz_oIt8Hig64Ub-EmcNPIhg","https:\/\/www.facebook.com\/celtTV\/"],"logo":{"@type":"ImageObject","inLanguage":"es","@id":"https:\/\/www.celttv.com.ar\/#\/schema\/logo\/image\/","url":"http:\/\/www.celttv.com.ar\/wp-content\/uploads\/2022\/08\/logo-1.png","contentUrl":"http:\/\/www.celttv.com.ar\/wp-content\/uploads\/2022\/08\/logo-1.png","width":461,"height":159,"caption":"CELTTV"},"image":{"@id":"https:\/\/www.celttv.com.ar\/#\/schema\/logo\/image\/"}},{"@type":"Person","@id":"https:\/\/www.celttv.com.ar\/#\/schema\/person\/6d99c072dba59953809c81446e9d0ace","name":"ulises","image":{"@type":"ImageObject","inLanguage":"es","@id":"https:\/\/www.celttv.com.ar\/#\/schema\/person\/image\/","url":"https:\/\/secure.gravatar.com\/avatar\/7f2c48bdc33b30088f941fb6082e555f2874c98e20cb159d7b92b50eadfce793?s=96&d=mm&r=g","contentUrl":"https:\/\/secure.gravatar.com\/avatar\/7f2c48bdc33b30088f941fb6082e555f2874c98e20cb159d7b92b50eadfce793?s=96&d=mm&r=g","caption":"ulises"},"sameAs":["http:\/\/www.celttv.com.ar"]}]}},"_links":{"self":[{"href":"https:\/\/www.celttv.com.ar\/index.php\/wp-json\/wp\/v2\/posts\/50014","targetHints":{"allow":["GET"]}}],"collection":[{"href":"https:\/\/www.celttv.com.ar\/index.php\/wp-json\/wp\/v2\/posts"}],"about":[{"href":"https:\/\/www.celttv.com.ar\/index.php\/wp-json\/wp\/v2\/types\/post"}],"author":[{"embeddable":true,"href":"https:\/\/www.celttv.com.ar\/index.php\/wp-json\/wp\/v2\/users\/1"}],"replies":[{"embeddable":true,"href":"https:\/\/www.celttv.com.ar\/index.php\/wp-json\/wp\/v2\/comments?post=50014"}],"version-history":[{"count":0,"href":"https:\/\/www.celttv.com.ar\/index.php\/wp-json\/wp\/v2\/posts\/50014\/revisions"}],"wp:featuredmedia":[{"embeddable":true,"href":"https:\/\/www.celttv.com.ar\/index.php\/wp-json\/wp\/v2\/media\/50019"}],"wp:attachment":[{"href":"https:\/\/www.celttv.com.ar\/index.php\/wp-json\/wp\/v2\/media?parent=50014"}],"wp:term":[{"taxonomy":"category","embeddable":true,"href":"https:\/\/www.celttv.com.ar\/index.php\/wp-json\/wp\/v2\/categories?post=50014"},{"taxonomy":"post_tag","embeddable":true,"href":"https:\/\/www.celttv.com.ar\/index.php\/wp-json\/wp\/v2\/tags?post=50014"}],"curies":[{"name":"wp","href":"https:\/\/api.w.org\/{rel}","templated":true}]}}