{"id":50027,"date":"2020-06-22T20:00:04","date_gmt":"2020-06-22T20:00:04","guid":{"rendered":"http:\/\/www.celttv.com.ar\/?p=50027"},"modified":"2020-06-22T20:00:04","modified_gmt":"2020-06-22T20:00:04","slug":"amplian-informacion-sobre-un-robo-calificado-recaratulado-como-robo-agravado-por-el-empleo-de-arma","status":"publish","type":"post","link":"https:\/\/www.celttv.com.ar\/index.php\/2020\/06\/22\/amplian-informacion-sobre-un-robo-calificado-recaratulado-como-robo-agravado-por-el-empleo-de-arma\/","title":{"rendered":"Amplian informaci\u00f3n sobre un robo calificado, recaratulado como robo agravado por el empleo de arma"},"content":{"rendered":"<p>La Secretaria de Seguridad del Distrito de Tornquist, lleva a conocimiento de la Poblaci\u00f3n, que respecto al parte de prensa emitido con fecha 19 de Junio del corriente a\u00f1o, donde personal policial dependiente de la Estaci\u00f3n de Polic\u00eda Comunal Tornquist precedi\u00f3 a la aprehensi\u00f3n de tres personas, sexo masculino, entre ellas dos mayores y un menor de edad resultando que un cuarto sujeto (participe del asalto) lograra evadirse, quienes habr\u00edan irrumpido violentamente en el domicilio de calle Mitre 616 de este medio, donde golpean y amenazan con arma blanca al se\u00f1or Juan Jes\u00fas Noel, (vecino del medio) para sustraerle dinero en efectivo (recaudaci\u00f3n diaria) y mercader\u00eda en general del comercio lindante a su domicilio del rubro Kiosco, denominado TODO SUELTO, inici\u00e1ndose en cuesti\u00f3n Actuaciones Prevencionales caratuladas ROBO CALIFICADO EN POBLADO Y EN BANDA, consecuentemente a ello personal policial en el sector de la plaza central Ernesto Tornquist \u00a0procedi\u00f3 a la aprehensi\u00f3n de los ciudadanos \u00a0LUCAS LEONEL DOBAL de 20 a\u00f1os de edad, oriundo de Tornquist, y de \u00a0NICOLAS PATRICIO DOBAL VAZQUEZ de 18 a\u00f1os, (hermano de Lucas Dobal) y un tercer sujeto menor de edad, en un principio no se emitieron identidades de los mayores de edad por encontrarse en curso la investigaci\u00f3n, faltando dar con el cuarto sujeto que hab\u00eda logrado huir.<\/p>\n<p>Por el mismo hecho el d\u00eda viernes 19 del corriente, personal de la Estaci\u00f3n de Polic\u00eda Comunal Tornquist, procedi\u00f3 a dar cumplimiento de una orden de ALLANAMIENTO y DETENCION para con el se\u00f1or FACUNDO COLADO ordenado por el Juzgado de Garant\u00edas N\u00b0 4 del Departamento Judicial Bah\u00eda Blanca, a cargo de la Dra Marisa Prome en el domicilio ubicado sobre Avenida 25 de Mayo nro. 415 de este medio, en relaci\u00f3n a actuaciones recaratuladas por la fiscal\u00eda de intervenci\u00f3n como \u201cROBO AGRAVADO POR EL EMPLEO DE ARMA Y POR SU COMISION EN LUGAR EN POBLADO Y EN BANDA CON LA AGRAVANTE DE LA PARTICIPACION DE UN MENOR DE 18 A\u00d1OS DE EDAD\u201d, donde resultara victima JUAN JESUS NOEL.<\/p>\n<p>Asimismo realizada la diligencia judicial los efectivos policiales no pudieron dar con moradores en dicho domicilio al momento de realizar el allanamiento, posteriormente se procede a la detenci\u00f3n del ciudadano FACUNDO COLADO \u00a0de 28 a\u00f1os, (oriundo de Tornquist) en una obra en construcci\u00f3n de este medio, siendo alojado en los calabozos de la Estaci\u00f3n Tornquist, a disposici\u00f3n de la Unidad Fiscal de Instrucci\u00f3n y Juicio N\u00b0 3 del Fuero de Responsabilidad Penal Juvenil, el cual por tareas investigativas llevadas a cabo, se pudo establecer que se trata del cuarto sujeto que ingres\u00f3 al domicilio de Juan Jes\u00fas Noel el d\u00eda del hecho.<\/p>\n<p><a href=\"http:\/\/www.celttv.com.ar\/?attachment_id=50029\" rel=\"attachment wp-att-50029\"><img loading=\"lazy\" decoding=\"async\" class=\"alignleft size-full wp-image-50029\" src=\"http:\/\/www.celttv.com.ar\/wp-content\/uploads\/2020\/06\/reca1.jpeg\" alt=\"\" width=\"960\" height=\"1280\" srcset=\"https:\/\/www.celttv.com.ar\/wp-content\/uploads\/2020\/06\/reca1.jpeg 960w, https:\/\/www.celttv.com.ar\/wp-content\/uploads\/2020\/06\/reca1-225x300.jpeg 225w, https:\/\/www.celttv.com.ar\/wp-content\/uploads\/2020\/06\/reca1-768x1024.jpeg 768w, https:\/\/www.celttv.com.ar\/wp-content\/uploads\/2020\/06\/reca1-750x1000.jpeg 750w\" sizes=\"auto, (max-width: 960px) 100vw, 960px\" \/><\/a> <a href=\"http:\/\/www.celttv.com.ar\/?attachment_id=50030\" rel=\"attachment wp-att-50030\"><img loading=\"lazy\" decoding=\"async\" class=\"alignleft size-medium wp-image-50030\" src=\"http:\/\/www.celttv.com.ar\/wp-content\/uploads\/2020\/06\/reca2.jpeg\" alt=\"\" width=\"370\" height=\"780\" srcset=\"https:\/\/www.celttv.com.ar\/wp-content\/uploads\/2020\/06\/reca2.jpeg 489w, https:\/\/www.celttv.com.ar\/wp-content\/uploads\/2020\/06\/reca2-142x300.jpeg 142w, https:\/\/www.celttv.com.ar\/wp-content\/uploads\/2020\/06\/reca2-485x1024.jpeg 485w\" sizes=\"auto, (max-width: 370px) 100vw, 370px\" \/><\/a> <a href=\"http:\/\/www.celttv.com.ar\/?attachment_id=50031\" rel=\"attachment wp-att-50031\"><img loading=\"lazy\" decoding=\"async\" class=\"alignleft size-medium wp-image-50031\" src=\"http:\/\/www.celttv.com.ar\/wp-content\/uploads\/2020\/06\/reca3.jpeg\" alt=\"\" width=\"370\" height=\"780\" srcset=\"https:\/\/www.celttv.com.ar\/wp-content\/uploads\/2020\/06\/reca3.jpeg 489w, https:\/\/www.celttv.com.ar\/wp-content\/uploads\/2020\/06\/reca3-142x300.jpeg 142w, https:\/\/www.celttv.com.ar\/wp-content\/uploads\/2020\/06\/reca3-485x1024.jpeg 485w\" sizes=\"auto, (max-width: 370px) 100vw, 370px\" \/><\/a> <a href=\"http:\/\/www.celttv.com.ar\/?attachment_id=50032\" rel=\"attachment wp-att-50032\"><img loading=\"lazy\" decoding=\"async\" class=\"alignleft size-medium wp-image-50032\" src=\"http:\/\/www.celttv.com.ar\/wp-content\/uploads\/2020\/06\/reca4.jpeg\" alt=\"\" width=\"780\" height=\"439\" srcset=\"https:\/\/www.celttv.com.ar\/wp-content\/uploads\/2020\/06\/reca4.jpeg 1280w, https:\/\/www.celttv.com.ar\/wp-content\/uploads\/2020\/06\/reca4-300x169.jpeg 300w, https:\/\/www.celttv.com.ar\/wp-content\/uploads\/2020\/06\/reca4-1024x576.jpeg 1024w, https:\/\/www.celttv.com.ar\/wp-content\/uploads\/2020\/06\/reca4-768x432.jpeg 768w, https:\/\/www.celttv.com.ar\/wp-content\/uploads\/2020\/06\/reca4-750x422.jpeg 750w, https:\/\/www.celttv.com.ar\/wp-content\/uploads\/2020\/06\/reca4-1140x641.jpeg 1140w\" sizes=\"auto, (max-width: 780px) 100vw, 780px\" \/><\/a><\/p>\n","protected":false},"excerpt":{"rendered":"<p>La Secretaria de Seguridad del Distrito de Tornquist, lleva a conocimiento de la Poblaci\u00f3n, que respecto al parte de prensa emitido con fecha 19 de Junio del corriente a\u00f1o, donde personal policial dependiente de la Estaci\u00f3n de Polic\u00eda Comunal Tornquist precedi\u00f3 a la aprehensi\u00f3n de tres personas, sexo masculino, entre ellas dos mayores y un [&hellip;]<\/p>\n","protected":false},"author":1,"featured_media":50032,"comment_status":"closed","ping_status":"open","sticky":false,"template":"","format":"standard","meta":{"footnotes":""},"categories":[52,61],"tags":[],"class_list":["post-50027","post","type-post","status-publish","format-standard","has-post-thumbnail","hentry","category-destacadas","category-policiales"],"yoast_head":"<!-- This site is optimized with the Yoast SEO plugin v19.7.1 - https:\/\/yoast.com\/wordpress\/plugins\/seo\/ -->\n<title>Amplian informaci\u00f3n sobre un robo calificado, recaratulado como robo agravado por el empleo de arma - CELTTV<\/title>\n<meta name=\"description\" content=\"Sitio web de noticias de la localidad de Tornquist, provincia de Buenos Aires, Rep\u00fablica Argentina. Contenido propio originado por periodistas de CELTTV, el canal de TV local de la Cooperativa El\u00e9ctrica de Tornquist. Turismo, Pol\u00edtica, Sociedad, Deporte, Cultura y todo el contenido de inter\u00e9s general que la gente del pueblo y la regi\u00f3n debe conocer.\" \/>\n<meta name=\"robots\" content=\"index, follow, max-snippet:-1, max-image-preview:large, max-video-preview:-1\" \/>\n<link rel=\"canonical\" href=\"https:\/\/www.celttv.com.ar\/index.php\/2020\/06\/22\/amplian-informacion-sobre-un-robo-calificado-recaratulado-como-robo-agravado-por-el-empleo-de-arma\/\" \/>\n<meta property=\"og:locale\" content=\"es_ES\" \/>\n<meta property=\"og:type\" content=\"article\" \/>\n<meta property=\"og:title\" content=\"Amplian informaci\u00f3n sobre un robo calificado, recaratulado como robo agravado por el empleo de arma - CELTTV\" \/>\n<meta property=\"og:description\" content=\"Sitio web de noticias de la localidad de Tornquist, provincia de Buenos Aires, Rep\u00fablica Argentina. Contenido propio originado por periodistas de CELTTV, el canal de TV local de la Cooperativa El\u00e9ctrica de Tornquist. Turismo, Pol\u00edtica, Sociedad, Deporte, Cultura y todo el contenido de inter\u00e9s general que la gente del pueblo y la regi\u00f3n debe conocer.\" \/>\n<meta property=\"og:url\" content=\"https:\/\/www.celttv.com.ar\/index.php\/2020\/06\/22\/amplian-informacion-sobre-un-robo-calificado-recaratulado-como-robo-agravado-por-el-empleo-de-arma\/\" \/>\n<meta property=\"og:site_name\" content=\"CELTTV\" \/>\n<meta property=\"article:publisher\" content=\"https:\/\/www.facebook.com\/celtTV\/\" \/>\n<meta property=\"article:published_time\" content=\"2020-06-22T20:00:04+00:00\" \/>\n<meta property=\"og:image\" content=\"https:\/\/www.celttv.com.ar\/wp-content\/uploads\/2020\/06\/reca4.jpeg\" \/>\n\t<meta property=\"og:image:width\" content=\"1280\" \/>\n\t<meta property=\"og:image:height\" content=\"720\" \/>\n\t<meta property=\"og:image:type\" content=\"image\/jpeg\" \/>\n<meta name=\"author\" content=\"ulises\" \/>\n<meta name=\"twitter:card\" content=\"summary_large_image\" \/>\n<meta name=\"twitter:label1\" content=\"Escrito por\" \/>\n\t<meta name=\"twitter:data1\" content=\"ulises\" \/>\n\t<meta name=\"twitter:label2\" content=\"Tiempo de lectura\" \/>\n\t<meta name=\"twitter:data2\" content=\"2 minutos\" \/>\n<script type=\"application\/ld+json\" class=\"yoast-schema-graph\">{\"@context\":\"https:\/\/schema.org\",\"@graph\":[{\"@type\":\"NewsArticle\",\"@id\":\"https:\/\/www.celttv.com.ar\/index.php\/2020\/06\/22\/amplian-informacion-sobre-un-robo-calificado-recaratulado-como-robo-agravado-por-el-empleo-de-arma\/#article\",\"isPartOf\":{\"@id\":\"https:\/\/www.celttv.com.ar\/index.php\/2020\/06\/22\/amplian-informacion-sobre-un-robo-calificado-recaratulado-como-robo-agravado-por-el-empleo-de-arma\/\"},\"author\":{\"name\":\"ulises\",\"@id\":\"https:\/\/www.celttv.com.ar\/#\/schema\/person\/6d99c072dba59953809c81446e9d0ace\"},\"headline\":\"Amplian informaci\u00f3n sobre un robo calificado, recaratulado como robo agravado por el empleo de arma\",\"datePublished\":\"2020-06-22T20:00:04+00:00\",\"dateModified\":\"2020-06-22T20:00:04+00:00\",\"mainEntityOfPage\":{\"@id\":\"https:\/\/www.celttv.com.ar\/index.php\/2020\/06\/22\/amplian-informacion-sobre-un-robo-calificado-recaratulado-como-robo-agravado-por-el-empleo-de-arma\/\"},\"wordCount\":473,\"publisher\":{\"@id\":\"https:\/\/www.celttv.com.ar\/#organization\"},\"articleSection\":[\"Destacadas\",\"Policiales\"],\"inLanguage\":\"es\"},{\"@type\":\"WebPage\",\"@id\":\"https:\/\/www.celttv.com.ar\/index.php\/2020\/06\/22\/amplian-informacion-sobre-un-robo-calificado-recaratulado-como-robo-agravado-por-el-empleo-de-arma\/\",\"url\":\"https:\/\/www.celttv.com.ar\/index.php\/2020\/06\/22\/amplian-informacion-sobre-un-robo-calificado-recaratulado-como-robo-agravado-por-el-empleo-de-arma\/\",\"name\":\"Amplian informaci\u00f3n sobre un robo calificado, recaratulado como robo agravado por el empleo de arma - CELTTV\",\"isPartOf\":{\"@id\":\"https:\/\/www.celttv.com.ar\/#website\"},\"datePublished\":\"2020-06-22T20:00:04+00:00\",\"dateModified\":\"2020-06-22T20:00:04+00:00\",\"description\":\"Sitio web de noticias de la localidad de Tornquist, provincia de Buenos Aires, Rep\u00fablica Argentina. Contenido propio originado por periodistas de CELTTV, el canal de TV local de la Cooperativa El\u00e9ctrica de Tornquist. Turismo, Pol\u00edtica, Sociedad, Deporte, Cultura y todo el contenido de inter\u00e9s general que la gente del pueblo y la regi\u00f3n debe conocer.\",\"breadcrumb\":{\"@id\":\"https:\/\/www.celttv.com.ar\/index.php\/2020\/06\/22\/amplian-informacion-sobre-un-robo-calificado-recaratulado-como-robo-agravado-por-el-empleo-de-arma\/#breadcrumb\"},\"inLanguage\":\"es\",\"potentialAction\":[{\"@type\":\"ReadAction\",\"target\":[\"https:\/\/www.celttv.com.ar\/index.php\/2020\/06\/22\/amplian-informacion-sobre-un-robo-calificado-recaratulado-como-robo-agravado-por-el-empleo-de-arma\/\"]}]},{\"@type\":\"BreadcrumbList\",\"@id\":\"https:\/\/www.celttv.com.ar\/index.php\/2020\/06\/22\/amplian-informacion-sobre-un-robo-calificado-recaratulado-como-robo-agravado-por-el-empleo-de-arma\/#breadcrumb\",\"itemListElement\":[{\"@type\":\"ListItem\",\"position\":1,\"name\":\"Inicio\",\"item\":\"https:\/\/www.celttv.com.ar\/\"},{\"@type\":\"ListItem\",\"position\":2,\"name\":\"Amplian informaci\u00f3n sobre un robo calificado, recaratulado como robo agravado por el empleo de arma\"}]},{\"@type\":\"WebSite\",\"@id\":\"https:\/\/www.celttv.com.ar\/#website\",\"url\":\"https:\/\/www.celttv.com.ar\/\",\"name\":\"CELTTV\",\"description\":\"Cooperativa El\u00e9ctrica de Tornquist\",\"publisher\":{\"@id\":\"https:\/\/www.celttv.com.ar\/#organization\"},\"potentialAction\":[{\"@type\":\"SearchAction\",\"target\":{\"@type\":\"EntryPoint\",\"urlTemplate\":\"https:\/\/www.celttv.com.ar\/?s={search_term_string}\"},\"query-input\":\"required name=search_term_string\"}],\"inLanguage\":\"es\"},{\"@type\":\"Organization\",\"@id\":\"https:\/\/www.celttv.com.ar\/#organization\",\"name\":\"CELTTV\",\"url\":\"https:\/\/www.celttv.com.ar\/\",\"sameAs\":[\"https:\/\/www.youtube.com\/channel\/UCz_oIt8Hig64Ub-EmcNPIhg\",\"https:\/\/www.facebook.com\/celtTV\/\"],\"logo\":{\"@type\":\"ImageObject\",\"inLanguage\":\"es\",\"@id\":\"https:\/\/www.celttv.com.ar\/#\/schema\/logo\/image\/\",\"url\":\"http:\/\/www.celttv.com.ar\/wp-content\/uploads\/2022\/08\/logo-1.png\",\"contentUrl\":\"http:\/\/www.celttv.com.ar\/wp-content\/uploads\/2022\/08\/logo-1.png\",\"width\":461,\"height\":159,\"caption\":\"CELTTV\"},\"image\":{\"@id\":\"https:\/\/www.celttv.com.ar\/#\/schema\/logo\/image\/\"}},{\"@type\":\"Person\",\"@id\":\"https:\/\/www.celttv.com.ar\/#\/schema\/person\/6d99c072dba59953809c81446e9d0ace\",\"name\":\"ulises\",\"image\":{\"@type\":\"ImageObject\",\"inLanguage\":\"es\",\"@id\":\"https:\/\/www.celttv.com.ar\/#\/schema\/person\/image\/\",\"url\":\"https:\/\/secure.gravatar.com\/avatar\/7f2c48bdc33b30088f941fb6082e555f2874c98e20cb159d7b92b50eadfce793?s=96&d=mm&r=g\",\"contentUrl\":\"https:\/\/secure.gravatar.com\/avatar\/7f2c48bdc33b30088f941fb6082e555f2874c98e20cb159d7b92b50eadfce793?s=96&d=mm&r=g\",\"caption\":\"ulises\"},\"sameAs\":[\"http:\/\/www.celttv.com.ar\"]}]}<\/script>\n<!-- \/ Yoast SEO plugin. -->","yoast_head_json":{"title":"Amplian informaci\u00f3n sobre un robo calificado, recaratulado como robo agravado por el empleo de arma - CELTTV","description":"Sitio web de noticias de la localidad de Tornquist, provincia de Buenos Aires, Rep\u00fablica Argentina. Contenido propio originado por periodistas de CELTTV, el canal de TV local de la Cooperativa El\u00e9ctrica de Tornquist. Turismo, Pol\u00edtica, Sociedad, Deporte, Cultura y todo el contenido de inter\u00e9s general que la gente del pueblo y la regi\u00f3n debe conocer.","robots":{"index":"index","follow":"follow","max-snippet":"max-snippet:-1","max-image-preview":"max-image-preview:large","max-video-preview":"max-video-preview:-1"},"canonical":"https:\/\/www.celttv.com.ar\/index.php\/2020\/06\/22\/amplian-informacion-sobre-un-robo-calificado-recaratulado-como-robo-agravado-por-el-empleo-de-arma\/","og_locale":"es_ES","og_type":"article","og_title":"Amplian informaci\u00f3n sobre un robo calificado, recaratulado como robo agravado por el empleo de arma - CELTTV","og_description":"Sitio web de noticias de la localidad de Tornquist, provincia de Buenos Aires, Rep\u00fablica Argentina. Contenido propio originado por periodistas de CELTTV, el canal de TV local de la Cooperativa El\u00e9ctrica de Tornquist. Turismo, Pol\u00edtica, Sociedad, Deporte, Cultura y todo el contenido de inter\u00e9s general que la gente del pueblo y la regi\u00f3n debe conocer.","og_url":"https:\/\/www.celttv.com.ar\/index.php\/2020\/06\/22\/amplian-informacion-sobre-un-robo-calificado-recaratulado-como-robo-agravado-por-el-empleo-de-arma\/","og_site_name":"CELTTV","article_publisher":"https:\/\/www.facebook.com\/celtTV\/","article_published_time":"2020-06-22T20:00:04+00:00","og_image":[{"width":1280,"height":720,"url":"https:\/\/www.celttv.com.ar\/wp-content\/uploads\/2020\/06\/reca4.jpeg","type":"image\/jpeg"}],"author":"ulises","twitter_card":"summary_large_image","twitter_misc":{"Escrito por":"ulises","Tiempo de lectura":"2 minutos"},"schema":{"@context":"https:\/\/schema.org","@graph":[{"@type":"NewsArticle","@id":"https:\/\/www.celttv.com.ar\/index.php\/2020\/06\/22\/amplian-informacion-sobre-un-robo-calificado-recaratulado-como-robo-agravado-por-el-empleo-de-arma\/#article","isPartOf":{"@id":"https:\/\/www.celttv.com.ar\/index.php\/2020\/06\/22\/amplian-informacion-sobre-un-robo-calificado-recaratulado-como-robo-agravado-por-el-empleo-de-arma\/"},"author":{"name":"ulises","@id":"https:\/\/www.celttv.com.ar\/#\/schema\/person\/6d99c072dba59953809c81446e9d0ace"},"headline":"Amplian informaci\u00f3n sobre un robo calificado, recaratulado como robo agravado por el empleo de arma","datePublished":"2020-06-22T20:00:04+00:00","dateModified":"2020-06-22T20:00:04+00:00","mainEntityOfPage":{"@id":"https:\/\/www.celttv.com.ar\/index.php\/2020\/06\/22\/amplian-informacion-sobre-un-robo-calificado-recaratulado-como-robo-agravado-por-el-empleo-de-arma\/"},"wordCount":473,"publisher":{"@id":"https:\/\/www.celttv.com.ar\/#organization"},"articleSection":["Destacadas","Policiales"],"inLanguage":"es"},{"@type":"WebPage","@id":"https:\/\/www.celttv.com.ar\/index.php\/2020\/06\/22\/amplian-informacion-sobre-un-robo-calificado-recaratulado-como-robo-agravado-por-el-empleo-de-arma\/","url":"https:\/\/www.celttv.com.ar\/index.php\/2020\/06\/22\/amplian-informacion-sobre-un-robo-calificado-recaratulado-como-robo-agravado-por-el-empleo-de-arma\/","name":"Amplian informaci\u00f3n sobre un robo calificado, recaratulado como robo agravado por el empleo de arma - CELTTV","isPartOf":{"@id":"https:\/\/www.celttv.com.ar\/#website"},"datePublished":"2020-06-22T20:00:04+00:00","dateModified":"2020-06-22T20:00:04+00:00","description":"Sitio web de noticias de la localidad de Tornquist, provincia de Buenos Aires, Rep\u00fablica Argentina. Contenido propio originado por periodistas de CELTTV, el canal de TV local de la Cooperativa El\u00e9ctrica de Tornquist. Turismo, Pol\u00edtica, Sociedad, Deporte, Cultura y todo el contenido de inter\u00e9s general que la gente del pueblo y la regi\u00f3n debe conocer.","breadcrumb":{"@id":"https:\/\/www.celttv.com.ar\/index.php\/2020\/06\/22\/amplian-informacion-sobre-un-robo-calificado-recaratulado-como-robo-agravado-por-el-empleo-de-arma\/#breadcrumb"},"inLanguage":"es","potentialAction":[{"@type":"ReadAction","target":["https:\/\/www.celttv.com.ar\/index.php\/2020\/06\/22\/amplian-informacion-sobre-un-robo-calificado-recaratulado-como-robo-agravado-por-el-empleo-de-arma\/"]}]},{"@type":"BreadcrumbList","@id":"https:\/\/www.celttv.com.ar\/index.php\/2020\/06\/22\/amplian-informacion-sobre-un-robo-calificado-recaratulado-como-robo-agravado-por-el-empleo-de-arma\/#breadcrumb","itemListElement":[{"@type":"ListItem","position":1,"name":"Inicio","item":"https:\/\/www.celttv.com.ar\/"},{"@type":"ListItem","position":2,"name":"Amplian informaci\u00f3n sobre un robo calificado, recaratulado como robo agravado por el empleo de arma"}]},{"@type":"WebSite","@id":"https:\/\/www.celttv.com.ar\/#website","url":"https:\/\/www.celttv.com.ar\/","name":"CELTTV","description":"Cooperativa El\u00e9ctrica de Tornquist","publisher":{"@id":"https:\/\/www.celttv.com.ar\/#organization"},"potentialAction":[{"@type":"SearchAction","target":{"@type":"EntryPoint","urlTemplate":"https:\/\/www.celttv.com.ar\/?s={search_term_string}"},"query-input":"required name=search_term_string"}],"inLanguage":"es"},{"@type":"Organization","@id":"https:\/\/www.celttv.com.ar\/#organization","name":"CELTTV","url":"https:\/\/www.celttv.com.ar\/","sameAs":["https:\/\/www.youtube.com\/channel\/UCz_oIt8Hig64Ub-EmcNPIhg","https:\/\/www.facebook.com\/celtTV\/"],"logo":{"@type":"ImageObject","inLanguage":"es","@id":"https:\/\/www.celttv.com.ar\/#\/schema\/logo\/image\/","url":"http:\/\/www.celttv.com.ar\/wp-content\/uploads\/2022\/08\/logo-1.png","contentUrl":"http:\/\/www.celttv.com.ar\/wp-content\/uploads\/2022\/08\/logo-1.png","width":461,"height":159,"caption":"CELTTV"},"image":{"@id":"https:\/\/www.celttv.com.ar\/#\/schema\/logo\/image\/"}},{"@type":"Person","@id":"https:\/\/www.celttv.com.ar\/#\/schema\/person\/6d99c072dba59953809c81446e9d0ace","name":"ulises","image":{"@type":"ImageObject","inLanguage":"es","@id":"https:\/\/www.celttv.com.ar\/#\/schema\/person\/image\/","url":"https:\/\/secure.gravatar.com\/avatar\/7f2c48bdc33b30088f941fb6082e555f2874c98e20cb159d7b92b50eadfce793?s=96&d=mm&r=g","contentUrl":"https:\/\/secure.gravatar.com\/avatar\/7f2c48bdc33b30088f941fb6082e555f2874c98e20cb159d7b92b50eadfce793?s=96&d=mm&r=g","caption":"ulises"},"sameAs":["http:\/\/www.celttv.com.ar"]}]}},"_links":{"self":[{"href":"https:\/\/www.celttv.com.ar\/index.php\/wp-json\/wp\/v2\/posts\/50027","targetHints":{"allow":["GET"]}}],"collection":[{"href":"https:\/\/www.celttv.com.ar\/index.php\/wp-json\/wp\/v2\/posts"}],"about":[{"href":"https:\/\/www.celttv.com.ar\/index.php\/wp-json\/wp\/v2\/types\/post"}],"author":[{"embeddable":true,"href":"https:\/\/www.celttv.com.ar\/index.php\/wp-json\/wp\/v2\/users\/1"}],"replies":[{"embeddable":true,"href":"https:\/\/www.celttv.com.ar\/index.php\/wp-json\/wp\/v2\/comments?post=50027"}],"version-history":[{"count":0,"href":"https:\/\/www.celttv.com.ar\/index.php\/wp-json\/wp\/v2\/posts\/50027\/revisions"}],"wp:featuredmedia":[{"embeddable":true,"href":"https:\/\/www.celttv.com.ar\/index.php\/wp-json\/wp\/v2\/media\/50032"}],"wp:attachment":[{"href":"https:\/\/www.celttv.com.ar\/index.php\/wp-json\/wp\/v2\/media?parent=50027"}],"wp:term":[{"taxonomy":"category","embeddable":true,"href":"https:\/\/www.celttv.com.ar\/index.php\/wp-json\/wp\/v2\/categories?post=50027"},{"taxonomy":"post_tag","embeddable":true,"href":"https:\/\/www.celttv.com.ar\/index.php\/wp-json\/wp\/v2\/tags?post=50027"}],"curies":[{"name":"wp","href":"https:\/\/api.w.org\/{rel}","templated":true}]}}