{"id":50243,"date":"2020-07-01T21:32:11","date_gmt":"2020-07-01T21:32:11","guid":{"rendered":"http:\/\/www.celttv.com.ar\/?p=50243"},"modified":"2020-07-01T21:32:11","modified_gmt":"2020-07-01T21:32:11","slug":"domingo-bilbao-a-46-anos-del-paso-a-la-inmortalidad-de-juan-domingo-peron","status":"publish","type":"post","link":"https:\/\/www.celttv.com.ar\/index.php\/2020\/07\/01\/domingo-bilbao-a-46-anos-del-paso-a-la-inmortalidad-de-juan-domingo-peron\/","title":{"rendered":"Domingo Bilbao: A 46 a\u00f1os del paso a la inmortalidad de Juan Domingo Per\u00f3n"},"content":{"rendered":"<p>El 1ro. de Julio de 1974 mor\u00eda Juan Domingo Per\u00f3n, militar y pol\u00edtico, tres veces presidente de la Argentina.<\/p>\n<p>A 46 a\u00f1os del paso a la inmortalidad del conductor del Movimiento Justicialista, Juan Domingo Per\u00f3n.<\/p>\n<p>Domingo Bilbao es uno de los &#8220;experimentados referentes&#8221; del peronismo en Tornquist y en di\u00e1logo con CELTTV Noticias resalt\u00f3 la figura del indiscutido lider del Movimiento Justicialista.<\/p>\n<p>&#8220;Per\u00f3n fue un grande&#8221; sintetiz\u00f3 &#8220;Mingo&#8221; al hablar del General Per\u00f3n &#8220;Hubo voluntades\u00a0 parecidas, nacionales y populares; pero Per\u00f3n le agreg\u00f3 a lo nacional y popular, una visi\u00f3n cosmopolita del mundo que, para la \u00e9poca, pensemos varias d\u00e9cadas atras, realmente era de avanzada&#8221; asegur\u00f3.<\/p>\n<p>&#8220;Per\u00f3n produjo una revoluci\u00f3n social que fue \u00fanica; en diez a\u00f1os produjo lo que en Argentina no hab\u00eda concretado&#8221; agreg\u00f3.<\/p>\n<p><a href=\"https:\/\/youtu.be\/qZlA7UPPaCU\"><strong>AQUI NOTA COMPLETA EN VIDEO\u00a0<\/strong><\/a><\/p>\n<div><strong>Mensaje del Frente de Todos Tornquist<\/strong><\/div>\n<div><strong>&#8220;Esa unidad, base de toda felicidad futura, ha de fundarse en un estrato formidable de este pueblo, que al mostrarse hoy en esta plaza, est\u00e1 indicando al mundo su grandeza espiritual y material&#8221;. (Juan Domingo Per\u00f3n )<br \/>\n<\/strong><\/div>\n<div dir=\"ltr\"><strong>En este nuevo aniversario de su paso a la inmortalidad el Frente de Todos Tornquist rinde un sentido homenaje a quien fue tres veces Presidente de nuestra Patria elegido por voluntad popular.<\/strong><\/div>\n<div><strong>FRENTE DE TODOS TORNQUIST<\/strong><\/div>\n<div><\/div>\n","protected":false},"excerpt":{"rendered":"<p>El 1ro. de Julio de 1974 mor\u00eda Juan Domingo Per\u00f3n, militar y pol\u00edtico, tres veces presidente de la Argentina. A 46 a\u00f1os del paso a la inmortalidad del conductor del Movimiento Justicialista, Juan Domingo Per\u00f3n. Domingo Bilbao es uno de los &#8220;experimentados referentes&#8221; del peronismo en Tornquist y en di\u00e1logo con CELTTV Noticias resalt\u00f3 la [&hellip;]<\/p>\n","protected":false},"author":1,"featured_media":50244,"comment_status":"closed","ping_status":"open","sticky":false,"template":"","format":"standard","meta":{"footnotes":""},"categories":[51,52,53],"tags":[],"class_list":["post-50243","post","type-post","status-publish","format-standard","has-post-thumbnail","hentry","category-comunidad","category-destacadas","category-politica"],"yoast_head":"<!-- This site is optimized with the Yoast SEO plugin v19.7.1 - https:\/\/yoast.com\/wordpress\/plugins\/seo\/ -->\n<title>Domingo Bilbao: A 46 a\u00f1os del paso a la inmortalidad de Juan Domingo Per\u00f3n - CELTTV<\/title>\n<meta name=\"description\" content=\"Sitio web de noticias de la localidad de Tornquist, provincia de Buenos Aires, Rep\u00fablica Argentina. Contenido propio originado por periodistas de CELTTV, el canal de TV local de la Cooperativa El\u00e9ctrica de Tornquist. Turismo, Pol\u00edtica, Sociedad, Deporte, Cultura y todo el contenido de inter\u00e9s general que la gente del pueblo y la regi\u00f3n debe conocer.\" \/>\n<meta name=\"robots\" content=\"index, follow, max-snippet:-1, max-image-preview:large, max-video-preview:-1\" \/>\n<link rel=\"canonical\" href=\"https:\/\/www.celttv.com.ar\/index.php\/2020\/07\/01\/domingo-bilbao-a-46-anos-del-paso-a-la-inmortalidad-de-juan-domingo-peron\/\" \/>\n<meta property=\"og:locale\" content=\"es_ES\" \/>\n<meta property=\"og:type\" content=\"article\" \/>\n<meta property=\"og:title\" content=\"Domingo Bilbao: A 46 a\u00f1os del paso a la inmortalidad de Juan Domingo Per\u00f3n - CELTTV\" \/>\n<meta property=\"og:description\" content=\"Sitio web de noticias de la localidad de Tornquist, provincia de Buenos Aires, Rep\u00fablica Argentina. Contenido propio originado por periodistas de CELTTV, el canal de TV local de la Cooperativa El\u00e9ctrica de Tornquist. Turismo, Pol\u00edtica, Sociedad, Deporte, Cultura y todo el contenido de inter\u00e9s general que la gente del pueblo y la regi\u00f3n debe conocer.\" \/>\n<meta property=\"og:url\" content=\"https:\/\/www.celttv.com.ar\/index.php\/2020\/07\/01\/domingo-bilbao-a-46-anos-del-paso-a-la-inmortalidad-de-juan-domingo-peron\/\" \/>\n<meta property=\"og:site_name\" content=\"CELTTV\" \/>\n<meta property=\"article:publisher\" content=\"https:\/\/www.facebook.com\/celtTV\/\" \/>\n<meta property=\"article:published_time\" content=\"2020-07-01T21:32:11+00:00\" \/>\n<meta property=\"og:image\" content=\"https:\/\/www.celttv.com.ar\/wp-content\/uploads\/2020\/07\/1-DE-JULIO-FRENTE-DE-TODOS.jpg\" \/>\n\t<meta property=\"og:image:width\" content=\"1024\" \/>\n\t<meta property=\"og:image:height\" content=\"512\" \/>\n\t<meta property=\"og:image:type\" content=\"image\/jpeg\" \/>\n<meta name=\"author\" content=\"ulises\" \/>\n<meta name=\"twitter:card\" content=\"summary_large_image\" \/>\n<meta name=\"twitter:label1\" content=\"Escrito por\" \/>\n\t<meta name=\"twitter:data1\" content=\"ulises\" \/>\n\t<meta name=\"twitter:label2\" content=\"Tiempo de lectura\" \/>\n\t<meta name=\"twitter:data2\" content=\"1 minuto\" \/>\n<script type=\"application\/ld+json\" class=\"yoast-schema-graph\">{\"@context\":\"https:\/\/schema.org\",\"@graph\":[{\"@type\":\"NewsArticle\",\"@id\":\"https:\/\/www.celttv.com.ar\/index.php\/2020\/07\/01\/domingo-bilbao-a-46-anos-del-paso-a-la-inmortalidad-de-juan-domingo-peron\/#article\",\"isPartOf\":{\"@id\":\"https:\/\/www.celttv.com.ar\/index.php\/2020\/07\/01\/domingo-bilbao-a-46-anos-del-paso-a-la-inmortalidad-de-juan-domingo-peron\/\"},\"author\":{\"name\":\"ulises\",\"@id\":\"https:\/\/www.celttv.com.ar\/#\/schema\/person\/6d99c072dba59953809c81446e9d0ace\"},\"headline\":\"Domingo Bilbao: A 46 a\u00f1os del paso a la inmortalidad de Juan Domingo Per\u00f3n\",\"datePublished\":\"2020-07-01T21:32:11+00:00\",\"dateModified\":\"2020-07-01T21:32:11+00:00\",\"mainEntityOfPage\":{\"@id\":\"https:\/\/www.celttv.com.ar\/index.php\/2020\/07\/01\/domingo-bilbao-a-46-anos-del-paso-a-la-inmortalidad-de-juan-domingo-peron\/\"},\"wordCount\":238,\"publisher\":{\"@id\":\"https:\/\/www.celttv.com.ar\/#organization\"},\"articleSection\":[\"Comunidad\",\"Destacadas\",\"Pol\u00edtica\"],\"inLanguage\":\"es\"},{\"@type\":\"WebPage\",\"@id\":\"https:\/\/www.celttv.com.ar\/index.php\/2020\/07\/01\/domingo-bilbao-a-46-anos-del-paso-a-la-inmortalidad-de-juan-domingo-peron\/\",\"url\":\"https:\/\/www.celttv.com.ar\/index.php\/2020\/07\/01\/domingo-bilbao-a-46-anos-del-paso-a-la-inmortalidad-de-juan-domingo-peron\/\",\"name\":\"Domingo Bilbao: A 46 a\u00f1os del paso a la inmortalidad de Juan Domingo Per\u00f3n - CELTTV\",\"isPartOf\":{\"@id\":\"https:\/\/www.celttv.com.ar\/#website\"},\"datePublished\":\"2020-07-01T21:32:11+00:00\",\"dateModified\":\"2020-07-01T21:32:11+00:00\",\"description\":\"Sitio web de noticias de la localidad de Tornquist, provincia de Buenos Aires, Rep\u00fablica Argentina. Contenido propio originado por periodistas de CELTTV, el canal de TV local de la Cooperativa El\u00e9ctrica de Tornquist. Turismo, Pol\u00edtica, Sociedad, Deporte, Cultura y todo el contenido de inter\u00e9s general que la gente del pueblo y la regi\u00f3n debe conocer.\",\"breadcrumb\":{\"@id\":\"https:\/\/www.celttv.com.ar\/index.php\/2020\/07\/01\/domingo-bilbao-a-46-anos-del-paso-a-la-inmortalidad-de-juan-domingo-peron\/#breadcrumb\"},\"inLanguage\":\"es\",\"potentialAction\":[{\"@type\":\"ReadAction\",\"target\":[\"https:\/\/www.celttv.com.ar\/index.php\/2020\/07\/01\/domingo-bilbao-a-46-anos-del-paso-a-la-inmortalidad-de-juan-domingo-peron\/\"]}]},{\"@type\":\"BreadcrumbList\",\"@id\":\"https:\/\/www.celttv.com.ar\/index.php\/2020\/07\/01\/domingo-bilbao-a-46-anos-del-paso-a-la-inmortalidad-de-juan-domingo-peron\/#breadcrumb\",\"itemListElement\":[{\"@type\":\"ListItem\",\"position\":1,\"name\":\"Inicio\",\"item\":\"https:\/\/www.celttv.com.ar\/\"},{\"@type\":\"ListItem\",\"position\":2,\"name\":\"Domingo Bilbao: A 46 a\u00f1os del paso a la inmortalidad de Juan Domingo Per\u00f3n\"}]},{\"@type\":\"WebSite\",\"@id\":\"https:\/\/www.celttv.com.ar\/#website\",\"url\":\"https:\/\/www.celttv.com.ar\/\",\"name\":\"CELTTV\",\"description\":\"Cooperativa El\u00e9ctrica de Tornquist\",\"publisher\":{\"@id\":\"https:\/\/www.celttv.com.ar\/#organization\"},\"potentialAction\":[{\"@type\":\"SearchAction\",\"target\":{\"@type\":\"EntryPoint\",\"urlTemplate\":\"https:\/\/www.celttv.com.ar\/?s={search_term_string}\"},\"query-input\":\"required name=search_term_string\"}],\"inLanguage\":\"es\"},{\"@type\":\"Organization\",\"@id\":\"https:\/\/www.celttv.com.ar\/#organization\",\"name\":\"CELTTV\",\"url\":\"https:\/\/www.celttv.com.ar\/\",\"sameAs\":[\"https:\/\/www.youtube.com\/channel\/UCz_oIt8Hig64Ub-EmcNPIhg\",\"https:\/\/www.facebook.com\/celtTV\/\"],\"logo\":{\"@type\":\"ImageObject\",\"inLanguage\":\"es\",\"@id\":\"https:\/\/www.celttv.com.ar\/#\/schema\/logo\/image\/\",\"url\":\"http:\/\/www.celttv.com.ar\/wp-content\/uploads\/2022\/08\/logo-1.png\",\"contentUrl\":\"http:\/\/www.celttv.com.ar\/wp-content\/uploads\/2022\/08\/logo-1.png\",\"width\":461,\"height\":159,\"caption\":\"CELTTV\"},\"image\":{\"@id\":\"https:\/\/www.celttv.com.ar\/#\/schema\/logo\/image\/\"}},{\"@type\":\"Person\",\"@id\":\"https:\/\/www.celttv.com.ar\/#\/schema\/person\/6d99c072dba59953809c81446e9d0ace\",\"name\":\"ulises\",\"image\":{\"@type\":\"ImageObject\",\"inLanguage\":\"es\",\"@id\":\"https:\/\/www.celttv.com.ar\/#\/schema\/person\/image\/\",\"url\":\"https:\/\/secure.gravatar.com\/avatar\/7f2c48bdc33b30088f941fb6082e555f2874c98e20cb159d7b92b50eadfce793?s=96&d=mm&r=g\",\"contentUrl\":\"https:\/\/secure.gravatar.com\/avatar\/7f2c48bdc33b30088f941fb6082e555f2874c98e20cb159d7b92b50eadfce793?s=96&d=mm&r=g\",\"caption\":\"ulises\"},\"sameAs\":[\"http:\/\/www.celttv.com.ar\"]}]}<\/script>\n<!-- \/ Yoast SEO plugin. -->","yoast_head_json":{"title":"Domingo Bilbao: A 46 a\u00f1os del paso a la inmortalidad de Juan Domingo Per\u00f3n - CELTTV","description":"Sitio web de noticias de la localidad de Tornquist, provincia de Buenos Aires, Rep\u00fablica Argentina. Contenido propio originado por periodistas de CELTTV, el canal de TV local de la Cooperativa El\u00e9ctrica de Tornquist. Turismo, Pol\u00edtica, Sociedad, Deporte, Cultura y todo el contenido de inter\u00e9s general que la gente del pueblo y la regi\u00f3n debe conocer.","robots":{"index":"index","follow":"follow","max-snippet":"max-snippet:-1","max-image-preview":"max-image-preview:large","max-video-preview":"max-video-preview:-1"},"canonical":"https:\/\/www.celttv.com.ar\/index.php\/2020\/07\/01\/domingo-bilbao-a-46-anos-del-paso-a-la-inmortalidad-de-juan-domingo-peron\/","og_locale":"es_ES","og_type":"article","og_title":"Domingo Bilbao: A 46 a\u00f1os del paso a la inmortalidad de Juan Domingo Per\u00f3n - CELTTV","og_description":"Sitio web de noticias de la localidad de Tornquist, provincia de Buenos Aires, Rep\u00fablica Argentina. Contenido propio originado por periodistas de CELTTV, el canal de TV local de la Cooperativa El\u00e9ctrica de Tornquist. Turismo, Pol\u00edtica, Sociedad, Deporte, Cultura y todo el contenido de inter\u00e9s general que la gente del pueblo y la regi\u00f3n debe conocer.","og_url":"https:\/\/www.celttv.com.ar\/index.php\/2020\/07\/01\/domingo-bilbao-a-46-anos-del-paso-a-la-inmortalidad-de-juan-domingo-peron\/","og_site_name":"CELTTV","article_publisher":"https:\/\/www.facebook.com\/celtTV\/","article_published_time":"2020-07-01T21:32:11+00:00","og_image":[{"width":1024,"height":512,"url":"https:\/\/www.celttv.com.ar\/wp-content\/uploads\/2020\/07\/1-DE-JULIO-FRENTE-DE-TODOS.jpg","type":"image\/jpeg"}],"author":"ulises","twitter_card":"summary_large_image","twitter_misc":{"Escrito por":"ulises","Tiempo de lectura":"1 minuto"},"schema":{"@context":"https:\/\/schema.org","@graph":[{"@type":"NewsArticle","@id":"https:\/\/www.celttv.com.ar\/index.php\/2020\/07\/01\/domingo-bilbao-a-46-anos-del-paso-a-la-inmortalidad-de-juan-domingo-peron\/#article","isPartOf":{"@id":"https:\/\/www.celttv.com.ar\/index.php\/2020\/07\/01\/domingo-bilbao-a-46-anos-del-paso-a-la-inmortalidad-de-juan-domingo-peron\/"},"author":{"name":"ulises","@id":"https:\/\/www.celttv.com.ar\/#\/schema\/person\/6d99c072dba59953809c81446e9d0ace"},"headline":"Domingo Bilbao: A 46 a\u00f1os del paso a la inmortalidad de Juan Domingo Per\u00f3n","datePublished":"2020-07-01T21:32:11+00:00","dateModified":"2020-07-01T21:32:11+00:00","mainEntityOfPage":{"@id":"https:\/\/www.celttv.com.ar\/index.php\/2020\/07\/01\/domingo-bilbao-a-46-anos-del-paso-a-la-inmortalidad-de-juan-domingo-peron\/"},"wordCount":238,"publisher":{"@id":"https:\/\/www.celttv.com.ar\/#organization"},"articleSection":["Comunidad","Destacadas","Pol\u00edtica"],"inLanguage":"es"},{"@type":"WebPage","@id":"https:\/\/www.celttv.com.ar\/index.php\/2020\/07\/01\/domingo-bilbao-a-46-anos-del-paso-a-la-inmortalidad-de-juan-domingo-peron\/","url":"https:\/\/www.celttv.com.ar\/index.php\/2020\/07\/01\/domingo-bilbao-a-46-anos-del-paso-a-la-inmortalidad-de-juan-domingo-peron\/","name":"Domingo Bilbao: A 46 a\u00f1os del paso a la inmortalidad de Juan Domingo Per\u00f3n - CELTTV","isPartOf":{"@id":"https:\/\/www.celttv.com.ar\/#website"},"datePublished":"2020-07-01T21:32:11+00:00","dateModified":"2020-07-01T21:32:11+00:00","description":"Sitio web de noticias de la localidad de Tornquist, provincia de Buenos Aires, Rep\u00fablica Argentina. Contenido propio originado por periodistas de CELTTV, el canal de TV local de la Cooperativa El\u00e9ctrica de Tornquist. Turismo, Pol\u00edtica, Sociedad, Deporte, Cultura y todo el contenido de inter\u00e9s general que la gente del pueblo y la regi\u00f3n debe conocer.","breadcrumb":{"@id":"https:\/\/www.celttv.com.ar\/index.php\/2020\/07\/01\/domingo-bilbao-a-46-anos-del-paso-a-la-inmortalidad-de-juan-domingo-peron\/#breadcrumb"},"inLanguage":"es","potentialAction":[{"@type":"ReadAction","target":["https:\/\/www.celttv.com.ar\/index.php\/2020\/07\/01\/domingo-bilbao-a-46-anos-del-paso-a-la-inmortalidad-de-juan-domingo-peron\/"]}]},{"@type":"BreadcrumbList","@id":"https:\/\/www.celttv.com.ar\/index.php\/2020\/07\/01\/domingo-bilbao-a-46-anos-del-paso-a-la-inmortalidad-de-juan-domingo-peron\/#breadcrumb","itemListElement":[{"@type":"ListItem","position":1,"name":"Inicio","item":"https:\/\/www.celttv.com.ar\/"},{"@type":"ListItem","position":2,"name":"Domingo Bilbao: A 46 a\u00f1os del paso a la inmortalidad de Juan Domingo Per\u00f3n"}]},{"@type":"WebSite","@id":"https:\/\/www.celttv.com.ar\/#website","url":"https:\/\/www.celttv.com.ar\/","name":"CELTTV","description":"Cooperativa El\u00e9ctrica de Tornquist","publisher":{"@id":"https:\/\/www.celttv.com.ar\/#organization"},"potentialAction":[{"@type":"SearchAction","target":{"@type":"EntryPoint","urlTemplate":"https:\/\/www.celttv.com.ar\/?s={search_term_string}"},"query-input":"required name=search_term_string"}],"inLanguage":"es"},{"@type":"Organization","@id":"https:\/\/www.celttv.com.ar\/#organization","name":"CELTTV","url":"https:\/\/www.celttv.com.ar\/","sameAs":["https:\/\/www.youtube.com\/channel\/UCz_oIt8Hig64Ub-EmcNPIhg","https:\/\/www.facebook.com\/celtTV\/"],"logo":{"@type":"ImageObject","inLanguage":"es","@id":"https:\/\/www.celttv.com.ar\/#\/schema\/logo\/image\/","url":"http:\/\/www.celttv.com.ar\/wp-content\/uploads\/2022\/08\/logo-1.png","contentUrl":"http:\/\/www.celttv.com.ar\/wp-content\/uploads\/2022\/08\/logo-1.png","width":461,"height":159,"caption":"CELTTV"},"image":{"@id":"https:\/\/www.celttv.com.ar\/#\/schema\/logo\/image\/"}},{"@type":"Person","@id":"https:\/\/www.celttv.com.ar\/#\/schema\/person\/6d99c072dba59953809c81446e9d0ace","name":"ulises","image":{"@type":"ImageObject","inLanguage":"es","@id":"https:\/\/www.celttv.com.ar\/#\/schema\/person\/image\/","url":"https:\/\/secure.gravatar.com\/avatar\/7f2c48bdc33b30088f941fb6082e555f2874c98e20cb159d7b92b50eadfce793?s=96&d=mm&r=g","contentUrl":"https:\/\/secure.gravatar.com\/avatar\/7f2c48bdc33b30088f941fb6082e555f2874c98e20cb159d7b92b50eadfce793?s=96&d=mm&r=g","caption":"ulises"},"sameAs":["http:\/\/www.celttv.com.ar"]}]}},"_links":{"self":[{"href":"https:\/\/www.celttv.com.ar\/index.php\/wp-json\/wp\/v2\/posts\/50243","targetHints":{"allow":["GET"]}}],"collection":[{"href":"https:\/\/www.celttv.com.ar\/index.php\/wp-json\/wp\/v2\/posts"}],"about":[{"href":"https:\/\/www.celttv.com.ar\/index.php\/wp-json\/wp\/v2\/types\/post"}],"author":[{"embeddable":true,"href":"https:\/\/www.celttv.com.ar\/index.php\/wp-json\/wp\/v2\/users\/1"}],"replies":[{"embeddable":true,"href":"https:\/\/www.celttv.com.ar\/index.php\/wp-json\/wp\/v2\/comments?post=50243"}],"version-history":[{"count":0,"href":"https:\/\/www.celttv.com.ar\/index.php\/wp-json\/wp\/v2\/posts\/50243\/revisions"}],"wp:featuredmedia":[{"embeddable":true,"href":"https:\/\/www.celttv.com.ar\/index.php\/wp-json\/wp\/v2\/media\/50244"}],"wp:attachment":[{"href":"https:\/\/www.celttv.com.ar\/index.php\/wp-json\/wp\/v2\/media?parent=50243"}],"wp:term":[{"taxonomy":"category","embeddable":true,"href":"https:\/\/www.celttv.com.ar\/index.php\/wp-json\/wp\/v2\/categories?post=50243"},{"taxonomy":"post_tag","embeddable":true,"href":"https:\/\/www.celttv.com.ar\/index.php\/wp-json\/wp\/v2\/tags?post=50243"}],"curies":[{"name":"wp","href":"https:\/\/api.w.org\/{rel}","templated":true}]}}