{"id":50246,"date":"2020-07-01T21:46:33","date_gmt":"2020-07-01T21:46:33","guid":{"rendered":"http:\/\/www.celttv.com.ar\/?p=50246"},"modified":"2020-07-01T21:46:33","modified_gmt":"2020-07-01T21:46:33","slug":"sergio-bordoni-llegaron-los-respiradores-y-tenemos-la-aparatologia-necesaria-para-una-futura-terapia-intensiva","status":"publish","type":"post","link":"https:\/\/www.celttv.com.ar\/index.php\/2020\/07\/01\/sergio-bordoni-llegaron-los-respiradores-y-tenemos-la-aparatologia-necesaria-para-una-futura-terapia-intensiva\/","title":{"rendered":"Sergio Bordoni: \u201cLlegaron los respiradores y tenemos la aparatolog\u00eda necesaria para una futura terapia intensiva&#8221;"},"content":{"rendered":"<p>En las \u00faltimas horas se concret\u00f3 la llegada de dos nuevos respiradores artificiales al distrito que se sumaron al ya existente y, de esta manera, este mi\u00e9rcoles quedaron habilitadas tres salas de terapia intermedia para la atenci\u00f3n de futuros pacientes con coronavirus en el Hospital Municipal de Tornquist.<\/p>\n<p>En ese marco, estuvieron presentes en el nosocomio el intendente municipal,\u00a0<strong>Sergio Bordoni<\/strong>, el Secretario de Salud,\u00a0<strong>Miguel Pagnotta<\/strong>, y el Director M\u00e9dico,\u00a0<strong>Dr. Daniel Barca<\/strong>.<\/p>\n<p>\u201cLlegaron los respiradores y tenemos la aparatolog\u00eda necesaria para una futura terapia intensiva; pero al menos ahora tenemos equipadas cuatro habitaciones para hacer de soporte en caso de que tengamos que derivar pacientes a lugares m\u00e1s complejos\u201d, explic\u00f3 el intendente Bordoni.<\/p>\n<p>\u201cOjala no los tengamos que utilizar, pero estamos prepar\u00e1ndonos porque en Bah\u00eda se est\u00e1n incrementando los casos y Pr\u00edngles ya tiene un infectado de coronavirus; las balas est\u00e1n picando cerca y no creo que seamos la excepci\u00f3n de no tener ning\u00fan caso\u201d, a\u00f1adi\u00f3.<\/p>\n<p>Respecto a las obras realizadas en el nosocomio, el jefe comunal puntualiz\u00f3 que \u201cdesde el momento que arrancamos con la pandemia, se empez\u00f3 a trabajar, es todo nuevo, se trabaj\u00f3 much\u00edsimo y se capacit\u00f3 al personal\u201d.<\/p>\n<p>\u201cHubo mucha gente que don\u00f3 mucho dinero, tanto asociaciones como particulares, y se compraron dos respiradores y un monitor multiparam\u00e9trico. Para la terapia intensiva, solamente nos falta el material humano, que es lo m\u00e1s dif\u00edcil de conseguir\u201d, agrego.<\/p>\n<p>En cuanto a la incorporaci\u00f3n de m\u00e1s aparatolog\u00eda, Bordoni adelant\u00f3 que \u201cesta semana tiene que llegar el ec\u00f3grafo nuevo, estamos en tratativas por un tom\u00f3grafo, y a la espera de que nos aprueben el leasing para tener una planta de oxigeno nueva en el distrito\u201d.<\/p>\n<p>\u201cEstamos tratando de equiparnos y poder dar una respuesta ante la emergencia\u201d, dijo por su parte Barca. \u201cLa demanda sabemos que es infinita, pero necesitamos dar un poco de soporte para la demora que vamos a tener en conseguir la atenci\u00f3n de complejidad, en lugar como Bah\u00eda Blanca, porque ya van a estar con capacidad casi completa; de esta forma, s\u00ed vamos a poder dar a la poblaci\u00f3n un soporte inicial al paciente critico que nos permita llevarlo estable a la derivaci\u00f3n\u201d, manifest\u00f3.<\/p>\n<p>En cuanto a las otras patolog\u00edas, son protocolos a los que nos tenemos que acostumbrar a trabajar de forma distinta, hoy en todos los hospiales hay distintos sietemas de circulaci\u00f3n de pacientes, estamos en el picod e mayor circulaci\u00f3n de patolog\u00edas virales,<\/p>\n<p>En relaci\u00f3n a la atenci\u00f3n de otras patolog\u00edas, \u201cahora tenemos que hacer una selecci\u00f3n, en el hospital nos preparamos para tener una circulaci\u00f3n distinta para un paciente con s\u00edntomas respiratorios, con un sector de atenci\u00f3n especial y una sala de espera especial, y todo reencaminado a que, si ese paciente puede ser sospechoso, tenga un lugar de circulaci\u00f3n que evite la posible contaminaci\u00f3n de los sectores comunes. De esa forma dar\u00edamos contenci\u00f3n a los casos y quedar\u00edan internados en un solo lugar\u201d.<\/p>\n<p>\u201cEl factor psicol\u00f3gico est\u00e1 siendo un gran problema y un descubrimiento con esta nueva enfermedad \u2013dijo m\u00e1s adelante-. Como hemos visto en Europa, fue un gran problema tener que ver morir sin poder ayudar. Hoy para nosotros es un impacto tener un paciente con coronavirus, porque lo tenemos que atender a distancia, recurrir a tecnolog\u00edas y monitorearlo por c\u00e1mara, porque est\u00e1 solo en la habitaci\u00f3n\u201d.<\/p>\n<p>Respecto a la situaci\u00f3n de la enfermedad a nivel mundial, Barca asegur\u00f3 que \u201cestamos en una fase experimental, de conocimiento e investigaci\u00f3n del virus. Es un virus que est\u00e1 cambiando su comportamiento, no sabemos si lo vamos a poder controlar prontamente con vacunas o si vamos a tener que esperar que el 80% de la poblaci\u00f3n est\u00e9 en contacto. Tristemente hay cosas que vinieron para quedarse. Nos vamos a tener que acostumbrar a los tapabocas, al distanciamiento social, a que pase un buen tiempo hasta que tengamos fiestas multitudinarias y vamos a tener que hasta cambiar nuestra vacaciones\u201d.<\/p>\n<p>A su turno, Miguel Pagnotta afirm\u00f3 que, frente a lo que gener\u00f3 la pandemia a nivel mental, \u201ctodas las psic\u00f3logas del hospital est\u00e1n constantemente verificando y controlando lo que pasa tanto con pacientes como a nivel de los profesionales; esto nos agarra totalmente desprevenidos, por lo tanto hay angustia, miedo e incertidumbre\u201d.<\/p>\n<p>\u201cSigamos cuid\u00e1ndonos de la misma manera, seamos responsables con la flexibilizaci\u00f3n, estamos en una fase y es muy complicado volver para atr\u00e1s, econ\u00f3mica y psicol\u00f3gicamente\u201d, cerr\u00f3.<\/p>\n<p><a href=\"http:\/\/www.celttv.com.ar\/?attachment_id=50247\" rel=\"attachment wp-att-50247\"><img loading=\"lazy\" decoding=\"async\" class=\"alignleft size-full wp-image-50247\" src=\"http:\/\/www.celttv.com.ar\/wp-content\/uploads\/2020\/07\/whatsapp-image-20200701-at-15.45.19.jpeg_1032.jpeg\" alt=\"\" width=\"1032\" height=\"581\" srcset=\"https:\/\/www.celttv.com.ar\/wp-content\/uploads\/2020\/07\/whatsapp-image-20200701-at-15.45.19.jpeg_1032.jpeg 1032w, https:\/\/www.celttv.com.ar\/wp-content\/uploads\/2020\/07\/whatsapp-image-20200701-at-15.45.19.jpeg_1032-300x169.jpeg 300w, https:\/\/www.celttv.com.ar\/wp-content\/uploads\/2020\/07\/whatsapp-image-20200701-at-15.45.19.jpeg_1032-1024x576.jpeg 1024w, https:\/\/www.celttv.com.ar\/wp-content\/uploads\/2020\/07\/whatsapp-image-20200701-at-15.45.19.jpeg_1032-768x432.jpeg 768w, https:\/\/www.celttv.com.ar\/wp-content\/uploads\/2020\/07\/whatsapp-image-20200701-at-15.45.19.jpeg_1032-750x422.jpeg 750w\" sizes=\"auto, (max-width: 1032px) 100vw, 1032px\" \/><\/a> <a href=\"http:\/\/www.celttv.com.ar\/?attachment_id=50248\" rel=\"attachment wp-att-50248\"><img loading=\"lazy\" decoding=\"async\" class=\"alignleft size-medium wp-image-50248\" src=\"http:\/\/www.celttv.com.ar\/wp-content\/uploads\/2020\/07\/whatsapp-image-20200701-at-15.45.19-1.jpeg_1032.jpeg\" alt=\"\" width=\"780\" height=\"439\" srcset=\"https:\/\/www.celttv.com.ar\/wp-content\/uploads\/2020\/07\/whatsapp-image-20200701-at-15.45.19-1.jpeg_1032.jpeg 1032w, https:\/\/www.celttv.com.ar\/wp-content\/uploads\/2020\/07\/whatsapp-image-20200701-at-15.45.19-1.jpeg_1032-300x169.jpeg 300w, https:\/\/www.celttv.com.ar\/wp-content\/uploads\/2020\/07\/whatsapp-image-20200701-at-15.45.19-1.jpeg_1032-1024x576.jpeg 1024w, https:\/\/www.celttv.com.ar\/wp-content\/uploads\/2020\/07\/whatsapp-image-20200701-at-15.45.19-1.jpeg_1032-768x432.jpeg 768w, https:\/\/www.celttv.com.ar\/wp-content\/uploads\/2020\/07\/whatsapp-image-20200701-at-15.45.19-1.jpeg_1032-750x422.jpeg 750w\" sizes=\"auto, (max-width: 780px) 100vw, 780px\" \/><\/a> <a href=\"http:\/\/www.celttv.com.ar\/?attachment_id=50249\" rel=\"attachment wp-att-50249\"><img loading=\"lazy\" decoding=\"async\" class=\"alignleft size-medium wp-image-50249\" src=\"http:\/\/www.celttv.com.ar\/wp-content\/uploads\/2020\/07\/whatsapp-image-20200701-at-15.45.20-1.jpeg_1032.jpeg\" alt=\"\" width=\"780\" height=\"439\" srcset=\"https:\/\/www.celttv.com.ar\/wp-content\/uploads\/2020\/07\/whatsapp-image-20200701-at-15.45.20-1.jpeg_1032.jpeg 1032w, https:\/\/www.celttv.com.ar\/wp-content\/uploads\/2020\/07\/whatsapp-image-20200701-at-15.45.20-1.jpeg_1032-300x169.jpeg 300w, https:\/\/www.celttv.com.ar\/wp-content\/uploads\/2020\/07\/whatsapp-image-20200701-at-15.45.20-1.jpeg_1032-1024x576.jpeg 1024w, https:\/\/www.celttv.com.ar\/wp-content\/uploads\/2020\/07\/whatsapp-image-20200701-at-15.45.20-1.jpeg_1032-768x432.jpeg 768w, https:\/\/www.celttv.com.ar\/wp-content\/uploads\/2020\/07\/whatsapp-image-20200701-at-15.45.20-1.jpeg_1032-750x422.jpeg 750w\" sizes=\"auto, (max-width: 780px) 100vw, 780px\" \/><\/a> <a href=\"http:\/\/www.celttv.com.ar\/?attachment_id=50250\" rel=\"attachment wp-att-50250\"><img loading=\"lazy\" decoding=\"async\" class=\"alignleft size-medium wp-image-50250\" src=\"http:\/\/www.celttv.com.ar\/wp-content\/uploads\/2020\/07\/whatsapp-image-20200701-at-15.45.20-2.jpeg_1032.jpeg\" alt=\"\" width=\"780\" height=\"439\" srcset=\"https:\/\/www.celttv.com.ar\/wp-content\/uploads\/2020\/07\/whatsapp-image-20200701-at-15.45.20-2.jpeg_1032.jpeg 1032w, https:\/\/www.celttv.com.ar\/wp-content\/uploads\/2020\/07\/whatsapp-image-20200701-at-15.45.20-2.jpeg_1032-300x169.jpeg 300w, https:\/\/www.celttv.com.ar\/wp-content\/uploads\/2020\/07\/whatsapp-image-20200701-at-15.45.20-2.jpeg_1032-1024x576.jpeg 1024w, https:\/\/www.celttv.com.ar\/wp-content\/uploads\/2020\/07\/whatsapp-image-20200701-at-15.45.20-2.jpeg_1032-768x432.jpeg 768w, https:\/\/www.celttv.com.ar\/wp-content\/uploads\/2020\/07\/whatsapp-image-20200701-at-15.45.20-2.jpeg_1032-750x422.jpeg 750w\" sizes=\"auto, (max-width: 780px) 100vw, 780px\" \/><\/a> <a href=\"http:\/\/www.celttv.com.ar\/?attachment_id=50251\" rel=\"attachment wp-att-50251\"><img loading=\"lazy\" decoding=\"async\" class=\"alignleft size-medium wp-image-50251\" src=\"http:\/\/www.celttv.com.ar\/wp-content\/uploads\/2020\/07\/whatsapp-image-20200701-at-15.45.21-1.jpeg_1032.jpeg\" alt=\"\" width=\"780\" height=\"439\" srcset=\"https:\/\/www.celttv.com.ar\/wp-content\/uploads\/2020\/07\/whatsapp-image-20200701-at-15.45.21-1.jpeg_1032.jpeg 1032w, https:\/\/www.celttv.com.ar\/wp-content\/uploads\/2020\/07\/whatsapp-image-20200701-at-15.45.21-1.jpeg_1032-300x169.jpeg 300w, https:\/\/www.celttv.com.ar\/wp-content\/uploads\/2020\/07\/whatsapp-image-20200701-at-15.45.21-1.jpeg_1032-1024x576.jpeg 1024w, https:\/\/www.celttv.com.ar\/wp-content\/uploads\/2020\/07\/whatsapp-image-20200701-at-15.45.21-1.jpeg_1032-768x432.jpeg 768w, https:\/\/www.celttv.com.ar\/wp-content\/uploads\/2020\/07\/whatsapp-image-20200701-at-15.45.21-1.jpeg_1032-750x422.jpeg 750w\" sizes=\"auto, (max-width: 780px) 100vw, 780px\" \/><\/a> <a href=\"http:\/\/www.celttv.com.ar\/?attachment_id=50252\" rel=\"attachment wp-att-50252\"><img loading=\"lazy\" decoding=\"async\" class=\"alignleft size-medium wp-image-50252\" src=\"http:\/\/www.celttv.com.ar\/wp-content\/uploads\/2020\/07\/whatsapp-image-20200701-at-16.56.38.jpeg_1280.jpeg\" alt=\"\" width=\"780\" height=\"585\" srcset=\"https:\/\/www.celttv.com.ar\/wp-content\/uploads\/2020\/07\/whatsapp-image-20200701-at-16.56.38.jpeg_1280.jpeg 1280w, https:\/\/www.celttv.com.ar\/wp-content\/uploads\/2020\/07\/whatsapp-image-20200701-at-16.56.38.jpeg_1280-300x225.jpeg 300w, https:\/\/www.celttv.com.ar\/wp-content\/uploads\/2020\/07\/whatsapp-image-20200701-at-16.56.38.jpeg_1280-1024x768.jpeg 1024w, https:\/\/www.celttv.com.ar\/wp-content\/uploads\/2020\/07\/whatsapp-image-20200701-at-16.56.38.jpeg_1280-768x576.jpeg 768w, https:\/\/www.celttv.com.ar\/wp-content\/uploads\/2020\/07\/whatsapp-image-20200701-at-16.56.38.jpeg_1280-750x563.jpeg 750w, https:\/\/www.celttv.com.ar\/wp-content\/uploads\/2020\/07\/whatsapp-image-20200701-at-16.56.38.jpeg_1280-1140x855.jpeg 1140w\" sizes=\"auto, (max-width: 780px) 100vw, 780px\" \/><\/a><\/p>\n","protected":false},"excerpt":{"rendered":"<p>En las \u00faltimas horas se concret\u00f3 la llegada de dos nuevos respiradores artificiales al distrito que se sumaron al ya existente y, de esta manera, este mi\u00e9rcoles quedaron habilitadas tres salas de terapia intermedia para la atenci\u00f3n de futuros pacientes con coronavirus en el Hospital Municipal de Tornquist. En ese marco, estuvieron presentes en el [&hellip;]<\/p>\n","protected":false},"author":1,"featured_media":50250,"comment_status":"closed","ping_status":"open","sticky":false,"template":"","format":"standard","meta":{"footnotes":""},"categories":[51,52],"tags":[],"class_list":["post-50246","post","type-post","status-publish","format-standard","has-post-thumbnail","hentry","category-comunidad","category-destacadas"],"yoast_head":"<!-- This site is optimized with the Yoast SEO plugin v19.7.1 - https:\/\/yoast.com\/wordpress\/plugins\/seo\/ -->\n<title>Sergio Bordoni: \u201cLlegaron los respiradores y tenemos la aparatolog\u00eda necesaria para una futura terapia intensiva&quot; - CELTTV<\/title>\n<meta name=\"description\" content=\"Sitio web de noticias de la localidad de Tornquist, provincia de Buenos Aires, Rep\u00fablica Argentina. Contenido propio originado por periodistas de CELTTV, el canal de TV local de la Cooperativa El\u00e9ctrica de Tornquist. Turismo, Pol\u00edtica, Sociedad, Deporte, Cultura y todo el contenido de inter\u00e9s general que la gente del pueblo y la regi\u00f3n debe conocer.\" \/>\n<meta name=\"robots\" content=\"index, follow, max-snippet:-1, max-image-preview:large, max-video-preview:-1\" \/>\n<link rel=\"canonical\" href=\"https:\/\/www.celttv.com.ar\/index.php\/2020\/07\/01\/sergio-bordoni-llegaron-los-respiradores-y-tenemos-la-aparatologia-necesaria-para-una-futura-terapia-intensiva\/\" \/>\n<meta property=\"og:locale\" content=\"es_ES\" \/>\n<meta property=\"og:type\" content=\"article\" \/>\n<meta property=\"og:title\" content=\"Sergio Bordoni: \u201cLlegaron los respiradores y tenemos la aparatolog\u00eda necesaria para una futura terapia intensiva&quot; - CELTTV\" \/>\n<meta property=\"og:description\" content=\"Sitio web de noticias de la localidad de Tornquist, provincia de Buenos Aires, Rep\u00fablica Argentina. Contenido propio originado por periodistas de CELTTV, el canal de TV local de la Cooperativa El\u00e9ctrica de Tornquist. Turismo, Pol\u00edtica, Sociedad, Deporte, Cultura y todo el contenido de inter\u00e9s general que la gente del pueblo y la regi\u00f3n debe conocer.\" \/>\n<meta property=\"og:url\" content=\"https:\/\/www.celttv.com.ar\/index.php\/2020\/07\/01\/sergio-bordoni-llegaron-los-respiradores-y-tenemos-la-aparatologia-necesaria-para-una-futura-terapia-intensiva\/\" \/>\n<meta property=\"og:site_name\" content=\"CELTTV\" \/>\n<meta property=\"article:publisher\" content=\"https:\/\/www.facebook.com\/celtTV\/\" \/>\n<meta property=\"article:published_time\" content=\"2020-07-01T21:46:33+00:00\" \/>\n<meta property=\"og:image\" content=\"https:\/\/www.celttv.com.ar\/wp-content\/uploads\/2020\/07\/whatsapp-image-20200701-at-15.45.20-2.jpeg_1032.jpeg\" \/>\n\t<meta property=\"og:image:width\" content=\"1032\" \/>\n\t<meta property=\"og:image:height\" content=\"581\" \/>\n\t<meta property=\"og:image:type\" content=\"image\/jpeg\" \/>\n<meta name=\"author\" content=\"ulises\" \/>\n<meta name=\"twitter:card\" content=\"summary_large_image\" \/>\n<meta name=\"twitter:label1\" content=\"Escrito por\" \/>\n\t<meta name=\"twitter:data1\" content=\"ulises\" \/>\n\t<meta name=\"twitter:label2\" content=\"Tiempo de lectura\" \/>\n\t<meta name=\"twitter:data2\" content=\"4 minutos\" \/>\n<script type=\"application\/ld+json\" class=\"yoast-schema-graph\">{\"@context\":\"https:\/\/schema.org\",\"@graph\":[{\"@type\":\"NewsArticle\",\"@id\":\"https:\/\/www.celttv.com.ar\/index.php\/2020\/07\/01\/sergio-bordoni-llegaron-los-respiradores-y-tenemos-la-aparatologia-necesaria-para-una-futura-terapia-intensiva\/#article\",\"isPartOf\":{\"@id\":\"https:\/\/www.celttv.com.ar\/index.php\/2020\/07\/01\/sergio-bordoni-llegaron-los-respiradores-y-tenemos-la-aparatologia-necesaria-para-una-futura-terapia-intensiva\/\"},\"author\":{\"name\":\"ulises\",\"@id\":\"https:\/\/www.celttv.com.ar\/#\/schema\/person\/6d99c072dba59953809c81446e9d0ace\"},\"headline\":\"Sergio Bordoni: \u201cLlegaron los respiradores y tenemos la aparatolog\u00eda necesaria para una futura terapia intensiva&#8221;\",\"datePublished\":\"2020-07-01T21:46:33+00:00\",\"dateModified\":\"2020-07-01T21:46:33+00:00\",\"mainEntityOfPage\":{\"@id\":\"https:\/\/www.celttv.com.ar\/index.php\/2020\/07\/01\/sergio-bordoni-llegaron-los-respiradores-y-tenemos-la-aparatologia-necesaria-para-una-futura-terapia-intensiva\/\"},\"wordCount\":797,\"publisher\":{\"@id\":\"https:\/\/www.celttv.com.ar\/#organization\"},\"articleSection\":[\"Comunidad\",\"Destacadas\"],\"inLanguage\":\"es\"},{\"@type\":\"WebPage\",\"@id\":\"https:\/\/www.celttv.com.ar\/index.php\/2020\/07\/01\/sergio-bordoni-llegaron-los-respiradores-y-tenemos-la-aparatologia-necesaria-para-una-futura-terapia-intensiva\/\",\"url\":\"https:\/\/www.celttv.com.ar\/index.php\/2020\/07\/01\/sergio-bordoni-llegaron-los-respiradores-y-tenemos-la-aparatologia-necesaria-para-una-futura-terapia-intensiva\/\",\"name\":\"Sergio Bordoni: \u201cLlegaron los respiradores y tenemos la aparatolog\u00eda necesaria para una futura terapia intensiva\\\" - CELTTV\",\"isPartOf\":{\"@id\":\"https:\/\/www.celttv.com.ar\/#website\"},\"datePublished\":\"2020-07-01T21:46:33+00:00\",\"dateModified\":\"2020-07-01T21:46:33+00:00\",\"description\":\"Sitio web de noticias de la localidad de Tornquist, provincia de Buenos Aires, Rep\u00fablica Argentina. Contenido propio originado por periodistas de CELTTV, el canal de TV local de la Cooperativa El\u00e9ctrica de Tornquist. Turismo, Pol\u00edtica, Sociedad, Deporte, Cultura y todo el contenido de inter\u00e9s general que la gente del pueblo y la regi\u00f3n debe conocer.\",\"breadcrumb\":{\"@id\":\"https:\/\/www.celttv.com.ar\/index.php\/2020\/07\/01\/sergio-bordoni-llegaron-los-respiradores-y-tenemos-la-aparatologia-necesaria-para-una-futura-terapia-intensiva\/#breadcrumb\"},\"inLanguage\":\"es\",\"potentialAction\":[{\"@type\":\"ReadAction\",\"target\":[\"https:\/\/www.celttv.com.ar\/index.php\/2020\/07\/01\/sergio-bordoni-llegaron-los-respiradores-y-tenemos-la-aparatologia-necesaria-para-una-futura-terapia-intensiva\/\"]}]},{\"@type\":\"BreadcrumbList\",\"@id\":\"https:\/\/www.celttv.com.ar\/index.php\/2020\/07\/01\/sergio-bordoni-llegaron-los-respiradores-y-tenemos-la-aparatologia-necesaria-para-una-futura-terapia-intensiva\/#breadcrumb\",\"itemListElement\":[{\"@type\":\"ListItem\",\"position\":1,\"name\":\"Inicio\",\"item\":\"https:\/\/www.celttv.com.ar\/\"},{\"@type\":\"ListItem\",\"position\":2,\"name\":\"Sergio Bordoni: \u201cLlegaron los respiradores y tenemos la aparatolog\u00eda necesaria para una futura terapia intensiva&#8221;\"}]},{\"@type\":\"WebSite\",\"@id\":\"https:\/\/www.celttv.com.ar\/#website\",\"url\":\"https:\/\/www.celttv.com.ar\/\",\"name\":\"CELTTV\",\"description\":\"Cooperativa El\u00e9ctrica de Tornquist\",\"publisher\":{\"@id\":\"https:\/\/www.celttv.com.ar\/#organization\"},\"potentialAction\":[{\"@type\":\"SearchAction\",\"target\":{\"@type\":\"EntryPoint\",\"urlTemplate\":\"https:\/\/www.celttv.com.ar\/?s={search_term_string}\"},\"query-input\":\"required name=search_term_string\"}],\"inLanguage\":\"es\"},{\"@type\":\"Organization\",\"@id\":\"https:\/\/www.celttv.com.ar\/#organization\",\"name\":\"CELTTV\",\"url\":\"https:\/\/www.celttv.com.ar\/\",\"sameAs\":[\"https:\/\/www.youtube.com\/channel\/UCz_oIt8Hig64Ub-EmcNPIhg\",\"https:\/\/www.facebook.com\/celtTV\/\"],\"logo\":{\"@type\":\"ImageObject\",\"inLanguage\":\"es\",\"@id\":\"https:\/\/www.celttv.com.ar\/#\/schema\/logo\/image\/\",\"url\":\"http:\/\/www.celttv.com.ar\/wp-content\/uploads\/2022\/08\/logo-1.png\",\"contentUrl\":\"http:\/\/www.celttv.com.ar\/wp-content\/uploads\/2022\/08\/logo-1.png\",\"width\":461,\"height\":159,\"caption\":\"CELTTV\"},\"image\":{\"@id\":\"https:\/\/www.celttv.com.ar\/#\/schema\/logo\/image\/\"}},{\"@type\":\"Person\",\"@id\":\"https:\/\/www.celttv.com.ar\/#\/schema\/person\/6d99c072dba59953809c81446e9d0ace\",\"name\":\"ulises\",\"image\":{\"@type\":\"ImageObject\",\"inLanguage\":\"es\",\"@id\":\"https:\/\/www.celttv.com.ar\/#\/schema\/person\/image\/\",\"url\":\"https:\/\/secure.gravatar.com\/avatar\/7f2c48bdc33b30088f941fb6082e555f2874c98e20cb159d7b92b50eadfce793?s=96&d=mm&r=g\",\"contentUrl\":\"https:\/\/secure.gravatar.com\/avatar\/7f2c48bdc33b30088f941fb6082e555f2874c98e20cb159d7b92b50eadfce793?s=96&d=mm&r=g\",\"caption\":\"ulises\"},\"sameAs\":[\"http:\/\/www.celttv.com.ar\"]}]}<\/script>\n<!-- \/ Yoast SEO plugin. -->","yoast_head_json":{"title":"Sergio Bordoni: \u201cLlegaron los respiradores y tenemos la aparatolog\u00eda necesaria para una futura terapia intensiva\" - CELTTV","description":"Sitio web de noticias de la localidad de Tornquist, provincia de Buenos Aires, Rep\u00fablica Argentina. Contenido propio originado por periodistas de CELTTV, el canal de TV local de la Cooperativa El\u00e9ctrica de Tornquist. Turismo, Pol\u00edtica, Sociedad, Deporte, Cultura y todo el contenido de inter\u00e9s general que la gente del pueblo y la regi\u00f3n debe conocer.","robots":{"index":"index","follow":"follow","max-snippet":"max-snippet:-1","max-image-preview":"max-image-preview:large","max-video-preview":"max-video-preview:-1"},"canonical":"https:\/\/www.celttv.com.ar\/index.php\/2020\/07\/01\/sergio-bordoni-llegaron-los-respiradores-y-tenemos-la-aparatologia-necesaria-para-una-futura-terapia-intensiva\/","og_locale":"es_ES","og_type":"article","og_title":"Sergio Bordoni: \u201cLlegaron los respiradores y tenemos la aparatolog\u00eda necesaria para una futura terapia intensiva\" - CELTTV","og_description":"Sitio web de noticias de la localidad de Tornquist, provincia de Buenos Aires, Rep\u00fablica Argentina. Contenido propio originado por periodistas de CELTTV, el canal de TV local de la Cooperativa El\u00e9ctrica de Tornquist. Turismo, Pol\u00edtica, Sociedad, Deporte, Cultura y todo el contenido de inter\u00e9s general que la gente del pueblo y la regi\u00f3n debe conocer.","og_url":"https:\/\/www.celttv.com.ar\/index.php\/2020\/07\/01\/sergio-bordoni-llegaron-los-respiradores-y-tenemos-la-aparatologia-necesaria-para-una-futura-terapia-intensiva\/","og_site_name":"CELTTV","article_publisher":"https:\/\/www.facebook.com\/celtTV\/","article_published_time":"2020-07-01T21:46:33+00:00","og_image":[{"width":1032,"height":581,"url":"https:\/\/www.celttv.com.ar\/wp-content\/uploads\/2020\/07\/whatsapp-image-20200701-at-15.45.20-2.jpeg_1032.jpeg","type":"image\/jpeg"}],"author":"ulises","twitter_card":"summary_large_image","twitter_misc":{"Escrito por":"ulises","Tiempo de lectura":"4 minutos"},"schema":{"@context":"https:\/\/schema.org","@graph":[{"@type":"NewsArticle","@id":"https:\/\/www.celttv.com.ar\/index.php\/2020\/07\/01\/sergio-bordoni-llegaron-los-respiradores-y-tenemos-la-aparatologia-necesaria-para-una-futura-terapia-intensiva\/#article","isPartOf":{"@id":"https:\/\/www.celttv.com.ar\/index.php\/2020\/07\/01\/sergio-bordoni-llegaron-los-respiradores-y-tenemos-la-aparatologia-necesaria-para-una-futura-terapia-intensiva\/"},"author":{"name":"ulises","@id":"https:\/\/www.celttv.com.ar\/#\/schema\/person\/6d99c072dba59953809c81446e9d0ace"},"headline":"Sergio Bordoni: \u201cLlegaron los respiradores y tenemos la aparatolog\u00eda necesaria para una futura terapia intensiva&#8221;","datePublished":"2020-07-01T21:46:33+00:00","dateModified":"2020-07-01T21:46:33+00:00","mainEntityOfPage":{"@id":"https:\/\/www.celttv.com.ar\/index.php\/2020\/07\/01\/sergio-bordoni-llegaron-los-respiradores-y-tenemos-la-aparatologia-necesaria-para-una-futura-terapia-intensiva\/"},"wordCount":797,"publisher":{"@id":"https:\/\/www.celttv.com.ar\/#organization"},"articleSection":["Comunidad","Destacadas"],"inLanguage":"es"},{"@type":"WebPage","@id":"https:\/\/www.celttv.com.ar\/index.php\/2020\/07\/01\/sergio-bordoni-llegaron-los-respiradores-y-tenemos-la-aparatologia-necesaria-para-una-futura-terapia-intensiva\/","url":"https:\/\/www.celttv.com.ar\/index.php\/2020\/07\/01\/sergio-bordoni-llegaron-los-respiradores-y-tenemos-la-aparatologia-necesaria-para-una-futura-terapia-intensiva\/","name":"Sergio Bordoni: \u201cLlegaron los respiradores y tenemos la aparatolog\u00eda necesaria para una futura terapia intensiva\" - CELTTV","isPartOf":{"@id":"https:\/\/www.celttv.com.ar\/#website"},"datePublished":"2020-07-01T21:46:33+00:00","dateModified":"2020-07-01T21:46:33+00:00","description":"Sitio web de noticias de la localidad de Tornquist, provincia de Buenos Aires, Rep\u00fablica Argentina. Contenido propio originado por periodistas de CELTTV, el canal de TV local de la Cooperativa El\u00e9ctrica de Tornquist. Turismo, Pol\u00edtica, Sociedad, Deporte, Cultura y todo el contenido de inter\u00e9s general que la gente del pueblo y la regi\u00f3n debe conocer.","breadcrumb":{"@id":"https:\/\/www.celttv.com.ar\/index.php\/2020\/07\/01\/sergio-bordoni-llegaron-los-respiradores-y-tenemos-la-aparatologia-necesaria-para-una-futura-terapia-intensiva\/#breadcrumb"},"inLanguage":"es","potentialAction":[{"@type":"ReadAction","target":["https:\/\/www.celttv.com.ar\/index.php\/2020\/07\/01\/sergio-bordoni-llegaron-los-respiradores-y-tenemos-la-aparatologia-necesaria-para-una-futura-terapia-intensiva\/"]}]},{"@type":"BreadcrumbList","@id":"https:\/\/www.celttv.com.ar\/index.php\/2020\/07\/01\/sergio-bordoni-llegaron-los-respiradores-y-tenemos-la-aparatologia-necesaria-para-una-futura-terapia-intensiva\/#breadcrumb","itemListElement":[{"@type":"ListItem","position":1,"name":"Inicio","item":"https:\/\/www.celttv.com.ar\/"},{"@type":"ListItem","position":2,"name":"Sergio Bordoni: \u201cLlegaron los respiradores y tenemos la aparatolog\u00eda necesaria para una futura terapia intensiva&#8221;"}]},{"@type":"WebSite","@id":"https:\/\/www.celttv.com.ar\/#website","url":"https:\/\/www.celttv.com.ar\/","name":"CELTTV","description":"Cooperativa El\u00e9ctrica de Tornquist","publisher":{"@id":"https:\/\/www.celttv.com.ar\/#organization"},"potentialAction":[{"@type":"SearchAction","target":{"@type":"EntryPoint","urlTemplate":"https:\/\/www.celttv.com.ar\/?s={search_term_string}"},"query-input":"required name=search_term_string"}],"inLanguage":"es"},{"@type":"Organization","@id":"https:\/\/www.celttv.com.ar\/#organization","name":"CELTTV","url":"https:\/\/www.celttv.com.ar\/","sameAs":["https:\/\/www.youtube.com\/channel\/UCz_oIt8Hig64Ub-EmcNPIhg","https:\/\/www.facebook.com\/celtTV\/"],"logo":{"@type":"ImageObject","inLanguage":"es","@id":"https:\/\/www.celttv.com.ar\/#\/schema\/logo\/image\/","url":"http:\/\/www.celttv.com.ar\/wp-content\/uploads\/2022\/08\/logo-1.png","contentUrl":"http:\/\/www.celttv.com.ar\/wp-content\/uploads\/2022\/08\/logo-1.png","width":461,"height":159,"caption":"CELTTV"},"image":{"@id":"https:\/\/www.celttv.com.ar\/#\/schema\/logo\/image\/"}},{"@type":"Person","@id":"https:\/\/www.celttv.com.ar\/#\/schema\/person\/6d99c072dba59953809c81446e9d0ace","name":"ulises","image":{"@type":"ImageObject","inLanguage":"es","@id":"https:\/\/www.celttv.com.ar\/#\/schema\/person\/image\/","url":"https:\/\/secure.gravatar.com\/avatar\/7f2c48bdc33b30088f941fb6082e555f2874c98e20cb159d7b92b50eadfce793?s=96&d=mm&r=g","contentUrl":"https:\/\/secure.gravatar.com\/avatar\/7f2c48bdc33b30088f941fb6082e555f2874c98e20cb159d7b92b50eadfce793?s=96&d=mm&r=g","caption":"ulises"},"sameAs":["http:\/\/www.celttv.com.ar"]}]}},"_links":{"self":[{"href":"https:\/\/www.celttv.com.ar\/index.php\/wp-json\/wp\/v2\/posts\/50246","targetHints":{"allow":["GET"]}}],"collection":[{"href":"https:\/\/www.celttv.com.ar\/index.php\/wp-json\/wp\/v2\/posts"}],"about":[{"href":"https:\/\/www.celttv.com.ar\/index.php\/wp-json\/wp\/v2\/types\/post"}],"author":[{"embeddable":true,"href":"https:\/\/www.celttv.com.ar\/index.php\/wp-json\/wp\/v2\/users\/1"}],"replies":[{"embeddable":true,"href":"https:\/\/www.celttv.com.ar\/index.php\/wp-json\/wp\/v2\/comments?post=50246"}],"version-history":[{"count":0,"href":"https:\/\/www.celttv.com.ar\/index.php\/wp-json\/wp\/v2\/posts\/50246\/revisions"}],"wp:featuredmedia":[{"embeddable":true,"href":"https:\/\/www.celttv.com.ar\/index.php\/wp-json\/wp\/v2\/media\/50250"}],"wp:attachment":[{"href":"https:\/\/www.celttv.com.ar\/index.php\/wp-json\/wp\/v2\/media?parent=50246"}],"wp:term":[{"taxonomy":"category","embeddable":true,"href":"https:\/\/www.celttv.com.ar\/index.php\/wp-json\/wp\/v2\/categories?post=50246"},{"taxonomy":"post_tag","embeddable":true,"href":"https:\/\/www.celttv.com.ar\/index.php\/wp-json\/wp\/v2\/tags?post=50246"}],"curies":[{"name":"wp","href":"https:\/\/api.w.org\/{rel}","templated":true}]}}