{"id":50257,"date":"2020-07-02T00:55:08","date_gmt":"2020-07-02T00:55:08","guid":{"rendered":"http:\/\/www.celttv.com.ar\/?p=50257"},"modified":"2020-07-02T00:55:08","modified_gmt":"2020-07-02T00:55:08","slug":"bordoni-recorrio-obras-junto-a-funcionarios-en-chasico","status":"publish","type":"post","link":"https:\/\/www.celttv.com.ar\/index.php\/2020\/07\/02\/bordoni-recorrio-obras-junto-a-funcionarios-en-chasico\/","title":{"rendered":"Bordoni recorri\u00f3 obras junto a funcionarios en Chasic\u00f3"},"content":{"rendered":"<p>El d\u00eda de ayer, el intendente municipal Sergio Bordoni visit\u00f3 la localidad de Chasic\u00f3, con el objetivo de poner en funciones a la nueva delegada municipal, adem\u00e1s aprovecho para recorrer obras y visitar instituciones.<\/p>\n<p>Luego del paso por la delegaci\u00f3n, recorri\u00f3 las 17 viviendas que se est\u00e1n construyendo en la localidad, donde constaron que la obra se encuentra a semanas de su culminaci\u00f3n, ya que se est\u00e1 trabajando sobre las terminaciones.<\/p>\n<p>M\u00e1s tarde, visitaron las obras que est\u00e1n llevando adelante el Club General \u201cSan Mart\u00edn\u201d, con la colaboraci\u00f3n del municipio. En las instalaciones, el Presidente de la instituci\u00f3n, Mauro Fassi, explic\u00f3 las tareas que se est\u00e1nllevando adelante en el sector de la cocina.<\/p>\n<p>Para finalizar se dieron cita en el nuevo cuartel de Bomberos Voluntarios de Chasic\u00f3, que ya cuenta con personer\u00eda jur\u00eddica, para establecerse como tal. En el lugar los recibi\u00f3 el Segundo Jefe del cuartel Jimena Carracedo, quien gui\u00f3 la recorrida por las nuevas instalaciones.<\/p>\n<p>Acompa\u00f1aron al jefe comunal el Secretario de Gobierno y Seguridad Ezequiel Gabella, el Secretario de Salud Miguel Pagnotta, la Subsecretaria de Salud Noelia Baier, la Delegada Local BetianaCardelli y el ex delegado y colaborador Ariel Menna.<\/p>\n<p><a href=\"http:\/\/www.celttv.com.ar\/?attachment_id=50258\" rel=\"attachment wp-att-50258\"><img loading=\"lazy\" decoding=\"async\" class=\"alignleft size-full wp-image-50258\" src=\"http:\/\/www.celttv.com.ar\/wp-content\/uploads\/2020\/07\/cha1.jpeg\" alt=\"\" width=\"1280\" height=\"960\" srcset=\"https:\/\/www.celttv.com.ar\/wp-content\/uploads\/2020\/07\/cha1.jpeg 1280w, https:\/\/www.celttv.com.ar\/wp-content\/uploads\/2020\/07\/cha1-300x225.jpeg 300w, https:\/\/www.celttv.com.ar\/wp-content\/uploads\/2020\/07\/cha1-1024x768.jpeg 1024w, https:\/\/www.celttv.com.ar\/wp-content\/uploads\/2020\/07\/cha1-768x576.jpeg 768w, https:\/\/www.celttv.com.ar\/wp-content\/uploads\/2020\/07\/cha1-750x563.jpeg 750w, https:\/\/www.celttv.com.ar\/wp-content\/uploads\/2020\/07\/cha1-1140x855.jpeg 1140w\" sizes=\"auto, (max-width: 1280px) 100vw, 1280px\" \/><\/a> <a href=\"http:\/\/www.celttv.com.ar\/?attachment_id=50259\" rel=\"attachment wp-att-50259\"><img loading=\"lazy\" decoding=\"async\" class=\"alignleft size-medium wp-image-50259\" src=\"http:\/\/www.celttv.com.ar\/wp-content\/uploads\/2020\/07\/cha2.jpeg\" alt=\"\" width=\"780\" height=\"585\" srcset=\"https:\/\/www.celttv.com.ar\/wp-content\/uploads\/2020\/07\/cha2.jpeg 1280w, https:\/\/www.celttv.com.ar\/wp-content\/uploads\/2020\/07\/cha2-300x225.jpeg 300w, https:\/\/www.celttv.com.ar\/wp-content\/uploads\/2020\/07\/cha2-1024x768.jpeg 1024w, https:\/\/www.celttv.com.ar\/wp-content\/uploads\/2020\/07\/cha2-768x576.jpeg 768w, https:\/\/www.celttv.com.ar\/wp-content\/uploads\/2020\/07\/cha2-750x563.jpeg 750w, https:\/\/www.celttv.com.ar\/wp-content\/uploads\/2020\/07\/cha2-1140x855.jpeg 1140w\" sizes=\"auto, (max-width: 780px) 100vw, 780px\" \/><\/a> <a href=\"http:\/\/www.celttv.com.ar\/?attachment_id=50260\" rel=\"attachment wp-att-50260\"><img loading=\"lazy\" decoding=\"async\" class=\"alignleft size-medium wp-image-50260\" src=\"http:\/\/www.celttv.com.ar\/wp-content\/uploads\/2020\/07\/cha3.jpeg\" alt=\"\" width=\"780\" height=\"585\" srcset=\"https:\/\/www.celttv.com.ar\/wp-content\/uploads\/2020\/07\/cha3.jpeg 1280w, https:\/\/www.celttv.com.ar\/wp-content\/uploads\/2020\/07\/cha3-300x225.jpeg 300w, https:\/\/www.celttv.com.ar\/wp-content\/uploads\/2020\/07\/cha3-1024x768.jpeg 1024w, https:\/\/www.celttv.com.ar\/wp-content\/uploads\/2020\/07\/cha3-768x576.jpeg 768w, https:\/\/www.celttv.com.ar\/wp-content\/uploads\/2020\/07\/cha3-750x563.jpeg 750w, https:\/\/www.celttv.com.ar\/wp-content\/uploads\/2020\/07\/cha3-1140x855.jpeg 1140w\" sizes=\"auto, (max-width: 780px) 100vw, 780px\" \/><\/a> <a href=\"http:\/\/www.celttv.com.ar\/?attachment_id=50261\" rel=\"attachment wp-att-50261\"><img loading=\"lazy\" decoding=\"async\" class=\"alignleft size-medium wp-image-50261\" src=\"http:\/\/www.celttv.com.ar\/wp-content\/uploads\/2020\/07\/cha4.jpeg\" alt=\"\" width=\"780\" height=\"585\" srcset=\"https:\/\/www.celttv.com.ar\/wp-content\/uploads\/2020\/07\/cha4.jpeg 1280w, https:\/\/www.celttv.com.ar\/wp-content\/uploads\/2020\/07\/cha4-300x225.jpeg 300w, https:\/\/www.celttv.com.ar\/wp-content\/uploads\/2020\/07\/cha4-1024x768.jpeg 1024w, https:\/\/www.celttv.com.ar\/wp-content\/uploads\/2020\/07\/cha4-768x576.jpeg 768w, https:\/\/www.celttv.com.ar\/wp-content\/uploads\/2020\/07\/cha4-750x563.jpeg 750w, https:\/\/www.celttv.com.ar\/wp-content\/uploads\/2020\/07\/cha4-1140x855.jpeg 1140w\" sizes=\"auto, (max-width: 780px) 100vw, 780px\" \/><\/a> <a href=\"http:\/\/www.celttv.com.ar\/?attachment_id=50262\" rel=\"attachment wp-att-50262\"><img loading=\"lazy\" decoding=\"async\" class=\"alignleft size-medium wp-image-50262\" src=\"http:\/\/www.celttv.com.ar\/wp-content\/uploads\/2020\/07\/cha5.jpeg\" alt=\"\" width=\"780\" height=\"585\" srcset=\"https:\/\/www.celttv.com.ar\/wp-content\/uploads\/2020\/07\/cha5.jpeg 1280w, https:\/\/www.celttv.com.ar\/wp-content\/uploads\/2020\/07\/cha5-300x225.jpeg 300w, https:\/\/www.celttv.com.ar\/wp-content\/uploads\/2020\/07\/cha5-1024x768.jpeg 1024w, https:\/\/www.celttv.com.ar\/wp-content\/uploads\/2020\/07\/cha5-768x576.jpeg 768w, https:\/\/www.celttv.com.ar\/wp-content\/uploads\/2020\/07\/cha5-750x563.jpeg 750w, https:\/\/www.celttv.com.ar\/wp-content\/uploads\/2020\/07\/cha5-1140x855.jpeg 1140w\" sizes=\"auto, (max-width: 780px) 100vw, 780px\" \/><\/a> <a href=\"http:\/\/www.celttv.com.ar\/?attachment_id=50263\" rel=\"attachment wp-att-50263\"><img loading=\"lazy\" decoding=\"async\" class=\"alignleft size-medium wp-image-50263\" src=\"http:\/\/www.celttv.com.ar\/wp-content\/uploads\/2020\/07\/cha6.jpeg\" alt=\"\" width=\"780\" height=\"585\" srcset=\"https:\/\/www.celttv.com.ar\/wp-content\/uploads\/2020\/07\/cha6.jpeg 1040w, https:\/\/www.celttv.com.ar\/wp-content\/uploads\/2020\/07\/cha6-300x225.jpeg 300w, https:\/\/www.celttv.com.ar\/wp-content\/uploads\/2020\/07\/cha6-1024x768.jpeg 1024w, https:\/\/www.celttv.com.ar\/wp-content\/uploads\/2020\/07\/cha6-768x576.jpeg 768w, https:\/\/www.celttv.com.ar\/wp-content\/uploads\/2020\/07\/cha6-750x563.jpeg 750w\" sizes=\"auto, (max-width: 780px) 100vw, 780px\" \/><\/a> <a href=\"http:\/\/www.celttv.com.ar\/?attachment_id=50264\" rel=\"attachment wp-att-50264\"><img loading=\"lazy\" decoding=\"async\" class=\"alignleft size-medium wp-image-50264\" src=\"http:\/\/www.celttv.com.ar\/wp-content\/uploads\/2020\/07\/cha7.jpeg\" alt=\"\" width=\"780\" height=\"585\" srcset=\"https:\/\/www.celttv.com.ar\/wp-content\/uploads\/2020\/07\/cha7.jpeg 1040w, https:\/\/www.celttv.com.ar\/wp-content\/uploads\/2020\/07\/cha7-300x225.jpeg 300w, https:\/\/www.celttv.com.ar\/wp-content\/uploads\/2020\/07\/cha7-1024x768.jpeg 1024w, https:\/\/www.celttv.com.ar\/wp-content\/uploads\/2020\/07\/cha7-768x576.jpeg 768w, https:\/\/www.celttv.com.ar\/wp-content\/uploads\/2020\/07\/cha7-750x563.jpeg 750w\" sizes=\"auto, (max-width: 780px) 100vw, 780px\" \/><\/a> <a href=\"http:\/\/www.celttv.com.ar\/?attachment_id=50265\" rel=\"attachment wp-att-50265\"><img loading=\"lazy\" decoding=\"async\" class=\"alignleft size-medium wp-image-50265\" src=\"http:\/\/www.celttv.com.ar\/wp-content\/uploads\/2020\/07\/cha8.jpeg\" alt=\"\" width=\"780\" height=\"584\" srcset=\"https:\/\/www.celttv.com.ar\/wp-content\/uploads\/2020\/07\/cha8.jpeg 1280w, https:\/\/www.celttv.com.ar\/wp-content\/uploads\/2020\/07\/cha8-300x225.jpeg 300w, https:\/\/www.celttv.com.ar\/wp-content\/uploads\/2020\/07\/cha8-1024x767.jpeg 1024w, https:\/\/www.celttv.com.ar\/wp-content\/uploads\/2020\/07\/cha8-768x575.jpeg 768w, https:\/\/www.celttv.com.ar\/wp-content\/uploads\/2020\/07\/cha8-750x562.jpeg 750w, https:\/\/www.celttv.com.ar\/wp-content\/uploads\/2020\/07\/cha8-1140x854.jpeg 1140w\" sizes=\"auto, (max-width: 780px) 100vw, 780px\" \/><\/a><\/p>\n","protected":false},"excerpt":{"rendered":"<p>El d\u00eda de ayer, el intendente municipal Sergio Bordoni visit\u00f3 la localidad de Chasic\u00f3, con el objetivo de poner en funciones a la nueva delegada municipal, adem\u00e1s aprovecho para recorrer obras y visitar instituciones. Luego del paso por la delegaci\u00f3n, recorri\u00f3 las 17 viviendas que se est\u00e1n construyendo en la localidad, donde constaron que la [&hellip;]<\/p>\n","protected":false},"author":1,"featured_media":50264,"comment_status":"closed","ping_status":"open","sticky":false,"template":"","format":"standard","meta":{"footnotes":""},"categories":[51,52],"tags":[],"class_list":["post-50257","post","type-post","status-publish","format-standard","has-post-thumbnail","hentry","category-comunidad","category-destacadas"],"yoast_head":"<!-- This site is optimized with the Yoast SEO plugin v19.7.1 - https:\/\/yoast.com\/wordpress\/plugins\/seo\/ -->\n<title>Bordoni recorri\u00f3 obras junto a funcionarios en Chasic\u00f3 - CELTTV<\/title>\n<meta name=\"description\" content=\"Sitio web de noticias de la localidad de Tornquist, provincia de Buenos Aires, Rep\u00fablica Argentina. Contenido propio originado por periodistas de CELTTV, el canal de TV local de la Cooperativa El\u00e9ctrica de Tornquist. Turismo, Pol\u00edtica, Sociedad, Deporte, Cultura y todo el contenido de inter\u00e9s general que la gente del pueblo y la regi\u00f3n debe conocer.\" \/>\n<meta name=\"robots\" content=\"index, follow, max-snippet:-1, max-image-preview:large, max-video-preview:-1\" \/>\n<link rel=\"canonical\" href=\"https:\/\/www.celttv.com.ar\/index.php\/2020\/07\/02\/bordoni-recorrio-obras-junto-a-funcionarios-en-chasico\/\" \/>\n<meta property=\"og:locale\" content=\"es_ES\" \/>\n<meta property=\"og:type\" content=\"article\" \/>\n<meta property=\"og:title\" content=\"Bordoni recorri\u00f3 obras junto a funcionarios en Chasic\u00f3 - CELTTV\" \/>\n<meta property=\"og:description\" content=\"Sitio web de noticias de la localidad de Tornquist, provincia de Buenos Aires, Rep\u00fablica Argentina. Contenido propio originado por periodistas de CELTTV, el canal de TV local de la Cooperativa El\u00e9ctrica de Tornquist. Turismo, Pol\u00edtica, Sociedad, Deporte, Cultura y todo el contenido de inter\u00e9s general que la gente del pueblo y la regi\u00f3n debe conocer.\" \/>\n<meta property=\"og:url\" content=\"https:\/\/www.celttv.com.ar\/index.php\/2020\/07\/02\/bordoni-recorrio-obras-junto-a-funcionarios-en-chasico\/\" \/>\n<meta property=\"og:site_name\" content=\"CELTTV\" \/>\n<meta property=\"article:publisher\" content=\"https:\/\/www.facebook.com\/celtTV\/\" \/>\n<meta property=\"article:published_time\" content=\"2020-07-02T00:55:08+00:00\" \/>\n<meta property=\"og:image\" content=\"https:\/\/www.celttv.com.ar\/wp-content\/uploads\/2020\/07\/cha7.jpeg\" \/>\n\t<meta property=\"og:image:width\" content=\"1040\" \/>\n\t<meta property=\"og:image:height\" content=\"780\" \/>\n\t<meta property=\"og:image:type\" content=\"image\/jpeg\" \/>\n<meta name=\"author\" content=\"ulises\" \/>\n<meta name=\"twitter:card\" content=\"summary_large_image\" \/>\n<meta name=\"twitter:label1\" content=\"Escrito por\" \/>\n\t<meta name=\"twitter:data1\" content=\"ulises\" \/>\n\t<meta name=\"twitter:label2\" content=\"Tiempo de lectura\" \/>\n\t<meta name=\"twitter:data2\" content=\"1 minuto\" \/>\n<script type=\"application\/ld+json\" class=\"yoast-schema-graph\">{\"@context\":\"https:\/\/schema.org\",\"@graph\":[{\"@type\":\"NewsArticle\",\"@id\":\"https:\/\/www.celttv.com.ar\/index.php\/2020\/07\/02\/bordoni-recorrio-obras-junto-a-funcionarios-en-chasico\/#article\",\"isPartOf\":{\"@id\":\"https:\/\/www.celttv.com.ar\/index.php\/2020\/07\/02\/bordoni-recorrio-obras-junto-a-funcionarios-en-chasico\/\"},\"author\":{\"name\":\"ulises\",\"@id\":\"https:\/\/www.celttv.com.ar\/#\/schema\/person\/6d99c072dba59953809c81446e9d0ace\"},\"headline\":\"Bordoni recorri\u00f3 obras junto a funcionarios en Chasic\u00f3\",\"datePublished\":\"2020-07-02T00:55:08+00:00\",\"dateModified\":\"2020-07-02T00:55:08+00:00\",\"mainEntityOfPage\":{\"@id\":\"https:\/\/www.celttv.com.ar\/index.php\/2020\/07\/02\/bordoni-recorrio-obras-junto-a-funcionarios-en-chasico\/\"},\"wordCount\":214,\"publisher\":{\"@id\":\"https:\/\/www.celttv.com.ar\/#organization\"},\"articleSection\":[\"Comunidad\",\"Destacadas\"],\"inLanguage\":\"es\"},{\"@type\":\"WebPage\",\"@id\":\"https:\/\/www.celttv.com.ar\/index.php\/2020\/07\/02\/bordoni-recorrio-obras-junto-a-funcionarios-en-chasico\/\",\"url\":\"https:\/\/www.celttv.com.ar\/index.php\/2020\/07\/02\/bordoni-recorrio-obras-junto-a-funcionarios-en-chasico\/\",\"name\":\"Bordoni recorri\u00f3 obras junto a funcionarios en Chasic\u00f3 - CELTTV\",\"isPartOf\":{\"@id\":\"https:\/\/www.celttv.com.ar\/#website\"},\"datePublished\":\"2020-07-02T00:55:08+00:00\",\"dateModified\":\"2020-07-02T00:55:08+00:00\",\"description\":\"Sitio web de noticias de la localidad de Tornquist, provincia de Buenos Aires, Rep\u00fablica Argentina. Contenido propio originado por periodistas de CELTTV, el canal de TV local de la Cooperativa El\u00e9ctrica de Tornquist. Turismo, Pol\u00edtica, Sociedad, Deporte, Cultura y todo el contenido de inter\u00e9s general que la gente del pueblo y la regi\u00f3n debe conocer.\",\"breadcrumb\":{\"@id\":\"https:\/\/www.celttv.com.ar\/index.php\/2020\/07\/02\/bordoni-recorrio-obras-junto-a-funcionarios-en-chasico\/#breadcrumb\"},\"inLanguage\":\"es\",\"potentialAction\":[{\"@type\":\"ReadAction\",\"target\":[\"https:\/\/www.celttv.com.ar\/index.php\/2020\/07\/02\/bordoni-recorrio-obras-junto-a-funcionarios-en-chasico\/\"]}]},{\"@type\":\"BreadcrumbList\",\"@id\":\"https:\/\/www.celttv.com.ar\/index.php\/2020\/07\/02\/bordoni-recorrio-obras-junto-a-funcionarios-en-chasico\/#breadcrumb\",\"itemListElement\":[{\"@type\":\"ListItem\",\"position\":1,\"name\":\"Inicio\",\"item\":\"https:\/\/www.celttv.com.ar\/\"},{\"@type\":\"ListItem\",\"position\":2,\"name\":\"Bordoni recorri\u00f3 obras junto a funcionarios en Chasic\u00f3\"}]},{\"@type\":\"WebSite\",\"@id\":\"https:\/\/www.celttv.com.ar\/#website\",\"url\":\"https:\/\/www.celttv.com.ar\/\",\"name\":\"CELTTV\",\"description\":\"Cooperativa El\u00e9ctrica de Tornquist\",\"publisher\":{\"@id\":\"https:\/\/www.celttv.com.ar\/#organization\"},\"potentialAction\":[{\"@type\":\"SearchAction\",\"target\":{\"@type\":\"EntryPoint\",\"urlTemplate\":\"https:\/\/www.celttv.com.ar\/?s={search_term_string}\"},\"query-input\":\"required name=search_term_string\"}],\"inLanguage\":\"es\"},{\"@type\":\"Organization\",\"@id\":\"https:\/\/www.celttv.com.ar\/#organization\",\"name\":\"CELTTV\",\"url\":\"https:\/\/www.celttv.com.ar\/\",\"sameAs\":[\"https:\/\/www.youtube.com\/channel\/UCz_oIt8Hig64Ub-EmcNPIhg\",\"https:\/\/www.facebook.com\/celtTV\/\"],\"logo\":{\"@type\":\"ImageObject\",\"inLanguage\":\"es\",\"@id\":\"https:\/\/www.celttv.com.ar\/#\/schema\/logo\/image\/\",\"url\":\"http:\/\/www.celttv.com.ar\/wp-content\/uploads\/2022\/08\/logo-1.png\",\"contentUrl\":\"http:\/\/www.celttv.com.ar\/wp-content\/uploads\/2022\/08\/logo-1.png\",\"width\":461,\"height\":159,\"caption\":\"CELTTV\"},\"image\":{\"@id\":\"https:\/\/www.celttv.com.ar\/#\/schema\/logo\/image\/\"}},{\"@type\":\"Person\",\"@id\":\"https:\/\/www.celttv.com.ar\/#\/schema\/person\/6d99c072dba59953809c81446e9d0ace\",\"name\":\"ulises\",\"image\":{\"@type\":\"ImageObject\",\"inLanguage\":\"es\",\"@id\":\"https:\/\/www.celttv.com.ar\/#\/schema\/person\/image\/\",\"url\":\"https:\/\/secure.gravatar.com\/avatar\/7f2c48bdc33b30088f941fb6082e555f2874c98e20cb159d7b92b50eadfce793?s=96&d=mm&r=g\",\"contentUrl\":\"https:\/\/secure.gravatar.com\/avatar\/7f2c48bdc33b30088f941fb6082e555f2874c98e20cb159d7b92b50eadfce793?s=96&d=mm&r=g\",\"caption\":\"ulises\"},\"sameAs\":[\"http:\/\/www.celttv.com.ar\"]}]}<\/script>\n<!-- \/ Yoast SEO plugin. -->","yoast_head_json":{"title":"Bordoni recorri\u00f3 obras junto a funcionarios en Chasic\u00f3 - CELTTV","description":"Sitio web de noticias de la localidad de Tornquist, provincia de Buenos Aires, Rep\u00fablica Argentina. Contenido propio originado por periodistas de CELTTV, el canal de TV local de la Cooperativa El\u00e9ctrica de Tornquist. Turismo, Pol\u00edtica, Sociedad, Deporte, Cultura y todo el contenido de inter\u00e9s general que la gente del pueblo y la regi\u00f3n debe conocer.","robots":{"index":"index","follow":"follow","max-snippet":"max-snippet:-1","max-image-preview":"max-image-preview:large","max-video-preview":"max-video-preview:-1"},"canonical":"https:\/\/www.celttv.com.ar\/index.php\/2020\/07\/02\/bordoni-recorrio-obras-junto-a-funcionarios-en-chasico\/","og_locale":"es_ES","og_type":"article","og_title":"Bordoni recorri\u00f3 obras junto a funcionarios en Chasic\u00f3 - CELTTV","og_description":"Sitio web de noticias de la localidad de Tornquist, provincia de Buenos Aires, Rep\u00fablica Argentina. Contenido propio originado por periodistas de CELTTV, el canal de TV local de la Cooperativa El\u00e9ctrica de Tornquist. Turismo, Pol\u00edtica, Sociedad, Deporte, Cultura y todo el contenido de inter\u00e9s general que la gente del pueblo y la regi\u00f3n debe conocer.","og_url":"https:\/\/www.celttv.com.ar\/index.php\/2020\/07\/02\/bordoni-recorrio-obras-junto-a-funcionarios-en-chasico\/","og_site_name":"CELTTV","article_publisher":"https:\/\/www.facebook.com\/celtTV\/","article_published_time":"2020-07-02T00:55:08+00:00","og_image":[{"width":1040,"height":780,"url":"https:\/\/www.celttv.com.ar\/wp-content\/uploads\/2020\/07\/cha7.jpeg","type":"image\/jpeg"}],"author":"ulises","twitter_card":"summary_large_image","twitter_misc":{"Escrito por":"ulises","Tiempo de lectura":"1 minuto"},"schema":{"@context":"https:\/\/schema.org","@graph":[{"@type":"NewsArticle","@id":"https:\/\/www.celttv.com.ar\/index.php\/2020\/07\/02\/bordoni-recorrio-obras-junto-a-funcionarios-en-chasico\/#article","isPartOf":{"@id":"https:\/\/www.celttv.com.ar\/index.php\/2020\/07\/02\/bordoni-recorrio-obras-junto-a-funcionarios-en-chasico\/"},"author":{"name":"ulises","@id":"https:\/\/www.celttv.com.ar\/#\/schema\/person\/6d99c072dba59953809c81446e9d0ace"},"headline":"Bordoni recorri\u00f3 obras junto a funcionarios en Chasic\u00f3","datePublished":"2020-07-02T00:55:08+00:00","dateModified":"2020-07-02T00:55:08+00:00","mainEntityOfPage":{"@id":"https:\/\/www.celttv.com.ar\/index.php\/2020\/07\/02\/bordoni-recorrio-obras-junto-a-funcionarios-en-chasico\/"},"wordCount":214,"publisher":{"@id":"https:\/\/www.celttv.com.ar\/#organization"},"articleSection":["Comunidad","Destacadas"],"inLanguage":"es"},{"@type":"WebPage","@id":"https:\/\/www.celttv.com.ar\/index.php\/2020\/07\/02\/bordoni-recorrio-obras-junto-a-funcionarios-en-chasico\/","url":"https:\/\/www.celttv.com.ar\/index.php\/2020\/07\/02\/bordoni-recorrio-obras-junto-a-funcionarios-en-chasico\/","name":"Bordoni recorri\u00f3 obras junto a funcionarios en Chasic\u00f3 - CELTTV","isPartOf":{"@id":"https:\/\/www.celttv.com.ar\/#website"},"datePublished":"2020-07-02T00:55:08+00:00","dateModified":"2020-07-02T00:55:08+00:00","description":"Sitio web de noticias de la localidad de Tornquist, provincia de Buenos Aires, Rep\u00fablica Argentina. Contenido propio originado por periodistas de CELTTV, el canal de TV local de la Cooperativa El\u00e9ctrica de Tornquist. Turismo, Pol\u00edtica, Sociedad, Deporte, Cultura y todo el contenido de inter\u00e9s general que la gente del pueblo y la regi\u00f3n debe conocer.","breadcrumb":{"@id":"https:\/\/www.celttv.com.ar\/index.php\/2020\/07\/02\/bordoni-recorrio-obras-junto-a-funcionarios-en-chasico\/#breadcrumb"},"inLanguage":"es","potentialAction":[{"@type":"ReadAction","target":["https:\/\/www.celttv.com.ar\/index.php\/2020\/07\/02\/bordoni-recorrio-obras-junto-a-funcionarios-en-chasico\/"]}]},{"@type":"BreadcrumbList","@id":"https:\/\/www.celttv.com.ar\/index.php\/2020\/07\/02\/bordoni-recorrio-obras-junto-a-funcionarios-en-chasico\/#breadcrumb","itemListElement":[{"@type":"ListItem","position":1,"name":"Inicio","item":"https:\/\/www.celttv.com.ar\/"},{"@type":"ListItem","position":2,"name":"Bordoni recorri\u00f3 obras junto a funcionarios en Chasic\u00f3"}]},{"@type":"WebSite","@id":"https:\/\/www.celttv.com.ar\/#website","url":"https:\/\/www.celttv.com.ar\/","name":"CELTTV","description":"Cooperativa El\u00e9ctrica de Tornquist","publisher":{"@id":"https:\/\/www.celttv.com.ar\/#organization"},"potentialAction":[{"@type":"SearchAction","target":{"@type":"EntryPoint","urlTemplate":"https:\/\/www.celttv.com.ar\/?s={search_term_string}"},"query-input":"required name=search_term_string"}],"inLanguage":"es"},{"@type":"Organization","@id":"https:\/\/www.celttv.com.ar\/#organization","name":"CELTTV","url":"https:\/\/www.celttv.com.ar\/","sameAs":["https:\/\/www.youtube.com\/channel\/UCz_oIt8Hig64Ub-EmcNPIhg","https:\/\/www.facebook.com\/celtTV\/"],"logo":{"@type":"ImageObject","inLanguage":"es","@id":"https:\/\/www.celttv.com.ar\/#\/schema\/logo\/image\/","url":"http:\/\/www.celttv.com.ar\/wp-content\/uploads\/2022\/08\/logo-1.png","contentUrl":"http:\/\/www.celttv.com.ar\/wp-content\/uploads\/2022\/08\/logo-1.png","width":461,"height":159,"caption":"CELTTV"},"image":{"@id":"https:\/\/www.celttv.com.ar\/#\/schema\/logo\/image\/"}},{"@type":"Person","@id":"https:\/\/www.celttv.com.ar\/#\/schema\/person\/6d99c072dba59953809c81446e9d0ace","name":"ulises","image":{"@type":"ImageObject","inLanguage":"es","@id":"https:\/\/www.celttv.com.ar\/#\/schema\/person\/image\/","url":"https:\/\/secure.gravatar.com\/avatar\/7f2c48bdc33b30088f941fb6082e555f2874c98e20cb159d7b92b50eadfce793?s=96&d=mm&r=g","contentUrl":"https:\/\/secure.gravatar.com\/avatar\/7f2c48bdc33b30088f941fb6082e555f2874c98e20cb159d7b92b50eadfce793?s=96&d=mm&r=g","caption":"ulises"},"sameAs":["http:\/\/www.celttv.com.ar"]}]}},"_links":{"self":[{"href":"https:\/\/www.celttv.com.ar\/index.php\/wp-json\/wp\/v2\/posts\/50257","targetHints":{"allow":["GET"]}}],"collection":[{"href":"https:\/\/www.celttv.com.ar\/index.php\/wp-json\/wp\/v2\/posts"}],"about":[{"href":"https:\/\/www.celttv.com.ar\/index.php\/wp-json\/wp\/v2\/types\/post"}],"author":[{"embeddable":true,"href":"https:\/\/www.celttv.com.ar\/index.php\/wp-json\/wp\/v2\/users\/1"}],"replies":[{"embeddable":true,"href":"https:\/\/www.celttv.com.ar\/index.php\/wp-json\/wp\/v2\/comments?post=50257"}],"version-history":[{"count":0,"href":"https:\/\/www.celttv.com.ar\/index.php\/wp-json\/wp\/v2\/posts\/50257\/revisions"}],"wp:featuredmedia":[{"embeddable":true,"href":"https:\/\/www.celttv.com.ar\/index.php\/wp-json\/wp\/v2\/media\/50264"}],"wp:attachment":[{"href":"https:\/\/www.celttv.com.ar\/index.php\/wp-json\/wp\/v2\/media?parent=50257"}],"wp:term":[{"taxonomy":"category","embeddable":true,"href":"https:\/\/www.celttv.com.ar\/index.php\/wp-json\/wp\/v2\/categories?post=50257"},{"taxonomy":"post_tag","embeddable":true,"href":"https:\/\/www.celttv.com.ar\/index.php\/wp-json\/wp\/v2\/tags?post=50257"}],"curies":[{"name":"wp","href":"https:\/\/api.w.org\/{rel}","templated":true}]}}