{"id":50276,"date":"2020-07-02T19:33:34","date_gmt":"2020-07-02T19:33:34","guid":{"rendered":"http:\/\/www.celttv.com.ar\/?p=50276"},"modified":"2020-07-02T19:33:34","modified_gmt":"2020-07-02T19:33:34","slug":"un-herido-leve-en-un-vuelco-en-la-ruta-33","status":"publish","type":"post","link":"https:\/\/www.celttv.com.ar\/index.php\/2020\/07\/02\/un-herido-leve-en-un-vuelco-en-la-ruta-33\/","title":{"rendered":"Un herido leve en un vuelco en la Ruta 33 (informe, video y fotos)"},"content":{"rendered":"<p>A las 14:30 de hoy se escuch\u00f3 la sirena de los Bomberos de Tornquist quienes concurrieron a un accidente ocurrido en la Ruta 33 a pocos kms. del paraje Jaguelito.<\/p>\n<p>En el lugar una camioneta Fiat dominio AE055IT, de la empresa Edes conducida por Cristian Rigano (45) termin\u00f3 volcada y con importantes da\u00f1os, luego de rosarse con un cami\u00f3n Mercedez Benz, dominio NDZ842, de la empresa\u00a0 de log\u00edstica integral &#8220;Calico&#8221;, conducido por Carlos Valdez (43), que circulaba sentido Tornquist-Bah\u00eda Blanca.<\/p>\n<p>Tras rosar en el paragolpe delantero del cami\u00f3n y en el lateral del semi, la camioneta perdi\u00f3 el control y termin\u00f3 volcada con sus cuatro ruedas hacia arriba.<\/p>\n<p>Si bien se aguardaban los peritajes de rigor, fuentes consultadas en el lugar se\u00f1alaron que en su intento de evitar la colisi\u00f3n el camionero maniobr\u00f3 hacia la banquina y, pese al pronunciado desnivel del terreno, el conductor logr\u00f3 mantener la estabilidad del rodado recorriendo casi 200 mts. \u00a0evitando el vuelco del cami\u00f3n.<\/p>\n<p>Una ambulancia del SAME Tornquist traslad\u00f3 al nosocomio local al conductor de la camioneta algo golpeado y con algunos cortes y tambi\u00e9n asistieron al conductor del cami\u00f3n que no presentaba heridas.<\/p>\n<p>Trabajaron en el lugar Polic\u00eda Vial Tornquist, Bomberos Voluntarios de Tornquist, inspectores municipales y una ambulancia del SAME Tornquist.<\/p>\n<p><iframe loading=\"lazy\" title=\"2020 07 02 ACCIDENTE RUTA 33\" width=\"500\" height=\"281\" src=\"https:\/\/www.youtube.com\/embed\/ZiPcH4KSslo?feature=oembed\" frameborder=\"0\" allow=\"accelerometer; autoplay; clipboard-write; encrypted-media; gyroscope; picture-in-picture; web-share\" referrerpolicy=\"strict-origin-when-cross-origin\" allowfullscreen><\/iframe><\/p>\n<p><a href=\"http:\/\/www.celttv.com.ar\/?attachment_id=50277\" rel=\"attachment wp-att-50277\"><img loading=\"lazy\" decoding=\"async\" class=\"alignleft size-full wp-image-50277\" src=\"http:\/\/www.celttv.com.ar\/wp-content\/uploads\/2020\/07\/IMG_6092-Medium.jpg\" alt=\"\" width=\"1152\" height=\"768\" srcset=\"https:\/\/www.celttv.com.ar\/wp-content\/uploads\/2020\/07\/IMG_6092-Medium.jpg 1152w, https:\/\/www.celttv.com.ar\/wp-content\/uploads\/2020\/07\/IMG_6092-Medium-300x200.jpg 300w, https:\/\/www.celttv.com.ar\/wp-content\/uploads\/2020\/07\/IMG_6092-Medium-1024x683.jpg 1024w, https:\/\/www.celttv.com.ar\/wp-content\/uploads\/2020\/07\/IMG_6092-Medium-768x512.jpg 768w, https:\/\/www.celttv.com.ar\/wp-content\/uploads\/2020\/07\/IMG_6092-Medium-750x500.jpg 750w, https:\/\/www.celttv.com.ar\/wp-content\/uploads\/2020\/07\/IMG_6092-Medium-1140x760.jpg 1140w\" sizes=\"auto, (max-width: 1152px) 100vw, 1152px\" \/><\/a> <a href=\"http:\/\/www.celttv.com.ar\/?attachment_id=50278\" rel=\"attachment wp-att-50278\"><img loading=\"lazy\" decoding=\"async\" class=\"alignleft size-medium wp-image-50278\" src=\"http:\/\/www.celttv.com.ar\/wp-content\/uploads\/2020\/07\/IMG_6093-Medium.jpg\" alt=\"\" width=\"780\" height=\"520\" srcset=\"https:\/\/www.celttv.com.ar\/wp-content\/uploads\/2020\/07\/IMG_6093-Medium.jpg 1152w, https:\/\/www.celttv.com.ar\/wp-content\/uploads\/2020\/07\/IMG_6093-Medium-300x200.jpg 300w, https:\/\/www.celttv.com.ar\/wp-content\/uploads\/2020\/07\/IMG_6093-Medium-1024x683.jpg 1024w, https:\/\/www.celttv.com.ar\/wp-content\/uploads\/2020\/07\/IMG_6093-Medium-768x512.jpg 768w, https:\/\/www.celttv.com.ar\/wp-content\/uploads\/2020\/07\/IMG_6093-Medium-750x500.jpg 750w, https:\/\/www.celttv.com.ar\/wp-content\/uploads\/2020\/07\/IMG_6093-Medium-1140x760.jpg 1140w\" sizes=\"auto, (max-width: 780px) 100vw, 780px\" \/><\/a> <a href=\"http:\/\/www.celttv.com.ar\/?attachment_id=50279\" rel=\"attachment wp-att-50279\"><img loading=\"lazy\" decoding=\"async\" class=\"alignleft size-medium wp-image-50279\" src=\"http:\/\/www.celttv.com.ar\/wp-content\/uploads\/2020\/07\/IMG_6094-Medium.jpg\" alt=\"\" width=\"780\" height=\"520\" srcset=\"https:\/\/www.celttv.com.ar\/wp-content\/uploads\/2020\/07\/IMG_6094-Medium.jpg 1152w, https:\/\/www.celttv.com.ar\/wp-content\/uploads\/2020\/07\/IMG_6094-Medium-300x200.jpg 300w, https:\/\/www.celttv.com.ar\/wp-content\/uploads\/2020\/07\/IMG_6094-Medium-1024x683.jpg 1024w, https:\/\/www.celttv.com.ar\/wp-content\/uploads\/2020\/07\/IMG_6094-Medium-768x512.jpg 768w, https:\/\/www.celttv.com.ar\/wp-content\/uploads\/2020\/07\/IMG_6094-Medium-750x500.jpg 750w, https:\/\/www.celttv.com.ar\/wp-content\/uploads\/2020\/07\/IMG_6094-Medium-1140x760.jpg 1140w\" sizes=\"auto, (max-width: 780px) 100vw, 780px\" \/><\/a> <a href=\"http:\/\/www.celttv.com.ar\/?attachment_id=50280\" rel=\"attachment wp-att-50280\"><img loading=\"lazy\" decoding=\"async\" class=\"alignleft size-medium wp-image-50280\" src=\"http:\/\/www.celttv.com.ar\/wp-content\/uploads\/2020\/07\/IMG_6095-Medium.jpg\" alt=\"\" width=\"780\" height=\"520\" srcset=\"https:\/\/www.celttv.com.ar\/wp-content\/uploads\/2020\/07\/IMG_6095-Medium.jpg 1152w, https:\/\/www.celttv.com.ar\/wp-content\/uploads\/2020\/07\/IMG_6095-Medium-300x200.jpg 300w, https:\/\/www.celttv.com.ar\/wp-content\/uploads\/2020\/07\/IMG_6095-Medium-1024x683.jpg 1024w, https:\/\/www.celttv.com.ar\/wp-content\/uploads\/2020\/07\/IMG_6095-Medium-768x512.jpg 768w, https:\/\/www.celttv.com.ar\/wp-content\/uploads\/2020\/07\/IMG_6095-Medium-750x500.jpg 750w, https:\/\/www.celttv.com.ar\/wp-content\/uploads\/2020\/07\/IMG_6095-Medium-1140x760.jpg 1140w\" sizes=\"auto, (max-width: 780px) 100vw, 780px\" \/><\/a> <a href=\"http:\/\/www.celttv.com.ar\/?attachment_id=50281\" rel=\"attachment wp-att-50281\"><img loading=\"lazy\" decoding=\"async\" class=\"alignleft size-medium wp-image-50281\" src=\"http:\/\/www.celttv.com.ar\/wp-content\/uploads\/2020\/07\/IMG_6096-Medium.jpg\" alt=\"\" width=\"780\" height=\"520\" srcset=\"https:\/\/www.celttv.com.ar\/wp-content\/uploads\/2020\/07\/IMG_6096-Medium.jpg 1152w, https:\/\/www.celttv.com.ar\/wp-content\/uploads\/2020\/07\/IMG_6096-Medium-300x200.jpg 300w, https:\/\/www.celttv.com.ar\/wp-content\/uploads\/2020\/07\/IMG_6096-Medium-1024x683.jpg 1024w, https:\/\/www.celttv.com.ar\/wp-content\/uploads\/2020\/07\/IMG_6096-Medium-768x512.jpg 768w, https:\/\/www.celttv.com.ar\/wp-content\/uploads\/2020\/07\/IMG_6096-Medium-750x500.jpg 750w, https:\/\/www.celttv.com.ar\/wp-content\/uploads\/2020\/07\/IMG_6096-Medium-1140x760.jpg 1140w\" sizes=\"auto, (max-width: 780px) 100vw, 780px\" \/><\/a> <a href=\"http:\/\/www.celttv.com.ar\/?attachment_id=50282\" rel=\"attachment wp-att-50282\"><img loading=\"lazy\" decoding=\"async\" class=\"alignleft size-medium wp-image-50282\" src=\"http:\/\/www.celttv.com.ar\/wp-content\/uploads\/2020\/07\/IMG_6097-Medium.jpg\" alt=\"\" width=\"780\" height=\"520\" srcset=\"https:\/\/www.celttv.com.ar\/wp-content\/uploads\/2020\/07\/IMG_6097-Medium.jpg 1152w, https:\/\/www.celttv.com.ar\/wp-content\/uploads\/2020\/07\/IMG_6097-Medium-300x200.jpg 300w, https:\/\/www.celttv.com.ar\/wp-content\/uploads\/2020\/07\/IMG_6097-Medium-1024x683.jpg 1024w, https:\/\/www.celttv.com.ar\/wp-content\/uploads\/2020\/07\/IMG_6097-Medium-768x512.jpg 768w, https:\/\/www.celttv.com.ar\/wp-content\/uploads\/2020\/07\/IMG_6097-Medium-750x500.jpg 750w, https:\/\/www.celttv.com.ar\/wp-content\/uploads\/2020\/07\/IMG_6097-Medium-1140x760.jpg 1140w\" sizes=\"auto, (max-width: 780px) 100vw, 780px\" \/><\/a> <a href=\"http:\/\/www.celttv.com.ar\/?attachment_id=50283\" rel=\"attachment wp-att-50283\"><img loading=\"lazy\" decoding=\"async\" class=\"alignleft size-medium wp-image-50283\" src=\"http:\/\/www.celttv.com.ar\/wp-content\/uploads\/2020\/07\/IMG_6098-Medium.jpg\" alt=\"\" width=\"780\" height=\"520\" srcset=\"https:\/\/www.celttv.com.ar\/wp-content\/uploads\/2020\/07\/IMG_6098-Medium.jpg 1152w, https:\/\/www.celttv.com.ar\/wp-content\/uploads\/2020\/07\/IMG_6098-Medium-300x200.jpg 300w, https:\/\/www.celttv.com.ar\/wp-content\/uploads\/2020\/07\/IMG_6098-Medium-1024x683.jpg 1024w, https:\/\/www.celttv.com.ar\/wp-content\/uploads\/2020\/07\/IMG_6098-Medium-768x512.jpg 768w, https:\/\/www.celttv.com.ar\/wp-content\/uploads\/2020\/07\/IMG_6098-Medium-750x500.jpg 750w, https:\/\/www.celttv.com.ar\/wp-content\/uploads\/2020\/07\/IMG_6098-Medium-1140x760.jpg 1140w\" sizes=\"auto, (max-width: 780px) 100vw, 780px\" \/><\/a> <a href=\"http:\/\/www.celttv.com.ar\/?attachment_id=50284\" rel=\"attachment wp-att-50284\"><img loading=\"lazy\" decoding=\"async\" class=\"alignleft size-medium wp-image-50284\" src=\"http:\/\/www.celttv.com.ar\/wp-content\/uploads\/2020\/07\/IMG_6099-Medium.jpg\" alt=\"\" width=\"780\" height=\"520\" srcset=\"https:\/\/www.celttv.com.ar\/wp-content\/uploads\/2020\/07\/IMG_6099-Medium.jpg 1152w, https:\/\/www.celttv.com.ar\/wp-content\/uploads\/2020\/07\/IMG_6099-Medium-300x200.jpg 300w, https:\/\/www.celttv.com.ar\/wp-content\/uploads\/2020\/07\/IMG_6099-Medium-1024x683.jpg 1024w, https:\/\/www.celttv.com.ar\/wp-content\/uploads\/2020\/07\/IMG_6099-Medium-768x512.jpg 768w, https:\/\/www.celttv.com.ar\/wp-content\/uploads\/2020\/07\/IMG_6099-Medium-750x500.jpg 750w, https:\/\/www.celttv.com.ar\/wp-content\/uploads\/2020\/07\/IMG_6099-Medium-1140x760.jpg 1140w\" sizes=\"auto, (max-width: 780px) 100vw, 780px\" \/><\/a> <a href=\"http:\/\/www.celttv.com.ar\/?attachment_id=50285\" rel=\"attachment wp-att-50285\"><img loading=\"lazy\" decoding=\"async\" class=\"alignleft size-medium wp-image-50285\" src=\"http:\/\/www.celttv.com.ar\/wp-content\/uploads\/2020\/07\/IMG_6100-Medium.jpg\" alt=\"\" width=\"780\" height=\"520\" srcset=\"https:\/\/www.celttv.com.ar\/wp-content\/uploads\/2020\/07\/IMG_6100-Medium.jpg 1152w, https:\/\/www.celttv.com.ar\/wp-content\/uploads\/2020\/07\/IMG_6100-Medium-300x200.jpg 300w, https:\/\/www.celttv.com.ar\/wp-content\/uploads\/2020\/07\/IMG_6100-Medium-1024x683.jpg 1024w, https:\/\/www.celttv.com.ar\/wp-content\/uploads\/2020\/07\/IMG_6100-Medium-768x512.jpg 768w, https:\/\/www.celttv.com.ar\/wp-content\/uploads\/2020\/07\/IMG_6100-Medium-750x500.jpg 750w, https:\/\/www.celttv.com.ar\/wp-content\/uploads\/2020\/07\/IMG_6100-Medium-1140x760.jpg 1140w\" sizes=\"auto, (max-width: 780px) 100vw, 780px\" \/><\/a> <a href=\"http:\/\/www.celttv.com.ar\/?attachment_id=50286\" rel=\"attachment wp-att-50286\"><img loading=\"lazy\" decoding=\"async\" class=\"alignleft size-medium wp-image-50286\" src=\"http:\/\/www.celttv.com.ar\/wp-content\/uploads\/2020\/07\/IMG_6101-Medium.jpg\" alt=\"\" width=\"780\" height=\"520\" srcset=\"https:\/\/www.celttv.com.ar\/wp-content\/uploads\/2020\/07\/IMG_6101-Medium.jpg 1152w, https:\/\/www.celttv.com.ar\/wp-content\/uploads\/2020\/07\/IMG_6101-Medium-300x200.jpg 300w, https:\/\/www.celttv.com.ar\/wp-content\/uploads\/2020\/07\/IMG_6101-Medium-1024x683.jpg 1024w, https:\/\/www.celttv.com.ar\/wp-content\/uploads\/2020\/07\/IMG_6101-Medium-768x512.jpg 768w, https:\/\/www.celttv.com.ar\/wp-content\/uploads\/2020\/07\/IMG_6101-Medium-750x500.jpg 750w, https:\/\/www.celttv.com.ar\/wp-content\/uploads\/2020\/07\/IMG_6101-Medium-1140x760.jpg 1140w\" sizes=\"auto, (max-width: 780px) 100vw, 780px\" \/><\/a> <a href=\"http:\/\/www.celttv.com.ar\/?attachment_id=50287\" rel=\"attachment wp-att-50287\"><img loading=\"lazy\" decoding=\"async\" class=\"alignleft size-medium wp-image-50287\" src=\"http:\/\/www.celttv.com.ar\/wp-content\/uploads\/2020\/07\/IMG_6102-Medium.jpg\" alt=\"\" width=\"780\" height=\"520\" srcset=\"https:\/\/www.celttv.com.ar\/wp-content\/uploads\/2020\/07\/IMG_6102-Medium.jpg 1152w, https:\/\/www.celttv.com.ar\/wp-content\/uploads\/2020\/07\/IMG_6102-Medium-300x200.jpg 300w, https:\/\/www.celttv.com.ar\/wp-content\/uploads\/2020\/07\/IMG_6102-Medium-1024x683.jpg 1024w, https:\/\/www.celttv.com.ar\/wp-content\/uploads\/2020\/07\/IMG_6102-Medium-768x512.jpg 768w, https:\/\/www.celttv.com.ar\/wp-content\/uploads\/2020\/07\/IMG_6102-Medium-750x500.jpg 750w, https:\/\/www.celttv.com.ar\/wp-content\/uploads\/2020\/07\/IMG_6102-Medium-1140x760.jpg 1140w\" sizes=\"auto, (max-width: 780px) 100vw, 780px\" \/><\/a> <a href=\"http:\/\/www.celttv.com.ar\/?attachment_id=50288\" rel=\"attachment wp-att-50288\"><img loading=\"lazy\" decoding=\"async\" class=\"alignleft size-medium wp-image-50288\" src=\"http:\/\/www.celttv.com.ar\/wp-content\/uploads\/2020\/07\/IMG_6103-Medium.jpg\" alt=\"\" width=\"780\" height=\"520\" srcset=\"https:\/\/www.celttv.com.ar\/wp-content\/uploads\/2020\/07\/IMG_6103-Medium.jpg 1152w, https:\/\/www.celttv.com.ar\/wp-content\/uploads\/2020\/07\/IMG_6103-Medium-300x200.jpg 300w, https:\/\/www.celttv.com.ar\/wp-content\/uploads\/2020\/07\/IMG_6103-Medium-1024x683.jpg 1024w, https:\/\/www.celttv.com.ar\/wp-content\/uploads\/2020\/07\/IMG_6103-Medium-768x512.jpg 768w, https:\/\/www.celttv.com.ar\/wp-content\/uploads\/2020\/07\/IMG_6103-Medium-750x500.jpg 750w, https:\/\/www.celttv.com.ar\/wp-content\/uploads\/2020\/07\/IMG_6103-Medium-1140x760.jpg 1140w\" sizes=\"auto, (max-width: 780px) 100vw, 780px\" \/><\/a> <a href=\"http:\/\/www.celttv.com.ar\/?attachment_id=50289\" rel=\"attachment wp-att-50289\"><img loading=\"lazy\" decoding=\"async\" class=\"alignleft size-medium wp-image-50289\" src=\"http:\/\/www.celttv.com.ar\/wp-content\/uploads\/2020\/07\/IMG_6104-Medium.jpg\" alt=\"\" width=\"780\" height=\"520\" srcset=\"https:\/\/www.celttv.com.ar\/wp-content\/uploads\/2020\/07\/IMG_6104-Medium.jpg 1152w, https:\/\/www.celttv.com.ar\/wp-content\/uploads\/2020\/07\/IMG_6104-Medium-300x200.jpg 300w, https:\/\/www.celttv.com.ar\/wp-content\/uploads\/2020\/07\/IMG_6104-Medium-1024x683.jpg 1024w, https:\/\/www.celttv.com.ar\/wp-content\/uploads\/2020\/07\/IMG_6104-Medium-768x512.jpg 768w, https:\/\/www.celttv.com.ar\/wp-content\/uploads\/2020\/07\/IMG_6104-Medium-750x500.jpg 750w, https:\/\/www.celttv.com.ar\/wp-content\/uploads\/2020\/07\/IMG_6104-Medium-1140x760.jpg 1140w\" sizes=\"auto, (max-width: 780px) 100vw, 780px\" \/><\/a><\/p>\n<p>&nbsp;<\/p>\n<p>&nbsp;<\/p>\n","protected":false},"excerpt":{"rendered":"<p>A las 14:30 de hoy se escuch\u00f3 la sirena de los Bomberos de Tornquist quienes concurrieron a un accidente ocurrido en la Ruta 33 a pocos kms. del paraje Jaguelito. En el lugar una camioneta Fiat dominio AE055IT, de la empresa Edes conducida por Cristian Rigano (45) termin\u00f3 volcada y con importantes da\u00f1os, luego de [&hellip;]<\/p>\n","protected":false},"author":1,"featured_media":50281,"comment_status":"closed","ping_status":"open","sticky":false,"template":"","format":"standard","meta":{"footnotes":""},"categories":[51,52,61],"tags":[],"class_list":["post-50276","post","type-post","status-publish","format-standard","has-post-thumbnail","hentry","category-comunidad","category-destacadas","category-policiales"],"yoast_head":"<!-- This site is optimized with the Yoast SEO plugin v19.7.1 - https:\/\/yoast.com\/wordpress\/plugins\/seo\/ -->\n<title>Un herido leve en un vuelco en la Ruta 33 (informe, video y fotos) - CELTTV<\/title>\n<meta name=\"description\" content=\"Sitio web de noticias de la localidad de Tornquist, provincia de Buenos Aires, Rep\u00fablica Argentina. Contenido propio originado por periodistas de CELTTV, el canal de TV local de la Cooperativa El\u00e9ctrica de Tornquist. Turismo, Pol\u00edtica, Sociedad, Deporte, Cultura y todo el contenido de inter\u00e9s general que la gente del pueblo y la regi\u00f3n debe conocer.\" \/>\n<meta name=\"robots\" content=\"index, follow, max-snippet:-1, max-image-preview:large, max-video-preview:-1\" \/>\n<link rel=\"canonical\" href=\"https:\/\/www.celttv.com.ar\/index.php\/2020\/07\/02\/un-herido-leve-en-un-vuelco-en-la-ruta-33\/\" \/>\n<meta property=\"og:locale\" content=\"es_ES\" \/>\n<meta property=\"og:type\" content=\"article\" \/>\n<meta property=\"og:title\" content=\"Un herido leve en un vuelco en la Ruta 33 (informe, video y fotos) - CELTTV\" \/>\n<meta property=\"og:description\" content=\"Sitio web de noticias de la localidad de Tornquist, provincia de Buenos Aires, Rep\u00fablica Argentina. Contenido propio originado por periodistas de CELTTV, el canal de TV local de la Cooperativa El\u00e9ctrica de Tornquist. Turismo, Pol\u00edtica, Sociedad, Deporte, Cultura y todo el contenido de inter\u00e9s general que la gente del pueblo y la regi\u00f3n debe conocer.\" \/>\n<meta property=\"og:url\" content=\"https:\/\/www.celttv.com.ar\/index.php\/2020\/07\/02\/un-herido-leve-en-un-vuelco-en-la-ruta-33\/\" \/>\n<meta property=\"og:site_name\" content=\"CELTTV\" \/>\n<meta property=\"article:publisher\" content=\"https:\/\/www.facebook.com\/celtTV\/\" \/>\n<meta property=\"article:published_time\" content=\"2020-07-02T19:33:34+00:00\" \/>\n<meta property=\"og:image\" content=\"https:\/\/www.celttv.com.ar\/wp-content\/uploads\/2020\/07\/IMG_6096-Medium.jpg\" \/>\n\t<meta property=\"og:image:width\" content=\"1152\" \/>\n\t<meta property=\"og:image:height\" content=\"768\" \/>\n\t<meta property=\"og:image:type\" content=\"image\/jpeg\" \/>\n<meta name=\"author\" content=\"ulises\" \/>\n<meta name=\"twitter:card\" content=\"summary_large_image\" \/>\n<meta name=\"twitter:label1\" content=\"Escrito por\" \/>\n\t<meta name=\"twitter:data1\" content=\"ulises\" \/>\n\t<meta name=\"twitter:label2\" content=\"Tiempo de lectura\" \/>\n\t<meta name=\"twitter:data2\" content=\"1 minuto\" \/>\n<script type=\"application\/ld+json\" class=\"yoast-schema-graph\">{\"@context\":\"https:\/\/schema.org\",\"@graph\":[{\"@type\":\"NewsArticle\",\"@id\":\"https:\/\/www.celttv.com.ar\/index.php\/2020\/07\/02\/un-herido-leve-en-un-vuelco-en-la-ruta-33\/#article\",\"isPartOf\":{\"@id\":\"https:\/\/www.celttv.com.ar\/index.php\/2020\/07\/02\/un-herido-leve-en-un-vuelco-en-la-ruta-33\/\"},\"author\":{\"name\":\"ulises\",\"@id\":\"https:\/\/www.celttv.com.ar\/#\/schema\/person\/6d99c072dba59953809c81446e9d0ace\"},\"headline\":\"Un herido leve en un vuelco en la Ruta 33 (informe, video y fotos)\",\"datePublished\":\"2020-07-02T19:33:34+00:00\",\"dateModified\":\"2020-07-02T19:33:34+00:00\",\"mainEntityOfPage\":{\"@id\":\"https:\/\/www.celttv.com.ar\/index.php\/2020\/07\/02\/un-herido-leve-en-un-vuelco-en-la-ruta-33\/\"},\"wordCount\":237,\"publisher\":{\"@id\":\"https:\/\/www.celttv.com.ar\/#organization\"},\"articleSection\":[\"Comunidad\",\"Destacadas\",\"Policiales\"],\"inLanguage\":\"es\"},{\"@type\":\"WebPage\",\"@id\":\"https:\/\/www.celttv.com.ar\/index.php\/2020\/07\/02\/un-herido-leve-en-un-vuelco-en-la-ruta-33\/\",\"url\":\"https:\/\/www.celttv.com.ar\/index.php\/2020\/07\/02\/un-herido-leve-en-un-vuelco-en-la-ruta-33\/\",\"name\":\"Un herido leve en un vuelco en la Ruta 33 (informe, video y fotos) - CELTTV\",\"isPartOf\":{\"@id\":\"https:\/\/www.celttv.com.ar\/#website\"},\"datePublished\":\"2020-07-02T19:33:34+00:00\",\"dateModified\":\"2020-07-02T19:33:34+00:00\",\"description\":\"Sitio web de noticias de la localidad de Tornquist, provincia de Buenos Aires, Rep\u00fablica Argentina. Contenido propio originado por periodistas de CELTTV, el canal de TV local de la Cooperativa El\u00e9ctrica de Tornquist. Turismo, Pol\u00edtica, Sociedad, Deporte, Cultura y todo el contenido de inter\u00e9s general que la gente del pueblo y la regi\u00f3n debe conocer.\",\"breadcrumb\":{\"@id\":\"https:\/\/www.celttv.com.ar\/index.php\/2020\/07\/02\/un-herido-leve-en-un-vuelco-en-la-ruta-33\/#breadcrumb\"},\"inLanguage\":\"es\",\"potentialAction\":[{\"@type\":\"ReadAction\",\"target\":[\"https:\/\/www.celttv.com.ar\/index.php\/2020\/07\/02\/un-herido-leve-en-un-vuelco-en-la-ruta-33\/\"]}]},{\"@type\":\"BreadcrumbList\",\"@id\":\"https:\/\/www.celttv.com.ar\/index.php\/2020\/07\/02\/un-herido-leve-en-un-vuelco-en-la-ruta-33\/#breadcrumb\",\"itemListElement\":[{\"@type\":\"ListItem\",\"position\":1,\"name\":\"Inicio\",\"item\":\"https:\/\/www.celttv.com.ar\/\"},{\"@type\":\"ListItem\",\"position\":2,\"name\":\"Un herido leve en un vuelco en la Ruta 33 (informe, video y fotos)\"}]},{\"@type\":\"WebSite\",\"@id\":\"https:\/\/www.celttv.com.ar\/#website\",\"url\":\"https:\/\/www.celttv.com.ar\/\",\"name\":\"CELTTV\",\"description\":\"Cooperativa El\u00e9ctrica de Tornquist\",\"publisher\":{\"@id\":\"https:\/\/www.celttv.com.ar\/#organization\"},\"potentialAction\":[{\"@type\":\"SearchAction\",\"target\":{\"@type\":\"EntryPoint\",\"urlTemplate\":\"https:\/\/www.celttv.com.ar\/?s={search_term_string}\"},\"query-input\":\"required name=search_term_string\"}],\"inLanguage\":\"es\"},{\"@type\":\"Organization\",\"@id\":\"https:\/\/www.celttv.com.ar\/#organization\",\"name\":\"CELTTV\",\"url\":\"https:\/\/www.celttv.com.ar\/\",\"sameAs\":[\"https:\/\/www.youtube.com\/channel\/UCz_oIt8Hig64Ub-EmcNPIhg\",\"https:\/\/www.facebook.com\/celtTV\/\"],\"logo\":{\"@type\":\"ImageObject\",\"inLanguage\":\"es\",\"@id\":\"https:\/\/www.celttv.com.ar\/#\/schema\/logo\/image\/\",\"url\":\"http:\/\/www.celttv.com.ar\/wp-content\/uploads\/2022\/08\/logo-1.png\",\"contentUrl\":\"http:\/\/www.celttv.com.ar\/wp-content\/uploads\/2022\/08\/logo-1.png\",\"width\":461,\"height\":159,\"caption\":\"CELTTV\"},\"image\":{\"@id\":\"https:\/\/www.celttv.com.ar\/#\/schema\/logo\/image\/\"}},{\"@type\":\"Person\",\"@id\":\"https:\/\/www.celttv.com.ar\/#\/schema\/person\/6d99c072dba59953809c81446e9d0ace\",\"name\":\"ulises\",\"image\":{\"@type\":\"ImageObject\",\"inLanguage\":\"es\",\"@id\":\"https:\/\/www.celttv.com.ar\/#\/schema\/person\/image\/\",\"url\":\"https:\/\/secure.gravatar.com\/avatar\/7f2c48bdc33b30088f941fb6082e555f2874c98e20cb159d7b92b50eadfce793?s=96&d=mm&r=g\",\"contentUrl\":\"https:\/\/secure.gravatar.com\/avatar\/7f2c48bdc33b30088f941fb6082e555f2874c98e20cb159d7b92b50eadfce793?s=96&d=mm&r=g\",\"caption\":\"ulises\"},\"sameAs\":[\"http:\/\/www.celttv.com.ar\"]}]}<\/script>\n<!-- \/ Yoast SEO plugin. -->","yoast_head_json":{"title":"Un herido leve en un vuelco en la Ruta 33 (informe, video y fotos) - CELTTV","description":"Sitio web de noticias de la localidad de Tornquist, provincia de Buenos Aires, Rep\u00fablica Argentina. Contenido propio originado por periodistas de CELTTV, el canal de TV local de la Cooperativa El\u00e9ctrica de Tornquist. Turismo, Pol\u00edtica, Sociedad, Deporte, Cultura y todo el contenido de inter\u00e9s general que la gente del pueblo y la regi\u00f3n debe conocer.","robots":{"index":"index","follow":"follow","max-snippet":"max-snippet:-1","max-image-preview":"max-image-preview:large","max-video-preview":"max-video-preview:-1"},"canonical":"https:\/\/www.celttv.com.ar\/index.php\/2020\/07\/02\/un-herido-leve-en-un-vuelco-en-la-ruta-33\/","og_locale":"es_ES","og_type":"article","og_title":"Un herido leve en un vuelco en la Ruta 33 (informe, video y fotos) - CELTTV","og_description":"Sitio web de noticias de la localidad de Tornquist, provincia de Buenos Aires, Rep\u00fablica Argentina. Contenido propio originado por periodistas de CELTTV, el canal de TV local de la Cooperativa El\u00e9ctrica de Tornquist. Turismo, Pol\u00edtica, Sociedad, Deporte, Cultura y todo el contenido de inter\u00e9s general que la gente del pueblo y la regi\u00f3n debe conocer.","og_url":"https:\/\/www.celttv.com.ar\/index.php\/2020\/07\/02\/un-herido-leve-en-un-vuelco-en-la-ruta-33\/","og_site_name":"CELTTV","article_publisher":"https:\/\/www.facebook.com\/celtTV\/","article_published_time":"2020-07-02T19:33:34+00:00","og_image":[{"width":1152,"height":768,"url":"https:\/\/www.celttv.com.ar\/wp-content\/uploads\/2020\/07\/IMG_6096-Medium.jpg","type":"image\/jpeg"}],"author":"ulises","twitter_card":"summary_large_image","twitter_misc":{"Escrito por":"ulises","Tiempo de lectura":"1 minuto"},"schema":{"@context":"https:\/\/schema.org","@graph":[{"@type":"NewsArticle","@id":"https:\/\/www.celttv.com.ar\/index.php\/2020\/07\/02\/un-herido-leve-en-un-vuelco-en-la-ruta-33\/#article","isPartOf":{"@id":"https:\/\/www.celttv.com.ar\/index.php\/2020\/07\/02\/un-herido-leve-en-un-vuelco-en-la-ruta-33\/"},"author":{"name":"ulises","@id":"https:\/\/www.celttv.com.ar\/#\/schema\/person\/6d99c072dba59953809c81446e9d0ace"},"headline":"Un herido leve en un vuelco en la Ruta 33 (informe, video y fotos)","datePublished":"2020-07-02T19:33:34+00:00","dateModified":"2020-07-02T19:33:34+00:00","mainEntityOfPage":{"@id":"https:\/\/www.celttv.com.ar\/index.php\/2020\/07\/02\/un-herido-leve-en-un-vuelco-en-la-ruta-33\/"},"wordCount":237,"publisher":{"@id":"https:\/\/www.celttv.com.ar\/#organization"},"articleSection":["Comunidad","Destacadas","Policiales"],"inLanguage":"es"},{"@type":"WebPage","@id":"https:\/\/www.celttv.com.ar\/index.php\/2020\/07\/02\/un-herido-leve-en-un-vuelco-en-la-ruta-33\/","url":"https:\/\/www.celttv.com.ar\/index.php\/2020\/07\/02\/un-herido-leve-en-un-vuelco-en-la-ruta-33\/","name":"Un herido leve en un vuelco en la Ruta 33 (informe, video y fotos) - CELTTV","isPartOf":{"@id":"https:\/\/www.celttv.com.ar\/#website"},"datePublished":"2020-07-02T19:33:34+00:00","dateModified":"2020-07-02T19:33:34+00:00","description":"Sitio web de noticias de la localidad de Tornquist, provincia de Buenos Aires, Rep\u00fablica Argentina. Contenido propio originado por periodistas de CELTTV, el canal de TV local de la Cooperativa El\u00e9ctrica de Tornquist. Turismo, Pol\u00edtica, Sociedad, Deporte, Cultura y todo el contenido de inter\u00e9s general que la gente del pueblo y la regi\u00f3n debe conocer.","breadcrumb":{"@id":"https:\/\/www.celttv.com.ar\/index.php\/2020\/07\/02\/un-herido-leve-en-un-vuelco-en-la-ruta-33\/#breadcrumb"},"inLanguage":"es","potentialAction":[{"@type":"ReadAction","target":["https:\/\/www.celttv.com.ar\/index.php\/2020\/07\/02\/un-herido-leve-en-un-vuelco-en-la-ruta-33\/"]}]},{"@type":"BreadcrumbList","@id":"https:\/\/www.celttv.com.ar\/index.php\/2020\/07\/02\/un-herido-leve-en-un-vuelco-en-la-ruta-33\/#breadcrumb","itemListElement":[{"@type":"ListItem","position":1,"name":"Inicio","item":"https:\/\/www.celttv.com.ar\/"},{"@type":"ListItem","position":2,"name":"Un herido leve en un vuelco en la Ruta 33 (informe, video y fotos)"}]},{"@type":"WebSite","@id":"https:\/\/www.celttv.com.ar\/#website","url":"https:\/\/www.celttv.com.ar\/","name":"CELTTV","description":"Cooperativa El\u00e9ctrica de Tornquist","publisher":{"@id":"https:\/\/www.celttv.com.ar\/#organization"},"potentialAction":[{"@type":"SearchAction","target":{"@type":"EntryPoint","urlTemplate":"https:\/\/www.celttv.com.ar\/?s={search_term_string}"},"query-input":"required name=search_term_string"}],"inLanguage":"es"},{"@type":"Organization","@id":"https:\/\/www.celttv.com.ar\/#organization","name":"CELTTV","url":"https:\/\/www.celttv.com.ar\/","sameAs":["https:\/\/www.youtube.com\/channel\/UCz_oIt8Hig64Ub-EmcNPIhg","https:\/\/www.facebook.com\/celtTV\/"],"logo":{"@type":"ImageObject","inLanguage":"es","@id":"https:\/\/www.celttv.com.ar\/#\/schema\/logo\/image\/","url":"http:\/\/www.celttv.com.ar\/wp-content\/uploads\/2022\/08\/logo-1.png","contentUrl":"http:\/\/www.celttv.com.ar\/wp-content\/uploads\/2022\/08\/logo-1.png","width":461,"height":159,"caption":"CELTTV"},"image":{"@id":"https:\/\/www.celttv.com.ar\/#\/schema\/logo\/image\/"}},{"@type":"Person","@id":"https:\/\/www.celttv.com.ar\/#\/schema\/person\/6d99c072dba59953809c81446e9d0ace","name":"ulises","image":{"@type":"ImageObject","inLanguage":"es","@id":"https:\/\/www.celttv.com.ar\/#\/schema\/person\/image\/","url":"https:\/\/secure.gravatar.com\/avatar\/7f2c48bdc33b30088f941fb6082e555f2874c98e20cb159d7b92b50eadfce793?s=96&d=mm&r=g","contentUrl":"https:\/\/secure.gravatar.com\/avatar\/7f2c48bdc33b30088f941fb6082e555f2874c98e20cb159d7b92b50eadfce793?s=96&d=mm&r=g","caption":"ulises"},"sameAs":["http:\/\/www.celttv.com.ar"]}]}},"_links":{"self":[{"href":"https:\/\/www.celttv.com.ar\/index.php\/wp-json\/wp\/v2\/posts\/50276","targetHints":{"allow":["GET"]}}],"collection":[{"href":"https:\/\/www.celttv.com.ar\/index.php\/wp-json\/wp\/v2\/posts"}],"about":[{"href":"https:\/\/www.celttv.com.ar\/index.php\/wp-json\/wp\/v2\/types\/post"}],"author":[{"embeddable":true,"href":"https:\/\/www.celttv.com.ar\/index.php\/wp-json\/wp\/v2\/users\/1"}],"replies":[{"embeddable":true,"href":"https:\/\/www.celttv.com.ar\/index.php\/wp-json\/wp\/v2\/comments?post=50276"}],"version-history":[{"count":0,"href":"https:\/\/www.celttv.com.ar\/index.php\/wp-json\/wp\/v2\/posts\/50276\/revisions"}],"wp:featuredmedia":[{"embeddable":true,"href":"https:\/\/www.celttv.com.ar\/index.php\/wp-json\/wp\/v2\/media\/50281"}],"wp:attachment":[{"href":"https:\/\/www.celttv.com.ar\/index.php\/wp-json\/wp\/v2\/media?parent=50276"}],"wp:term":[{"taxonomy":"category","embeddable":true,"href":"https:\/\/www.celttv.com.ar\/index.php\/wp-json\/wp\/v2\/categories?post=50276"},{"taxonomy":"post_tag","embeddable":true,"href":"https:\/\/www.celttv.com.ar\/index.php\/wp-json\/wp\/v2\/tags?post=50276"}],"curies":[{"name":"wp","href":"https:\/\/api.w.org\/{rel}","templated":true}]}}