{"id":50382,"date":"2020-07-06T16:04:51","date_gmt":"2020-07-06T16:04:51","guid":{"rendered":"http:\/\/www.celttv.com.ar\/?p=50382"},"modified":"2020-07-06T16:04:51","modified_gmt":"2020-07-06T16:04:51","slug":"sostener-cultura-ii-becas-extraordinarias-para-artistas-trabajadores-y-trabajadoras-de-la-cultura","status":"publish","type":"post","link":"https:\/\/www.celttv.com.ar\/index.php\/2020\/07\/06\/sostener-cultura-ii-becas-extraordinarias-para-artistas-trabajadores-y-trabajadoras-de-la-cultura\/","title":{"rendered":"Sostener Cultura II: Becas extraordinarias para artistas, trabajadores y trabajadoras de la cultura"},"content":{"rendered":"<p>&nbsp;<\/p>\n<p>&nbsp;<\/p>\n<p><a href=\"http:\/\/www.celttv.com.ar\/?attachment_id=50383\" rel=\"attachment wp-att-50383\"><\/a><\/p>\n<table border=\"0\" width=\"100%\" cellspacing=\"0\" cellpadding=\"0\" align=\"center\" bgcolor=\"#EAECED\">\n<tbody>\n<tr>\n<td align=\"center\" valign=\"top\">\n<table border=\"0\" width=\"580\" cellspacing=\"0\" cellpadding=\"0\" bgcolor=\"#FFFFFF\">\n<tbody>\n<tr>\n<td align=\"center\">\n<table width=\"85%\">\n<tbody>\n<tr>\n<td align=\"center\">\n<h2>Sostener Cultura II<\/h2>\n<\/td>\n<\/tr>\n<\/tbody>\n<\/table>\n<\/td>\n<\/tr>\n<tr>\n<td><\/td>\n<\/tr>\n<tr>\n<td align=\"center\">\n<table border=\"0\" width=\"78%\" cellspacing=\"0\" cellpadding=\"0\">\n<tbody>\n<tr>\n<td align=\"left\"><strong>Sostener Cultura II: Becas extraordinarias para artistas, trabajadores y trabajadoras de la cultura<\/strong><\/p>\n<p>El Ministerio de Cultura de la Naci\u00f3n en conjunto con el Fondo Nacional de las Artes y la ANSES lanza de forma excepcional y extraordinaria las \u201cBecas Sostener Cultura II\u201d,\u00a0 una ayuda dirigida a integrantes de la comunidad art\u00edstica, trabajadores y trabajadoras de la cultura, con el objetivo primordial de acompa\u00f1arlos en este momento especial que est\u00e1 atravesando el sector,\u00a0uno de los m\u00e1s afectados por la pandemia del Covid-19.<\/td>\n<\/tr>\n<\/tbody>\n<\/table>\n<\/td>\n<\/tr>\n<tr>\n<td><\/td>\n<\/tr>\n<tr>\n<td align=\"center\" valign=\"top\">\n<table border=\"0\" cellspacing=\"0\" cellpadding=\"0\">\n<tbody>\n<tr>\n<td align=\"center\" valign=\"top\"><a href=\"http:\/\/anuncios.cultura.gob.ar\/\/lt.php?id=fEgFUwRXCk1aBAIMTgsCBwAECQ\" target=\"_blank\" rel=\"noopener\" data-saferedirecturl=\"https:\/\/www.google.com\/url?q=http:\/\/anuncios.cultura.gob.ar\/\/lt.php?id%3DfEgFUwRXCk1aBAIMTgsCBwAECQ&amp;source=gmail&amp;ust=1594130599827000&amp;usg=AFQjCNFGugqiZeXmXO7ROWJQJ5RREuxntQ\">M\u00c1S INFORMACI\u00d3N<\/a><\/td>\n<\/tr>\n<\/tbody>\n<\/table>\n<\/td>\n<\/tr>\n<tr>\n<td><\/td>\n<\/tr>\n<tr>\n<td><\/td>\n<\/tr>\n<\/tbody>\n<\/table>\n<\/td>\n<\/tr>\n<tr>\n<td align=\"center\">\n<table border=\"0\" width=\"580\" cellspacing=\"0\" cellpadding=\"0\">\n<tbody>\n<tr>\n<td><\/td>\n<\/tr>\n<\/tbody>\n<\/table>\n<\/td>\n<\/tr>\n<\/tbody>\n<\/table>\n<p><a href=\"http:\/\/www.celttv.com.ar\/?attachment_id=50383\" rel=\"attachment wp-att-50383\"><img loading=\"lazy\" decoding=\"async\" class=\"alignleft size-full wp-image-50383\" src=\"http:\/\/www.celttv.com.ar\/wp-content\/uploads\/2020\/07\/cultura.jpg\" alt=\"\" width=\"1280\" height=\"1280\" srcset=\"https:\/\/www.celttv.com.ar\/wp-content\/uploads\/2020\/07\/cultura.jpg 1280w, https:\/\/www.celttv.com.ar\/wp-content\/uploads\/2020\/07\/cultura-300x300.jpg 300w, https:\/\/www.celttv.com.ar\/wp-content\/uploads\/2020\/07\/cultura-1024x1024.jpg 1024w, https:\/\/www.celttv.com.ar\/wp-content\/uploads\/2020\/07\/cultura-150x150.jpg 150w, https:\/\/www.celttv.com.ar\/wp-content\/uploads\/2020\/07\/cultura-768x768.jpg 768w, https:\/\/www.celttv.com.ar\/wp-content\/uploads\/2020\/07\/cultura-75x75.jpg 75w, https:\/\/www.celttv.com.ar\/wp-content\/uploads\/2020\/07\/cultura-750x750.jpg 750w, https:\/\/www.celttv.com.ar\/wp-content\/uploads\/2020\/07\/cultura-1140x1140.jpg 1140w\" sizes=\"auto, (max-width: 1280px) 100vw, 1280px\" \/><\/a><\/p>\n","protected":false},"excerpt":{"rendered":"<p>&nbsp; &nbsp; Sostener Cultura II Sostener Cultura II: Becas extraordinarias para artistas, trabajadores y trabajadoras de la cultura El Ministerio de Cultura de la Naci\u00f3n en conjunto con el Fondo Nacional de las Artes y la ANSES lanza de forma excepcional y extraordinaria las \u201cBecas Sostener Cultura II\u201d,\u00a0 una ayuda dirigida a integrantes de la [&hellip;]<\/p>\n","protected":false},"author":1,"featured_media":50383,"comment_status":"closed","ping_status":"open","sticky":false,"template":"","format":"standard","meta":{"footnotes":""},"categories":[51,52],"tags":[],"class_list":["post-50382","post","type-post","status-publish","format-standard","has-post-thumbnail","hentry","category-comunidad","category-destacadas"],"yoast_head":"<!-- This site is optimized with the Yoast SEO plugin v19.7.1 - https:\/\/yoast.com\/wordpress\/plugins\/seo\/ -->\n<title>Sostener Cultura II: Becas extraordinarias para artistas, trabajadores y trabajadoras de la cultura - CELTTV<\/title>\n<meta name=\"description\" content=\"Sitio web de noticias de la localidad de Tornquist, provincia de Buenos Aires, Rep\u00fablica Argentina. Contenido propio originado por periodistas de CELTTV, el canal de TV local de la Cooperativa El\u00e9ctrica de Tornquist. Turismo, Pol\u00edtica, Sociedad, Deporte, Cultura y todo el contenido de inter\u00e9s general que la gente del pueblo y la regi\u00f3n debe conocer.\" \/>\n<meta name=\"robots\" content=\"index, follow, max-snippet:-1, max-image-preview:large, max-video-preview:-1\" \/>\n<link rel=\"canonical\" href=\"https:\/\/www.celttv.com.ar\/index.php\/2020\/07\/06\/sostener-cultura-ii-becas-extraordinarias-para-artistas-trabajadores-y-trabajadoras-de-la-cultura\/\" \/>\n<meta property=\"og:locale\" content=\"es_ES\" \/>\n<meta property=\"og:type\" content=\"article\" \/>\n<meta property=\"og:title\" content=\"Sostener Cultura II: Becas extraordinarias para artistas, trabajadores y trabajadoras de la cultura - CELTTV\" \/>\n<meta property=\"og:description\" content=\"Sitio web de noticias de la localidad de Tornquist, provincia de Buenos Aires, Rep\u00fablica Argentina. Contenido propio originado por periodistas de CELTTV, el canal de TV local de la Cooperativa El\u00e9ctrica de Tornquist. Turismo, Pol\u00edtica, Sociedad, Deporte, Cultura y todo el contenido de inter\u00e9s general que la gente del pueblo y la regi\u00f3n debe conocer.\" \/>\n<meta property=\"og:url\" content=\"https:\/\/www.celttv.com.ar\/index.php\/2020\/07\/06\/sostener-cultura-ii-becas-extraordinarias-para-artistas-trabajadores-y-trabajadoras-de-la-cultura\/\" \/>\n<meta property=\"og:site_name\" content=\"CELTTV\" \/>\n<meta property=\"article:publisher\" content=\"https:\/\/www.facebook.com\/celtTV\/\" \/>\n<meta property=\"article:published_time\" content=\"2020-07-06T16:04:51+00:00\" \/>\n<meta property=\"og:image\" content=\"https:\/\/www.celttv.com.ar\/wp-content\/uploads\/2020\/07\/cultura.jpg\" \/>\n\t<meta property=\"og:image:width\" content=\"1280\" \/>\n\t<meta property=\"og:image:height\" content=\"1280\" \/>\n\t<meta property=\"og:image:type\" content=\"image\/jpeg\" \/>\n<meta name=\"author\" content=\"ulises\" \/>\n<meta name=\"twitter:card\" content=\"summary_large_image\" \/>\n<meta name=\"twitter:label1\" content=\"Escrito por\" \/>\n\t<meta name=\"twitter:data1\" content=\"ulises\" \/>\n<script type=\"application\/ld+json\" class=\"yoast-schema-graph\">{\"@context\":\"https:\/\/schema.org\",\"@graph\":[{\"@type\":\"NewsArticle\",\"@id\":\"https:\/\/www.celttv.com.ar\/index.php\/2020\/07\/06\/sostener-cultura-ii-becas-extraordinarias-para-artistas-trabajadores-y-trabajadoras-de-la-cultura\/#article\",\"isPartOf\":{\"@id\":\"https:\/\/www.celttv.com.ar\/index.php\/2020\/07\/06\/sostener-cultura-ii-becas-extraordinarias-para-artistas-trabajadores-y-trabajadoras-de-la-cultura\/\"},\"author\":{\"name\":\"ulises\",\"@id\":\"https:\/\/www.celttv.com.ar\/#\/schema\/person\/6d99c072dba59953809c81446e9d0ace\"},\"headline\":\"Sostener Cultura II: Becas extraordinarias para artistas, trabajadores y trabajadoras de la cultura\",\"datePublished\":\"2020-07-06T16:04:51+00:00\",\"dateModified\":\"2020-07-06T16:04:51+00:00\",\"mainEntityOfPage\":{\"@id\":\"https:\/\/www.celttv.com.ar\/index.php\/2020\/07\/06\/sostener-cultura-ii-becas-extraordinarias-para-artistas-trabajadores-y-trabajadoras-de-la-cultura\/\"},\"wordCount\":109,\"publisher\":{\"@id\":\"https:\/\/www.celttv.com.ar\/#organization\"},\"articleSection\":[\"Comunidad\",\"Destacadas\"],\"inLanguage\":\"es\"},{\"@type\":\"WebPage\",\"@id\":\"https:\/\/www.celttv.com.ar\/index.php\/2020\/07\/06\/sostener-cultura-ii-becas-extraordinarias-para-artistas-trabajadores-y-trabajadoras-de-la-cultura\/\",\"url\":\"https:\/\/www.celttv.com.ar\/index.php\/2020\/07\/06\/sostener-cultura-ii-becas-extraordinarias-para-artistas-trabajadores-y-trabajadoras-de-la-cultura\/\",\"name\":\"Sostener Cultura II: Becas extraordinarias para artistas, trabajadores y trabajadoras de la cultura - CELTTV\",\"isPartOf\":{\"@id\":\"https:\/\/www.celttv.com.ar\/#website\"},\"datePublished\":\"2020-07-06T16:04:51+00:00\",\"dateModified\":\"2020-07-06T16:04:51+00:00\",\"description\":\"Sitio web de noticias de la localidad de Tornquist, provincia de Buenos Aires, Rep\u00fablica Argentina. Contenido propio originado por periodistas de CELTTV, el canal de TV local de la Cooperativa El\u00e9ctrica de Tornquist. Turismo, Pol\u00edtica, Sociedad, Deporte, Cultura y todo el contenido de inter\u00e9s general que la gente del pueblo y la regi\u00f3n debe conocer.\",\"breadcrumb\":{\"@id\":\"https:\/\/www.celttv.com.ar\/index.php\/2020\/07\/06\/sostener-cultura-ii-becas-extraordinarias-para-artistas-trabajadores-y-trabajadoras-de-la-cultura\/#breadcrumb\"},\"inLanguage\":\"es\",\"potentialAction\":[{\"@type\":\"ReadAction\",\"target\":[\"https:\/\/www.celttv.com.ar\/index.php\/2020\/07\/06\/sostener-cultura-ii-becas-extraordinarias-para-artistas-trabajadores-y-trabajadoras-de-la-cultura\/\"]}]},{\"@type\":\"BreadcrumbList\",\"@id\":\"https:\/\/www.celttv.com.ar\/index.php\/2020\/07\/06\/sostener-cultura-ii-becas-extraordinarias-para-artistas-trabajadores-y-trabajadoras-de-la-cultura\/#breadcrumb\",\"itemListElement\":[{\"@type\":\"ListItem\",\"position\":1,\"name\":\"Inicio\",\"item\":\"https:\/\/www.celttv.com.ar\/\"},{\"@type\":\"ListItem\",\"position\":2,\"name\":\"Sostener Cultura II: Becas extraordinarias para artistas, trabajadores y trabajadoras de la cultura\"}]},{\"@type\":\"WebSite\",\"@id\":\"https:\/\/www.celttv.com.ar\/#website\",\"url\":\"https:\/\/www.celttv.com.ar\/\",\"name\":\"CELTTV\",\"description\":\"Cooperativa El\u00e9ctrica de Tornquist\",\"publisher\":{\"@id\":\"https:\/\/www.celttv.com.ar\/#organization\"},\"potentialAction\":[{\"@type\":\"SearchAction\",\"target\":{\"@type\":\"EntryPoint\",\"urlTemplate\":\"https:\/\/www.celttv.com.ar\/?s={search_term_string}\"},\"query-input\":\"required name=search_term_string\"}],\"inLanguage\":\"es\"},{\"@type\":\"Organization\",\"@id\":\"https:\/\/www.celttv.com.ar\/#organization\",\"name\":\"CELTTV\",\"url\":\"https:\/\/www.celttv.com.ar\/\",\"sameAs\":[\"https:\/\/www.youtube.com\/channel\/UCz_oIt8Hig64Ub-EmcNPIhg\",\"https:\/\/www.facebook.com\/celtTV\/\"],\"logo\":{\"@type\":\"ImageObject\",\"inLanguage\":\"es\",\"@id\":\"https:\/\/www.celttv.com.ar\/#\/schema\/logo\/image\/\",\"url\":\"http:\/\/www.celttv.com.ar\/wp-content\/uploads\/2022\/08\/logo-1.png\",\"contentUrl\":\"http:\/\/www.celttv.com.ar\/wp-content\/uploads\/2022\/08\/logo-1.png\",\"width\":461,\"height\":159,\"caption\":\"CELTTV\"},\"image\":{\"@id\":\"https:\/\/www.celttv.com.ar\/#\/schema\/logo\/image\/\"}},{\"@type\":\"Person\",\"@id\":\"https:\/\/www.celttv.com.ar\/#\/schema\/person\/6d99c072dba59953809c81446e9d0ace\",\"name\":\"ulises\",\"image\":{\"@type\":\"ImageObject\",\"inLanguage\":\"es\",\"@id\":\"https:\/\/www.celttv.com.ar\/#\/schema\/person\/image\/\",\"url\":\"https:\/\/secure.gravatar.com\/avatar\/7f2c48bdc33b30088f941fb6082e555f2874c98e20cb159d7b92b50eadfce793?s=96&d=mm&r=g\",\"contentUrl\":\"https:\/\/secure.gravatar.com\/avatar\/7f2c48bdc33b30088f941fb6082e555f2874c98e20cb159d7b92b50eadfce793?s=96&d=mm&r=g\",\"caption\":\"ulises\"},\"sameAs\":[\"http:\/\/www.celttv.com.ar\"]}]}<\/script>\n<!-- \/ Yoast SEO plugin. -->","yoast_head_json":{"title":"Sostener Cultura II: Becas extraordinarias para artistas, trabajadores y trabajadoras de la cultura - CELTTV","description":"Sitio web de noticias de la localidad de Tornquist, provincia de Buenos Aires, Rep\u00fablica Argentina. Contenido propio originado por periodistas de CELTTV, el canal de TV local de la Cooperativa El\u00e9ctrica de Tornquist. Turismo, Pol\u00edtica, Sociedad, Deporte, Cultura y todo el contenido de inter\u00e9s general que la gente del pueblo y la regi\u00f3n debe conocer.","robots":{"index":"index","follow":"follow","max-snippet":"max-snippet:-1","max-image-preview":"max-image-preview:large","max-video-preview":"max-video-preview:-1"},"canonical":"https:\/\/www.celttv.com.ar\/index.php\/2020\/07\/06\/sostener-cultura-ii-becas-extraordinarias-para-artistas-trabajadores-y-trabajadoras-de-la-cultura\/","og_locale":"es_ES","og_type":"article","og_title":"Sostener Cultura II: Becas extraordinarias para artistas, trabajadores y trabajadoras de la cultura - CELTTV","og_description":"Sitio web de noticias de la localidad de Tornquist, provincia de Buenos Aires, Rep\u00fablica Argentina. Contenido propio originado por periodistas de CELTTV, el canal de TV local de la Cooperativa El\u00e9ctrica de Tornquist. Turismo, Pol\u00edtica, Sociedad, Deporte, Cultura y todo el contenido de inter\u00e9s general que la gente del pueblo y la regi\u00f3n debe conocer.","og_url":"https:\/\/www.celttv.com.ar\/index.php\/2020\/07\/06\/sostener-cultura-ii-becas-extraordinarias-para-artistas-trabajadores-y-trabajadoras-de-la-cultura\/","og_site_name":"CELTTV","article_publisher":"https:\/\/www.facebook.com\/celtTV\/","article_published_time":"2020-07-06T16:04:51+00:00","og_image":[{"width":1280,"height":1280,"url":"https:\/\/www.celttv.com.ar\/wp-content\/uploads\/2020\/07\/cultura.jpg","type":"image\/jpeg"}],"author":"ulises","twitter_card":"summary_large_image","twitter_misc":{"Escrito por":"ulises"},"schema":{"@context":"https:\/\/schema.org","@graph":[{"@type":"NewsArticle","@id":"https:\/\/www.celttv.com.ar\/index.php\/2020\/07\/06\/sostener-cultura-ii-becas-extraordinarias-para-artistas-trabajadores-y-trabajadoras-de-la-cultura\/#article","isPartOf":{"@id":"https:\/\/www.celttv.com.ar\/index.php\/2020\/07\/06\/sostener-cultura-ii-becas-extraordinarias-para-artistas-trabajadores-y-trabajadoras-de-la-cultura\/"},"author":{"name":"ulises","@id":"https:\/\/www.celttv.com.ar\/#\/schema\/person\/6d99c072dba59953809c81446e9d0ace"},"headline":"Sostener Cultura II: Becas extraordinarias para artistas, trabajadores y trabajadoras de la cultura","datePublished":"2020-07-06T16:04:51+00:00","dateModified":"2020-07-06T16:04:51+00:00","mainEntityOfPage":{"@id":"https:\/\/www.celttv.com.ar\/index.php\/2020\/07\/06\/sostener-cultura-ii-becas-extraordinarias-para-artistas-trabajadores-y-trabajadoras-de-la-cultura\/"},"wordCount":109,"publisher":{"@id":"https:\/\/www.celttv.com.ar\/#organization"},"articleSection":["Comunidad","Destacadas"],"inLanguage":"es"},{"@type":"WebPage","@id":"https:\/\/www.celttv.com.ar\/index.php\/2020\/07\/06\/sostener-cultura-ii-becas-extraordinarias-para-artistas-trabajadores-y-trabajadoras-de-la-cultura\/","url":"https:\/\/www.celttv.com.ar\/index.php\/2020\/07\/06\/sostener-cultura-ii-becas-extraordinarias-para-artistas-trabajadores-y-trabajadoras-de-la-cultura\/","name":"Sostener Cultura II: Becas extraordinarias para artistas, trabajadores y trabajadoras de la cultura - CELTTV","isPartOf":{"@id":"https:\/\/www.celttv.com.ar\/#website"},"datePublished":"2020-07-06T16:04:51+00:00","dateModified":"2020-07-06T16:04:51+00:00","description":"Sitio web de noticias de la localidad de Tornquist, provincia de Buenos Aires, Rep\u00fablica Argentina. Contenido propio originado por periodistas de CELTTV, el canal de TV local de la Cooperativa El\u00e9ctrica de Tornquist. Turismo, Pol\u00edtica, Sociedad, Deporte, Cultura y todo el contenido de inter\u00e9s general que la gente del pueblo y la regi\u00f3n debe conocer.","breadcrumb":{"@id":"https:\/\/www.celttv.com.ar\/index.php\/2020\/07\/06\/sostener-cultura-ii-becas-extraordinarias-para-artistas-trabajadores-y-trabajadoras-de-la-cultura\/#breadcrumb"},"inLanguage":"es","potentialAction":[{"@type":"ReadAction","target":["https:\/\/www.celttv.com.ar\/index.php\/2020\/07\/06\/sostener-cultura-ii-becas-extraordinarias-para-artistas-trabajadores-y-trabajadoras-de-la-cultura\/"]}]},{"@type":"BreadcrumbList","@id":"https:\/\/www.celttv.com.ar\/index.php\/2020\/07\/06\/sostener-cultura-ii-becas-extraordinarias-para-artistas-trabajadores-y-trabajadoras-de-la-cultura\/#breadcrumb","itemListElement":[{"@type":"ListItem","position":1,"name":"Inicio","item":"https:\/\/www.celttv.com.ar\/"},{"@type":"ListItem","position":2,"name":"Sostener Cultura II: Becas extraordinarias para artistas, trabajadores y trabajadoras de la cultura"}]},{"@type":"WebSite","@id":"https:\/\/www.celttv.com.ar\/#website","url":"https:\/\/www.celttv.com.ar\/","name":"CELTTV","description":"Cooperativa El\u00e9ctrica de Tornquist","publisher":{"@id":"https:\/\/www.celttv.com.ar\/#organization"},"potentialAction":[{"@type":"SearchAction","target":{"@type":"EntryPoint","urlTemplate":"https:\/\/www.celttv.com.ar\/?s={search_term_string}"},"query-input":"required name=search_term_string"}],"inLanguage":"es"},{"@type":"Organization","@id":"https:\/\/www.celttv.com.ar\/#organization","name":"CELTTV","url":"https:\/\/www.celttv.com.ar\/","sameAs":["https:\/\/www.youtube.com\/channel\/UCz_oIt8Hig64Ub-EmcNPIhg","https:\/\/www.facebook.com\/celtTV\/"],"logo":{"@type":"ImageObject","inLanguage":"es","@id":"https:\/\/www.celttv.com.ar\/#\/schema\/logo\/image\/","url":"http:\/\/www.celttv.com.ar\/wp-content\/uploads\/2022\/08\/logo-1.png","contentUrl":"http:\/\/www.celttv.com.ar\/wp-content\/uploads\/2022\/08\/logo-1.png","width":461,"height":159,"caption":"CELTTV"},"image":{"@id":"https:\/\/www.celttv.com.ar\/#\/schema\/logo\/image\/"}},{"@type":"Person","@id":"https:\/\/www.celttv.com.ar\/#\/schema\/person\/6d99c072dba59953809c81446e9d0ace","name":"ulises","image":{"@type":"ImageObject","inLanguage":"es","@id":"https:\/\/www.celttv.com.ar\/#\/schema\/person\/image\/","url":"https:\/\/secure.gravatar.com\/avatar\/7f2c48bdc33b30088f941fb6082e555f2874c98e20cb159d7b92b50eadfce793?s=96&d=mm&r=g","contentUrl":"https:\/\/secure.gravatar.com\/avatar\/7f2c48bdc33b30088f941fb6082e555f2874c98e20cb159d7b92b50eadfce793?s=96&d=mm&r=g","caption":"ulises"},"sameAs":["http:\/\/www.celttv.com.ar"]}]}},"_links":{"self":[{"href":"https:\/\/www.celttv.com.ar\/index.php\/wp-json\/wp\/v2\/posts\/50382","targetHints":{"allow":["GET"]}}],"collection":[{"href":"https:\/\/www.celttv.com.ar\/index.php\/wp-json\/wp\/v2\/posts"}],"about":[{"href":"https:\/\/www.celttv.com.ar\/index.php\/wp-json\/wp\/v2\/types\/post"}],"author":[{"embeddable":true,"href":"https:\/\/www.celttv.com.ar\/index.php\/wp-json\/wp\/v2\/users\/1"}],"replies":[{"embeddable":true,"href":"https:\/\/www.celttv.com.ar\/index.php\/wp-json\/wp\/v2\/comments?post=50382"}],"version-history":[{"count":0,"href":"https:\/\/www.celttv.com.ar\/index.php\/wp-json\/wp\/v2\/posts\/50382\/revisions"}],"wp:featuredmedia":[{"embeddable":true,"href":"https:\/\/www.celttv.com.ar\/index.php\/wp-json\/wp\/v2\/media\/50383"}],"wp:attachment":[{"href":"https:\/\/www.celttv.com.ar\/index.php\/wp-json\/wp\/v2\/media?parent=50382"}],"wp:term":[{"taxonomy":"category","embeddable":true,"href":"https:\/\/www.celttv.com.ar\/index.php\/wp-json\/wp\/v2\/categories?post=50382"},{"taxonomy":"post_tag","embeddable":true,"href":"https:\/\/www.celttv.com.ar\/index.php\/wp-json\/wp\/v2\/tags?post=50382"}],"curies":[{"name":"wp","href":"https:\/\/api.w.org\/{rel}","templated":true}]}}