{"id":50389,"date":"2020-07-06T20:04:00","date_gmt":"2020-07-06T20:04:00","guid":{"rendered":"http:\/\/www.celttv.com.ar\/?p=50389"},"modified":"2020-07-06T20:04:00","modified_gmt":"2020-07-06T20:04:00","slug":"la-provincia-de-buenos-aires-presento-una-bateria-de-medidas-para-los-sectores-productivos","status":"publish","type":"post","link":"https:\/\/www.celttv.com.ar\/index.php\/2020\/07\/06\/la-provincia-de-buenos-aires-presento-una-bateria-de-medidas-para-los-sectores-productivos\/","title":{"rendered":"La provincia de Buenos Aires present\u00f3 una bater\u00eda de medidas para los sectores productivos"},"content":{"rendered":"<table border=\"0\" cellspacing=\"0\" cellpadding=\"0\">\n<tbody>\n<tr>\n<td class=\"m_6053732953586214588stack-column\" valign=\"top\">\n<div>\n<div>\n<div>El gobernador de la provincia de Buenos Aires, Axel Kicillof, present\u00f3 este lunes una serie de medidas tributarias, de financiamiento y de asistencia para sostener el empleo, destinadas a sectores productivos que fueron afectados por la pandemia.<\/div>\n<div><\/div>\n<\/div>\n<div>Este conjunto de iniciativas est\u00e1 compuesto por: un programa de asistencia tributaria de emergencia instrumentado por ARBA con seis propuestas espec\u00edficas para distintos contribuyentes; un programa de preservaci\u00f3n de las fuentes de empleo que desarrolla el Ministerio de Trabajo; la creaci\u00f3n de un fondo municipal para la reactivaci\u00f3n de la cultura y el turismo; y un programa de asistencia financiera del Banco Provincia con tres l\u00edneas de financiamiento entre las que se encuentra el Programa Compre Bonaerense.<\/div>\n<div>\n<div><\/div>\n<div>\u201cEste plan de asistencia a diferentes sectores especialmente afectados por la pandemia es consecuencia de una coordinaci\u00f3n con la Naci\u00f3n y con diferentes \u00e1reas de la provincia, vinculadas a la producci\u00f3n, el comercio, los servicios y el trabajo\u201d, se\u00f1al\u00f3 Kicillof sobre estas pol\u00edticas que \u201capuntan a un universo inmenso de empresas y que son el resultado del an\u00e1lisis y el trabajo conjunto con todas las asociaciones empresarias con actividad en la provincia de Buenos Aires\u201d.<\/div>\n<\/div>\n<div>\n<div><\/div>\n<div>Durante el anuncio, Kicillof estuvo acompa\u00f1ado por el ministro de Producci\u00f3n, Ciencia e Innovaci\u00f3n\u00a0Tecnol\u00f3gica, Augusto Costa; la ministra de Trabajo, Mara Ruiz Malec; el ministro de Turismo de la Naci\u00f3n, Mat\u00edas Lammens; y la secretaria de Comercio Interior, Paula Espa\u00f1ol. Previamente, los funcionarios mantuvieron una reuni\u00f3n por videoconferencia con representantes de distintas c\u00e1maras de producci\u00f3n y comercio bonaerense, donde se detallaron las distintas l\u00edneas. Participaron tambi\u00e9n el titular de ARBA, Cristian Girard; y el presidente de Banco Provincia, Juan Cuattromo.<\/div>\n<\/div>\n<div>\n<div><\/div>\n<div>En ese marco, Kicillof destac\u00f3 que esta ayuda es un complemento a las medidas tomadas por el Gobierno nacional: \u201cHay algunos sectores que se ve\u00edan especialmente damnificados por sus caracter\u00edsticas, como es el caso de la gastronom\u00eda, el turismo y la cultura\u201d.<\/div>\n<\/div>\n<div>\n<div><\/div>\n<div>Asimismo, convoc\u00f3 a los emprendedores a aumentar el registro de sus empresas para \u201cpoder ayudar absolutamente a todos y que cuando llegue la fase de la reactivaci\u00f3n, pongamos en la senda del crecimiento y el desarrollo a la Provincia\u201d. El Gobernador concluy\u00f3: \u201cCada medida que tomamos en la pandemia es para que en la pospandemia tengamos una provincia mejor\u201d.<\/div>\n<div><\/div>\n<\/div>\n<div>Por su parte, Costa explic\u00f3 que \u201ceste programa incluye medidas transversales, que atraviesan todos los sectores de la Provincia y est\u00e1n focalizadas en los m\u00e1s afectados por la pandemia, como el Turismo y la Cultura.\u201d En esa l\u00ednea, present\u00f3 la creaci\u00f3n del Fondo Municipal de la Cultura y el Turismo a distribuirse entre los 135 municipios a partir de un relevamiento de las actividades y emprendimientos existentes en cada uno.<\/div>\n<div>\n<div><\/div>\n<div>Asimismo, Ruiz Malec detall\u00f3 el programa de Preservaci\u00f3n del Trabajo: \u201cQueremos apuntar a aquellas unidades productivas que compartan las caracter\u00edsticas de una microempresa pero que no hayan podido acceder a ninguno de los programas nacionales y que, adem\u00e1s, se desenvuelvan en sectores que han sido particularmente afectados por la pandemia\u201d.<\/div>\n<\/div>\n<div>\n<div><\/div>\n<div>Por su parte, el director ejecutivo de ARBA afirm\u00f3 que: &#8220;Estas pol\u00edticas representan un alivio para todas las pymes de la provincia. Se trata de una serie de cambios que van a hacer m\u00e1s eficiente nuestro sistema de recaudaci\u00f3n. La pandemia acelera tiempos, pero venimos trabajando en esa direcci\u00f3n desde el primer d\u00eda que asumimos, en pos de lograr un sistema tributario m\u00e1s justo&#8221;.<\/div>\n<div><\/div>\n<\/div>\n<div>\u201cEste programa de asistencia crediticia incluye a los sectores m\u00e1s afectados por la pandemia que hasta ahora no hab\u00edan podido acceder a condiciones convenientes de financiamiento, con un periodo de gracia que les da m\u00e1s tiempo para su recuperaci\u00f3n\u201d, asegur\u00f3 Cuattromo. Y a\u00f1adi\u00f3 que &#8220;las l\u00edneas que estamos anunciando hoy son el resultado del di\u00e1logo permanente con todos los sectores productivos de la provincia&#8221;.<\/div>\n<div>\n<div><\/div>\n<div>\u201cEl programa tiene todas las caracter\u00edsticas para hacer una buena complementaci\u00f3n con los que estamos llevando adelante a nivel nacional\u201d, se\u00f1al\u00f3 Espa\u00f1ol y destac\u00f3 que \u201cla provincia de Buenos Aires es el coraz\u00f3n productivo de pa\u00eds\u201d. En tanto que Lammens remarc\u00f3 que la presencia de funcionarios nacionales expresa \u201cel trabajo que venimos haciendo en forma articulada\u201d.<\/div>\n<\/div>\n<div>\n<div><\/div>\n<div>Las c\u00e1maras y agrupaciones empresariales que participaron del anuncio fueron: ADIBA, CEPBA, UIPBA, FEBA, CEGERA, UIA, CGE, ADIMRA, PROTEJER, IPA, INDUSTRIALES PBA, APYME, UIA, FEBA CULTURA, ACMMA, CAFIM, AATIA, CAPTE, AADET, ADVA, FAIGA, CAPPA, CAIC, ASA, CAL, CATUR, FAEVYT, FEHGRA, CELADI, AAAVYT, AHRBCA, AHG,\u00a0 AHT-filial Mar del Las Pampas, AEVYT Mar del Plata, AEHG La Plata, e IDEAR.<\/div>\n<div><\/div>\n<\/div>\n<\/div>\n<\/td>\n<\/tr>\n<\/tbody>\n<\/table>\n<figure id=\"attachment_50392\" aria-describedby=\"caption-attachment-50392\" style=\"width: 1152px\" class=\"wp-caption alignleft\"><a href=\"http:\/\/www.celttv.com.ar\/?attachment_id=50392\" rel=\"attachment wp-att-50392\"><img loading=\"lazy\" decoding=\"async\" class=\"size-full wp-image-50392\" src=\"http:\/\/www.celttv.com.ar\/wp-content\/uploads\/2020\/07\/apro3-Medium.jpg\" alt=\"\" width=\"1152\" height=\"768\" srcset=\"https:\/\/www.celttv.com.ar\/wp-content\/uploads\/2020\/07\/apro3-Medium.jpg 1152w, https:\/\/www.celttv.com.ar\/wp-content\/uploads\/2020\/07\/apro3-Medium-300x200.jpg 300w, https:\/\/www.celttv.com.ar\/wp-content\/uploads\/2020\/07\/apro3-Medium-1024x683.jpg 1024w, https:\/\/www.celttv.com.ar\/wp-content\/uploads\/2020\/07\/apro3-Medium-768x512.jpg 768w, https:\/\/www.celttv.com.ar\/wp-content\/uploads\/2020\/07\/apro3-Medium-750x500.jpg 750w, https:\/\/www.celttv.com.ar\/wp-content\/uploads\/2020\/07\/apro3-Medium-1140x760.jpg 1140w\" sizes=\"auto, (max-width: 1152px) 100vw, 1152px\" \/><\/a><figcaption id=\"caption-attachment-50392\" class=\"wp-caption-text\">6 de julio de 2020. El gobernador de la provincia de Buenos Aires, Axel Kicillof, encabezo una videoconferencia donde se realizaron anuncios para el sector productivo.<br \/>Foto: Mariano Sand\u00e1<\/figcaption><\/figure>\n<figure id=\"attachment_50391\" aria-describedby=\"caption-attachment-50391\" style=\"width: 1152px\" class=\"wp-caption alignleft\"><a href=\"http:\/\/www.celttv.com.ar\/?attachment_id=50391\" rel=\"attachment wp-att-50391\"><img loading=\"lazy\" decoding=\"async\" class=\"size-full wp-image-50391\" src=\"http:\/\/www.celttv.com.ar\/wp-content\/uploads\/2020\/07\/apro2-Medium.jpg\" alt=\"\" width=\"1152\" height=\"768\" srcset=\"https:\/\/www.celttv.com.ar\/wp-content\/uploads\/2020\/07\/apro2-Medium.jpg 1152w, https:\/\/www.celttv.com.ar\/wp-content\/uploads\/2020\/07\/apro2-Medium-300x200.jpg 300w, https:\/\/www.celttv.com.ar\/wp-content\/uploads\/2020\/07\/apro2-Medium-1024x683.jpg 1024w, https:\/\/www.celttv.com.ar\/wp-content\/uploads\/2020\/07\/apro2-Medium-768x512.jpg 768w, https:\/\/www.celttv.com.ar\/wp-content\/uploads\/2020\/07\/apro2-Medium-750x500.jpg 750w, https:\/\/www.celttv.com.ar\/wp-content\/uploads\/2020\/07\/apro2-Medium-1140x760.jpg 1140w\" sizes=\"auto, (max-width: 1152px) 100vw, 1152px\" \/><\/a><figcaption id=\"caption-attachment-50391\" class=\"wp-caption-text\">6 de julio de 2020. El gobernador de la provincia de Buenos Aires, Axel Kicillof, encabezo una videoconferencia donde se realizaron anuncios para el sector productivo.<br \/>Foto: Mariano Sand\u00e1<\/figcaption><\/figure>\n<figure id=\"attachment_50390\" aria-describedby=\"caption-attachment-50390\" style=\"width: 1152px\" class=\"wp-caption alignleft\"><a href=\"http:\/\/www.celttv.com.ar\/?attachment_id=50390\" rel=\"attachment wp-att-50390\"><img loading=\"lazy\" decoding=\"async\" class=\"size-full wp-image-50390\" src=\"http:\/\/www.celttv.com.ar\/wp-content\/uploads\/2020\/07\/apro1-Medium.jpg\" alt=\"\" width=\"1152\" height=\"768\" srcset=\"https:\/\/www.celttv.com.ar\/wp-content\/uploads\/2020\/07\/apro1-Medium.jpg 1152w, https:\/\/www.celttv.com.ar\/wp-content\/uploads\/2020\/07\/apro1-Medium-300x200.jpg 300w, https:\/\/www.celttv.com.ar\/wp-content\/uploads\/2020\/07\/apro1-Medium-1024x683.jpg 1024w, https:\/\/www.celttv.com.ar\/wp-content\/uploads\/2020\/07\/apro1-Medium-768x512.jpg 768w, https:\/\/www.celttv.com.ar\/wp-content\/uploads\/2020\/07\/apro1-Medium-750x500.jpg 750w, https:\/\/www.celttv.com.ar\/wp-content\/uploads\/2020\/07\/apro1-Medium-1140x760.jpg 1140w\" sizes=\"auto, (max-width: 1152px) 100vw, 1152px\" \/><\/a><figcaption id=\"caption-attachment-50390\" class=\"wp-caption-text\">6 de julio de 2020. El gobernador de la provincia de Buenos Aires, Axel Kicillof, encabezo una videoconferencia donde se realizaron anuncios para el sector productivo.<br \/>Foto: Mariano Sand\u00e1<\/figcaption><\/figure>\n","protected":false},"excerpt":{"rendered":"<p>El gobernador de la provincia de Buenos Aires, Axel Kicillof, present\u00f3 este lunes una serie de medidas tributarias, de financiamiento y de asistencia para sostener el empleo, destinadas a sectores productivos que fueron afectados por la pandemia. Este conjunto de iniciativas est\u00e1 compuesto por: un programa de asistencia tributaria de emergencia instrumentado por ARBA con [&hellip;]<\/p>\n","protected":false},"author":1,"featured_media":50393,"comment_status":"closed","ping_status":"open","sticky":false,"template":"","format":"standard","meta":{"footnotes":""},"categories":[51,52,65],"tags":[],"class_list":["post-50389","post","type-post","status-publish","format-standard","has-post-thumbnail","hentry","category-comunidad","category-destacadas","category-produccion"],"yoast_head":"<!-- This site is optimized with the Yoast SEO plugin v19.7.1 - https:\/\/yoast.com\/wordpress\/plugins\/seo\/ -->\n<title>La provincia de Buenos Aires present\u00f3 una bater\u00eda de medidas para los sectores productivos - CELTTV<\/title>\n<meta name=\"description\" content=\"Sitio web de noticias de la localidad de Tornquist, provincia de Buenos Aires, Rep\u00fablica Argentina. Contenido propio originado por periodistas de CELTTV, el canal de TV local de la Cooperativa El\u00e9ctrica de Tornquist. Turismo, Pol\u00edtica, Sociedad, Deporte, Cultura y todo el contenido de inter\u00e9s general que la gente del pueblo y la regi\u00f3n debe conocer.\" \/>\n<meta name=\"robots\" content=\"index, follow, max-snippet:-1, max-image-preview:large, max-video-preview:-1\" \/>\n<link rel=\"canonical\" href=\"https:\/\/www.celttv.com.ar\/index.php\/2020\/07\/06\/la-provincia-de-buenos-aires-presento-una-bateria-de-medidas-para-los-sectores-productivos\/\" \/>\n<meta property=\"og:locale\" content=\"es_ES\" \/>\n<meta property=\"og:type\" content=\"article\" \/>\n<meta property=\"og:title\" content=\"La provincia de Buenos Aires present\u00f3 una bater\u00eda de medidas para los sectores productivos - CELTTV\" \/>\n<meta property=\"og:description\" content=\"Sitio web de noticias de la localidad de Tornquist, provincia de Buenos Aires, Rep\u00fablica Argentina. Contenido propio originado por periodistas de CELTTV, el canal de TV local de la Cooperativa El\u00e9ctrica de Tornquist. Turismo, Pol\u00edtica, Sociedad, Deporte, Cultura y todo el contenido de inter\u00e9s general que la gente del pueblo y la regi\u00f3n debe conocer.\" \/>\n<meta property=\"og:url\" content=\"https:\/\/www.celttv.com.ar\/index.php\/2020\/07\/06\/la-provincia-de-buenos-aires-presento-una-bateria-de-medidas-para-los-sectores-productivos\/\" \/>\n<meta property=\"og:site_name\" content=\"CELTTV\" \/>\n<meta property=\"article:publisher\" content=\"https:\/\/www.facebook.com\/celtTV\/\" \/>\n<meta property=\"article:published_time\" content=\"2020-07-06T20:04:00+00:00\" \/>\n<meta property=\"og:image\" content=\"https:\/\/www.celttv.com.ar\/wp-content\/uploads\/2020\/07\/apro4-Medium.jpg\" \/>\n\t<meta property=\"og:image:width\" content=\"1152\" \/>\n\t<meta property=\"og:image:height\" content=\"768\" \/>\n\t<meta property=\"og:image:type\" content=\"image\/jpeg\" \/>\n<meta name=\"author\" content=\"ulises\" \/>\n<meta name=\"twitter:card\" content=\"summary_large_image\" \/>\n<meta name=\"twitter:label1\" content=\"Escrito por\" \/>\n\t<meta name=\"twitter:data1\" content=\"ulises\" \/>\n\t<meta name=\"twitter:label2\" content=\"Tiempo de lectura\" \/>\n\t<meta name=\"twitter:data2\" content=\"4 minutos\" \/>\n<script type=\"application\/ld+json\" class=\"yoast-schema-graph\">{\"@context\":\"https:\/\/schema.org\",\"@graph\":[{\"@type\":\"NewsArticle\",\"@id\":\"https:\/\/www.celttv.com.ar\/index.php\/2020\/07\/06\/la-provincia-de-buenos-aires-presento-una-bateria-de-medidas-para-los-sectores-productivos\/#article\",\"isPartOf\":{\"@id\":\"https:\/\/www.celttv.com.ar\/index.php\/2020\/07\/06\/la-provincia-de-buenos-aires-presento-una-bateria-de-medidas-para-los-sectores-productivos\/\"},\"author\":{\"name\":\"ulises\",\"@id\":\"https:\/\/www.celttv.com.ar\/#\/schema\/person\/6d99c072dba59953809c81446e9d0ace\"},\"headline\":\"La provincia de Buenos Aires present\u00f3 una bater\u00eda de medidas para los sectores productivos\",\"datePublished\":\"2020-07-06T20:04:00+00:00\",\"dateModified\":\"2020-07-06T20:04:00+00:00\",\"mainEntityOfPage\":{\"@id\":\"https:\/\/www.celttv.com.ar\/index.php\/2020\/07\/06\/la-provincia-de-buenos-aires-presento-una-bateria-de-medidas-para-los-sectores-productivos\/\"},\"wordCount\":903,\"publisher\":{\"@id\":\"https:\/\/www.celttv.com.ar\/#organization\"},\"articleSection\":[\"Comunidad\",\"Destacadas\",\"Producci\u00f3n y Medio Ambiente\"],\"inLanguage\":\"es\"},{\"@type\":\"WebPage\",\"@id\":\"https:\/\/www.celttv.com.ar\/index.php\/2020\/07\/06\/la-provincia-de-buenos-aires-presento-una-bateria-de-medidas-para-los-sectores-productivos\/\",\"url\":\"https:\/\/www.celttv.com.ar\/index.php\/2020\/07\/06\/la-provincia-de-buenos-aires-presento-una-bateria-de-medidas-para-los-sectores-productivos\/\",\"name\":\"La provincia de Buenos Aires present\u00f3 una bater\u00eda de medidas para los sectores productivos - CELTTV\",\"isPartOf\":{\"@id\":\"https:\/\/www.celttv.com.ar\/#website\"},\"datePublished\":\"2020-07-06T20:04:00+00:00\",\"dateModified\":\"2020-07-06T20:04:00+00:00\",\"description\":\"Sitio web de noticias de la localidad de Tornquist, provincia de Buenos Aires, Rep\u00fablica Argentina. Contenido propio originado por periodistas de CELTTV, el canal de TV local de la Cooperativa El\u00e9ctrica de Tornquist. Turismo, Pol\u00edtica, Sociedad, Deporte, Cultura y todo el contenido de inter\u00e9s general que la gente del pueblo y la regi\u00f3n debe conocer.\",\"breadcrumb\":{\"@id\":\"https:\/\/www.celttv.com.ar\/index.php\/2020\/07\/06\/la-provincia-de-buenos-aires-presento-una-bateria-de-medidas-para-los-sectores-productivos\/#breadcrumb\"},\"inLanguage\":\"es\",\"potentialAction\":[{\"@type\":\"ReadAction\",\"target\":[\"https:\/\/www.celttv.com.ar\/index.php\/2020\/07\/06\/la-provincia-de-buenos-aires-presento-una-bateria-de-medidas-para-los-sectores-productivos\/\"]}]},{\"@type\":\"BreadcrumbList\",\"@id\":\"https:\/\/www.celttv.com.ar\/index.php\/2020\/07\/06\/la-provincia-de-buenos-aires-presento-una-bateria-de-medidas-para-los-sectores-productivos\/#breadcrumb\",\"itemListElement\":[{\"@type\":\"ListItem\",\"position\":1,\"name\":\"Inicio\",\"item\":\"https:\/\/www.celttv.com.ar\/\"},{\"@type\":\"ListItem\",\"position\":2,\"name\":\"La provincia de Buenos Aires present\u00f3 una bater\u00eda de medidas para los sectores productivos\"}]},{\"@type\":\"WebSite\",\"@id\":\"https:\/\/www.celttv.com.ar\/#website\",\"url\":\"https:\/\/www.celttv.com.ar\/\",\"name\":\"CELTTV\",\"description\":\"Cooperativa El\u00e9ctrica de Tornquist\",\"publisher\":{\"@id\":\"https:\/\/www.celttv.com.ar\/#organization\"},\"potentialAction\":[{\"@type\":\"SearchAction\",\"target\":{\"@type\":\"EntryPoint\",\"urlTemplate\":\"https:\/\/www.celttv.com.ar\/?s={search_term_string}\"},\"query-input\":\"required name=search_term_string\"}],\"inLanguage\":\"es\"},{\"@type\":\"Organization\",\"@id\":\"https:\/\/www.celttv.com.ar\/#organization\",\"name\":\"CELTTV\",\"url\":\"https:\/\/www.celttv.com.ar\/\",\"sameAs\":[\"https:\/\/www.youtube.com\/channel\/UCz_oIt8Hig64Ub-EmcNPIhg\",\"https:\/\/www.facebook.com\/celtTV\/\"],\"logo\":{\"@type\":\"ImageObject\",\"inLanguage\":\"es\",\"@id\":\"https:\/\/www.celttv.com.ar\/#\/schema\/logo\/image\/\",\"url\":\"http:\/\/www.celttv.com.ar\/wp-content\/uploads\/2022\/08\/logo-1.png\",\"contentUrl\":\"http:\/\/www.celttv.com.ar\/wp-content\/uploads\/2022\/08\/logo-1.png\",\"width\":461,\"height\":159,\"caption\":\"CELTTV\"},\"image\":{\"@id\":\"https:\/\/www.celttv.com.ar\/#\/schema\/logo\/image\/\"}},{\"@type\":\"Person\",\"@id\":\"https:\/\/www.celttv.com.ar\/#\/schema\/person\/6d99c072dba59953809c81446e9d0ace\",\"name\":\"ulises\",\"image\":{\"@type\":\"ImageObject\",\"inLanguage\":\"es\",\"@id\":\"https:\/\/www.celttv.com.ar\/#\/schema\/person\/image\/\",\"url\":\"https:\/\/secure.gravatar.com\/avatar\/7f2c48bdc33b30088f941fb6082e555f2874c98e20cb159d7b92b50eadfce793?s=96&d=mm&r=g\",\"contentUrl\":\"https:\/\/secure.gravatar.com\/avatar\/7f2c48bdc33b30088f941fb6082e555f2874c98e20cb159d7b92b50eadfce793?s=96&d=mm&r=g\",\"caption\":\"ulises\"},\"sameAs\":[\"http:\/\/www.celttv.com.ar\"]}]}<\/script>\n<!-- \/ Yoast SEO plugin. -->","yoast_head_json":{"title":"La provincia de Buenos Aires present\u00f3 una bater\u00eda de medidas para los sectores productivos - CELTTV","description":"Sitio web de noticias de la localidad de Tornquist, provincia de Buenos Aires, Rep\u00fablica Argentina. Contenido propio originado por periodistas de CELTTV, el canal de TV local de la Cooperativa El\u00e9ctrica de Tornquist. Turismo, Pol\u00edtica, Sociedad, Deporte, Cultura y todo el contenido de inter\u00e9s general que la gente del pueblo y la regi\u00f3n debe conocer.","robots":{"index":"index","follow":"follow","max-snippet":"max-snippet:-1","max-image-preview":"max-image-preview:large","max-video-preview":"max-video-preview:-1"},"canonical":"https:\/\/www.celttv.com.ar\/index.php\/2020\/07\/06\/la-provincia-de-buenos-aires-presento-una-bateria-de-medidas-para-los-sectores-productivos\/","og_locale":"es_ES","og_type":"article","og_title":"La provincia de Buenos Aires present\u00f3 una bater\u00eda de medidas para los sectores productivos - CELTTV","og_description":"Sitio web de noticias de la localidad de Tornquist, provincia de Buenos Aires, Rep\u00fablica Argentina. Contenido propio originado por periodistas de CELTTV, el canal de TV local de la Cooperativa El\u00e9ctrica de Tornquist. Turismo, Pol\u00edtica, Sociedad, Deporte, Cultura y todo el contenido de inter\u00e9s general que la gente del pueblo y la regi\u00f3n debe conocer.","og_url":"https:\/\/www.celttv.com.ar\/index.php\/2020\/07\/06\/la-provincia-de-buenos-aires-presento-una-bateria-de-medidas-para-los-sectores-productivos\/","og_site_name":"CELTTV","article_publisher":"https:\/\/www.facebook.com\/celtTV\/","article_published_time":"2020-07-06T20:04:00+00:00","og_image":[{"width":1152,"height":768,"url":"https:\/\/www.celttv.com.ar\/wp-content\/uploads\/2020\/07\/apro4-Medium.jpg","type":"image\/jpeg"}],"author":"ulises","twitter_card":"summary_large_image","twitter_misc":{"Escrito por":"ulises","Tiempo de lectura":"4 minutos"},"schema":{"@context":"https:\/\/schema.org","@graph":[{"@type":"NewsArticle","@id":"https:\/\/www.celttv.com.ar\/index.php\/2020\/07\/06\/la-provincia-de-buenos-aires-presento-una-bateria-de-medidas-para-los-sectores-productivos\/#article","isPartOf":{"@id":"https:\/\/www.celttv.com.ar\/index.php\/2020\/07\/06\/la-provincia-de-buenos-aires-presento-una-bateria-de-medidas-para-los-sectores-productivos\/"},"author":{"name":"ulises","@id":"https:\/\/www.celttv.com.ar\/#\/schema\/person\/6d99c072dba59953809c81446e9d0ace"},"headline":"La provincia de Buenos Aires present\u00f3 una bater\u00eda de medidas para los sectores productivos","datePublished":"2020-07-06T20:04:00+00:00","dateModified":"2020-07-06T20:04:00+00:00","mainEntityOfPage":{"@id":"https:\/\/www.celttv.com.ar\/index.php\/2020\/07\/06\/la-provincia-de-buenos-aires-presento-una-bateria-de-medidas-para-los-sectores-productivos\/"},"wordCount":903,"publisher":{"@id":"https:\/\/www.celttv.com.ar\/#organization"},"articleSection":["Comunidad","Destacadas","Producci\u00f3n y Medio Ambiente"],"inLanguage":"es"},{"@type":"WebPage","@id":"https:\/\/www.celttv.com.ar\/index.php\/2020\/07\/06\/la-provincia-de-buenos-aires-presento-una-bateria-de-medidas-para-los-sectores-productivos\/","url":"https:\/\/www.celttv.com.ar\/index.php\/2020\/07\/06\/la-provincia-de-buenos-aires-presento-una-bateria-de-medidas-para-los-sectores-productivos\/","name":"La provincia de Buenos Aires present\u00f3 una bater\u00eda de medidas para los sectores productivos - CELTTV","isPartOf":{"@id":"https:\/\/www.celttv.com.ar\/#website"},"datePublished":"2020-07-06T20:04:00+00:00","dateModified":"2020-07-06T20:04:00+00:00","description":"Sitio web de noticias de la localidad de Tornquist, provincia de Buenos Aires, Rep\u00fablica Argentina. Contenido propio originado por periodistas de CELTTV, el canal de TV local de la Cooperativa El\u00e9ctrica de Tornquist. Turismo, Pol\u00edtica, Sociedad, Deporte, Cultura y todo el contenido de inter\u00e9s general que la gente del pueblo y la regi\u00f3n debe conocer.","breadcrumb":{"@id":"https:\/\/www.celttv.com.ar\/index.php\/2020\/07\/06\/la-provincia-de-buenos-aires-presento-una-bateria-de-medidas-para-los-sectores-productivos\/#breadcrumb"},"inLanguage":"es","potentialAction":[{"@type":"ReadAction","target":["https:\/\/www.celttv.com.ar\/index.php\/2020\/07\/06\/la-provincia-de-buenos-aires-presento-una-bateria-de-medidas-para-los-sectores-productivos\/"]}]},{"@type":"BreadcrumbList","@id":"https:\/\/www.celttv.com.ar\/index.php\/2020\/07\/06\/la-provincia-de-buenos-aires-presento-una-bateria-de-medidas-para-los-sectores-productivos\/#breadcrumb","itemListElement":[{"@type":"ListItem","position":1,"name":"Inicio","item":"https:\/\/www.celttv.com.ar\/"},{"@type":"ListItem","position":2,"name":"La provincia de Buenos Aires present\u00f3 una bater\u00eda de medidas para los sectores productivos"}]},{"@type":"WebSite","@id":"https:\/\/www.celttv.com.ar\/#website","url":"https:\/\/www.celttv.com.ar\/","name":"CELTTV","description":"Cooperativa El\u00e9ctrica de Tornquist","publisher":{"@id":"https:\/\/www.celttv.com.ar\/#organization"},"potentialAction":[{"@type":"SearchAction","target":{"@type":"EntryPoint","urlTemplate":"https:\/\/www.celttv.com.ar\/?s={search_term_string}"},"query-input":"required name=search_term_string"}],"inLanguage":"es"},{"@type":"Organization","@id":"https:\/\/www.celttv.com.ar\/#organization","name":"CELTTV","url":"https:\/\/www.celttv.com.ar\/","sameAs":["https:\/\/www.youtube.com\/channel\/UCz_oIt8Hig64Ub-EmcNPIhg","https:\/\/www.facebook.com\/celtTV\/"],"logo":{"@type":"ImageObject","inLanguage":"es","@id":"https:\/\/www.celttv.com.ar\/#\/schema\/logo\/image\/","url":"http:\/\/www.celttv.com.ar\/wp-content\/uploads\/2022\/08\/logo-1.png","contentUrl":"http:\/\/www.celttv.com.ar\/wp-content\/uploads\/2022\/08\/logo-1.png","width":461,"height":159,"caption":"CELTTV"},"image":{"@id":"https:\/\/www.celttv.com.ar\/#\/schema\/logo\/image\/"}},{"@type":"Person","@id":"https:\/\/www.celttv.com.ar\/#\/schema\/person\/6d99c072dba59953809c81446e9d0ace","name":"ulises","image":{"@type":"ImageObject","inLanguage":"es","@id":"https:\/\/www.celttv.com.ar\/#\/schema\/person\/image\/","url":"https:\/\/secure.gravatar.com\/avatar\/7f2c48bdc33b30088f941fb6082e555f2874c98e20cb159d7b92b50eadfce793?s=96&d=mm&r=g","contentUrl":"https:\/\/secure.gravatar.com\/avatar\/7f2c48bdc33b30088f941fb6082e555f2874c98e20cb159d7b92b50eadfce793?s=96&d=mm&r=g","caption":"ulises"},"sameAs":["http:\/\/www.celttv.com.ar"]}]}},"_links":{"self":[{"href":"https:\/\/www.celttv.com.ar\/index.php\/wp-json\/wp\/v2\/posts\/50389","targetHints":{"allow":["GET"]}}],"collection":[{"href":"https:\/\/www.celttv.com.ar\/index.php\/wp-json\/wp\/v2\/posts"}],"about":[{"href":"https:\/\/www.celttv.com.ar\/index.php\/wp-json\/wp\/v2\/types\/post"}],"author":[{"embeddable":true,"href":"https:\/\/www.celttv.com.ar\/index.php\/wp-json\/wp\/v2\/users\/1"}],"replies":[{"embeddable":true,"href":"https:\/\/www.celttv.com.ar\/index.php\/wp-json\/wp\/v2\/comments?post=50389"}],"version-history":[{"count":0,"href":"https:\/\/www.celttv.com.ar\/index.php\/wp-json\/wp\/v2\/posts\/50389\/revisions"}],"wp:featuredmedia":[{"embeddable":true,"href":"https:\/\/www.celttv.com.ar\/index.php\/wp-json\/wp\/v2\/media\/50393"}],"wp:attachment":[{"href":"https:\/\/www.celttv.com.ar\/index.php\/wp-json\/wp\/v2\/media?parent=50389"}],"wp:term":[{"taxonomy":"category","embeddable":true,"href":"https:\/\/www.celttv.com.ar\/index.php\/wp-json\/wp\/v2\/categories?post=50389"},{"taxonomy":"post_tag","embeddable":true,"href":"https:\/\/www.celttv.com.ar\/index.php\/wp-json\/wp\/v2\/tags?post=50389"}],"curies":[{"name":"wp","href":"https:\/\/api.w.org\/{rel}","templated":true}]}}