{"id":50425,"date":"2020-07-08T20:41:25","date_gmt":"2020-07-08T20:41:25","guid":{"rendered":"http:\/\/www.celttv.com.ar\/?p=50425"},"modified":"2020-07-08T20:41:25","modified_gmt":"2020-07-08T20:41:25","slug":"los-concejales-monica-sagredo-y-sebastian-bassi-opinaron-sobre-el-protocolo-de-alojamiento-permanente-presentado-por-prestadores-turisticos","status":"publish","type":"post","link":"https:\/\/www.celttv.com.ar\/index.php\/2020\/07\/08\/los-concejales-monica-sagredo-y-sebastian-bassi-opinaron-sobre-el-protocolo-de-alojamiento-permanente-presentado-por-prestadores-turisticos\/","title":{"rendered":"Los concejales M\u00f3nica Sagredo y Sebastian Bassi opinaron sobre el Protocolo de Alojamiento Permanente presentado por prestadores tur\u00edsticos"},"content":{"rendered":"<p>Los concejales M\u00f3nica Sagredo (Frente de Todos) y Sebastian Bassi (Juntos por el Cambio) opinaron en CELTTV Noticias sobre el Protocolo de Alojamiento Permanente presentado por prestadores tur\u00edsticos.<\/p>\n<p>La iniciativa ha requerido diversas reuniones de los autores intelectuales del proyecto que apunta principalmente a generar movimiento para el sector de la comarca mas castigado por la cuarentena mas extensa de la historia, con autoridades del Departamento Ejecutivo, del Concejo Deliberante e instituciones que integran la Asociaci\u00f3n de Turismo.<\/p>\n<p><strong>NOTAS COMPLETAS EN VIDEO<\/strong><\/p>\n<div class=\"jeg_video_container jeg_video_content\"><iframe loading=\"lazy\" title=\"2020 07 08 HCD 4   MONICA SAGREDO NOTA\" width=\"500\" height=\"281\" src=\"https:\/\/www.youtube.com\/embed\/-wAa8wNh0sI?feature=oembed\" frameborder=\"0\" allow=\"accelerometer; autoplay; clipboard-write; encrypted-media; gyroscope; picture-in-picture; web-share\" referrerpolicy=\"strict-origin-when-cross-origin\" allowfullscreen><\/iframe><\/div>\n<div class=\"jeg_video_container jeg_video_content\"><iframe loading=\"lazy\" title=\"2020 07 08 HCD 5   SEBASTIAN BASSI NOTA\" width=\"500\" height=\"281\" src=\"https:\/\/www.youtube.com\/embed\/D5qHDuxUCjA?feature=oembed\" frameborder=\"0\" allow=\"accelerometer; autoplay; clipboard-write; encrypted-media; gyroscope; picture-in-picture; web-share\" referrerpolicy=\"strict-origin-when-cross-origin\" allowfullscreen><\/iframe><\/div>\n","protected":false},"excerpt":{"rendered":"<p>Los concejales M\u00f3nica Sagredo (Frente de Todos) y Sebastian Bassi (Juntos por el Cambio) opinaron en CELTTV Noticias sobre el Protocolo de Alojamiento Permanente presentado por prestadores tur\u00edsticos. La iniciativa ha requerido diversas reuniones de los autores intelectuales del proyecto que apunta principalmente a generar movimiento para el sector de la comarca mas castigado por [&hellip;]<\/p>\n","protected":false},"author":1,"featured_media":50426,"comment_status":"closed","ping_status":"open","sticky":false,"template":"","format":"standard","meta":{"footnotes":""},"categories":[51,52,53],"tags":[],"class_list":["post-50425","post","type-post","status-publish","format-standard","has-post-thumbnail","hentry","category-comunidad","category-destacadas","category-politica"],"yoast_head":"<!-- This site is optimized with the Yoast SEO plugin v19.7.1 - https:\/\/yoast.com\/wordpress\/plugins\/seo\/ -->\n<title>Los concejales M\u00f3nica Sagredo y Sebastian Bassi opinaron sobre el Protocolo de Alojamiento Permanente presentado por prestadores tur\u00edsticos - CELTTV<\/title>\n<meta name=\"description\" content=\"Sitio web de noticias de la localidad de Tornquist, provincia de Buenos Aires, Rep\u00fablica Argentina. Contenido propio originado por periodistas de CELTTV, el canal de TV local de la Cooperativa El\u00e9ctrica de Tornquist. Turismo, Pol\u00edtica, Sociedad, Deporte, Cultura y todo el contenido de inter\u00e9s general que la gente del pueblo y la regi\u00f3n debe conocer.\" \/>\n<meta name=\"robots\" content=\"index, follow, max-snippet:-1, max-image-preview:large, max-video-preview:-1\" \/>\n<link rel=\"canonical\" href=\"https:\/\/www.celttv.com.ar\/index.php\/2020\/07\/08\/los-concejales-monica-sagredo-y-sebastian-bassi-opinaron-sobre-el-protocolo-de-alojamiento-permanente-presentado-por-prestadores-turisticos\/\" \/>\n<meta property=\"og:locale\" content=\"es_ES\" \/>\n<meta property=\"og:type\" content=\"article\" \/>\n<meta property=\"og:title\" content=\"Los concejales M\u00f3nica Sagredo y Sebastian Bassi opinaron sobre el Protocolo de Alojamiento Permanente presentado por prestadores tur\u00edsticos - CELTTV\" \/>\n<meta property=\"og:description\" content=\"Sitio web de noticias de la localidad de Tornquist, provincia de Buenos Aires, Rep\u00fablica Argentina. Contenido propio originado por periodistas de CELTTV, el canal de TV local de la Cooperativa El\u00e9ctrica de Tornquist. Turismo, Pol\u00edtica, Sociedad, Deporte, Cultura y todo el contenido de inter\u00e9s general que la gente del pueblo y la regi\u00f3n debe conocer.\" \/>\n<meta property=\"og:url\" content=\"https:\/\/www.celttv.com.ar\/index.php\/2020\/07\/08\/los-concejales-monica-sagredo-y-sebastian-bassi-opinaron-sobre-el-protocolo-de-alojamiento-permanente-presentado-por-prestadores-turisticos\/\" \/>\n<meta property=\"og:site_name\" content=\"CELTTV\" \/>\n<meta property=\"article:publisher\" content=\"https:\/\/www.facebook.com\/celtTV\/\" \/>\n<meta property=\"article:published_time\" content=\"2020-07-08T20:41:25+00:00\" \/>\n<meta property=\"og:image\" content=\"https:\/\/www.celttv.com.ar\/wp-content\/uploads\/2020\/07\/sagredo-bassi.jpg\" \/>\n\t<meta property=\"og:image:width\" content=\"1511\" \/>\n\t<meta property=\"og:image:height\" content=\"924\" \/>\n\t<meta property=\"og:image:type\" content=\"image\/jpeg\" \/>\n<meta name=\"author\" content=\"ulises\" \/>\n<meta name=\"twitter:card\" content=\"summary_large_image\" \/>\n<meta name=\"twitter:label1\" content=\"Escrito por\" \/>\n\t<meta name=\"twitter:data1\" content=\"ulises\" \/>\n\t<meta name=\"twitter:label2\" content=\"Tiempo de lectura\" \/>\n\t<meta name=\"twitter:data2\" content=\"1 minuto\" \/>\n<script type=\"application\/ld+json\" class=\"yoast-schema-graph\">{\"@context\":\"https:\/\/schema.org\",\"@graph\":[{\"@type\":\"NewsArticle\",\"@id\":\"https:\/\/www.celttv.com.ar\/index.php\/2020\/07\/08\/los-concejales-monica-sagredo-y-sebastian-bassi-opinaron-sobre-el-protocolo-de-alojamiento-permanente-presentado-por-prestadores-turisticos\/#article\",\"isPartOf\":{\"@id\":\"https:\/\/www.celttv.com.ar\/index.php\/2020\/07\/08\/los-concejales-monica-sagredo-y-sebastian-bassi-opinaron-sobre-el-protocolo-de-alojamiento-permanente-presentado-por-prestadores-turisticos\/\"},\"author\":{\"name\":\"ulises\",\"@id\":\"https:\/\/www.celttv.com.ar\/#\/schema\/person\/6d99c072dba59953809c81446e9d0ace\"},\"headline\":\"Los concejales M\u00f3nica Sagredo y Sebastian Bassi opinaron sobre el Protocolo de Alojamiento Permanente presentado por prestadores tur\u00edsticos\",\"datePublished\":\"2020-07-08T20:41:25+00:00\",\"dateModified\":\"2020-07-08T20:41:25+00:00\",\"mainEntityOfPage\":{\"@id\":\"https:\/\/www.celttv.com.ar\/index.php\/2020\/07\/08\/los-concejales-monica-sagredo-y-sebastian-bassi-opinaron-sobre-el-protocolo-de-alojamiento-permanente-presentado-por-prestadores-turisticos\/\"},\"wordCount\":122,\"publisher\":{\"@id\":\"https:\/\/www.celttv.com.ar\/#organization\"},\"articleSection\":[\"Comunidad\",\"Destacadas\",\"Pol\u00edtica\"],\"inLanguage\":\"es\"},{\"@type\":\"WebPage\",\"@id\":\"https:\/\/www.celttv.com.ar\/index.php\/2020\/07\/08\/los-concejales-monica-sagredo-y-sebastian-bassi-opinaron-sobre-el-protocolo-de-alojamiento-permanente-presentado-por-prestadores-turisticos\/\",\"url\":\"https:\/\/www.celttv.com.ar\/index.php\/2020\/07\/08\/los-concejales-monica-sagredo-y-sebastian-bassi-opinaron-sobre-el-protocolo-de-alojamiento-permanente-presentado-por-prestadores-turisticos\/\",\"name\":\"Los concejales M\u00f3nica Sagredo y Sebastian Bassi opinaron sobre el Protocolo de Alojamiento Permanente presentado por prestadores tur\u00edsticos - CELTTV\",\"isPartOf\":{\"@id\":\"https:\/\/www.celttv.com.ar\/#website\"},\"datePublished\":\"2020-07-08T20:41:25+00:00\",\"dateModified\":\"2020-07-08T20:41:25+00:00\",\"description\":\"Sitio web de noticias de la localidad de Tornquist, provincia de Buenos Aires, Rep\u00fablica Argentina. Contenido propio originado por periodistas de CELTTV, el canal de TV local de la Cooperativa El\u00e9ctrica de Tornquist. Turismo, Pol\u00edtica, Sociedad, Deporte, Cultura y todo el contenido de inter\u00e9s general que la gente del pueblo y la regi\u00f3n debe conocer.\",\"breadcrumb\":{\"@id\":\"https:\/\/www.celttv.com.ar\/index.php\/2020\/07\/08\/los-concejales-monica-sagredo-y-sebastian-bassi-opinaron-sobre-el-protocolo-de-alojamiento-permanente-presentado-por-prestadores-turisticos\/#breadcrumb\"},\"inLanguage\":\"es\",\"potentialAction\":[{\"@type\":\"ReadAction\",\"target\":[\"https:\/\/www.celttv.com.ar\/index.php\/2020\/07\/08\/los-concejales-monica-sagredo-y-sebastian-bassi-opinaron-sobre-el-protocolo-de-alojamiento-permanente-presentado-por-prestadores-turisticos\/\"]}]},{\"@type\":\"BreadcrumbList\",\"@id\":\"https:\/\/www.celttv.com.ar\/index.php\/2020\/07\/08\/los-concejales-monica-sagredo-y-sebastian-bassi-opinaron-sobre-el-protocolo-de-alojamiento-permanente-presentado-por-prestadores-turisticos\/#breadcrumb\",\"itemListElement\":[{\"@type\":\"ListItem\",\"position\":1,\"name\":\"Inicio\",\"item\":\"https:\/\/www.celttv.com.ar\/\"},{\"@type\":\"ListItem\",\"position\":2,\"name\":\"Los concejales M\u00f3nica Sagredo y Sebastian Bassi opinaron sobre el Protocolo de Alojamiento Permanente presentado por prestadores tur\u00edsticos\"}]},{\"@type\":\"WebSite\",\"@id\":\"https:\/\/www.celttv.com.ar\/#website\",\"url\":\"https:\/\/www.celttv.com.ar\/\",\"name\":\"CELTTV\",\"description\":\"Cooperativa El\u00e9ctrica de Tornquist\",\"publisher\":{\"@id\":\"https:\/\/www.celttv.com.ar\/#organization\"},\"potentialAction\":[{\"@type\":\"SearchAction\",\"target\":{\"@type\":\"EntryPoint\",\"urlTemplate\":\"https:\/\/www.celttv.com.ar\/?s={search_term_string}\"},\"query-input\":\"required name=search_term_string\"}],\"inLanguage\":\"es\"},{\"@type\":\"Organization\",\"@id\":\"https:\/\/www.celttv.com.ar\/#organization\",\"name\":\"CELTTV\",\"url\":\"https:\/\/www.celttv.com.ar\/\",\"sameAs\":[\"https:\/\/www.youtube.com\/channel\/UCz_oIt8Hig64Ub-EmcNPIhg\",\"https:\/\/www.facebook.com\/celtTV\/\"],\"logo\":{\"@type\":\"ImageObject\",\"inLanguage\":\"es\",\"@id\":\"https:\/\/www.celttv.com.ar\/#\/schema\/logo\/image\/\",\"url\":\"http:\/\/www.celttv.com.ar\/wp-content\/uploads\/2022\/08\/logo-1.png\",\"contentUrl\":\"http:\/\/www.celttv.com.ar\/wp-content\/uploads\/2022\/08\/logo-1.png\",\"width\":461,\"height\":159,\"caption\":\"CELTTV\"},\"image\":{\"@id\":\"https:\/\/www.celttv.com.ar\/#\/schema\/logo\/image\/\"}},{\"@type\":\"Person\",\"@id\":\"https:\/\/www.celttv.com.ar\/#\/schema\/person\/6d99c072dba59953809c81446e9d0ace\",\"name\":\"ulises\",\"image\":{\"@type\":\"ImageObject\",\"inLanguage\":\"es\",\"@id\":\"https:\/\/www.celttv.com.ar\/#\/schema\/person\/image\/\",\"url\":\"https:\/\/secure.gravatar.com\/avatar\/7f2c48bdc33b30088f941fb6082e555f2874c98e20cb159d7b92b50eadfce793?s=96&d=mm&r=g\",\"contentUrl\":\"https:\/\/secure.gravatar.com\/avatar\/7f2c48bdc33b30088f941fb6082e555f2874c98e20cb159d7b92b50eadfce793?s=96&d=mm&r=g\",\"caption\":\"ulises\"},\"sameAs\":[\"http:\/\/www.celttv.com.ar\"]}]}<\/script>\n<!-- \/ Yoast SEO plugin. -->","yoast_head_json":{"title":"Los concejales M\u00f3nica Sagredo y Sebastian Bassi opinaron sobre el Protocolo de Alojamiento Permanente presentado por prestadores tur\u00edsticos - CELTTV","description":"Sitio web de noticias de la localidad de Tornquist, provincia de Buenos Aires, Rep\u00fablica Argentina. Contenido propio originado por periodistas de CELTTV, el canal de TV local de la Cooperativa El\u00e9ctrica de Tornquist. Turismo, Pol\u00edtica, Sociedad, Deporte, Cultura y todo el contenido de inter\u00e9s general que la gente del pueblo y la regi\u00f3n debe conocer.","robots":{"index":"index","follow":"follow","max-snippet":"max-snippet:-1","max-image-preview":"max-image-preview:large","max-video-preview":"max-video-preview:-1"},"canonical":"https:\/\/www.celttv.com.ar\/index.php\/2020\/07\/08\/los-concejales-monica-sagredo-y-sebastian-bassi-opinaron-sobre-el-protocolo-de-alojamiento-permanente-presentado-por-prestadores-turisticos\/","og_locale":"es_ES","og_type":"article","og_title":"Los concejales M\u00f3nica Sagredo y Sebastian Bassi opinaron sobre el Protocolo de Alojamiento Permanente presentado por prestadores tur\u00edsticos - CELTTV","og_description":"Sitio web de noticias de la localidad de Tornquist, provincia de Buenos Aires, Rep\u00fablica Argentina. Contenido propio originado por periodistas de CELTTV, el canal de TV local de la Cooperativa El\u00e9ctrica de Tornquist. Turismo, Pol\u00edtica, Sociedad, Deporte, Cultura y todo el contenido de inter\u00e9s general que la gente del pueblo y la regi\u00f3n debe conocer.","og_url":"https:\/\/www.celttv.com.ar\/index.php\/2020\/07\/08\/los-concejales-monica-sagredo-y-sebastian-bassi-opinaron-sobre-el-protocolo-de-alojamiento-permanente-presentado-por-prestadores-turisticos\/","og_site_name":"CELTTV","article_publisher":"https:\/\/www.facebook.com\/celtTV\/","article_published_time":"2020-07-08T20:41:25+00:00","og_image":[{"width":1511,"height":924,"url":"https:\/\/www.celttv.com.ar\/wp-content\/uploads\/2020\/07\/sagredo-bassi.jpg","type":"image\/jpeg"}],"author":"ulises","twitter_card":"summary_large_image","twitter_misc":{"Escrito por":"ulises","Tiempo de lectura":"1 minuto"},"schema":{"@context":"https:\/\/schema.org","@graph":[{"@type":"NewsArticle","@id":"https:\/\/www.celttv.com.ar\/index.php\/2020\/07\/08\/los-concejales-monica-sagredo-y-sebastian-bassi-opinaron-sobre-el-protocolo-de-alojamiento-permanente-presentado-por-prestadores-turisticos\/#article","isPartOf":{"@id":"https:\/\/www.celttv.com.ar\/index.php\/2020\/07\/08\/los-concejales-monica-sagredo-y-sebastian-bassi-opinaron-sobre-el-protocolo-de-alojamiento-permanente-presentado-por-prestadores-turisticos\/"},"author":{"name":"ulises","@id":"https:\/\/www.celttv.com.ar\/#\/schema\/person\/6d99c072dba59953809c81446e9d0ace"},"headline":"Los concejales M\u00f3nica Sagredo y Sebastian Bassi opinaron sobre el Protocolo de Alojamiento Permanente presentado por prestadores tur\u00edsticos","datePublished":"2020-07-08T20:41:25+00:00","dateModified":"2020-07-08T20:41:25+00:00","mainEntityOfPage":{"@id":"https:\/\/www.celttv.com.ar\/index.php\/2020\/07\/08\/los-concejales-monica-sagredo-y-sebastian-bassi-opinaron-sobre-el-protocolo-de-alojamiento-permanente-presentado-por-prestadores-turisticos\/"},"wordCount":122,"publisher":{"@id":"https:\/\/www.celttv.com.ar\/#organization"},"articleSection":["Comunidad","Destacadas","Pol\u00edtica"],"inLanguage":"es"},{"@type":"WebPage","@id":"https:\/\/www.celttv.com.ar\/index.php\/2020\/07\/08\/los-concejales-monica-sagredo-y-sebastian-bassi-opinaron-sobre-el-protocolo-de-alojamiento-permanente-presentado-por-prestadores-turisticos\/","url":"https:\/\/www.celttv.com.ar\/index.php\/2020\/07\/08\/los-concejales-monica-sagredo-y-sebastian-bassi-opinaron-sobre-el-protocolo-de-alojamiento-permanente-presentado-por-prestadores-turisticos\/","name":"Los concejales M\u00f3nica Sagredo y Sebastian Bassi opinaron sobre el Protocolo de Alojamiento Permanente presentado por prestadores tur\u00edsticos - CELTTV","isPartOf":{"@id":"https:\/\/www.celttv.com.ar\/#website"},"datePublished":"2020-07-08T20:41:25+00:00","dateModified":"2020-07-08T20:41:25+00:00","description":"Sitio web de noticias de la localidad de Tornquist, provincia de Buenos Aires, Rep\u00fablica Argentina. Contenido propio originado por periodistas de CELTTV, el canal de TV local de la Cooperativa El\u00e9ctrica de Tornquist. Turismo, Pol\u00edtica, Sociedad, Deporte, Cultura y todo el contenido de inter\u00e9s general que la gente del pueblo y la regi\u00f3n debe conocer.","breadcrumb":{"@id":"https:\/\/www.celttv.com.ar\/index.php\/2020\/07\/08\/los-concejales-monica-sagredo-y-sebastian-bassi-opinaron-sobre-el-protocolo-de-alojamiento-permanente-presentado-por-prestadores-turisticos\/#breadcrumb"},"inLanguage":"es","potentialAction":[{"@type":"ReadAction","target":["https:\/\/www.celttv.com.ar\/index.php\/2020\/07\/08\/los-concejales-monica-sagredo-y-sebastian-bassi-opinaron-sobre-el-protocolo-de-alojamiento-permanente-presentado-por-prestadores-turisticos\/"]}]},{"@type":"BreadcrumbList","@id":"https:\/\/www.celttv.com.ar\/index.php\/2020\/07\/08\/los-concejales-monica-sagredo-y-sebastian-bassi-opinaron-sobre-el-protocolo-de-alojamiento-permanente-presentado-por-prestadores-turisticos\/#breadcrumb","itemListElement":[{"@type":"ListItem","position":1,"name":"Inicio","item":"https:\/\/www.celttv.com.ar\/"},{"@type":"ListItem","position":2,"name":"Los concejales M\u00f3nica Sagredo y Sebastian Bassi opinaron sobre el Protocolo de Alojamiento Permanente presentado por prestadores tur\u00edsticos"}]},{"@type":"WebSite","@id":"https:\/\/www.celttv.com.ar\/#website","url":"https:\/\/www.celttv.com.ar\/","name":"CELTTV","description":"Cooperativa El\u00e9ctrica de Tornquist","publisher":{"@id":"https:\/\/www.celttv.com.ar\/#organization"},"potentialAction":[{"@type":"SearchAction","target":{"@type":"EntryPoint","urlTemplate":"https:\/\/www.celttv.com.ar\/?s={search_term_string}"},"query-input":"required name=search_term_string"}],"inLanguage":"es"},{"@type":"Organization","@id":"https:\/\/www.celttv.com.ar\/#organization","name":"CELTTV","url":"https:\/\/www.celttv.com.ar\/","sameAs":["https:\/\/www.youtube.com\/channel\/UCz_oIt8Hig64Ub-EmcNPIhg","https:\/\/www.facebook.com\/celtTV\/"],"logo":{"@type":"ImageObject","inLanguage":"es","@id":"https:\/\/www.celttv.com.ar\/#\/schema\/logo\/image\/","url":"http:\/\/www.celttv.com.ar\/wp-content\/uploads\/2022\/08\/logo-1.png","contentUrl":"http:\/\/www.celttv.com.ar\/wp-content\/uploads\/2022\/08\/logo-1.png","width":461,"height":159,"caption":"CELTTV"},"image":{"@id":"https:\/\/www.celttv.com.ar\/#\/schema\/logo\/image\/"}},{"@type":"Person","@id":"https:\/\/www.celttv.com.ar\/#\/schema\/person\/6d99c072dba59953809c81446e9d0ace","name":"ulises","image":{"@type":"ImageObject","inLanguage":"es","@id":"https:\/\/www.celttv.com.ar\/#\/schema\/person\/image\/","url":"https:\/\/secure.gravatar.com\/avatar\/7f2c48bdc33b30088f941fb6082e555f2874c98e20cb159d7b92b50eadfce793?s=96&d=mm&r=g","contentUrl":"https:\/\/secure.gravatar.com\/avatar\/7f2c48bdc33b30088f941fb6082e555f2874c98e20cb159d7b92b50eadfce793?s=96&d=mm&r=g","caption":"ulises"},"sameAs":["http:\/\/www.celttv.com.ar"]}]}},"_links":{"self":[{"href":"https:\/\/www.celttv.com.ar\/index.php\/wp-json\/wp\/v2\/posts\/50425","targetHints":{"allow":["GET"]}}],"collection":[{"href":"https:\/\/www.celttv.com.ar\/index.php\/wp-json\/wp\/v2\/posts"}],"about":[{"href":"https:\/\/www.celttv.com.ar\/index.php\/wp-json\/wp\/v2\/types\/post"}],"author":[{"embeddable":true,"href":"https:\/\/www.celttv.com.ar\/index.php\/wp-json\/wp\/v2\/users\/1"}],"replies":[{"embeddable":true,"href":"https:\/\/www.celttv.com.ar\/index.php\/wp-json\/wp\/v2\/comments?post=50425"}],"version-history":[{"count":0,"href":"https:\/\/www.celttv.com.ar\/index.php\/wp-json\/wp\/v2\/posts\/50425\/revisions"}],"wp:featuredmedia":[{"embeddable":true,"href":"https:\/\/www.celttv.com.ar\/index.php\/wp-json\/wp\/v2\/media\/50426"}],"wp:attachment":[{"href":"https:\/\/www.celttv.com.ar\/index.php\/wp-json\/wp\/v2\/media?parent=50425"}],"wp:term":[{"taxonomy":"category","embeddable":true,"href":"https:\/\/www.celttv.com.ar\/index.php\/wp-json\/wp\/v2\/categories?post=50425"},{"taxonomy":"post_tag","embeddable":true,"href":"https:\/\/www.celttv.com.ar\/index.php\/wp-json\/wp\/v2\/tags?post=50425"}],"curies":[{"name":"wp","href":"https:\/\/api.w.org\/{rel}","templated":true}]}}