{"id":50431,"date":"2020-07-09T14:01:27","date_gmt":"2020-07-09T14:01:27","guid":{"rendered":"http:\/\/www.celttv.com.ar\/?p=50431"},"modified":"2020-07-09T14:01:27","modified_gmt":"2020-07-09T14:01:27","slug":"policias-contagiados-en-el-conurbano-saavedra-registro-3-casos-mas-y-puan-tuvo-su-primer-positivo","status":"publish","type":"post","link":"https:\/\/www.celttv.com.ar\/index.php\/2020\/07\/09\/policias-contagiados-en-el-conurbano-saavedra-registro-3-casos-mas-y-puan-tuvo-su-primer-positivo\/","title":{"rendered":"Polic\u00edas contagiados en el Conurbano: Saavedra registr\u00f3 3 casos m\u00e1s y Puan tuvo su primer positivo"},"content":{"rendered":"<p>Los contagios en el denominado &#8220;Conglomerado Polic\u00edas del Conurbano&#8221; siguen apareciendo. Al primer caso registrado esta semana se sumaron en las \u00faltimas horas 3 m\u00e1s en Saavedra y uno en Puan, distrito que dej\u00f3 oficialmente de estar libre de COVID-19.<\/p>\n<p>Los nuevos casos fueron confirmados por el secretario de Salud de Saavedra, el doctor Guillermo Tiz\u00f3n, y el intendente de Puan, Facundo Castelli, respectivamente.<\/p>\n<p>&#8220;Llegaron los resultados de los hisopados: 3 son positivos y 2 son indeterminados. Estos \u00faltimos dos los vamos a tener que repetir en 72 horas&#8221;, detall\u00f3 el funcionario saavedrense.<\/p>\n<p>Estas cinco personas -indic\u00f3 Tiz\u00f3n- son contactos estrechos del\u00a0<a href=\"https:\/\/www.lanueva.com\/nota\/2020-7-6-23-2-0-saavedra-registro-el-primer-caso-de-covid-19-un-policia-que-trabaja-en-el-conurbano\">primer caso registrado en Saavedra<\/a>: un joven agente de polic\u00eda de Pig\u00fc\u00e9 que hab\u00eda sido convocado para prestar servicios en el Conurbano\u00a0y que d\u00edas atr\u00e1s, al regresar a su ciudad luego de ser licenciado, tuvo los primeros s\u00edntomas de COVID-19.<\/p>\n<div class=\"modelo\"><\/div>\n<p>&#8220;Estas cinco personas tambi\u00e9n vienen del Gran Buenos Aires, donde cumplieron funciones esenciales (como polic\u00edas), y se encontraban en aislamiento desde el momento en que regresaron al distrito&#8221;.<\/p>\n<p><iframe loading=\"lazy\" src=\"https:\/\/www.facebook.com\/plugins\/video.php?href=https%3A%2F%2Fwww.facebook.com%2FMuniSaavedraPigue%2Fvideos%2F281337713112683%2F&amp;show_text=0&amp;width=380\" width=\"380\" height=\"476\" data-mce-fragment=\"1\"><\/iframe><\/p>\n<p>El primer caso de Puan, en tanto, tambi\u00e9n es un polic\u00eda que hab\u00eda estado con sus pares pig\u00fcenses cumpliendo servicios en el Conurbano.<\/p>\n<p>&#8220;Tuvo contacto estrecho con el efectivo de Saavedra que dio positivo. Ingres\u00f3 a nuestro distrito el dia 26 (de junio), cumpliendo los protocolos correspondientes de aislamiento en la localidad de Villa Iris, y se encuentra asintom\u00e1tico&#8221;, indic\u00f3 el intendente Castelli.<\/p>\n<p><iframe loading=\"lazy\" src=\"https:\/\/www.facebook.com\/plugins\/video.php?href=https%3A%2F%2Fwww.facebook.com%2Fmunicipiodepuan%2Fvideos%2F919598245175575%2F&amp;show_text=0&amp;width=269\" width=\"269\" height=\"476\" data-mce-fragment=\"1\"><\/iframe><\/p>\n<p>Anticip\u00f3 que durante la ma\u00f1ana de hoy se brindar\u00e1 una conferencia de prensa para brindar m\u00e1s detalles del caso y &#8220;evacuar todas las dudas que surjan, a los efectos de que haya tranquilidad en la poblaci\u00f3n&#8221;.<\/p>\n<p>Fuente: LaNueva.com<\/p>\n","protected":false},"excerpt":{"rendered":"<p>Los contagios en el denominado &#8220;Conglomerado Polic\u00edas del Conurbano&#8221; siguen apareciendo. Al primer caso registrado esta semana se sumaron en las \u00faltimas horas 3 m\u00e1s en Saavedra y uno en Puan, distrito que dej\u00f3 oficialmente de estar libre de COVID-19. Los nuevos casos fueron confirmados por el secretario de Salud de Saavedra, el doctor Guillermo [&hellip;]<\/p>\n","protected":false},"author":1,"featured_media":50406,"comment_status":"closed","ping_status":"open","sticky":false,"template":"","format":"standard","meta":{"footnotes":""},"categories":[51,52],"tags":[],"class_list":["post-50431","post","type-post","status-publish","format-standard","has-post-thumbnail","hentry","category-comunidad","category-destacadas"],"yoast_head":"<!-- This site is optimized with the Yoast SEO plugin v19.7.1 - https:\/\/yoast.com\/wordpress\/plugins\/seo\/ -->\n<title>Polic\u00edas contagiados en el Conurbano: Saavedra registr\u00f3 3 casos m\u00e1s y Puan tuvo su primer positivo - CELTTV<\/title>\n<meta name=\"description\" content=\"Sitio web de noticias de la localidad de Tornquist, provincia de Buenos Aires, Rep\u00fablica Argentina. Contenido propio originado por periodistas de CELTTV, el canal de TV local de la Cooperativa El\u00e9ctrica de Tornquist. Turismo, Pol\u00edtica, Sociedad, Deporte, Cultura y todo el contenido de inter\u00e9s general que la gente del pueblo y la regi\u00f3n debe conocer.\" \/>\n<meta name=\"robots\" content=\"index, follow, max-snippet:-1, max-image-preview:large, max-video-preview:-1\" \/>\n<link rel=\"canonical\" href=\"https:\/\/www.celttv.com.ar\/index.php\/2020\/07\/09\/policias-contagiados-en-el-conurbano-saavedra-registro-3-casos-mas-y-puan-tuvo-su-primer-positivo\/\" \/>\n<meta property=\"og:locale\" content=\"es_ES\" \/>\n<meta property=\"og:type\" content=\"article\" \/>\n<meta property=\"og:title\" content=\"Polic\u00edas contagiados en el Conurbano: Saavedra registr\u00f3 3 casos m\u00e1s y Puan tuvo su primer positivo - CELTTV\" \/>\n<meta property=\"og:description\" content=\"Sitio web de noticias de la localidad de Tornquist, provincia de Buenos Aires, Rep\u00fablica Argentina. Contenido propio originado por periodistas de CELTTV, el canal de TV local de la Cooperativa El\u00e9ctrica de Tornquist. Turismo, Pol\u00edtica, Sociedad, Deporte, Cultura y todo el contenido de inter\u00e9s general que la gente del pueblo y la regi\u00f3n debe conocer.\" \/>\n<meta property=\"og:url\" content=\"https:\/\/www.celttv.com.ar\/index.php\/2020\/07\/09\/policias-contagiados-en-el-conurbano-saavedra-registro-3-casos-mas-y-puan-tuvo-su-primer-positivo\/\" \/>\n<meta property=\"og:site_name\" content=\"CELTTV\" \/>\n<meta property=\"article:publisher\" content=\"https:\/\/www.facebook.com\/celtTV\/\" \/>\n<meta property=\"article:published_time\" content=\"2020-07-09T14:01:27+00:00\" \/>\n<meta property=\"og:image\" content=\"https:\/\/www.celttv.com.ar\/wp-content\/uploads\/2020\/07\/saavedra-pigue.jpg\" \/>\n\t<meta property=\"og:image:width\" content=\"919\" \/>\n\t<meta property=\"og:image:height\" content=\"555\" \/>\n\t<meta property=\"og:image:type\" content=\"image\/jpeg\" \/>\n<meta name=\"author\" content=\"ulises\" \/>\n<meta name=\"twitter:card\" content=\"summary_large_image\" \/>\n<meta name=\"twitter:label1\" content=\"Escrito por\" \/>\n\t<meta name=\"twitter:data1\" content=\"ulises\" \/>\n\t<meta name=\"twitter:label2\" content=\"Tiempo de lectura\" \/>\n\t<meta name=\"twitter:data2\" content=\"1 minuto\" \/>\n<script type=\"application\/ld+json\" class=\"yoast-schema-graph\">{\"@context\":\"https:\/\/schema.org\",\"@graph\":[{\"@type\":\"NewsArticle\",\"@id\":\"https:\/\/www.celttv.com.ar\/index.php\/2020\/07\/09\/policias-contagiados-en-el-conurbano-saavedra-registro-3-casos-mas-y-puan-tuvo-su-primer-positivo\/#article\",\"isPartOf\":{\"@id\":\"https:\/\/www.celttv.com.ar\/index.php\/2020\/07\/09\/policias-contagiados-en-el-conurbano-saavedra-registro-3-casos-mas-y-puan-tuvo-su-primer-positivo\/\"},\"author\":{\"name\":\"ulises\",\"@id\":\"https:\/\/www.celttv.com.ar\/#\/schema\/person\/6d99c072dba59953809c81446e9d0ace\"},\"headline\":\"Polic\u00edas contagiados en el Conurbano: Saavedra registr\u00f3 3 casos m\u00e1s y Puan tuvo su primer positivo\",\"datePublished\":\"2020-07-09T14:01:27+00:00\",\"dateModified\":\"2020-07-09T14:01:27+00:00\",\"mainEntityOfPage\":{\"@id\":\"https:\/\/www.celttv.com.ar\/index.php\/2020\/07\/09\/policias-contagiados-en-el-conurbano-saavedra-registro-3-casos-mas-y-puan-tuvo-su-primer-positivo\/\"},\"wordCount\":304,\"publisher\":{\"@id\":\"https:\/\/www.celttv.com.ar\/#organization\"},\"articleSection\":[\"Comunidad\",\"Destacadas\"],\"inLanguage\":\"es\"},{\"@type\":\"WebPage\",\"@id\":\"https:\/\/www.celttv.com.ar\/index.php\/2020\/07\/09\/policias-contagiados-en-el-conurbano-saavedra-registro-3-casos-mas-y-puan-tuvo-su-primer-positivo\/\",\"url\":\"https:\/\/www.celttv.com.ar\/index.php\/2020\/07\/09\/policias-contagiados-en-el-conurbano-saavedra-registro-3-casos-mas-y-puan-tuvo-su-primer-positivo\/\",\"name\":\"Polic\u00edas contagiados en el Conurbano: Saavedra registr\u00f3 3 casos m\u00e1s y Puan tuvo su primer positivo - CELTTV\",\"isPartOf\":{\"@id\":\"https:\/\/www.celttv.com.ar\/#website\"},\"datePublished\":\"2020-07-09T14:01:27+00:00\",\"dateModified\":\"2020-07-09T14:01:27+00:00\",\"description\":\"Sitio web de noticias de la localidad de Tornquist, provincia de Buenos Aires, Rep\u00fablica Argentina. Contenido propio originado por periodistas de CELTTV, el canal de TV local de la Cooperativa El\u00e9ctrica de Tornquist. Turismo, Pol\u00edtica, Sociedad, Deporte, Cultura y todo el contenido de inter\u00e9s general que la gente del pueblo y la regi\u00f3n debe conocer.\",\"breadcrumb\":{\"@id\":\"https:\/\/www.celttv.com.ar\/index.php\/2020\/07\/09\/policias-contagiados-en-el-conurbano-saavedra-registro-3-casos-mas-y-puan-tuvo-su-primer-positivo\/#breadcrumb\"},\"inLanguage\":\"es\",\"potentialAction\":[{\"@type\":\"ReadAction\",\"target\":[\"https:\/\/www.celttv.com.ar\/index.php\/2020\/07\/09\/policias-contagiados-en-el-conurbano-saavedra-registro-3-casos-mas-y-puan-tuvo-su-primer-positivo\/\"]}]},{\"@type\":\"BreadcrumbList\",\"@id\":\"https:\/\/www.celttv.com.ar\/index.php\/2020\/07\/09\/policias-contagiados-en-el-conurbano-saavedra-registro-3-casos-mas-y-puan-tuvo-su-primer-positivo\/#breadcrumb\",\"itemListElement\":[{\"@type\":\"ListItem\",\"position\":1,\"name\":\"Inicio\",\"item\":\"https:\/\/www.celttv.com.ar\/\"},{\"@type\":\"ListItem\",\"position\":2,\"name\":\"Polic\u00edas contagiados en el Conurbano: Saavedra registr\u00f3 3 casos m\u00e1s y Puan tuvo su primer positivo\"}]},{\"@type\":\"WebSite\",\"@id\":\"https:\/\/www.celttv.com.ar\/#website\",\"url\":\"https:\/\/www.celttv.com.ar\/\",\"name\":\"CELTTV\",\"description\":\"Cooperativa El\u00e9ctrica de Tornquist\",\"publisher\":{\"@id\":\"https:\/\/www.celttv.com.ar\/#organization\"},\"potentialAction\":[{\"@type\":\"SearchAction\",\"target\":{\"@type\":\"EntryPoint\",\"urlTemplate\":\"https:\/\/www.celttv.com.ar\/?s={search_term_string}\"},\"query-input\":\"required name=search_term_string\"}],\"inLanguage\":\"es\"},{\"@type\":\"Organization\",\"@id\":\"https:\/\/www.celttv.com.ar\/#organization\",\"name\":\"CELTTV\",\"url\":\"https:\/\/www.celttv.com.ar\/\",\"sameAs\":[\"https:\/\/www.youtube.com\/channel\/UCz_oIt8Hig64Ub-EmcNPIhg\",\"https:\/\/www.facebook.com\/celtTV\/\"],\"logo\":{\"@type\":\"ImageObject\",\"inLanguage\":\"es\",\"@id\":\"https:\/\/www.celttv.com.ar\/#\/schema\/logo\/image\/\",\"url\":\"http:\/\/www.celttv.com.ar\/wp-content\/uploads\/2022\/08\/logo-1.png\",\"contentUrl\":\"http:\/\/www.celttv.com.ar\/wp-content\/uploads\/2022\/08\/logo-1.png\",\"width\":461,\"height\":159,\"caption\":\"CELTTV\"},\"image\":{\"@id\":\"https:\/\/www.celttv.com.ar\/#\/schema\/logo\/image\/\"}},{\"@type\":\"Person\",\"@id\":\"https:\/\/www.celttv.com.ar\/#\/schema\/person\/6d99c072dba59953809c81446e9d0ace\",\"name\":\"ulises\",\"image\":{\"@type\":\"ImageObject\",\"inLanguage\":\"es\",\"@id\":\"https:\/\/www.celttv.com.ar\/#\/schema\/person\/image\/\",\"url\":\"https:\/\/secure.gravatar.com\/avatar\/7f2c48bdc33b30088f941fb6082e555f2874c98e20cb159d7b92b50eadfce793?s=96&d=mm&r=g\",\"contentUrl\":\"https:\/\/secure.gravatar.com\/avatar\/7f2c48bdc33b30088f941fb6082e555f2874c98e20cb159d7b92b50eadfce793?s=96&d=mm&r=g\",\"caption\":\"ulises\"},\"sameAs\":[\"http:\/\/www.celttv.com.ar\"]}]}<\/script>\n<!-- \/ Yoast SEO plugin. -->","yoast_head_json":{"title":"Polic\u00edas contagiados en el Conurbano: Saavedra registr\u00f3 3 casos m\u00e1s y Puan tuvo su primer positivo - CELTTV","description":"Sitio web de noticias de la localidad de Tornquist, provincia de Buenos Aires, Rep\u00fablica Argentina. Contenido propio originado por periodistas de CELTTV, el canal de TV local de la Cooperativa El\u00e9ctrica de Tornquist. Turismo, Pol\u00edtica, Sociedad, Deporte, Cultura y todo el contenido de inter\u00e9s general que la gente del pueblo y la regi\u00f3n debe conocer.","robots":{"index":"index","follow":"follow","max-snippet":"max-snippet:-1","max-image-preview":"max-image-preview:large","max-video-preview":"max-video-preview:-1"},"canonical":"https:\/\/www.celttv.com.ar\/index.php\/2020\/07\/09\/policias-contagiados-en-el-conurbano-saavedra-registro-3-casos-mas-y-puan-tuvo-su-primer-positivo\/","og_locale":"es_ES","og_type":"article","og_title":"Polic\u00edas contagiados en el Conurbano: Saavedra registr\u00f3 3 casos m\u00e1s y Puan tuvo su primer positivo - CELTTV","og_description":"Sitio web de noticias de la localidad de Tornquist, provincia de Buenos Aires, Rep\u00fablica Argentina. Contenido propio originado por periodistas de CELTTV, el canal de TV local de la Cooperativa El\u00e9ctrica de Tornquist. Turismo, Pol\u00edtica, Sociedad, Deporte, Cultura y todo el contenido de inter\u00e9s general que la gente del pueblo y la regi\u00f3n debe conocer.","og_url":"https:\/\/www.celttv.com.ar\/index.php\/2020\/07\/09\/policias-contagiados-en-el-conurbano-saavedra-registro-3-casos-mas-y-puan-tuvo-su-primer-positivo\/","og_site_name":"CELTTV","article_publisher":"https:\/\/www.facebook.com\/celtTV\/","article_published_time":"2020-07-09T14:01:27+00:00","og_image":[{"width":919,"height":555,"url":"https:\/\/www.celttv.com.ar\/wp-content\/uploads\/2020\/07\/saavedra-pigue.jpg","type":"image\/jpeg"}],"author":"ulises","twitter_card":"summary_large_image","twitter_misc":{"Escrito por":"ulises","Tiempo de lectura":"1 minuto"},"schema":{"@context":"https:\/\/schema.org","@graph":[{"@type":"NewsArticle","@id":"https:\/\/www.celttv.com.ar\/index.php\/2020\/07\/09\/policias-contagiados-en-el-conurbano-saavedra-registro-3-casos-mas-y-puan-tuvo-su-primer-positivo\/#article","isPartOf":{"@id":"https:\/\/www.celttv.com.ar\/index.php\/2020\/07\/09\/policias-contagiados-en-el-conurbano-saavedra-registro-3-casos-mas-y-puan-tuvo-su-primer-positivo\/"},"author":{"name":"ulises","@id":"https:\/\/www.celttv.com.ar\/#\/schema\/person\/6d99c072dba59953809c81446e9d0ace"},"headline":"Polic\u00edas contagiados en el Conurbano: Saavedra registr\u00f3 3 casos m\u00e1s y Puan tuvo su primer positivo","datePublished":"2020-07-09T14:01:27+00:00","dateModified":"2020-07-09T14:01:27+00:00","mainEntityOfPage":{"@id":"https:\/\/www.celttv.com.ar\/index.php\/2020\/07\/09\/policias-contagiados-en-el-conurbano-saavedra-registro-3-casos-mas-y-puan-tuvo-su-primer-positivo\/"},"wordCount":304,"publisher":{"@id":"https:\/\/www.celttv.com.ar\/#organization"},"articleSection":["Comunidad","Destacadas"],"inLanguage":"es"},{"@type":"WebPage","@id":"https:\/\/www.celttv.com.ar\/index.php\/2020\/07\/09\/policias-contagiados-en-el-conurbano-saavedra-registro-3-casos-mas-y-puan-tuvo-su-primer-positivo\/","url":"https:\/\/www.celttv.com.ar\/index.php\/2020\/07\/09\/policias-contagiados-en-el-conurbano-saavedra-registro-3-casos-mas-y-puan-tuvo-su-primer-positivo\/","name":"Polic\u00edas contagiados en el Conurbano: Saavedra registr\u00f3 3 casos m\u00e1s y Puan tuvo su primer positivo - CELTTV","isPartOf":{"@id":"https:\/\/www.celttv.com.ar\/#website"},"datePublished":"2020-07-09T14:01:27+00:00","dateModified":"2020-07-09T14:01:27+00:00","description":"Sitio web de noticias de la localidad de Tornquist, provincia de Buenos Aires, Rep\u00fablica Argentina. Contenido propio originado por periodistas de CELTTV, el canal de TV local de la Cooperativa El\u00e9ctrica de Tornquist. Turismo, Pol\u00edtica, Sociedad, Deporte, Cultura y todo el contenido de inter\u00e9s general que la gente del pueblo y la regi\u00f3n debe conocer.","breadcrumb":{"@id":"https:\/\/www.celttv.com.ar\/index.php\/2020\/07\/09\/policias-contagiados-en-el-conurbano-saavedra-registro-3-casos-mas-y-puan-tuvo-su-primer-positivo\/#breadcrumb"},"inLanguage":"es","potentialAction":[{"@type":"ReadAction","target":["https:\/\/www.celttv.com.ar\/index.php\/2020\/07\/09\/policias-contagiados-en-el-conurbano-saavedra-registro-3-casos-mas-y-puan-tuvo-su-primer-positivo\/"]}]},{"@type":"BreadcrumbList","@id":"https:\/\/www.celttv.com.ar\/index.php\/2020\/07\/09\/policias-contagiados-en-el-conurbano-saavedra-registro-3-casos-mas-y-puan-tuvo-su-primer-positivo\/#breadcrumb","itemListElement":[{"@type":"ListItem","position":1,"name":"Inicio","item":"https:\/\/www.celttv.com.ar\/"},{"@type":"ListItem","position":2,"name":"Polic\u00edas contagiados en el Conurbano: Saavedra registr\u00f3 3 casos m\u00e1s y Puan tuvo su primer positivo"}]},{"@type":"WebSite","@id":"https:\/\/www.celttv.com.ar\/#website","url":"https:\/\/www.celttv.com.ar\/","name":"CELTTV","description":"Cooperativa El\u00e9ctrica de Tornquist","publisher":{"@id":"https:\/\/www.celttv.com.ar\/#organization"},"potentialAction":[{"@type":"SearchAction","target":{"@type":"EntryPoint","urlTemplate":"https:\/\/www.celttv.com.ar\/?s={search_term_string}"},"query-input":"required name=search_term_string"}],"inLanguage":"es"},{"@type":"Organization","@id":"https:\/\/www.celttv.com.ar\/#organization","name":"CELTTV","url":"https:\/\/www.celttv.com.ar\/","sameAs":["https:\/\/www.youtube.com\/channel\/UCz_oIt8Hig64Ub-EmcNPIhg","https:\/\/www.facebook.com\/celtTV\/"],"logo":{"@type":"ImageObject","inLanguage":"es","@id":"https:\/\/www.celttv.com.ar\/#\/schema\/logo\/image\/","url":"http:\/\/www.celttv.com.ar\/wp-content\/uploads\/2022\/08\/logo-1.png","contentUrl":"http:\/\/www.celttv.com.ar\/wp-content\/uploads\/2022\/08\/logo-1.png","width":461,"height":159,"caption":"CELTTV"},"image":{"@id":"https:\/\/www.celttv.com.ar\/#\/schema\/logo\/image\/"}},{"@type":"Person","@id":"https:\/\/www.celttv.com.ar\/#\/schema\/person\/6d99c072dba59953809c81446e9d0ace","name":"ulises","image":{"@type":"ImageObject","inLanguage":"es","@id":"https:\/\/www.celttv.com.ar\/#\/schema\/person\/image\/","url":"https:\/\/secure.gravatar.com\/avatar\/7f2c48bdc33b30088f941fb6082e555f2874c98e20cb159d7b92b50eadfce793?s=96&d=mm&r=g","contentUrl":"https:\/\/secure.gravatar.com\/avatar\/7f2c48bdc33b30088f941fb6082e555f2874c98e20cb159d7b92b50eadfce793?s=96&d=mm&r=g","caption":"ulises"},"sameAs":["http:\/\/www.celttv.com.ar"]}]}},"_links":{"self":[{"href":"https:\/\/www.celttv.com.ar\/index.php\/wp-json\/wp\/v2\/posts\/50431","targetHints":{"allow":["GET"]}}],"collection":[{"href":"https:\/\/www.celttv.com.ar\/index.php\/wp-json\/wp\/v2\/posts"}],"about":[{"href":"https:\/\/www.celttv.com.ar\/index.php\/wp-json\/wp\/v2\/types\/post"}],"author":[{"embeddable":true,"href":"https:\/\/www.celttv.com.ar\/index.php\/wp-json\/wp\/v2\/users\/1"}],"replies":[{"embeddable":true,"href":"https:\/\/www.celttv.com.ar\/index.php\/wp-json\/wp\/v2\/comments?post=50431"}],"version-history":[{"count":0,"href":"https:\/\/www.celttv.com.ar\/index.php\/wp-json\/wp\/v2\/posts\/50431\/revisions"}],"wp:featuredmedia":[{"embeddable":true,"href":"https:\/\/www.celttv.com.ar\/index.php\/wp-json\/wp\/v2\/media\/50406"}],"wp:attachment":[{"href":"https:\/\/www.celttv.com.ar\/index.php\/wp-json\/wp\/v2\/media?parent=50431"}],"wp:term":[{"taxonomy":"category","embeddable":true,"href":"https:\/\/www.celttv.com.ar\/index.php\/wp-json\/wp\/v2\/categories?post=50431"},{"taxonomy":"post_tag","embeddable":true,"href":"https:\/\/www.celttv.com.ar\/index.php\/wp-json\/wp\/v2\/tags?post=50431"}],"curies":[{"name":"wp","href":"https:\/\/api.w.org\/{rel}","templated":true}]}}