{"id":50441,"date":"2020-07-09T19:02:50","date_gmt":"2020-07-09T19:02:50","guid":{"rendered":"http:\/\/www.celttv.com.ar\/?p=50441"},"modified":"2020-07-09T19:02:50","modified_gmt":"2020-07-09T19:02:50","slug":"tornquist-habla-de-autismo-los-chicos-sumaron-su-arte-al-mural","status":"publish","type":"post","link":"https:\/\/www.celttv.com.ar\/index.php\/2020\/07\/09\/tornquist-habla-de-autismo-los-chicos-sumaron-su-arte-al-mural\/","title":{"rendered":"TORNQUIST HABLA DE AUTISMO: Los chicos sumaron su arte al mural"},"content":{"rendered":"<p>Con la participaci\u00f3n de chicos del distrito, la Agrupaci\u00f3n Tornquist Habla de Autismo, llev\u00f3 a cabo una jornada interactiva donde los peque\u00f1os realizaron dibujos en el mural ubicado en el pared\u00f3n de la casa parroquial.<\/p>\n<p>Es importante recordar, que dicho mural se realiz\u00f3 con la intenci\u00f3n de visualizar el D\u00eda Mundial del Autismo y generar conciencia en toda la comunidad.<\/p>\n<p>Un grupo de familias y profesionales, se unieron para unificar criterios y buscar, como objetivo de m\u00e1xima, conformar una mesa interdisciplinaria en el distrito que permita atender a varios chicos que tienen Trastornos del Espectro Autista (TEA).<\/p>\n<div class=\"jeg_video_container jeg_video_content\"><iframe loading=\"lazy\" title=\"2020 07 09 TORNQUIST HABLA DE AUTISMO 1   CAMILA MASSETTI\" width=\"500\" height=\"281\" src=\"https:\/\/www.youtube.com\/embed\/2oTeuaqsul4?feature=oembed\" frameborder=\"0\" allow=\"accelerometer; autoplay; clipboard-write; encrypted-media; gyroscope; picture-in-picture; web-share\" referrerpolicy=\"strict-origin-when-cross-origin\" allowfullscreen><\/iframe><\/div>\n<div class=\"jeg_video_container jeg_video_content\"><iframe loading=\"lazy\" title=\"2020 07 09 TORNQUIST HABLA DE AUTISMO 2   VERONICA SEPULVEDA\" width=\"500\" height=\"281\" src=\"https:\/\/www.youtube.com\/embed\/B8lE8Z24u3E?feature=oembed\" frameborder=\"0\" allow=\"accelerometer; autoplay; clipboard-write; encrypted-media; gyroscope; picture-in-picture; web-share\" referrerpolicy=\"strict-origin-when-cross-origin\" allowfullscreen><\/iframe><\/div>\n<div class=\"jeg_video_container jeg_video_content\"><iframe loading=\"lazy\" title=\"2020 07 09 TORNQUIST HABLA DE AUTISMO 3   JESICA MOYANO\" width=\"500\" height=\"281\" src=\"https:\/\/www.youtube.com\/embed\/rPA6zgBeRdY?feature=oembed\" frameborder=\"0\" allow=\"accelerometer; autoplay; clipboard-write; encrypted-media; gyroscope; picture-in-picture; web-share\" referrerpolicy=\"strict-origin-when-cross-origin\" allowfullscreen><\/iframe><\/div>\n<p><a href=\"http:\/\/www.celttv.com.ar\/?attachment_id=50442\" rel=\"attachment wp-att-50442\"><img loading=\"lazy\" decoding=\"async\" class=\"alignleft size-full wp-image-50442\" src=\"http:\/\/www.celttv.com.ar\/wp-content\/uploads\/2020\/07\/IMG_20200709_133526778.jpg\" alt=\"\" width=\"2458\" height=\"1844\" srcset=\"https:\/\/www.celttv.com.ar\/wp-content\/uploads\/2020\/07\/IMG_20200709_133526778.jpg 2458w, https:\/\/www.celttv.com.ar\/wp-content\/uploads\/2020\/07\/IMG_20200709_133526778-300x225.jpg 300w, https:\/\/www.celttv.com.ar\/wp-content\/uploads\/2020\/07\/IMG_20200709_133526778-1024x768.jpg 1024w, https:\/\/www.celttv.com.ar\/wp-content\/uploads\/2020\/07\/IMG_20200709_133526778-768x576.jpg 768w, https:\/\/www.celttv.com.ar\/wp-content\/uploads\/2020\/07\/IMG_20200709_133526778-1536x1152.jpg 1536w, https:\/\/www.celttv.com.ar\/wp-content\/uploads\/2020\/07\/IMG_20200709_133526778-2048x1536.jpg 2048w, https:\/\/www.celttv.com.ar\/wp-content\/uploads\/2020\/07\/IMG_20200709_133526778-750x563.jpg 750w, https:\/\/www.celttv.com.ar\/wp-content\/uploads\/2020\/07\/IMG_20200709_133526778-1140x855.jpg 1140w\" sizes=\"auto, (max-width: 2458px) 100vw, 2458px\" \/><\/a> <a href=\"http:\/\/www.celttv.com.ar\/?attachment_id=50443\" rel=\"attachment wp-att-50443\"><img loading=\"lazy\" decoding=\"async\" class=\"alignleft size-medium wp-image-50443\" src=\"http:\/\/www.celttv.com.ar\/wp-content\/uploads\/2020\/07\/IMG_20200709_133537849_HDR.jpg\" alt=\"\" width=\"780\" height=\"585\" srcset=\"https:\/\/www.celttv.com.ar\/wp-content\/uploads\/2020\/07\/IMG_20200709_133537849_HDR.jpg 2458w, https:\/\/www.celttv.com.ar\/wp-content\/uploads\/2020\/07\/IMG_20200709_133537849_HDR-300x225.jpg 300w, https:\/\/www.celttv.com.ar\/wp-content\/uploads\/2020\/07\/IMG_20200709_133537849_HDR-1024x768.jpg 1024w, https:\/\/www.celttv.com.ar\/wp-content\/uploads\/2020\/07\/IMG_20200709_133537849_HDR-768x576.jpg 768w, https:\/\/www.celttv.com.ar\/wp-content\/uploads\/2020\/07\/IMG_20200709_133537849_HDR-1536x1152.jpg 1536w, https:\/\/www.celttv.com.ar\/wp-content\/uploads\/2020\/07\/IMG_20200709_133537849_HDR-2048x1536.jpg 2048w, https:\/\/www.celttv.com.ar\/wp-content\/uploads\/2020\/07\/IMG_20200709_133537849_HDR-750x563.jpg 750w, https:\/\/www.celttv.com.ar\/wp-content\/uploads\/2020\/07\/IMG_20200709_133537849_HDR-1140x855.jpg 1140w\" sizes=\"auto, (max-width: 780px) 100vw, 780px\" \/><\/a> <a href=\"http:\/\/www.celttv.com.ar\/?attachment_id=50444\" rel=\"attachment wp-att-50444\"><img loading=\"lazy\" decoding=\"async\" class=\"alignleft size-medium wp-image-50444\" src=\"http:\/\/www.celttv.com.ar\/wp-content\/uploads\/2020\/07\/IMG_20200709_133632120.jpg\" alt=\"\" width=\"780\" height=\"585\" srcset=\"https:\/\/www.celttv.com.ar\/wp-content\/uploads\/2020\/07\/IMG_20200709_133632120.jpg 2458w, https:\/\/www.celttv.com.ar\/wp-content\/uploads\/2020\/07\/IMG_20200709_133632120-300x225.jpg 300w, https:\/\/www.celttv.com.ar\/wp-content\/uploads\/2020\/07\/IMG_20200709_133632120-1024x768.jpg 1024w, https:\/\/www.celttv.com.ar\/wp-content\/uploads\/2020\/07\/IMG_20200709_133632120-768x576.jpg 768w, https:\/\/www.celttv.com.ar\/wp-content\/uploads\/2020\/07\/IMG_20200709_133632120-1536x1152.jpg 1536w, https:\/\/www.celttv.com.ar\/wp-content\/uploads\/2020\/07\/IMG_20200709_133632120-2048x1536.jpg 2048w, https:\/\/www.celttv.com.ar\/wp-content\/uploads\/2020\/07\/IMG_20200709_133632120-750x563.jpg 750w, https:\/\/www.celttv.com.ar\/wp-content\/uploads\/2020\/07\/IMG_20200709_133632120-1140x855.jpg 1140w\" sizes=\"auto, (max-width: 780px) 100vw, 780px\" \/><\/a> <a href=\"http:\/\/www.celttv.com.ar\/?attachment_id=50445\" rel=\"attachment wp-att-50445\"><img loading=\"lazy\" decoding=\"async\" class=\"alignleft size-medium wp-image-50445\" src=\"http:\/\/www.celttv.com.ar\/wp-content\/uploads\/2020\/07\/IMG_20200709_133640928.jpg\" alt=\"\" width=\"780\" height=\"585\" srcset=\"https:\/\/www.celttv.com.ar\/wp-content\/uploads\/2020\/07\/IMG_20200709_133640928.jpg 2458w, https:\/\/www.celttv.com.ar\/wp-content\/uploads\/2020\/07\/IMG_20200709_133640928-300x225.jpg 300w, https:\/\/www.celttv.com.ar\/wp-content\/uploads\/2020\/07\/IMG_20200709_133640928-1024x768.jpg 1024w, https:\/\/www.celttv.com.ar\/wp-content\/uploads\/2020\/07\/IMG_20200709_133640928-768x576.jpg 768w, https:\/\/www.celttv.com.ar\/wp-content\/uploads\/2020\/07\/IMG_20200709_133640928-1536x1152.jpg 1536w, https:\/\/www.celttv.com.ar\/wp-content\/uploads\/2020\/07\/IMG_20200709_133640928-2048x1536.jpg 2048w, https:\/\/www.celttv.com.ar\/wp-content\/uploads\/2020\/07\/IMG_20200709_133640928-750x563.jpg 750w, https:\/\/www.celttv.com.ar\/wp-content\/uploads\/2020\/07\/IMG_20200709_133640928-1140x855.jpg 1140w\" sizes=\"auto, (max-width: 780px) 100vw, 780px\" \/><\/a> <a href=\"http:\/\/www.celttv.com.ar\/?attachment_id=50446\" rel=\"attachment wp-att-50446\"><img loading=\"lazy\" decoding=\"async\" class=\"alignleft size-medium wp-image-50446\" src=\"http:\/\/www.celttv.com.ar\/wp-content\/uploads\/2020\/07\/IMG_20200709_133702795.jpg\" alt=\"\" width=\"780\" height=\"585\" srcset=\"https:\/\/www.celttv.com.ar\/wp-content\/uploads\/2020\/07\/IMG_20200709_133702795.jpg 2458w, https:\/\/www.celttv.com.ar\/wp-content\/uploads\/2020\/07\/IMG_20200709_133702795-300x225.jpg 300w, https:\/\/www.celttv.com.ar\/wp-content\/uploads\/2020\/07\/IMG_20200709_133702795-1024x768.jpg 1024w, https:\/\/www.celttv.com.ar\/wp-content\/uploads\/2020\/07\/IMG_20200709_133702795-768x576.jpg 768w, https:\/\/www.celttv.com.ar\/wp-content\/uploads\/2020\/07\/IMG_20200709_133702795-1536x1152.jpg 1536w, https:\/\/www.celttv.com.ar\/wp-content\/uploads\/2020\/07\/IMG_20200709_133702795-2048x1536.jpg 2048w, https:\/\/www.celttv.com.ar\/wp-content\/uploads\/2020\/07\/IMG_20200709_133702795-750x563.jpg 750w, https:\/\/www.celttv.com.ar\/wp-content\/uploads\/2020\/07\/IMG_20200709_133702795-1140x855.jpg 1140w\" sizes=\"auto, (max-width: 780px) 100vw, 780px\" \/><\/a> <a href=\"http:\/\/www.celttv.com.ar\/?attachment_id=50447\" rel=\"attachment wp-att-50447\"><img loading=\"lazy\" decoding=\"async\" class=\"alignleft size-medium wp-image-50447\" src=\"http:\/\/www.celttv.com.ar\/wp-content\/uploads\/2020\/07\/IMG_20200709_133729249.jpg\" alt=\"\" width=\"780\" height=\"585\" srcset=\"https:\/\/www.celttv.com.ar\/wp-content\/uploads\/2020\/07\/IMG_20200709_133729249.jpg 2458w, https:\/\/www.celttv.com.ar\/wp-content\/uploads\/2020\/07\/IMG_20200709_133729249-300x225.jpg 300w, https:\/\/www.celttv.com.ar\/wp-content\/uploads\/2020\/07\/IMG_20200709_133729249-1024x768.jpg 1024w, https:\/\/www.celttv.com.ar\/wp-content\/uploads\/2020\/07\/IMG_20200709_133729249-768x576.jpg 768w, https:\/\/www.celttv.com.ar\/wp-content\/uploads\/2020\/07\/IMG_20200709_133729249-1536x1152.jpg 1536w, https:\/\/www.celttv.com.ar\/wp-content\/uploads\/2020\/07\/IMG_20200709_133729249-2048x1536.jpg 2048w, https:\/\/www.celttv.com.ar\/wp-content\/uploads\/2020\/07\/IMG_20200709_133729249-750x563.jpg 750w, https:\/\/www.celttv.com.ar\/wp-content\/uploads\/2020\/07\/IMG_20200709_133729249-1140x855.jpg 1140w\" sizes=\"auto, (max-width: 780px) 100vw, 780px\" \/><\/a> <a href=\"http:\/\/www.celttv.com.ar\/?attachment_id=50448\" rel=\"attachment wp-att-50448\"><img loading=\"lazy\" decoding=\"async\" class=\"alignleft size-medium wp-image-50448\" src=\"http:\/\/www.celttv.com.ar\/wp-content\/uploads\/2020\/07\/IMG_20200709_133855406.jpg\" alt=\"\" width=\"780\" height=\"585\" srcset=\"https:\/\/www.celttv.com.ar\/wp-content\/uploads\/2020\/07\/IMG_20200709_133855406.jpg 2458w, https:\/\/www.celttv.com.ar\/wp-content\/uploads\/2020\/07\/IMG_20200709_133855406-300x225.jpg 300w, https:\/\/www.celttv.com.ar\/wp-content\/uploads\/2020\/07\/IMG_20200709_133855406-1024x768.jpg 1024w, https:\/\/www.celttv.com.ar\/wp-content\/uploads\/2020\/07\/IMG_20200709_133855406-768x576.jpg 768w, https:\/\/www.celttv.com.ar\/wp-content\/uploads\/2020\/07\/IMG_20200709_133855406-1536x1152.jpg 1536w, https:\/\/www.celttv.com.ar\/wp-content\/uploads\/2020\/07\/IMG_20200709_133855406-2048x1536.jpg 2048w, https:\/\/www.celttv.com.ar\/wp-content\/uploads\/2020\/07\/IMG_20200709_133855406-750x563.jpg 750w, https:\/\/www.celttv.com.ar\/wp-content\/uploads\/2020\/07\/IMG_20200709_133855406-1140x855.jpg 1140w\" sizes=\"auto, (max-width: 780px) 100vw, 780px\" \/><\/a> <a href=\"http:\/\/www.celttv.com.ar\/?attachment_id=50449\" rel=\"attachment wp-att-50449\"><img loading=\"lazy\" decoding=\"async\" class=\"alignleft size-medium wp-image-50449\" src=\"http:\/\/www.celttv.com.ar\/wp-content\/uploads\/2020\/07\/IMG_20200709_133901307.jpg\" alt=\"\" width=\"780\" height=\"585\" srcset=\"https:\/\/www.celttv.com.ar\/wp-content\/uploads\/2020\/07\/IMG_20200709_133901307.jpg 2458w, https:\/\/www.celttv.com.ar\/wp-content\/uploads\/2020\/07\/IMG_20200709_133901307-300x225.jpg 300w, https:\/\/www.celttv.com.ar\/wp-content\/uploads\/2020\/07\/IMG_20200709_133901307-1024x768.jpg 1024w, https:\/\/www.celttv.com.ar\/wp-content\/uploads\/2020\/07\/IMG_20200709_133901307-768x576.jpg 768w, https:\/\/www.celttv.com.ar\/wp-content\/uploads\/2020\/07\/IMG_20200709_133901307-1536x1152.jpg 1536w, https:\/\/www.celttv.com.ar\/wp-content\/uploads\/2020\/07\/IMG_20200709_133901307-2048x1536.jpg 2048w, https:\/\/www.celttv.com.ar\/wp-content\/uploads\/2020\/07\/IMG_20200709_133901307-750x563.jpg 750w, https:\/\/www.celttv.com.ar\/wp-content\/uploads\/2020\/07\/IMG_20200709_133901307-1140x855.jpg 1140w\" sizes=\"auto, (max-width: 780px) 100vw, 780px\" \/><\/a> <a href=\"http:\/\/www.celttv.com.ar\/?attachment_id=50450\" rel=\"attachment wp-att-50450\"><img loading=\"lazy\" decoding=\"async\" class=\"alignleft size-medium wp-image-50450\" src=\"http:\/\/www.celttv.com.ar\/wp-content\/uploads\/2020\/07\/IMG_20200709_133909837.jpg\" alt=\"\" width=\"780\" height=\"585\" srcset=\"https:\/\/www.celttv.com.ar\/wp-content\/uploads\/2020\/07\/IMG_20200709_133909837.jpg 2458w, https:\/\/www.celttv.com.ar\/wp-content\/uploads\/2020\/07\/IMG_20200709_133909837-300x225.jpg 300w, https:\/\/www.celttv.com.ar\/wp-content\/uploads\/2020\/07\/IMG_20200709_133909837-1024x768.jpg 1024w, https:\/\/www.celttv.com.ar\/wp-content\/uploads\/2020\/07\/IMG_20200709_133909837-768x576.jpg 768w, https:\/\/www.celttv.com.ar\/wp-content\/uploads\/2020\/07\/IMG_20200709_133909837-1536x1152.jpg 1536w, https:\/\/www.celttv.com.ar\/wp-content\/uploads\/2020\/07\/IMG_20200709_133909837-2048x1536.jpg 2048w, https:\/\/www.celttv.com.ar\/wp-content\/uploads\/2020\/07\/IMG_20200709_133909837-750x563.jpg 750w, https:\/\/www.celttv.com.ar\/wp-content\/uploads\/2020\/07\/IMG_20200709_133909837-1140x855.jpg 1140w\" sizes=\"auto, (max-width: 780px) 100vw, 780px\" \/><\/a> <a href=\"http:\/\/www.celttv.com.ar\/?attachment_id=50451\" rel=\"attachment wp-att-50451\"><img loading=\"lazy\" decoding=\"async\" class=\"alignleft size-medium wp-image-50451\" src=\"http:\/\/www.celttv.com.ar\/wp-content\/uploads\/2020\/07\/IMG_20200709_133915105.jpg\" alt=\"\" width=\"780\" height=\"585\" srcset=\"https:\/\/www.celttv.com.ar\/wp-content\/uploads\/2020\/07\/IMG_20200709_133915105.jpg 2458w, https:\/\/www.celttv.com.ar\/wp-content\/uploads\/2020\/07\/IMG_20200709_133915105-300x225.jpg 300w, https:\/\/www.celttv.com.ar\/wp-content\/uploads\/2020\/07\/IMG_20200709_133915105-1024x768.jpg 1024w, https:\/\/www.celttv.com.ar\/wp-content\/uploads\/2020\/07\/IMG_20200709_133915105-768x576.jpg 768w, https:\/\/www.celttv.com.ar\/wp-content\/uploads\/2020\/07\/IMG_20200709_133915105-1536x1152.jpg 1536w, https:\/\/www.celttv.com.ar\/wp-content\/uploads\/2020\/07\/IMG_20200709_133915105-2048x1536.jpg 2048w, https:\/\/www.celttv.com.ar\/wp-content\/uploads\/2020\/07\/IMG_20200709_133915105-750x563.jpg 750w, https:\/\/www.celttv.com.ar\/wp-content\/uploads\/2020\/07\/IMG_20200709_133915105-1140x855.jpg 1140w\" sizes=\"auto, (max-width: 780px) 100vw, 780px\" \/><\/a> <a href=\"http:\/\/www.celttv.com.ar\/?attachment_id=50452\" rel=\"attachment wp-att-50452\"><img loading=\"lazy\" decoding=\"async\" class=\"alignleft size-medium wp-image-50452\" src=\"http:\/\/www.celttv.com.ar\/wp-content\/uploads\/2020\/07\/IMG_20200709_135545707.jpg\" alt=\"\" width=\"780\" height=\"585\" srcset=\"https:\/\/www.celttv.com.ar\/wp-content\/uploads\/2020\/07\/IMG_20200709_135545707.jpg 2458w, https:\/\/www.celttv.com.ar\/wp-content\/uploads\/2020\/07\/IMG_20200709_135545707-300x225.jpg 300w, https:\/\/www.celttv.com.ar\/wp-content\/uploads\/2020\/07\/IMG_20200709_135545707-1024x768.jpg 1024w, https:\/\/www.celttv.com.ar\/wp-content\/uploads\/2020\/07\/IMG_20200709_135545707-768x576.jpg 768w, https:\/\/www.celttv.com.ar\/wp-content\/uploads\/2020\/07\/IMG_20200709_135545707-1536x1152.jpg 1536w, https:\/\/www.celttv.com.ar\/wp-content\/uploads\/2020\/07\/IMG_20200709_135545707-2048x1536.jpg 2048w, https:\/\/www.celttv.com.ar\/wp-content\/uploads\/2020\/07\/IMG_20200709_135545707-750x563.jpg 750w, https:\/\/www.celttv.com.ar\/wp-content\/uploads\/2020\/07\/IMG_20200709_135545707-1140x855.jpg 1140w\" sizes=\"auto, (max-width: 780px) 100vw, 780px\" \/><\/a> <a href=\"http:\/\/www.celttv.com.ar\/?attachment_id=50453\" rel=\"attachment wp-att-50453\"><img loading=\"lazy\" decoding=\"async\" class=\"alignleft size-medium wp-image-50453\" src=\"http:\/\/www.celttv.com.ar\/wp-content\/uploads\/2020\/07\/IMG_20200709_135619901.jpg\" alt=\"\" width=\"780\" height=\"585\" srcset=\"https:\/\/www.celttv.com.ar\/wp-content\/uploads\/2020\/07\/IMG_20200709_135619901.jpg 2458w, https:\/\/www.celttv.com.ar\/wp-content\/uploads\/2020\/07\/IMG_20200709_135619901-300x225.jpg 300w, https:\/\/www.celttv.com.ar\/wp-content\/uploads\/2020\/07\/IMG_20200709_135619901-1024x768.jpg 1024w, https:\/\/www.celttv.com.ar\/wp-content\/uploads\/2020\/07\/IMG_20200709_135619901-768x576.jpg 768w, https:\/\/www.celttv.com.ar\/wp-content\/uploads\/2020\/07\/IMG_20200709_135619901-1536x1152.jpg 1536w, https:\/\/www.celttv.com.ar\/wp-content\/uploads\/2020\/07\/IMG_20200709_135619901-2048x1536.jpg 2048w, https:\/\/www.celttv.com.ar\/wp-content\/uploads\/2020\/07\/IMG_20200709_135619901-750x563.jpg 750w, https:\/\/www.celttv.com.ar\/wp-content\/uploads\/2020\/07\/IMG_20200709_135619901-1140x855.jpg 1140w\" sizes=\"auto, (max-width: 780px) 100vw, 780px\" \/><\/a> <a href=\"http:\/\/www.celttv.com.ar\/?attachment_id=50454\" rel=\"attachment wp-att-50454\"><img loading=\"lazy\" decoding=\"async\" class=\"alignleft size-medium wp-image-50454\" src=\"http:\/\/www.celttv.com.ar\/wp-content\/uploads\/2020\/07\/IMG_20200709_135630863.jpg\" alt=\"\" width=\"780\" height=\"585\" srcset=\"https:\/\/www.celttv.com.ar\/wp-content\/uploads\/2020\/07\/IMG_20200709_135630863.jpg 2458w, https:\/\/www.celttv.com.ar\/wp-content\/uploads\/2020\/07\/IMG_20200709_135630863-300x225.jpg 300w, https:\/\/www.celttv.com.ar\/wp-content\/uploads\/2020\/07\/IMG_20200709_135630863-1024x768.jpg 1024w, https:\/\/www.celttv.com.ar\/wp-content\/uploads\/2020\/07\/IMG_20200709_135630863-768x576.jpg 768w, https:\/\/www.celttv.com.ar\/wp-content\/uploads\/2020\/07\/IMG_20200709_135630863-1536x1152.jpg 1536w, https:\/\/www.celttv.com.ar\/wp-content\/uploads\/2020\/07\/IMG_20200709_135630863-2048x1536.jpg 2048w, https:\/\/www.celttv.com.ar\/wp-content\/uploads\/2020\/07\/IMG_20200709_135630863-750x563.jpg 750w, https:\/\/www.celttv.com.ar\/wp-content\/uploads\/2020\/07\/IMG_20200709_135630863-1140x855.jpg 1140w\" sizes=\"auto, (max-width: 780px) 100vw, 780px\" \/><\/a> <a href=\"http:\/\/www.celttv.com.ar\/?attachment_id=50455\" rel=\"attachment wp-att-50455\"><img loading=\"lazy\" decoding=\"async\" class=\"alignleft size-medium wp-image-50455\" src=\"http:\/\/www.celttv.com.ar\/wp-content\/uploads\/2020\/07\/IMG_20200709_135637599.jpg\" alt=\"\" width=\"780\" height=\"585\" srcset=\"https:\/\/www.celttv.com.ar\/wp-content\/uploads\/2020\/07\/IMG_20200709_135637599.jpg 2458w, https:\/\/www.celttv.com.ar\/wp-content\/uploads\/2020\/07\/IMG_20200709_135637599-300x225.jpg 300w, https:\/\/www.celttv.com.ar\/wp-content\/uploads\/2020\/07\/IMG_20200709_135637599-1024x768.jpg 1024w, https:\/\/www.celttv.com.ar\/wp-content\/uploads\/2020\/07\/IMG_20200709_135637599-768x576.jpg 768w, https:\/\/www.celttv.com.ar\/wp-content\/uploads\/2020\/07\/IMG_20200709_135637599-1536x1152.jpg 1536w, https:\/\/www.celttv.com.ar\/wp-content\/uploads\/2020\/07\/IMG_20200709_135637599-2048x1536.jpg 2048w, https:\/\/www.celttv.com.ar\/wp-content\/uploads\/2020\/07\/IMG_20200709_135637599-750x563.jpg 750w, https:\/\/www.celttv.com.ar\/wp-content\/uploads\/2020\/07\/IMG_20200709_135637599-1140x855.jpg 1140w\" sizes=\"auto, (max-width: 780px) 100vw, 780px\" \/><\/a><\/p>\n","protected":false},"excerpt":{"rendered":"<p>Con la participaci\u00f3n de chicos del distrito, la Agrupaci\u00f3n Tornquist Habla de Autismo, llev\u00f3 a cabo una jornada interactiva donde los peque\u00f1os realizaron dibujos en el mural ubicado en el pared\u00f3n de la casa parroquial. Es importante recordar, que dicho mural se realiz\u00f3 con la intenci\u00f3n de visualizar el D\u00eda Mundial del Autismo y generar [&hellip;]<\/p>\n","protected":false},"author":1,"featured_media":50444,"comment_status":"closed","ping_status":"open","sticky":false,"template":"","format":"standard","meta":{"footnotes":""},"categories":[54,55,51,52],"tags":[],"class_list":["post-50441","post","type-post","status-publish","format-standard","has-post-thumbnail","hentry","category-atencion-salud","category-celt-tv-noticias","category-comunidad","category-destacadas"],"yoast_head":"<!-- This site is optimized with the Yoast SEO plugin v19.7.1 - https:\/\/yoast.com\/wordpress\/plugins\/seo\/ -->\n<title>TORNQUIST HABLA DE AUTISMO: Los chicos sumaron su arte al mural - CELTTV<\/title>\n<meta name=\"description\" content=\"Sitio web de noticias de la localidad de Tornquist, provincia de Buenos Aires, Rep\u00fablica Argentina. Contenido propio originado por periodistas de CELTTV, el canal de TV local de la Cooperativa El\u00e9ctrica de Tornquist. Turismo, Pol\u00edtica, Sociedad, Deporte, Cultura y todo el contenido de inter\u00e9s general que la gente del pueblo y la regi\u00f3n debe conocer.\" \/>\n<meta name=\"robots\" content=\"index, follow, max-snippet:-1, max-image-preview:large, max-video-preview:-1\" \/>\n<link rel=\"canonical\" href=\"https:\/\/www.celttv.com.ar\/index.php\/2020\/07\/09\/tornquist-habla-de-autismo-los-chicos-sumaron-su-arte-al-mural\/\" \/>\n<meta property=\"og:locale\" content=\"es_ES\" \/>\n<meta property=\"og:type\" content=\"article\" \/>\n<meta property=\"og:title\" content=\"TORNQUIST HABLA DE AUTISMO: Los chicos sumaron su arte al mural - CELTTV\" \/>\n<meta property=\"og:description\" content=\"Sitio web de noticias de la localidad de Tornquist, provincia de Buenos Aires, Rep\u00fablica Argentina. Contenido propio originado por periodistas de CELTTV, el canal de TV local de la Cooperativa El\u00e9ctrica de Tornquist. Turismo, Pol\u00edtica, Sociedad, Deporte, Cultura y todo el contenido de inter\u00e9s general que la gente del pueblo y la regi\u00f3n debe conocer.\" \/>\n<meta property=\"og:url\" content=\"https:\/\/www.celttv.com.ar\/index.php\/2020\/07\/09\/tornquist-habla-de-autismo-los-chicos-sumaron-su-arte-al-mural\/\" \/>\n<meta property=\"og:site_name\" content=\"CELTTV\" \/>\n<meta property=\"article:publisher\" content=\"https:\/\/www.facebook.com\/celtTV\/\" \/>\n<meta property=\"article:published_time\" content=\"2020-07-09T19:02:50+00:00\" \/>\n<meta property=\"og:image\" content=\"https:\/\/www.celttv.com.ar\/wp-content\/uploads\/2020\/07\/IMG_20200709_133632120.jpg\" \/>\n\t<meta property=\"og:image:width\" content=\"2458\" \/>\n\t<meta property=\"og:image:height\" content=\"1844\" \/>\n\t<meta property=\"og:image:type\" content=\"image\/jpeg\" \/>\n<meta name=\"author\" content=\"ulises\" \/>\n<meta name=\"twitter:card\" content=\"summary_large_image\" \/>\n<meta name=\"twitter:label1\" content=\"Escrito por\" \/>\n\t<meta name=\"twitter:data1\" content=\"ulises\" \/>\n\t<meta name=\"twitter:label2\" content=\"Tiempo de lectura\" \/>\n\t<meta name=\"twitter:data2\" content=\"1 minuto\" \/>\n<script type=\"application\/ld+json\" class=\"yoast-schema-graph\">{\"@context\":\"https:\/\/schema.org\",\"@graph\":[{\"@type\":\"NewsArticle\",\"@id\":\"https:\/\/www.celttv.com.ar\/index.php\/2020\/07\/09\/tornquist-habla-de-autismo-los-chicos-sumaron-su-arte-al-mural\/#article\",\"isPartOf\":{\"@id\":\"https:\/\/www.celttv.com.ar\/index.php\/2020\/07\/09\/tornquist-habla-de-autismo-los-chicos-sumaron-su-arte-al-mural\/\"},\"author\":{\"name\":\"ulises\",\"@id\":\"https:\/\/www.celttv.com.ar\/#\/schema\/person\/6d99c072dba59953809c81446e9d0ace\"},\"headline\":\"TORNQUIST HABLA DE AUTISMO: Los chicos sumaron su arte al mural\",\"datePublished\":\"2020-07-09T19:02:50+00:00\",\"dateModified\":\"2020-07-09T19:02:50+00:00\",\"mainEntityOfPage\":{\"@id\":\"https:\/\/www.celttv.com.ar\/index.php\/2020\/07\/09\/tornquist-habla-de-autismo-los-chicos-sumaron-su-arte-al-mural\/\"},\"wordCount\":141,\"publisher\":{\"@id\":\"https:\/\/www.celttv.com.ar\/#organization\"},\"articleSection\":[\"Atenci\u00f3n Salud\",\"Celt TV Noticias\",\"Comunidad\",\"Destacadas\"],\"inLanguage\":\"es\"},{\"@type\":\"WebPage\",\"@id\":\"https:\/\/www.celttv.com.ar\/index.php\/2020\/07\/09\/tornquist-habla-de-autismo-los-chicos-sumaron-su-arte-al-mural\/\",\"url\":\"https:\/\/www.celttv.com.ar\/index.php\/2020\/07\/09\/tornquist-habla-de-autismo-los-chicos-sumaron-su-arte-al-mural\/\",\"name\":\"TORNQUIST HABLA DE AUTISMO: Los chicos sumaron su arte al mural - CELTTV\",\"isPartOf\":{\"@id\":\"https:\/\/www.celttv.com.ar\/#website\"},\"datePublished\":\"2020-07-09T19:02:50+00:00\",\"dateModified\":\"2020-07-09T19:02:50+00:00\",\"description\":\"Sitio web de noticias de la localidad de Tornquist, provincia de Buenos Aires, Rep\u00fablica Argentina. Contenido propio originado por periodistas de CELTTV, el canal de TV local de la Cooperativa El\u00e9ctrica de Tornquist. Turismo, Pol\u00edtica, Sociedad, Deporte, Cultura y todo el contenido de inter\u00e9s general que la gente del pueblo y la regi\u00f3n debe conocer.\",\"breadcrumb\":{\"@id\":\"https:\/\/www.celttv.com.ar\/index.php\/2020\/07\/09\/tornquist-habla-de-autismo-los-chicos-sumaron-su-arte-al-mural\/#breadcrumb\"},\"inLanguage\":\"es\",\"potentialAction\":[{\"@type\":\"ReadAction\",\"target\":[\"https:\/\/www.celttv.com.ar\/index.php\/2020\/07\/09\/tornquist-habla-de-autismo-los-chicos-sumaron-su-arte-al-mural\/\"]}]},{\"@type\":\"BreadcrumbList\",\"@id\":\"https:\/\/www.celttv.com.ar\/index.php\/2020\/07\/09\/tornquist-habla-de-autismo-los-chicos-sumaron-su-arte-al-mural\/#breadcrumb\",\"itemListElement\":[{\"@type\":\"ListItem\",\"position\":1,\"name\":\"Inicio\",\"item\":\"https:\/\/www.celttv.com.ar\/\"},{\"@type\":\"ListItem\",\"position\":2,\"name\":\"TORNQUIST HABLA DE AUTISMO: Los chicos sumaron su arte al mural\"}]},{\"@type\":\"WebSite\",\"@id\":\"https:\/\/www.celttv.com.ar\/#website\",\"url\":\"https:\/\/www.celttv.com.ar\/\",\"name\":\"CELTTV\",\"description\":\"Cooperativa El\u00e9ctrica de Tornquist\",\"publisher\":{\"@id\":\"https:\/\/www.celttv.com.ar\/#organization\"},\"potentialAction\":[{\"@type\":\"SearchAction\",\"target\":{\"@type\":\"EntryPoint\",\"urlTemplate\":\"https:\/\/www.celttv.com.ar\/?s={search_term_string}\"},\"query-input\":\"required name=search_term_string\"}],\"inLanguage\":\"es\"},{\"@type\":\"Organization\",\"@id\":\"https:\/\/www.celttv.com.ar\/#organization\",\"name\":\"CELTTV\",\"url\":\"https:\/\/www.celttv.com.ar\/\",\"sameAs\":[\"https:\/\/www.youtube.com\/channel\/UCz_oIt8Hig64Ub-EmcNPIhg\",\"https:\/\/www.facebook.com\/celtTV\/\"],\"logo\":{\"@type\":\"ImageObject\",\"inLanguage\":\"es\",\"@id\":\"https:\/\/www.celttv.com.ar\/#\/schema\/logo\/image\/\",\"url\":\"http:\/\/www.celttv.com.ar\/wp-content\/uploads\/2022\/08\/logo-1.png\",\"contentUrl\":\"http:\/\/www.celttv.com.ar\/wp-content\/uploads\/2022\/08\/logo-1.png\",\"width\":461,\"height\":159,\"caption\":\"CELTTV\"},\"image\":{\"@id\":\"https:\/\/www.celttv.com.ar\/#\/schema\/logo\/image\/\"}},{\"@type\":\"Person\",\"@id\":\"https:\/\/www.celttv.com.ar\/#\/schema\/person\/6d99c072dba59953809c81446e9d0ace\",\"name\":\"ulises\",\"image\":{\"@type\":\"ImageObject\",\"inLanguage\":\"es\",\"@id\":\"https:\/\/www.celttv.com.ar\/#\/schema\/person\/image\/\",\"url\":\"https:\/\/secure.gravatar.com\/avatar\/7f2c48bdc33b30088f941fb6082e555f2874c98e20cb159d7b92b50eadfce793?s=96&d=mm&r=g\",\"contentUrl\":\"https:\/\/secure.gravatar.com\/avatar\/7f2c48bdc33b30088f941fb6082e555f2874c98e20cb159d7b92b50eadfce793?s=96&d=mm&r=g\",\"caption\":\"ulises\"},\"sameAs\":[\"http:\/\/www.celttv.com.ar\"]}]}<\/script>\n<!-- \/ Yoast SEO plugin. -->","yoast_head_json":{"title":"TORNQUIST HABLA DE AUTISMO: Los chicos sumaron su arte al mural - CELTTV","description":"Sitio web de noticias de la localidad de Tornquist, provincia de Buenos Aires, Rep\u00fablica Argentina. Contenido propio originado por periodistas de CELTTV, el canal de TV local de la Cooperativa El\u00e9ctrica de Tornquist. Turismo, Pol\u00edtica, Sociedad, Deporte, Cultura y todo el contenido de inter\u00e9s general que la gente del pueblo y la regi\u00f3n debe conocer.","robots":{"index":"index","follow":"follow","max-snippet":"max-snippet:-1","max-image-preview":"max-image-preview:large","max-video-preview":"max-video-preview:-1"},"canonical":"https:\/\/www.celttv.com.ar\/index.php\/2020\/07\/09\/tornquist-habla-de-autismo-los-chicos-sumaron-su-arte-al-mural\/","og_locale":"es_ES","og_type":"article","og_title":"TORNQUIST HABLA DE AUTISMO: Los chicos sumaron su arte al mural - CELTTV","og_description":"Sitio web de noticias de la localidad de Tornquist, provincia de Buenos Aires, Rep\u00fablica Argentina. Contenido propio originado por periodistas de CELTTV, el canal de TV local de la Cooperativa El\u00e9ctrica de Tornquist. Turismo, Pol\u00edtica, Sociedad, Deporte, Cultura y todo el contenido de inter\u00e9s general que la gente del pueblo y la regi\u00f3n debe conocer.","og_url":"https:\/\/www.celttv.com.ar\/index.php\/2020\/07\/09\/tornquist-habla-de-autismo-los-chicos-sumaron-su-arte-al-mural\/","og_site_name":"CELTTV","article_publisher":"https:\/\/www.facebook.com\/celtTV\/","article_published_time":"2020-07-09T19:02:50+00:00","og_image":[{"width":2458,"height":1844,"url":"https:\/\/www.celttv.com.ar\/wp-content\/uploads\/2020\/07\/IMG_20200709_133632120.jpg","type":"image\/jpeg"}],"author":"ulises","twitter_card":"summary_large_image","twitter_misc":{"Escrito por":"ulises","Tiempo de lectura":"1 minuto"},"schema":{"@context":"https:\/\/schema.org","@graph":[{"@type":"NewsArticle","@id":"https:\/\/www.celttv.com.ar\/index.php\/2020\/07\/09\/tornquist-habla-de-autismo-los-chicos-sumaron-su-arte-al-mural\/#article","isPartOf":{"@id":"https:\/\/www.celttv.com.ar\/index.php\/2020\/07\/09\/tornquist-habla-de-autismo-los-chicos-sumaron-su-arte-al-mural\/"},"author":{"name":"ulises","@id":"https:\/\/www.celttv.com.ar\/#\/schema\/person\/6d99c072dba59953809c81446e9d0ace"},"headline":"TORNQUIST HABLA DE AUTISMO: Los chicos sumaron su arte al mural","datePublished":"2020-07-09T19:02:50+00:00","dateModified":"2020-07-09T19:02:50+00:00","mainEntityOfPage":{"@id":"https:\/\/www.celttv.com.ar\/index.php\/2020\/07\/09\/tornquist-habla-de-autismo-los-chicos-sumaron-su-arte-al-mural\/"},"wordCount":141,"publisher":{"@id":"https:\/\/www.celttv.com.ar\/#organization"},"articleSection":["Atenci\u00f3n Salud","Celt TV Noticias","Comunidad","Destacadas"],"inLanguage":"es"},{"@type":"WebPage","@id":"https:\/\/www.celttv.com.ar\/index.php\/2020\/07\/09\/tornquist-habla-de-autismo-los-chicos-sumaron-su-arte-al-mural\/","url":"https:\/\/www.celttv.com.ar\/index.php\/2020\/07\/09\/tornquist-habla-de-autismo-los-chicos-sumaron-su-arte-al-mural\/","name":"TORNQUIST HABLA DE AUTISMO: Los chicos sumaron su arte al mural - CELTTV","isPartOf":{"@id":"https:\/\/www.celttv.com.ar\/#website"},"datePublished":"2020-07-09T19:02:50+00:00","dateModified":"2020-07-09T19:02:50+00:00","description":"Sitio web de noticias de la localidad de Tornquist, provincia de Buenos Aires, Rep\u00fablica Argentina. Contenido propio originado por periodistas de CELTTV, el canal de TV local de la Cooperativa El\u00e9ctrica de Tornquist. Turismo, Pol\u00edtica, Sociedad, Deporte, Cultura y todo el contenido de inter\u00e9s general que la gente del pueblo y la regi\u00f3n debe conocer.","breadcrumb":{"@id":"https:\/\/www.celttv.com.ar\/index.php\/2020\/07\/09\/tornquist-habla-de-autismo-los-chicos-sumaron-su-arte-al-mural\/#breadcrumb"},"inLanguage":"es","potentialAction":[{"@type":"ReadAction","target":["https:\/\/www.celttv.com.ar\/index.php\/2020\/07\/09\/tornquist-habla-de-autismo-los-chicos-sumaron-su-arte-al-mural\/"]}]},{"@type":"BreadcrumbList","@id":"https:\/\/www.celttv.com.ar\/index.php\/2020\/07\/09\/tornquist-habla-de-autismo-los-chicos-sumaron-su-arte-al-mural\/#breadcrumb","itemListElement":[{"@type":"ListItem","position":1,"name":"Inicio","item":"https:\/\/www.celttv.com.ar\/"},{"@type":"ListItem","position":2,"name":"TORNQUIST HABLA DE AUTISMO: Los chicos sumaron su arte al mural"}]},{"@type":"WebSite","@id":"https:\/\/www.celttv.com.ar\/#website","url":"https:\/\/www.celttv.com.ar\/","name":"CELTTV","description":"Cooperativa El\u00e9ctrica de Tornquist","publisher":{"@id":"https:\/\/www.celttv.com.ar\/#organization"},"potentialAction":[{"@type":"SearchAction","target":{"@type":"EntryPoint","urlTemplate":"https:\/\/www.celttv.com.ar\/?s={search_term_string}"},"query-input":"required name=search_term_string"}],"inLanguage":"es"},{"@type":"Organization","@id":"https:\/\/www.celttv.com.ar\/#organization","name":"CELTTV","url":"https:\/\/www.celttv.com.ar\/","sameAs":["https:\/\/www.youtube.com\/channel\/UCz_oIt8Hig64Ub-EmcNPIhg","https:\/\/www.facebook.com\/celtTV\/"],"logo":{"@type":"ImageObject","inLanguage":"es","@id":"https:\/\/www.celttv.com.ar\/#\/schema\/logo\/image\/","url":"http:\/\/www.celttv.com.ar\/wp-content\/uploads\/2022\/08\/logo-1.png","contentUrl":"http:\/\/www.celttv.com.ar\/wp-content\/uploads\/2022\/08\/logo-1.png","width":461,"height":159,"caption":"CELTTV"},"image":{"@id":"https:\/\/www.celttv.com.ar\/#\/schema\/logo\/image\/"}},{"@type":"Person","@id":"https:\/\/www.celttv.com.ar\/#\/schema\/person\/6d99c072dba59953809c81446e9d0ace","name":"ulises","image":{"@type":"ImageObject","inLanguage":"es","@id":"https:\/\/www.celttv.com.ar\/#\/schema\/person\/image\/","url":"https:\/\/secure.gravatar.com\/avatar\/7f2c48bdc33b30088f941fb6082e555f2874c98e20cb159d7b92b50eadfce793?s=96&d=mm&r=g","contentUrl":"https:\/\/secure.gravatar.com\/avatar\/7f2c48bdc33b30088f941fb6082e555f2874c98e20cb159d7b92b50eadfce793?s=96&d=mm&r=g","caption":"ulises"},"sameAs":["http:\/\/www.celttv.com.ar"]}]}},"_links":{"self":[{"href":"https:\/\/www.celttv.com.ar\/index.php\/wp-json\/wp\/v2\/posts\/50441","targetHints":{"allow":["GET"]}}],"collection":[{"href":"https:\/\/www.celttv.com.ar\/index.php\/wp-json\/wp\/v2\/posts"}],"about":[{"href":"https:\/\/www.celttv.com.ar\/index.php\/wp-json\/wp\/v2\/types\/post"}],"author":[{"embeddable":true,"href":"https:\/\/www.celttv.com.ar\/index.php\/wp-json\/wp\/v2\/users\/1"}],"replies":[{"embeddable":true,"href":"https:\/\/www.celttv.com.ar\/index.php\/wp-json\/wp\/v2\/comments?post=50441"}],"version-history":[{"count":0,"href":"https:\/\/www.celttv.com.ar\/index.php\/wp-json\/wp\/v2\/posts\/50441\/revisions"}],"wp:featuredmedia":[{"embeddable":true,"href":"https:\/\/www.celttv.com.ar\/index.php\/wp-json\/wp\/v2\/media\/50444"}],"wp:attachment":[{"href":"https:\/\/www.celttv.com.ar\/index.php\/wp-json\/wp\/v2\/media?parent=50441"}],"wp:term":[{"taxonomy":"category","embeddable":true,"href":"https:\/\/www.celttv.com.ar\/index.php\/wp-json\/wp\/v2\/categories?post=50441"},{"taxonomy":"post_tag","embeddable":true,"href":"https:\/\/www.celttv.com.ar\/index.php\/wp-json\/wp\/v2\/tags?post=50441"}],"curies":[{"name":"wp","href":"https:\/\/api.w.org\/{rel}","templated":true}]}}