{"id":50460,"date":"2020-07-10T00:05:34","date_gmt":"2020-07-10T00:05:34","guid":{"rendered":"http:\/\/www.celttv.com.ar\/?p=50460"},"modified":"2020-07-10T00:05:34","modified_gmt":"2020-07-10T00:05:34","slug":"tambien-en-tornquist-productores-y-vecinos-autoconvocados-se-movilizaron-en-rechazo-de-la-cuarentena-y-con-criticas-al-gobierno","status":"publish","type":"post","link":"https:\/\/www.celttv.com.ar\/index.php\/2020\/07\/10\/tambien-en-tornquist-productores-y-vecinos-autoconvocados-se-movilizaron-en-rechazo-de-la-cuarentena-y-con-criticas-al-gobierno\/","title":{"rendered":"Tambi\u00e9n en Tornquist productores y vecinos autoconvocados se movilizaron en rechazo de la cuarentena y con cr\u00edticas al Gobierno"},"content":{"rendered":"<p>Manifestantes autoconvocados se movilizaban esta tarde en la zona del Obelisco y diferentes puntos del pa\u00eds en rechazo al aislamiento social, preventivo y obligatorio y con cr\u00edticas al Gobierno nacional, en coincidencia con el d\u00eda que se celebra un nuevo aniversario de la Independencia.<\/p>\n<p>Motorizada por las redes sociales, la convocatoria incluye protestas contra la &#8220;cuarentena boba&#8221;, &#8220;los ataques al campo&#8221; y &#8220;en defensa de la Justicia y la Constituci\u00f3n&#8221;.<\/p>\n<p>Con epicentro en barrios porte\u00f1os como Belgrano y microcentro, puntualmente el Obelisco, y en distritos del norte bonaerense como Olivos, as\u00ed como en algunas ciudades del interior del pa\u00eds, los manifestantes gritaban consignas anti cuarentena y contra el Gobierno nacional portando banderas argentinas.<\/p>\n<p>En el Obelisco, la manifestaci\u00f3n se torn\u00f3 violenta con periodistas y equipos t\u00e9cnicos del canal C5N, a quienes intentaron proteger comunicadores de otros medios que estaban presentes en el lugar, ante el brutal ataque que recibieron.<\/p>\n<p>&#8220;\u00a1Van a empezar a tener miedo, hijos de puta!&#8221;, grit\u00f3 uno de los manifestantes mientras golpeaba la puerta del m\u00f3vil televisivo, quien fue captado desde dentro del cami\u00f3n por un tel\u00e9fono celular.<\/p>\n<p>Sin respetar la distancia social que dispone el aislamiento y, en algunos casos, sin usar barbijo, todas estas recomendaciones de la Organizaci\u00f3n Mundial de la Salud ante la pandemia, los manifestantes se concentraron para repudiar la continuidad de la cuarentena en el marco de una etapa que se caracteriza por ser estricta en cuanto<\/p>\n<p>a su cumplimiento debido al pico que los contagios vienen registrando.<\/p>\n<p>El \u00faltimo reporte cont\u00f3 1.707 muertes y 47.010 personas con infecci\u00f3n en curso, cifras que de todas formas est\u00e1n por debajo de las que registran pa\u00edses en los que el aislamiento no se dispuso.<\/p>\n<p>Esta semana, la agrupaci\u00f3n &#8220;Campo m\u00e1s Ciudad&#8221; difundi\u00f3 un spot por las redes en las cuales enumeraban las razones de estas marchas que intentan replicar las concentraciones que se produjeron el pasado 20 de junio, en el d\u00eda de la Bandera.<\/p>\n<p>Caravanas de autos caracterizaban la metodolog\u00eda de estas protestas que se realizaron en el centro porte\u00f1o, en cercan\u00edas al Obelisco, en Rosario, C\u00f3rdoba, Mendoza y otras ciudades del pa\u00eds.<\/p>\n<p>En Buenos Aires, algunos manifestantes se congregaron en la esquina de Cabildo y Juramento y frente a la Residencia de Olivos, donde sonaron cacerolas, bocinazos y se reproduc\u00edan consignas contra el aislamiento social y las pol\u00edticas del oficialismo.<\/p>\n<p>Esta semana, el jefe de Gabinete, Santiago Cafiero, expres\u00f3 su preocupaci\u00f3n por &#8220;el cuidado de la salud de los manifestantes y del resto de la gente&#8221; en el marco de la protesta que se convocaba para hoy en momentos en que el foco de contagio de coronavirus aumenta en la regi\u00f3n metropolitana (AMBA).<\/p>\n<p>&#8220;Me preocupa que se realicen manifestaciones sin tener en cuenta el cuidado de la salud&#8221;, se\u00f1al\u00f3 Cafiero, quien advirti\u00f3 que &#8220;en Argentina vivimos en democracia y hay libertad para que se expresen todas las voces, pero quiz\u00e1s haya otros m\u00e9todos para manifestarse en contra del Gobierno y no poner en riesgo su salud y la de los dem\u00e1s&#8221;.<\/p>\n<p>En las redes sociales, organizaciones vinculadas al sector agropecuario y a Juntos por el Cambio junto a grupos autoconvocados opositores al Gobierno convocaron a una protesta denominada &#8216;Banderazo 9J&#8217;, con epicentro en el Obelisco en la ciudad de Buenos Aires.(Telam)<\/p>\n<p><strong>Tornquist<\/strong><\/p>\n<p>Un grupo de productores\u00a0 y vecinos se autoconvocaron este 9 de julio por la tarde en la plaza de nuestra ciudad donde cantaron el himno nacional y marcharon pac\u00edficamente en caravana por calles de la ciudad apoyando un pedido masivo de poder trabajar,poder circular,poder reunirnos, poder expresarnos sin miedos, poder comerciar,poder contar con el congreso,poder contar con la justicia,poder vivir sin impunidad y poder contar con una jubilaci\u00f3n digna.<\/p>\n<p>Informe gentileza NOTICIAS TORNQUIST<\/p>\n<div class=\"text\">\n<p>&nbsp;<\/p>\n<p><iframe loading=\"lazy\" src=\"https:\/\/www.youtube.com\/embed\/4eBNkb2fjqI?feature=youtu\" width=\"560\" height=\"314\" allowfullscreen=\"allowfullscreen\" data-mce-fragment=\"1\"><\/iframe><\/p>\n<\/div>\n<div>\n<p><img decoding=\"async\" src=\"https:\/\/www.noticiastornquist.com.ar\/imagen.php?imagen=\/f12ebd0ecdbe427eb372f63126c0e451.jpg\" \/><\/p>\n<div><\/div>\n<hr \/>\n<p><img decoding=\"async\" src=\"https:\/\/www.noticiastornquist.com.ar\/imagen.php?imagen=\/2f9ec1e884a84265b836e3087a181214.jpg\" \/><\/p>\n<div><\/div>\n<hr \/>\n<p>&nbsp;<\/p>\n<\/div>\n","protected":false},"excerpt":{"rendered":"<p>Manifestantes autoconvocados se movilizaban esta tarde en la zona del Obelisco y diferentes puntos del pa\u00eds en rechazo al aislamiento social, preventivo y obligatorio y con cr\u00edticas al Gobierno nacional, en coincidencia con el d\u00eda que se celebra un nuevo aniversario de la Independencia. Motorizada por las redes sociales, la convocatoria incluye protestas contra la [&hellip;]<\/p>\n","protected":false},"author":1,"featured_media":50463,"comment_status":"closed","ping_status":"open","sticky":false,"template":"","format":"standard","meta":{"footnotes":""},"categories":[51,52],"tags":[],"class_list":["post-50460","post","type-post","status-publish","format-standard","has-post-thumbnail","hentry","category-comunidad","category-destacadas"],"yoast_head":"<!-- This site is optimized with the Yoast SEO plugin v19.7.1 - https:\/\/yoast.com\/wordpress\/plugins\/seo\/ -->\n<title>Tambi\u00e9n en Tornquist productores y vecinos autoconvocados se movilizaron en rechazo de la cuarentena y con cr\u00edticas al Gobierno - CELTTV<\/title>\n<meta name=\"description\" content=\"Sitio web de noticias de la localidad de Tornquist, provincia de Buenos Aires, Rep\u00fablica Argentina. Contenido propio originado por periodistas de CELTTV, el canal de TV local de la Cooperativa El\u00e9ctrica de Tornquist. Turismo, Pol\u00edtica, Sociedad, Deporte, Cultura y todo el contenido de inter\u00e9s general que la gente del pueblo y la regi\u00f3n debe conocer.\" \/>\n<meta name=\"robots\" content=\"index, follow, max-snippet:-1, max-image-preview:large, max-video-preview:-1\" \/>\n<link rel=\"canonical\" href=\"https:\/\/www.celttv.com.ar\/index.php\/2020\/07\/10\/tambien-en-tornquist-productores-y-vecinos-autoconvocados-se-movilizaron-en-rechazo-de-la-cuarentena-y-con-criticas-al-gobierno\/\" \/>\n<meta property=\"og:locale\" content=\"es_ES\" \/>\n<meta property=\"og:type\" content=\"article\" \/>\n<meta property=\"og:title\" content=\"Tambi\u00e9n en Tornquist productores y vecinos autoconvocados se movilizaron en rechazo de la cuarentena y con cr\u00edticas al Gobierno - CELTTV\" \/>\n<meta property=\"og:description\" content=\"Sitio web de noticias de la localidad de Tornquist, provincia de Buenos Aires, Rep\u00fablica Argentina. Contenido propio originado por periodistas de CELTTV, el canal de TV local de la Cooperativa El\u00e9ctrica de Tornquist. Turismo, Pol\u00edtica, Sociedad, Deporte, Cultura y todo el contenido de inter\u00e9s general que la gente del pueblo y la regi\u00f3n debe conocer.\" \/>\n<meta property=\"og:url\" content=\"https:\/\/www.celttv.com.ar\/index.php\/2020\/07\/10\/tambien-en-tornquist-productores-y-vecinos-autoconvocados-se-movilizaron-en-rechazo-de-la-cuarentena-y-con-criticas-al-gobierno\/\" \/>\n<meta property=\"og:site_name\" content=\"CELTTV\" \/>\n<meta property=\"article:publisher\" content=\"https:\/\/www.facebook.com\/celtTV\/\" \/>\n<meta property=\"article:published_time\" content=\"2020-07-10T00:05:34+00:00\" \/>\n<meta property=\"og:image\" content=\"https:\/\/www.celttv.com.ar\/wp-content\/uploads\/2020\/07\/CAMIONETAS.jpg\" \/>\n\t<meta property=\"og:image:width\" content=\"874\" \/>\n\t<meta property=\"og:image:height\" content=\"471\" \/>\n\t<meta property=\"og:image:type\" content=\"image\/jpeg\" \/>\n<meta name=\"author\" content=\"ulises\" \/>\n<meta name=\"twitter:card\" content=\"summary_large_image\" \/>\n<meta name=\"twitter:label1\" content=\"Escrito por\" \/>\n\t<meta name=\"twitter:data1\" content=\"ulises\" \/>\n\t<meta name=\"twitter:label2\" content=\"Tiempo de lectura\" \/>\n\t<meta name=\"twitter:data2\" content=\"3 minutos\" \/>\n<script type=\"application\/ld+json\" class=\"yoast-schema-graph\">{\"@context\":\"https:\/\/schema.org\",\"@graph\":[{\"@type\":\"NewsArticle\",\"@id\":\"https:\/\/www.celttv.com.ar\/index.php\/2020\/07\/10\/tambien-en-tornquist-productores-y-vecinos-autoconvocados-se-movilizaron-en-rechazo-de-la-cuarentena-y-con-criticas-al-gobierno\/#article\",\"isPartOf\":{\"@id\":\"https:\/\/www.celttv.com.ar\/index.php\/2020\/07\/10\/tambien-en-tornquist-productores-y-vecinos-autoconvocados-se-movilizaron-en-rechazo-de-la-cuarentena-y-con-criticas-al-gobierno\/\"},\"author\":{\"name\":\"ulises\",\"@id\":\"https:\/\/www.celttv.com.ar\/#\/schema\/person\/6d99c072dba59953809c81446e9d0ace\"},\"headline\":\"Tambi\u00e9n en Tornquist productores y vecinos autoconvocados se movilizaron en rechazo de la cuarentena y con cr\u00edticas al Gobierno\",\"datePublished\":\"2020-07-10T00:05:34+00:00\",\"dateModified\":\"2020-07-10T00:05:34+00:00\",\"mainEntityOfPage\":{\"@id\":\"https:\/\/www.celttv.com.ar\/index.php\/2020\/07\/10\/tambien-en-tornquist-productores-y-vecinos-autoconvocados-se-movilizaron-en-rechazo-de-la-cuarentena-y-con-criticas-al-gobierno\/\"},\"wordCount\":672,\"publisher\":{\"@id\":\"https:\/\/www.celttv.com.ar\/#organization\"},\"articleSection\":[\"Comunidad\",\"Destacadas\"],\"inLanguage\":\"es\"},{\"@type\":\"WebPage\",\"@id\":\"https:\/\/www.celttv.com.ar\/index.php\/2020\/07\/10\/tambien-en-tornquist-productores-y-vecinos-autoconvocados-se-movilizaron-en-rechazo-de-la-cuarentena-y-con-criticas-al-gobierno\/\",\"url\":\"https:\/\/www.celttv.com.ar\/index.php\/2020\/07\/10\/tambien-en-tornquist-productores-y-vecinos-autoconvocados-se-movilizaron-en-rechazo-de-la-cuarentena-y-con-criticas-al-gobierno\/\",\"name\":\"Tambi\u00e9n en Tornquist productores y vecinos autoconvocados se movilizaron en rechazo de la cuarentena y con cr\u00edticas al Gobierno - CELTTV\",\"isPartOf\":{\"@id\":\"https:\/\/www.celttv.com.ar\/#website\"},\"datePublished\":\"2020-07-10T00:05:34+00:00\",\"dateModified\":\"2020-07-10T00:05:34+00:00\",\"description\":\"Sitio web de noticias de la localidad de Tornquist, provincia de Buenos Aires, Rep\u00fablica Argentina. Contenido propio originado por periodistas de CELTTV, el canal de TV local de la Cooperativa El\u00e9ctrica de Tornquist. Turismo, Pol\u00edtica, Sociedad, Deporte, Cultura y todo el contenido de inter\u00e9s general que la gente del pueblo y la regi\u00f3n debe conocer.\",\"breadcrumb\":{\"@id\":\"https:\/\/www.celttv.com.ar\/index.php\/2020\/07\/10\/tambien-en-tornquist-productores-y-vecinos-autoconvocados-se-movilizaron-en-rechazo-de-la-cuarentena-y-con-criticas-al-gobierno\/#breadcrumb\"},\"inLanguage\":\"es\",\"potentialAction\":[{\"@type\":\"ReadAction\",\"target\":[\"https:\/\/www.celttv.com.ar\/index.php\/2020\/07\/10\/tambien-en-tornquist-productores-y-vecinos-autoconvocados-se-movilizaron-en-rechazo-de-la-cuarentena-y-con-criticas-al-gobierno\/\"]}]},{\"@type\":\"BreadcrumbList\",\"@id\":\"https:\/\/www.celttv.com.ar\/index.php\/2020\/07\/10\/tambien-en-tornquist-productores-y-vecinos-autoconvocados-se-movilizaron-en-rechazo-de-la-cuarentena-y-con-criticas-al-gobierno\/#breadcrumb\",\"itemListElement\":[{\"@type\":\"ListItem\",\"position\":1,\"name\":\"Inicio\",\"item\":\"https:\/\/www.celttv.com.ar\/\"},{\"@type\":\"ListItem\",\"position\":2,\"name\":\"Tambi\u00e9n en Tornquist productores y vecinos autoconvocados se movilizaron en rechazo de la cuarentena y con cr\u00edticas al Gobierno\"}]},{\"@type\":\"WebSite\",\"@id\":\"https:\/\/www.celttv.com.ar\/#website\",\"url\":\"https:\/\/www.celttv.com.ar\/\",\"name\":\"CELTTV\",\"description\":\"Cooperativa El\u00e9ctrica de Tornquist\",\"publisher\":{\"@id\":\"https:\/\/www.celttv.com.ar\/#organization\"},\"potentialAction\":[{\"@type\":\"SearchAction\",\"target\":{\"@type\":\"EntryPoint\",\"urlTemplate\":\"https:\/\/www.celttv.com.ar\/?s={search_term_string}\"},\"query-input\":\"required name=search_term_string\"}],\"inLanguage\":\"es\"},{\"@type\":\"Organization\",\"@id\":\"https:\/\/www.celttv.com.ar\/#organization\",\"name\":\"CELTTV\",\"url\":\"https:\/\/www.celttv.com.ar\/\",\"sameAs\":[\"https:\/\/www.youtube.com\/channel\/UCz_oIt8Hig64Ub-EmcNPIhg\",\"https:\/\/www.facebook.com\/celtTV\/\"],\"logo\":{\"@type\":\"ImageObject\",\"inLanguage\":\"es\",\"@id\":\"https:\/\/www.celttv.com.ar\/#\/schema\/logo\/image\/\",\"url\":\"http:\/\/www.celttv.com.ar\/wp-content\/uploads\/2022\/08\/logo-1.png\",\"contentUrl\":\"http:\/\/www.celttv.com.ar\/wp-content\/uploads\/2022\/08\/logo-1.png\",\"width\":461,\"height\":159,\"caption\":\"CELTTV\"},\"image\":{\"@id\":\"https:\/\/www.celttv.com.ar\/#\/schema\/logo\/image\/\"}},{\"@type\":\"Person\",\"@id\":\"https:\/\/www.celttv.com.ar\/#\/schema\/person\/6d99c072dba59953809c81446e9d0ace\",\"name\":\"ulises\",\"image\":{\"@type\":\"ImageObject\",\"inLanguage\":\"es\",\"@id\":\"https:\/\/www.celttv.com.ar\/#\/schema\/person\/image\/\",\"url\":\"https:\/\/secure.gravatar.com\/avatar\/7f2c48bdc33b30088f941fb6082e555f2874c98e20cb159d7b92b50eadfce793?s=96&d=mm&r=g\",\"contentUrl\":\"https:\/\/secure.gravatar.com\/avatar\/7f2c48bdc33b30088f941fb6082e555f2874c98e20cb159d7b92b50eadfce793?s=96&d=mm&r=g\",\"caption\":\"ulises\"},\"sameAs\":[\"http:\/\/www.celttv.com.ar\"]}]}<\/script>\n<!-- \/ Yoast SEO plugin. -->","yoast_head_json":{"title":"Tambi\u00e9n en Tornquist productores y vecinos autoconvocados se movilizaron en rechazo de la cuarentena y con cr\u00edticas al Gobierno - CELTTV","description":"Sitio web de noticias de la localidad de Tornquist, provincia de Buenos Aires, Rep\u00fablica Argentina. Contenido propio originado por periodistas de CELTTV, el canal de TV local de la Cooperativa El\u00e9ctrica de Tornquist. Turismo, Pol\u00edtica, Sociedad, Deporte, Cultura y todo el contenido de inter\u00e9s general que la gente del pueblo y la regi\u00f3n debe conocer.","robots":{"index":"index","follow":"follow","max-snippet":"max-snippet:-1","max-image-preview":"max-image-preview:large","max-video-preview":"max-video-preview:-1"},"canonical":"https:\/\/www.celttv.com.ar\/index.php\/2020\/07\/10\/tambien-en-tornquist-productores-y-vecinos-autoconvocados-se-movilizaron-en-rechazo-de-la-cuarentena-y-con-criticas-al-gobierno\/","og_locale":"es_ES","og_type":"article","og_title":"Tambi\u00e9n en Tornquist productores y vecinos autoconvocados se movilizaron en rechazo de la cuarentena y con cr\u00edticas al Gobierno - CELTTV","og_description":"Sitio web de noticias de la localidad de Tornquist, provincia de Buenos Aires, Rep\u00fablica Argentina. Contenido propio originado por periodistas de CELTTV, el canal de TV local de la Cooperativa El\u00e9ctrica de Tornquist. Turismo, Pol\u00edtica, Sociedad, Deporte, Cultura y todo el contenido de inter\u00e9s general que la gente del pueblo y la regi\u00f3n debe conocer.","og_url":"https:\/\/www.celttv.com.ar\/index.php\/2020\/07\/10\/tambien-en-tornquist-productores-y-vecinos-autoconvocados-se-movilizaron-en-rechazo-de-la-cuarentena-y-con-criticas-al-gobierno\/","og_site_name":"CELTTV","article_publisher":"https:\/\/www.facebook.com\/celtTV\/","article_published_time":"2020-07-10T00:05:34+00:00","og_image":[{"width":874,"height":471,"url":"https:\/\/www.celttv.com.ar\/wp-content\/uploads\/2020\/07\/CAMIONETAS.jpg","type":"image\/jpeg"}],"author":"ulises","twitter_card":"summary_large_image","twitter_misc":{"Escrito por":"ulises","Tiempo de lectura":"3 minutos"},"schema":{"@context":"https:\/\/schema.org","@graph":[{"@type":"NewsArticle","@id":"https:\/\/www.celttv.com.ar\/index.php\/2020\/07\/10\/tambien-en-tornquist-productores-y-vecinos-autoconvocados-se-movilizaron-en-rechazo-de-la-cuarentena-y-con-criticas-al-gobierno\/#article","isPartOf":{"@id":"https:\/\/www.celttv.com.ar\/index.php\/2020\/07\/10\/tambien-en-tornquist-productores-y-vecinos-autoconvocados-se-movilizaron-en-rechazo-de-la-cuarentena-y-con-criticas-al-gobierno\/"},"author":{"name":"ulises","@id":"https:\/\/www.celttv.com.ar\/#\/schema\/person\/6d99c072dba59953809c81446e9d0ace"},"headline":"Tambi\u00e9n en Tornquist productores y vecinos autoconvocados se movilizaron en rechazo de la cuarentena y con cr\u00edticas al Gobierno","datePublished":"2020-07-10T00:05:34+00:00","dateModified":"2020-07-10T00:05:34+00:00","mainEntityOfPage":{"@id":"https:\/\/www.celttv.com.ar\/index.php\/2020\/07\/10\/tambien-en-tornquist-productores-y-vecinos-autoconvocados-se-movilizaron-en-rechazo-de-la-cuarentena-y-con-criticas-al-gobierno\/"},"wordCount":672,"publisher":{"@id":"https:\/\/www.celttv.com.ar\/#organization"},"articleSection":["Comunidad","Destacadas"],"inLanguage":"es"},{"@type":"WebPage","@id":"https:\/\/www.celttv.com.ar\/index.php\/2020\/07\/10\/tambien-en-tornquist-productores-y-vecinos-autoconvocados-se-movilizaron-en-rechazo-de-la-cuarentena-y-con-criticas-al-gobierno\/","url":"https:\/\/www.celttv.com.ar\/index.php\/2020\/07\/10\/tambien-en-tornquist-productores-y-vecinos-autoconvocados-se-movilizaron-en-rechazo-de-la-cuarentena-y-con-criticas-al-gobierno\/","name":"Tambi\u00e9n en Tornquist productores y vecinos autoconvocados se movilizaron en rechazo de la cuarentena y con cr\u00edticas al Gobierno - CELTTV","isPartOf":{"@id":"https:\/\/www.celttv.com.ar\/#website"},"datePublished":"2020-07-10T00:05:34+00:00","dateModified":"2020-07-10T00:05:34+00:00","description":"Sitio web de noticias de la localidad de Tornquist, provincia de Buenos Aires, Rep\u00fablica Argentina. Contenido propio originado por periodistas de CELTTV, el canal de TV local de la Cooperativa El\u00e9ctrica de Tornquist. Turismo, Pol\u00edtica, Sociedad, Deporte, Cultura y todo el contenido de inter\u00e9s general que la gente del pueblo y la regi\u00f3n debe conocer.","breadcrumb":{"@id":"https:\/\/www.celttv.com.ar\/index.php\/2020\/07\/10\/tambien-en-tornquist-productores-y-vecinos-autoconvocados-se-movilizaron-en-rechazo-de-la-cuarentena-y-con-criticas-al-gobierno\/#breadcrumb"},"inLanguage":"es","potentialAction":[{"@type":"ReadAction","target":["https:\/\/www.celttv.com.ar\/index.php\/2020\/07\/10\/tambien-en-tornquist-productores-y-vecinos-autoconvocados-se-movilizaron-en-rechazo-de-la-cuarentena-y-con-criticas-al-gobierno\/"]}]},{"@type":"BreadcrumbList","@id":"https:\/\/www.celttv.com.ar\/index.php\/2020\/07\/10\/tambien-en-tornquist-productores-y-vecinos-autoconvocados-se-movilizaron-en-rechazo-de-la-cuarentena-y-con-criticas-al-gobierno\/#breadcrumb","itemListElement":[{"@type":"ListItem","position":1,"name":"Inicio","item":"https:\/\/www.celttv.com.ar\/"},{"@type":"ListItem","position":2,"name":"Tambi\u00e9n en Tornquist productores y vecinos autoconvocados se movilizaron en rechazo de la cuarentena y con cr\u00edticas al Gobierno"}]},{"@type":"WebSite","@id":"https:\/\/www.celttv.com.ar\/#website","url":"https:\/\/www.celttv.com.ar\/","name":"CELTTV","description":"Cooperativa El\u00e9ctrica de Tornquist","publisher":{"@id":"https:\/\/www.celttv.com.ar\/#organization"},"potentialAction":[{"@type":"SearchAction","target":{"@type":"EntryPoint","urlTemplate":"https:\/\/www.celttv.com.ar\/?s={search_term_string}"},"query-input":"required name=search_term_string"}],"inLanguage":"es"},{"@type":"Organization","@id":"https:\/\/www.celttv.com.ar\/#organization","name":"CELTTV","url":"https:\/\/www.celttv.com.ar\/","sameAs":["https:\/\/www.youtube.com\/channel\/UCz_oIt8Hig64Ub-EmcNPIhg","https:\/\/www.facebook.com\/celtTV\/"],"logo":{"@type":"ImageObject","inLanguage":"es","@id":"https:\/\/www.celttv.com.ar\/#\/schema\/logo\/image\/","url":"http:\/\/www.celttv.com.ar\/wp-content\/uploads\/2022\/08\/logo-1.png","contentUrl":"http:\/\/www.celttv.com.ar\/wp-content\/uploads\/2022\/08\/logo-1.png","width":461,"height":159,"caption":"CELTTV"},"image":{"@id":"https:\/\/www.celttv.com.ar\/#\/schema\/logo\/image\/"}},{"@type":"Person","@id":"https:\/\/www.celttv.com.ar\/#\/schema\/person\/6d99c072dba59953809c81446e9d0ace","name":"ulises","image":{"@type":"ImageObject","inLanguage":"es","@id":"https:\/\/www.celttv.com.ar\/#\/schema\/person\/image\/","url":"https:\/\/secure.gravatar.com\/avatar\/7f2c48bdc33b30088f941fb6082e555f2874c98e20cb159d7b92b50eadfce793?s=96&d=mm&r=g","contentUrl":"https:\/\/secure.gravatar.com\/avatar\/7f2c48bdc33b30088f941fb6082e555f2874c98e20cb159d7b92b50eadfce793?s=96&d=mm&r=g","caption":"ulises"},"sameAs":["http:\/\/www.celttv.com.ar"]}]}},"_links":{"self":[{"href":"https:\/\/www.celttv.com.ar\/index.php\/wp-json\/wp\/v2\/posts\/50460","targetHints":{"allow":["GET"]}}],"collection":[{"href":"https:\/\/www.celttv.com.ar\/index.php\/wp-json\/wp\/v2\/posts"}],"about":[{"href":"https:\/\/www.celttv.com.ar\/index.php\/wp-json\/wp\/v2\/types\/post"}],"author":[{"embeddable":true,"href":"https:\/\/www.celttv.com.ar\/index.php\/wp-json\/wp\/v2\/users\/1"}],"replies":[{"embeddable":true,"href":"https:\/\/www.celttv.com.ar\/index.php\/wp-json\/wp\/v2\/comments?post=50460"}],"version-history":[{"count":0,"href":"https:\/\/www.celttv.com.ar\/index.php\/wp-json\/wp\/v2\/posts\/50460\/revisions"}],"wp:featuredmedia":[{"embeddable":true,"href":"https:\/\/www.celttv.com.ar\/index.php\/wp-json\/wp\/v2\/media\/50463"}],"wp:attachment":[{"href":"https:\/\/www.celttv.com.ar\/index.php\/wp-json\/wp\/v2\/media?parent=50460"}],"wp:term":[{"taxonomy":"category","embeddable":true,"href":"https:\/\/www.celttv.com.ar\/index.php\/wp-json\/wp\/v2\/categories?post=50460"},{"taxonomy":"post_tag","embeddable":true,"href":"https:\/\/www.celttv.com.ar\/index.php\/wp-json\/wp\/v2\/tags?post=50460"}],"curies":[{"name":"wp","href":"https:\/\/api.w.org\/{rel}","templated":true}]}}