{"id":50473,"date":"2020-07-11T22:03:07","date_gmt":"2020-07-11T22:03:07","guid":{"rendered":"http:\/\/www.celttv.com.ar\/?p=50473"},"modified":"2020-07-11T22:03:07","modified_gmt":"2020-07-11T22:03:07","slug":"amplia-moratoria-de-afip-y-arba-se-amplian-los-creditos-a-tasa-0-y-la-linea-anunciada-por-el-gobierno-provincial","status":"publish","type":"post","link":"https:\/\/www.celttv.com.ar\/index.php\/2020\/07\/11\/amplia-moratoria-de-afip-y-arba-se-amplian-los-creditos-a-tasa-0-y-la-linea-anunciada-por-el-gobierno-provincial\/","title":{"rendered":"&#8220;Amplia Moratoria de AFIP. y ARBA., se amplian los cr\u00e9ditos a tasa 0 y la linea anunciada por el gobierno provincial&#8221;"},"content":{"rendered":"<p>Sobre la amplia Moratoria implementada por AFIP. al igual que ARBA. a nivel provincial, la ampliaci\u00f3n de la operatoria de los cr\u00e9ditos tasa 0 y la lineas de cr\u00e9ditos para pymes anunciada por la provincia, consultamos al contador Gabriel Artola quien brind\u00f3 detalles sobre la implementaci\u00f3n de cada anuncio y las gestiones que cada contribuyente debe realizar.<\/p>\n<p>&#8220;En los \u00faltimos d\u00edas hubo varias novedades tanto en lo que respecta a la AFIP. respecto a los impuestos nacionales. En este aspecto se ha realizado un nueva moratoria que alcanza a todos los contribuyentes&#8221; se\u00f1al\u00f3 Artola.<\/p>\n<p>Sostuvo que esta moratoria abarca desde el peque\u00f1o o mediano contribuyente hasta las grandes empresas y se podr\u00e1n refinanciar deudas impagas por parte de todos los contribuyentes, incluyendo deudas vencidas el 30 de junio.<\/p>\n<p>Tambi\u00e9n adelant\u00f3 que habr\u00e1 un plazo de gracia y que el contribuyente no tendr\u00e1 que abonar ning\u00fan tipo de anticipo para ingresar en el mencionado plan a la vez que habr\u00e1 condonaci\u00f3n de intereses y los plazos ser\u00e1n de hasta 120 meses.<\/p>\n<p>El contador Artola tambi\u00e9n se refiri\u00f3 a la flexibilizaci\u00f3n\u00a0 de la operatoria para poder acceder a los cr\u00e9ditos tasa cero y tambi\u00e9n se refiri\u00f3 a la amplia moratoria anunciada por ARBA. que alcanza a todos los tributos provinciales.<\/p>\n<p>Respecto al \u00e1mbito provincial Artola tambi\u00e9n se refiri\u00f3 a la nueva l\u00ednea de cr\u00e9ditos anunciada por el gobierno provincial para la incorporaci\u00f3n de bienes de capital tanto nuevos como usados y con una financiaci\u00f3n del 100% del bien adquirido.<\/p>\n<p><a href=\"https:\/\/youtu.be\/KomwEQXGiXM\"><strong>AQUI NOTA COMPLETA EN VIDEO<\/strong><\/a><\/p>\n<p>&nbsp;<\/p>\n<p>&nbsp;<\/p>\n","protected":false},"excerpt":{"rendered":"<p>Sobre la amplia Moratoria implementada por AFIP. al igual que ARBA. a nivel provincial, la ampliaci\u00f3n de la operatoria de los cr\u00e9ditos tasa 0 y la lineas de cr\u00e9ditos para pymes anunciada por la provincia, consultamos al contador Gabriel Artola quien brind\u00f3 detalles sobre la implementaci\u00f3n de cada anuncio y las gestiones que cada contribuyente [&hellip;]<\/p>\n","protected":false},"author":1,"featured_media":50474,"comment_status":"closed","ping_status":"open","sticky":false,"template":"","format":"standard","meta":{"footnotes":""},"categories":[51,52],"tags":[],"class_list":["post-50473","post","type-post","status-publish","format-standard","has-post-thumbnail","hentry","category-comunidad","category-destacadas"],"yoast_head":"<!-- This site is optimized with the Yoast SEO plugin v19.7.1 - https:\/\/yoast.com\/wordpress\/plugins\/seo\/ -->\n<title>&quot;Amplia Moratoria de AFIP. y ARBA., se amplian los cr\u00e9ditos a tasa 0 y la linea anunciada por el gobierno provincial&quot; - CELTTV<\/title>\n<meta name=\"description\" content=\"Sitio web de noticias de la localidad de Tornquist, provincia de Buenos Aires, Rep\u00fablica Argentina. Contenido propio originado por periodistas de CELTTV, el canal de TV local de la Cooperativa El\u00e9ctrica de Tornquist. Turismo, Pol\u00edtica, Sociedad, Deporte, Cultura y todo el contenido de inter\u00e9s general que la gente del pueblo y la regi\u00f3n debe conocer.\" \/>\n<meta name=\"robots\" content=\"index, follow, max-snippet:-1, max-image-preview:large, max-video-preview:-1\" \/>\n<link rel=\"canonical\" href=\"https:\/\/www.celttv.com.ar\/index.php\/2020\/07\/11\/amplia-moratoria-de-afip-y-arba-se-amplian-los-creditos-a-tasa-0-y-la-linea-anunciada-por-el-gobierno-provincial\/\" \/>\n<meta property=\"og:locale\" content=\"es_ES\" \/>\n<meta property=\"og:type\" content=\"article\" \/>\n<meta property=\"og:title\" content=\"&quot;Amplia Moratoria de AFIP. y ARBA., se amplian los cr\u00e9ditos a tasa 0 y la linea anunciada por el gobierno provincial&quot; - CELTTV\" \/>\n<meta property=\"og:description\" content=\"Sitio web de noticias de la localidad de Tornquist, provincia de Buenos Aires, Rep\u00fablica Argentina. Contenido propio originado por periodistas de CELTTV, el canal de TV local de la Cooperativa El\u00e9ctrica de Tornquist. Turismo, Pol\u00edtica, Sociedad, Deporte, Cultura y todo el contenido de inter\u00e9s general que la gente del pueblo y la regi\u00f3n debe conocer.\" \/>\n<meta property=\"og:url\" content=\"https:\/\/www.celttv.com.ar\/index.php\/2020\/07\/11\/amplia-moratoria-de-afip-y-arba-se-amplian-los-creditos-a-tasa-0-y-la-linea-anunciada-por-el-gobierno-provincial\/\" \/>\n<meta property=\"og:site_name\" content=\"CELTTV\" \/>\n<meta property=\"article:publisher\" content=\"https:\/\/www.facebook.com\/celtTV\/\" \/>\n<meta property=\"article:published_time\" content=\"2020-07-11T22:03:07+00:00\" \/>\n<meta property=\"og:image\" content=\"https:\/\/www.celttv.com.ar\/wp-content\/uploads\/2020\/07\/ARTOLA.jpg\" \/>\n\t<meta property=\"og:image:width\" content=\"697\" \/>\n\t<meta property=\"og:image:height\" content=\"423\" \/>\n\t<meta property=\"og:image:type\" content=\"image\/jpeg\" \/>\n<meta name=\"author\" content=\"ulises\" \/>\n<meta name=\"twitter:card\" content=\"summary_large_image\" \/>\n<meta name=\"twitter:label1\" content=\"Escrito por\" \/>\n\t<meta name=\"twitter:data1\" content=\"ulises\" \/>\n\t<meta name=\"twitter:label2\" content=\"Tiempo de lectura\" \/>\n\t<meta name=\"twitter:data2\" content=\"1 minuto\" \/>\n<script type=\"application\/ld+json\" class=\"yoast-schema-graph\">{\"@context\":\"https:\/\/schema.org\",\"@graph\":[{\"@type\":\"NewsArticle\",\"@id\":\"https:\/\/www.celttv.com.ar\/index.php\/2020\/07\/11\/amplia-moratoria-de-afip-y-arba-se-amplian-los-creditos-a-tasa-0-y-la-linea-anunciada-por-el-gobierno-provincial\/#article\",\"isPartOf\":{\"@id\":\"https:\/\/www.celttv.com.ar\/index.php\/2020\/07\/11\/amplia-moratoria-de-afip-y-arba-se-amplian-los-creditos-a-tasa-0-y-la-linea-anunciada-por-el-gobierno-provincial\/\"},\"author\":{\"name\":\"ulises\",\"@id\":\"https:\/\/www.celttv.com.ar\/#\/schema\/person\/6d99c072dba59953809c81446e9d0ace\"},\"headline\":\"&#8220;Amplia Moratoria de AFIP. y ARBA., se amplian los cr\u00e9ditos a tasa 0 y la linea anunciada por el gobierno provincial&#8221;\",\"datePublished\":\"2020-07-11T22:03:07+00:00\",\"dateModified\":\"2020-07-11T22:03:07+00:00\",\"mainEntityOfPage\":{\"@id\":\"https:\/\/www.celttv.com.ar\/index.php\/2020\/07\/11\/amplia-moratoria-de-afip-y-arba-se-amplian-los-creditos-a-tasa-0-y-la-linea-anunciada-por-el-gobierno-provincial\/\"},\"wordCount\":292,\"publisher\":{\"@id\":\"https:\/\/www.celttv.com.ar\/#organization\"},\"articleSection\":[\"Comunidad\",\"Destacadas\"],\"inLanguage\":\"es\"},{\"@type\":\"WebPage\",\"@id\":\"https:\/\/www.celttv.com.ar\/index.php\/2020\/07\/11\/amplia-moratoria-de-afip-y-arba-se-amplian-los-creditos-a-tasa-0-y-la-linea-anunciada-por-el-gobierno-provincial\/\",\"url\":\"https:\/\/www.celttv.com.ar\/index.php\/2020\/07\/11\/amplia-moratoria-de-afip-y-arba-se-amplian-los-creditos-a-tasa-0-y-la-linea-anunciada-por-el-gobierno-provincial\/\",\"name\":\"\\\"Amplia Moratoria de AFIP. y ARBA., se amplian los cr\u00e9ditos a tasa 0 y la linea anunciada por el gobierno provincial\\\" - CELTTV\",\"isPartOf\":{\"@id\":\"https:\/\/www.celttv.com.ar\/#website\"},\"datePublished\":\"2020-07-11T22:03:07+00:00\",\"dateModified\":\"2020-07-11T22:03:07+00:00\",\"description\":\"Sitio web de noticias de la localidad de Tornquist, provincia de Buenos Aires, Rep\u00fablica Argentina. Contenido propio originado por periodistas de CELTTV, el canal de TV local de la Cooperativa El\u00e9ctrica de Tornquist. Turismo, Pol\u00edtica, Sociedad, Deporte, Cultura y todo el contenido de inter\u00e9s general que la gente del pueblo y la regi\u00f3n debe conocer.\",\"breadcrumb\":{\"@id\":\"https:\/\/www.celttv.com.ar\/index.php\/2020\/07\/11\/amplia-moratoria-de-afip-y-arba-se-amplian-los-creditos-a-tasa-0-y-la-linea-anunciada-por-el-gobierno-provincial\/#breadcrumb\"},\"inLanguage\":\"es\",\"potentialAction\":[{\"@type\":\"ReadAction\",\"target\":[\"https:\/\/www.celttv.com.ar\/index.php\/2020\/07\/11\/amplia-moratoria-de-afip-y-arba-se-amplian-los-creditos-a-tasa-0-y-la-linea-anunciada-por-el-gobierno-provincial\/\"]}]},{\"@type\":\"BreadcrumbList\",\"@id\":\"https:\/\/www.celttv.com.ar\/index.php\/2020\/07\/11\/amplia-moratoria-de-afip-y-arba-se-amplian-los-creditos-a-tasa-0-y-la-linea-anunciada-por-el-gobierno-provincial\/#breadcrumb\",\"itemListElement\":[{\"@type\":\"ListItem\",\"position\":1,\"name\":\"Inicio\",\"item\":\"https:\/\/www.celttv.com.ar\/\"},{\"@type\":\"ListItem\",\"position\":2,\"name\":\"&#8220;Amplia Moratoria de AFIP. y ARBA., se amplian los cr\u00e9ditos a tasa 0 y la linea anunciada por el gobierno provincial&#8221;\"}]},{\"@type\":\"WebSite\",\"@id\":\"https:\/\/www.celttv.com.ar\/#website\",\"url\":\"https:\/\/www.celttv.com.ar\/\",\"name\":\"CELTTV\",\"description\":\"Cooperativa El\u00e9ctrica de Tornquist\",\"publisher\":{\"@id\":\"https:\/\/www.celttv.com.ar\/#organization\"},\"potentialAction\":[{\"@type\":\"SearchAction\",\"target\":{\"@type\":\"EntryPoint\",\"urlTemplate\":\"https:\/\/www.celttv.com.ar\/?s={search_term_string}\"},\"query-input\":\"required name=search_term_string\"}],\"inLanguage\":\"es\"},{\"@type\":\"Organization\",\"@id\":\"https:\/\/www.celttv.com.ar\/#organization\",\"name\":\"CELTTV\",\"url\":\"https:\/\/www.celttv.com.ar\/\",\"sameAs\":[\"https:\/\/www.youtube.com\/channel\/UCz_oIt8Hig64Ub-EmcNPIhg\",\"https:\/\/www.facebook.com\/celtTV\/\"],\"logo\":{\"@type\":\"ImageObject\",\"inLanguage\":\"es\",\"@id\":\"https:\/\/www.celttv.com.ar\/#\/schema\/logo\/image\/\",\"url\":\"http:\/\/www.celttv.com.ar\/wp-content\/uploads\/2022\/08\/logo-1.png\",\"contentUrl\":\"http:\/\/www.celttv.com.ar\/wp-content\/uploads\/2022\/08\/logo-1.png\",\"width\":461,\"height\":159,\"caption\":\"CELTTV\"},\"image\":{\"@id\":\"https:\/\/www.celttv.com.ar\/#\/schema\/logo\/image\/\"}},{\"@type\":\"Person\",\"@id\":\"https:\/\/www.celttv.com.ar\/#\/schema\/person\/6d99c072dba59953809c81446e9d0ace\",\"name\":\"ulises\",\"image\":{\"@type\":\"ImageObject\",\"inLanguage\":\"es\",\"@id\":\"https:\/\/www.celttv.com.ar\/#\/schema\/person\/image\/\",\"url\":\"https:\/\/secure.gravatar.com\/avatar\/7f2c48bdc33b30088f941fb6082e555f2874c98e20cb159d7b92b50eadfce793?s=96&d=mm&r=g\",\"contentUrl\":\"https:\/\/secure.gravatar.com\/avatar\/7f2c48bdc33b30088f941fb6082e555f2874c98e20cb159d7b92b50eadfce793?s=96&d=mm&r=g\",\"caption\":\"ulises\"},\"sameAs\":[\"http:\/\/www.celttv.com.ar\"]}]}<\/script>\n<!-- \/ Yoast SEO plugin. -->","yoast_head_json":{"title":"\"Amplia Moratoria de AFIP. y ARBA., se amplian los cr\u00e9ditos a tasa 0 y la linea anunciada por el gobierno provincial\" - CELTTV","description":"Sitio web de noticias de la localidad de Tornquist, provincia de Buenos Aires, Rep\u00fablica Argentina. Contenido propio originado por periodistas de CELTTV, el canal de TV local de la Cooperativa El\u00e9ctrica de Tornquist. Turismo, Pol\u00edtica, Sociedad, Deporte, Cultura y todo el contenido de inter\u00e9s general que la gente del pueblo y la regi\u00f3n debe conocer.","robots":{"index":"index","follow":"follow","max-snippet":"max-snippet:-1","max-image-preview":"max-image-preview:large","max-video-preview":"max-video-preview:-1"},"canonical":"https:\/\/www.celttv.com.ar\/index.php\/2020\/07\/11\/amplia-moratoria-de-afip-y-arba-se-amplian-los-creditos-a-tasa-0-y-la-linea-anunciada-por-el-gobierno-provincial\/","og_locale":"es_ES","og_type":"article","og_title":"\"Amplia Moratoria de AFIP. y ARBA., se amplian los cr\u00e9ditos a tasa 0 y la linea anunciada por el gobierno provincial\" - CELTTV","og_description":"Sitio web de noticias de la localidad de Tornquist, provincia de Buenos Aires, Rep\u00fablica Argentina. Contenido propio originado por periodistas de CELTTV, el canal de TV local de la Cooperativa El\u00e9ctrica de Tornquist. Turismo, Pol\u00edtica, Sociedad, Deporte, Cultura y todo el contenido de inter\u00e9s general que la gente del pueblo y la regi\u00f3n debe conocer.","og_url":"https:\/\/www.celttv.com.ar\/index.php\/2020\/07\/11\/amplia-moratoria-de-afip-y-arba-se-amplian-los-creditos-a-tasa-0-y-la-linea-anunciada-por-el-gobierno-provincial\/","og_site_name":"CELTTV","article_publisher":"https:\/\/www.facebook.com\/celtTV\/","article_published_time":"2020-07-11T22:03:07+00:00","og_image":[{"width":697,"height":423,"url":"https:\/\/www.celttv.com.ar\/wp-content\/uploads\/2020\/07\/ARTOLA.jpg","type":"image\/jpeg"}],"author":"ulises","twitter_card":"summary_large_image","twitter_misc":{"Escrito por":"ulises","Tiempo de lectura":"1 minuto"},"schema":{"@context":"https:\/\/schema.org","@graph":[{"@type":"NewsArticle","@id":"https:\/\/www.celttv.com.ar\/index.php\/2020\/07\/11\/amplia-moratoria-de-afip-y-arba-se-amplian-los-creditos-a-tasa-0-y-la-linea-anunciada-por-el-gobierno-provincial\/#article","isPartOf":{"@id":"https:\/\/www.celttv.com.ar\/index.php\/2020\/07\/11\/amplia-moratoria-de-afip-y-arba-se-amplian-los-creditos-a-tasa-0-y-la-linea-anunciada-por-el-gobierno-provincial\/"},"author":{"name":"ulises","@id":"https:\/\/www.celttv.com.ar\/#\/schema\/person\/6d99c072dba59953809c81446e9d0ace"},"headline":"&#8220;Amplia Moratoria de AFIP. y ARBA., se amplian los cr\u00e9ditos a tasa 0 y la linea anunciada por el gobierno provincial&#8221;","datePublished":"2020-07-11T22:03:07+00:00","dateModified":"2020-07-11T22:03:07+00:00","mainEntityOfPage":{"@id":"https:\/\/www.celttv.com.ar\/index.php\/2020\/07\/11\/amplia-moratoria-de-afip-y-arba-se-amplian-los-creditos-a-tasa-0-y-la-linea-anunciada-por-el-gobierno-provincial\/"},"wordCount":292,"publisher":{"@id":"https:\/\/www.celttv.com.ar\/#organization"},"articleSection":["Comunidad","Destacadas"],"inLanguage":"es"},{"@type":"WebPage","@id":"https:\/\/www.celttv.com.ar\/index.php\/2020\/07\/11\/amplia-moratoria-de-afip-y-arba-se-amplian-los-creditos-a-tasa-0-y-la-linea-anunciada-por-el-gobierno-provincial\/","url":"https:\/\/www.celttv.com.ar\/index.php\/2020\/07\/11\/amplia-moratoria-de-afip-y-arba-se-amplian-los-creditos-a-tasa-0-y-la-linea-anunciada-por-el-gobierno-provincial\/","name":"\"Amplia Moratoria de AFIP. y ARBA., se amplian los cr\u00e9ditos a tasa 0 y la linea anunciada por el gobierno provincial\" - CELTTV","isPartOf":{"@id":"https:\/\/www.celttv.com.ar\/#website"},"datePublished":"2020-07-11T22:03:07+00:00","dateModified":"2020-07-11T22:03:07+00:00","description":"Sitio web de noticias de la localidad de Tornquist, provincia de Buenos Aires, Rep\u00fablica Argentina. Contenido propio originado por periodistas de CELTTV, el canal de TV local de la Cooperativa El\u00e9ctrica de Tornquist. Turismo, Pol\u00edtica, Sociedad, Deporte, Cultura y todo el contenido de inter\u00e9s general que la gente del pueblo y la regi\u00f3n debe conocer.","breadcrumb":{"@id":"https:\/\/www.celttv.com.ar\/index.php\/2020\/07\/11\/amplia-moratoria-de-afip-y-arba-se-amplian-los-creditos-a-tasa-0-y-la-linea-anunciada-por-el-gobierno-provincial\/#breadcrumb"},"inLanguage":"es","potentialAction":[{"@type":"ReadAction","target":["https:\/\/www.celttv.com.ar\/index.php\/2020\/07\/11\/amplia-moratoria-de-afip-y-arba-se-amplian-los-creditos-a-tasa-0-y-la-linea-anunciada-por-el-gobierno-provincial\/"]}]},{"@type":"BreadcrumbList","@id":"https:\/\/www.celttv.com.ar\/index.php\/2020\/07\/11\/amplia-moratoria-de-afip-y-arba-se-amplian-los-creditos-a-tasa-0-y-la-linea-anunciada-por-el-gobierno-provincial\/#breadcrumb","itemListElement":[{"@type":"ListItem","position":1,"name":"Inicio","item":"https:\/\/www.celttv.com.ar\/"},{"@type":"ListItem","position":2,"name":"&#8220;Amplia Moratoria de AFIP. y ARBA., se amplian los cr\u00e9ditos a tasa 0 y la linea anunciada por el gobierno provincial&#8221;"}]},{"@type":"WebSite","@id":"https:\/\/www.celttv.com.ar\/#website","url":"https:\/\/www.celttv.com.ar\/","name":"CELTTV","description":"Cooperativa El\u00e9ctrica de Tornquist","publisher":{"@id":"https:\/\/www.celttv.com.ar\/#organization"},"potentialAction":[{"@type":"SearchAction","target":{"@type":"EntryPoint","urlTemplate":"https:\/\/www.celttv.com.ar\/?s={search_term_string}"},"query-input":"required name=search_term_string"}],"inLanguage":"es"},{"@type":"Organization","@id":"https:\/\/www.celttv.com.ar\/#organization","name":"CELTTV","url":"https:\/\/www.celttv.com.ar\/","sameAs":["https:\/\/www.youtube.com\/channel\/UCz_oIt8Hig64Ub-EmcNPIhg","https:\/\/www.facebook.com\/celtTV\/"],"logo":{"@type":"ImageObject","inLanguage":"es","@id":"https:\/\/www.celttv.com.ar\/#\/schema\/logo\/image\/","url":"http:\/\/www.celttv.com.ar\/wp-content\/uploads\/2022\/08\/logo-1.png","contentUrl":"http:\/\/www.celttv.com.ar\/wp-content\/uploads\/2022\/08\/logo-1.png","width":461,"height":159,"caption":"CELTTV"},"image":{"@id":"https:\/\/www.celttv.com.ar\/#\/schema\/logo\/image\/"}},{"@type":"Person","@id":"https:\/\/www.celttv.com.ar\/#\/schema\/person\/6d99c072dba59953809c81446e9d0ace","name":"ulises","image":{"@type":"ImageObject","inLanguage":"es","@id":"https:\/\/www.celttv.com.ar\/#\/schema\/person\/image\/","url":"https:\/\/secure.gravatar.com\/avatar\/7f2c48bdc33b30088f941fb6082e555f2874c98e20cb159d7b92b50eadfce793?s=96&d=mm&r=g","contentUrl":"https:\/\/secure.gravatar.com\/avatar\/7f2c48bdc33b30088f941fb6082e555f2874c98e20cb159d7b92b50eadfce793?s=96&d=mm&r=g","caption":"ulises"},"sameAs":["http:\/\/www.celttv.com.ar"]}]}},"_links":{"self":[{"href":"https:\/\/www.celttv.com.ar\/index.php\/wp-json\/wp\/v2\/posts\/50473","targetHints":{"allow":["GET"]}}],"collection":[{"href":"https:\/\/www.celttv.com.ar\/index.php\/wp-json\/wp\/v2\/posts"}],"about":[{"href":"https:\/\/www.celttv.com.ar\/index.php\/wp-json\/wp\/v2\/types\/post"}],"author":[{"embeddable":true,"href":"https:\/\/www.celttv.com.ar\/index.php\/wp-json\/wp\/v2\/users\/1"}],"replies":[{"embeddable":true,"href":"https:\/\/www.celttv.com.ar\/index.php\/wp-json\/wp\/v2\/comments?post=50473"}],"version-history":[{"count":0,"href":"https:\/\/www.celttv.com.ar\/index.php\/wp-json\/wp\/v2\/posts\/50473\/revisions"}],"wp:featuredmedia":[{"embeddable":true,"href":"https:\/\/www.celttv.com.ar\/index.php\/wp-json\/wp\/v2\/media\/50474"}],"wp:attachment":[{"href":"https:\/\/www.celttv.com.ar\/index.php\/wp-json\/wp\/v2\/media?parent=50473"}],"wp:term":[{"taxonomy":"category","embeddable":true,"href":"https:\/\/www.celttv.com.ar\/index.php\/wp-json\/wp\/v2\/categories?post=50473"},{"taxonomy":"post_tag","embeddable":true,"href":"https:\/\/www.celttv.com.ar\/index.php\/wp-json\/wp\/v2\/tags?post=50473"}],"curies":[{"name":"wp","href":"https:\/\/api.w.org\/{rel}","templated":true}]}}