{"id":50498,"date":"2020-07-13T22:43:14","date_gmt":"2020-07-13T22:43:14","guid":{"rendered":"http:\/\/www.celttv.com.ar\/?p=50498"},"modified":"2020-07-13T22:43:14","modified_gmt":"2020-07-13T22:43:14","slug":"sergio-marto-dio-detalles-de-la-tarjeta-creada-para-la-reactivacion-turistica-videoentrevista","status":"publish","type":"post","link":"https:\/\/www.celttv.com.ar\/index.php\/2020\/07\/13\/sergio-marto-dio-detalles-de-la-tarjeta-creada-para-la-reactivacion-turistica-videoentrevista\/","title":{"rendered":"Sergio Marto di\u00f3 detalles de la tarjeta creada para la reactivaci\u00f3n tur\u00edstica (videoentrevista)"},"content":{"rendered":"<p><a href=\"http:\/\/www.celttv.com.ar\/?attachment_id=50499\" rel=\"attachment wp-att-50499\"><img loading=\"lazy\" decoding=\"async\" class=\"alignleft size-full wp-image-50499\" src=\"http:\/\/www.celttv.com.ar\/wp-content\/uploads\/2020\/07\/sergio-marto.jpg\" alt=\"\" width=\"775\" height=\"429\" srcset=\"https:\/\/www.celttv.com.ar\/wp-content\/uploads\/2020\/07\/sergio-marto.jpg 775w, https:\/\/www.celttv.com.ar\/wp-content\/uploads\/2020\/07\/sergio-marto-300x166.jpg 300w, https:\/\/www.celttv.com.ar\/wp-content\/uploads\/2020\/07\/sergio-marto-768x425.jpg 768w, https:\/\/www.celttv.com.ar\/wp-content\/uploads\/2020\/07\/sergio-marto-750x415.jpg 750w\" sizes=\"auto, (max-width: 775px) 100vw, 775px\" \/><\/a> <a href=\"http:\/\/www.celttv.com.ar\/?attachment_id=50500\" rel=\"attachment wp-att-50500\"><img loading=\"lazy\" decoding=\"async\" class=\"alignleft size-medium wp-image-50500\" src=\"http:\/\/www.celttv.com.ar\/wp-content\/uploads\/2020\/07\/tarjet-ade-turismo.jpg\" alt=\"\" width=\"780\" height=\"519\" srcset=\"https:\/\/www.celttv.com.ar\/wp-content\/uploads\/2020\/07\/tarjet-ade-turismo.jpg 1200w, https:\/\/www.celttv.com.ar\/wp-content\/uploads\/2020\/07\/tarjet-ade-turismo-300x200.jpg 300w, https:\/\/www.celttv.com.ar\/wp-content\/uploads\/2020\/07\/tarjet-ade-turismo-1024x681.jpg 1024w, https:\/\/www.celttv.com.ar\/wp-content\/uploads\/2020\/07\/tarjet-ade-turismo-768x511.jpg 768w, https:\/\/www.celttv.com.ar\/wp-content\/uploads\/2020\/07\/tarjet-ade-turismo-750x499.jpg 750w, https:\/\/www.celttv.com.ar\/wp-content\/uploads\/2020\/07\/tarjet-ade-turismo-1140x758.jpg 1140w\" sizes=\"auto, (max-width: 780px) 100vw, 780px\" \/><\/a>Una propuesta nacida en Sierra de la Ventana de la mano de Sergio Marto, director del portal Sierrasdelaventana.com.ar, y que fue captada por el gobierno nacional para aplicarla a nivel pa\u00eds.<\/p>\n<p>El propio Marto brind\u00f3 a CELTTV Noticias un amplio panorama desde la g\u00e9nesis del proyecto\u00a0 que fue enviando a los medios para su difusi\u00f3n y luego aplicada por el gobierno nacional, con algunas modificaciones pero sin alterar el esp\u00edritu del proyecto.<\/p>\n<p style=\"background: #F7F7F7; margin: 0cm 0cm 12.75pt 0cm;\"><span style=\"font-size: 14.0pt; font-family: 'Open Sans','serif'; color: black;\">En ese sentido el actual Ministro de Turismo y Deportes;<strong><span style=\"font-family: 'Open Sans','serif';\">\u00a0Mat\u00edas Lammens<\/span><\/strong>\u00a0explic\u00f3 que entre las nuevas inversiones que se realizar\u00e1n para reactivar el turismo en el pa\u00eds luego de la pandemia por coronavirus, se incluye el programa &#8220;Preventa de Turismo&#8221; que\u00a0funcionar\u00e1 a modo de tarjeta de d\u00e9bito del Banco Naci\u00f3n y se extender\u00e1 durante 6 meses.<\/span><\/p>\n<p style=\"background: #F7F7F7; margin: 0cm 0cm 12.75pt 0cm;\"><span style=\"font-size: 14.0pt; font-family: 'Open Sans','serif'; color: black;\">En sinton\u00eda con el proyecto generado por Sergio Marto la idea apunta a la reactivaci\u00f3n del sector, quiz\u00e1 el mas golpeado producto de una muy extensa cuarentena.<\/span><\/p>\n<p style=\"background: #F7F7F7; margin: 0cm 0cm 12.75pt 0cm;\"><span style=\"font-size: 14.0pt; font-family: 'Open Sans','serif'; color: black;\">Respecto a la operatoria Lammens explic\u00f3 que deben inscribirse en el Ministerio de Turismo y Deportes, los turistas argentinos que viajen a un lugar dentro del pa\u00eds y recibir\u00e1n un cup\u00f3n de cr\u00e9dito sobre las compras realizadas durante el per\u00edodo del programa \u201cPreventa de Turismo\u201d equivalente al 50% del valor de la operaci\u00f3n.<\/span><\/p>\n<p style=\"background: #F7F7F7; margin: 0cm 0cm 12.75pt 0cm;\"><span style=\"font-size: 14.0pt; font-family: 'Open Sans','serif'; color: black;\">La tarjeta de d\u00e9bito pre-cargada ser\u00e1 similar a una billetera electr\u00f3nica del Banco Naci\u00f3n. Dicho cr\u00e9dito servir\u00e1 para utilizarse desde la fecha que se indica en la preventa y hasta fin de 2021, siempre que sea en empresas del sector tur\u00edstico.<\/span><\/p>\n<p><strong>NOTA COMPLETA CON SERGIO MARTO<\/strong><\/p>\n<p><iframe loading=\"lazy\" title=\"2020 07 13 COMUNICACION VIA SKYPE CON SERGIO MARTO\" width=\"500\" height=\"281\" src=\"https:\/\/www.youtube.com\/embed\/aCFQhfpcocM?feature=oembed\" frameborder=\"0\" allow=\"accelerometer; autoplay; clipboard-write; encrypted-media; gyroscope; picture-in-picture; web-share\" referrerpolicy=\"strict-origin-when-cross-origin\" allowfullscreen><\/iframe><\/p>\n","protected":false},"excerpt":{"rendered":"<p>Una propuesta nacida en Sierra de la Ventana de la mano de Sergio Marto, director del portal Sierrasdelaventana.com.ar, y que fue captada por el gobierno nacional para aplicarla a nivel pa\u00eds. El propio Marto brind\u00f3 a CELTTV Noticias un amplio panorama desde la g\u00e9nesis del proyecto\u00a0 que fue enviando a los medios para su difusi\u00f3n [&hellip;]<\/p>\n","protected":false},"author":1,"featured_media":50499,"comment_status":"closed","ping_status":"open","sticky":false,"template":"","format":"standard","meta":{"footnotes":""},"categories":[51,52,58],"tags":[],"class_list":["post-50498","post","type-post","status-publish","format-standard","has-post-thumbnail","hentry","category-comunidad","category-destacadas","category-turismo"],"yoast_head":"<!-- This site is optimized with the Yoast SEO plugin v19.7.1 - https:\/\/yoast.com\/wordpress\/plugins\/seo\/ -->\n<title>Sergio Marto di\u00f3 detalles de la tarjeta creada para la reactivaci\u00f3n tur\u00edstica (videoentrevista) - CELTTV<\/title>\n<meta name=\"description\" content=\"Sitio web de noticias de la localidad de Tornquist, provincia de Buenos Aires, Rep\u00fablica Argentina. Contenido propio originado por periodistas de CELTTV, el canal de TV local de la Cooperativa El\u00e9ctrica de Tornquist. Turismo, Pol\u00edtica, Sociedad, Deporte, Cultura y todo el contenido de inter\u00e9s general que la gente del pueblo y la regi\u00f3n debe conocer.\" \/>\n<meta name=\"robots\" content=\"index, follow, max-snippet:-1, max-image-preview:large, max-video-preview:-1\" \/>\n<link rel=\"canonical\" href=\"https:\/\/www.celttv.com.ar\/index.php\/2020\/07\/13\/sergio-marto-dio-detalles-de-la-tarjeta-creada-para-la-reactivacion-turistica-videoentrevista\/\" \/>\n<meta property=\"og:locale\" content=\"es_ES\" \/>\n<meta property=\"og:type\" content=\"article\" \/>\n<meta property=\"og:title\" content=\"Sergio Marto di\u00f3 detalles de la tarjeta creada para la reactivaci\u00f3n tur\u00edstica (videoentrevista) - CELTTV\" \/>\n<meta property=\"og:description\" content=\"Sitio web de noticias de la localidad de Tornquist, provincia de Buenos Aires, Rep\u00fablica Argentina. Contenido propio originado por periodistas de CELTTV, el canal de TV local de la Cooperativa El\u00e9ctrica de Tornquist. Turismo, Pol\u00edtica, Sociedad, Deporte, Cultura y todo el contenido de inter\u00e9s general que la gente del pueblo y la regi\u00f3n debe conocer.\" \/>\n<meta property=\"og:url\" content=\"https:\/\/www.celttv.com.ar\/index.php\/2020\/07\/13\/sergio-marto-dio-detalles-de-la-tarjeta-creada-para-la-reactivacion-turistica-videoentrevista\/\" \/>\n<meta property=\"og:site_name\" content=\"CELTTV\" \/>\n<meta property=\"article:publisher\" content=\"https:\/\/www.facebook.com\/celtTV\/\" \/>\n<meta property=\"article:published_time\" content=\"2020-07-13T22:43:14+00:00\" \/>\n<meta property=\"og:image\" content=\"https:\/\/www.celttv.com.ar\/wp-content\/uploads\/2020\/07\/sergio-marto.jpg\" \/>\n\t<meta property=\"og:image:width\" content=\"775\" \/>\n\t<meta property=\"og:image:height\" content=\"429\" \/>\n\t<meta property=\"og:image:type\" content=\"image\/jpeg\" \/>\n<meta name=\"author\" content=\"ulises\" \/>\n<meta name=\"twitter:card\" content=\"summary_large_image\" \/>\n<meta name=\"twitter:label1\" content=\"Escrito por\" \/>\n\t<meta name=\"twitter:data1\" content=\"ulises\" \/>\n\t<meta name=\"twitter:label2\" content=\"Tiempo de lectura\" \/>\n\t<meta name=\"twitter:data2\" content=\"1 minuto\" \/>\n<script type=\"application\/ld+json\" class=\"yoast-schema-graph\">{\"@context\":\"https:\/\/schema.org\",\"@graph\":[{\"@type\":\"NewsArticle\",\"@id\":\"https:\/\/www.celttv.com.ar\/index.php\/2020\/07\/13\/sergio-marto-dio-detalles-de-la-tarjeta-creada-para-la-reactivacion-turistica-videoentrevista\/#article\",\"isPartOf\":{\"@id\":\"https:\/\/www.celttv.com.ar\/index.php\/2020\/07\/13\/sergio-marto-dio-detalles-de-la-tarjeta-creada-para-la-reactivacion-turistica-videoentrevista\/\"},\"author\":{\"name\":\"ulises\",\"@id\":\"https:\/\/www.celttv.com.ar\/#\/schema\/person\/6d99c072dba59953809c81446e9d0ace\"},\"headline\":\"Sergio Marto di\u00f3 detalles de la tarjeta creada para la reactivaci\u00f3n tur\u00edstica (videoentrevista)\",\"datePublished\":\"2020-07-13T22:43:14+00:00\",\"dateModified\":\"2020-07-13T22:43:14+00:00\",\"mainEntityOfPage\":{\"@id\":\"https:\/\/www.celttv.com.ar\/index.php\/2020\/07\/13\/sergio-marto-dio-detalles-de-la-tarjeta-creada-para-la-reactivacion-turistica-videoentrevista\/\"},\"wordCount\":296,\"publisher\":{\"@id\":\"https:\/\/www.celttv.com.ar\/#organization\"},\"articleSection\":[\"Comunidad\",\"Destacadas\",\"Turismo\"],\"inLanguage\":\"es\"},{\"@type\":\"WebPage\",\"@id\":\"https:\/\/www.celttv.com.ar\/index.php\/2020\/07\/13\/sergio-marto-dio-detalles-de-la-tarjeta-creada-para-la-reactivacion-turistica-videoentrevista\/\",\"url\":\"https:\/\/www.celttv.com.ar\/index.php\/2020\/07\/13\/sergio-marto-dio-detalles-de-la-tarjeta-creada-para-la-reactivacion-turistica-videoentrevista\/\",\"name\":\"Sergio Marto di\u00f3 detalles de la tarjeta creada para la reactivaci\u00f3n tur\u00edstica (videoentrevista) - CELTTV\",\"isPartOf\":{\"@id\":\"https:\/\/www.celttv.com.ar\/#website\"},\"datePublished\":\"2020-07-13T22:43:14+00:00\",\"dateModified\":\"2020-07-13T22:43:14+00:00\",\"description\":\"Sitio web de noticias de la localidad de Tornquist, provincia de Buenos Aires, Rep\u00fablica Argentina. Contenido propio originado por periodistas de CELTTV, el canal de TV local de la Cooperativa El\u00e9ctrica de Tornquist. Turismo, Pol\u00edtica, Sociedad, Deporte, Cultura y todo el contenido de inter\u00e9s general que la gente del pueblo y la regi\u00f3n debe conocer.\",\"breadcrumb\":{\"@id\":\"https:\/\/www.celttv.com.ar\/index.php\/2020\/07\/13\/sergio-marto-dio-detalles-de-la-tarjeta-creada-para-la-reactivacion-turistica-videoentrevista\/#breadcrumb\"},\"inLanguage\":\"es\",\"potentialAction\":[{\"@type\":\"ReadAction\",\"target\":[\"https:\/\/www.celttv.com.ar\/index.php\/2020\/07\/13\/sergio-marto-dio-detalles-de-la-tarjeta-creada-para-la-reactivacion-turistica-videoentrevista\/\"]}]},{\"@type\":\"BreadcrumbList\",\"@id\":\"https:\/\/www.celttv.com.ar\/index.php\/2020\/07\/13\/sergio-marto-dio-detalles-de-la-tarjeta-creada-para-la-reactivacion-turistica-videoentrevista\/#breadcrumb\",\"itemListElement\":[{\"@type\":\"ListItem\",\"position\":1,\"name\":\"Inicio\",\"item\":\"https:\/\/www.celttv.com.ar\/\"},{\"@type\":\"ListItem\",\"position\":2,\"name\":\"Sergio Marto di\u00f3 detalles de la tarjeta creada para la reactivaci\u00f3n tur\u00edstica (videoentrevista)\"}]},{\"@type\":\"WebSite\",\"@id\":\"https:\/\/www.celttv.com.ar\/#website\",\"url\":\"https:\/\/www.celttv.com.ar\/\",\"name\":\"CELTTV\",\"description\":\"Cooperativa El\u00e9ctrica de Tornquist\",\"publisher\":{\"@id\":\"https:\/\/www.celttv.com.ar\/#organization\"},\"potentialAction\":[{\"@type\":\"SearchAction\",\"target\":{\"@type\":\"EntryPoint\",\"urlTemplate\":\"https:\/\/www.celttv.com.ar\/?s={search_term_string}\"},\"query-input\":\"required name=search_term_string\"}],\"inLanguage\":\"es\"},{\"@type\":\"Organization\",\"@id\":\"https:\/\/www.celttv.com.ar\/#organization\",\"name\":\"CELTTV\",\"url\":\"https:\/\/www.celttv.com.ar\/\",\"sameAs\":[\"https:\/\/www.youtube.com\/channel\/UCz_oIt8Hig64Ub-EmcNPIhg\",\"https:\/\/www.facebook.com\/celtTV\/\"],\"logo\":{\"@type\":\"ImageObject\",\"inLanguage\":\"es\",\"@id\":\"https:\/\/www.celttv.com.ar\/#\/schema\/logo\/image\/\",\"url\":\"http:\/\/www.celttv.com.ar\/wp-content\/uploads\/2022\/08\/logo-1.png\",\"contentUrl\":\"http:\/\/www.celttv.com.ar\/wp-content\/uploads\/2022\/08\/logo-1.png\",\"width\":461,\"height\":159,\"caption\":\"CELTTV\"},\"image\":{\"@id\":\"https:\/\/www.celttv.com.ar\/#\/schema\/logo\/image\/\"}},{\"@type\":\"Person\",\"@id\":\"https:\/\/www.celttv.com.ar\/#\/schema\/person\/6d99c072dba59953809c81446e9d0ace\",\"name\":\"ulises\",\"image\":{\"@type\":\"ImageObject\",\"inLanguage\":\"es\",\"@id\":\"https:\/\/www.celttv.com.ar\/#\/schema\/person\/image\/\",\"url\":\"https:\/\/secure.gravatar.com\/avatar\/7f2c48bdc33b30088f941fb6082e555f2874c98e20cb159d7b92b50eadfce793?s=96&d=mm&r=g\",\"contentUrl\":\"https:\/\/secure.gravatar.com\/avatar\/7f2c48bdc33b30088f941fb6082e555f2874c98e20cb159d7b92b50eadfce793?s=96&d=mm&r=g\",\"caption\":\"ulises\"},\"sameAs\":[\"http:\/\/www.celttv.com.ar\"]}]}<\/script>\n<!-- \/ Yoast SEO plugin. -->","yoast_head_json":{"title":"Sergio Marto di\u00f3 detalles de la tarjeta creada para la reactivaci\u00f3n tur\u00edstica (videoentrevista) - CELTTV","description":"Sitio web de noticias de la localidad de Tornquist, provincia de Buenos Aires, Rep\u00fablica Argentina. Contenido propio originado por periodistas de CELTTV, el canal de TV local de la Cooperativa El\u00e9ctrica de Tornquist. Turismo, Pol\u00edtica, Sociedad, Deporte, Cultura y todo el contenido de inter\u00e9s general que la gente del pueblo y la regi\u00f3n debe conocer.","robots":{"index":"index","follow":"follow","max-snippet":"max-snippet:-1","max-image-preview":"max-image-preview:large","max-video-preview":"max-video-preview:-1"},"canonical":"https:\/\/www.celttv.com.ar\/index.php\/2020\/07\/13\/sergio-marto-dio-detalles-de-la-tarjeta-creada-para-la-reactivacion-turistica-videoentrevista\/","og_locale":"es_ES","og_type":"article","og_title":"Sergio Marto di\u00f3 detalles de la tarjeta creada para la reactivaci\u00f3n tur\u00edstica (videoentrevista) - CELTTV","og_description":"Sitio web de noticias de la localidad de Tornquist, provincia de Buenos Aires, Rep\u00fablica Argentina. Contenido propio originado por periodistas de CELTTV, el canal de TV local de la Cooperativa El\u00e9ctrica de Tornquist. Turismo, Pol\u00edtica, Sociedad, Deporte, Cultura y todo el contenido de inter\u00e9s general que la gente del pueblo y la regi\u00f3n debe conocer.","og_url":"https:\/\/www.celttv.com.ar\/index.php\/2020\/07\/13\/sergio-marto-dio-detalles-de-la-tarjeta-creada-para-la-reactivacion-turistica-videoentrevista\/","og_site_name":"CELTTV","article_publisher":"https:\/\/www.facebook.com\/celtTV\/","article_published_time":"2020-07-13T22:43:14+00:00","og_image":[{"width":775,"height":429,"url":"https:\/\/www.celttv.com.ar\/wp-content\/uploads\/2020\/07\/sergio-marto.jpg","type":"image\/jpeg"}],"author":"ulises","twitter_card":"summary_large_image","twitter_misc":{"Escrito por":"ulises","Tiempo de lectura":"1 minuto"},"schema":{"@context":"https:\/\/schema.org","@graph":[{"@type":"NewsArticle","@id":"https:\/\/www.celttv.com.ar\/index.php\/2020\/07\/13\/sergio-marto-dio-detalles-de-la-tarjeta-creada-para-la-reactivacion-turistica-videoentrevista\/#article","isPartOf":{"@id":"https:\/\/www.celttv.com.ar\/index.php\/2020\/07\/13\/sergio-marto-dio-detalles-de-la-tarjeta-creada-para-la-reactivacion-turistica-videoentrevista\/"},"author":{"name":"ulises","@id":"https:\/\/www.celttv.com.ar\/#\/schema\/person\/6d99c072dba59953809c81446e9d0ace"},"headline":"Sergio Marto di\u00f3 detalles de la tarjeta creada para la reactivaci\u00f3n tur\u00edstica (videoentrevista)","datePublished":"2020-07-13T22:43:14+00:00","dateModified":"2020-07-13T22:43:14+00:00","mainEntityOfPage":{"@id":"https:\/\/www.celttv.com.ar\/index.php\/2020\/07\/13\/sergio-marto-dio-detalles-de-la-tarjeta-creada-para-la-reactivacion-turistica-videoentrevista\/"},"wordCount":296,"publisher":{"@id":"https:\/\/www.celttv.com.ar\/#organization"},"articleSection":["Comunidad","Destacadas","Turismo"],"inLanguage":"es"},{"@type":"WebPage","@id":"https:\/\/www.celttv.com.ar\/index.php\/2020\/07\/13\/sergio-marto-dio-detalles-de-la-tarjeta-creada-para-la-reactivacion-turistica-videoentrevista\/","url":"https:\/\/www.celttv.com.ar\/index.php\/2020\/07\/13\/sergio-marto-dio-detalles-de-la-tarjeta-creada-para-la-reactivacion-turistica-videoentrevista\/","name":"Sergio Marto di\u00f3 detalles de la tarjeta creada para la reactivaci\u00f3n tur\u00edstica (videoentrevista) - CELTTV","isPartOf":{"@id":"https:\/\/www.celttv.com.ar\/#website"},"datePublished":"2020-07-13T22:43:14+00:00","dateModified":"2020-07-13T22:43:14+00:00","description":"Sitio web de noticias de la localidad de Tornquist, provincia de Buenos Aires, Rep\u00fablica Argentina. Contenido propio originado por periodistas de CELTTV, el canal de TV local de la Cooperativa El\u00e9ctrica de Tornquist. Turismo, Pol\u00edtica, Sociedad, Deporte, Cultura y todo el contenido de inter\u00e9s general que la gente del pueblo y la regi\u00f3n debe conocer.","breadcrumb":{"@id":"https:\/\/www.celttv.com.ar\/index.php\/2020\/07\/13\/sergio-marto-dio-detalles-de-la-tarjeta-creada-para-la-reactivacion-turistica-videoentrevista\/#breadcrumb"},"inLanguage":"es","potentialAction":[{"@type":"ReadAction","target":["https:\/\/www.celttv.com.ar\/index.php\/2020\/07\/13\/sergio-marto-dio-detalles-de-la-tarjeta-creada-para-la-reactivacion-turistica-videoentrevista\/"]}]},{"@type":"BreadcrumbList","@id":"https:\/\/www.celttv.com.ar\/index.php\/2020\/07\/13\/sergio-marto-dio-detalles-de-la-tarjeta-creada-para-la-reactivacion-turistica-videoentrevista\/#breadcrumb","itemListElement":[{"@type":"ListItem","position":1,"name":"Inicio","item":"https:\/\/www.celttv.com.ar\/"},{"@type":"ListItem","position":2,"name":"Sergio Marto di\u00f3 detalles de la tarjeta creada para la reactivaci\u00f3n tur\u00edstica (videoentrevista)"}]},{"@type":"WebSite","@id":"https:\/\/www.celttv.com.ar\/#website","url":"https:\/\/www.celttv.com.ar\/","name":"CELTTV","description":"Cooperativa El\u00e9ctrica de Tornquist","publisher":{"@id":"https:\/\/www.celttv.com.ar\/#organization"},"potentialAction":[{"@type":"SearchAction","target":{"@type":"EntryPoint","urlTemplate":"https:\/\/www.celttv.com.ar\/?s={search_term_string}"},"query-input":"required name=search_term_string"}],"inLanguage":"es"},{"@type":"Organization","@id":"https:\/\/www.celttv.com.ar\/#organization","name":"CELTTV","url":"https:\/\/www.celttv.com.ar\/","sameAs":["https:\/\/www.youtube.com\/channel\/UCz_oIt8Hig64Ub-EmcNPIhg","https:\/\/www.facebook.com\/celtTV\/"],"logo":{"@type":"ImageObject","inLanguage":"es","@id":"https:\/\/www.celttv.com.ar\/#\/schema\/logo\/image\/","url":"http:\/\/www.celttv.com.ar\/wp-content\/uploads\/2022\/08\/logo-1.png","contentUrl":"http:\/\/www.celttv.com.ar\/wp-content\/uploads\/2022\/08\/logo-1.png","width":461,"height":159,"caption":"CELTTV"},"image":{"@id":"https:\/\/www.celttv.com.ar\/#\/schema\/logo\/image\/"}},{"@type":"Person","@id":"https:\/\/www.celttv.com.ar\/#\/schema\/person\/6d99c072dba59953809c81446e9d0ace","name":"ulises","image":{"@type":"ImageObject","inLanguage":"es","@id":"https:\/\/www.celttv.com.ar\/#\/schema\/person\/image\/","url":"https:\/\/secure.gravatar.com\/avatar\/7f2c48bdc33b30088f941fb6082e555f2874c98e20cb159d7b92b50eadfce793?s=96&d=mm&r=g","contentUrl":"https:\/\/secure.gravatar.com\/avatar\/7f2c48bdc33b30088f941fb6082e555f2874c98e20cb159d7b92b50eadfce793?s=96&d=mm&r=g","caption":"ulises"},"sameAs":["http:\/\/www.celttv.com.ar"]}]}},"_links":{"self":[{"href":"https:\/\/www.celttv.com.ar\/index.php\/wp-json\/wp\/v2\/posts\/50498","targetHints":{"allow":["GET"]}}],"collection":[{"href":"https:\/\/www.celttv.com.ar\/index.php\/wp-json\/wp\/v2\/posts"}],"about":[{"href":"https:\/\/www.celttv.com.ar\/index.php\/wp-json\/wp\/v2\/types\/post"}],"author":[{"embeddable":true,"href":"https:\/\/www.celttv.com.ar\/index.php\/wp-json\/wp\/v2\/users\/1"}],"replies":[{"embeddable":true,"href":"https:\/\/www.celttv.com.ar\/index.php\/wp-json\/wp\/v2\/comments?post=50498"}],"version-history":[{"count":0,"href":"https:\/\/www.celttv.com.ar\/index.php\/wp-json\/wp\/v2\/posts\/50498\/revisions"}],"wp:featuredmedia":[{"embeddable":true,"href":"https:\/\/www.celttv.com.ar\/index.php\/wp-json\/wp\/v2\/media\/50499"}],"wp:attachment":[{"href":"https:\/\/www.celttv.com.ar\/index.php\/wp-json\/wp\/v2\/media?parent=50498"}],"wp:term":[{"taxonomy":"category","embeddable":true,"href":"https:\/\/www.celttv.com.ar\/index.php\/wp-json\/wp\/v2\/categories?post=50498"},{"taxonomy":"post_tag","embeddable":true,"href":"https:\/\/www.celttv.com.ar\/index.php\/wp-json\/wp\/v2\/tags?post=50498"}],"curies":[{"name":"wp","href":"https:\/\/api.w.org\/{rel}","templated":true}]}}