{"id":50503,"date":"2020-07-14T00:57:23","date_gmt":"2020-07-14T00:57:23","guid":{"rendered":"http:\/\/www.celttv.com.ar\/?p=50503"},"modified":"2020-07-14T00:57:23","modified_gmt":"2020-07-14T00:57:23","slug":"la-anses-y-el-ministerio-de-cultura-implementan-las-becas-sostener-cultura-ii","status":"publish","type":"post","link":"https:\/\/www.celttv.com.ar\/index.php\/2020\/07\/14\/la-anses-y-el-ministerio-de-cultura-implementan-las-becas-sostener-cultura-ii\/","title":{"rendered":"LA ANSES Y EL MINISTERIO DE CULTURA IMPLEMENTAN LAS\u00a0BECAS SOSTENER CULTURA II"},"content":{"rendered":"<p style=\"font-weight: 400;\">En el marco de la Resoluci\u00f3n 102\/2020 publicada hoy en el Bolet\u00edn Oficial, la ANSES, el Ministerio de Cultura de la Naci\u00f3n y el Fondo Nacional de las Artes lanzan\u00a0<em>Becas Sostener Cultura II<\/em>, una ayuda extraordinaria de hasta 30 mil pesos destinada a integrantes de la comunidad cultural y\/o art\u00edstica.<\/p>\n<p style=\"font-weight: 400;\">El objetivo de la medida es apoyar a quienes trabajan desarrollando sus actividades en el campo cultural y est\u00e1n transitando dificultades econ\u00f3micas, producto de la crisis sanitaria.<\/p>\n<p style=\"font-weight: 400;\">Aquellos beneficiarios que cumplan con todos los requerimientos establecidos recibir\u00e1n el importe mediante una transferencia bancaria a una cuenta propia, operativizada por la ANSES, quien deber\u00e1 informar previamente a los organismos y entidades que efectivizar\u00e1n el correspondiente pago.<\/p>\n<p style=\"font-weight: 400;\">Para conocer cu\u00e1les son los requisitos y realizar la inscripci\u00f3n, que ser\u00e1 exclusivamente en forma virtual desde hoy y hasta el pr\u00f3ximo viernes, los interesados pueden ingresar a\u00a0<a href=\"https:\/\/fnartes.gob.ar\/becas\/beca-sostener-cultura-ii\" data-saferedirecturl=\"https:\/\/www.google.com\/url?q=https:\/\/fnartes.gob.ar\/becas\/beca-sostener-cultura-ii&amp;source=gmail&amp;ust=1594749454467000&amp;usg=AFQjCNGGFlFmkjKctR__qqyhgk0o2NtfMw\">fnartes.gob.ar\/becas\/beca-sostener-cultura-ii<\/a>.<\/p>\n<p style=\"font-weight: 400;\"><strong><a href=\"http:\/\/www.anses.gob.ar\/\" data-saferedirecturl=\"https:\/\/www.google.com\/url?q=http:\/\/www.anses.gob.ar&amp;source=gmail&amp;ust=1594749454467000&amp;usg=AFQjCNE-nj4t0BSWWOMq2mayPL4o7F50sw\">www.anses.gob.ar<\/a><\/strong><\/p>\n<p><a href=\"http:\/\/www.celttv.com.ar\/?attachment_id=50504\" rel=\"attachment wp-att-50504\"><img loading=\"lazy\" decoding=\"async\" class=\"alignleft size-full wp-image-50504\" src=\"http:\/\/www.celttv.com.ar\/wp-content\/uploads\/2020\/07\/becas01-Medium.jpg\" alt=\"\" width=\"1152\" height=\"768\" srcset=\"https:\/\/www.celttv.com.ar\/wp-content\/uploads\/2020\/07\/becas01-Medium.jpg 1152w, https:\/\/www.celttv.com.ar\/wp-content\/uploads\/2020\/07\/becas01-Medium-300x200.jpg 300w, https:\/\/www.celttv.com.ar\/wp-content\/uploads\/2020\/07\/becas01-Medium-1024x683.jpg 1024w, https:\/\/www.celttv.com.ar\/wp-content\/uploads\/2020\/07\/becas01-Medium-768x512.jpg 768w, https:\/\/www.celttv.com.ar\/wp-content\/uploads\/2020\/07\/becas01-Medium-750x500.jpg 750w, https:\/\/www.celttv.com.ar\/wp-content\/uploads\/2020\/07\/becas01-Medium-1140x760.jpg 1140w\" sizes=\"auto, (max-width: 1152px) 100vw, 1152px\" \/><\/a> <a href=\"http:\/\/www.celttv.com.ar\/?attachment_id=50505\" rel=\"attachment wp-att-50505\"><img loading=\"lazy\" decoding=\"async\" class=\"alignleft size-medium wp-image-50505\" src=\"http:\/\/www.celttv.com.ar\/wp-content\/uploads\/2020\/07\/becas02-Medium.jpg\" alt=\"\" width=\"780\" height=\"520\" srcset=\"https:\/\/www.celttv.com.ar\/wp-content\/uploads\/2020\/07\/becas02-Medium.jpg 1152w, https:\/\/www.celttv.com.ar\/wp-content\/uploads\/2020\/07\/becas02-Medium-300x200.jpg 300w, https:\/\/www.celttv.com.ar\/wp-content\/uploads\/2020\/07\/becas02-Medium-1024x683.jpg 1024w, https:\/\/www.celttv.com.ar\/wp-content\/uploads\/2020\/07\/becas02-Medium-768x512.jpg 768w, https:\/\/www.celttv.com.ar\/wp-content\/uploads\/2020\/07\/becas02-Medium-750x500.jpg 750w, https:\/\/www.celttv.com.ar\/wp-content\/uploads\/2020\/07\/becas02-Medium-1140x760.jpg 1140w\" sizes=\"auto, (max-width: 780px) 100vw, 780px\" \/><\/a><\/p>\n","protected":false},"excerpt":{"rendered":"<p>En el marco de la Resoluci\u00f3n 102\/2020 publicada hoy en el Bolet\u00edn Oficial, la ANSES, el Ministerio de Cultura de la Naci\u00f3n y el Fondo Nacional de las Artes lanzan\u00a0Becas Sostener Cultura II, una ayuda extraordinaria de hasta 30 mil pesos destinada a integrantes de la comunidad cultural y\/o art\u00edstica. El objetivo de la medida [&hellip;]<\/p>\n","protected":false},"author":1,"featured_media":50505,"comment_status":"closed","ping_status":"open","sticky":false,"template":"","format":"standard","meta":{"footnotes":""},"categories":[51,52],"tags":[],"class_list":["post-50503","post","type-post","status-publish","format-standard","has-post-thumbnail","hentry","category-comunidad","category-destacadas"],"yoast_head":"<!-- This site is optimized with the Yoast SEO plugin v19.7.1 - https:\/\/yoast.com\/wordpress\/plugins\/seo\/ -->\n<title>LA ANSES Y EL MINISTERIO DE CULTURA IMPLEMENTAN LAS\u00a0BECAS SOSTENER CULTURA II - CELTTV<\/title>\n<meta name=\"description\" content=\"Sitio web de noticias de la localidad de Tornquist, provincia de Buenos Aires, Rep\u00fablica Argentina. Contenido propio originado por periodistas de CELTTV, el canal de TV local de la Cooperativa El\u00e9ctrica de Tornquist. Turismo, Pol\u00edtica, Sociedad, Deporte, Cultura y todo el contenido de inter\u00e9s general que la gente del pueblo y la regi\u00f3n debe conocer.\" \/>\n<meta name=\"robots\" content=\"index, follow, max-snippet:-1, max-image-preview:large, max-video-preview:-1\" \/>\n<link rel=\"canonical\" href=\"https:\/\/www.celttv.com.ar\/index.php\/2020\/07\/14\/la-anses-y-el-ministerio-de-cultura-implementan-las-becas-sostener-cultura-ii\/\" \/>\n<meta property=\"og:locale\" content=\"es_ES\" \/>\n<meta property=\"og:type\" content=\"article\" \/>\n<meta property=\"og:title\" content=\"LA ANSES Y EL MINISTERIO DE CULTURA IMPLEMENTAN LAS\u00a0BECAS SOSTENER CULTURA II - CELTTV\" \/>\n<meta property=\"og:description\" content=\"Sitio web de noticias de la localidad de Tornquist, provincia de Buenos Aires, Rep\u00fablica Argentina. Contenido propio originado por periodistas de CELTTV, el canal de TV local de la Cooperativa El\u00e9ctrica de Tornquist. Turismo, Pol\u00edtica, Sociedad, Deporte, Cultura y todo el contenido de inter\u00e9s general que la gente del pueblo y la regi\u00f3n debe conocer.\" \/>\n<meta property=\"og:url\" content=\"https:\/\/www.celttv.com.ar\/index.php\/2020\/07\/14\/la-anses-y-el-ministerio-de-cultura-implementan-las-becas-sostener-cultura-ii\/\" \/>\n<meta property=\"og:site_name\" content=\"CELTTV\" \/>\n<meta property=\"article:publisher\" content=\"https:\/\/www.facebook.com\/celtTV\/\" \/>\n<meta property=\"article:published_time\" content=\"2020-07-14T00:57:23+00:00\" \/>\n<meta property=\"og:image\" content=\"https:\/\/www.celttv.com.ar\/wp-content\/uploads\/2020\/07\/becas02-Medium.jpg\" \/>\n\t<meta property=\"og:image:width\" content=\"1152\" \/>\n\t<meta property=\"og:image:height\" content=\"768\" \/>\n\t<meta property=\"og:image:type\" content=\"image\/jpeg\" \/>\n<meta name=\"author\" content=\"ulises\" \/>\n<meta name=\"twitter:card\" content=\"summary_large_image\" \/>\n<meta name=\"twitter:label1\" content=\"Escrito por\" \/>\n\t<meta name=\"twitter:data1\" content=\"ulises\" \/>\n\t<meta name=\"twitter:label2\" content=\"Tiempo de lectura\" \/>\n\t<meta name=\"twitter:data2\" content=\"1 minuto\" \/>\n<script type=\"application\/ld+json\" class=\"yoast-schema-graph\">{\"@context\":\"https:\/\/schema.org\",\"@graph\":[{\"@type\":\"NewsArticle\",\"@id\":\"https:\/\/www.celttv.com.ar\/index.php\/2020\/07\/14\/la-anses-y-el-ministerio-de-cultura-implementan-las-becas-sostener-cultura-ii\/#article\",\"isPartOf\":{\"@id\":\"https:\/\/www.celttv.com.ar\/index.php\/2020\/07\/14\/la-anses-y-el-ministerio-de-cultura-implementan-las-becas-sostener-cultura-ii\/\"},\"author\":{\"name\":\"ulises\",\"@id\":\"https:\/\/www.celttv.com.ar\/#\/schema\/person\/6d99c072dba59953809c81446e9d0ace\"},\"headline\":\"LA ANSES Y EL MINISTERIO DE CULTURA IMPLEMENTAN LAS\u00a0BECAS SOSTENER CULTURA II\",\"datePublished\":\"2020-07-14T00:57:23+00:00\",\"dateModified\":\"2020-07-14T00:57:23+00:00\",\"mainEntityOfPage\":{\"@id\":\"https:\/\/www.celttv.com.ar\/index.php\/2020\/07\/14\/la-anses-y-el-ministerio-de-cultura-implementan-las-becas-sostener-cultura-ii\/\"},\"wordCount\":176,\"publisher\":{\"@id\":\"https:\/\/www.celttv.com.ar\/#organization\"},\"articleSection\":[\"Comunidad\",\"Destacadas\"],\"inLanguage\":\"es\"},{\"@type\":\"WebPage\",\"@id\":\"https:\/\/www.celttv.com.ar\/index.php\/2020\/07\/14\/la-anses-y-el-ministerio-de-cultura-implementan-las-becas-sostener-cultura-ii\/\",\"url\":\"https:\/\/www.celttv.com.ar\/index.php\/2020\/07\/14\/la-anses-y-el-ministerio-de-cultura-implementan-las-becas-sostener-cultura-ii\/\",\"name\":\"LA ANSES Y EL MINISTERIO DE CULTURA IMPLEMENTAN LAS\u00a0BECAS SOSTENER CULTURA II - CELTTV\",\"isPartOf\":{\"@id\":\"https:\/\/www.celttv.com.ar\/#website\"},\"datePublished\":\"2020-07-14T00:57:23+00:00\",\"dateModified\":\"2020-07-14T00:57:23+00:00\",\"description\":\"Sitio web de noticias de la localidad de Tornquist, provincia de Buenos Aires, Rep\u00fablica Argentina. Contenido propio originado por periodistas de CELTTV, el canal de TV local de la Cooperativa El\u00e9ctrica de Tornquist. Turismo, Pol\u00edtica, Sociedad, Deporte, Cultura y todo el contenido de inter\u00e9s general que la gente del pueblo y la regi\u00f3n debe conocer.\",\"breadcrumb\":{\"@id\":\"https:\/\/www.celttv.com.ar\/index.php\/2020\/07\/14\/la-anses-y-el-ministerio-de-cultura-implementan-las-becas-sostener-cultura-ii\/#breadcrumb\"},\"inLanguage\":\"es\",\"potentialAction\":[{\"@type\":\"ReadAction\",\"target\":[\"https:\/\/www.celttv.com.ar\/index.php\/2020\/07\/14\/la-anses-y-el-ministerio-de-cultura-implementan-las-becas-sostener-cultura-ii\/\"]}]},{\"@type\":\"BreadcrumbList\",\"@id\":\"https:\/\/www.celttv.com.ar\/index.php\/2020\/07\/14\/la-anses-y-el-ministerio-de-cultura-implementan-las-becas-sostener-cultura-ii\/#breadcrumb\",\"itemListElement\":[{\"@type\":\"ListItem\",\"position\":1,\"name\":\"Inicio\",\"item\":\"https:\/\/www.celttv.com.ar\/\"},{\"@type\":\"ListItem\",\"position\":2,\"name\":\"LA ANSES Y EL MINISTERIO DE CULTURA IMPLEMENTAN LAS\u00a0BECAS SOSTENER CULTURA II\"}]},{\"@type\":\"WebSite\",\"@id\":\"https:\/\/www.celttv.com.ar\/#website\",\"url\":\"https:\/\/www.celttv.com.ar\/\",\"name\":\"CELTTV\",\"description\":\"Cooperativa El\u00e9ctrica de Tornquist\",\"publisher\":{\"@id\":\"https:\/\/www.celttv.com.ar\/#organization\"},\"potentialAction\":[{\"@type\":\"SearchAction\",\"target\":{\"@type\":\"EntryPoint\",\"urlTemplate\":\"https:\/\/www.celttv.com.ar\/?s={search_term_string}\"},\"query-input\":\"required name=search_term_string\"}],\"inLanguage\":\"es\"},{\"@type\":\"Organization\",\"@id\":\"https:\/\/www.celttv.com.ar\/#organization\",\"name\":\"CELTTV\",\"url\":\"https:\/\/www.celttv.com.ar\/\",\"sameAs\":[\"https:\/\/www.youtube.com\/channel\/UCz_oIt8Hig64Ub-EmcNPIhg\",\"https:\/\/www.facebook.com\/celtTV\/\"],\"logo\":{\"@type\":\"ImageObject\",\"inLanguage\":\"es\",\"@id\":\"https:\/\/www.celttv.com.ar\/#\/schema\/logo\/image\/\",\"url\":\"http:\/\/www.celttv.com.ar\/wp-content\/uploads\/2022\/08\/logo-1.png\",\"contentUrl\":\"http:\/\/www.celttv.com.ar\/wp-content\/uploads\/2022\/08\/logo-1.png\",\"width\":461,\"height\":159,\"caption\":\"CELTTV\"},\"image\":{\"@id\":\"https:\/\/www.celttv.com.ar\/#\/schema\/logo\/image\/\"}},{\"@type\":\"Person\",\"@id\":\"https:\/\/www.celttv.com.ar\/#\/schema\/person\/6d99c072dba59953809c81446e9d0ace\",\"name\":\"ulises\",\"image\":{\"@type\":\"ImageObject\",\"inLanguage\":\"es\",\"@id\":\"https:\/\/www.celttv.com.ar\/#\/schema\/person\/image\/\",\"url\":\"https:\/\/secure.gravatar.com\/avatar\/7f2c48bdc33b30088f941fb6082e555f2874c98e20cb159d7b92b50eadfce793?s=96&d=mm&r=g\",\"contentUrl\":\"https:\/\/secure.gravatar.com\/avatar\/7f2c48bdc33b30088f941fb6082e555f2874c98e20cb159d7b92b50eadfce793?s=96&d=mm&r=g\",\"caption\":\"ulises\"},\"sameAs\":[\"http:\/\/www.celttv.com.ar\"]}]}<\/script>\n<!-- \/ Yoast SEO plugin. -->","yoast_head_json":{"title":"LA ANSES Y EL MINISTERIO DE CULTURA IMPLEMENTAN LAS\u00a0BECAS SOSTENER CULTURA II - CELTTV","description":"Sitio web de noticias de la localidad de Tornquist, provincia de Buenos Aires, Rep\u00fablica Argentina. Contenido propio originado por periodistas de CELTTV, el canal de TV local de la Cooperativa El\u00e9ctrica de Tornquist. Turismo, Pol\u00edtica, Sociedad, Deporte, Cultura y todo el contenido de inter\u00e9s general que la gente del pueblo y la regi\u00f3n debe conocer.","robots":{"index":"index","follow":"follow","max-snippet":"max-snippet:-1","max-image-preview":"max-image-preview:large","max-video-preview":"max-video-preview:-1"},"canonical":"https:\/\/www.celttv.com.ar\/index.php\/2020\/07\/14\/la-anses-y-el-ministerio-de-cultura-implementan-las-becas-sostener-cultura-ii\/","og_locale":"es_ES","og_type":"article","og_title":"LA ANSES Y EL MINISTERIO DE CULTURA IMPLEMENTAN LAS\u00a0BECAS SOSTENER CULTURA II - CELTTV","og_description":"Sitio web de noticias de la localidad de Tornquist, provincia de Buenos Aires, Rep\u00fablica Argentina. Contenido propio originado por periodistas de CELTTV, el canal de TV local de la Cooperativa El\u00e9ctrica de Tornquist. Turismo, Pol\u00edtica, Sociedad, Deporte, Cultura y todo el contenido de inter\u00e9s general que la gente del pueblo y la regi\u00f3n debe conocer.","og_url":"https:\/\/www.celttv.com.ar\/index.php\/2020\/07\/14\/la-anses-y-el-ministerio-de-cultura-implementan-las-becas-sostener-cultura-ii\/","og_site_name":"CELTTV","article_publisher":"https:\/\/www.facebook.com\/celtTV\/","article_published_time":"2020-07-14T00:57:23+00:00","og_image":[{"width":1152,"height":768,"url":"https:\/\/www.celttv.com.ar\/wp-content\/uploads\/2020\/07\/becas02-Medium.jpg","type":"image\/jpeg"}],"author":"ulises","twitter_card":"summary_large_image","twitter_misc":{"Escrito por":"ulises","Tiempo de lectura":"1 minuto"},"schema":{"@context":"https:\/\/schema.org","@graph":[{"@type":"NewsArticle","@id":"https:\/\/www.celttv.com.ar\/index.php\/2020\/07\/14\/la-anses-y-el-ministerio-de-cultura-implementan-las-becas-sostener-cultura-ii\/#article","isPartOf":{"@id":"https:\/\/www.celttv.com.ar\/index.php\/2020\/07\/14\/la-anses-y-el-ministerio-de-cultura-implementan-las-becas-sostener-cultura-ii\/"},"author":{"name":"ulises","@id":"https:\/\/www.celttv.com.ar\/#\/schema\/person\/6d99c072dba59953809c81446e9d0ace"},"headline":"LA ANSES Y EL MINISTERIO DE CULTURA IMPLEMENTAN LAS\u00a0BECAS SOSTENER CULTURA II","datePublished":"2020-07-14T00:57:23+00:00","dateModified":"2020-07-14T00:57:23+00:00","mainEntityOfPage":{"@id":"https:\/\/www.celttv.com.ar\/index.php\/2020\/07\/14\/la-anses-y-el-ministerio-de-cultura-implementan-las-becas-sostener-cultura-ii\/"},"wordCount":176,"publisher":{"@id":"https:\/\/www.celttv.com.ar\/#organization"},"articleSection":["Comunidad","Destacadas"],"inLanguage":"es"},{"@type":"WebPage","@id":"https:\/\/www.celttv.com.ar\/index.php\/2020\/07\/14\/la-anses-y-el-ministerio-de-cultura-implementan-las-becas-sostener-cultura-ii\/","url":"https:\/\/www.celttv.com.ar\/index.php\/2020\/07\/14\/la-anses-y-el-ministerio-de-cultura-implementan-las-becas-sostener-cultura-ii\/","name":"LA ANSES Y EL MINISTERIO DE CULTURA IMPLEMENTAN LAS\u00a0BECAS SOSTENER CULTURA II - CELTTV","isPartOf":{"@id":"https:\/\/www.celttv.com.ar\/#website"},"datePublished":"2020-07-14T00:57:23+00:00","dateModified":"2020-07-14T00:57:23+00:00","description":"Sitio web de noticias de la localidad de Tornquist, provincia de Buenos Aires, Rep\u00fablica Argentina. Contenido propio originado por periodistas de CELTTV, el canal de TV local de la Cooperativa El\u00e9ctrica de Tornquist. Turismo, Pol\u00edtica, Sociedad, Deporte, Cultura y todo el contenido de inter\u00e9s general que la gente del pueblo y la regi\u00f3n debe conocer.","breadcrumb":{"@id":"https:\/\/www.celttv.com.ar\/index.php\/2020\/07\/14\/la-anses-y-el-ministerio-de-cultura-implementan-las-becas-sostener-cultura-ii\/#breadcrumb"},"inLanguage":"es","potentialAction":[{"@type":"ReadAction","target":["https:\/\/www.celttv.com.ar\/index.php\/2020\/07\/14\/la-anses-y-el-ministerio-de-cultura-implementan-las-becas-sostener-cultura-ii\/"]}]},{"@type":"BreadcrumbList","@id":"https:\/\/www.celttv.com.ar\/index.php\/2020\/07\/14\/la-anses-y-el-ministerio-de-cultura-implementan-las-becas-sostener-cultura-ii\/#breadcrumb","itemListElement":[{"@type":"ListItem","position":1,"name":"Inicio","item":"https:\/\/www.celttv.com.ar\/"},{"@type":"ListItem","position":2,"name":"LA ANSES Y EL MINISTERIO DE CULTURA IMPLEMENTAN LAS\u00a0BECAS SOSTENER CULTURA II"}]},{"@type":"WebSite","@id":"https:\/\/www.celttv.com.ar\/#website","url":"https:\/\/www.celttv.com.ar\/","name":"CELTTV","description":"Cooperativa El\u00e9ctrica de Tornquist","publisher":{"@id":"https:\/\/www.celttv.com.ar\/#organization"},"potentialAction":[{"@type":"SearchAction","target":{"@type":"EntryPoint","urlTemplate":"https:\/\/www.celttv.com.ar\/?s={search_term_string}"},"query-input":"required name=search_term_string"}],"inLanguage":"es"},{"@type":"Organization","@id":"https:\/\/www.celttv.com.ar\/#organization","name":"CELTTV","url":"https:\/\/www.celttv.com.ar\/","sameAs":["https:\/\/www.youtube.com\/channel\/UCz_oIt8Hig64Ub-EmcNPIhg","https:\/\/www.facebook.com\/celtTV\/"],"logo":{"@type":"ImageObject","inLanguage":"es","@id":"https:\/\/www.celttv.com.ar\/#\/schema\/logo\/image\/","url":"http:\/\/www.celttv.com.ar\/wp-content\/uploads\/2022\/08\/logo-1.png","contentUrl":"http:\/\/www.celttv.com.ar\/wp-content\/uploads\/2022\/08\/logo-1.png","width":461,"height":159,"caption":"CELTTV"},"image":{"@id":"https:\/\/www.celttv.com.ar\/#\/schema\/logo\/image\/"}},{"@type":"Person","@id":"https:\/\/www.celttv.com.ar\/#\/schema\/person\/6d99c072dba59953809c81446e9d0ace","name":"ulises","image":{"@type":"ImageObject","inLanguage":"es","@id":"https:\/\/www.celttv.com.ar\/#\/schema\/person\/image\/","url":"https:\/\/secure.gravatar.com\/avatar\/7f2c48bdc33b30088f941fb6082e555f2874c98e20cb159d7b92b50eadfce793?s=96&d=mm&r=g","contentUrl":"https:\/\/secure.gravatar.com\/avatar\/7f2c48bdc33b30088f941fb6082e555f2874c98e20cb159d7b92b50eadfce793?s=96&d=mm&r=g","caption":"ulises"},"sameAs":["http:\/\/www.celttv.com.ar"]}]}},"_links":{"self":[{"href":"https:\/\/www.celttv.com.ar\/index.php\/wp-json\/wp\/v2\/posts\/50503","targetHints":{"allow":["GET"]}}],"collection":[{"href":"https:\/\/www.celttv.com.ar\/index.php\/wp-json\/wp\/v2\/posts"}],"about":[{"href":"https:\/\/www.celttv.com.ar\/index.php\/wp-json\/wp\/v2\/types\/post"}],"author":[{"embeddable":true,"href":"https:\/\/www.celttv.com.ar\/index.php\/wp-json\/wp\/v2\/users\/1"}],"replies":[{"embeddable":true,"href":"https:\/\/www.celttv.com.ar\/index.php\/wp-json\/wp\/v2\/comments?post=50503"}],"version-history":[{"count":0,"href":"https:\/\/www.celttv.com.ar\/index.php\/wp-json\/wp\/v2\/posts\/50503\/revisions"}],"wp:featuredmedia":[{"embeddable":true,"href":"https:\/\/www.celttv.com.ar\/index.php\/wp-json\/wp\/v2\/media\/50505"}],"wp:attachment":[{"href":"https:\/\/www.celttv.com.ar\/index.php\/wp-json\/wp\/v2\/media?parent=50503"}],"wp:term":[{"taxonomy":"category","embeddable":true,"href":"https:\/\/www.celttv.com.ar\/index.php\/wp-json\/wp\/v2\/categories?post=50503"},{"taxonomy":"post_tag","embeddable":true,"href":"https:\/\/www.celttv.com.ar\/index.php\/wp-json\/wp\/v2\/tags?post=50503"}],"curies":[{"name":"wp","href":"https:\/\/api.w.org\/{rel}","templated":true}]}}