{"id":50509,"date":"2020-07-14T13:53:08","date_gmt":"2020-07-14T13:53:08","guid":{"rendered":"http:\/\/www.celttv.com.ar\/?p=50509"},"modified":"2020-07-14T13:53:08","modified_gmt":"2020-07-14T13:53:08","slug":"villa-ventana-se-restablecio-el-servicio-tras-caida-de-cable-de-media-tension","status":"publish","type":"post","link":"https:\/\/www.celttv.com.ar\/index.php\/2020\/07\/14\/villa-ventana-se-restablecio-el-servicio-tras-caida-de-cable-de-media-tension\/","title":{"rendered":"VILLA VENTANA: se restableci\u00f3 el servicio tras ca\u00edda de cable de media tensi\u00f3n"},"content":{"rendered":"<p>Empleados de la Cooperativa El\u00e9ctrica de nuestra ciudad, debieron concurrir esta ma\u00f1ana al sector del abra de la ventana debido \u00a0a la ca\u00edda de un cable de media tensi\u00f3n que afect\u00f3 el servicio de energ\u00eda en Villa Ventana.<\/p>\n<p>El personal trabaj\u00f3 durante una hora y media para solucionar el inconveniente y reponer la luz.<\/p>\n<p>Por \u00faltimo, es importante mencionar que la empresa EDES hoy realiz\u00f3 un micro corte de energ\u00eda y el pr\u00f3ximo viernes se reiterar\u00e1 a las 17 horas.<\/p>\n<p><a href=\"http:\/\/www.celttv.com.ar\/?attachment_id=50510\" rel=\"attachment wp-att-50510\"><img loading=\"lazy\" decoding=\"async\" class=\"alignleft size-full wp-image-50510\" src=\"http:\/\/www.celttv.com.ar\/wp-content\/uploads\/2020\/07\/4b613fd756ca4d32be66170c149b77fa.jpg_605.jpg\" alt=\"\" width=\"605\" height=\"1280\" srcset=\"https:\/\/www.celttv.com.ar\/wp-content\/uploads\/2020\/07\/4b613fd756ca4d32be66170c149b77fa.jpg_605.jpg 605w, https:\/\/www.celttv.com.ar\/wp-content\/uploads\/2020\/07\/4b613fd756ca4d32be66170c149b77fa.jpg_605-142x300.jpg 142w, https:\/\/www.celttv.com.ar\/wp-content\/uploads\/2020\/07\/4b613fd756ca4d32be66170c149b77fa.jpg_605-484x1024.jpg 484w\" sizes=\"auto, (max-width: 605px) 100vw, 605px\" \/><\/a> <a href=\"http:\/\/www.celttv.com.ar\/?attachment_id=50511\" rel=\"attachment wp-att-50511\"><img loading=\"lazy\" decoding=\"async\" class=\"alignleft size-medium wp-image-50511\" src=\"http:\/\/www.celttv.com.ar\/wp-content\/uploads\/2020\/07\/9bb177bca94c406690eb1e5d7bc35de7.jpg_960.jpg\" alt=\"\" width=\"585\" height=\"780\" srcset=\"https:\/\/www.celttv.com.ar\/wp-content\/uploads\/2020\/07\/9bb177bca94c406690eb1e5d7bc35de7.jpg_960.jpg 960w, https:\/\/www.celttv.com.ar\/wp-content\/uploads\/2020\/07\/9bb177bca94c406690eb1e5d7bc35de7.jpg_960-225x300.jpg 225w, https:\/\/www.celttv.com.ar\/wp-content\/uploads\/2020\/07\/9bb177bca94c406690eb1e5d7bc35de7.jpg_960-768x1024.jpg 768w, https:\/\/www.celttv.com.ar\/wp-content\/uploads\/2020\/07\/9bb177bca94c406690eb1e5d7bc35de7.jpg_960-750x1000.jpg 750w\" sizes=\"auto, (max-width: 585px) 100vw, 585px\" \/><\/a> <a href=\"http:\/\/www.celttv.com.ar\/?attachment_id=50512\" rel=\"attachment wp-att-50512\"><img loading=\"lazy\" decoding=\"async\" class=\"alignleft size-medium wp-image-50512\" src=\"http:\/\/www.celttv.com.ar\/wp-content\/uploads\/2020\/07\/25c34e0559b0440ca24c424d9c150888.jpg_605.jpg\" alt=\"\" width=\"369\" height=\"780\" srcset=\"https:\/\/www.celttv.com.ar\/wp-content\/uploads\/2020\/07\/25c34e0559b0440ca24c424d9c150888.jpg_605.jpg 605w, https:\/\/www.celttv.com.ar\/wp-content\/uploads\/2020\/07\/25c34e0559b0440ca24c424d9c150888.jpg_605-142x300.jpg 142w, https:\/\/www.celttv.com.ar\/wp-content\/uploads\/2020\/07\/25c34e0559b0440ca24c424d9c150888.jpg_605-484x1024.jpg 484w\" sizes=\"auto, (max-width: 369px) 100vw, 369px\" \/><\/a> <a href=\"http:\/\/www.celttv.com.ar\/?attachment_id=50513\" rel=\"attachment wp-att-50513\"><img loading=\"lazy\" decoding=\"async\" class=\"alignleft size-medium wp-image-50513\" src=\"http:\/\/www.celttv.com.ar\/wp-content\/uploads\/2020\/07\/47afb68ce8c743f1af56eef5e79e8d28.jpg_960.jpg\" alt=\"\" width=\"585\" height=\"780\" srcset=\"https:\/\/www.celttv.com.ar\/wp-content\/uploads\/2020\/07\/47afb68ce8c743f1af56eef5e79e8d28.jpg_960.jpg 960w, https:\/\/www.celttv.com.ar\/wp-content\/uploads\/2020\/07\/47afb68ce8c743f1af56eef5e79e8d28.jpg_960-225x300.jpg 225w, https:\/\/www.celttv.com.ar\/wp-content\/uploads\/2020\/07\/47afb68ce8c743f1af56eef5e79e8d28.jpg_960-768x1024.jpg 768w, https:\/\/www.celttv.com.ar\/wp-content\/uploads\/2020\/07\/47afb68ce8c743f1af56eef5e79e8d28.jpg_960-750x1000.jpg 750w\" sizes=\"auto, (max-width: 585px) 100vw, 585px\" \/><\/a> <a href=\"http:\/\/www.celttv.com.ar\/?attachment_id=50514\" rel=\"attachment wp-att-50514\"><img loading=\"lazy\" decoding=\"async\" class=\"alignleft size-medium wp-image-50514\" src=\"http:\/\/www.celttv.com.ar\/wp-content\/uploads\/2020\/07\/220c6acaa7e54f9c876ca56b03414384.jpg_1280.jpg\" alt=\"\" width=\"780\" height=\"369\" srcset=\"https:\/\/www.celttv.com.ar\/wp-content\/uploads\/2020\/07\/220c6acaa7e54f9c876ca56b03414384.jpg_1280.jpg 1280w, https:\/\/www.celttv.com.ar\/wp-content\/uploads\/2020\/07\/220c6acaa7e54f9c876ca56b03414384.jpg_1280-300x142.jpg 300w, https:\/\/www.celttv.com.ar\/wp-content\/uploads\/2020\/07\/220c6acaa7e54f9c876ca56b03414384.jpg_1280-1024x484.jpg 1024w, https:\/\/www.celttv.com.ar\/wp-content\/uploads\/2020\/07\/220c6acaa7e54f9c876ca56b03414384.jpg_1280-768x363.jpg 768w, https:\/\/www.celttv.com.ar\/wp-content\/uploads\/2020\/07\/220c6acaa7e54f9c876ca56b03414384.jpg_1280-750x354.jpg 750w, https:\/\/www.celttv.com.ar\/wp-content\/uploads\/2020\/07\/220c6acaa7e54f9c876ca56b03414384.jpg_1280-1140x539.jpg 1140w\" sizes=\"auto, (max-width: 780px) 100vw, 780px\" \/><\/a> <a href=\"http:\/\/www.celttv.com.ar\/?attachment_id=50515\" rel=\"attachment wp-att-50515\"><img loading=\"lazy\" decoding=\"async\" class=\"alignleft size-medium wp-image-50515\" src=\"http:\/\/www.celttv.com.ar\/wp-content\/uploads\/2020\/07\/232148406f154b1c865fbb6b272defa4.jpg_546.jpg\" alt=\"\" width=\"370\" height=\"780\" srcset=\"https:\/\/www.celttv.com.ar\/wp-content\/uploads\/2020\/07\/232148406f154b1c865fbb6b272defa4.jpg_546.jpg 546w, https:\/\/www.celttv.com.ar\/wp-content\/uploads\/2020\/07\/232148406f154b1c865fbb6b272defa4.jpg_546-142x300.jpg 142w, https:\/\/www.celttv.com.ar\/wp-content\/uploads\/2020\/07\/232148406f154b1c865fbb6b272defa4.jpg_546-485x1024.jpg 485w\" sizes=\"auto, (max-width: 370px) 100vw, 370px\" \/><\/a> <a href=\"http:\/\/www.celttv.com.ar\/?attachment_id=50516\" rel=\"attachment wp-att-50516\"><img loading=\"lazy\" decoding=\"async\" class=\"alignleft size-medium wp-image-50516\" src=\"http:\/\/www.celttv.com.ar\/wp-content\/uploads\/2020\/07\/adb950c476de4aeb8a854ea393517e28.jpg_1152.jpg\" alt=\"\" width=\"780\" height=\"370\" srcset=\"https:\/\/www.celttv.com.ar\/wp-content\/uploads\/2020\/07\/adb950c476de4aeb8a854ea393517e28.jpg_1152.jpg 1152w, https:\/\/www.celttv.com.ar\/wp-content\/uploads\/2020\/07\/adb950c476de4aeb8a854ea393517e28.jpg_1152-300x142.jpg 300w, https:\/\/www.celttv.com.ar\/wp-content\/uploads\/2020\/07\/adb950c476de4aeb8a854ea393517e28.jpg_1152-1024x485.jpg 1024w, https:\/\/www.celttv.com.ar\/wp-content\/uploads\/2020\/07\/adb950c476de4aeb8a854ea393517e28.jpg_1152-768x364.jpg 768w, https:\/\/www.celttv.com.ar\/wp-content\/uploads\/2020\/07\/adb950c476de4aeb8a854ea393517e28.jpg_1152-750x355.jpg 750w, https:\/\/www.celttv.com.ar\/wp-content\/uploads\/2020\/07\/adb950c476de4aeb8a854ea393517e28.jpg_1152-1140x540.jpg 1140w\" sizes=\"auto, (max-width: 780px) 100vw, 780px\" \/><\/a> <a href=\"http:\/\/www.celttv.com.ar\/?attachment_id=50517\" rel=\"attachment wp-att-50517\"><img loading=\"lazy\" decoding=\"async\" class=\"alignleft size-medium wp-image-50517\" src=\"http:\/\/www.celttv.com.ar\/wp-content\/uploads\/2020\/07\/b6f88a5bd1b4480787737d3c07b2fed6.jpg_960.jpg\" alt=\"\" width=\"585\" height=\"780\" srcset=\"https:\/\/www.celttv.com.ar\/wp-content\/uploads\/2020\/07\/b6f88a5bd1b4480787737d3c07b2fed6.jpg_960.jpg 960w, https:\/\/www.celttv.com.ar\/wp-content\/uploads\/2020\/07\/b6f88a5bd1b4480787737d3c07b2fed6.jpg_960-225x300.jpg 225w, https:\/\/www.celttv.com.ar\/wp-content\/uploads\/2020\/07\/b6f88a5bd1b4480787737d3c07b2fed6.jpg_960-768x1024.jpg 768w, https:\/\/www.celttv.com.ar\/wp-content\/uploads\/2020\/07\/b6f88a5bd1b4480787737d3c07b2fed6.jpg_960-750x1000.jpg 750w\" sizes=\"auto, (max-width: 585px) 100vw, 585px\" \/><\/a> <a href=\"http:\/\/www.celttv.com.ar\/?attachment_id=50518\" rel=\"attachment wp-att-50518\"><img loading=\"lazy\" decoding=\"async\" class=\"alignleft size-medium wp-image-50518\" src=\"http:\/\/www.celttv.com.ar\/wp-content\/uploads\/2020\/07\/c2409a4730c04d3da7091167a63e5cee.jpg_960.jpg\" alt=\"\" width=\"585\" height=\"780\" srcset=\"https:\/\/www.celttv.com.ar\/wp-content\/uploads\/2020\/07\/c2409a4730c04d3da7091167a63e5cee.jpg_960.jpg 960w, https:\/\/www.celttv.com.ar\/wp-content\/uploads\/2020\/07\/c2409a4730c04d3da7091167a63e5cee.jpg_960-225x300.jpg 225w, https:\/\/www.celttv.com.ar\/wp-content\/uploads\/2020\/07\/c2409a4730c04d3da7091167a63e5cee.jpg_960-768x1024.jpg 768w, https:\/\/www.celttv.com.ar\/wp-content\/uploads\/2020\/07\/c2409a4730c04d3da7091167a63e5cee.jpg_960-750x1000.jpg 750w\" sizes=\"auto, (max-width: 585px) 100vw, 585px\" \/><\/a><\/p>\n","protected":false},"excerpt":{"rendered":"<p>Empleados de la Cooperativa El\u00e9ctrica de nuestra ciudad, debieron concurrir esta ma\u00f1ana al sector del abra de la ventana debido \u00a0a la ca\u00edda de un cable de media tensi\u00f3n que afect\u00f3 el servicio de energ\u00eda en Villa Ventana. El personal trabaj\u00f3 durante una hora y media para solucionar el inconveniente y reponer la luz. Por [&hellip;]<\/p>\n","protected":false},"author":1,"featured_media":50516,"comment_status":"closed","ping_status":"open","sticky":false,"template":"","format":"standard","meta":{"footnotes":""},"categories":[55,51,52],"tags":[],"class_list":["post-50509","post","type-post","status-publish","format-standard","has-post-thumbnail","hentry","category-celt-tv-noticias","category-comunidad","category-destacadas"],"yoast_head":"<!-- This site is optimized with the Yoast SEO plugin v19.7.1 - https:\/\/yoast.com\/wordpress\/plugins\/seo\/ -->\n<title>VILLA VENTANA: se restableci\u00f3 el servicio tras ca\u00edda de cable de media tensi\u00f3n - CELTTV<\/title>\n<meta name=\"description\" content=\"Sitio web de noticias de la localidad de Tornquist, provincia de Buenos Aires, Rep\u00fablica Argentina. Contenido propio originado por periodistas de CELTTV, el canal de TV local de la Cooperativa El\u00e9ctrica de Tornquist. Turismo, Pol\u00edtica, Sociedad, Deporte, Cultura y todo el contenido de inter\u00e9s general que la gente del pueblo y la regi\u00f3n debe conocer.\" \/>\n<meta name=\"robots\" content=\"index, follow, max-snippet:-1, max-image-preview:large, max-video-preview:-1\" \/>\n<link rel=\"canonical\" href=\"https:\/\/www.celttv.com.ar\/index.php\/2020\/07\/14\/villa-ventana-se-restablecio-el-servicio-tras-caida-de-cable-de-media-tension\/\" \/>\n<meta property=\"og:locale\" content=\"es_ES\" \/>\n<meta property=\"og:type\" content=\"article\" \/>\n<meta property=\"og:title\" content=\"VILLA VENTANA: se restableci\u00f3 el servicio tras ca\u00edda de cable de media tensi\u00f3n - CELTTV\" \/>\n<meta property=\"og:description\" content=\"Sitio web de noticias de la localidad de Tornquist, provincia de Buenos Aires, Rep\u00fablica Argentina. Contenido propio originado por periodistas de CELTTV, el canal de TV local de la Cooperativa El\u00e9ctrica de Tornquist. Turismo, Pol\u00edtica, Sociedad, Deporte, Cultura y todo el contenido de inter\u00e9s general que la gente del pueblo y la regi\u00f3n debe conocer.\" \/>\n<meta property=\"og:url\" content=\"https:\/\/www.celttv.com.ar\/index.php\/2020\/07\/14\/villa-ventana-se-restablecio-el-servicio-tras-caida-de-cable-de-media-tension\/\" \/>\n<meta property=\"og:site_name\" content=\"CELTTV\" \/>\n<meta property=\"article:publisher\" content=\"https:\/\/www.facebook.com\/celtTV\/\" \/>\n<meta property=\"article:published_time\" content=\"2020-07-14T13:53:08+00:00\" \/>\n<meta property=\"og:image\" content=\"https:\/\/www.celttv.com.ar\/wp-content\/uploads\/2020\/07\/adb950c476de4aeb8a854ea393517e28.jpg_1152.jpg\" \/>\n\t<meta property=\"og:image:width\" content=\"1152\" \/>\n\t<meta property=\"og:image:height\" content=\"546\" \/>\n\t<meta property=\"og:image:type\" content=\"image\/jpeg\" \/>\n<meta name=\"author\" content=\"ulises\" \/>\n<meta name=\"twitter:card\" content=\"summary_large_image\" \/>\n<meta name=\"twitter:label1\" content=\"Escrito por\" \/>\n\t<meta name=\"twitter:data1\" content=\"ulises\" \/>\n<script type=\"application\/ld+json\" class=\"yoast-schema-graph\">{\"@context\":\"https:\/\/schema.org\",\"@graph\":[{\"@type\":\"NewsArticle\",\"@id\":\"https:\/\/www.celttv.com.ar\/index.php\/2020\/07\/14\/villa-ventana-se-restablecio-el-servicio-tras-caida-de-cable-de-media-tension\/#article\",\"isPartOf\":{\"@id\":\"https:\/\/www.celttv.com.ar\/index.php\/2020\/07\/14\/villa-ventana-se-restablecio-el-servicio-tras-caida-de-cable-de-media-tension\/\"},\"author\":{\"name\":\"ulises\",\"@id\":\"https:\/\/www.celttv.com.ar\/#\/schema\/person\/6d99c072dba59953809c81446e9d0ace\"},\"headline\":\"VILLA VENTANA: se restableci\u00f3 el servicio tras ca\u00edda de cable de media tensi\u00f3n\",\"datePublished\":\"2020-07-14T13:53:08+00:00\",\"dateModified\":\"2020-07-14T13:53:08+00:00\",\"mainEntityOfPage\":{\"@id\":\"https:\/\/www.celttv.com.ar\/index.php\/2020\/07\/14\/villa-ventana-se-restablecio-el-servicio-tras-caida-de-cable-de-media-tension\/\"},\"wordCount\":101,\"publisher\":{\"@id\":\"https:\/\/www.celttv.com.ar\/#organization\"},\"articleSection\":[\"Celt TV Noticias\",\"Comunidad\",\"Destacadas\"],\"inLanguage\":\"es\"},{\"@type\":\"WebPage\",\"@id\":\"https:\/\/www.celttv.com.ar\/index.php\/2020\/07\/14\/villa-ventana-se-restablecio-el-servicio-tras-caida-de-cable-de-media-tension\/\",\"url\":\"https:\/\/www.celttv.com.ar\/index.php\/2020\/07\/14\/villa-ventana-se-restablecio-el-servicio-tras-caida-de-cable-de-media-tension\/\",\"name\":\"VILLA VENTANA: se restableci\u00f3 el servicio tras ca\u00edda de cable de media tensi\u00f3n - CELTTV\",\"isPartOf\":{\"@id\":\"https:\/\/www.celttv.com.ar\/#website\"},\"datePublished\":\"2020-07-14T13:53:08+00:00\",\"dateModified\":\"2020-07-14T13:53:08+00:00\",\"description\":\"Sitio web de noticias de la localidad de Tornquist, provincia de Buenos Aires, Rep\u00fablica Argentina. Contenido propio originado por periodistas de CELTTV, el canal de TV local de la Cooperativa El\u00e9ctrica de Tornquist. Turismo, Pol\u00edtica, Sociedad, Deporte, Cultura y todo el contenido de inter\u00e9s general que la gente del pueblo y la regi\u00f3n debe conocer.\",\"breadcrumb\":{\"@id\":\"https:\/\/www.celttv.com.ar\/index.php\/2020\/07\/14\/villa-ventana-se-restablecio-el-servicio-tras-caida-de-cable-de-media-tension\/#breadcrumb\"},\"inLanguage\":\"es\",\"potentialAction\":[{\"@type\":\"ReadAction\",\"target\":[\"https:\/\/www.celttv.com.ar\/index.php\/2020\/07\/14\/villa-ventana-se-restablecio-el-servicio-tras-caida-de-cable-de-media-tension\/\"]}]},{\"@type\":\"BreadcrumbList\",\"@id\":\"https:\/\/www.celttv.com.ar\/index.php\/2020\/07\/14\/villa-ventana-se-restablecio-el-servicio-tras-caida-de-cable-de-media-tension\/#breadcrumb\",\"itemListElement\":[{\"@type\":\"ListItem\",\"position\":1,\"name\":\"Inicio\",\"item\":\"https:\/\/www.celttv.com.ar\/\"},{\"@type\":\"ListItem\",\"position\":2,\"name\":\"VILLA VENTANA: se restableci\u00f3 el servicio tras ca\u00edda de cable de media tensi\u00f3n\"}]},{\"@type\":\"WebSite\",\"@id\":\"https:\/\/www.celttv.com.ar\/#website\",\"url\":\"https:\/\/www.celttv.com.ar\/\",\"name\":\"CELTTV\",\"description\":\"Cooperativa El\u00e9ctrica de Tornquist\",\"publisher\":{\"@id\":\"https:\/\/www.celttv.com.ar\/#organization\"},\"potentialAction\":[{\"@type\":\"SearchAction\",\"target\":{\"@type\":\"EntryPoint\",\"urlTemplate\":\"https:\/\/www.celttv.com.ar\/?s={search_term_string}\"},\"query-input\":\"required name=search_term_string\"}],\"inLanguage\":\"es\"},{\"@type\":\"Organization\",\"@id\":\"https:\/\/www.celttv.com.ar\/#organization\",\"name\":\"CELTTV\",\"url\":\"https:\/\/www.celttv.com.ar\/\",\"sameAs\":[\"https:\/\/www.youtube.com\/channel\/UCz_oIt8Hig64Ub-EmcNPIhg\",\"https:\/\/www.facebook.com\/celtTV\/\"],\"logo\":{\"@type\":\"ImageObject\",\"inLanguage\":\"es\",\"@id\":\"https:\/\/www.celttv.com.ar\/#\/schema\/logo\/image\/\",\"url\":\"http:\/\/www.celttv.com.ar\/wp-content\/uploads\/2022\/08\/logo-1.png\",\"contentUrl\":\"http:\/\/www.celttv.com.ar\/wp-content\/uploads\/2022\/08\/logo-1.png\",\"width\":461,\"height\":159,\"caption\":\"CELTTV\"},\"image\":{\"@id\":\"https:\/\/www.celttv.com.ar\/#\/schema\/logo\/image\/\"}},{\"@type\":\"Person\",\"@id\":\"https:\/\/www.celttv.com.ar\/#\/schema\/person\/6d99c072dba59953809c81446e9d0ace\",\"name\":\"ulises\",\"image\":{\"@type\":\"ImageObject\",\"inLanguage\":\"es\",\"@id\":\"https:\/\/www.celttv.com.ar\/#\/schema\/person\/image\/\",\"url\":\"https:\/\/secure.gravatar.com\/avatar\/7f2c48bdc33b30088f941fb6082e555f2874c98e20cb159d7b92b50eadfce793?s=96&d=mm&r=g\",\"contentUrl\":\"https:\/\/secure.gravatar.com\/avatar\/7f2c48bdc33b30088f941fb6082e555f2874c98e20cb159d7b92b50eadfce793?s=96&d=mm&r=g\",\"caption\":\"ulises\"},\"sameAs\":[\"http:\/\/www.celttv.com.ar\"]}]}<\/script>\n<!-- \/ Yoast SEO plugin. -->","yoast_head_json":{"title":"VILLA VENTANA: se restableci\u00f3 el servicio tras ca\u00edda de cable de media tensi\u00f3n - CELTTV","description":"Sitio web de noticias de la localidad de Tornquist, provincia de Buenos Aires, Rep\u00fablica Argentina. Contenido propio originado por periodistas de CELTTV, el canal de TV local de la Cooperativa El\u00e9ctrica de Tornquist. Turismo, Pol\u00edtica, Sociedad, Deporte, Cultura y todo el contenido de inter\u00e9s general que la gente del pueblo y la regi\u00f3n debe conocer.","robots":{"index":"index","follow":"follow","max-snippet":"max-snippet:-1","max-image-preview":"max-image-preview:large","max-video-preview":"max-video-preview:-1"},"canonical":"https:\/\/www.celttv.com.ar\/index.php\/2020\/07\/14\/villa-ventana-se-restablecio-el-servicio-tras-caida-de-cable-de-media-tension\/","og_locale":"es_ES","og_type":"article","og_title":"VILLA VENTANA: se restableci\u00f3 el servicio tras ca\u00edda de cable de media tensi\u00f3n - CELTTV","og_description":"Sitio web de noticias de la localidad de Tornquist, provincia de Buenos Aires, Rep\u00fablica Argentina. Contenido propio originado por periodistas de CELTTV, el canal de TV local de la Cooperativa El\u00e9ctrica de Tornquist. Turismo, Pol\u00edtica, Sociedad, Deporte, Cultura y todo el contenido de inter\u00e9s general que la gente del pueblo y la regi\u00f3n debe conocer.","og_url":"https:\/\/www.celttv.com.ar\/index.php\/2020\/07\/14\/villa-ventana-se-restablecio-el-servicio-tras-caida-de-cable-de-media-tension\/","og_site_name":"CELTTV","article_publisher":"https:\/\/www.facebook.com\/celtTV\/","article_published_time":"2020-07-14T13:53:08+00:00","og_image":[{"width":1152,"height":546,"url":"https:\/\/www.celttv.com.ar\/wp-content\/uploads\/2020\/07\/adb950c476de4aeb8a854ea393517e28.jpg_1152.jpg","type":"image\/jpeg"}],"author":"ulises","twitter_card":"summary_large_image","twitter_misc":{"Escrito por":"ulises"},"schema":{"@context":"https:\/\/schema.org","@graph":[{"@type":"NewsArticle","@id":"https:\/\/www.celttv.com.ar\/index.php\/2020\/07\/14\/villa-ventana-se-restablecio-el-servicio-tras-caida-de-cable-de-media-tension\/#article","isPartOf":{"@id":"https:\/\/www.celttv.com.ar\/index.php\/2020\/07\/14\/villa-ventana-se-restablecio-el-servicio-tras-caida-de-cable-de-media-tension\/"},"author":{"name":"ulises","@id":"https:\/\/www.celttv.com.ar\/#\/schema\/person\/6d99c072dba59953809c81446e9d0ace"},"headline":"VILLA VENTANA: se restableci\u00f3 el servicio tras ca\u00edda de cable de media tensi\u00f3n","datePublished":"2020-07-14T13:53:08+00:00","dateModified":"2020-07-14T13:53:08+00:00","mainEntityOfPage":{"@id":"https:\/\/www.celttv.com.ar\/index.php\/2020\/07\/14\/villa-ventana-se-restablecio-el-servicio-tras-caida-de-cable-de-media-tension\/"},"wordCount":101,"publisher":{"@id":"https:\/\/www.celttv.com.ar\/#organization"},"articleSection":["Celt TV Noticias","Comunidad","Destacadas"],"inLanguage":"es"},{"@type":"WebPage","@id":"https:\/\/www.celttv.com.ar\/index.php\/2020\/07\/14\/villa-ventana-se-restablecio-el-servicio-tras-caida-de-cable-de-media-tension\/","url":"https:\/\/www.celttv.com.ar\/index.php\/2020\/07\/14\/villa-ventana-se-restablecio-el-servicio-tras-caida-de-cable-de-media-tension\/","name":"VILLA VENTANA: se restableci\u00f3 el servicio tras ca\u00edda de cable de media tensi\u00f3n - CELTTV","isPartOf":{"@id":"https:\/\/www.celttv.com.ar\/#website"},"datePublished":"2020-07-14T13:53:08+00:00","dateModified":"2020-07-14T13:53:08+00:00","description":"Sitio web de noticias de la localidad de Tornquist, provincia de Buenos Aires, Rep\u00fablica Argentina. Contenido propio originado por periodistas de CELTTV, el canal de TV local de la Cooperativa El\u00e9ctrica de Tornquist. Turismo, Pol\u00edtica, Sociedad, Deporte, Cultura y todo el contenido de inter\u00e9s general que la gente del pueblo y la regi\u00f3n debe conocer.","breadcrumb":{"@id":"https:\/\/www.celttv.com.ar\/index.php\/2020\/07\/14\/villa-ventana-se-restablecio-el-servicio-tras-caida-de-cable-de-media-tension\/#breadcrumb"},"inLanguage":"es","potentialAction":[{"@type":"ReadAction","target":["https:\/\/www.celttv.com.ar\/index.php\/2020\/07\/14\/villa-ventana-se-restablecio-el-servicio-tras-caida-de-cable-de-media-tension\/"]}]},{"@type":"BreadcrumbList","@id":"https:\/\/www.celttv.com.ar\/index.php\/2020\/07\/14\/villa-ventana-se-restablecio-el-servicio-tras-caida-de-cable-de-media-tension\/#breadcrumb","itemListElement":[{"@type":"ListItem","position":1,"name":"Inicio","item":"https:\/\/www.celttv.com.ar\/"},{"@type":"ListItem","position":2,"name":"VILLA VENTANA: se restableci\u00f3 el servicio tras ca\u00edda de cable de media tensi\u00f3n"}]},{"@type":"WebSite","@id":"https:\/\/www.celttv.com.ar\/#website","url":"https:\/\/www.celttv.com.ar\/","name":"CELTTV","description":"Cooperativa El\u00e9ctrica de Tornquist","publisher":{"@id":"https:\/\/www.celttv.com.ar\/#organization"},"potentialAction":[{"@type":"SearchAction","target":{"@type":"EntryPoint","urlTemplate":"https:\/\/www.celttv.com.ar\/?s={search_term_string}"},"query-input":"required name=search_term_string"}],"inLanguage":"es"},{"@type":"Organization","@id":"https:\/\/www.celttv.com.ar\/#organization","name":"CELTTV","url":"https:\/\/www.celttv.com.ar\/","sameAs":["https:\/\/www.youtube.com\/channel\/UCz_oIt8Hig64Ub-EmcNPIhg","https:\/\/www.facebook.com\/celtTV\/"],"logo":{"@type":"ImageObject","inLanguage":"es","@id":"https:\/\/www.celttv.com.ar\/#\/schema\/logo\/image\/","url":"http:\/\/www.celttv.com.ar\/wp-content\/uploads\/2022\/08\/logo-1.png","contentUrl":"http:\/\/www.celttv.com.ar\/wp-content\/uploads\/2022\/08\/logo-1.png","width":461,"height":159,"caption":"CELTTV"},"image":{"@id":"https:\/\/www.celttv.com.ar\/#\/schema\/logo\/image\/"}},{"@type":"Person","@id":"https:\/\/www.celttv.com.ar\/#\/schema\/person\/6d99c072dba59953809c81446e9d0ace","name":"ulises","image":{"@type":"ImageObject","inLanguage":"es","@id":"https:\/\/www.celttv.com.ar\/#\/schema\/person\/image\/","url":"https:\/\/secure.gravatar.com\/avatar\/7f2c48bdc33b30088f941fb6082e555f2874c98e20cb159d7b92b50eadfce793?s=96&d=mm&r=g","contentUrl":"https:\/\/secure.gravatar.com\/avatar\/7f2c48bdc33b30088f941fb6082e555f2874c98e20cb159d7b92b50eadfce793?s=96&d=mm&r=g","caption":"ulises"},"sameAs":["http:\/\/www.celttv.com.ar"]}]}},"_links":{"self":[{"href":"https:\/\/www.celttv.com.ar\/index.php\/wp-json\/wp\/v2\/posts\/50509","targetHints":{"allow":["GET"]}}],"collection":[{"href":"https:\/\/www.celttv.com.ar\/index.php\/wp-json\/wp\/v2\/posts"}],"about":[{"href":"https:\/\/www.celttv.com.ar\/index.php\/wp-json\/wp\/v2\/types\/post"}],"author":[{"embeddable":true,"href":"https:\/\/www.celttv.com.ar\/index.php\/wp-json\/wp\/v2\/users\/1"}],"replies":[{"embeddable":true,"href":"https:\/\/www.celttv.com.ar\/index.php\/wp-json\/wp\/v2\/comments?post=50509"}],"version-history":[{"count":0,"href":"https:\/\/www.celttv.com.ar\/index.php\/wp-json\/wp\/v2\/posts\/50509\/revisions"}],"wp:featuredmedia":[{"embeddable":true,"href":"https:\/\/www.celttv.com.ar\/index.php\/wp-json\/wp\/v2\/media\/50516"}],"wp:attachment":[{"href":"https:\/\/www.celttv.com.ar\/index.php\/wp-json\/wp\/v2\/media?parent=50509"}],"wp:term":[{"taxonomy":"category","embeddable":true,"href":"https:\/\/www.celttv.com.ar\/index.php\/wp-json\/wp\/v2\/categories?post=50509"},{"taxonomy":"post_tag","embeddable":true,"href":"https:\/\/www.celttv.com.ar\/index.php\/wp-json\/wp\/v2\/tags?post=50509"}],"curies":[{"name":"wp","href":"https:\/\/api.w.org\/{rel}","templated":true}]}}