{"id":50525,"date":"2020-07-14T19:04:16","date_gmt":"2020-07-14T19:04:16","guid":{"rendered":"http:\/\/www.celttv.com.ar\/?p=50525"},"modified":"2020-07-14T19:04:16","modified_gmt":"2020-07-14T19:04:16","slug":"hcd-informe-de-la-sesion-ordinaria-del-pasado-7-de-julio","status":"publish","type":"post","link":"https:\/\/www.celttv.com.ar\/index.php\/2020\/07\/14\/hcd-informe-de-la-sesion-ordinaria-del-pasado-7-de-julio\/","title":{"rendered":"HCD. Informe de la sesi\u00f3n ordinaria del pasado 7 de julio"},"content":{"rendered":"<p>Temas tratados:<\/p>\n<p><strong><u>Comunicaciones oficiales y dict\u00e1menes de las Comisiones:<\/u><\/strong><\/p>\n<p>&nbsp;<\/p>\n<p><strong><u>Expte. N\u00ba 010\/08:<\/u><\/strong> \u201cN.P. \u2013 Muscillo y Llanos: Solicitan regularizar situaci\u00f3n s\/adquisici\u00f3n\u00a0 Lote Municipal (Cuerpo V)\u201d.<\/p>\n<p>Este Expediente pasa a las Comisiones de Obras P\u00fablicas, y Presupuesto y Hacienda.<\/p>\n<p>&nbsp;<\/p>\n<p><strong><u>Expte. N\u00ba 071\/20:<\/u><\/strong> \u201cD.E. Eximici\u00f3n a Instituciones Religiosas del Distrito para el Ejercicio 2020, en las Tasas y Contribuciones por mejoras Municipales\u201d.<\/p>\n<p>Se solicita tratamiento sobre Tablas. Se aprueba por unanimidad la Ordenanza N\u00ba 3235\/20 por la que se exime para el ejercicio 2020 del pago de las siguientes Tasas\u00a0 Municipales, previstas en el C\u00f3digo Municipal Tributario Vigente: Tasa por Servicios P\u00fablicos Urbanos, Tasa de Salud, Servicios Sanitarios y Tasa por Conservaci\u00f3n, Reparaci\u00f3n y Mejorado de la Red Vial, correspondientes a las partidas del Distrito, pertenecientes a diversas instituciones religiosas.-<\/p>\n<p>&nbsp;<\/p>\n<p><strong><u>Expte. <\/u><\/strong><strong><u>N\u00ba 082\/20:<\/u><\/strong> \u201cD.E. Eximici\u00f3n a Instituciones del Distrito para el Ejercicio 2020, en las Tasas y Contribuciones por mejoras Municipales\u201d.<\/p>\n<p>Se solicita tratamiento sobre Tablas. Se aprueba por unanimidad la Ordenanza N\u00ba 3236\/20 por la que se exime para el ejercicio 2020 del pago de las siguientes Tasas\u00a0 Municipales, previstas en el C\u00f3digo Municipal Tributario Vigente: Tasa por Servicios P\u00fablicos Urbanos, Tasa de Salud, Servicios Sanitarios y Tasa por Conservaci\u00f3n, Reparaci\u00f3n y Mejorado de la Red Vial, correspondientes a las partidas del Distrito, pertenecientes a diversas instituciones de Bien P\u00fablico.-<\/p>\n<p>&nbsp;<\/p>\n<p><strong><u>Expte. <\/u><\/strong><strong><u>N\u00ba 7186\/20:<\/u><\/strong> \u201cH.C.D. Proyecto de Ordenanza: Ref. Eximici\u00f3n y Pr\u00f3rroga de Tasas a ciertos Comerciantes y Sector Tur\u00edstico (Covid 19)\u201d.<\/p>\n<p>Este Expediente pasa a las Comisiones de: Presupuesto y Hacienda, y Asuntos Municipales.<\/p>\n<p>&nbsp;<\/p>\n<p><strong><u>Expte. <\/u><\/strong><strong><u>N\u00ba 7193\/20:<\/u><\/strong> \u201cH.C.D. Proyecto de Ordenanza: Ref. Adhesi\u00f3n a la Ley Provincial N\u00ba 15.134- Capacitaci\u00f3n obligatoria en la tem\u00e1tica de G\u00e9nero y Violencia contra las Mujeres. (Ley Micaela Bonaerense)\u201d.<\/p>\n<p>Este Expediente pasa a las Comisiones de: Salud P\u00fablica y Asuntos Municipales.<\/p>\n<p>&nbsp;<\/p>\n<p><strong><u>Expte. <\/u><\/strong><strong><u>N\u00ba 7137\/19:<\/u><\/strong> \u201cN.P. \u2013 Vecinos de Tornquist: Unificaci\u00f3n de espacio f\u00edsico para renovaci\u00f3n Licencia de Conducir\u201d.<\/p>\n<p>Se aprueba por unanimidad el dictamen de la Comisi\u00f3n\u00a0 de ASUNTOS MUNICIPALES<strong>\u00a0 <\/strong>que aconseja enviar el mismo al \u00e1rea de Salud para que se expida al respecto.-<\/p>\n<p>&nbsp;<\/p>\n<p><strong><u>Expte. <\/u><\/strong><strong><u>N\u00ba 7192\/20:<\/u><\/strong> \u201cBloques Frente de Todos y Frente Justicialista Cumplir- Proyecto de Ordenanza: Crea Mesa Local Intersectorial- Violencia Familiar y de G\u00e9nero\u201d.<\/p>\n<p>Se aprueba por unanimidad el dictamen de las \u00a0Comisiones de <strong>\u00a0<\/strong>ASUNTOS MUNICIPALES,\u00a0 INTERPRETACI\u00d3N Y REGLAMENTO Y PRESUPUESTO Y HACIENDA,<strong>\u00a0 <\/strong>que aconsejan enviar el mismo al Departamento Ejecutivo para su an\u00e1lisis.-<\/p>\n<p>&nbsp;<\/p>\n<p><strong><u>Proyectos Presentados<\/u><\/strong><\/p>\n<p>&nbsp;<\/p>\n<p><strong><u>Bloque Cambiemos Bs. As. \u00a0y Juntos por el Cambio- Proyecto de Resoluci\u00f3n:<\/u><\/strong> Expresa benepl\u00e1cito por el proyecto de Ley presentado por la Diputada Carolina P\u00edparo, en relaci\u00f3n a derechos y garant\u00edas de las\u00a0 \u00a0v\u00edctimas de delito.<\/p>\n<p>Se solicita tratamiento sobre Tablas. Se forma el Expediente N\u00ba 7194\/20 y se aprueba por unanimidad la Resoluci\u00f3n N\u00ba 11\/20 por la que el Honorable Concejo Deliberante de Tornquist\u00a0 expresa su benepl\u00e1cito al proyecto de ley que tramita por Expediente N\u00ba D- 953\/20-21- 0 de la Honorable C\u00e1mara de Diputados de la Provincia de Buenos Aires, iniciado por la diputada Carolina P\u00edparo con el objetivo de consagrar Derechos y Garant\u00edas para las personas v\u00edctimas de delito en la \u00a0Provincia de Buenos Aires. Se env\u00eda copia a la Honorable c\u00e1mara de Diputados de la Provincia de Buenos Aires.-<\/p>\n<p>&nbsp;<\/p>\n<p><strong><u>Bloque Cambiemos<\/u><\/strong><strong><u> Bs. As. <\/u><\/strong><strong><u>\u00a0y Juntos por el Cambio<\/u><\/strong><strong><u>&#8211; Proyecto de Resoluci\u00f3n:<\/u><\/strong> Manifestar profunda preocupaci\u00f3n y repudio por el dictado del Decreto de Necesidad y Urgencia (DNU) 522\/2020, de fecha 9 de junio de 2020, mediante el que se dispone la intervenci\u00f3n administrativa de la sociedad VICENTIN S.A.I.C. (CUIT 30-50095962-9), as\u00ed como por el proyecto de expropiaci\u00f3n de la firma elaborado por la Senadora Nacional Anabel Fern\u00e1ndez Sagasti.-<\/p>\n<p>Se aprueba por unanimidad la \u00a0formaci\u00f3n de Expediente y el pase a Comisi\u00f3n.-<\/p>\n<p>&nbsp;<\/p>\n<p><strong><u>Bloque Cambiemos<\/u><\/strong><strong><u> Bs. As. <\/u><\/strong><strong><u>\u00a0y Juntos por el Cambio<\/u><\/strong><strong><u>&#8211; Proyecto de Resoluci\u00f3n:<\/u><\/strong><\/p>\n<p>Rechazo enf\u00e1tico al nuevo proyecto de Ley del Poder Ejecutivo Nacional que suspende hasta el 31 de diciembre de 2020 la aplicaci\u00f3n de la Ley de Movilidad Jubilatoria.<\/p>\n<p>Se aprueba por unanimidad la \u00a0formaci\u00f3n de Expediente y el pase a Comisi\u00f3n.-<\/p>\n<p>&nbsp;<\/p>\n<p><strong><u>Bloque Cambiemos Bs. As.\u00a0 y Juntos por el Cambio- Proyecto de Resoluci\u00f3n:<\/u><\/strong> El Concejo Deliberante de Tornquist solicita a la Honorable C\u00e1mara de Diputados de la Provincia de Buenos Aires, la pronta sanci\u00f3n del Proyecto de Ley Expte. D-1217\/20-21, que en su art\u00edculo primero establece que las sumas monetarias transferidas o a transferirse a los municipios en el marco de lo dispuesto por el Decreto Provincial 264\/2020 (\u201cFondo Especial de Emergencia Sanitaria para la Contenci\u00f3n Fiscal Municipal\u201d en el marco de la emergencia sanitaria dispuesta por el Decreto N\u00ba 132\/20 con el objetivo de contribuir con el pago de sueldos a los empleados municipales permitiendo sostener las prestaciones b\u00e1sicas de los municipios en el marco de la pandemia Covid -19), que as\u00ed lo hayan requerido o requieran en el futuro, sean considerados giros no reembolsables.-<\/p>\n<p>Se aprueba por unanimidad la \u00a0formaci\u00f3n de Expediente y el pase a Comisi\u00f3n.-<\/p>\n<p>&nbsp;<\/p>\n<p><strong><u>Bloques Frente de Todos y Frente Justicialista Cumplir- Proyecto de Resoluci\u00f3n:<\/u><\/strong> Apoyo al Proyecto de Ley del Senador Luis Omar Vivona- Donaci\u00f3n Plasma de pacientes recuperados de Covid-19.-<\/p>\n<p>Se solicita tratamiento sobre Tablas. Se forma el Expediente N\u00ba 7198\/20 y se aprueba por unanimidad la Resoluci\u00f3n N\u00ba 12\/20 por la que el\u00a0 Honorable Concejo Deliberante de Tornquist manifiesta su apoyo al Proyecto de Ley presentado en la Honorable C\u00e1mara de Senadores de la Provincia de Buenos Aires por el Senador Luis Omar Vivona bajo Expte N\u00ba 158-20-21, declarando de inter\u00e9s Provincial la donaci\u00f3n de Plasma de pacientes recuperados de COVID-19, bregando por su pronta aprobaci\u00f3n en la Legislatura de la Provincia de Buenos Aires,\u00a0 atento que el mismo reviste inter\u00e9s p\u00fablico por la protecci\u00f3n de la salud p\u00fablica y como estrategia sanitaria para luchar contra la pandemia de COVID-19. Se solicita a la Secretar\u00eda de Salud del distrito de Tornquist que realice campa\u00f1as de difusi\u00f3n y concientizaci\u00f3n sobre la importancia de la donaci\u00f3n de plasma rico en anticuerpos. Se env\u00eda\u00a0 copia a la Honorable C\u00e1mara de Diputados, a la Honorable C\u00e1mara de Senadores de la Provincia de Buenos Aires, y a los Concejos Deliberantes de la Provincia de Buenos Aires invitando a manifestarse en el mismo sentido.-<\/p>\n<p>&nbsp;<\/p>\n<p><strong><u>Bloque Cambiemos Bs. As.\u00a0 y Juntos por el Cambio- Proyecto de Resoluci\u00f3n:<\/u><\/strong> Celebrar y adherir a la iniciativa del proyecto de Declaraci\u00f3n presentado por la\u00a0 Diputada Ana Carla\u00a0 Carrizo, que tramita bajo el Expediente 3187-D-2020 en la Honorable C\u00e1mara de Diputados de la Naci\u00f3n Argentina, por el cual manifiesta\u00a0 la\u00a0 Suspensi\u00f3n de aportes y contribuciones sobre el salario anual complementario.-<\/p>\n<p>Se solicita formaci\u00f3n de Expediente y pase a Comisi\u00f3n.-<\/p>\n<p>&nbsp;<\/p>\n<p><strong><u>Asuntos Particulares <\/u><\/strong><\/p>\n<p><strong><u>\u00a0<\/u><\/strong><\/p>\n<p><strong><u>N.P. Micaela Costas, Presidente CAMCOTISAS; Olaberry Mart\u00edn por Ventania Golf Resort; y Luciano Novomisky por Balc\u00f3n del Golf:<\/u><\/strong> Solicitan se declare de Inter\u00e9s Municipal el Proyecto y Protocolo de reconversi\u00f3n de complejos de caba\u00f1as y otros de la regi\u00f3n de Ventania en alojamientos permanentes bajo un contexto de Covid 19 (sujeto a aprobaci\u00f3n final de autoridades sanitarias).<\/p>\n<p>Desde Presidencia se dar\u00e1 respuesta a la misiva.<\/p>\n<p>&nbsp;<\/p>\n<p>&nbsp;<\/p>\n<p><strong><u>N.P. Empleados de Casinos de la Provincia de Buenos Aires:<\/u><\/strong> Solicitan pronunciamiento del H.C.D. en relaci\u00f3n a la situaci\u00f3n que atraviesan en el marco de la pandemia del COVID-19.<\/p>\n<p>Se solicita tratamiento sobre Tablas.<\/p>\n<p>Se forma el Expediente N\u00ba 7200\/20 y se aprueba por unanimidad la Resoluci\u00f3n N\u00ba 13\/20 por la que este Cuerpo Deliberativo manifiesta el apoyo al reclamo realizado por los empleados de Casinos de la Provincia de Buenos Aires. Se solicita a las autoridades correspondientes atiendan de manera urgente la cr\u00edtica situaci\u00f3n que atraviesan los empleados del sector. Se env\u00eda copia de la presente al Director Provincial de Loter\u00eda y Casinos Omar Galdurralde, al Gobernador de la Provincia de Buenos Aires Axel Kicillof, y a los Concejos Deliberantes de la Provincia de Buenos Aires invitando a manifestarse en el mismo sentido.-<\/p>\n<p>&nbsp;<\/p>\n<p>Alocuciones de los Concejales:<\/p>\n<p>&nbsp;<\/p>\n<p>Concejal M\u00f3nica Sagredo:<\/p>\n<p>\u201cDurante todos estos meses desde que comenzamos con toda esta problem\u00e1tica de la pandemia del Covid, que como hemos dicho tantas veces azota al mundo entero no s\u00f3lo nuestro pa\u00eds. En varias oportunidades hemos hablado sobre el tema y siempre he manifestado que desde un principio nos hemos puesto a disposici\u00f3n del Ejecutivo Municipal, de nuestros vecinos, para poder trabajar en forma conjunta, para buscar soluciones a los problemas que van surgiendo, para poder buscar la mejor manera de cuidarnos entre todos, y la verdad es que en todo este camino no siempre estuvimos de acuerdo con todo lo que se hizo \u00bfno? y nuestra reacci\u00f3n siempre ha sido la de tratar de dialogar, la de hablar las veces que sean necesarias con cada integrante del Departamento Ejecutivo, ya sea para apoyar lo que est\u00e1n haciendo o para plantear alguna situaci\u00f3n, alg\u00fan desacuerdo, tratar de llegar a un consenso. Creo que siempre los cinco concejales de la oposici\u00f3n nos hemos mantenido en ese camino y en esa postura, tratando de dejar de lado las chicanas pol\u00edticas y las contrariedades que habitualmente suelen darse. Tuvimos hace un tiempo una situaci\u00f3n que debimos salir a aclarar, porque se nos intentaba poner en un lugar de que no quer\u00edamos que la gente trabaje, tuvimos que hacer esa aclaraci\u00f3n porque nada m\u00e1s lejos de eso. Y la verdad es que en todo este tiempo han surgido distintas acciones, distintas campa\u00f1as, distintas maneras de ayudar y de colaborar, hacer menos dolorosa, m\u00e1s llevadera esta situaci\u00f3n. En ese contexto la semana pasada, si bien yo no estuve presente pero escuchaba despu\u00e9s y le\u00ed en el Acta las palabras del Concejal Fonfr\u00eda donde dec\u00eda que hab\u00eda sentido verg\u00fcenza al ver un cami\u00f3n de Desarrollo Social que tra\u00eda abrigos para la gente del Distrito en el marco de la Campa\u00f1a \u201cAbrigo para todos\u201d, porque ven\u00eda a nombre o porque hab\u00eda sido solicitado por alg\u00fan referente. La verdad es que m\u00e1s all\u00e1 de c\u00f3mo se canalice o no, creo que no hay que avergonzarse de que estemos dando abrigo a la gente, de hecho verg\u00fcenza tendr\u00eda que darnos que durante cuatro a\u00f1os cuando ped\u00edamos la ayuda para la gente se nos negaba que existiera tal necesidad. Y s\u00ed verg\u00fcenza tambi\u00e9n a m\u00ed me da, a m\u00ed s\u00ed me da verg\u00fcenza, que cuando nos referimos al tema de la pandemia y a la gravedad de esto haya funcionarios, funcionarias, espec\u00edficamente una Concejala de Cambiemos, que en m\u00e1s de una oportunidad haya expresado que desde que empez\u00f3 esta bendita pandemia nos tienen a todos encerrados, no quieren que la gente trabaje, que si las cosas son como ustedes las dicen estar\u00edamos todos muertos. Me parece que eso es grave, que s\u00ed me averg\u00fcenza porque nosotros somos representantes del pueblo, somos representantes de un pueblo en el que si bien hay mucha gente que piensa de esa manera creo que la gran mayor\u00eda realmente entiende que esto no es una mentira, que esto no es un invento, que esto es un tema sanitario grave, lo vemos, vemos lo que ha sucedido en otros pa\u00edses, vemos lo que acaba hoy con Bolsonaro que tanto minimiz\u00f3 una gripecita y termina siendo infectado. Entonces me parece que minimizar o decir que si fuese que somos exagerados y que estar\u00edamos todos muertos, la verdad creo que es\u00a0 algo grave y es una falta de consideraci\u00f3n y de respeto hacia todas aquellas personas que s\u00ed est\u00e1n en riesgo, que s\u00ed tienen miedo, que s\u00ed est\u00e1n expuestas todo el tiempo porque est\u00e1n en la primera l\u00ednea de los posibles contagios, como por ejemplo el personal de salud, realmente eso creo que s\u00ed es para avergonzarse, no c\u00f3mo vengan o de d\u00f3nde vengan los abrigos que se le entrega a la gente que necesita en el Distrito, nada m\u00e1s se\u00f1or Presidente\u201d.<\/p>\n<p>&nbsp;<\/p>\n<p>Concejal Jos\u00e9 M. Fonfr\u00eda:<\/p>\n<p>\u201cJustamente lo que yo manifest\u00e9 y sigo manifestando lo mismo, es que la semana anterior a la Sesi\u00f3n Extraordinaria del mi\u00e9rcoles pasado, se hab\u00eda estado hablando de militancia, y hacer militancia con los fondos y con los recursos de Acci\u00f3n Social, de Desarrollo Social estaba, est\u00e1 y va a seguir estando mal. Si ustedes creen o, perd\u00f3n, Se\u00f1or Presidente si ellos creen que yo voy a cambiar mi postura, yo en ning\u00fan momento dije que estaba en contra de que la gente reciba eso, eso tendr\u00eda que haber sido canalizado desde Acci\u00f3n Social porque es lo que corresponde, porque el se\u00f1or que ven\u00eda en el transporte dijo que lo mandaba Desarrollo Social de la Naci\u00f3n, de lo cual tendr\u00eda que haberse hecho cargo para su reparto Desarrollo Social del Distrito, no un partido pol\u00edtico y es lo que hicieron, militancia con la de todo el pueblo eso voy a seguir pensando exactamente lo mismo. Nada m\u00e1s se\u00f1os Presidente\u201d.<\/p>\n<p>&nbsp;<\/p>\n<p>Concejal M\u00f3nica Sagredo:<\/p>\n<p>\u201cQuiero hacer con respecto a eso una aclaraci\u00f3n, y es que gran parte de sus abrigos que llegaron fueron entregados justamente a Acci\u00f3n Social del Municipio y fue desde all\u00ed desde donde se reparti\u00f3. Es m\u00e1s, a m\u00ed personalmente hubo gente que me ha llamado que me ha dicho que la Pastora le hab\u00eda dado hasta accesorios para las nenas por ejemplo, refiri\u00e9ndose a la Secretar\u00eda de Acci\u00f3n Social. As\u00ed que, creo que ac\u00e1 lo que importa es b\u00e1sicamente que se pudo dar abrigo a mucha gente, y vuelvo a insistir, si bien en este marco de pandemia que no es una mentira ni es un invento, la situaci\u00f3n social se fue agravando. Se agrav\u00f3, pero ya ven\u00eda la situaci\u00f3n social cr\u00edtica de a\u00f1os anteriores, de ajustes, de tarifazos, como lo hemos expresados en otras oportunidades. Nosotros mismos durante estos \u00faltimos a\u00f1os hemos pedido infinidad de veces, nos hemos reunido infinidad de veces con el \u00e1rea de Acci\u00f3n Social para que se d\u00e9 asistencia a familias que estaban muy necesitaba en el Distrito y se nos negaba, se nos neg\u00f3 durante un tiempo, porque despu\u00e9s llegado los meses cercanos a las elecciones ah\u00ed se empez\u00f3 a ver la necesidad y de hecho se utiliz\u00f3 mayor parte del presupuesto para la asistencia social, lo cual me parece perfecto porque es lo que deber\u00eda haberse hecho cuando fue necesario durante los cuatro a\u00f1os. Nada m\u00e1s se\u00f1or Presidente\u201d.<\/p>\n<p>&nbsp;<\/p>\n<p>Concejal Jos\u00e9 M. Fonfr\u00eda:<\/p>\n<p>\u201cLa Concejal Sagredo est\u00e1 diciendo que gran parte fue entregado desde Acci\u00f3n Social, no tiene que ser entregado gran parte, todo lo que vino desde Acci\u00f3n Social de la Naci\u00f3n tiene que ser entregado, canalizado por Acci\u00f3n Social del Distrito, la Campa\u00f1a que hizo el Frente de Todos es otra cosa, y en su principio estaba perfecto pero que hagan esto est\u00e1 mal se\u00f1or Presidente. Cuando en Saldungaray el Concejal Rojas se encarg\u00f3 pero de muy buena fe de arrancar con una campa\u00f1a para asistir a gente que lo necesitaba fui el primero en decirle te felicito Mandingo, est\u00e1 b\u00e1rbaro lo que est\u00e1s haciendo, y el mismo Concejal reconoci\u00f3 ac\u00e1 que a la gente donde iban a entregarle la mercader\u00eda le dec\u00edan, la mercader\u00eda, perd\u00f3n, los alimentos, le dec\u00edan que desde Acci\u00f3n Social estaban recibiendo apoyo. No s\u00e9, si me equivoco que me corrija el Concejal Rojas. As\u00ed que sigo diciendo lo mismo, no que una parte fue entregada por, no no todo, todo lo que venga desde Desarrollo Social de la Naci\u00f3n, porque es plata que pusimos todos es del pueblo. Nada m\u00e1s se\u00f1or Presidente\u201d.<\/p>\n<p>&nbsp;<\/p>\n<p>Concejal Hugo Rojas:<\/p>\n<p>\u201cBien, respondiendo a las palabras del Concejal Fonfr\u00eda, y con respecto a la ayuda social que en su momento necesit\u00f3 la gente cuando arranc\u00f3 la pandemia, realmente yo hice dos reclamos cuando me llegaron las primeras inquietudes de la gente. Y la gente si bien es cierto dijo que la necesidad Acci\u00f3n Social se estaba cubriendo no alcanzaba, no era suficiente, por eso mismo llam\u00e9 en ese momento al Delegado de Saldungaray, y posteriormente al Intendente Municipal, porque desde Naci\u00f3n el Presidente hab\u00eda bajado l\u00edneas de que no hab\u00eda d\u00edas, no hab\u00eda tiempos, no hab\u00eda que fijarse si se le hab\u00eda dado un paquete de fideos ayer y ma\u00f1ana no se le ten\u00eda quedar sino que hab\u00eda que estar encima de la gente, las palabras del se\u00f1or Intendente y del se\u00f1or Delegado me dijeron que ellos van a seguir asistiendo una vez por semana, lo cual no era suficiente. Nada m\u00e1s se\u00f1or Presidente\u201d.<\/p>\n<p>&nbsp;<\/p>\n<p>Concejal Elisabet Nori:<\/p>\n<p>\u201cYo quer\u00eda hacer referencia a los proyectos que hoy se trataron en esta Sesi\u00f3n, a los que se aprobaron, en especial al Proyecto de Ley de V\u00edctimas, que particularmente fui una de las precursoras en presentar este proyecto. Qu\u00e9 bueno, agradezco a todos que lo hayan aprobado, porque bueno es una forma de garantizar los derechos de las v\u00edctimas y en especial haciendo \u00e9nfasis en las v\u00edctimas por las cuestiones de g\u00e9nero y v\u00edctimas menores de edad. Me parece esto es fundamental porque bueno, se le va a partir de esto se le va a dar una protecci\u00f3n a las v\u00edctimas, un asesoramiento psicol\u00f3gico gratuito m\u00e1s all\u00e1 del tiempo estipulado que generalmente se les da ahora actualmente, sino a trav\u00e9s del tiempo, y un abogado gratuito, que hasta ahora ten\u00eda siempre el victimario y ahora lo va a tener la v\u00edctima tambi\u00e9n, me parece eso muy positivo. Tambi\u00e9n lo de plasma, tambi\u00e9n acompa\u00f1amos porque considero que garantiza, es una forma de garantizar una mejor salud de la poblaci\u00f3n en este contexto de pandemia, una alternativa para su recuperaci\u00f3n. Respecto de los otros proyectos que pasaban a comisi\u00f3n, me voy a referir a cada uno de ellos. Por ejemplo el proyecto que se refiere a la firma Vicent\u00edn, y a su proceso, y este proyecto que tiene como objetivo tratar de ver otras alternativas que no sea una intervenci\u00f3n estatal. Quer\u00eda hacer hincapi\u00e9 acerca del respeto de la propiedad privada. La firma Vicent\u00edn, y el grupo empresario Vicente est\u00e1n en un concurso en este momento a cargo de un Juez, el Juez Lorenzini, y por lo que estuve pudiendo averiguar este grupo empresario est\u00e1 tratando de hacer un estudio de la situaci\u00f3n para definir un plan de acci\u00f3n integral para salir del problema de esta firma, la idea tambi\u00e9n de este grupo empresario es garantizar la continuidad de empleo de todos los operarios y empleados que tiene esta firma que son cientos que dependen pr\u00e1cticamente dos localidades de esta firma, dos localidades de esa provincia y la idea de que se genere una confianza dentro de los productores y una confianza hacia posibles inversores que pueda obtener esta firma comercial Vicentin. Lo que s\u00ed, el Juez Lorenzini le permiti\u00f3 a esta firma poder, este, hacer operatorias, operatorias de Comercio Exterior para que la firma no pierda su capacidad econ\u00f3mica, al menos no totalmente. Y bueno, creo que antes de pasar a una \u201cexpropiaci\u00f3n\u201d\u00a0 hubo una intervenci\u00f3n estatal. Hay que ver todas las formas posibles de poder salvar en lo privado esto \u00bfcierto? me parece esto fundamental y dejar, digamos, la intervenci\u00f3n estatal para ya una ultim\u00edsima posibilidad, cuando ya no quedan m\u00e1s posibilidad, eso respecto a este proyecto. Del otro proyecto de movilidad jubilatoria, estuve tambi\u00e9n haciendo mis averiguaciones y lo que pude averiguar es lo siguiente, que todas las jubilaciones de aqu\u00ed en m\u00e1s, hacia fin de a\u00f1o, porque se prorrog\u00f3, digamos esta alternativa por Decreto fijarle el aumento a los jubilados hasta diciembre, justamente los aumentos van a ser por Decreto. Quiero recordar que la f\u00f3rmula de movilidad jubilatoria, en su f\u00f3rmula un 70% contempla el \u00edndice de inflaci\u00f3n Indec, y un 30% contempla la variaci\u00f3n salarial bajo la remuneraci\u00f3n promedio. Teniendo en cuenta esta f\u00f3rmula y teniendo en cuenta este aumento que se ha estado dando por Decreto Presidencial, en el \u00faltimo cobro, en este \u00faltimo cobro que han percibido los jubilados en el mes de junio, cuando el aumento debi\u00f3 ser del 9,8 por ciento fue del 6,1 por ciento, o sea hubo un 3,7 por ciento en detrimento de los haberes que percibieron los jubilados. Tambi\u00e9n quiero decir que adem\u00e1s de los n\u00fameros y este tipo de actitudes produce una incertidumbre dentro de nuestros jubilados y est\u00e1n a merced de la voluntad, no cierto, pol\u00edtica, a la voluntad presidencial, al aumento de su haber jubilatorio, por eso insisto la importancia de mantener esta f\u00f3rmula de movilidad jubilatoria para que los jubilados puedan percibir aquello que consideramos m\u00e1s justo. Respecto del proyecto de devoluci\u00f3n de las sumas que se han transferido a los municipios que supuestamente tiene que ser reembolsables dentro de este ejercicio fiscal 2020 a partir de los tres meses de su otorgamiento, quiero decir lo siguiente. Los Senadores de Juntos por el Cambio lo que proponen no es no devolver la suma sino que el plazo de devoluci\u00f3n sea hasta 18 meses, que haya un aire, por graficarlo de alguna manera, un poco m\u00e1s interesante para los municipios. Entendiendo que los municipios est\u00e1n pasando por un fuerte impacto financiero derivado de esta emergencia sanitaria dado que se han tenido que adquirir equipamientos nuevos, se han tenido que pagar horas extras a distintos agentes por distintas funciones y muchos otros gastos derivados de la atenci\u00f3n de esta pandemia, de esta situaci\u00f3n de emergencia y sumado esto ha habido una ca\u00edda de la recaudaci\u00f3n. Por ende pienso que es muy importante acompa\u00f1ar este proyecto, porque bueno, esto le dar\u00eda a los municipios una facilidad mayor en la devoluci\u00f3n de esta suma. Respecto del proyecto para suspender los pagos de los aportes y contribuciones en los aguinaldos a las pymes, es un poco tarde el proyecto, porque bueno, es de suponer que las pymes o los privados ya han abonado los sueldos y los aguinaldos, pero bueno, tambi\u00e9n considero muy importante su aprobaci\u00f3n, dado que estos est\u00e1n pasando por una situaci\u00f3n de extrema, extrema complejidad. Y bueno, esto un poco ven\u00eda a salvaguardar esta situaci\u00f3n de los peque\u00f1os comerciantes, de los peque\u00f1os empresarios, que algunos, los que quedan, la vienen remando con much\u00edsima dificultad. Bueno, esto quer\u00eda graficar, era respecto de todos los proyectos que se presentaron hoy. Nada m\u00e1s se\u00f1or Presidente\u201d.<\/p>\n<p>&nbsp;<\/p>\n<p>HONORABLE CONCEJO DELIBERANTE DE TORNQUIST<\/p>\n<p><a href=\"http:\/\/www.celttv.com.ar\/?attachment_id=50527\" rel=\"attachment wp-att-50527\"><img loading=\"lazy\" decoding=\"async\" class=\"alignleft size-medium wp-image-50527\" src=\"http:\/\/www.celttv.com.ar\/wp-content\/uploads\/2020\/07\/h4-Medium.jpg\" alt=\"\" width=\"780\" height=\"520\" srcset=\"https:\/\/www.celttv.com.ar\/wp-content\/uploads\/2020\/07\/h4-Medium.jpg 1152w, https:\/\/www.celttv.com.ar\/wp-content\/uploads\/2020\/07\/h4-Medium-300x200.jpg 300w, https:\/\/www.celttv.com.ar\/wp-content\/uploads\/2020\/07\/h4-Medium-1024x683.jpg 1024w, https:\/\/www.celttv.com.ar\/wp-content\/uploads\/2020\/07\/h4-Medium-768x512.jpg 768w, https:\/\/www.celttv.com.ar\/wp-content\/uploads\/2020\/07\/h4-Medium-750x500.jpg 750w, https:\/\/www.celttv.com.ar\/wp-content\/uploads\/2020\/07\/h4-Medium-1140x760.jpg 1140w\" sizes=\"auto, (max-width: 780px) 100vw, 780px\" \/><\/a> <a href=\"http:\/\/www.celttv.com.ar\/?attachment_id=50528\" rel=\"attachment wp-att-50528\"><img loading=\"lazy\" decoding=\"async\" class=\"alignleft size-medium wp-image-50528\" src=\"http:\/\/www.celttv.com.ar\/wp-content\/uploads\/2020\/07\/h5-Medium-1.jpg\" alt=\"\" width=\"780\" height=\"520\" srcset=\"https:\/\/www.celttv.com.ar\/wp-content\/uploads\/2020\/07\/h5-Medium-1.jpg 1152w, https:\/\/www.celttv.com.ar\/wp-content\/uploads\/2020\/07\/h5-Medium-1-300x200.jpg 300w, https:\/\/www.celttv.com.ar\/wp-content\/uploads\/2020\/07\/h5-Medium-1-1024x683.jpg 1024w, https:\/\/www.celttv.com.ar\/wp-content\/uploads\/2020\/07\/h5-Medium-1-768x512.jpg 768w, https:\/\/www.celttv.com.ar\/wp-content\/uploads\/2020\/07\/h5-Medium-1-750x500.jpg 750w, https:\/\/www.celttv.com.ar\/wp-content\/uploads\/2020\/07\/h5-Medium-1-1140x760.jpg 1140w\" sizes=\"auto, (max-width: 780px) 100vw, 780px\" \/><\/a> <a href=\"http:\/\/www.celttv.com.ar\/?attachment_id=50529\" rel=\"attachment wp-att-50529\"><img loading=\"lazy\" decoding=\"async\" class=\"alignleft size-medium wp-image-50529\" src=\"http:\/\/www.celttv.com.ar\/wp-content\/uploads\/2020\/07\/h7-Medium-1.jpg\" alt=\"\" width=\"780\" height=\"520\" srcset=\"https:\/\/www.celttv.com.ar\/wp-content\/uploads\/2020\/07\/h7-Medium-1.jpg 1152w, https:\/\/www.celttv.com.ar\/wp-content\/uploads\/2020\/07\/h7-Medium-1-300x200.jpg 300w, https:\/\/www.celttv.com.ar\/wp-content\/uploads\/2020\/07\/h7-Medium-1-1024x683.jpg 1024w, https:\/\/www.celttv.com.ar\/wp-content\/uploads\/2020\/07\/h7-Medium-1-768x512.jpg 768w, https:\/\/www.celttv.com.ar\/wp-content\/uploads\/2020\/07\/h7-Medium-1-750x500.jpg 750w, https:\/\/www.celttv.com.ar\/wp-content\/uploads\/2020\/07\/h7-Medium-1-1140x760.jpg 1140w\" sizes=\"auto, (max-width: 780px) 100vw, 780px\" \/><\/a> <a href=\"http:\/\/www.celttv.com.ar\/?attachment_id=50530\" rel=\"attachment wp-att-50530\"><img loading=\"lazy\" decoding=\"async\" class=\"alignleft size-medium wp-image-50530\" src=\"http:\/\/www.celttv.com.ar\/wp-content\/uploads\/2020\/07\/h8-Medium-1.jpg\" alt=\"\" width=\"780\" height=\"520\" srcset=\"https:\/\/www.celttv.com.ar\/wp-content\/uploads\/2020\/07\/h8-Medium-1.jpg 1152w, https:\/\/www.celttv.com.ar\/wp-content\/uploads\/2020\/07\/h8-Medium-1-300x200.jpg 300w, https:\/\/www.celttv.com.ar\/wp-content\/uploads\/2020\/07\/h8-Medium-1-1024x683.jpg 1024w, https:\/\/www.celttv.com.ar\/wp-content\/uploads\/2020\/07\/h8-Medium-1-768x512.jpg 768w, https:\/\/www.celttv.com.ar\/wp-content\/uploads\/2020\/07\/h8-Medium-1-750x500.jpg 750w, https:\/\/www.celttv.com.ar\/wp-content\/uploads\/2020\/07\/h8-Medium-1-1140x760.jpg 1140w\" sizes=\"auto, (max-width: 780px) 100vw, 780px\" \/><\/a> <a href=\"http:\/\/www.celttv.com.ar\/?attachment_id=50531\" rel=\"attachment wp-att-50531\"><img loading=\"lazy\" decoding=\"async\" class=\"alignleft size-medium wp-image-50531\" src=\"http:\/\/www.celttv.com.ar\/wp-content\/uploads\/2020\/07\/h12-Medium.jpg\" alt=\"\" width=\"780\" height=\"520\" srcset=\"https:\/\/www.celttv.com.ar\/wp-content\/uploads\/2020\/07\/h12-Medium.jpg 1152w, https:\/\/www.celttv.com.ar\/wp-content\/uploads\/2020\/07\/h12-Medium-300x200.jpg 300w, https:\/\/www.celttv.com.ar\/wp-content\/uploads\/2020\/07\/h12-Medium-1024x683.jpg 1024w, https:\/\/www.celttv.com.ar\/wp-content\/uploads\/2020\/07\/h12-Medium-768x512.jpg 768w, https:\/\/www.celttv.com.ar\/wp-content\/uploads\/2020\/07\/h12-Medium-750x500.jpg 750w, https:\/\/www.celttv.com.ar\/wp-content\/uploads\/2020\/07\/h12-Medium-1140x760.jpg 1140w\" sizes=\"auto, (max-width: 780px) 100vw, 780px\" \/><\/a><\/p>\n<p>&nbsp;<\/p>\n<p>&nbsp;<\/p>\n<p>&nbsp;<\/p>\n<p>&nbsp;<\/p>\n","protected":false},"excerpt":{"rendered":"<p>Temas tratados: Comunicaciones oficiales y dict\u00e1menes de las Comisiones: &nbsp; Expte. N\u00ba 010\/08: \u201cN.P. \u2013 Muscillo y Llanos: Solicitan regularizar situaci\u00f3n s\/adquisici\u00f3n\u00a0 Lote Municipal (Cuerpo V)\u201d. Este Expediente pasa a las Comisiones de Obras P\u00fablicas, y Presupuesto y Hacienda. &nbsp; Expte. N\u00ba 071\/20: \u201cD.E. Eximici\u00f3n a Instituciones Religiosas del Distrito para el Ejercicio 2020, en [&hellip;]<\/p>\n","protected":false},"author":1,"featured_media":50528,"comment_status":"closed","ping_status":"open","sticky":false,"template":"","format":"standard","meta":{"footnotes":""},"categories":[51,52,53],"tags":[],"class_list":["post-50525","post","type-post","status-publish","format-standard","has-post-thumbnail","hentry","category-comunidad","category-destacadas","category-politica"],"yoast_head":"<!-- This site is optimized with the Yoast SEO plugin v19.7.1 - https:\/\/yoast.com\/wordpress\/plugins\/seo\/ -->\n<title>HCD. Informe de la sesi\u00f3n ordinaria del pasado 7 de julio - CELTTV<\/title>\n<meta name=\"description\" content=\"Sitio web de noticias de la localidad de Tornquist, provincia de Buenos Aires, Rep\u00fablica Argentina. Contenido propio originado por periodistas de CELTTV, el canal de TV local de la Cooperativa El\u00e9ctrica de Tornquist. Turismo, Pol\u00edtica, Sociedad, Deporte, Cultura y todo el contenido de inter\u00e9s general que la gente del pueblo y la regi\u00f3n debe conocer.\" \/>\n<meta name=\"robots\" content=\"index, follow, max-snippet:-1, max-image-preview:large, max-video-preview:-1\" \/>\n<link rel=\"canonical\" href=\"https:\/\/www.celttv.com.ar\/index.php\/2020\/07\/14\/hcd-informe-de-la-sesion-ordinaria-del-pasado-7-de-julio\/\" \/>\n<meta property=\"og:locale\" content=\"es_ES\" \/>\n<meta property=\"og:type\" content=\"article\" \/>\n<meta property=\"og:title\" content=\"HCD. Informe de la sesi\u00f3n ordinaria del pasado 7 de julio - CELTTV\" \/>\n<meta property=\"og:description\" content=\"Sitio web de noticias de la localidad de Tornquist, provincia de Buenos Aires, Rep\u00fablica Argentina. Contenido propio originado por periodistas de CELTTV, el canal de TV local de la Cooperativa El\u00e9ctrica de Tornquist. Turismo, Pol\u00edtica, Sociedad, Deporte, Cultura y todo el contenido de inter\u00e9s general que la gente del pueblo y la regi\u00f3n debe conocer.\" \/>\n<meta property=\"og:url\" content=\"https:\/\/www.celttv.com.ar\/index.php\/2020\/07\/14\/hcd-informe-de-la-sesion-ordinaria-del-pasado-7-de-julio\/\" \/>\n<meta property=\"og:site_name\" content=\"CELTTV\" \/>\n<meta property=\"article:publisher\" content=\"https:\/\/www.facebook.com\/celtTV\/\" \/>\n<meta property=\"article:published_time\" content=\"2020-07-14T19:04:16+00:00\" \/>\n<meta property=\"og:image\" content=\"https:\/\/www.celttv.com.ar\/wp-content\/uploads\/2020\/07\/h5-Medium-1.jpg\" \/>\n\t<meta property=\"og:image:width\" content=\"1152\" \/>\n\t<meta property=\"og:image:height\" content=\"768\" \/>\n\t<meta property=\"og:image:type\" content=\"image\/jpeg\" \/>\n<meta name=\"author\" content=\"ulises\" \/>\n<meta name=\"twitter:card\" content=\"summary_large_image\" \/>\n<meta name=\"twitter:label1\" content=\"Escrito por\" \/>\n\t<meta name=\"twitter:data1\" content=\"ulises\" \/>\n\t<meta name=\"twitter:label2\" content=\"Tiempo de lectura\" \/>\n\t<meta name=\"twitter:data2\" content=\"20 minutos\" \/>\n<script type=\"application\/ld+json\" class=\"yoast-schema-graph\">{\"@context\":\"https:\/\/schema.org\",\"@graph\":[{\"@type\":\"NewsArticle\",\"@id\":\"https:\/\/www.celttv.com.ar\/index.php\/2020\/07\/14\/hcd-informe-de-la-sesion-ordinaria-del-pasado-7-de-julio\/#article\",\"isPartOf\":{\"@id\":\"https:\/\/www.celttv.com.ar\/index.php\/2020\/07\/14\/hcd-informe-de-la-sesion-ordinaria-del-pasado-7-de-julio\/\"},\"author\":{\"name\":\"ulises\",\"@id\":\"https:\/\/www.celttv.com.ar\/#\/schema\/person\/6d99c072dba59953809c81446e9d0ace\"},\"headline\":\"HCD. Informe de la sesi\u00f3n ordinaria del pasado 7 de julio\",\"datePublished\":\"2020-07-14T19:04:16+00:00\",\"dateModified\":\"2020-07-14T19:04:16+00:00\",\"mainEntityOfPage\":{\"@id\":\"https:\/\/www.celttv.com.ar\/index.php\/2020\/07\/14\/hcd-informe-de-la-sesion-ordinaria-del-pasado-7-de-julio\/\"},\"wordCount\":3968,\"publisher\":{\"@id\":\"https:\/\/www.celttv.com.ar\/#organization\"},\"articleSection\":[\"Comunidad\",\"Destacadas\",\"Pol\u00edtica\"],\"inLanguage\":\"es\"},{\"@type\":\"WebPage\",\"@id\":\"https:\/\/www.celttv.com.ar\/index.php\/2020\/07\/14\/hcd-informe-de-la-sesion-ordinaria-del-pasado-7-de-julio\/\",\"url\":\"https:\/\/www.celttv.com.ar\/index.php\/2020\/07\/14\/hcd-informe-de-la-sesion-ordinaria-del-pasado-7-de-julio\/\",\"name\":\"HCD. Informe de la sesi\u00f3n ordinaria del pasado 7 de julio - CELTTV\",\"isPartOf\":{\"@id\":\"https:\/\/www.celttv.com.ar\/#website\"},\"datePublished\":\"2020-07-14T19:04:16+00:00\",\"dateModified\":\"2020-07-14T19:04:16+00:00\",\"description\":\"Sitio web de noticias de la localidad de Tornquist, provincia de Buenos Aires, Rep\u00fablica Argentina. Contenido propio originado por periodistas de CELTTV, el canal de TV local de la Cooperativa El\u00e9ctrica de Tornquist. Turismo, Pol\u00edtica, Sociedad, Deporte, Cultura y todo el contenido de inter\u00e9s general que la gente del pueblo y la regi\u00f3n debe conocer.\",\"breadcrumb\":{\"@id\":\"https:\/\/www.celttv.com.ar\/index.php\/2020\/07\/14\/hcd-informe-de-la-sesion-ordinaria-del-pasado-7-de-julio\/#breadcrumb\"},\"inLanguage\":\"es\",\"potentialAction\":[{\"@type\":\"ReadAction\",\"target\":[\"https:\/\/www.celttv.com.ar\/index.php\/2020\/07\/14\/hcd-informe-de-la-sesion-ordinaria-del-pasado-7-de-julio\/\"]}]},{\"@type\":\"BreadcrumbList\",\"@id\":\"https:\/\/www.celttv.com.ar\/index.php\/2020\/07\/14\/hcd-informe-de-la-sesion-ordinaria-del-pasado-7-de-julio\/#breadcrumb\",\"itemListElement\":[{\"@type\":\"ListItem\",\"position\":1,\"name\":\"Inicio\",\"item\":\"https:\/\/www.celttv.com.ar\/\"},{\"@type\":\"ListItem\",\"position\":2,\"name\":\"HCD. Informe de la sesi\u00f3n ordinaria del pasado 7 de julio\"}]},{\"@type\":\"WebSite\",\"@id\":\"https:\/\/www.celttv.com.ar\/#website\",\"url\":\"https:\/\/www.celttv.com.ar\/\",\"name\":\"CELTTV\",\"description\":\"Cooperativa El\u00e9ctrica de Tornquist\",\"publisher\":{\"@id\":\"https:\/\/www.celttv.com.ar\/#organization\"},\"potentialAction\":[{\"@type\":\"SearchAction\",\"target\":{\"@type\":\"EntryPoint\",\"urlTemplate\":\"https:\/\/www.celttv.com.ar\/?s={search_term_string}\"},\"query-input\":\"required name=search_term_string\"}],\"inLanguage\":\"es\"},{\"@type\":\"Organization\",\"@id\":\"https:\/\/www.celttv.com.ar\/#organization\",\"name\":\"CELTTV\",\"url\":\"https:\/\/www.celttv.com.ar\/\",\"sameAs\":[\"https:\/\/www.youtube.com\/channel\/UCz_oIt8Hig64Ub-EmcNPIhg\",\"https:\/\/www.facebook.com\/celtTV\/\"],\"logo\":{\"@type\":\"ImageObject\",\"inLanguage\":\"es\",\"@id\":\"https:\/\/www.celttv.com.ar\/#\/schema\/logo\/image\/\",\"url\":\"http:\/\/www.celttv.com.ar\/wp-content\/uploads\/2022\/08\/logo-1.png\",\"contentUrl\":\"http:\/\/www.celttv.com.ar\/wp-content\/uploads\/2022\/08\/logo-1.png\",\"width\":461,\"height\":159,\"caption\":\"CELTTV\"},\"image\":{\"@id\":\"https:\/\/www.celttv.com.ar\/#\/schema\/logo\/image\/\"}},{\"@type\":\"Person\",\"@id\":\"https:\/\/www.celttv.com.ar\/#\/schema\/person\/6d99c072dba59953809c81446e9d0ace\",\"name\":\"ulises\",\"image\":{\"@type\":\"ImageObject\",\"inLanguage\":\"es\",\"@id\":\"https:\/\/www.celttv.com.ar\/#\/schema\/person\/image\/\",\"url\":\"https:\/\/secure.gravatar.com\/avatar\/7f2c48bdc33b30088f941fb6082e555f2874c98e20cb159d7b92b50eadfce793?s=96&d=mm&r=g\",\"contentUrl\":\"https:\/\/secure.gravatar.com\/avatar\/7f2c48bdc33b30088f941fb6082e555f2874c98e20cb159d7b92b50eadfce793?s=96&d=mm&r=g\",\"caption\":\"ulises\"},\"sameAs\":[\"http:\/\/www.celttv.com.ar\"]}]}<\/script>\n<!-- \/ Yoast SEO plugin. -->","yoast_head_json":{"title":"HCD. Informe de la sesi\u00f3n ordinaria del pasado 7 de julio - CELTTV","description":"Sitio web de noticias de la localidad de Tornquist, provincia de Buenos Aires, Rep\u00fablica Argentina. Contenido propio originado por periodistas de CELTTV, el canal de TV local de la Cooperativa El\u00e9ctrica de Tornquist. Turismo, Pol\u00edtica, Sociedad, Deporte, Cultura y todo el contenido de inter\u00e9s general que la gente del pueblo y la regi\u00f3n debe conocer.","robots":{"index":"index","follow":"follow","max-snippet":"max-snippet:-1","max-image-preview":"max-image-preview:large","max-video-preview":"max-video-preview:-1"},"canonical":"https:\/\/www.celttv.com.ar\/index.php\/2020\/07\/14\/hcd-informe-de-la-sesion-ordinaria-del-pasado-7-de-julio\/","og_locale":"es_ES","og_type":"article","og_title":"HCD. Informe de la sesi\u00f3n ordinaria del pasado 7 de julio - CELTTV","og_description":"Sitio web de noticias de la localidad de Tornquist, provincia de Buenos Aires, Rep\u00fablica Argentina. Contenido propio originado por periodistas de CELTTV, el canal de TV local de la Cooperativa El\u00e9ctrica de Tornquist. Turismo, Pol\u00edtica, Sociedad, Deporte, Cultura y todo el contenido de inter\u00e9s general que la gente del pueblo y la regi\u00f3n debe conocer.","og_url":"https:\/\/www.celttv.com.ar\/index.php\/2020\/07\/14\/hcd-informe-de-la-sesion-ordinaria-del-pasado-7-de-julio\/","og_site_name":"CELTTV","article_publisher":"https:\/\/www.facebook.com\/celtTV\/","article_published_time":"2020-07-14T19:04:16+00:00","og_image":[{"width":1152,"height":768,"url":"https:\/\/www.celttv.com.ar\/wp-content\/uploads\/2020\/07\/h5-Medium-1.jpg","type":"image\/jpeg"}],"author":"ulises","twitter_card":"summary_large_image","twitter_misc":{"Escrito por":"ulises","Tiempo de lectura":"20 minutos"},"schema":{"@context":"https:\/\/schema.org","@graph":[{"@type":"NewsArticle","@id":"https:\/\/www.celttv.com.ar\/index.php\/2020\/07\/14\/hcd-informe-de-la-sesion-ordinaria-del-pasado-7-de-julio\/#article","isPartOf":{"@id":"https:\/\/www.celttv.com.ar\/index.php\/2020\/07\/14\/hcd-informe-de-la-sesion-ordinaria-del-pasado-7-de-julio\/"},"author":{"name":"ulises","@id":"https:\/\/www.celttv.com.ar\/#\/schema\/person\/6d99c072dba59953809c81446e9d0ace"},"headline":"HCD. Informe de la sesi\u00f3n ordinaria del pasado 7 de julio","datePublished":"2020-07-14T19:04:16+00:00","dateModified":"2020-07-14T19:04:16+00:00","mainEntityOfPage":{"@id":"https:\/\/www.celttv.com.ar\/index.php\/2020\/07\/14\/hcd-informe-de-la-sesion-ordinaria-del-pasado-7-de-julio\/"},"wordCount":3968,"publisher":{"@id":"https:\/\/www.celttv.com.ar\/#organization"},"articleSection":["Comunidad","Destacadas","Pol\u00edtica"],"inLanguage":"es"},{"@type":"WebPage","@id":"https:\/\/www.celttv.com.ar\/index.php\/2020\/07\/14\/hcd-informe-de-la-sesion-ordinaria-del-pasado-7-de-julio\/","url":"https:\/\/www.celttv.com.ar\/index.php\/2020\/07\/14\/hcd-informe-de-la-sesion-ordinaria-del-pasado-7-de-julio\/","name":"HCD. Informe de la sesi\u00f3n ordinaria del pasado 7 de julio - CELTTV","isPartOf":{"@id":"https:\/\/www.celttv.com.ar\/#website"},"datePublished":"2020-07-14T19:04:16+00:00","dateModified":"2020-07-14T19:04:16+00:00","description":"Sitio web de noticias de la localidad de Tornquist, provincia de Buenos Aires, Rep\u00fablica Argentina. Contenido propio originado por periodistas de CELTTV, el canal de TV local de la Cooperativa El\u00e9ctrica de Tornquist. Turismo, Pol\u00edtica, Sociedad, Deporte, Cultura y todo el contenido de inter\u00e9s general que la gente del pueblo y la regi\u00f3n debe conocer.","breadcrumb":{"@id":"https:\/\/www.celttv.com.ar\/index.php\/2020\/07\/14\/hcd-informe-de-la-sesion-ordinaria-del-pasado-7-de-julio\/#breadcrumb"},"inLanguage":"es","potentialAction":[{"@type":"ReadAction","target":["https:\/\/www.celttv.com.ar\/index.php\/2020\/07\/14\/hcd-informe-de-la-sesion-ordinaria-del-pasado-7-de-julio\/"]}]},{"@type":"BreadcrumbList","@id":"https:\/\/www.celttv.com.ar\/index.php\/2020\/07\/14\/hcd-informe-de-la-sesion-ordinaria-del-pasado-7-de-julio\/#breadcrumb","itemListElement":[{"@type":"ListItem","position":1,"name":"Inicio","item":"https:\/\/www.celttv.com.ar\/"},{"@type":"ListItem","position":2,"name":"HCD. Informe de la sesi\u00f3n ordinaria del pasado 7 de julio"}]},{"@type":"WebSite","@id":"https:\/\/www.celttv.com.ar\/#website","url":"https:\/\/www.celttv.com.ar\/","name":"CELTTV","description":"Cooperativa El\u00e9ctrica de Tornquist","publisher":{"@id":"https:\/\/www.celttv.com.ar\/#organization"},"potentialAction":[{"@type":"SearchAction","target":{"@type":"EntryPoint","urlTemplate":"https:\/\/www.celttv.com.ar\/?s={search_term_string}"},"query-input":"required name=search_term_string"}],"inLanguage":"es"},{"@type":"Organization","@id":"https:\/\/www.celttv.com.ar\/#organization","name":"CELTTV","url":"https:\/\/www.celttv.com.ar\/","sameAs":["https:\/\/www.youtube.com\/channel\/UCz_oIt8Hig64Ub-EmcNPIhg","https:\/\/www.facebook.com\/celtTV\/"],"logo":{"@type":"ImageObject","inLanguage":"es","@id":"https:\/\/www.celttv.com.ar\/#\/schema\/logo\/image\/","url":"http:\/\/www.celttv.com.ar\/wp-content\/uploads\/2022\/08\/logo-1.png","contentUrl":"http:\/\/www.celttv.com.ar\/wp-content\/uploads\/2022\/08\/logo-1.png","width":461,"height":159,"caption":"CELTTV"},"image":{"@id":"https:\/\/www.celttv.com.ar\/#\/schema\/logo\/image\/"}},{"@type":"Person","@id":"https:\/\/www.celttv.com.ar\/#\/schema\/person\/6d99c072dba59953809c81446e9d0ace","name":"ulises","image":{"@type":"ImageObject","inLanguage":"es","@id":"https:\/\/www.celttv.com.ar\/#\/schema\/person\/image\/","url":"https:\/\/secure.gravatar.com\/avatar\/7f2c48bdc33b30088f941fb6082e555f2874c98e20cb159d7b92b50eadfce793?s=96&d=mm&r=g","contentUrl":"https:\/\/secure.gravatar.com\/avatar\/7f2c48bdc33b30088f941fb6082e555f2874c98e20cb159d7b92b50eadfce793?s=96&d=mm&r=g","caption":"ulises"},"sameAs":["http:\/\/www.celttv.com.ar"]}]}},"_links":{"self":[{"href":"https:\/\/www.celttv.com.ar\/index.php\/wp-json\/wp\/v2\/posts\/50525","targetHints":{"allow":["GET"]}}],"collection":[{"href":"https:\/\/www.celttv.com.ar\/index.php\/wp-json\/wp\/v2\/posts"}],"about":[{"href":"https:\/\/www.celttv.com.ar\/index.php\/wp-json\/wp\/v2\/types\/post"}],"author":[{"embeddable":true,"href":"https:\/\/www.celttv.com.ar\/index.php\/wp-json\/wp\/v2\/users\/1"}],"replies":[{"embeddable":true,"href":"https:\/\/www.celttv.com.ar\/index.php\/wp-json\/wp\/v2\/comments?post=50525"}],"version-history":[{"count":0,"href":"https:\/\/www.celttv.com.ar\/index.php\/wp-json\/wp\/v2\/posts\/50525\/revisions"}],"wp:featuredmedia":[{"embeddable":true,"href":"https:\/\/www.celttv.com.ar\/index.php\/wp-json\/wp\/v2\/media\/50528"}],"wp:attachment":[{"href":"https:\/\/www.celttv.com.ar\/index.php\/wp-json\/wp\/v2\/media?parent=50525"}],"wp:term":[{"taxonomy":"category","embeddable":true,"href":"https:\/\/www.celttv.com.ar\/index.php\/wp-json\/wp\/v2\/categories?post=50525"},{"taxonomy":"post_tag","embeddable":true,"href":"https:\/\/www.celttv.com.ar\/index.php\/wp-json\/wp\/v2\/tags?post=50525"}],"curies":[{"name":"wp","href":"https:\/\/api.w.org\/{rel}","templated":true}]}}