{"id":50533,"date":"2020-07-14T19:13:14","date_gmt":"2020-07-14T19:13:14","guid":{"rendered":"http:\/\/www.celttv.com.ar\/?p=50533"},"modified":"2020-07-14T19:13:14","modified_gmt":"2020-07-14T19:13:14","slug":"el-taller-protegido-a-pesar-de-la-pandemia-sigue-cuidando-el-medio-ambiente-en-nuestra-ciudad","status":"publish","type":"post","link":"https:\/\/www.celttv.com.ar\/index.php\/2020\/07\/14\/el-taller-protegido-a-pesar-de-la-pandemia-sigue-cuidando-el-medio-ambiente-en-nuestra-ciudad\/","title":{"rendered":"El Taller Protegido, a pesar de la pandemia, sigue cuidando el medio ambiente en nuestra ciudad."},"content":{"rendered":"<p>El Taller Protegido, a pesar de la pandemia, sigue cuidando el medio ambiente en nuestra ciudad.<\/p>\n<p>Por tal motivo, mediante un comunicado, solicita a nuestros vecinos que el material que se junta en cada hogar\/comercio pueden acercarlo a nuestra sede de Avenida 25 de mayo 461 (frente a la plaza) de LUNES a VIERNES de 8 a 14.30 horas.<\/p>\n<p>NO DEJAR MATERIAL LOS FINES DE SEMANA NI D\u00cdAS FERIADOS !!!!<\/p>\n<p>Siempre agradecidos por su colaboraci\u00f3n.<\/p>\n<p><a href=\"http:\/\/www.celttv.com.ar\/?attachment_id=50534\" rel=\"attachment wp-att-50534\"><img loading=\"lazy\" decoding=\"async\" class=\"alignleft size-full wp-image-50534\" src=\"http:\/\/www.celttv.com.ar\/wp-content\/uploads\/2020\/07\/tal1.jpg\" alt=\"\" width=\"1280\" height=\"960\" srcset=\"https:\/\/www.celttv.com.ar\/wp-content\/uploads\/2020\/07\/tal1.jpg 1280w, https:\/\/www.celttv.com.ar\/wp-content\/uploads\/2020\/07\/tal1-300x225.jpg 300w, https:\/\/www.celttv.com.ar\/wp-content\/uploads\/2020\/07\/tal1-1024x768.jpg 1024w, https:\/\/www.celttv.com.ar\/wp-content\/uploads\/2020\/07\/tal1-768x576.jpg 768w, https:\/\/www.celttv.com.ar\/wp-content\/uploads\/2020\/07\/tal1-750x563.jpg 750w, https:\/\/www.celttv.com.ar\/wp-content\/uploads\/2020\/07\/tal1-1140x855.jpg 1140w\" sizes=\"auto, (max-width: 1280px) 100vw, 1280px\" \/><\/a> <a href=\"http:\/\/www.celttv.com.ar\/?attachment_id=50535\" rel=\"attachment wp-att-50535\"><img loading=\"lazy\" decoding=\"async\" class=\"alignleft size-medium wp-image-50535\" src=\"http:\/\/www.celttv.com.ar\/wp-content\/uploads\/2020\/07\/tal2.jpg\" alt=\"\" width=\"780\" height=\"585\" srcset=\"https:\/\/www.celttv.com.ar\/wp-content\/uploads\/2020\/07\/tal2.jpg 1280w, https:\/\/www.celttv.com.ar\/wp-content\/uploads\/2020\/07\/tal2-300x225.jpg 300w, https:\/\/www.celttv.com.ar\/wp-content\/uploads\/2020\/07\/tal2-1024x768.jpg 1024w, https:\/\/www.celttv.com.ar\/wp-content\/uploads\/2020\/07\/tal2-768x576.jpg 768w, https:\/\/www.celttv.com.ar\/wp-content\/uploads\/2020\/07\/tal2-750x563.jpg 750w, https:\/\/www.celttv.com.ar\/wp-content\/uploads\/2020\/07\/tal2-1140x855.jpg 1140w\" sizes=\"auto, (max-width: 780px) 100vw, 780px\" \/><\/a><\/p>\n","protected":false},"excerpt":{"rendered":"<p>El Taller Protegido, a pesar de la pandemia, sigue cuidando el medio ambiente en nuestra ciudad. Por tal motivo, mediante un comunicado, solicita a nuestros vecinos que el material que se junta en cada hogar\/comercio pueden acercarlo a nuestra sede de Avenida 25 de mayo 461 (frente a la plaza) de LUNES a VIERNES de [&hellip;]<\/p>\n","protected":false},"author":1,"featured_media":50535,"comment_status":"closed","ping_status":"open","sticky":false,"template":"","format":"standard","meta":{"footnotes":""},"categories":[51,52],"tags":[],"class_list":["post-50533","post","type-post","status-publish","format-standard","has-post-thumbnail","hentry","category-comunidad","category-destacadas"],"yoast_head":"<!-- This site is optimized with the Yoast SEO plugin v19.7.1 - https:\/\/yoast.com\/wordpress\/plugins\/seo\/ -->\n<title>El Taller Protegido, a pesar de la pandemia, sigue cuidando el medio ambiente en nuestra ciudad. - CELTTV<\/title>\n<meta name=\"description\" content=\"Sitio web de noticias de la localidad de Tornquist, provincia de Buenos Aires, Rep\u00fablica Argentina. Contenido propio originado por periodistas de CELTTV, el canal de TV local de la Cooperativa El\u00e9ctrica de Tornquist. Turismo, Pol\u00edtica, Sociedad, Deporte, Cultura y todo el contenido de inter\u00e9s general que la gente del pueblo y la regi\u00f3n debe conocer.\" \/>\n<meta name=\"robots\" content=\"index, follow, max-snippet:-1, max-image-preview:large, max-video-preview:-1\" \/>\n<link rel=\"canonical\" href=\"https:\/\/www.celttv.com.ar\/index.php\/2020\/07\/14\/el-taller-protegido-a-pesar-de-la-pandemia-sigue-cuidando-el-medio-ambiente-en-nuestra-ciudad\/\" \/>\n<meta property=\"og:locale\" content=\"es_ES\" \/>\n<meta property=\"og:type\" content=\"article\" \/>\n<meta property=\"og:title\" content=\"El Taller Protegido, a pesar de la pandemia, sigue cuidando el medio ambiente en nuestra ciudad. - CELTTV\" \/>\n<meta property=\"og:description\" content=\"Sitio web de noticias de la localidad de Tornquist, provincia de Buenos Aires, Rep\u00fablica Argentina. Contenido propio originado por periodistas de CELTTV, el canal de TV local de la Cooperativa El\u00e9ctrica de Tornquist. Turismo, Pol\u00edtica, Sociedad, Deporte, Cultura y todo el contenido de inter\u00e9s general que la gente del pueblo y la regi\u00f3n debe conocer.\" \/>\n<meta property=\"og:url\" content=\"https:\/\/www.celttv.com.ar\/index.php\/2020\/07\/14\/el-taller-protegido-a-pesar-de-la-pandemia-sigue-cuidando-el-medio-ambiente-en-nuestra-ciudad\/\" \/>\n<meta property=\"og:site_name\" content=\"CELTTV\" \/>\n<meta property=\"article:publisher\" content=\"https:\/\/www.facebook.com\/celtTV\/\" \/>\n<meta property=\"article:published_time\" content=\"2020-07-14T19:13:14+00:00\" \/>\n<meta property=\"og:image\" content=\"https:\/\/www.celttv.com.ar\/wp-content\/uploads\/2020\/07\/tal2.jpg\" \/>\n\t<meta property=\"og:image:width\" content=\"1280\" \/>\n\t<meta property=\"og:image:height\" content=\"960\" \/>\n\t<meta property=\"og:image:type\" content=\"image\/jpeg\" \/>\n<meta name=\"author\" content=\"ulises\" \/>\n<meta name=\"twitter:card\" content=\"summary_large_image\" \/>\n<meta name=\"twitter:label1\" content=\"Escrito por\" \/>\n\t<meta name=\"twitter:data1\" content=\"ulises\" \/>\n<script type=\"application\/ld+json\" class=\"yoast-schema-graph\">{\"@context\":\"https:\/\/schema.org\",\"@graph\":[{\"@type\":\"NewsArticle\",\"@id\":\"https:\/\/www.celttv.com.ar\/index.php\/2020\/07\/14\/el-taller-protegido-a-pesar-de-la-pandemia-sigue-cuidando-el-medio-ambiente-en-nuestra-ciudad\/#article\",\"isPartOf\":{\"@id\":\"https:\/\/www.celttv.com.ar\/index.php\/2020\/07\/14\/el-taller-protegido-a-pesar-de-la-pandemia-sigue-cuidando-el-medio-ambiente-en-nuestra-ciudad\/\"},\"author\":{\"name\":\"ulises\",\"@id\":\"https:\/\/www.celttv.com.ar\/#\/schema\/person\/6d99c072dba59953809c81446e9d0ace\"},\"headline\":\"El Taller Protegido, a pesar de la pandemia, sigue cuidando el medio ambiente en nuestra ciudad.\",\"datePublished\":\"2020-07-14T19:13:14+00:00\",\"dateModified\":\"2020-07-14T19:13:14+00:00\",\"mainEntityOfPage\":{\"@id\":\"https:\/\/www.celttv.com.ar\/index.php\/2020\/07\/14\/el-taller-protegido-a-pesar-de-la-pandemia-sigue-cuidando-el-medio-ambiente-en-nuestra-ciudad\/\"},\"wordCount\":89,\"publisher\":{\"@id\":\"https:\/\/www.celttv.com.ar\/#organization\"},\"articleSection\":[\"Comunidad\",\"Destacadas\"],\"inLanguage\":\"es\"},{\"@type\":\"WebPage\",\"@id\":\"https:\/\/www.celttv.com.ar\/index.php\/2020\/07\/14\/el-taller-protegido-a-pesar-de-la-pandemia-sigue-cuidando-el-medio-ambiente-en-nuestra-ciudad\/\",\"url\":\"https:\/\/www.celttv.com.ar\/index.php\/2020\/07\/14\/el-taller-protegido-a-pesar-de-la-pandemia-sigue-cuidando-el-medio-ambiente-en-nuestra-ciudad\/\",\"name\":\"El Taller Protegido, a pesar de la pandemia, sigue cuidando el medio ambiente en nuestra ciudad. - CELTTV\",\"isPartOf\":{\"@id\":\"https:\/\/www.celttv.com.ar\/#website\"},\"datePublished\":\"2020-07-14T19:13:14+00:00\",\"dateModified\":\"2020-07-14T19:13:14+00:00\",\"description\":\"Sitio web de noticias de la localidad de Tornquist, provincia de Buenos Aires, Rep\u00fablica Argentina. Contenido propio originado por periodistas de CELTTV, el canal de TV local de la Cooperativa El\u00e9ctrica de Tornquist. Turismo, Pol\u00edtica, Sociedad, Deporte, Cultura y todo el contenido de inter\u00e9s general que la gente del pueblo y la regi\u00f3n debe conocer.\",\"breadcrumb\":{\"@id\":\"https:\/\/www.celttv.com.ar\/index.php\/2020\/07\/14\/el-taller-protegido-a-pesar-de-la-pandemia-sigue-cuidando-el-medio-ambiente-en-nuestra-ciudad\/#breadcrumb\"},\"inLanguage\":\"es\",\"potentialAction\":[{\"@type\":\"ReadAction\",\"target\":[\"https:\/\/www.celttv.com.ar\/index.php\/2020\/07\/14\/el-taller-protegido-a-pesar-de-la-pandemia-sigue-cuidando-el-medio-ambiente-en-nuestra-ciudad\/\"]}]},{\"@type\":\"BreadcrumbList\",\"@id\":\"https:\/\/www.celttv.com.ar\/index.php\/2020\/07\/14\/el-taller-protegido-a-pesar-de-la-pandemia-sigue-cuidando-el-medio-ambiente-en-nuestra-ciudad\/#breadcrumb\",\"itemListElement\":[{\"@type\":\"ListItem\",\"position\":1,\"name\":\"Inicio\",\"item\":\"https:\/\/www.celttv.com.ar\/\"},{\"@type\":\"ListItem\",\"position\":2,\"name\":\"El Taller Protegido, a pesar de la pandemia, sigue cuidando el medio ambiente en nuestra ciudad.\"}]},{\"@type\":\"WebSite\",\"@id\":\"https:\/\/www.celttv.com.ar\/#website\",\"url\":\"https:\/\/www.celttv.com.ar\/\",\"name\":\"CELTTV\",\"description\":\"Cooperativa El\u00e9ctrica de Tornquist\",\"publisher\":{\"@id\":\"https:\/\/www.celttv.com.ar\/#organization\"},\"potentialAction\":[{\"@type\":\"SearchAction\",\"target\":{\"@type\":\"EntryPoint\",\"urlTemplate\":\"https:\/\/www.celttv.com.ar\/?s={search_term_string}\"},\"query-input\":\"required name=search_term_string\"}],\"inLanguage\":\"es\"},{\"@type\":\"Organization\",\"@id\":\"https:\/\/www.celttv.com.ar\/#organization\",\"name\":\"CELTTV\",\"url\":\"https:\/\/www.celttv.com.ar\/\",\"sameAs\":[\"https:\/\/www.youtube.com\/channel\/UCz_oIt8Hig64Ub-EmcNPIhg\",\"https:\/\/www.facebook.com\/celtTV\/\"],\"logo\":{\"@type\":\"ImageObject\",\"inLanguage\":\"es\",\"@id\":\"https:\/\/www.celttv.com.ar\/#\/schema\/logo\/image\/\",\"url\":\"http:\/\/www.celttv.com.ar\/wp-content\/uploads\/2022\/08\/logo-1.png\",\"contentUrl\":\"http:\/\/www.celttv.com.ar\/wp-content\/uploads\/2022\/08\/logo-1.png\",\"width\":461,\"height\":159,\"caption\":\"CELTTV\"},\"image\":{\"@id\":\"https:\/\/www.celttv.com.ar\/#\/schema\/logo\/image\/\"}},{\"@type\":\"Person\",\"@id\":\"https:\/\/www.celttv.com.ar\/#\/schema\/person\/6d99c072dba59953809c81446e9d0ace\",\"name\":\"ulises\",\"image\":{\"@type\":\"ImageObject\",\"inLanguage\":\"es\",\"@id\":\"https:\/\/www.celttv.com.ar\/#\/schema\/person\/image\/\",\"url\":\"https:\/\/secure.gravatar.com\/avatar\/7f2c48bdc33b30088f941fb6082e555f2874c98e20cb159d7b92b50eadfce793?s=96&d=mm&r=g\",\"contentUrl\":\"https:\/\/secure.gravatar.com\/avatar\/7f2c48bdc33b30088f941fb6082e555f2874c98e20cb159d7b92b50eadfce793?s=96&d=mm&r=g\",\"caption\":\"ulises\"},\"sameAs\":[\"http:\/\/www.celttv.com.ar\"]}]}<\/script>\n<!-- \/ Yoast SEO plugin. -->","yoast_head_json":{"title":"El Taller Protegido, a pesar de la pandemia, sigue cuidando el medio ambiente en nuestra ciudad. - CELTTV","description":"Sitio web de noticias de la localidad de Tornquist, provincia de Buenos Aires, Rep\u00fablica Argentina. Contenido propio originado por periodistas de CELTTV, el canal de TV local de la Cooperativa El\u00e9ctrica de Tornquist. Turismo, Pol\u00edtica, Sociedad, Deporte, Cultura y todo el contenido de inter\u00e9s general que la gente del pueblo y la regi\u00f3n debe conocer.","robots":{"index":"index","follow":"follow","max-snippet":"max-snippet:-1","max-image-preview":"max-image-preview:large","max-video-preview":"max-video-preview:-1"},"canonical":"https:\/\/www.celttv.com.ar\/index.php\/2020\/07\/14\/el-taller-protegido-a-pesar-de-la-pandemia-sigue-cuidando-el-medio-ambiente-en-nuestra-ciudad\/","og_locale":"es_ES","og_type":"article","og_title":"El Taller Protegido, a pesar de la pandemia, sigue cuidando el medio ambiente en nuestra ciudad. - CELTTV","og_description":"Sitio web de noticias de la localidad de Tornquist, provincia de Buenos Aires, Rep\u00fablica Argentina. Contenido propio originado por periodistas de CELTTV, el canal de TV local de la Cooperativa El\u00e9ctrica de Tornquist. Turismo, Pol\u00edtica, Sociedad, Deporte, Cultura y todo el contenido de inter\u00e9s general que la gente del pueblo y la regi\u00f3n debe conocer.","og_url":"https:\/\/www.celttv.com.ar\/index.php\/2020\/07\/14\/el-taller-protegido-a-pesar-de-la-pandemia-sigue-cuidando-el-medio-ambiente-en-nuestra-ciudad\/","og_site_name":"CELTTV","article_publisher":"https:\/\/www.facebook.com\/celtTV\/","article_published_time":"2020-07-14T19:13:14+00:00","og_image":[{"width":1280,"height":960,"url":"https:\/\/www.celttv.com.ar\/wp-content\/uploads\/2020\/07\/tal2.jpg","type":"image\/jpeg"}],"author":"ulises","twitter_card":"summary_large_image","twitter_misc":{"Escrito por":"ulises"},"schema":{"@context":"https:\/\/schema.org","@graph":[{"@type":"NewsArticle","@id":"https:\/\/www.celttv.com.ar\/index.php\/2020\/07\/14\/el-taller-protegido-a-pesar-de-la-pandemia-sigue-cuidando-el-medio-ambiente-en-nuestra-ciudad\/#article","isPartOf":{"@id":"https:\/\/www.celttv.com.ar\/index.php\/2020\/07\/14\/el-taller-protegido-a-pesar-de-la-pandemia-sigue-cuidando-el-medio-ambiente-en-nuestra-ciudad\/"},"author":{"name":"ulises","@id":"https:\/\/www.celttv.com.ar\/#\/schema\/person\/6d99c072dba59953809c81446e9d0ace"},"headline":"El Taller Protegido, a pesar de la pandemia, sigue cuidando el medio ambiente en nuestra ciudad.","datePublished":"2020-07-14T19:13:14+00:00","dateModified":"2020-07-14T19:13:14+00:00","mainEntityOfPage":{"@id":"https:\/\/www.celttv.com.ar\/index.php\/2020\/07\/14\/el-taller-protegido-a-pesar-de-la-pandemia-sigue-cuidando-el-medio-ambiente-en-nuestra-ciudad\/"},"wordCount":89,"publisher":{"@id":"https:\/\/www.celttv.com.ar\/#organization"},"articleSection":["Comunidad","Destacadas"],"inLanguage":"es"},{"@type":"WebPage","@id":"https:\/\/www.celttv.com.ar\/index.php\/2020\/07\/14\/el-taller-protegido-a-pesar-de-la-pandemia-sigue-cuidando-el-medio-ambiente-en-nuestra-ciudad\/","url":"https:\/\/www.celttv.com.ar\/index.php\/2020\/07\/14\/el-taller-protegido-a-pesar-de-la-pandemia-sigue-cuidando-el-medio-ambiente-en-nuestra-ciudad\/","name":"El Taller Protegido, a pesar de la pandemia, sigue cuidando el medio ambiente en nuestra ciudad. - CELTTV","isPartOf":{"@id":"https:\/\/www.celttv.com.ar\/#website"},"datePublished":"2020-07-14T19:13:14+00:00","dateModified":"2020-07-14T19:13:14+00:00","description":"Sitio web de noticias de la localidad de Tornquist, provincia de Buenos Aires, Rep\u00fablica Argentina. Contenido propio originado por periodistas de CELTTV, el canal de TV local de la Cooperativa El\u00e9ctrica de Tornquist. Turismo, Pol\u00edtica, Sociedad, Deporte, Cultura y todo el contenido de inter\u00e9s general que la gente del pueblo y la regi\u00f3n debe conocer.","breadcrumb":{"@id":"https:\/\/www.celttv.com.ar\/index.php\/2020\/07\/14\/el-taller-protegido-a-pesar-de-la-pandemia-sigue-cuidando-el-medio-ambiente-en-nuestra-ciudad\/#breadcrumb"},"inLanguage":"es","potentialAction":[{"@type":"ReadAction","target":["https:\/\/www.celttv.com.ar\/index.php\/2020\/07\/14\/el-taller-protegido-a-pesar-de-la-pandemia-sigue-cuidando-el-medio-ambiente-en-nuestra-ciudad\/"]}]},{"@type":"BreadcrumbList","@id":"https:\/\/www.celttv.com.ar\/index.php\/2020\/07\/14\/el-taller-protegido-a-pesar-de-la-pandemia-sigue-cuidando-el-medio-ambiente-en-nuestra-ciudad\/#breadcrumb","itemListElement":[{"@type":"ListItem","position":1,"name":"Inicio","item":"https:\/\/www.celttv.com.ar\/"},{"@type":"ListItem","position":2,"name":"El Taller Protegido, a pesar de la pandemia, sigue cuidando el medio ambiente en nuestra ciudad."}]},{"@type":"WebSite","@id":"https:\/\/www.celttv.com.ar\/#website","url":"https:\/\/www.celttv.com.ar\/","name":"CELTTV","description":"Cooperativa El\u00e9ctrica de Tornquist","publisher":{"@id":"https:\/\/www.celttv.com.ar\/#organization"},"potentialAction":[{"@type":"SearchAction","target":{"@type":"EntryPoint","urlTemplate":"https:\/\/www.celttv.com.ar\/?s={search_term_string}"},"query-input":"required name=search_term_string"}],"inLanguage":"es"},{"@type":"Organization","@id":"https:\/\/www.celttv.com.ar\/#organization","name":"CELTTV","url":"https:\/\/www.celttv.com.ar\/","sameAs":["https:\/\/www.youtube.com\/channel\/UCz_oIt8Hig64Ub-EmcNPIhg","https:\/\/www.facebook.com\/celtTV\/"],"logo":{"@type":"ImageObject","inLanguage":"es","@id":"https:\/\/www.celttv.com.ar\/#\/schema\/logo\/image\/","url":"http:\/\/www.celttv.com.ar\/wp-content\/uploads\/2022\/08\/logo-1.png","contentUrl":"http:\/\/www.celttv.com.ar\/wp-content\/uploads\/2022\/08\/logo-1.png","width":461,"height":159,"caption":"CELTTV"},"image":{"@id":"https:\/\/www.celttv.com.ar\/#\/schema\/logo\/image\/"}},{"@type":"Person","@id":"https:\/\/www.celttv.com.ar\/#\/schema\/person\/6d99c072dba59953809c81446e9d0ace","name":"ulises","image":{"@type":"ImageObject","inLanguage":"es","@id":"https:\/\/www.celttv.com.ar\/#\/schema\/person\/image\/","url":"https:\/\/secure.gravatar.com\/avatar\/7f2c48bdc33b30088f941fb6082e555f2874c98e20cb159d7b92b50eadfce793?s=96&d=mm&r=g","contentUrl":"https:\/\/secure.gravatar.com\/avatar\/7f2c48bdc33b30088f941fb6082e555f2874c98e20cb159d7b92b50eadfce793?s=96&d=mm&r=g","caption":"ulises"},"sameAs":["http:\/\/www.celttv.com.ar"]}]}},"_links":{"self":[{"href":"https:\/\/www.celttv.com.ar\/index.php\/wp-json\/wp\/v2\/posts\/50533","targetHints":{"allow":["GET"]}}],"collection":[{"href":"https:\/\/www.celttv.com.ar\/index.php\/wp-json\/wp\/v2\/posts"}],"about":[{"href":"https:\/\/www.celttv.com.ar\/index.php\/wp-json\/wp\/v2\/types\/post"}],"author":[{"embeddable":true,"href":"https:\/\/www.celttv.com.ar\/index.php\/wp-json\/wp\/v2\/users\/1"}],"replies":[{"embeddable":true,"href":"https:\/\/www.celttv.com.ar\/index.php\/wp-json\/wp\/v2\/comments?post=50533"}],"version-history":[{"count":0,"href":"https:\/\/www.celttv.com.ar\/index.php\/wp-json\/wp\/v2\/posts\/50533\/revisions"}],"wp:featuredmedia":[{"embeddable":true,"href":"https:\/\/www.celttv.com.ar\/index.php\/wp-json\/wp\/v2\/media\/50535"}],"wp:attachment":[{"href":"https:\/\/www.celttv.com.ar\/index.php\/wp-json\/wp\/v2\/media?parent=50533"}],"wp:term":[{"taxonomy":"category","embeddable":true,"href":"https:\/\/www.celttv.com.ar\/index.php\/wp-json\/wp\/v2\/categories?post=50533"},{"taxonomy":"post_tag","embeddable":true,"href":"https:\/\/www.celttv.com.ar\/index.php\/wp-json\/wp\/v2\/tags?post=50533"}],"curies":[{"name":"wp","href":"https:\/\/api.w.org\/{rel}","templated":true}]}}