{"id":50546,"date":"2020-07-14T22:14:44","date_gmt":"2020-07-14T22:14:44","guid":{"rendered":"http:\/\/www.celttv.com.ar\/?p=50546"},"modified":"2020-07-14T22:14:44","modified_gmt":"2020-07-14T22:14:44","slug":"ezequiel-gabella-la-incorporacion-de-tecnologia-en-salud-es-uno-de-los-principales-motivos-de-orgullo-de-la-gestion","status":"publish","type":"post","link":"https:\/\/www.celttv.com.ar\/index.php\/2020\/07\/14\/ezequiel-gabella-la-incorporacion-de-tecnologia-en-salud-es-uno-de-los-principales-motivos-de-orgullo-de-la-gestion\/","title":{"rendered":"Ezequiel Gabella: &#8220;La incorporaci\u00f3n de tecnolog\u00eda en salud es uno de los principales motivos de orgullo de la gesti\u00f3n&#8221;"},"content":{"rendered":"<p><strong>Incorporaron un tom\u00f3grafo de \u00faltima tecnolog\u00eda<\/strong><\/p>\n<p>&#8220;La incorporaci\u00f3n de tecnolog\u00eda en salud es uno de los principales motivos de orgullo de la gesti\u00f3n&#8221; dijo a CELTTV Noticias el Secretario de Gobierno y Seguridad Ezequiel Gabella.<\/p>\n<p>El funcionario se refiri\u00f3 particularmente a la reciente incorporaci\u00f3n de un Ec\u00f3grafo de \u00faltima generaci\u00f3n, como as\u00ed tambi\u00e9n toda la aparatolog\u00eda incorporada antes y durante la cuarentena, como as\u00ed tambi\u00e9n las reformas edilicias que fueron necesarias de realizar.<\/p>\n<p>Gabella destac\u00f3 que el ec\u00f3grafo incorporado en el d\u00eda de hoy a nuestro hospital fue posible gracias a la gesti\u00f3n realizada ante el Rotary Club de Bah\u00eda Blanca. &#8220;El acuerdo consisti\u00f3 en un acuerdo en el cual la Municipalidada de Tornquist abon\u00f3 el 60% del valor del equipo y el 40% lo puso el Rotary Club.<\/p>\n<p>Respecto a la posible incorporaci\u00f3n de\u00a0 un tom\u00f3grafo para nuestro hospital, Gabello dijo que &#8220;uno tiene que bajar el nivel de ansiedad en este tipo de cosa. El tom\u00f3grafo es privado pero podr\u00eda ser trasladado a nuestro hospital y la ganancia es la facturaci\u00f3n de obras sociales, pero para la gente del distrito con o sin obra social no tendr\u00e1 ning\u00fan costo. Esa ser\u00eda la frutilla del postre; ning\u00fan distrito del tama\u00f1o de Tornquist posee un tom\u00f3grafo&#8221; destac\u00f3 Gabella.<\/p>\n<p>&#8220;Lograr la autonom\u00eda en cuanto a prestaciones en salud es algo que siempre fue prioridad&#8221; se\u00f1al\u00f3.<\/p>\n<p>&nbsp;<\/p>\n<p><strong>Fijan multa al municipio de Tornquist por no pagar a SADAIC<\/strong><\/p>\n<p>La C\u00e1mara Civil de Bah\u00eda Blanca confirm\u00f3 un fallo de primera instancia por un monto de $667 mil, m\u00e1s intereses, debido a distintos festivales entre 2016 y 2017.<\/p>\n<p>Sobre este particular Gabella aclar\u00f3 que &#8220;nos llama la atenci\u00f3n que se haya convertido en noticia esta situaci\u00f3n, pero no hay absolutamente nada que ocultar.\u00a0 En el momento de mayor complejidad econ\u00f3mica donde no se podian afrontar los gastos del Municipio, se prioriz\u00f3 el pagar proveedores locales y esenciales, lo que implic\u00f3 no poder estar al d\u00eda con el pago de este canon&#8221; se\u00f1al\u00f3 el funcionario.<\/p>\n<p>&#8220;La verdad es que hubo un atraso en el pago, cosa que con cualquier proveedores siempre hay alg\u00fan entendimiento con acuerdos para poder regularizarlo de alguna manera. Sadaic no repara en este tipo de posibilidades de arreglos extrajudiciales y judicializ\u00f3 de una e inicia el juicio al Municipio que desde un primer momento reconoce la deuda. Lo que habia era una impotencia econ\u00f3mica para poder afrontarla en su momento, pero no hubo voluntad de Sadaic para llegar a un acuerdo y gener\u00f3 el inicio de la demanda&#8221; se\u00f1al\u00f3 el funcionario.<\/p>\n<p>&#8220;No es para darle mayor entidad; es una deuda que el municipio, tarde o temprano, tendr\u00e1 que abonarlo&#8221; agreg\u00f3 Gabella.<\/p>\n<p>&nbsp;<\/p>\n<p><strong>Nueva Flexibilizaci\u00f3n para buscar la reactivaci\u00f3n de la actividad tur\u00edstica<\/strong><\/p>\n<p>&#8220;A partir de este fin de semana se flexebiliza el ingreso a nuestra comarca para personas provenientes de distritos o ciudades que est\u00e9n en fase 5. Ser\u00e1 la primera prueba para ver los resultados, porque hay una necesidad imperiosa&#8221; dijo Ezequiel Gabella.<\/p>\n<p>&#8220;No va a ser la soluci\u00f3n porque tienen cuatro meses de inactividad\u00a0 y no se puede pensar que se llenar\u00e1n los complejos&#8221; sostuvo el funcionario.<\/p>\n<p>La medida incluye alrededor de 60 distritos de nuestra provincia y\u00a0 no precisamente los mas densamente poblados.<\/p>\n<p>&#8220;La desesperaci\u00f3n de muchos prestadores hace que se conformen con al menos alquilar una caba\u00f1a aunque sea un d\u00eda y que eso les permita al menos pagar los servicios&#8221; dijo el secretario de gobierno y seguridad.<\/p>\n<p>&nbsp;<\/p>\n<p><strong>NOTA COMPLETA EN VIDEO<\/strong><\/p>\n<p><iframe loading=\"lazy\" title=\"2020 07 14 COMUNICACION VIA SKYPE CON EZEQUIEL GABELLA\" width=\"500\" height=\"281\" src=\"https:\/\/www.youtube.com\/embed\/Rt7nogBiB5Q?feature=oembed\" frameborder=\"0\" allow=\"accelerometer; autoplay; clipboard-write; encrypted-media; gyroscope; picture-in-picture; web-share\" referrerpolicy=\"strict-origin-when-cross-origin\" allowfullscreen><\/iframe><\/p>\n","protected":false},"excerpt":{"rendered":"<p>Incorporaron un tom\u00f3grafo de \u00faltima tecnolog\u00eda &#8220;La incorporaci\u00f3n de tecnolog\u00eda en salud es uno de los principales motivos de orgullo de la gesti\u00f3n&#8221; dijo a CELTTV Noticias el Secretario de Gobierno y Seguridad Ezequiel Gabella. El funcionario se refiri\u00f3 particularmente a la reciente incorporaci\u00f3n de un Ec\u00f3grafo de \u00faltima generaci\u00f3n, como as\u00ed tambi\u00e9n toda la [&hellip;]<\/p>\n","protected":false},"author":1,"featured_media":50548,"comment_status":"closed","ping_status":"open","sticky":false,"template":"","format":"standard","meta":{"footnotes":""},"categories":[51,52],"tags":[],"class_list":["post-50546","post","type-post","status-publish","format-standard","has-post-thumbnail","hentry","category-comunidad","category-destacadas"],"yoast_head":"<!-- This site is optimized with the Yoast SEO plugin v19.7.1 - https:\/\/yoast.com\/wordpress\/plugins\/seo\/ -->\n<title>Ezequiel Gabella: &quot;La incorporaci\u00f3n de tecnolog\u00eda en salud es uno de los principales motivos de orgullo de la gesti\u00f3n&quot; - CELTTV<\/title>\n<meta name=\"description\" content=\"Sitio web de noticias de la localidad de Tornquist, provincia de Buenos Aires, Rep\u00fablica Argentina. Contenido propio originado por periodistas de CELTTV, el canal de TV local de la Cooperativa El\u00e9ctrica de Tornquist. Turismo, Pol\u00edtica, Sociedad, Deporte, Cultura y todo el contenido de inter\u00e9s general que la gente del pueblo y la regi\u00f3n debe conocer.\" \/>\n<meta name=\"robots\" content=\"index, follow, max-snippet:-1, max-image-preview:large, max-video-preview:-1\" \/>\n<link rel=\"canonical\" href=\"https:\/\/www.celttv.com.ar\/index.php\/2020\/07\/14\/ezequiel-gabella-la-incorporacion-de-tecnologia-en-salud-es-uno-de-los-principales-motivos-de-orgullo-de-la-gestion\/\" \/>\n<meta property=\"og:locale\" content=\"es_ES\" \/>\n<meta property=\"og:type\" content=\"article\" \/>\n<meta property=\"og:title\" content=\"Ezequiel Gabella: &quot;La incorporaci\u00f3n de tecnolog\u00eda en salud es uno de los principales motivos de orgullo de la gesti\u00f3n&quot; - CELTTV\" \/>\n<meta property=\"og:description\" content=\"Sitio web de noticias de la localidad de Tornquist, provincia de Buenos Aires, Rep\u00fablica Argentina. Contenido propio originado por periodistas de CELTTV, el canal de TV local de la Cooperativa El\u00e9ctrica de Tornquist. Turismo, Pol\u00edtica, Sociedad, Deporte, Cultura y todo el contenido de inter\u00e9s general que la gente del pueblo y la regi\u00f3n debe conocer.\" \/>\n<meta property=\"og:url\" content=\"https:\/\/www.celttv.com.ar\/index.php\/2020\/07\/14\/ezequiel-gabella-la-incorporacion-de-tecnologia-en-salud-es-uno-de-los-principales-motivos-de-orgullo-de-la-gestion\/\" \/>\n<meta property=\"og:site_name\" content=\"CELTTV\" \/>\n<meta property=\"article:publisher\" content=\"https:\/\/www.facebook.com\/celtTV\/\" \/>\n<meta property=\"article:published_time\" content=\"2020-07-14T22:14:44+00:00\" \/>\n<meta property=\"og:image\" content=\"https:\/\/www.celttv.com.ar\/wp-content\/uploads\/2020\/07\/gabella-mas-claro-1.jpg\" \/>\n\t<meta property=\"og:image:width\" content=\"736\" \/>\n\t<meta property=\"og:image:height\" content=\"435\" \/>\n\t<meta property=\"og:image:type\" content=\"image\/jpeg\" \/>\n<meta name=\"author\" content=\"ulises\" \/>\n<meta name=\"twitter:card\" content=\"summary_large_image\" \/>\n<meta name=\"twitter:label1\" content=\"Escrito por\" \/>\n\t<meta name=\"twitter:data1\" content=\"ulises\" \/>\n\t<meta name=\"twitter:label2\" content=\"Tiempo de lectura\" \/>\n\t<meta name=\"twitter:data2\" content=\"3 minutos\" \/>\n<script type=\"application\/ld+json\" class=\"yoast-schema-graph\">{\"@context\":\"https:\/\/schema.org\",\"@graph\":[{\"@type\":\"NewsArticle\",\"@id\":\"https:\/\/www.celttv.com.ar\/index.php\/2020\/07\/14\/ezequiel-gabella-la-incorporacion-de-tecnologia-en-salud-es-uno-de-los-principales-motivos-de-orgullo-de-la-gestion\/#article\",\"isPartOf\":{\"@id\":\"https:\/\/www.celttv.com.ar\/index.php\/2020\/07\/14\/ezequiel-gabella-la-incorporacion-de-tecnologia-en-salud-es-uno-de-los-principales-motivos-de-orgullo-de-la-gestion\/\"},\"author\":{\"name\":\"ulises\",\"@id\":\"https:\/\/www.celttv.com.ar\/#\/schema\/person\/6d99c072dba59953809c81446e9d0ace\"},\"headline\":\"Ezequiel Gabella: &#8220;La incorporaci\u00f3n de tecnolog\u00eda en salud es uno de los principales motivos de orgullo de la gesti\u00f3n&#8221;\",\"datePublished\":\"2020-07-14T22:14:44+00:00\",\"dateModified\":\"2020-07-14T22:14:44+00:00\",\"mainEntityOfPage\":{\"@id\":\"https:\/\/www.celttv.com.ar\/index.php\/2020\/07\/14\/ezequiel-gabella-la-incorporacion-de-tecnologia-en-salud-es-uno-de-los-principales-motivos-de-orgullo-de-la-gestion\/\"},\"wordCount\":644,\"publisher\":{\"@id\":\"https:\/\/www.celttv.com.ar\/#organization\"},\"articleSection\":[\"Comunidad\",\"Destacadas\"],\"inLanguage\":\"es\"},{\"@type\":\"WebPage\",\"@id\":\"https:\/\/www.celttv.com.ar\/index.php\/2020\/07\/14\/ezequiel-gabella-la-incorporacion-de-tecnologia-en-salud-es-uno-de-los-principales-motivos-de-orgullo-de-la-gestion\/\",\"url\":\"https:\/\/www.celttv.com.ar\/index.php\/2020\/07\/14\/ezequiel-gabella-la-incorporacion-de-tecnologia-en-salud-es-uno-de-los-principales-motivos-de-orgullo-de-la-gestion\/\",\"name\":\"Ezequiel Gabella: \\\"La incorporaci\u00f3n de tecnolog\u00eda en salud es uno de los principales motivos de orgullo de la gesti\u00f3n\\\" - CELTTV\",\"isPartOf\":{\"@id\":\"https:\/\/www.celttv.com.ar\/#website\"},\"datePublished\":\"2020-07-14T22:14:44+00:00\",\"dateModified\":\"2020-07-14T22:14:44+00:00\",\"description\":\"Sitio web de noticias de la localidad de Tornquist, provincia de Buenos Aires, Rep\u00fablica Argentina. Contenido propio originado por periodistas de CELTTV, el canal de TV local de la Cooperativa El\u00e9ctrica de Tornquist. Turismo, Pol\u00edtica, Sociedad, Deporte, Cultura y todo el contenido de inter\u00e9s general que la gente del pueblo y la regi\u00f3n debe conocer.\",\"breadcrumb\":{\"@id\":\"https:\/\/www.celttv.com.ar\/index.php\/2020\/07\/14\/ezequiel-gabella-la-incorporacion-de-tecnologia-en-salud-es-uno-de-los-principales-motivos-de-orgullo-de-la-gestion\/#breadcrumb\"},\"inLanguage\":\"es\",\"potentialAction\":[{\"@type\":\"ReadAction\",\"target\":[\"https:\/\/www.celttv.com.ar\/index.php\/2020\/07\/14\/ezequiel-gabella-la-incorporacion-de-tecnologia-en-salud-es-uno-de-los-principales-motivos-de-orgullo-de-la-gestion\/\"]}]},{\"@type\":\"BreadcrumbList\",\"@id\":\"https:\/\/www.celttv.com.ar\/index.php\/2020\/07\/14\/ezequiel-gabella-la-incorporacion-de-tecnologia-en-salud-es-uno-de-los-principales-motivos-de-orgullo-de-la-gestion\/#breadcrumb\",\"itemListElement\":[{\"@type\":\"ListItem\",\"position\":1,\"name\":\"Inicio\",\"item\":\"https:\/\/www.celttv.com.ar\/\"},{\"@type\":\"ListItem\",\"position\":2,\"name\":\"Ezequiel Gabella: &#8220;La incorporaci\u00f3n de tecnolog\u00eda en salud es uno de los principales motivos de orgullo de la gesti\u00f3n&#8221;\"}]},{\"@type\":\"WebSite\",\"@id\":\"https:\/\/www.celttv.com.ar\/#website\",\"url\":\"https:\/\/www.celttv.com.ar\/\",\"name\":\"CELTTV\",\"description\":\"Cooperativa El\u00e9ctrica de Tornquist\",\"publisher\":{\"@id\":\"https:\/\/www.celttv.com.ar\/#organization\"},\"potentialAction\":[{\"@type\":\"SearchAction\",\"target\":{\"@type\":\"EntryPoint\",\"urlTemplate\":\"https:\/\/www.celttv.com.ar\/?s={search_term_string}\"},\"query-input\":\"required name=search_term_string\"}],\"inLanguage\":\"es\"},{\"@type\":\"Organization\",\"@id\":\"https:\/\/www.celttv.com.ar\/#organization\",\"name\":\"CELTTV\",\"url\":\"https:\/\/www.celttv.com.ar\/\",\"sameAs\":[\"https:\/\/www.youtube.com\/channel\/UCz_oIt8Hig64Ub-EmcNPIhg\",\"https:\/\/www.facebook.com\/celtTV\/\"],\"logo\":{\"@type\":\"ImageObject\",\"inLanguage\":\"es\",\"@id\":\"https:\/\/www.celttv.com.ar\/#\/schema\/logo\/image\/\",\"url\":\"http:\/\/www.celttv.com.ar\/wp-content\/uploads\/2022\/08\/logo-1.png\",\"contentUrl\":\"http:\/\/www.celttv.com.ar\/wp-content\/uploads\/2022\/08\/logo-1.png\",\"width\":461,\"height\":159,\"caption\":\"CELTTV\"},\"image\":{\"@id\":\"https:\/\/www.celttv.com.ar\/#\/schema\/logo\/image\/\"}},{\"@type\":\"Person\",\"@id\":\"https:\/\/www.celttv.com.ar\/#\/schema\/person\/6d99c072dba59953809c81446e9d0ace\",\"name\":\"ulises\",\"image\":{\"@type\":\"ImageObject\",\"inLanguage\":\"es\",\"@id\":\"https:\/\/www.celttv.com.ar\/#\/schema\/person\/image\/\",\"url\":\"https:\/\/secure.gravatar.com\/avatar\/7f2c48bdc33b30088f941fb6082e555f2874c98e20cb159d7b92b50eadfce793?s=96&d=mm&r=g\",\"contentUrl\":\"https:\/\/secure.gravatar.com\/avatar\/7f2c48bdc33b30088f941fb6082e555f2874c98e20cb159d7b92b50eadfce793?s=96&d=mm&r=g\",\"caption\":\"ulises\"},\"sameAs\":[\"http:\/\/www.celttv.com.ar\"]}]}<\/script>\n<!-- \/ Yoast SEO plugin. -->","yoast_head_json":{"title":"Ezequiel Gabella: \"La incorporaci\u00f3n de tecnolog\u00eda en salud es uno de los principales motivos de orgullo de la gesti\u00f3n\" - CELTTV","description":"Sitio web de noticias de la localidad de Tornquist, provincia de Buenos Aires, Rep\u00fablica Argentina. Contenido propio originado por periodistas de CELTTV, el canal de TV local de la Cooperativa El\u00e9ctrica de Tornquist. Turismo, Pol\u00edtica, Sociedad, Deporte, Cultura y todo el contenido de inter\u00e9s general que la gente del pueblo y la regi\u00f3n debe conocer.","robots":{"index":"index","follow":"follow","max-snippet":"max-snippet:-1","max-image-preview":"max-image-preview:large","max-video-preview":"max-video-preview:-1"},"canonical":"https:\/\/www.celttv.com.ar\/index.php\/2020\/07\/14\/ezequiel-gabella-la-incorporacion-de-tecnologia-en-salud-es-uno-de-los-principales-motivos-de-orgullo-de-la-gestion\/","og_locale":"es_ES","og_type":"article","og_title":"Ezequiel Gabella: \"La incorporaci\u00f3n de tecnolog\u00eda en salud es uno de los principales motivos de orgullo de la gesti\u00f3n\" - CELTTV","og_description":"Sitio web de noticias de la localidad de Tornquist, provincia de Buenos Aires, Rep\u00fablica Argentina. Contenido propio originado por periodistas de CELTTV, el canal de TV local de la Cooperativa El\u00e9ctrica de Tornquist. Turismo, Pol\u00edtica, Sociedad, Deporte, Cultura y todo el contenido de inter\u00e9s general que la gente del pueblo y la regi\u00f3n debe conocer.","og_url":"https:\/\/www.celttv.com.ar\/index.php\/2020\/07\/14\/ezequiel-gabella-la-incorporacion-de-tecnologia-en-salud-es-uno-de-los-principales-motivos-de-orgullo-de-la-gestion\/","og_site_name":"CELTTV","article_publisher":"https:\/\/www.facebook.com\/celtTV\/","article_published_time":"2020-07-14T22:14:44+00:00","og_image":[{"width":736,"height":435,"url":"https:\/\/www.celttv.com.ar\/wp-content\/uploads\/2020\/07\/gabella-mas-claro-1.jpg","type":"image\/jpeg"}],"author":"ulises","twitter_card":"summary_large_image","twitter_misc":{"Escrito por":"ulises","Tiempo de lectura":"3 minutos"},"schema":{"@context":"https:\/\/schema.org","@graph":[{"@type":"NewsArticle","@id":"https:\/\/www.celttv.com.ar\/index.php\/2020\/07\/14\/ezequiel-gabella-la-incorporacion-de-tecnologia-en-salud-es-uno-de-los-principales-motivos-de-orgullo-de-la-gestion\/#article","isPartOf":{"@id":"https:\/\/www.celttv.com.ar\/index.php\/2020\/07\/14\/ezequiel-gabella-la-incorporacion-de-tecnologia-en-salud-es-uno-de-los-principales-motivos-de-orgullo-de-la-gestion\/"},"author":{"name":"ulises","@id":"https:\/\/www.celttv.com.ar\/#\/schema\/person\/6d99c072dba59953809c81446e9d0ace"},"headline":"Ezequiel Gabella: &#8220;La incorporaci\u00f3n de tecnolog\u00eda en salud es uno de los principales motivos de orgullo de la gesti\u00f3n&#8221;","datePublished":"2020-07-14T22:14:44+00:00","dateModified":"2020-07-14T22:14:44+00:00","mainEntityOfPage":{"@id":"https:\/\/www.celttv.com.ar\/index.php\/2020\/07\/14\/ezequiel-gabella-la-incorporacion-de-tecnologia-en-salud-es-uno-de-los-principales-motivos-de-orgullo-de-la-gestion\/"},"wordCount":644,"publisher":{"@id":"https:\/\/www.celttv.com.ar\/#organization"},"articleSection":["Comunidad","Destacadas"],"inLanguage":"es"},{"@type":"WebPage","@id":"https:\/\/www.celttv.com.ar\/index.php\/2020\/07\/14\/ezequiel-gabella-la-incorporacion-de-tecnologia-en-salud-es-uno-de-los-principales-motivos-de-orgullo-de-la-gestion\/","url":"https:\/\/www.celttv.com.ar\/index.php\/2020\/07\/14\/ezequiel-gabella-la-incorporacion-de-tecnologia-en-salud-es-uno-de-los-principales-motivos-de-orgullo-de-la-gestion\/","name":"Ezequiel Gabella: \"La incorporaci\u00f3n de tecnolog\u00eda en salud es uno de los principales motivos de orgullo de la gesti\u00f3n\" - CELTTV","isPartOf":{"@id":"https:\/\/www.celttv.com.ar\/#website"},"datePublished":"2020-07-14T22:14:44+00:00","dateModified":"2020-07-14T22:14:44+00:00","description":"Sitio web de noticias de la localidad de Tornquist, provincia de Buenos Aires, Rep\u00fablica Argentina. Contenido propio originado por periodistas de CELTTV, el canal de TV local de la Cooperativa El\u00e9ctrica de Tornquist. Turismo, Pol\u00edtica, Sociedad, Deporte, Cultura y todo el contenido de inter\u00e9s general que la gente del pueblo y la regi\u00f3n debe conocer.","breadcrumb":{"@id":"https:\/\/www.celttv.com.ar\/index.php\/2020\/07\/14\/ezequiel-gabella-la-incorporacion-de-tecnologia-en-salud-es-uno-de-los-principales-motivos-de-orgullo-de-la-gestion\/#breadcrumb"},"inLanguage":"es","potentialAction":[{"@type":"ReadAction","target":["https:\/\/www.celttv.com.ar\/index.php\/2020\/07\/14\/ezequiel-gabella-la-incorporacion-de-tecnologia-en-salud-es-uno-de-los-principales-motivos-de-orgullo-de-la-gestion\/"]}]},{"@type":"BreadcrumbList","@id":"https:\/\/www.celttv.com.ar\/index.php\/2020\/07\/14\/ezequiel-gabella-la-incorporacion-de-tecnologia-en-salud-es-uno-de-los-principales-motivos-de-orgullo-de-la-gestion\/#breadcrumb","itemListElement":[{"@type":"ListItem","position":1,"name":"Inicio","item":"https:\/\/www.celttv.com.ar\/"},{"@type":"ListItem","position":2,"name":"Ezequiel Gabella: &#8220;La incorporaci\u00f3n de tecnolog\u00eda en salud es uno de los principales motivos de orgullo de la gesti\u00f3n&#8221;"}]},{"@type":"WebSite","@id":"https:\/\/www.celttv.com.ar\/#website","url":"https:\/\/www.celttv.com.ar\/","name":"CELTTV","description":"Cooperativa El\u00e9ctrica de Tornquist","publisher":{"@id":"https:\/\/www.celttv.com.ar\/#organization"},"potentialAction":[{"@type":"SearchAction","target":{"@type":"EntryPoint","urlTemplate":"https:\/\/www.celttv.com.ar\/?s={search_term_string}"},"query-input":"required name=search_term_string"}],"inLanguage":"es"},{"@type":"Organization","@id":"https:\/\/www.celttv.com.ar\/#organization","name":"CELTTV","url":"https:\/\/www.celttv.com.ar\/","sameAs":["https:\/\/www.youtube.com\/channel\/UCz_oIt8Hig64Ub-EmcNPIhg","https:\/\/www.facebook.com\/celtTV\/"],"logo":{"@type":"ImageObject","inLanguage":"es","@id":"https:\/\/www.celttv.com.ar\/#\/schema\/logo\/image\/","url":"http:\/\/www.celttv.com.ar\/wp-content\/uploads\/2022\/08\/logo-1.png","contentUrl":"http:\/\/www.celttv.com.ar\/wp-content\/uploads\/2022\/08\/logo-1.png","width":461,"height":159,"caption":"CELTTV"},"image":{"@id":"https:\/\/www.celttv.com.ar\/#\/schema\/logo\/image\/"}},{"@type":"Person","@id":"https:\/\/www.celttv.com.ar\/#\/schema\/person\/6d99c072dba59953809c81446e9d0ace","name":"ulises","image":{"@type":"ImageObject","inLanguage":"es","@id":"https:\/\/www.celttv.com.ar\/#\/schema\/person\/image\/","url":"https:\/\/secure.gravatar.com\/avatar\/7f2c48bdc33b30088f941fb6082e555f2874c98e20cb159d7b92b50eadfce793?s=96&d=mm&r=g","contentUrl":"https:\/\/secure.gravatar.com\/avatar\/7f2c48bdc33b30088f941fb6082e555f2874c98e20cb159d7b92b50eadfce793?s=96&d=mm&r=g","caption":"ulises"},"sameAs":["http:\/\/www.celttv.com.ar"]}]}},"_links":{"self":[{"href":"https:\/\/www.celttv.com.ar\/index.php\/wp-json\/wp\/v2\/posts\/50546","targetHints":{"allow":["GET"]}}],"collection":[{"href":"https:\/\/www.celttv.com.ar\/index.php\/wp-json\/wp\/v2\/posts"}],"about":[{"href":"https:\/\/www.celttv.com.ar\/index.php\/wp-json\/wp\/v2\/types\/post"}],"author":[{"embeddable":true,"href":"https:\/\/www.celttv.com.ar\/index.php\/wp-json\/wp\/v2\/users\/1"}],"replies":[{"embeddable":true,"href":"https:\/\/www.celttv.com.ar\/index.php\/wp-json\/wp\/v2\/comments?post=50546"}],"version-history":[{"count":0,"href":"https:\/\/www.celttv.com.ar\/index.php\/wp-json\/wp\/v2\/posts\/50546\/revisions"}],"wp:featuredmedia":[{"embeddable":true,"href":"https:\/\/www.celttv.com.ar\/index.php\/wp-json\/wp\/v2\/media\/50548"}],"wp:attachment":[{"href":"https:\/\/www.celttv.com.ar\/index.php\/wp-json\/wp\/v2\/media?parent=50546"}],"wp:term":[{"taxonomy":"category","embeddable":true,"href":"https:\/\/www.celttv.com.ar\/index.php\/wp-json\/wp\/v2\/categories?post=50546"},{"taxonomy":"post_tag","embeddable":true,"href":"https:\/\/www.celttv.com.ar\/index.php\/wp-json\/wp\/v2\/tags?post=50546"}],"curies":[{"name":"wp","href":"https:\/\/api.w.org\/{rel}","templated":true}]}}