{"id":50556,"date":"2020-07-15T13:30:14","date_gmt":"2020-07-15T13:30:14","guid":{"rendered":"http:\/\/www.celttv.com.ar\/?p=50556"},"modified":"2020-07-15T13:30:14","modified_gmt":"2020-07-15T13:30:14","slug":"arba-extiende-hasta-septiembre-la-posibilidad-de-pagar-con-descuento-la-cuota-3-de-la-patente-y-la-2-del-inmobiliario-urbano","status":"publish","type":"post","link":"https:\/\/www.celttv.com.ar\/index.php\/2020\/07\/15\/arba-extiende-hasta-septiembre-la-posibilidad-de-pagar-con-descuento-la-cuota-3-de-la-patente-y-la-2-del-inmobiliario-urbano\/","title":{"rendered":"ARBA extiende hasta septiembre la posibilidad de pagar con descuento la cuota 3 de la Patente y la 2 del Inmobiliario Urbano"},"content":{"rendered":"<p style=\"font-weight: 400;\">La\u00a0<strong>Agencia de Recaudaci\u00f3n de la provincia de Buenos Aires<\/strong>\u00a0ampli\u00f3 por 60 d\u00edas el plazo para abonar con descuento la cuota 3 del Impuesto a los Automotores, que venc\u00eda hoy.<\/p>\n<p style=\"font-weight: 400;\">De esa forma, los contribuyentes bonaerenses tendr\u00e1n tiempo hasta el\u00a0<strong>15 de septiembre para efectuar el tercer pago de la Patente<\/strong>, manteniendo la posibilidad de acceder a las bonificaciones que pueden llegar al 20% por cumplir en t\u00e9rmino.<\/p>\n<p style=\"font-weight: 400;\">En declaraciones radiales, el director ejecutivo de\u00a0<strong>ARBA,<\/strong>\u00a0<strong>Cristian Girard<\/strong>, explic\u00f3 que\u00a0<strong>&#8220;hoy operaba el vencimiento de la cuota 3 de la patente y lo vamos a extender en 60 d\u00edas&#8221;<\/strong>\u00a0por lo que los contribuyentes\u00a0<strong>&#8220;tendr\u00e1n m\u00e1s tiempo para abonar el impuesto sin perder los beneficios por pago en t\u00e9rmino&#8221;<\/strong>.<\/p>\n<p style=\"font-weight: 400;\">En cuanto a la\u00a0<strong>cuota 2 del Inmobiliario Urbano<\/strong>, cuyo vencimiento operar\u00eda el pr\u00f3ximo 31 de julio, el plazo se ampli\u00f3 45 d\u00edas y tambi\u00e9n\u00a0<strong>se podr\u00e1 abonar con descuento<\/strong>\u00a0<strong>hasta el 15 de septiembre<\/strong>, tanto en la planta edificada como bald\u00eda.<\/p>\n<p style=\"font-weight: 400;\"><strong>\u201cEstas medidas est\u00e1n alineadas con la voluntad del Gobernador Kicillof de acompa\u00f1ar el esfuerzo y compromiso que muestran todos los d\u00edas las y los bonaerenses al enfrentar las dificultades de la pandemia\u201d<\/strong>, explic\u00f3.<\/p>\n<p style=\"font-weight: 400;\">En esa l\u00ednea, el organismo de recaudaci\u00f3n provincial ya extendi\u00f3 diversos plazos vinculados a vencimientos impositivos, abarcando cuotas de Automotores, Inmobiliario Urbano, planes de pago y tambi\u00e9n la suspensi\u00f3n de embargos.<\/p>\n<p style=\"font-weight: 400;\">Adem\u00e1s, el gobierno de la provincia de Buenos Aires anunci\u00f3 la semana pasada un programa de asistencia tributaria para los sectores que se encuentran m\u00e1s afectados por los problemas econ\u00f3micos derivados de la crisis sanitaria provocada por el coronavirus.<\/p>\n<p style=\"font-weight: 400;\">Las iniciativas incluyen bonificaciones de hasta 50% en Ingresos Brutos; reducci\u00f3n de al\u00edcuotas en reg\u00edmenes de retenci\u00f3n y percepci\u00f3n; mayor celeridad en la devoluci\u00f3n y compensaci\u00f3n de saldos a favor en Ingresos Brutos; y planes de pago con facilidades para regularizar deudas vencidas al 31 de mayo pasado, orientados a empresas, pymes, comercios y dem\u00e1s contribuyentes.\u200b<\/p>\n","protected":false},"excerpt":{"rendered":"<p>La\u00a0Agencia de Recaudaci\u00f3n de la provincia de Buenos Aires\u00a0ampli\u00f3 por 60 d\u00edas el plazo para abonar con descuento la cuota 3 del Impuesto a los Automotores, que venc\u00eda hoy. De esa forma, los contribuyentes bonaerenses tendr\u00e1n tiempo hasta el\u00a015 de septiembre para efectuar el tercer pago de la Patente, manteniendo la posibilidad de acceder a [&hellip;]<\/p>\n","protected":false},"author":1,"featured_media":50557,"comment_status":"closed","ping_status":"open","sticky":false,"template":"","format":"standard","meta":{"footnotes":""},"categories":[51,52],"tags":[],"class_list":["post-50556","post","type-post","status-publish","format-standard","has-post-thumbnail","hentry","category-comunidad","category-destacadas"],"yoast_head":"<!-- This site is optimized with the Yoast SEO plugin v19.7.1 - https:\/\/yoast.com\/wordpress\/plugins\/seo\/ -->\n<title>ARBA extiende hasta septiembre la posibilidad de pagar con descuento la cuota 3 de la Patente y la 2 del Inmobiliario Urbano - CELTTV<\/title>\n<meta name=\"description\" content=\"Sitio web de noticias de la localidad de Tornquist, provincia de Buenos Aires, Rep\u00fablica Argentina. Contenido propio originado por periodistas de CELTTV, el canal de TV local de la Cooperativa El\u00e9ctrica de Tornquist. Turismo, Pol\u00edtica, Sociedad, Deporte, Cultura y todo el contenido de inter\u00e9s general que la gente del pueblo y la regi\u00f3n debe conocer.\" \/>\n<meta name=\"robots\" content=\"index, follow, max-snippet:-1, max-image-preview:large, max-video-preview:-1\" \/>\n<link rel=\"canonical\" href=\"https:\/\/www.celttv.com.ar\/index.php\/2020\/07\/15\/arba-extiende-hasta-septiembre-la-posibilidad-de-pagar-con-descuento-la-cuota-3-de-la-patente-y-la-2-del-inmobiliario-urbano\/\" \/>\n<meta property=\"og:locale\" content=\"es_ES\" \/>\n<meta property=\"og:type\" content=\"article\" \/>\n<meta property=\"og:title\" content=\"ARBA extiende hasta septiembre la posibilidad de pagar con descuento la cuota 3 de la Patente y la 2 del Inmobiliario Urbano - CELTTV\" \/>\n<meta property=\"og:description\" content=\"Sitio web de noticias de la localidad de Tornquist, provincia de Buenos Aires, Rep\u00fablica Argentina. Contenido propio originado por periodistas de CELTTV, el canal de TV local de la Cooperativa El\u00e9ctrica de Tornquist. Turismo, Pol\u00edtica, Sociedad, Deporte, Cultura y todo el contenido de inter\u00e9s general que la gente del pueblo y la regi\u00f3n debe conocer.\" \/>\n<meta property=\"og:url\" content=\"https:\/\/www.celttv.com.ar\/index.php\/2020\/07\/15\/arba-extiende-hasta-septiembre-la-posibilidad-de-pagar-con-descuento-la-cuota-3-de-la-patente-y-la-2-del-inmobiliario-urbano\/\" \/>\n<meta property=\"og:site_name\" content=\"CELTTV\" \/>\n<meta property=\"article:publisher\" content=\"https:\/\/www.facebook.com\/celtTV\/\" \/>\n<meta property=\"article:published_time\" content=\"2020-07-15T13:30:14+00:00\" \/>\n<meta property=\"og:image\" content=\"https:\/\/www.celttv.com.ar\/wp-content\/uploads\/2020\/07\/ar1.jpg\" \/>\n\t<meta property=\"og:image:width\" content=\"1282\" \/>\n\t<meta property=\"og:image:height\" content=\"876\" \/>\n\t<meta property=\"og:image:type\" content=\"image\/jpeg\" \/>\n<meta name=\"author\" content=\"ulises\" \/>\n<meta name=\"twitter:card\" content=\"summary_large_image\" \/>\n<meta name=\"twitter:label1\" content=\"Escrito por\" \/>\n\t<meta name=\"twitter:data1\" content=\"ulises\" \/>\n\t<meta name=\"twitter:label2\" content=\"Tiempo de lectura\" \/>\n\t<meta name=\"twitter:data2\" content=\"2 minutos\" \/>\n<script type=\"application\/ld+json\" class=\"yoast-schema-graph\">{\"@context\":\"https:\/\/schema.org\",\"@graph\":[{\"@type\":\"NewsArticle\",\"@id\":\"https:\/\/www.celttv.com.ar\/index.php\/2020\/07\/15\/arba-extiende-hasta-septiembre-la-posibilidad-de-pagar-con-descuento-la-cuota-3-de-la-patente-y-la-2-del-inmobiliario-urbano\/#article\",\"isPartOf\":{\"@id\":\"https:\/\/www.celttv.com.ar\/index.php\/2020\/07\/15\/arba-extiende-hasta-septiembre-la-posibilidad-de-pagar-con-descuento-la-cuota-3-de-la-patente-y-la-2-del-inmobiliario-urbano\/\"},\"author\":{\"name\":\"ulises\",\"@id\":\"https:\/\/www.celttv.com.ar\/#\/schema\/person\/6d99c072dba59953809c81446e9d0ace\"},\"headline\":\"ARBA extiende hasta septiembre la posibilidad de pagar con descuento la cuota 3 de la Patente y la 2 del Inmobiliario Urbano\",\"datePublished\":\"2020-07-15T13:30:14+00:00\",\"dateModified\":\"2020-07-15T13:30:14+00:00\",\"mainEntityOfPage\":{\"@id\":\"https:\/\/www.celttv.com.ar\/index.php\/2020\/07\/15\/arba-extiende-hasta-septiembre-la-posibilidad-de-pagar-con-descuento-la-cuota-3-de-la-patente-y-la-2-del-inmobiliario-urbano\/\"},\"wordCount\":361,\"publisher\":{\"@id\":\"https:\/\/www.celttv.com.ar\/#organization\"},\"articleSection\":[\"Comunidad\",\"Destacadas\"],\"inLanguage\":\"es\"},{\"@type\":\"WebPage\",\"@id\":\"https:\/\/www.celttv.com.ar\/index.php\/2020\/07\/15\/arba-extiende-hasta-septiembre-la-posibilidad-de-pagar-con-descuento-la-cuota-3-de-la-patente-y-la-2-del-inmobiliario-urbano\/\",\"url\":\"https:\/\/www.celttv.com.ar\/index.php\/2020\/07\/15\/arba-extiende-hasta-septiembre-la-posibilidad-de-pagar-con-descuento-la-cuota-3-de-la-patente-y-la-2-del-inmobiliario-urbano\/\",\"name\":\"ARBA extiende hasta septiembre la posibilidad de pagar con descuento la cuota 3 de la Patente y la 2 del Inmobiliario Urbano - CELTTV\",\"isPartOf\":{\"@id\":\"https:\/\/www.celttv.com.ar\/#website\"},\"datePublished\":\"2020-07-15T13:30:14+00:00\",\"dateModified\":\"2020-07-15T13:30:14+00:00\",\"description\":\"Sitio web de noticias de la localidad de Tornquist, provincia de Buenos Aires, Rep\u00fablica Argentina. Contenido propio originado por periodistas de CELTTV, el canal de TV local de la Cooperativa El\u00e9ctrica de Tornquist. Turismo, Pol\u00edtica, Sociedad, Deporte, Cultura y todo el contenido de inter\u00e9s general que la gente del pueblo y la regi\u00f3n debe conocer.\",\"breadcrumb\":{\"@id\":\"https:\/\/www.celttv.com.ar\/index.php\/2020\/07\/15\/arba-extiende-hasta-septiembre-la-posibilidad-de-pagar-con-descuento-la-cuota-3-de-la-patente-y-la-2-del-inmobiliario-urbano\/#breadcrumb\"},\"inLanguage\":\"es\",\"potentialAction\":[{\"@type\":\"ReadAction\",\"target\":[\"https:\/\/www.celttv.com.ar\/index.php\/2020\/07\/15\/arba-extiende-hasta-septiembre-la-posibilidad-de-pagar-con-descuento-la-cuota-3-de-la-patente-y-la-2-del-inmobiliario-urbano\/\"]}]},{\"@type\":\"BreadcrumbList\",\"@id\":\"https:\/\/www.celttv.com.ar\/index.php\/2020\/07\/15\/arba-extiende-hasta-septiembre-la-posibilidad-de-pagar-con-descuento-la-cuota-3-de-la-patente-y-la-2-del-inmobiliario-urbano\/#breadcrumb\",\"itemListElement\":[{\"@type\":\"ListItem\",\"position\":1,\"name\":\"Inicio\",\"item\":\"https:\/\/www.celttv.com.ar\/\"},{\"@type\":\"ListItem\",\"position\":2,\"name\":\"ARBA extiende hasta septiembre la posibilidad de pagar con descuento la cuota 3 de la Patente y la 2 del Inmobiliario Urbano\"}]},{\"@type\":\"WebSite\",\"@id\":\"https:\/\/www.celttv.com.ar\/#website\",\"url\":\"https:\/\/www.celttv.com.ar\/\",\"name\":\"CELTTV\",\"description\":\"Cooperativa El\u00e9ctrica de Tornquist\",\"publisher\":{\"@id\":\"https:\/\/www.celttv.com.ar\/#organization\"},\"potentialAction\":[{\"@type\":\"SearchAction\",\"target\":{\"@type\":\"EntryPoint\",\"urlTemplate\":\"https:\/\/www.celttv.com.ar\/?s={search_term_string}\"},\"query-input\":\"required name=search_term_string\"}],\"inLanguage\":\"es\"},{\"@type\":\"Organization\",\"@id\":\"https:\/\/www.celttv.com.ar\/#organization\",\"name\":\"CELTTV\",\"url\":\"https:\/\/www.celttv.com.ar\/\",\"sameAs\":[\"https:\/\/www.youtube.com\/channel\/UCz_oIt8Hig64Ub-EmcNPIhg\",\"https:\/\/www.facebook.com\/celtTV\/\"],\"logo\":{\"@type\":\"ImageObject\",\"inLanguage\":\"es\",\"@id\":\"https:\/\/www.celttv.com.ar\/#\/schema\/logo\/image\/\",\"url\":\"http:\/\/www.celttv.com.ar\/wp-content\/uploads\/2022\/08\/logo-1.png\",\"contentUrl\":\"http:\/\/www.celttv.com.ar\/wp-content\/uploads\/2022\/08\/logo-1.png\",\"width\":461,\"height\":159,\"caption\":\"CELTTV\"},\"image\":{\"@id\":\"https:\/\/www.celttv.com.ar\/#\/schema\/logo\/image\/\"}},{\"@type\":\"Person\",\"@id\":\"https:\/\/www.celttv.com.ar\/#\/schema\/person\/6d99c072dba59953809c81446e9d0ace\",\"name\":\"ulises\",\"image\":{\"@type\":\"ImageObject\",\"inLanguage\":\"es\",\"@id\":\"https:\/\/www.celttv.com.ar\/#\/schema\/person\/image\/\",\"url\":\"https:\/\/secure.gravatar.com\/avatar\/7f2c48bdc33b30088f941fb6082e555f2874c98e20cb159d7b92b50eadfce793?s=96&d=mm&r=g\",\"contentUrl\":\"https:\/\/secure.gravatar.com\/avatar\/7f2c48bdc33b30088f941fb6082e555f2874c98e20cb159d7b92b50eadfce793?s=96&d=mm&r=g\",\"caption\":\"ulises\"},\"sameAs\":[\"http:\/\/www.celttv.com.ar\"]}]}<\/script>\n<!-- \/ Yoast SEO plugin. -->","yoast_head_json":{"title":"ARBA extiende hasta septiembre la posibilidad de pagar con descuento la cuota 3 de la Patente y la 2 del Inmobiliario Urbano - CELTTV","description":"Sitio web de noticias de la localidad de Tornquist, provincia de Buenos Aires, Rep\u00fablica Argentina. Contenido propio originado por periodistas de CELTTV, el canal de TV local de la Cooperativa El\u00e9ctrica de Tornquist. Turismo, Pol\u00edtica, Sociedad, Deporte, Cultura y todo el contenido de inter\u00e9s general que la gente del pueblo y la regi\u00f3n debe conocer.","robots":{"index":"index","follow":"follow","max-snippet":"max-snippet:-1","max-image-preview":"max-image-preview:large","max-video-preview":"max-video-preview:-1"},"canonical":"https:\/\/www.celttv.com.ar\/index.php\/2020\/07\/15\/arba-extiende-hasta-septiembre-la-posibilidad-de-pagar-con-descuento-la-cuota-3-de-la-patente-y-la-2-del-inmobiliario-urbano\/","og_locale":"es_ES","og_type":"article","og_title":"ARBA extiende hasta septiembre la posibilidad de pagar con descuento la cuota 3 de la Patente y la 2 del Inmobiliario Urbano - CELTTV","og_description":"Sitio web de noticias de la localidad de Tornquist, provincia de Buenos Aires, Rep\u00fablica Argentina. Contenido propio originado por periodistas de CELTTV, el canal de TV local de la Cooperativa El\u00e9ctrica de Tornquist. Turismo, Pol\u00edtica, Sociedad, Deporte, Cultura y todo el contenido de inter\u00e9s general que la gente del pueblo y la regi\u00f3n debe conocer.","og_url":"https:\/\/www.celttv.com.ar\/index.php\/2020\/07\/15\/arba-extiende-hasta-septiembre-la-posibilidad-de-pagar-con-descuento-la-cuota-3-de-la-patente-y-la-2-del-inmobiliario-urbano\/","og_site_name":"CELTTV","article_publisher":"https:\/\/www.facebook.com\/celtTV\/","article_published_time":"2020-07-15T13:30:14+00:00","og_image":[{"width":1282,"height":876,"url":"https:\/\/www.celttv.com.ar\/wp-content\/uploads\/2020\/07\/ar1.jpg","type":"image\/jpeg"}],"author":"ulises","twitter_card":"summary_large_image","twitter_misc":{"Escrito por":"ulises","Tiempo de lectura":"2 minutos"},"schema":{"@context":"https:\/\/schema.org","@graph":[{"@type":"NewsArticle","@id":"https:\/\/www.celttv.com.ar\/index.php\/2020\/07\/15\/arba-extiende-hasta-septiembre-la-posibilidad-de-pagar-con-descuento-la-cuota-3-de-la-patente-y-la-2-del-inmobiliario-urbano\/#article","isPartOf":{"@id":"https:\/\/www.celttv.com.ar\/index.php\/2020\/07\/15\/arba-extiende-hasta-septiembre-la-posibilidad-de-pagar-con-descuento-la-cuota-3-de-la-patente-y-la-2-del-inmobiliario-urbano\/"},"author":{"name":"ulises","@id":"https:\/\/www.celttv.com.ar\/#\/schema\/person\/6d99c072dba59953809c81446e9d0ace"},"headline":"ARBA extiende hasta septiembre la posibilidad de pagar con descuento la cuota 3 de la Patente y la 2 del Inmobiliario Urbano","datePublished":"2020-07-15T13:30:14+00:00","dateModified":"2020-07-15T13:30:14+00:00","mainEntityOfPage":{"@id":"https:\/\/www.celttv.com.ar\/index.php\/2020\/07\/15\/arba-extiende-hasta-septiembre-la-posibilidad-de-pagar-con-descuento-la-cuota-3-de-la-patente-y-la-2-del-inmobiliario-urbano\/"},"wordCount":361,"publisher":{"@id":"https:\/\/www.celttv.com.ar\/#organization"},"articleSection":["Comunidad","Destacadas"],"inLanguage":"es"},{"@type":"WebPage","@id":"https:\/\/www.celttv.com.ar\/index.php\/2020\/07\/15\/arba-extiende-hasta-septiembre-la-posibilidad-de-pagar-con-descuento-la-cuota-3-de-la-patente-y-la-2-del-inmobiliario-urbano\/","url":"https:\/\/www.celttv.com.ar\/index.php\/2020\/07\/15\/arba-extiende-hasta-septiembre-la-posibilidad-de-pagar-con-descuento-la-cuota-3-de-la-patente-y-la-2-del-inmobiliario-urbano\/","name":"ARBA extiende hasta septiembre la posibilidad de pagar con descuento la cuota 3 de la Patente y la 2 del Inmobiliario Urbano - CELTTV","isPartOf":{"@id":"https:\/\/www.celttv.com.ar\/#website"},"datePublished":"2020-07-15T13:30:14+00:00","dateModified":"2020-07-15T13:30:14+00:00","description":"Sitio web de noticias de la localidad de Tornquist, provincia de Buenos Aires, Rep\u00fablica Argentina. Contenido propio originado por periodistas de CELTTV, el canal de TV local de la Cooperativa El\u00e9ctrica de Tornquist. Turismo, Pol\u00edtica, Sociedad, Deporte, Cultura y todo el contenido de inter\u00e9s general que la gente del pueblo y la regi\u00f3n debe conocer.","breadcrumb":{"@id":"https:\/\/www.celttv.com.ar\/index.php\/2020\/07\/15\/arba-extiende-hasta-septiembre-la-posibilidad-de-pagar-con-descuento-la-cuota-3-de-la-patente-y-la-2-del-inmobiliario-urbano\/#breadcrumb"},"inLanguage":"es","potentialAction":[{"@type":"ReadAction","target":["https:\/\/www.celttv.com.ar\/index.php\/2020\/07\/15\/arba-extiende-hasta-septiembre-la-posibilidad-de-pagar-con-descuento-la-cuota-3-de-la-patente-y-la-2-del-inmobiliario-urbano\/"]}]},{"@type":"BreadcrumbList","@id":"https:\/\/www.celttv.com.ar\/index.php\/2020\/07\/15\/arba-extiende-hasta-septiembre-la-posibilidad-de-pagar-con-descuento-la-cuota-3-de-la-patente-y-la-2-del-inmobiliario-urbano\/#breadcrumb","itemListElement":[{"@type":"ListItem","position":1,"name":"Inicio","item":"https:\/\/www.celttv.com.ar\/"},{"@type":"ListItem","position":2,"name":"ARBA extiende hasta septiembre la posibilidad de pagar con descuento la cuota 3 de la Patente y la 2 del Inmobiliario Urbano"}]},{"@type":"WebSite","@id":"https:\/\/www.celttv.com.ar\/#website","url":"https:\/\/www.celttv.com.ar\/","name":"CELTTV","description":"Cooperativa El\u00e9ctrica de Tornquist","publisher":{"@id":"https:\/\/www.celttv.com.ar\/#organization"},"potentialAction":[{"@type":"SearchAction","target":{"@type":"EntryPoint","urlTemplate":"https:\/\/www.celttv.com.ar\/?s={search_term_string}"},"query-input":"required name=search_term_string"}],"inLanguage":"es"},{"@type":"Organization","@id":"https:\/\/www.celttv.com.ar\/#organization","name":"CELTTV","url":"https:\/\/www.celttv.com.ar\/","sameAs":["https:\/\/www.youtube.com\/channel\/UCz_oIt8Hig64Ub-EmcNPIhg","https:\/\/www.facebook.com\/celtTV\/"],"logo":{"@type":"ImageObject","inLanguage":"es","@id":"https:\/\/www.celttv.com.ar\/#\/schema\/logo\/image\/","url":"http:\/\/www.celttv.com.ar\/wp-content\/uploads\/2022\/08\/logo-1.png","contentUrl":"http:\/\/www.celttv.com.ar\/wp-content\/uploads\/2022\/08\/logo-1.png","width":461,"height":159,"caption":"CELTTV"},"image":{"@id":"https:\/\/www.celttv.com.ar\/#\/schema\/logo\/image\/"}},{"@type":"Person","@id":"https:\/\/www.celttv.com.ar\/#\/schema\/person\/6d99c072dba59953809c81446e9d0ace","name":"ulises","image":{"@type":"ImageObject","inLanguage":"es","@id":"https:\/\/www.celttv.com.ar\/#\/schema\/person\/image\/","url":"https:\/\/secure.gravatar.com\/avatar\/7f2c48bdc33b30088f941fb6082e555f2874c98e20cb159d7b92b50eadfce793?s=96&d=mm&r=g","contentUrl":"https:\/\/secure.gravatar.com\/avatar\/7f2c48bdc33b30088f941fb6082e555f2874c98e20cb159d7b92b50eadfce793?s=96&d=mm&r=g","caption":"ulises"},"sameAs":["http:\/\/www.celttv.com.ar"]}]}},"_links":{"self":[{"href":"https:\/\/www.celttv.com.ar\/index.php\/wp-json\/wp\/v2\/posts\/50556","targetHints":{"allow":["GET"]}}],"collection":[{"href":"https:\/\/www.celttv.com.ar\/index.php\/wp-json\/wp\/v2\/posts"}],"about":[{"href":"https:\/\/www.celttv.com.ar\/index.php\/wp-json\/wp\/v2\/types\/post"}],"author":[{"embeddable":true,"href":"https:\/\/www.celttv.com.ar\/index.php\/wp-json\/wp\/v2\/users\/1"}],"replies":[{"embeddable":true,"href":"https:\/\/www.celttv.com.ar\/index.php\/wp-json\/wp\/v2\/comments?post=50556"}],"version-history":[{"count":0,"href":"https:\/\/www.celttv.com.ar\/index.php\/wp-json\/wp\/v2\/posts\/50556\/revisions"}],"wp:featuredmedia":[{"embeddable":true,"href":"https:\/\/www.celttv.com.ar\/index.php\/wp-json\/wp\/v2\/media\/50557"}],"wp:attachment":[{"href":"https:\/\/www.celttv.com.ar\/index.php\/wp-json\/wp\/v2\/media?parent=50556"}],"wp:term":[{"taxonomy":"category","embeddable":true,"href":"https:\/\/www.celttv.com.ar\/index.php\/wp-json\/wp\/v2\/categories?post=50556"},{"taxonomy":"post_tag","embeddable":true,"href":"https:\/\/www.celttv.com.ar\/index.php\/wp-json\/wp\/v2\/tags?post=50556"}],"curies":[{"name":"wp","href":"https:\/\/api.w.org\/{rel}","templated":true}]}}