{"id":50564,"date":"2020-07-15T20:45:18","date_gmt":"2020-07-15T20:45:18","guid":{"rendered":"http:\/\/www.celttv.com.ar\/?p=50564"},"modified":"2020-07-15T20:45:18","modified_gmt":"2020-07-15T20:45:18","slug":"balbin-lo-dijimos-hace-unos-meses-y-lo-reiteramos-la-provincia-debe-frenar-el-traslado-de-policias-y-agentes-penitenciarios-por-su-territorio-para-evitar-los-contagios-por-covid-19","status":"publish","type":"post","link":"https:\/\/www.celttv.com.ar\/index.php\/2020\/07\/15\/balbin-lo-dijimos-hace-unos-meses-y-lo-reiteramos-la-provincia-debe-frenar-el-traslado-de-policias-y-agentes-penitenciarios-por-su-territorio-para-evitar-los-contagios-por-covid-19\/","title":{"rendered":"BALBIN: \u201cLO DIJIMOS HACE UNOS MESES Y LO REITERAMOS: LA PROVINCIA DEBE FRENAR EL TRASLADO DE POLIC\u00cdAS Y AGENTES PENITENCIARIOS POR SU TERRITORIO PARA EVITAR LOS CONTAGIOS POR COVID 19\u201d"},"content":{"rendered":"<p style=\"font-weight: 400;\">A ra\u00edz de los \u00faltimos casos aparecidos en el distrito de Saavedra, por un oficial de la polic\u00eda bonaerense que arrib\u00f3 desde el AMBA el 26 de junio, es que el diputado de Juntos por el Cambio, Emiliano Balb\u00edn, record\u00f3 el pedido que hizo en su momento para que \u201clos agentes brinden su servicio en los lugares donde se encuentran asignados hasta que culmine el aislamiento preventivo y obligatorio, porque pone en peligro la salud de estos y la de todos los vecinos\u201d, y que no fue escuchado por las autoridades de la Provincia.<\/p>\n<p style=\"font-weight: 400;\">A trav\u00e9s de una declaraci\u00f3n y un pedido de informes, y a instancia de lo manifestado por varios intendentes del sur bonaerense, en su momento Balb\u00edn hab\u00eda expresado su preocupaci\u00f3n porque, a pesar de lo anunciado por la Provincia, continuaba el movimiento de agentes de la polic\u00eda provincial, del interior al conurbano, y entre los diferentes distritos de \u00e9ste.<\/p>\n<p style=\"font-weight: 400;\">Ahora se sabe que han aparecido casos de contagios a partir de la exposici\u00f3n de los vecinos al contacto con agentes que han sido trasladados desde el AMBA.<\/p>\n<p style=\"font-weight: 400;\">En declaraciones a la prensa, el Secretario de Salud de la Municipalidad de Saavedra, Guillermo Tiz\u00f3n, confirm\u00f3 la semana pasada tres casos positivos de coronavirus, y seg\u00fan lo indic\u00f3, \u201cson contactos estrechos de un agente de polic\u00eda que arrib\u00f3 desde el conurbano bonaerense el pasado 26 de junio\u201d.<\/p>\n<p style=\"font-weight: 400;\">\u201cEs por eso tambi\u00e9n -agreg\u00f3 Balb\u00edn-, que esta semana acompa\u00f1\u00e9 un proyecto del diputado Mat\u00edas Ranzini, que incorpora al pedido que ya le hab\u00edamos hecho al Gobierno de la Provincia sobre la polic\u00eda bonaerense, a los agentes del Servicio Penitenciario provincial\u201d.<\/p>\n<p style=\"font-weight: 400;\">\u201cEs importante aclarar que son muchas las localidades del interior de la Provincia que en la actualidad se encuentran libres de virus y todas aquellas personas que vuelven desde el conurbano o ciudades m\u00e1s populosas con circulaci\u00f3n viral, pone en alerta a las comunidades peque\u00f1as, generando tensiones que podr\u00edan obviar\u201d, finaliz\u00f3.<\/p>\n","protected":false},"excerpt":{"rendered":"<p>A ra\u00edz de los \u00faltimos casos aparecidos en el distrito de Saavedra, por un oficial de la polic\u00eda bonaerense que arrib\u00f3 desde el AMBA el 26 de junio, es que el diputado de Juntos por el Cambio, Emiliano Balb\u00edn, record\u00f3 el pedido que hizo en su momento para que \u201clos agentes brinden su servicio en [&hellip;]<\/p>\n","protected":false},"author":1,"featured_media":50061,"comment_status":"closed","ping_status":"open","sticky":false,"template":"","format":"standard","meta":{"footnotes":""},"categories":[51,52,53],"tags":[],"class_list":["post-50564","post","type-post","status-publish","format-standard","has-post-thumbnail","hentry","category-comunidad","category-destacadas","category-politica"],"yoast_head":"<!-- This site is optimized with the Yoast SEO plugin v19.7.1 - https:\/\/yoast.com\/wordpress\/plugins\/seo\/ -->\n<title>BALBIN: \u201cLO DIJIMOS HACE UNOS MESES Y LO REITERAMOS: LA PROVINCIA DEBE FRENAR EL TRASLADO DE POLIC\u00cdAS Y AGENTES PENITENCIARIOS POR SU TERRITORIO PARA EVITAR LOS CONTAGIOS POR COVID 19\u201d - CELTTV<\/title>\n<meta name=\"description\" content=\"Sitio web de noticias de la localidad de Tornquist, provincia de Buenos Aires, Rep\u00fablica Argentina. Contenido propio originado por periodistas de CELTTV, el canal de TV local de la Cooperativa El\u00e9ctrica de Tornquist. Turismo, Pol\u00edtica, Sociedad, Deporte, Cultura y todo el contenido de inter\u00e9s general que la gente del pueblo y la regi\u00f3n debe conocer.\" \/>\n<meta name=\"robots\" content=\"index, follow, max-snippet:-1, max-image-preview:large, max-video-preview:-1\" \/>\n<link rel=\"canonical\" href=\"https:\/\/www.celttv.com.ar\/index.php\/2020\/07\/15\/balbin-lo-dijimos-hace-unos-meses-y-lo-reiteramos-la-provincia-debe-frenar-el-traslado-de-policias-y-agentes-penitenciarios-por-su-territorio-para-evitar-los-contagios-por-covid-19\/\" \/>\n<meta property=\"og:locale\" content=\"es_ES\" \/>\n<meta property=\"og:type\" content=\"article\" \/>\n<meta property=\"og:title\" content=\"BALBIN: \u201cLO DIJIMOS HACE UNOS MESES Y LO REITERAMOS: LA PROVINCIA DEBE FRENAR EL TRASLADO DE POLIC\u00cdAS Y AGENTES PENITENCIARIOS POR SU TERRITORIO PARA EVITAR LOS CONTAGIOS POR COVID 19\u201d - CELTTV\" \/>\n<meta property=\"og:description\" content=\"Sitio web de noticias de la localidad de Tornquist, provincia de Buenos Aires, Rep\u00fablica Argentina. Contenido propio originado por periodistas de CELTTV, el canal de TV local de la Cooperativa El\u00e9ctrica de Tornquist. Turismo, Pol\u00edtica, Sociedad, Deporte, Cultura y todo el contenido de inter\u00e9s general que la gente del pueblo y la regi\u00f3n debe conocer.\" \/>\n<meta property=\"og:url\" content=\"https:\/\/www.celttv.com.ar\/index.php\/2020\/07\/15\/balbin-lo-dijimos-hace-unos-meses-y-lo-reiteramos-la-provincia-debe-frenar-el-traslado-de-policias-y-agentes-penitenciarios-por-su-territorio-para-evitar-los-contagios-por-covid-19\/\" \/>\n<meta property=\"og:site_name\" content=\"CELTTV\" \/>\n<meta property=\"article:publisher\" content=\"https:\/\/www.facebook.com\/celtTV\/\" \/>\n<meta property=\"article:published_time\" content=\"2020-07-15T20:45:18+00:00\" \/>\n<meta property=\"og:image\" content=\"https:\/\/www.celttv.com.ar\/wp-content\/uploads\/2020\/06\/balbin-adultos-scaled.jpg\" \/>\n\t<meta property=\"og:image:width\" content=\"2560\" \/>\n\t<meta property=\"og:image:height\" content=\"1920\" \/>\n\t<meta property=\"og:image:type\" content=\"image\/jpeg\" \/>\n<meta name=\"author\" content=\"ulises\" \/>\n<meta name=\"twitter:card\" content=\"summary_large_image\" \/>\n<meta name=\"twitter:label1\" content=\"Escrito por\" \/>\n\t<meta name=\"twitter:data1\" content=\"ulises\" \/>\n\t<meta name=\"twitter:label2\" content=\"Tiempo de lectura\" \/>\n\t<meta name=\"twitter:data2\" content=\"2 minutos\" \/>\n<script type=\"application\/ld+json\" class=\"yoast-schema-graph\">{\"@context\":\"https:\/\/schema.org\",\"@graph\":[{\"@type\":\"NewsArticle\",\"@id\":\"https:\/\/www.celttv.com.ar\/index.php\/2020\/07\/15\/balbin-lo-dijimos-hace-unos-meses-y-lo-reiteramos-la-provincia-debe-frenar-el-traslado-de-policias-y-agentes-penitenciarios-por-su-territorio-para-evitar-los-contagios-por-covid-19\/#article\",\"isPartOf\":{\"@id\":\"https:\/\/www.celttv.com.ar\/index.php\/2020\/07\/15\/balbin-lo-dijimos-hace-unos-meses-y-lo-reiteramos-la-provincia-debe-frenar-el-traslado-de-policias-y-agentes-penitenciarios-por-su-territorio-para-evitar-los-contagios-por-covid-19\/\"},\"author\":{\"name\":\"ulises\",\"@id\":\"https:\/\/www.celttv.com.ar\/#\/schema\/person\/6d99c072dba59953809c81446e9d0ace\"},\"headline\":\"BALBIN: \u201cLO DIJIMOS HACE UNOS MESES Y LO REITERAMOS: LA PROVINCIA DEBE FRENAR EL TRASLADO DE POLIC\u00cdAS Y AGENTES PENITENCIARIOS POR SU TERRITORIO PARA EVITAR LOS CONTAGIOS POR COVID 19\u201d\",\"datePublished\":\"2020-07-15T20:45:18+00:00\",\"dateModified\":\"2020-07-15T20:45:18+00:00\",\"mainEntityOfPage\":{\"@id\":\"https:\/\/www.celttv.com.ar\/index.php\/2020\/07\/15\/balbin-lo-dijimos-hace-unos-meses-y-lo-reiteramos-la-provincia-debe-frenar-el-traslado-de-policias-y-agentes-penitenciarios-por-su-territorio-para-evitar-los-contagios-por-covid-19\/\"},\"wordCount\":371,\"publisher\":{\"@id\":\"https:\/\/www.celttv.com.ar\/#organization\"},\"articleSection\":[\"Comunidad\",\"Destacadas\",\"Pol\u00edtica\"],\"inLanguage\":\"es\"},{\"@type\":\"WebPage\",\"@id\":\"https:\/\/www.celttv.com.ar\/index.php\/2020\/07\/15\/balbin-lo-dijimos-hace-unos-meses-y-lo-reiteramos-la-provincia-debe-frenar-el-traslado-de-policias-y-agentes-penitenciarios-por-su-territorio-para-evitar-los-contagios-por-covid-19\/\",\"url\":\"https:\/\/www.celttv.com.ar\/index.php\/2020\/07\/15\/balbin-lo-dijimos-hace-unos-meses-y-lo-reiteramos-la-provincia-debe-frenar-el-traslado-de-policias-y-agentes-penitenciarios-por-su-territorio-para-evitar-los-contagios-por-covid-19\/\",\"name\":\"BALBIN: \u201cLO DIJIMOS HACE UNOS MESES Y LO REITERAMOS: LA PROVINCIA DEBE FRENAR EL TRASLADO DE POLIC\u00cdAS Y AGENTES PENITENCIARIOS POR SU TERRITORIO PARA EVITAR LOS CONTAGIOS POR COVID 19\u201d - CELTTV\",\"isPartOf\":{\"@id\":\"https:\/\/www.celttv.com.ar\/#website\"},\"datePublished\":\"2020-07-15T20:45:18+00:00\",\"dateModified\":\"2020-07-15T20:45:18+00:00\",\"description\":\"Sitio web de noticias de la localidad de Tornquist, provincia de Buenos Aires, Rep\u00fablica Argentina. Contenido propio originado por periodistas de CELTTV, el canal de TV local de la Cooperativa El\u00e9ctrica de Tornquist. Turismo, Pol\u00edtica, Sociedad, Deporte, Cultura y todo el contenido de inter\u00e9s general que la gente del pueblo y la regi\u00f3n debe conocer.\",\"breadcrumb\":{\"@id\":\"https:\/\/www.celttv.com.ar\/index.php\/2020\/07\/15\/balbin-lo-dijimos-hace-unos-meses-y-lo-reiteramos-la-provincia-debe-frenar-el-traslado-de-policias-y-agentes-penitenciarios-por-su-territorio-para-evitar-los-contagios-por-covid-19\/#breadcrumb\"},\"inLanguage\":\"es\",\"potentialAction\":[{\"@type\":\"ReadAction\",\"target\":[\"https:\/\/www.celttv.com.ar\/index.php\/2020\/07\/15\/balbin-lo-dijimos-hace-unos-meses-y-lo-reiteramos-la-provincia-debe-frenar-el-traslado-de-policias-y-agentes-penitenciarios-por-su-territorio-para-evitar-los-contagios-por-covid-19\/\"]}]},{\"@type\":\"BreadcrumbList\",\"@id\":\"https:\/\/www.celttv.com.ar\/index.php\/2020\/07\/15\/balbin-lo-dijimos-hace-unos-meses-y-lo-reiteramos-la-provincia-debe-frenar-el-traslado-de-policias-y-agentes-penitenciarios-por-su-territorio-para-evitar-los-contagios-por-covid-19\/#breadcrumb\",\"itemListElement\":[{\"@type\":\"ListItem\",\"position\":1,\"name\":\"Inicio\",\"item\":\"https:\/\/www.celttv.com.ar\/\"},{\"@type\":\"ListItem\",\"position\":2,\"name\":\"BALBIN: \u201cLO DIJIMOS HACE UNOS MESES Y LO REITERAMOS: LA PROVINCIA DEBE FRENAR EL TRASLADO DE POLIC\u00cdAS Y AGENTES PENITENCIARIOS POR SU TERRITORIO PARA EVITAR LOS CONTAGIOS POR COVID 19\u201d\"}]},{\"@type\":\"WebSite\",\"@id\":\"https:\/\/www.celttv.com.ar\/#website\",\"url\":\"https:\/\/www.celttv.com.ar\/\",\"name\":\"CELTTV\",\"description\":\"Cooperativa El\u00e9ctrica de Tornquist\",\"publisher\":{\"@id\":\"https:\/\/www.celttv.com.ar\/#organization\"},\"potentialAction\":[{\"@type\":\"SearchAction\",\"target\":{\"@type\":\"EntryPoint\",\"urlTemplate\":\"https:\/\/www.celttv.com.ar\/?s={search_term_string}\"},\"query-input\":\"required name=search_term_string\"}],\"inLanguage\":\"es\"},{\"@type\":\"Organization\",\"@id\":\"https:\/\/www.celttv.com.ar\/#organization\",\"name\":\"CELTTV\",\"url\":\"https:\/\/www.celttv.com.ar\/\",\"sameAs\":[\"https:\/\/www.youtube.com\/channel\/UCz_oIt8Hig64Ub-EmcNPIhg\",\"https:\/\/www.facebook.com\/celtTV\/\"],\"logo\":{\"@type\":\"ImageObject\",\"inLanguage\":\"es\",\"@id\":\"https:\/\/www.celttv.com.ar\/#\/schema\/logo\/image\/\",\"url\":\"http:\/\/www.celttv.com.ar\/wp-content\/uploads\/2022\/08\/logo-1.png\",\"contentUrl\":\"http:\/\/www.celttv.com.ar\/wp-content\/uploads\/2022\/08\/logo-1.png\",\"width\":461,\"height\":159,\"caption\":\"CELTTV\"},\"image\":{\"@id\":\"https:\/\/www.celttv.com.ar\/#\/schema\/logo\/image\/\"}},{\"@type\":\"Person\",\"@id\":\"https:\/\/www.celttv.com.ar\/#\/schema\/person\/6d99c072dba59953809c81446e9d0ace\",\"name\":\"ulises\",\"image\":{\"@type\":\"ImageObject\",\"inLanguage\":\"es\",\"@id\":\"https:\/\/www.celttv.com.ar\/#\/schema\/person\/image\/\",\"url\":\"https:\/\/secure.gravatar.com\/avatar\/7f2c48bdc33b30088f941fb6082e555f2874c98e20cb159d7b92b50eadfce793?s=96&d=mm&r=g\",\"contentUrl\":\"https:\/\/secure.gravatar.com\/avatar\/7f2c48bdc33b30088f941fb6082e555f2874c98e20cb159d7b92b50eadfce793?s=96&d=mm&r=g\",\"caption\":\"ulises\"},\"sameAs\":[\"http:\/\/www.celttv.com.ar\"]}]}<\/script>\n<!-- \/ Yoast SEO plugin. -->","yoast_head_json":{"title":"BALBIN: \u201cLO DIJIMOS HACE UNOS MESES Y LO REITERAMOS: LA PROVINCIA DEBE FRENAR EL TRASLADO DE POLIC\u00cdAS Y AGENTES PENITENCIARIOS POR SU TERRITORIO PARA EVITAR LOS CONTAGIOS POR COVID 19\u201d - CELTTV","description":"Sitio web de noticias de la localidad de Tornquist, provincia de Buenos Aires, Rep\u00fablica Argentina. Contenido propio originado por periodistas de CELTTV, el canal de TV local de la Cooperativa El\u00e9ctrica de Tornquist. Turismo, Pol\u00edtica, Sociedad, Deporte, Cultura y todo el contenido de inter\u00e9s general que la gente del pueblo y la regi\u00f3n debe conocer.","robots":{"index":"index","follow":"follow","max-snippet":"max-snippet:-1","max-image-preview":"max-image-preview:large","max-video-preview":"max-video-preview:-1"},"canonical":"https:\/\/www.celttv.com.ar\/index.php\/2020\/07\/15\/balbin-lo-dijimos-hace-unos-meses-y-lo-reiteramos-la-provincia-debe-frenar-el-traslado-de-policias-y-agentes-penitenciarios-por-su-territorio-para-evitar-los-contagios-por-covid-19\/","og_locale":"es_ES","og_type":"article","og_title":"BALBIN: \u201cLO DIJIMOS HACE UNOS MESES Y LO REITERAMOS: LA PROVINCIA DEBE FRENAR EL TRASLADO DE POLIC\u00cdAS Y AGENTES PENITENCIARIOS POR SU TERRITORIO PARA EVITAR LOS CONTAGIOS POR COVID 19\u201d - CELTTV","og_description":"Sitio web de noticias de la localidad de Tornquist, provincia de Buenos Aires, Rep\u00fablica Argentina. Contenido propio originado por periodistas de CELTTV, el canal de TV local de la Cooperativa El\u00e9ctrica de Tornquist. Turismo, Pol\u00edtica, Sociedad, Deporte, Cultura y todo el contenido de inter\u00e9s general que la gente del pueblo y la regi\u00f3n debe conocer.","og_url":"https:\/\/www.celttv.com.ar\/index.php\/2020\/07\/15\/balbin-lo-dijimos-hace-unos-meses-y-lo-reiteramos-la-provincia-debe-frenar-el-traslado-de-policias-y-agentes-penitenciarios-por-su-territorio-para-evitar-los-contagios-por-covid-19\/","og_site_name":"CELTTV","article_publisher":"https:\/\/www.facebook.com\/celtTV\/","article_published_time":"2020-07-15T20:45:18+00:00","og_image":[{"width":2560,"height":1920,"url":"https:\/\/www.celttv.com.ar\/wp-content\/uploads\/2020\/06\/balbin-adultos-scaled.jpg","type":"image\/jpeg"}],"author":"ulises","twitter_card":"summary_large_image","twitter_misc":{"Escrito por":"ulises","Tiempo de lectura":"2 minutos"},"schema":{"@context":"https:\/\/schema.org","@graph":[{"@type":"NewsArticle","@id":"https:\/\/www.celttv.com.ar\/index.php\/2020\/07\/15\/balbin-lo-dijimos-hace-unos-meses-y-lo-reiteramos-la-provincia-debe-frenar-el-traslado-de-policias-y-agentes-penitenciarios-por-su-territorio-para-evitar-los-contagios-por-covid-19\/#article","isPartOf":{"@id":"https:\/\/www.celttv.com.ar\/index.php\/2020\/07\/15\/balbin-lo-dijimos-hace-unos-meses-y-lo-reiteramos-la-provincia-debe-frenar-el-traslado-de-policias-y-agentes-penitenciarios-por-su-territorio-para-evitar-los-contagios-por-covid-19\/"},"author":{"name":"ulises","@id":"https:\/\/www.celttv.com.ar\/#\/schema\/person\/6d99c072dba59953809c81446e9d0ace"},"headline":"BALBIN: \u201cLO DIJIMOS HACE UNOS MESES Y LO REITERAMOS: LA PROVINCIA DEBE FRENAR EL TRASLADO DE POLIC\u00cdAS Y AGENTES PENITENCIARIOS POR SU TERRITORIO PARA EVITAR LOS CONTAGIOS POR COVID 19\u201d","datePublished":"2020-07-15T20:45:18+00:00","dateModified":"2020-07-15T20:45:18+00:00","mainEntityOfPage":{"@id":"https:\/\/www.celttv.com.ar\/index.php\/2020\/07\/15\/balbin-lo-dijimos-hace-unos-meses-y-lo-reiteramos-la-provincia-debe-frenar-el-traslado-de-policias-y-agentes-penitenciarios-por-su-territorio-para-evitar-los-contagios-por-covid-19\/"},"wordCount":371,"publisher":{"@id":"https:\/\/www.celttv.com.ar\/#organization"},"articleSection":["Comunidad","Destacadas","Pol\u00edtica"],"inLanguage":"es"},{"@type":"WebPage","@id":"https:\/\/www.celttv.com.ar\/index.php\/2020\/07\/15\/balbin-lo-dijimos-hace-unos-meses-y-lo-reiteramos-la-provincia-debe-frenar-el-traslado-de-policias-y-agentes-penitenciarios-por-su-territorio-para-evitar-los-contagios-por-covid-19\/","url":"https:\/\/www.celttv.com.ar\/index.php\/2020\/07\/15\/balbin-lo-dijimos-hace-unos-meses-y-lo-reiteramos-la-provincia-debe-frenar-el-traslado-de-policias-y-agentes-penitenciarios-por-su-territorio-para-evitar-los-contagios-por-covid-19\/","name":"BALBIN: \u201cLO DIJIMOS HACE UNOS MESES Y LO REITERAMOS: LA PROVINCIA DEBE FRENAR EL TRASLADO DE POLIC\u00cdAS Y AGENTES PENITENCIARIOS POR SU TERRITORIO PARA EVITAR LOS CONTAGIOS POR COVID 19\u201d - CELTTV","isPartOf":{"@id":"https:\/\/www.celttv.com.ar\/#website"},"datePublished":"2020-07-15T20:45:18+00:00","dateModified":"2020-07-15T20:45:18+00:00","description":"Sitio web de noticias de la localidad de Tornquist, provincia de Buenos Aires, Rep\u00fablica Argentina. Contenido propio originado por periodistas de CELTTV, el canal de TV local de la Cooperativa El\u00e9ctrica de Tornquist. Turismo, Pol\u00edtica, Sociedad, Deporte, Cultura y todo el contenido de inter\u00e9s general que la gente del pueblo y la regi\u00f3n debe conocer.","breadcrumb":{"@id":"https:\/\/www.celttv.com.ar\/index.php\/2020\/07\/15\/balbin-lo-dijimos-hace-unos-meses-y-lo-reiteramos-la-provincia-debe-frenar-el-traslado-de-policias-y-agentes-penitenciarios-por-su-territorio-para-evitar-los-contagios-por-covid-19\/#breadcrumb"},"inLanguage":"es","potentialAction":[{"@type":"ReadAction","target":["https:\/\/www.celttv.com.ar\/index.php\/2020\/07\/15\/balbin-lo-dijimos-hace-unos-meses-y-lo-reiteramos-la-provincia-debe-frenar-el-traslado-de-policias-y-agentes-penitenciarios-por-su-territorio-para-evitar-los-contagios-por-covid-19\/"]}]},{"@type":"BreadcrumbList","@id":"https:\/\/www.celttv.com.ar\/index.php\/2020\/07\/15\/balbin-lo-dijimos-hace-unos-meses-y-lo-reiteramos-la-provincia-debe-frenar-el-traslado-de-policias-y-agentes-penitenciarios-por-su-territorio-para-evitar-los-contagios-por-covid-19\/#breadcrumb","itemListElement":[{"@type":"ListItem","position":1,"name":"Inicio","item":"https:\/\/www.celttv.com.ar\/"},{"@type":"ListItem","position":2,"name":"BALBIN: \u201cLO DIJIMOS HACE UNOS MESES Y LO REITERAMOS: LA PROVINCIA DEBE FRENAR EL TRASLADO DE POLIC\u00cdAS Y AGENTES PENITENCIARIOS POR SU TERRITORIO PARA EVITAR LOS CONTAGIOS POR COVID 19\u201d"}]},{"@type":"WebSite","@id":"https:\/\/www.celttv.com.ar\/#website","url":"https:\/\/www.celttv.com.ar\/","name":"CELTTV","description":"Cooperativa El\u00e9ctrica de Tornquist","publisher":{"@id":"https:\/\/www.celttv.com.ar\/#organization"},"potentialAction":[{"@type":"SearchAction","target":{"@type":"EntryPoint","urlTemplate":"https:\/\/www.celttv.com.ar\/?s={search_term_string}"},"query-input":"required name=search_term_string"}],"inLanguage":"es"},{"@type":"Organization","@id":"https:\/\/www.celttv.com.ar\/#organization","name":"CELTTV","url":"https:\/\/www.celttv.com.ar\/","sameAs":["https:\/\/www.youtube.com\/channel\/UCz_oIt8Hig64Ub-EmcNPIhg","https:\/\/www.facebook.com\/celtTV\/"],"logo":{"@type":"ImageObject","inLanguage":"es","@id":"https:\/\/www.celttv.com.ar\/#\/schema\/logo\/image\/","url":"http:\/\/www.celttv.com.ar\/wp-content\/uploads\/2022\/08\/logo-1.png","contentUrl":"http:\/\/www.celttv.com.ar\/wp-content\/uploads\/2022\/08\/logo-1.png","width":461,"height":159,"caption":"CELTTV"},"image":{"@id":"https:\/\/www.celttv.com.ar\/#\/schema\/logo\/image\/"}},{"@type":"Person","@id":"https:\/\/www.celttv.com.ar\/#\/schema\/person\/6d99c072dba59953809c81446e9d0ace","name":"ulises","image":{"@type":"ImageObject","inLanguage":"es","@id":"https:\/\/www.celttv.com.ar\/#\/schema\/person\/image\/","url":"https:\/\/secure.gravatar.com\/avatar\/7f2c48bdc33b30088f941fb6082e555f2874c98e20cb159d7b92b50eadfce793?s=96&d=mm&r=g","contentUrl":"https:\/\/secure.gravatar.com\/avatar\/7f2c48bdc33b30088f941fb6082e555f2874c98e20cb159d7b92b50eadfce793?s=96&d=mm&r=g","caption":"ulises"},"sameAs":["http:\/\/www.celttv.com.ar"]}]}},"_links":{"self":[{"href":"https:\/\/www.celttv.com.ar\/index.php\/wp-json\/wp\/v2\/posts\/50564","targetHints":{"allow":["GET"]}}],"collection":[{"href":"https:\/\/www.celttv.com.ar\/index.php\/wp-json\/wp\/v2\/posts"}],"about":[{"href":"https:\/\/www.celttv.com.ar\/index.php\/wp-json\/wp\/v2\/types\/post"}],"author":[{"embeddable":true,"href":"https:\/\/www.celttv.com.ar\/index.php\/wp-json\/wp\/v2\/users\/1"}],"replies":[{"embeddable":true,"href":"https:\/\/www.celttv.com.ar\/index.php\/wp-json\/wp\/v2\/comments?post=50564"}],"version-history":[{"count":0,"href":"https:\/\/www.celttv.com.ar\/index.php\/wp-json\/wp\/v2\/posts\/50564\/revisions"}],"wp:featuredmedia":[{"embeddable":true,"href":"https:\/\/www.celttv.com.ar\/index.php\/wp-json\/wp\/v2\/media\/50061"}],"wp:attachment":[{"href":"https:\/\/www.celttv.com.ar\/index.php\/wp-json\/wp\/v2\/media?parent=50564"}],"wp:term":[{"taxonomy":"category","embeddable":true,"href":"https:\/\/www.celttv.com.ar\/index.php\/wp-json\/wp\/v2\/categories?post=50564"},{"taxonomy":"post_tag","embeddable":true,"href":"https:\/\/www.celttv.com.ar\/index.php\/wp-json\/wp\/v2\/tags?post=50564"}],"curies":[{"name":"wp","href":"https:\/\/api.w.org\/{rel}","templated":true}]}}