{"id":50571,"date":"2020-07-15T21:37:27","date_gmt":"2020-07-15T21:37:27","guid":{"rendered":"http:\/\/www.celttv.com.ar\/?p=50571"},"modified":"2020-07-15T21:37:27","modified_gmt":"2020-07-15T21:37:27","slug":"primero-tenemos-que-velar-por-la-salud-de-la-gente-palenzona-considero-poco-probable-que-el-futbol-liguista-comience-en-lo-inmediato","status":"publish","type":"post","link":"https:\/\/www.celttv.com.ar\/index.php\/2020\/07\/15\/primero-tenemos-que-velar-por-la-salud-de-la-gente-palenzona-considero-poco-probable-que-el-futbol-liguista-comience-en-lo-inmediato\/","title":{"rendered":"&#8220;Primero tenemos que velar por la salud de la gente&#8221; Palenzona consider\u00f3 poco probable que el f\u00fatbol liguista comience en lo inmediato"},"content":{"rendered":"<p>Ernesto Palenzona, presidente de la liga Regional de F\u00fatbol consider\u00f3 poco probable en lo inmediato el inicio de la actividad.<\/p>\n<p>&#8220;En principio est\u00e1 muy complicado y yo quiero que haya f\u00fatbol y cuanto antes, pero la realidad que tenemos es que en la actualidad y de acuerdo a las disposiciones vigentes,\u00a0 no se puede iniciar ning\u00fan entrenamiento hasta que todo el pa\u00eds no se encuentre en la fase 4 y estamos lejos\u00a0 porque hay lugares en el gran Buenos Aires donde aun est\u00e1n en la fase 1&#8221; subray\u00f3 el titular liguista.<\/p>\n<p>&#8220;Nosotros vivimos en una zona que tenemos suerte con este tema de la pandemia porque solamente hubo casos en dos distritos qu e son Puan y Saavedra\u00a0 y han tomado algunas restricciones respecto a las actividades que se pueden realizar&#8221; se\u00f1al\u00f3 Palenzona.<\/p>\n<p>Respecto al protocolo enviado por la AFA para cuando se reinicien los entrenamientos dijo que &#8220;el protocolo existe pero no est\u00e1 la autorizaci\u00f3n para que los clubes puedan abrir sus puertas&#8221;<\/p>\n<p>&#8220;Yo estoy convencido que, aunque se abra la posibilidad de entrenar y de jugar, mas de una instituci\u00f3n no van a participar salvo que haga un torneo. Hay tres posiciones; uno que quieren que este a\u00f1o pase en blanco; otros quieren hacer un torneo que empiece y termine este a\u00f1o y otros quieren un torneo que empiece este a\u00f1o cuando se pueda y contin\u00fae en el verano y termine cuando tenga que terminar&#8221; afirm\u00f3 el presidente liguista&#8221;<\/p>\n<p>&#8220;Seria una l\u00e1stima que pasara un a\u00f1o completo sin actividad, no solo en primera, me preocupa el tema de las inferiores. Pero tengamos en cuenta que los chicos no se juntan para aprender y cultivarse intelectualmente, como vamos a juntarnos para que jueguen al f\u00fatbol&#8221;<\/p>\n<p>&#8220;El costo que se puede llegar a pagar creo que tenemos que evitarlo. Primero tenemos que velar por la salud de la gente&#8221; asegur\u00f3 Palenzona quien valor\u00f3 el enorme esfuerzo que realizan los dirigentes de cada uno de los clubes.<\/p>\n<p><strong>NOTA COMPLETA EN VIDEO\u00a0<\/strong><\/p>\n<p><iframe loading=\"lazy\" title=\"2020 07 15 COMUNICACION TELEFONICA CON ERNESTO PALENZONA\" width=\"500\" height=\"281\" src=\"https:\/\/www.youtube.com\/embed\/QYE4G4SJBY0?feature=oembed\" frameborder=\"0\" allow=\"accelerometer; autoplay; clipboard-write; encrypted-media; gyroscope; picture-in-picture; web-share\" referrerpolicy=\"strict-origin-when-cross-origin\" allowfullscreen><\/iframe><\/p>\n","protected":false},"excerpt":{"rendered":"<p>Ernesto Palenzona, presidente de la liga Regional de F\u00fatbol consider\u00f3 poco probable en lo inmediato el inicio de la actividad. &#8220;En principio est\u00e1 muy complicado y yo quiero que haya f\u00fatbol y cuanto antes, pero la realidad que tenemos es que en la actualidad y de acuerdo a las disposiciones vigentes,\u00a0 no se puede iniciar [&hellip;]<\/p>\n","protected":false},"author":1,"featured_media":50573,"comment_status":"closed","ping_status":"open","sticky":false,"template":"","format":"standard","meta":{"footnotes":""},"categories":[51,60,52],"tags":[],"class_list":["post-50571","post","type-post","status-publish","format-standard","has-post-thumbnail","hentry","category-comunidad","category-deporte","category-destacadas"],"yoast_head":"<!-- This site is optimized with the Yoast SEO plugin v19.7.1 - https:\/\/yoast.com\/wordpress\/plugins\/seo\/ -->\n<title>&quot;Primero tenemos que velar por la salud de la gente&quot; Palenzona consider\u00f3 poco probable que el f\u00fatbol liguista comience en lo inmediato - CELTTV<\/title>\n<meta name=\"description\" content=\"Sitio web de noticias de la localidad de Tornquist, provincia de Buenos Aires, Rep\u00fablica Argentina. Contenido propio originado por periodistas de CELTTV, el canal de TV local de la Cooperativa El\u00e9ctrica de Tornquist. Turismo, Pol\u00edtica, Sociedad, Deporte, Cultura y todo el contenido de inter\u00e9s general que la gente del pueblo y la regi\u00f3n debe conocer.\" \/>\n<meta name=\"robots\" content=\"index, follow, max-snippet:-1, max-image-preview:large, max-video-preview:-1\" \/>\n<link rel=\"canonical\" href=\"https:\/\/www.celttv.com.ar\/index.php\/2020\/07\/15\/primero-tenemos-que-velar-por-la-salud-de-la-gente-palenzona-considero-poco-probable-que-el-futbol-liguista-comience-en-lo-inmediato\/\" \/>\n<meta property=\"og:locale\" content=\"es_ES\" \/>\n<meta property=\"og:type\" content=\"article\" \/>\n<meta property=\"og:title\" content=\"&quot;Primero tenemos que velar por la salud de la gente&quot; Palenzona consider\u00f3 poco probable que el f\u00fatbol liguista comience en lo inmediato - CELTTV\" \/>\n<meta property=\"og:description\" content=\"Sitio web de noticias de la localidad de Tornquist, provincia de Buenos Aires, Rep\u00fablica Argentina. Contenido propio originado por periodistas de CELTTV, el canal de TV local de la Cooperativa El\u00e9ctrica de Tornquist. Turismo, Pol\u00edtica, Sociedad, Deporte, Cultura y todo el contenido de inter\u00e9s general que la gente del pueblo y la regi\u00f3n debe conocer.\" \/>\n<meta property=\"og:url\" content=\"https:\/\/www.celttv.com.ar\/index.php\/2020\/07\/15\/primero-tenemos-que-velar-por-la-salud-de-la-gente-palenzona-considero-poco-probable-que-el-futbol-liguista-comience-en-lo-inmediato\/\" \/>\n<meta property=\"og:site_name\" content=\"CELTTV\" \/>\n<meta property=\"article:publisher\" content=\"https:\/\/www.facebook.com\/celtTV\/\" \/>\n<meta property=\"article:published_time\" content=\"2020-07-15T21:37:27+00:00\" \/>\n<meta property=\"og:image\" content=\"https:\/\/www.celttv.com.ar\/wp-content\/uploads\/2020\/07\/palenzona.jpg\" \/>\n\t<meta property=\"og:image:width\" content=\"691\" \/>\n\t<meta property=\"og:image:height\" content=\"441\" \/>\n\t<meta property=\"og:image:type\" content=\"image\/jpeg\" \/>\n<meta name=\"author\" content=\"ulises\" \/>\n<meta name=\"twitter:card\" content=\"summary_large_image\" \/>\n<meta name=\"twitter:label1\" content=\"Escrito por\" \/>\n\t<meta name=\"twitter:data1\" content=\"ulises\" \/>\n\t<meta name=\"twitter:label2\" content=\"Tiempo de lectura\" \/>\n\t<meta name=\"twitter:data2\" content=\"2 minutos\" \/>\n<script type=\"application\/ld+json\" class=\"yoast-schema-graph\">{\"@context\":\"https:\/\/schema.org\",\"@graph\":[{\"@type\":\"NewsArticle\",\"@id\":\"https:\/\/www.celttv.com.ar\/index.php\/2020\/07\/15\/primero-tenemos-que-velar-por-la-salud-de-la-gente-palenzona-considero-poco-probable-que-el-futbol-liguista-comience-en-lo-inmediato\/#article\",\"isPartOf\":{\"@id\":\"https:\/\/www.celttv.com.ar\/index.php\/2020\/07\/15\/primero-tenemos-que-velar-por-la-salud-de-la-gente-palenzona-considero-poco-probable-que-el-futbol-liguista-comience-en-lo-inmediato\/\"},\"author\":{\"name\":\"ulises\",\"@id\":\"https:\/\/www.celttv.com.ar\/#\/schema\/person\/6d99c072dba59953809c81446e9d0ace\"},\"headline\":\"&#8220;Primero tenemos que velar por la salud de la gente&#8221; Palenzona consider\u00f3 poco probable que el f\u00fatbol liguista comience en lo inmediato\",\"datePublished\":\"2020-07-15T21:37:27+00:00\",\"dateModified\":\"2020-07-15T21:37:27+00:00\",\"mainEntityOfPage\":{\"@id\":\"https:\/\/www.celttv.com.ar\/index.php\/2020\/07\/15\/primero-tenemos-que-velar-por-la-salud-de-la-gente-palenzona-considero-poco-probable-que-el-futbol-liguista-comience-en-lo-inmediato\/\"},\"wordCount\":372,\"publisher\":{\"@id\":\"https:\/\/www.celttv.com.ar\/#organization\"},\"articleSection\":[\"Comunidad\",\"Deporte\",\"Destacadas\"],\"inLanguage\":\"es\"},{\"@type\":\"WebPage\",\"@id\":\"https:\/\/www.celttv.com.ar\/index.php\/2020\/07\/15\/primero-tenemos-que-velar-por-la-salud-de-la-gente-palenzona-considero-poco-probable-que-el-futbol-liguista-comience-en-lo-inmediato\/\",\"url\":\"https:\/\/www.celttv.com.ar\/index.php\/2020\/07\/15\/primero-tenemos-que-velar-por-la-salud-de-la-gente-palenzona-considero-poco-probable-que-el-futbol-liguista-comience-en-lo-inmediato\/\",\"name\":\"\\\"Primero tenemos que velar por la salud de la gente\\\" Palenzona consider\u00f3 poco probable que el f\u00fatbol liguista comience en lo inmediato - CELTTV\",\"isPartOf\":{\"@id\":\"https:\/\/www.celttv.com.ar\/#website\"},\"datePublished\":\"2020-07-15T21:37:27+00:00\",\"dateModified\":\"2020-07-15T21:37:27+00:00\",\"description\":\"Sitio web de noticias de la localidad de Tornquist, provincia de Buenos Aires, Rep\u00fablica Argentina. Contenido propio originado por periodistas de CELTTV, el canal de TV local de la Cooperativa El\u00e9ctrica de Tornquist. Turismo, Pol\u00edtica, Sociedad, Deporte, Cultura y todo el contenido de inter\u00e9s general que la gente del pueblo y la regi\u00f3n debe conocer.\",\"breadcrumb\":{\"@id\":\"https:\/\/www.celttv.com.ar\/index.php\/2020\/07\/15\/primero-tenemos-que-velar-por-la-salud-de-la-gente-palenzona-considero-poco-probable-que-el-futbol-liguista-comience-en-lo-inmediato\/#breadcrumb\"},\"inLanguage\":\"es\",\"potentialAction\":[{\"@type\":\"ReadAction\",\"target\":[\"https:\/\/www.celttv.com.ar\/index.php\/2020\/07\/15\/primero-tenemos-que-velar-por-la-salud-de-la-gente-palenzona-considero-poco-probable-que-el-futbol-liguista-comience-en-lo-inmediato\/\"]}]},{\"@type\":\"BreadcrumbList\",\"@id\":\"https:\/\/www.celttv.com.ar\/index.php\/2020\/07\/15\/primero-tenemos-que-velar-por-la-salud-de-la-gente-palenzona-considero-poco-probable-que-el-futbol-liguista-comience-en-lo-inmediato\/#breadcrumb\",\"itemListElement\":[{\"@type\":\"ListItem\",\"position\":1,\"name\":\"Inicio\",\"item\":\"https:\/\/www.celttv.com.ar\/\"},{\"@type\":\"ListItem\",\"position\":2,\"name\":\"&#8220;Primero tenemos que velar por la salud de la gente&#8221; Palenzona consider\u00f3 poco probable que el f\u00fatbol liguista comience en lo inmediato\"}]},{\"@type\":\"WebSite\",\"@id\":\"https:\/\/www.celttv.com.ar\/#website\",\"url\":\"https:\/\/www.celttv.com.ar\/\",\"name\":\"CELTTV\",\"description\":\"Cooperativa El\u00e9ctrica de Tornquist\",\"publisher\":{\"@id\":\"https:\/\/www.celttv.com.ar\/#organization\"},\"potentialAction\":[{\"@type\":\"SearchAction\",\"target\":{\"@type\":\"EntryPoint\",\"urlTemplate\":\"https:\/\/www.celttv.com.ar\/?s={search_term_string}\"},\"query-input\":\"required name=search_term_string\"}],\"inLanguage\":\"es\"},{\"@type\":\"Organization\",\"@id\":\"https:\/\/www.celttv.com.ar\/#organization\",\"name\":\"CELTTV\",\"url\":\"https:\/\/www.celttv.com.ar\/\",\"sameAs\":[\"https:\/\/www.youtube.com\/channel\/UCz_oIt8Hig64Ub-EmcNPIhg\",\"https:\/\/www.facebook.com\/celtTV\/\"],\"logo\":{\"@type\":\"ImageObject\",\"inLanguage\":\"es\",\"@id\":\"https:\/\/www.celttv.com.ar\/#\/schema\/logo\/image\/\",\"url\":\"http:\/\/www.celttv.com.ar\/wp-content\/uploads\/2022\/08\/logo-1.png\",\"contentUrl\":\"http:\/\/www.celttv.com.ar\/wp-content\/uploads\/2022\/08\/logo-1.png\",\"width\":461,\"height\":159,\"caption\":\"CELTTV\"},\"image\":{\"@id\":\"https:\/\/www.celttv.com.ar\/#\/schema\/logo\/image\/\"}},{\"@type\":\"Person\",\"@id\":\"https:\/\/www.celttv.com.ar\/#\/schema\/person\/6d99c072dba59953809c81446e9d0ace\",\"name\":\"ulises\",\"image\":{\"@type\":\"ImageObject\",\"inLanguage\":\"es\",\"@id\":\"https:\/\/www.celttv.com.ar\/#\/schema\/person\/image\/\",\"url\":\"https:\/\/secure.gravatar.com\/avatar\/7f2c48bdc33b30088f941fb6082e555f2874c98e20cb159d7b92b50eadfce793?s=96&d=mm&r=g\",\"contentUrl\":\"https:\/\/secure.gravatar.com\/avatar\/7f2c48bdc33b30088f941fb6082e555f2874c98e20cb159d7b92b50eadfce793?s=96&d=mm&r=g\",\"caption\":\"ulises\"},\"sameAs\":[\"http:\/\/www.celttv.com.ar\"]}]}<\/script>\n<!-- \/ Yoast SEO plugin. -->","yoast_head_json":{"title":"\"Primero tenemos que velar por la salud de la gente\" Palenzona consider\u00f3 poco probable que el f\u00fatbol liguista comience en lo inmediato - CELTTV","description":"Sitio web de noticias de la localidad de Tornquist, provincia de Buenos Aires, Rep\u00fablica Argentina. Contenido propio originado por periodistas de CELTTV, el canal de TV local de la Cooperativa El\u00e9ctrica de Tornquist. Turismo, Pol\u00edtica, Sociedad, Deporte, Cultura y todo el contenido de inter\u00e9s general que la gente del pueblo y la regi\u00f3n debe conocer.","robots":{"index":"index","follow":"follow","max-snippet":"max-snippet:-1","max-image-preview":"max-image-preview:large","max-video-preview":"max-video-preview:-1"},"canonical":"https:\/\/www.celttv.com.ar\/index.php\/2020\/07\/15\/primero-tenemos-que-velar-por-la-salud-de-la-gente-palenzona-considero-poco-probable-que-el-futbol-liguista-comience-en-lo-inmediato\/","og_locale":"es_ES","og_type":"article","og_title":"\"Primero tenemos que velar por la salud de la gente\" Palenzona consider\u00f3 poco probable que el f\u00fatbol liguista comience en lo inmediato - CELTTV","og_description":"Sitio web de noticias de la localidad de Tornquist, provincia de Buenos Aires, Rep\u00fablica Argentina. Contenido propio originado por periodistas de CELTTV, el canal de TV local de la Cooperativa El\u00e9ctrica de Tornquist. Turismo, Pol\u00edtica, Sociedad, Deporte, Cultura y todo el contenido de inter\u00e9s general que la gente del pueblo y la regi\u00f3n debe conocer.","og_url":"https:\/\/www.celttv.com.ar\/index.php\/2020\/07\/15\/primero-tenemos-que-velar-por-la-salud-de-la-gente-palenzona-considero-poco-probable-que-el-futbol-liguista-comience-en-lo-inmediato\/","og_site_name":"CELTTV","article_publisher":"https:\/\/www.facebook.com\/celtTV\/","article_published_time":"2020-07-15T21:37:27+00:00","og_image":[{"width":691,"height":441,"url":"https:\/\/www.celttv.com.ar\/wp-content\/uploads\/2020\/07\/palenzona.jpg","type":"image\/jpeg"}],"author":"ulises","twitter_card":"summary_large_image","twitter_misc":{"Escrito por":"ulises","Tiempo de lectura":"2 minutos"},"schema":{"@context":"https:\/\/schema.org","@graph":[{"@type":"NewsArticle","@id":"https:\/\/www.celttv.com.ar\/index.php\/2020\/07\/15\/primero-tenemos-que-velar-por-la-salud-de-la-gente-palenzona-considero-poco-probable-que-el-futbol-liguista-comience-en-lo-inmediato\/#article","isPartOf":{"@id":"https:\/\/www.celttv.com.ar\/index.php\/2020\/07\/15\/primero-tenemos-que-velar-por-la-salud-de-la-gente-palenzona-considero-poco-probable-que-el-futbol-liguista-comience-en-lo-inmediato\/"},"author":{"name":"ulises","@id":"https:\/\/www.celttv.com.ar\/#\/schema\/person\/6d99c072dba59953809c81446e9d0ace"},"headline":"&#8220;Primero tenemos que velar por la salud de la gente&#8221; Palenzona consider\u00f3 poco probable que el f\u00fatbol liguista comience en lo inmediato","datePublished":"2020-07-15T21:37:27+00:00","dateModified":"2020-07-15T21:37:27+00:00","mainEntityOfPage":{"@id":"https:\/\/www.celttv.com.ar\/index.php\/2020\/07\/15\/primero-tenemos-que-velar-por-la-salud-de-la-gente-palenzona-considero-poco-probable-que-el-futbol-liguista-comience-en-lo-inmediato\/"},"wordCount":372,"publisher":{"@id":"https:\/\/www.celttv.com.ar\/#organization"},"articleSection":["Comunidad","Deporte","Destacadas"],"inLanguage":"es"},{"@type":"WebPage","@id":"https:\/\/www.celttv.com.ar\/index.php\/2020\/07\/15\/primero-tenemos-que-velar-por-la-salud-de-la-gente-palenzona-considero-poco-probable-que-el-futbol-liguista-comience-en-lo-inmediato\/","url":"https:\/\/www.celttv.com.ar\/index.php\/2020\/07\/15\/primero-tenemos-que-velar-por-la-salud-de-la-gente-palenzona-considero-poco-probable-que-el-futbol-liguista-comience-en-lo-inmediato\/","name":"\"Primero tenemos que velar por la salud de la gente\" Palenzona consider\u00f3 poco probable que el f\u00fatbol liguista comience en lo inmediato - CELTTV","isPartOf":{"@id":"https:\/\/www.celttv.com.ar\/#website"},"datePublished":"2020-07-15T21:37:27+00:00","dateModified":"2020-07-15T21:37:27+00:00","description":"Sitio web de noticias de la localidad de Tornquist, provincia de Buenos Aires, Rep\u00fablica Argentina. Contenido propio originado por periodistas de CELTTV, el canal de TV local de la Cooperativa El\u00e9ctrica de Tornquist. Turismo, Pol\u00edtica, Sociedad, Deporte, Cultura y todo el contenido de inter\u00e9s general que la gente del pueblo y la regi\u00f3n debe conocer.","breadcrumb":{"@id":"https:\/\/www.celttv.com.ar\/index.php\/2020\/07\/15\/primero-tenemos-que-velar-por-la-salud-de-la-gente-palenzona-considero-poco-probable-que-el-futbol-liguista-comience-en-lo-inmediato\/#breadcrumb"},"inLanguage":"es","potentialAction":[{"@type":"ReadAction","target":["https:\/\/www.celttv.com.ar\/index.php\/2020\/07\/15\/primero-tenemos-que-velar-por-la-salud-de-la-gente-palenzona-considero-poco-probable-que-el-futbol-liguista-comience-en-lo-inmediato\/"]}]},{"@type":"BreadcrumbList","@id":"https:\/\/www.celttv.com.ar\/index.php\/2020\/07\/15\/primero-tenemos-que-velar-por-la-salud-de-la-gente-palenzona-considero-poco-probable-que-el-futbol-liguista-comience-en-lo-inmediato\/#breadcrumb","itemListElement":[{"@type":"ListItem","position":1,"name":"Inicio","item":"https:\/\/www.celttv.com.ar\/"},{"@type":"ListItem","position":2,"name":"&#8220;Primero tenemos que velar por la salud de la gente&#8221; Palenzona consider\u00f3 poco probable que el f\u00fatbol liguista comience en lo inmediato"}]},{"@type":"WebSite","@id":"https:\/\/www.celttv.com.ar\/#website","url":"https:\/\/www.celttv.com.ar\/","name":"CELTTV","description":"Cooperativa El\u00e9ctrica de Tornquist","publisher":{"@id":"https:\/\/www.celttv.com.ar\/#organization"},"potentialAction":[{"@type":"SearchAction","target":{"@type":"EntryPoint","urlTemplate":"https:\/\/www.celttv.com.ar\/?s={search_term_string}"},"query-input":"required name=search_term_string"}],"inLanguage":"es"},{"@type":"Organization","@id":"https:\/\/www.celttv.com.ar\/#organization","name":"CELTTV","url":"https:\/\/www.celttv.com.ar\/","sameAs":["https:\/\/www.youtube.com\/channel\/UCz_oIt8Hig64Ub-EmcNPIhg","https:\/\/www.facebook.com\/celtTV\/"],"logo":{"@type":"ImageObject","inLanguage":"es","@id":"https:\/\/www.celttv.com.ar\/#\/schema\/logo\/image\/","url":"http:\/\/www.celttv.com.ar\/wp-content\/uploads\/2022\/08\/logo-1.png","contentUrl":"http:\/\/www.celttv.com.ar\/wp-content\/uploads\/2022\/08\/logo-1.png","width":461,"height":159,"caption":"CELTTV"},"image":{"@id":"https:\/\/www.celttv.com.ar\/#\/schema\/logo\/image\/"}},{"@type":"Person","@id":"https:\/\/www.celttv.com.ar\/#\/schema\/person\/6d99c072dba59953809c81446e9d0ace","name":"ulises","image":{"@type":"ImageObject","inLanguage":"es","@id":"https:\/\/www.celttv.com.ar\/#\/schema\/person\/image\/","url":"https:\/\/secure.gravatar.com\/avatar\/7f2c48bdc33b30088f941fb6082e555f2874c98e20cb159d7b92b50eadfce793?s=96&d=mm&r=g","contentUrl":"https:\/\/secure.gravatar.com\/avatar\/7f2c48bdc33b30088f941fb6082e555f2874c98e20cb159d7b92b50eadfce793?s=96&d=mm&r=g","caption":"ulises"},"sameAs":["http:\/\/www.celttv.com.ar"]}]}},"_links":{"self":[{"href":"https:\/\/www.celttv.com.ar\/index.php\/wp-json\/wp\/v2\/posts\/50571","targetHints":{"allow":["GET"]}}],"collection":[{"href":"https:\/\/www.celttv.com.ar\/index.php\/wp-json\/wp\/v2\/posts"}],"about":[{"href":"https:\/\/www.celttv.com.ar\/index.php\/wp-json\/wp\/v2\/types\/post"}],"author":[{"embeddable":true,"href":"https:\/\/www.celttv.com.ar\/index.php\/wp-json\/wp\/v2\/users\/1"}],"replies":[{"embeddable":true,"href":"https:\/\/www.celttv.com.ar\/index.php\/wp-json\/wp\/v2\/comments?post=50571"}],"version-history":[{"count":0,"href":"https:\/\/www.celttv.com.ar\/index.php\/wp-json\/wp\/v2\/posts\/50571\/revisions"}],"wp:featuredmedia":[{"embeddable":true,"href":"https:\/\/www.celttv.com.ar\/index.php\/wp-json\/wp\/v2\/media\/50573"}],"wp:attachment":[{"href":"https:\/\/www.celttv.com.ar\/index.php\/wp-json\/wp\/v2\/media?parent=50571"}],"wp:term":[{"taxonomy":"category","embeddable":true,"href":"https:\/\/www.celttv.com.ar\/index.php\/wp-json\/wp\/v2\/categories?post=50571"},{"taxonomy":"post_tag","embeddable":true,"href":"https:\/\/www.celttv.com.ar\/index.php\/wp-json\/wp\/v2\/tags?post=50571"}],"curies":[{"name":"wp","href":"https:\/\/api.w.org\/{rel}","templated":true}]}}