{"id":50585,"date":"2020-07-16T13:20:45","date_gmt":"2020-07-16T13:20:45","guid":{"rendered":"http:\/\/www.celttv.com.ar\/?p=50585"},"modified":"2020-07-16T13:20:45","modified_gmt":"2020-07-16T13:20:45","slug":"oficina-anses-tornquist-informa-que-a-partir-de-la-fecha-las-consultas-se-realizaran-a-traves-del-mail-institucional","status":"publish","type":"post","link":"https:\/\/www.celttv.com.ar\/index.php\/2020\/07\/16\/oficina-anses-tornquist-informa-que-a-partir-de-la-fecha-las-consultas-se-realizaran-a-traves-del-mail-institucional\/","title":{"rendered":"Oficina Anses Tornquist informa que a partir de la fecha las consultas se realizar\u00e1n a trav\u00e9s del mail institucional"},"content":{"rendered":"<p>Oficina Anses Tornquist informa que a partir de la fecha las consultas se realizar\u00e1n a trav\u00e9s del mail institucional\u00a0<a href=\"mailto:oficinatornquist@anses.gov.ar\">oficinatornquist@anses.gov.ar<\/a>\u00a0, por la plataforma virtual de la p\u00e1gina web de ANSES o con turno de manera presencial en la oficina. Los turnos se solicitan a trav\u00e9s de la p\u00e1gina web. La atenci\u00f3n en la oficina es normal con turno de 8.30 a 14 hs de lunes a viernes. Recordamos que la Oficina ANSES Tornquist desarrolla sus actividades con normalidad en la sala de situaciones del Municipio de Tornquist. Nos cuidamos entre todos.<\/p>\n<p>El contenido del presente mensaje y sus anexos es privado, confidencial y de exclusivo uso para el destinatario referenciado. Puede contener informacion privilegiada o amparada por el secreto profesional o por disposiciones legales y\/o reglamentarias vigentes. Cualquier modificaci\u00f3n, retransmisi\u00f3n, diseminaci\u00f3n o divulgaci\u00f3n de su informaci\u00f3n se encuentra expresamente prohibida y su uso inadecuado puede derivar en responsabilidad civil para el usuario o configurar los delitos previstos en los articulos 153 a 157 del Codigo Penal.<\/p>\n<p>Si no fuere uno de los destinatarios consignados o lo hubiere recibido por error, Ud. NO ESTA AUTORIZADO a utilizar total o parcialmente, copiar, enviar, revelar, imprimir, divulgar de manera alguna el contenido del presente mensaje o el de sus adjuntos.<\/p>\n<p>En consecuencia, tenga a bien comunicarselo inmediatamente al emisor y ELIMINARLO. ANSES no garantiza la seguridad, integridad, exactitud u oportunidad de lo transmitido por este medio ni se responsabiliza de posibles perjuicios derivados de la captura, incorporaciones de virus o cualquier otra manipulaci\u00f3n efectuada por terceros.<\/p>\n<p>Asimismo, las opiniones expresadas en este mensaje y en los archivos adjuntos son propias del remitente y no representan la opini\u00f3n o politicas de ANSES, salvo que se diga expresamente y el remitente se encuentre autorizado para ello.<\/p>\n<p>Por ende, ANSES no asumir\u00e1 -en ningun caso- responsabilidad alguna frente al destinatario y\/o terceros en virtud de dichas comunicaciones y ademas, no sera responsable frente a los usuarios por la correspondencia o los mensajes de correo electr\u00f3nico enviados por terceros u otras personas distintas a ANSES, ya sea que estos hubieren o no solicitado el envio de tales mensajes.<\/p>\n<p>ANSES se reserva el derecho de bloquear el acceso o remover en forma parcial o total todo mensaje y sus adjuntos que a su criterio pudiere resultar abusivo, difamatorio, obsceno, fraudulento, artificioso, enga\u00f1oso, ofensivo o violatorio a los terminos de la presente. PD: Tildes omitidas intencionalmente.<\/p>\n","protected":false},"excerpt":{"rendered":"<p>Oficina Anses Tornquist informa que a partir de la fecha las consultas se realizar\u00e1n a trav\u00e9s del mail institucional\u00a0oficinatornquist@anses.gov.ar\u00a0, por la plataforma virtual de la p\u00e1gina web de ANSES o con turno de manera presencial en la oficina. Los turnos se solicitan a trav\u00e9s de la p\u00e1gina web. La atenci\u00f3n en la oficina es normal [&hellip;]<\/p>\n","protected":false},"author":1,"featured_media":36634,"comment_status":"closed","ping_status":"open","sticky":false,"template":"","format":"standard","meta":{"footnotes":""},"categories":[51,52],"tags":[],"class_list":["post-50585","post","type-post","status-publish","format-standard","has-post-thumbnail","hentry","category-comunidad","category-destacadas"],"yoast_head":"<!-- This site is optimized with the Yoast SEO plugin v19.7.1 - https:\/\/yoast.com\/wordpress\/plugins\/seo\/ -->\n<title>Oficina Anses Tornquist informa que a partir de la fecha las consultas se realizar\u00e1n a trav\u00e9s del mail institucional - CELTTV<\/title>\n<meta name=\"description\" content=\"Sitio web de noticias de la localidad de Tornquist, provincia de Buenos Aires, Rep\u00fablica Argentina. Contenido propio originado por periodistas de CELTTV, el canal de TV local de la Cooperativa El\u00e9ctrica de Tornquist. Turismo, Pol\u00edtica, Sociedad, Deporte, Cultura y todo el contenido de inter\u00e9s general que la gente del pueblo y la regi\u00f3n debe conocer.\" \/>\n<meta name=\"robots\" content=\"index, follow, max-snippet:-1, max-image-preview:large, max-video-preview:-1\" \/>\n<link rel=\"canonical\" href=\"https:\/\/www.celttv.com.ar\/index.php\/2020\/07\/16\/oficina-anses-tornquist-informa-que-a-partir-de-la-fecha-las-consultas-se-realizaran-a-traves-del-mail-institucional\/\" \/>\n<meta property=\"og:locale\" content=\"es_ES\" \/>\n<meta property=\"og:type\" content=\"article\" \/>\n<meta property=\"og:title\" content=\"Oficina Anses Tornquist informa que a partir de la fecha las consultas se realizar\u00e1n a trav\u00e9s del mail institucional - CELTTV\" \/>\n<meta property=\"og:description\" content=\"Sitio web de noticias de la localidad de Tornquist, provincia de Buenos Aires, Rep\u00fablica Argentina. Contenido propio originado por periodistas de CELTTV, el canal de TV local de la Cooperativa El\u00e9ctrica de Tornquist. Turismo, Pol\u00edtica, Sociedad, Deporte, Cultura y todo el contenido de inter\u00e9s general que la gente del pueblo y la regi\u00f3n debe conocer.\" \/>\n<meta property=\"og:url\" content=\"https:\/\/www.celttv.com.ar\/index.php\/2020\/07\/16\/oficina-anses-tornquist-informa-que-a-partir-de-la-fecha-las-consultas-se-realizaran-a-traves-del-mail-institucional\/\" \/>\n<meta property=\"og:site_name\" content=\"CELTTV\" \/>\n<meta property=\"article:publisher\" content=\"https:\/\/www.facebook.com\/celtTV\/\" \/>\n<meta property=\"article:published_time\" content=\"2020-07-16T13:20:45+00:00\" \/>\n<meta property=\"og:image\" content=\"https:\/\/www.celttv.com.ar\/wp-content\/uploads\/2018\/08\/anses_50_0-e1530735610393.jpg\" \/>\n\t<meta property=\"og:image:width\" content=\"700\" \/>\n\t<meta property=\"og:image:height\" content=\"384\" \/>\n\t<meta property=\"og:image:type\" content=\"image\/jpeg\" \/>\n<meta name=\"author\" content=\"ulises\" \/>\n<meta name=\"twitter:card\" content=\"summary_large_image\" \/>\n<meta name=\"twitter:label1\" content=\"Escrito por\" \/>\n\t<meta name=\"twitter:data1\" content=\"ulises\" \/>\n\t<meta name=\"twitter:label2\" content=\"Tiempo de lectura\" \/>\n\t<meta name=\"twitter:data2\" content=\"2 minutos\" \/>\n<script type=\"application\/ld+json\" class=\"yoast-schema-graph\">{\"@context\":\"https:\/\/schema.org\",\"@graph\":[{\"@type\":\"NewsArticle\",\"@id\":\"https:\/\/www.celttv.com.ar\/index.php\/2020\/07\/16\/oficina-anses-tornquist-informa-que-a-partir-de-la-fecha-las-consultas-se-realizaran-a-traves-del-mail-institucional\/#article\",\"isPartOf\":{\"@id\":\"https:\/\/www.celttv.com.ar\/index.php\/2020\/07\/16\/oficina-anses-tornquist-informa-que-a-partir-de-la-fecha-las-consultas-se-realizaran-a-traves-del-mail-institucional\/\"},\"author\":{\"name\":\"ulises\",\"@id\":\"https:\/\/www.celttv.com.ar\/#\/schema\/person\/6d99c072dba59953809c81446e9d0ace\"},\"headline\":\"Oficina Anses Tornquist informa que a partir de la fecha las consultas se realizar\u00e1n a trav\u00e9s del mail institucional\",\"datePublished\":\"2020-07-16T13:20:45+00:00\",\"dateModified\":\"2020-07-16T13:20:45+00:00\",\"mainEntityOfPage\":{\"@id\":\"https:\/\/www.celttv.com.ar\/index.php\/2020\/07\/16\/oficina-anses-tornquist-informa-que-a-partir-de-la-fecha-las-consultas-se-realizaran-a-traves-del-mail-institucional\/\"},\"wordCount\":434,\"publisher\":{\"@id\":\"https:\/\/www.celttv.com.ar\/#organization\"},\"articleSection\":[\"Comunidad\",\"Destacadas\"],\"inLanguage\":\"es\"},{\"@type\":\"WebPage\",\"@id\":\"https:\/\/www.celttv.com.ar\/index.php\/2020\/07\/16\/oficina-anses-tornquist-informa-que-a-partir-de-la-fecha-las-consultas-se-realizaran-a-traves-del-mail-institucional\/\",\"url\":\"https:\/\/www.celttv.com.ar\/index.php\/2020\/07\/16\/oficina-anses-tornquist-informa-que-a-partir-de-la-fecha-las-consultas-se-realizaran-a-traves-del-mail-institucional\/\",\"name\":\"Oficina Anses Tornquist informa que a partir de la fecha las consultas se realizar\u00e1n a trav\u00e9s del mail institucional - CELTTV\",\"isPartOf\":{\"@id\":\"https:\/\/www.celttv.com.ar\/#website\"},\"datePublished\":\"2020-07-16T13:20:45+00:00\",\"dateModified\":\"2020-07-16T13:20:45+00:00\",\"description\":\"Sitio web de noticias de la localidad de Tornquist, provincia de Buenos Aires, Rep\u00fablica Argentina. Contenido propio originado por periodistas de CELTTV, el canal de TV local de la Cooperativa El\u00e9ctrica de Tornquist. Turismo, Pol\u00edtica, Sociedad, Deporte, Cultura y todo el contenido de inter\u00e9s general que la gente del pueblo y la regi\u00f3n debe conocer.\",\"breadcrumb\":{\"@id\":\"https:\/\/www.celttv.com.ar\/index.php\/2020\/07\/16\/oficina-anses-tornquist-informa-que-a-partir-de-la-fecha-las-consultas-se-realizaran-a-traves-del-mail-institucional\/#breadcrumb\"},\"inLanguage\":\"es\",\"potentialAction\":[{\"@type\":\"ReadAction\",\"target\":[\"https:\/\/www.celttv.com.ar\/index.php\/2020\/07\/16\/oficina-anses-tornquist-informa-que-a-partir-de-la-fecha-las-consultas-se-realizaran-a-traves-del-mail-institucional\/\"]}]},{\"@type\":\"BreadcrumbList\",\"@id\":\"https:\/\/www.celttv.com.ar\/index.php\/2020\/07\/16\/oficina-anses-tornquist-informa-que-a-partir-de-la-fecha-las-consultas-se-realizaran-a-traves-del-mail-institucional\/#breadcrumb\",\"itemListElement\":[{\"@type\":\"ListItem\",\"position\":1,\"name\":\"Inicio\",\"item\":\"https:\/\/www.celttv.com.ar\/\"},{\"@type\":\"ListItem\",\"position\":2,\"name\":\"Oficina Anses Tornquist informa que a partir de la fecha las consultas se realizar\u00e1n a trav\u00e9s del mail institucional\"}]},{\"@type\":\"WebSite\",\"@id\":\"https:\/\/www.celttv.com.ar\/#website\",\"url\":\"https:\/\/www.celttv.com.ar\/\",\"name\":\"CELTTV\",\"description\":\"Cooperativa El\u00e9ctrica de Tornquist\",\"publisher\":{\"@id\":\"https:\/\/www.celttv.com.ar\/#organization\"},\"potentialAction\":[{\"@type\":\"SearchAction\",\"target\":{\"@type\":\"EntryPoint\",\"urlTemplate\":\"https:\/\/www.celttv.com.ar\/?s={search_term_string}\"},\"query-input\":\"required name=search_term_string\"}],\"inLanguage\":\"es\"},{\"@type\":\"Organization\",\"@id\":\"https:\/\/www.celttv.com.ar\/#organization\",\"name\":\"CELTTV\",\"url\":\"https:\/\/www.celttv.com.ar\/\",\"sameAs\":[\"https:\/\/www.youtube.com\/channel\/UCz_oIt8Hig64Ub-EmcNPIhg\",\"https:\/\/www.facebook.com\/celtTV\/\"],\"logo\":{\"@type\":\"ImageObject\",\"inLanguage\":\"es\",\"@id\":\"https:\/\/www.celttv.com.ar\/#\/schema\/logo\/image\/\",\"url\":\"http:\/\/www.celttv.com.ar\/wp-content\/uploads\/2022\/08\/logo-1.png\",\"contentUrl\":\"http:\/\/www.celttv.com.ar\/wp-content\/uploads\/2022\/08\/logo-1.png\",\"width\":461,\"height\":159,\"caption\":\"CELTTV\"},\"image\":{\"@id\":\"https:\/\/www.celttv.com.ar\/#\/schema\/logo\/image\/\"}},{\"@type\":\"Person\",\"@id\":\"https:\/\/www.celttv.com.ar\/#\/schema\/person\/6d99c072dba59953809c81446e9d0ace\",\"name\":\"ulises\",\"image\":{\"@type\":\"ImageObject\",\"inLanguage\":\"es\",\"@id\":\"https:\/\/www.celttv.com.ar\/#\/schema\/person\/image\/\",\"url\":\"https:\/\/secure.gravatar.com\/avatar\/7f2c48bdc33b30088f941fb6082e555f2874c98e20cb159d7b92b50eadfce793?s=96&d=mm&r=g\",\"contentUrl\":\"https:\/\/secure.gravatar.com\/avatar\/7f2c48bdc33b30088f941fb6082e555f2874c98e20cb159d7b92b50eadfce793?s=96&d=mm&r=g\",\"caption\":\"ulises\"},\"sameAs\":[\"http:\/\/www.celttv.com.ar\"]}]}<\/script>\n<!-- \/ Yoast SEO plugin. -->","yoast_head_json":{"title":"Oficina Anses Tornquist informa que a partir de la fecha las consultas se realizar\u00e1n a trav\u00e9s del mail institucional - CELTTV","description":"Sitio web de noticias de la localidad de Tornquist, provincia de Buenos Aires, Rep\u00fablica Argentina. Contenido propio originado por periodistas de CELTTV, el canal de TV local de la Cooperativa El\u00e9ctrica de Tornquist. Turismo, Pol\u00edtica, Sociedad, Deporte, Cultura y todo el contenido de inter\u00e9s general que la gente del pueblo y la regi\u00f3n debe conocer.","robots":{"index":"index","follow":"follow","max-snippet":"max-snippet:-1","max-image-preview":"max-image-preview:large","max-video-preview":"max-video-preview:-1"},"canonical":"https:\/\/www.celttv.com.ar\/index.php\/2020\/07\/16\/oficina-anses-tornquist-informa-que-a-partir-de-la-fecha-las-consultas-se-realizaran-a-traves-del-mail-institucional\/","og_locale":"es_ES","og_type":"article","og_title":"Oficina Anses Tornquist informa que a partir de la fecha las consultas se realizar\u00e1n a trav\u00e9s del mail institucional - CELTTV","og_description":"Sitio web de noticias de la localidad de Tornquist, provincia de Buenos Aires, Rep\u00fablica Argentina. Contenido propio originado por periodistas de CELTTV, el canal de TV local de la Cooperativa El\u00e9ctrica de Tornquist. Turismo, Pol\u00edtica, Sociedad, Deporte, Cultura y todo el contenido de inter\u00e9s general que la gente del pueblo y la regi\u00f3n debe conocer.","og_url":"https:\/\/www.celttv.com.ar\/index.php\/2020\/07\/16\/oficina-anses-tornquist-informa-que-a-partir-de-la-fecha-las-consultas-se-realizaran-a-traves-del-mail-institucional\/","og_site_name":"CELTTV","article_publisher":"https:\/\/www.facebook.com\/celtTV\/","article_published_time":"2020-07-16T13:20:45+00:00","og_image":[{"width":700,"height":384,"url":"https:\/\/www.celttv.com.ar\/wp-content\/uploads\/2018\/08\/anses_50_0-e1530735610393.jpg","type":"image\/jpeg"}],"author":"ulises","twitter_card":"summary_large_image","twitter_misc":{"Escrito por":"ulises","Tiempo de lectura":"2 minutos"},"schema":{"@context":"https:\/\/schema.org","@graph":[{"@type":"NewsArticle","@id":"https:\/\/www.celttv.com.ar\/index.php\/2020\/07\/16\/oficina-anses-tornquist-informa-que-a-partir-de-la-fecha-las-consultas-se-realizaran-a-traves-del-mail-institucional\/#article","isPartOf":{"@id":"https:\/\/www.celttv.com.ar\/index.php\/2020\/07\/16\/oficina-anses-tornquist-informa-que-a-partir-de-la-fecha-las-consultas-se-realizaran-a-traves-del-mail-institucional\/"},"author":{"name":"ulises","@id":"https:\/\/www.celttv.com.ar\/#\/schema\/person\/6d99c072dba59953809c81446e9d0ace"},"headline":"Oficina Anses Tornquist informa que a partir de la fecha las consultas se realizar\u00e1n a trav\u00e9s del mail institucional","datePublished":"2020-07-16T13:20:45+00:00","dateModified":"2020-07-16T13:20:45+00:00","mainEntityOfPage":{"@id":"https:\/\/www.celttv.com.ar\/index.php\/2020\/07\/16\/oficina-anses-tornquist-informa-que-a-partir-de-la-fecha-las-consultas-se-realizaran-a-traves-del-mail-institucional\/"},"wordCount":434,"publisher":{"@id":"https:\/\/www.celttv.com.ar\/#organization"},"articleSection":["Comunidad","Destacadas"],"inLanguage":"es"},{"@type":"WebPage","@id":"https:\/\/www.celttv.com.ar\/index.php\/2020\/07\/16\/oficina-anses-tornquist-informa-que-a-partir-de-la-fecha-las-consultas-se-realizaran-a-traves-del-mail-institucional\/","url":"https:\/\/www.celttv.com.ar\/index.php\/2020\/07\/16\/oficina-anses-tornquist-informa-que-a-partir-de-la-fecha-las-consultas-se-realizaran-a-traves-del-mail-institucional\/","name":"Oficina Anses Tornquist informa que a partir de la fecha las consultas se realizar\u00e1n a trav\u00e9s del mail institucional - CELTTV","isPartOf":{"@id":"https:\/\/www.celttv.com.ar\/#website"},"datePublished":"2020-07-16T13:20:45+00:00","dateModified":"2020-07-16T13:20:45+00:00","description":"Sitio web de noticias de la localidad de Tornquist, provincia de Buenos Aires, Rep\u00fablica Argentina. Contenido propio originado por periodistas de CELTTV, el canal de TV local de la Cooperativa El\u00e9ctrica de Tornquist. Turismo, Pol\u00edtica, Sociedad, Deporte, Cultura y todo el contenido de inter\u00e9s general que la gente del pueblo y la regi\u00f3n debe conocer.","breadcrumb":{"@id":"https:\/\/www.celttv.com.ar\/index.php\/2020\/07\/16\/oficina-anses-tornquist-informa-que-a-partir-de-la-fecha-las-consultas-se-realizaran-a-traves-del-mail-institucional\/#breadcrumb"},"inLanguage":"es","potentialAction":[{"@type":"ReadAction","target":["https:\/\/www.celttv.com.ar\/index.php\/2020\/07\/16\/oficina-anses-tornquist-informa-que-a-partir-de-la-fecha-las-consultas-se-realizaran-a-traves-del-mail-institucional\/"]}]},{"@type":"BreadcrumbList","@id":"https:\/\/www.celttv.com.ar\/index.php\/2020\/07\/16\/oficina-anses-tornquist-informa-que-a-partir-de-la-fecha-las-consultas-se-realizaran-a-traves-del-mail-institucional\/#breadcrumb","itemListElement":[{"@type":"ListItem","position":1,"name":"Inicio","item":"https:\/\/www.celttv.com.ar\/"},{"@type":"ListItem","position":2,"name":"Oficina Anses Tornquist informa que a partir de la fecha las consultas se realizar\u00e1n a trav\u00e9s del mail institucional"}]},{"@type":"WebSite","@id":"https:\/\/www.celttv.com.ar\/#website","url":"https:\/\/www.celttv.com.ar\/","name":"CELTTV","description":"Cooperativa El\u00e9ctrica de Tornquist","publisher":{"@id":"https:\/\/www.celttv.com.ar\/#organization"},"potentialAction":[{"@type":"SearchAction","target":{"@type":"EntryPoint","urlTemplate":"https:\/\/www.celttv.com.ar\/?s={search_term_string}"},"query-input":"required name=search_term_string"}],"inLanguage":"es"},{"@type":"Organization","@id":"https:\/\/www.celttv.com.ar\/#organization","name":"CELTTV","url":"https:\/\/www.celttv.com.ar\/","sameAs":["https:\/\/www.youtube.com\/channel\/UCz_oIt8Hig64Ub-EmcNPIhg","https:\/\/www.facebook.com\/celtTV\/"],"logo":{"@type":"ImageObject","inLanguage":"es","@id":"https:\/\/www.celttv.com.ar\/#\/schema\/logo\/image\/","url":"http:\/\/www.celttv.com.ar\/wp-content\/uploads\/2022\/08\/logo-1.png","contentUrl":"http:\/\/www.celttv.com.ar\/wp-content\/uploads\/2022\/08\/logo-1.png","width":461,"height":159,"caption":"CELTTV"},"image":{"@id":"https:\/\/www.celttv.com.ar\/#\/schema\/logo\/image\/"}},{"@type":"Person","@id":"https:\/\/www.celttv.com.ar\/#\/schema\/person\/6d99c072dba59953809c81446e9d0ace","name":"ulises","image":{"@type":"ImageObject","inLanguage":"es","@id":"https:\/\/www.celttv.com.ar\/#\/schema\/person\/image\/","url":"https:\/\/secure.gravatar.com\/avatar\/7f2c48bdc33b30088f941fb6082e555f2874c98e20cb159d7b92b50eadfce793?s=96&d=mm&r=g","contentUrl":"https:\/\/secure.gravatar.com\/avatar\/7f2c48bdc33b30088f941fb6082e555f2874c98e20cb159d7b92b50eadfce793?s=96&d=mm&r=g","caption":"ulises"},"sameAs":["http:\/\/www.celttv.com.ar"]}]}},"_links":{"self":[{"href":"https:\/\/www.celttv.com.ar\/index.php\/wp-json\/wp\/v2\/posts\/50585","targetHints":{"allow":["GET"]}}],"collection":[{"href":"https:\/\/www.celttv.com.ar\/index.php\/wp-json\/wp\/v2\/posts"}],"about":[{"href":"https:\/\/www.celttv.com.ar\/index.php\/wp-json\/wp\/v2\/types\/post"}],"author":[{"embeddable":true,"href":"https:\/\/www.celttv.com.ar\/index.php\/wp-json\/wp\/v2\/users\/1"}],"replies":[{"embeddable":true,"href":"https:\/\/www.celttv.com.ar\/index.php\/wp-json\/wp\/v2\/comments?post=50585"}],"version-history":[{"count":0,"href":"https:\/\/www.celttv.com.ar\/index.php\/wp-json\/wp\/v2\/posts\/50585\/revisions"}],"wp:featuredmedia":[{"embeddable":true,"href":"https:\/\/www.celttv.com.ar\/index.php\/wp-json\/wp\/v2\/media\/36634"}],"wp:attachment":[{"href":"https:\/\/www.celttv.com.ar\/index.php\/wp-json\/wp\/v2\/media?parent=50585"}],"wp:term":[{"taxonomy":"category","embeddable":true,"href":"https:\/\/www.celttv.com.ar\/index.php\/wp-json\/wp\/v2\/categories?post=50585"},{"taxonomy":"post_tag","embeddable":true,"href":"https:\/\/www.celttv.com.ar\/index.php\/wp-json\/wp\/v2\/tags?post=50585"}],"curies":[{"name":"wp","href":"https:\/\/api.w.org\/{rel}","templated":true}]}}