{"id":50592,"date":"2020-07-16T21:24:18","date_gmt":"2020-07-16T21:24:18","guid":{"rendered":"http:\/\/www.celttv.com.ar\/?p=50592"},"modified":"2020-07-16T21:24:18","modified_gmt":"2020-07-16T21:24:18","slug":"ezequiel-masson-soy-una-persona-de-mucha-fe-y-esa-fe-me-llevo-a-cumplir-un-monton-de-suenos","status":"publish","type":"post","link":"https:\/\/www.celttv.com.ar\/index.php\/2020\/07\/16\/ezequiel-masson-soy-una-persona-de-mucha-fe-y-esa-fe-me-llevo-a-cumplir-un-monton-de-suenos\/","title":{"rendered":"Ezequiel Masson: &#8220;Soy una persona de mucha fe y esa fe me llevo a cumplir un mont\u00f3n de sue\u00f1os&#8221;"},"content":{"rendered":"<p>&#8220;Soy una persona de mucha fe y esa fe me llevo a mi a cumplir un mont\u00f3n de sue\u00f1os y los sue\u00f1os no tienen l\u00edmites y siempre tienen que seguirse generando porque as\u00ed es la vida&#8221; dijo a CELTTV Noticias\u00a0 Ezequiel Masson\u00a0el bahiense que se reinvent\u00f3 con el IFE.<\/p>\n<p>&#8220;Estaba muy contento porque estamos trabajando muy bien y dije \u00bfpor qu\u00e9 no enviarselo al presidente. Se lo coment\u00e9 a mi se\u00f1ora y lo grave y salio de una. Lo que me menos me iba a imaginar que me iba a llegar un mensaje desconocido a las dos horas con el mensaje de Alberto fernandez&#8221; relata Ezequiel aun emocionado.<\/p>\n<p>&#8220;Explotaba de alegr\u00eda, temblaba el celular, lloraba, me re\u00eda; una locura&#8221; dice el joven que con los $ 10.000 del IFE\u00a0compr\u00f3 tres muzarellas, un jam\u00f3n cocido y algunas cositas m\u00e1s, y empez\u00f3 a trabajar ayudado por una Pastalinda. &#8220;En 20 d\u00edas triplicamos el dinero que usted nos dio para salir adelante&#8221;<\/p>\n<p>Ezequiel Masson habl\u00f3 de sus amistades logradas en nuestra ciudad a partir de su actividad comercial como as\u00ed tambi\u00e9n en el ambiente de la m\u00fasica de rock.<\/p>\n<p>&#8220;Siempre tuve el sue\u00f1o de conocer a Ricardo Iorio y eso lo pongo a la par de lo que me pasa con el presidente de la Naci\u00f3n. El primer dia que me conoci\u00f3 Ricardo me tir\u00f3 un colch\u00f3n en la cocina y me dijo &#8220;pibe es muy tarde, vos no te podes ir, quedate a dormir ac\u00e1 y desde el primer d\u00eda me cuid\u00f3. Loo considero un amigo y le quiero enviar un abrazo muy grande; soy uno de sus pollos que no le va a fallar&#8221; se\u00f1al\u00f3 Ezequiel Masson quien, a partir del video enviado al presidente de la Naci\u00f3n, ha recibido a distintos medios radiales y televisivos. Incluso confes\u00f3 haber sido convocado por canal 13 para formar parte del programa Cantando 2020.<\/p>\n<p>&#8220;La producci\u00f3n de Canal 13 se interioriz\u00f3 en mi vida; yo creo que llegar a Ricardo Iorio no lo hace cualquiera; y me hicieron sacar la guitarra y volv\u00ed a tocar &#8220;Corazones&#8221; un tema que hice hace cuatro a\u00f1os. Al aire el productor de Cantando 2020 me propone que quiere que est\u00e9 ah\u00ed&#8221; dice Ezequiel aunque aun no confirma que vaya a estar presente.<\/p>\n<p>&#8220;Es una vida donde me intentar\u00edan cambiar la esencia y\u00a0 yo quiero mantenerme como sigo porque creo que mi Dios me quiere y los quiere a todos y me est\u00e1 llevando por un buen camino&#8221; subray\u00f3<\/p>\n<p><strong>NOTA COMPLETA EN VIDEO<\/strong><\/p>\n<p><iframe loading=\"lazy\" title=\"2020 07 16 COMUNICACION VIA SKYPE CON EZEQUIEL MASSON\" width=\"500\" height=\"281\" src=\"https:\/\/www.youtube.com\/embed\/S3nEm-9cG5Q?feature=oembed\" frameborder=\"0\" allow=\"accelerometer; autoplay; clipboard-write; encrypted-media; gyroscope; picture-in-picture; web-share\" referrerpolicy=\"strict-origin-when-cross-origin\" allowfullscreen><\/iframe><\/p>\n<p>&nbsp;<\/p>\n","protected":false},"excerpt":{"rendered":"<p>&#8220;Soy una persona de mucha fe y esa fe me llevo a mi a cumplir un mont\u00f3n de sue\u00f1os y los sue\u00f1os no tienen l\u00edmites y siempre tienen que seguirse generando porque as\u00ed es la vida&#8221; dijo a CELTTV Noticias\u00a0 Ezequiel Masson\u00a0el bahiense que se reinvent\u00f3 con el IFE. &#8220;Estaba muy contento porque estamos trabajando [&hellip;]<\/p>\n","protected":false},"author":1,"featured_media":50594,"comment_status":"closed","ping_status":"open","sticky":false,"template":"","format":"standard","meta":{"footnotes":""},"categories":[51,52,56],"tags":[],"class_list":["post-50592","post","type-post","status-publish","format-standard","has-post-thumbnail","hentry","category-comunidad","category-destacadas","category-espectaculos"],"yoast_head":"<!-- This site is optimized with the Yoast SEO plugin v19.7.1 - https:\/\/yoast.com\/wordpress\/plugins\/seo\/ -->\n<title>Ezequiel Masson: &quot;Soy una persona de mucha fe y esa fe me llevo a cumplir un mont\u00f3n de sue\u00f1os&quot; - CELTTV<\/title>\n<meta name=\"description\" content=\"Sitio web de noticias de la localidad de Tornquist, provincia de Buenos Aires, Rep\u00fablica Argentina. Contenido propio originado por periodistas de CELTTV, el canal de TV local de la Cooperativa El\u00e9ctrica de Tornquist. Turismo, Pol\u00edtica, Sociedad, Deporte, Cultura y todo el contenido de inter\u00e9s general que la gente del pueblo y la regi\u00f3n debe conocer.\" \/>\n<meta name=\"robots\" content=\"index, follow, max-snippet:-1, max-image-preview:large, max-video-preview:-1\" \/>\n<link rel=\"canonical\" href=\"https:\/\/www.celttv.com.ar\/index.php\/2020\/07\/16\/ezequiel-masson-soy-una-persona-de-mucha-fe-y-esa-fe-me-llevo-a-cumplir-un-monton-de-suenos\/\" \/>\n<meta property=\"og:locale\" content=\"es_ES\" \/>\n<meta property=\"og:type\" content=\"article\" \/>\n<meta property=\"og:title\" content=\"Ezequiel Masson: &quot;Soy una persona de mucha fe y esa fe me llevo a cumplir un mont\u00f3n de sue\u00f1os&quot; - CELTTV\" \/>\n<meta property=\"og:description\" content=\"Sitio web de noticias de la localidad de Tornquist, provincia de Buenos Aires, Rep\u00fablica Argentina. Contenido propio originado por periodistas de CELTTV, el canal de TV local de la Cooperativa El\u00e9ctrica de Tornquist. Turismo, Pol\u00edtica, Sociedad, Deporte, Cultura y todo el contenido de inter\u00e9s general que la gente del pueblo y la regi\u00f3n debe conocer.\" \/>\n<meta property=\"og:url\" content=\"https:\/\/www.celttv.com.ar\/index.php\/2020\/07\/16\/ezequiel-masson-soy-una-persona-de-mucha-fe-y-esa-fe-me-llevo-a-cumplir-un-monton-de-suenos\/\" \/>\n<meta property=\"og:site_name\" content=\"CELTTV\" \/>\n<meta property=\"article:publisher\" content=\"https:\/\/www.facebook.com\/celtTV\/\" \/>\n<meta property=\"article:published_time\" content=\"2020-07-16T21:24:18+00:00\" \/>\n<meta property=\"og:image\" content=\"https:\/\/www.celttv.com.ar\/wp-content\/uploads\/2020\/07\/ezequiel-masson.jpg\" \/>\n\t<meta property=\"og:image:width\" content=\"638\" \/>\n\t<meta property=\"og:image:height\" content=\"399\" \/>\n\t<meta property=\"og:image:type\" content=\"image\/jpeg\" \/>\n<meta name=\"author\" content=\"ulises\" \/>\n<meta name=\"twitter:card\" content=\"summary_large_image\" \/>\n<meta name=\"twitter:label1\" content=\"Escrito por\" \/>\n\t<meta name=\"twitter:data1\" content=\"ulises\" \/>\n\t<meta name=\"twitter:label2\" content=\"Tiempo de lectura\" \/>\n\t<meta name=\"twitter:data2\" content=\"2 minutos\" \/>\n<script type=\"application\/ld+json\" class=\"yoast-schema-graph\">{\"@context\":\"https:\/\/schema.org\",\"@graph\":[{\"@type\":\"NewsArticle\",\"@id\":\"https:\/\/www.celttv.com.ar\/index.php\/2020\/07\/16\/ezequiel-masson-soy-una-persona-de-mucha-fe-y-esa-fe-me-llevo-a-cumplir-un-monton-de-suenos\/#article\",\"isPartOf\":{\"@id\":\"https:\/\/www.celttv.com.ar\/index.php\/2020\/07\/16\/ezequiel-masson-soy-una-persona-de-mucha-fe-y-esa-fe-me-llevo-a-cumplir-un-monton-de-suenos\/\"},\"author\":{\"name\":\"ulises\",\"@id\":\"https:\/\/www.celttv.com.ar\/#\/schema\/person\/6d99c072dba59953809c81446e9d0ace\"},\"headline\":\"Ezequiel Masson: &#8220;Soy una persona de mucha fe y esa fe me llevo a cumplir un mont\u00f3n de sue\u00f1os&#8221;\",\"datePublished\":\"2020-07-16T21:24:18+00:00\",\"dateModified\":\"2020-07-16T21:24:18+00:00\",\"mainEntityOfPage\":{\"@id\":\"https:\/\/www.celttv.com.ar\/index.php\/2020\/07\/16\/ezequiel-masson-soy-una-persona-de-mucha-fe-y-esa-fe-me-llevo-a-cumplir-un-monton-de-suenos\/\"},\"wordCount\":459,\"publisher\":{\"@id\":\"https:\/\/www.celttv.com.ar\/#organization\"},\"articleSection\":[\"Comunidad\",\"Destacadas\",\"Espect\u00e1culos\"],\"inLanguage\":\"es\"},{\"@type\":\"WebPage\",\"@id\":\"https:\/\/www.celttv.com.ar\/index.php\/2020\/07\/16\/ezequiel-masson-soy-una-persona-de-mucha-fe-y-esa-fe-me-llevo-a-cumplir-un-monton-de-suenos\/\",\"url\":\"https:\/\/www.celttv.com.ar\/index.php\/2020\/07\/16\/ezequiel-masson-soy-una-persona-de-mucha-fe-y-esa-fe-me-llevo-a-cumplir-un-monton-de-suenos\/\",\"name\":\"Ezequiel Masson: \\\"Soy una persona de mucha fe y esa fe me llevo a cumplir un mont\u00f3n de sue\u00f1os\\\" - CELTTV\",\"isPartOf\":{\"@id\":\"https:\/\/www.celttv.com.ar\/#website\"},\"datePublished\":\"2020-07-16T21:24:18+00:00\",\"dateModified\":\"2020-07-16T21:24:18+00:00\",\"description\":\"Sitio web de noticias de la localidad de Tornquist, provincia de Buenos Aires, Rep\u00fablica Argentina. Contenido propio originado por periodistas de CELTTV, el canal de TV local de la Cooperativa El\u00e9ctrica de Tornquist. Turismo, Pol\u00edtica, Sociedad, Deporte, Cultura y todo el contenido de inter\u00e9s general que la gente del pueblo y la regi\u00f3n debe conocer.\",\"breadcrumb\":{\"@id\":\"https:\/\/www.celttv.com.ar\/index.php\/2020\/07\/16\/ezequiel-masson-soy-una-persona-de-mucha-fe-y-esa-fe-me-llevo-a-cumplir-un-monton-de-suenos\/#breadcrumb\"},\"inLanguage\":\"es\",\"potentialAction\":[{\"@type\":\"ReadAction\",\"target\":[\"https:\/\/www.celttv.com.ar\/index.php\/2020\/07\/16\/ezequiel-masson-soy-una-persona-de-mucha-fe-y-esa-fe-me-llevo-a-cumplir-un-monton-de-suenos\/\"]}]},{\"@type\":\"BreadcrumbList\",\"@id\":\"https:\/\/www.celttv.com.ar\/index.php\/2020\/07\/16\/ezequiel-masson-soy-una-persona-de-mucha-fe-y-esa-fe-me-llevo-a-cumplir-un-monton-de-suenos\/#breadcrumb\",\"itemListElement\":[{\"@type\":\"ListItem\",\"position\":1,\"name\":\"Inicio\",\"item\":\"https:\/\/www.celttv.com.ar\/\"},{\"@type\":\"ListItem\",\"position\":2,\"name\":\"Ezequiel Masson: &#8220;Soy una persona de mucha fe y esa fe me llevo a cumplir un mont\u00f3n de sue\u00f1os&#8221;\"}]},{\"@type\":\"WebSite\",\"@id\":\"https:\/\/www.celttv.com.ar\/#website\",\"url\":\"https:\/\/www.celttv.com.ar\/\",\"name\":\"CELTTV\",\"description\":\"Cooperativa El\u00e9ctrica de Tornquist\",\"publisher\":{\"@id\":\"https:\/\/www.celttv.com.ar\/#organization\"},\"potentialAction\":[{\"@type\":\"SearchAction\",\"target\":{\"@type\":\"EntryPoint\",\"urlTemplate\":\"https:\/\/www.celttv.com.ar\/?s={search_term_string}\"},\"query-input\":\"required name=search_term_string\"}],\"inLanguage\":\"es\"},{\"@type\":\"Organization\",\"@id\":\"https:\/\/www.celttv.com.ar\/#organization\",\"name\":\"CELTTV\",\"url\":\"https:\/\/www.celttv.com.ar\/\",\"sameAs\":[\"https:\/\/www.youtube.com\/channel\/UCz_oIt8Hig64Ub-EmcNPIhg\",\"https:\/\/www.facebook.com\/celtTV\/\"],\"logo\":{\"@type\":\"ImageObject\",\"inLanguage\":\"es\",\"@id\":\"https:\/\/www.celttv.com.ar\/#\/schema\/logo\/image\/\",\"url\":\"http:\/\/www.celttv.com.ar\/wp-content\/uploads\/2022\/08\/logo-1.png\",\"contentUrl\":\"http:\/\/www.celttv.com.ar\/wp-content\/uploads\/2022\/08\/logo-1.png\",\"width\":461,\"height\":159,\"caption\":\"CELTTV\"},\"image\":{\"@id\":\"https:\/\/www.celttv.com.ar\/#\/schema\/logo\/image\/\"}},{\"@type\":\"Person\",\"@id\":\"https:\/\/www.celttv.com.ar\/#\/schema\/person\/6d99c072dba59953809c81446e9d0ace\",\"name\":\"ulises\",\"image\":{\"@type\":\"ImageObject\",\"inLanguage\":\"es\",\"@id\":\"https:\/\/www.celttv.com.ar\/#\/schema\/person\/image\/\",\"url\":\"https:\/\/secure.gravatar.com\/avatar\/7f2c48bdc33b30088f941fb6082e555f2874c98e20cb159d7b92b50eadfce793?s=96&d=mm&r=g\",\"contentUrl\":\"https:\/\/secure.gravatar.com\/avatar\/7f2c48bdc33b30088f941fb6082e555f2874c98e20cb159d7b92b50eadfce793?s=96&d=mm&r=g\",\"caption\":\"ulises\"},\"sameAs\":[\"http:\/\/www.celttv.com.ar\"]}]}<\/script>\n<!-- \/ Yoast SEO plugin. -->","yoast_head_json":{"title":"Ezequiel Masson: \"Soy una persona de mucha fe y esa fe me llevo a cumplir un mont\u00f3n de sue\u00f1os\" - CELTTV","description":"Sitio web de noticias de la localidad de Tornquist, provincia de Buenos Aires, Rep\u00fablica Argentina. Contenido propio originado por periodistas de CELTTV, el canal de TV local de la Cooperativa El\u00e9ctrica de Tornquist. Turismo, Pol\u00edtica, Sociedad, Deporte, Cultura y todo el contenido de inter\u00e9s general que la gente del pueblo y la regi\u00f3n debe conocer.","robots":{"index":"index","follow":"follow","max-snippet":"max-snippet:-1","max-image-preview":"max-image-preview:large","max-video-preview":"max-video-preview:-1"},"canonical":"https:\/\/www.celttv.com.ar\/index.php\/2020\/07\/16\/ezequiel-masson-soy-una-persona-de-mucha-fe-y-esa-fe-me-llevo-a-cumplir-un-monton-de-suenos\/","og_locale":"es_ES","og_type":"article","og_title":"Ezequiel Masson: \"Soy una persona de mucha fe y esa fe me llevo a cumplir un mont\u00f3n de sue\u00f1os\" - CELTTV","og_description":"Sitio web de noticias de la localidad de Tornquist, provincia de Buenos Aires, Rep\u00fablica Argentina. Contenido propio originado por periodistas de CELTTV, el canal de TV local de la Cooperativa El\u00e9ctrica de Tornquist. Turismo, Pol\u00edtica, Sociedad, Deporte, Cultura y todo el contenido de inter\u00e9s general que la gente del pueblo y la regi\u00f3n debe conocer.","og_url":"https:\/\/www.celttv.com.ar\/index.php\/2020\/07\/16\/ezequiel-masson-soy-una-persona-de-mucha-fe-y-esa-fe-me-llevo-a-cumplir-un-monton-de-suenos\/","og_site_name":"CELTTV","article_publisher":"https:\/\/www.facebook.com\/celtTV\/","article_published_time":"2020-07-16T21:24:18+00:00","og_image":[{"width":638,"height":399,"url":"https:\/\/www.celttv.com.ar\/wp-content\/uploads\/2020\/07\/ezequiel-masson.jpg","type":"image\/jpeg"}],"author":"ulises","twitter_card":"summary_large_image","twitter_misc":{"Escrito por":"ulises","Tiempo de lectura":"2 minutos"},"schema":{"@context":"https:\/\/schema.org","@graph":[{"@type":"NewsArticle","@id":"https:\/\/www.celttv.com.ar\/index.php\/2020\/07\/16\/ezequiel-masson-soy-una-persona-de-mucha-fe-y-esa-fe-me-llevo-a-cumplir-un-monton-de-suenos\/#article","isPartOf":{"@id":"https:\/\/www.celttv.com.ar\/index.php\/2020\/07\/16\/ezequiel-masson-soy-una-persona-de-mucha-fe-y-esa-fe-me-llevo-a-cumplir-un-monton-de-suenos\/"},"author":{"name":"ulises","@id":"https:\/\/www.celttv.com.ar\/#\/schema\/person\/6d99c072dba59953809c81446e9d0ace"},"headline":"Ezequiel Masson: &#8220;Soy una persona de mucha fe y esa fe me llevo a cumplir un mont\u00f3n de sue\u00f1os&#8221;","datePublished":"2020-07-16T21:24:18+00:00","dateModified":"2020-07-16T21:24:18+00:00","mainEntityOfPage":{"@id":"https:\/\/www.celttv.com.ar\/index.php\/2020\/07\/16\/ezequiel-masson-soy-una-persona-de-mucha-fe-y-esa-fe-me-llevo-a-cumplir-un-monton-de-suenos\/"},"wordCount":459,"publisher":{"@id":"https:\/\/www.celttv.com.ar\/#organization"},"articleSection":["Comunidad","Destacadas","Espect\u00e1culos"],"inLanguage":"es"},{"@type":"WebPage","@id":"https:\/\/www.celttv.com.ar\/index.php\/2020\/07\/16\/ezequiel-masson-soy-una-persona-de-mucha-fe-y-esa-fe-me-llevo-a-cumplir-un-monton-de-suenos\/","url":"https:\/\/www.celttv.com.ar\/index.php\/2020\/07\/16\/ezequiel-masson-soy-una-persona-de-mucha-fe-y-esa-fe-me-llevo-a-cumplir-un-monton-de-suenos\/","name":"Ezequiel Masson: \"Soy una persona de mucha fe y esa fe me llevo a cumplir un mont\u00f3n de sue\u00f1os\" - CELTTV","isPartOf":{"@id":"https:\/\/www.celttv.com.ar\/#website"},"datePublished":"2020-07-16T21:24:18+00:00","dateModified":"2020-07-16T21:24:18+00:00","description":"Sitio web de noticias de la localidad de Tornquist, provincia de Buenos Aires, Rep\u00fablica Argentina. Contenido propio originado por periodistas de CELTTV, el canal de TV local de la Cooperativa El\u00e9ctrica de Tornquist. Turismo, Pol\u00edtica, Sociedad, Deporte, Cultura y todo el contenido de inter\u00e9s general que la gente del pueblo y la regi\u00f3n debe conocer.","breadcrumb":{"@id":"https:\/\/www.celttv.com.ar\/index.php\/2020\/07\/16\/ezequiel-masson-soy-una-persona-de-mucha-fe-y-esa-fe-me-llevo-a-cumplir-un-monton-de-suenos\/#breadcrumb"},"inLanguage":"es","potentialAction":[{"@type":"ReadAction","target":["https:\/\/www.celttv.com.ar\/index.php\/2020\/07\/16\/ezequiel-masson-soy-una-persona-de-mucha-fe-y-esa-fe-me-llevo-a-cumplir-un-monton-de-suenos\/"]}]},{"@type":"BreadcrumbList","@id":"https:\/\/www.celttv.com.ar\/index.php\/2020\/07\/16\/ezequiel-masson-soy-una-persona-de-mucha-fe-y-esa-fe-me-llevo-a-cumplir-un-monton-de-suenos\/#breadcrumb","itemListElement":[{"@type":"ListItem","position":1,"name":"Inicio","item":"https:\/\/www.celttv.com.ar\/"},{"@type":"ListItem","position":2,"name":"Ezequiel Masson: &#8220;Soy una persona de mucha fe y esa fe me llevo a cumplir un mont\u00f3n de sue\u00f1os&#8221;"}]},{"@type":"WebSite","@id":"https:\/\/www.celttv.com.ar\/#website","url":"https:\/\/www.celttv.com.ar\/","name":"CELTTV","description":"Cooperativa El\u00e9ctrica de Tornquist","publisher":{"@id":"https:\/\/www.celttv.com.ar\/#organization"},"potentialAction":[{"@type":"SearchAction","target":{"@type":"EntryPoint","urlTemplate":"https:\/\/www.celttv.com.ar\/?s={search_term_string}"},"query-input":"required name=search_term_string"}],"inLanguage":"es"},{"@type":"Organization","@id":"https:\/\/www.celttv.com.ar\/#organization","name":"CELTTV","url":"https:\/\/www.celttv.com.ar\/","sameAs":["https:\/\/www.youtube.com\/channel\/UCz_oIt8Hig64Ub-EmcNPIhg","https:\/\/www.facebook.com\/celtTV\/"],"logo":{"@type":"ImageObject","inLanguage":"es","@id":"https:\/\/www.celttv.com.ar\/#\/schema\/logo\/image\/","url":"http:\/\/www.celttv.com.ar\/wp-content\/uploads\/2022\/08\/logo-1.png","contentUrl":"http:\/\/www.celttv.com.ar\/wp-content\/uploads\/2022\/08\/logo-1.png","width":461,"height":159,"caption":"CELTTV"},"image":{"@id":"https:\/\/www.celttv.com.ar\/#\/schema\/logo\/image\/"}},{"@type":"Person","@id":"https:\/\/www.celttv.com.ar\/#\/schema\/person\/6d99c072dba59953809c81446e9d0ace","name":"ulises","image":{"@type":"ImageObject","inLanguage":"es","@id":"https:\/\/www.celttv.com.ar\/#\/schema\/person\/image\/","url":"https:\/\/secure.gravatar.com\/avatar\/7f2c48bdc33b30088f941fb6082e555f2874c98e20cb159d7b92b50eadfce793?s=96&d=mm&r=g","contentUrl":"https:\/\/secure.gravatar.com\/avatar\/7f2c48bdc33b30088f941fb6082e555f2874c98e20cb159d7b92b50eadfce793?s=96&d=mm&r=g","caption":"ulises"},"sameAs":["http:\/\/www.celttv.com.ar"]}]}},"_links":{"self":[{"href":"https:\/\/www.celttv.com.ar\/index.php\/wp-json\/wp\/v2\/posts\/50592","targetHints":{"allow":["GET"]}}],"collection":[{"href":"https:\/\/www.celttv.com.ar\/index.php\/wp-json\/wp\/v2\/posts"}],"about":[{"href":"https:\/\/www.celttv.com.ar\/index.php\/wp-json\/wp\/v2\/types\/post"}],"author":[{"embeddable":true,"href":"https:\/\/www.celttv.com.ar\/index.php\/wp-json\/wp\/v2\/users\/1"}],"replies":[{"embeddable":true,"href":"https:\/\/www.celttv.com.ar\/index.php\/wp-json\/wp\/v2\/comments?post=50592"}],"version-history":[{"count":0,"href":"https:\/\/www.celttv.com.ar\/index.php\/wp-json\/wp\/v2\/posts\/50592\/revisions"}],"wp:featuredmedia":[{"embeddable":true,"href":"https:\/\/www.celttv.com.ar\/index.php\/wp-json\/wp\/v2\/media\/50594"}],"wp:attachment":[{"href":"https:\/\/www.celttv.com.ar\/index.php\/wp-json\/wp\/v2\/media?parent=50592"}],"wp:term":[{"taxonomy":"category","embeddable":true,"href":"https:\/\/www.celttv.com.ar\/index.php\/wp-json\/wp\/v2\/categories?post=50592"},{"taxonomy":"post_tag","embeddable":true,"href":"https:\/\/www.celttv.com.ar\/index.php\/wp-json\/wp\/v2\/tags?post=50592"}],"curies":[{"name":"wp","href":"https:\/\/api.w.org\/{rel}","templated":true}]}}