{"id":50596,"date":"2020-07-16T23:06:31","date_gmt":"2020-07-16T23:06:31","guid":{"rendered":"http:\/\/www.celttv.com.ar\/?p=50596"},"modified":"2020-07-16T23:06:31","modified_gmt":"2020-07-16T23:06:31","slug":"agenda-cultural-para-vacaciones-de-invierno-en-la-comarca","status":"publish","type":"post","link":"https:\/\/www.celttv.com.ar\/index.php\/2020\/07\/16\/agenda-cultural-para-vacaciones-de-invierno-en-la-comarca\/","title":{"rendered":"AGENDA CULTURAL PARA VACACIONES DE INVIERNO EN LA COMARCA"},"content":{"rendered":"<p>La Direcci\u00f3n de Cultura del Municipio de Tornquistte propone divertirte online durante estas vacaciones de invierno.<\/p>\n<p>Como todos los a\u00f1os, el \u00e1rea de cultura, program\u00f3 una serie de actividades para que los ni\u00f1os puedan disfrutar de los d\u00edas de descanso escolar. Este a\u00f1o, debido a la emergencia sanitaria por Covid-19, las presentaciones se realizar\u00e1n de manera virtual.<\/p>\n<p><strong><u>Lunes 20.<\/u><\/strong><\/p>\n<p>&#8211; Cuento +Actividad \u201cHay Amigos\u201d del libro de m\u00e1ndalas a volar de Ana Barrios.<\/p>\n<p>M\u00edraloen: Facebook Centro Cultural de Sierra de la Ventana.<\/p>\n<p>Narradora: Ver\u00f3nica Moscatelli.<\/p>\n<p>&#8211; Juegos en Casa para jugar en familia.<\/p>\n<p>M\u00edraloen: Facebook Teatro Municipal Rodolfo Funke<\/p>\n<p>Edici\u00f3n: GemmaBruni.<\/p>\n<p><strong><u>Martes 21.<\/u><\/strong><\/p>\n<p>&#8211; Amasando Barro. \u201cTaller de Alfarer\u00eda\u201d. (0 a 99 a\u00f1os).VIVO<\/p>\n<p>Vivo por : Facebook Centro Cultural de Sierra de la Ventana<\/p>\n<p>17hs.<\/p>\n<p><strong><u>Mi\u00e9rcoles 22.<\/u><\/strong><\/p>\n<p>&#8211; S\u00faper Star Ritmos para ni\u00f1os. VIVO.<\/p>\n<p>Vivo por: Facebook Teatro Municipal Rodolfo Funke.<\/p>\n<p>17hs.<\/p>\n<p><strong><u>Jueves 23.<\/u><\/strong><\/p>\n<p>&#8211; Taller de adornos con elementos de la naturaleza para ni\u00f1os. VIVO<\/p>\n<p>Vivo por: Facebook Teatro Municipal Rodolfo Funke.<\/p>\n<p>17hs.<\/p>\n<p><strong><u>Viernes 24<\/u><\/strong>.<\/p>\n<p>&#8211; T\u00e9cnica imitaci\u00f3n Zinc y falso oxido. Taller para adultos. VIVO.<\/p>\n<p>Vivo por: Facebook Hogar Agr\u00edcola Paula Albarrac\u00edn.<\/p>\n<p>17hs.<\/p>\n<p><strong><u>Martes 28.<\/u><\/strong><\/p>\n<p>&#8211; Amasando barro \u201cTaller de alfarer\u00eda\u201d. (0 a 99 a\u00f1os) VIVO<\/p>\n<p>Vivo por: Facebook Centro Cultural de Sierra de la Ventana.<\/p>\n<p>17hs.<\/p>\n<p><strong><u>\u00a0<\/u><\/strong><\/p>\n<p><strong><u>Mi\u00e9rcoles 29.<\/u><\/strong><\/p>\n<p>&#8211; S\u00faper Star ritmos para Adultos. VIVO.<\/p>\n<p>Vivo por: Facebook Teatro Municipal Rodolfo Funke.<\/p>\n<p>17HS.<\/p>\n<p><strong><u>Jueves 30.<\/u><\/strong><\/p>\n<p>Jueves de Pe\u00f1a. VIVO<\/p>\n<p>Vivo por: Facebook Centro cultural de Sierra de la ventana.<\/p>\n<p>17hs.<\/p>\n<p><strong><u>Viernes 31.<\/u><\/strong><\/p>\n<p>&#8211; Florinda. Canciones para ni\u00f1os VIVO.<\/p>\n<p>Vivo por: Facebook Centro Cultural de Sierra de la Ventana.<\/p>\n<p>17hs.<\/p>\n<p><a href=\"http:\/\/www.celttv.com.ar\/?attachment_id=50597\" rel=\"attachment wp-att-50597\"><img loading=\"lazy\" decoding=\"async\" class=\"alignleft size-full wp-image-50597\" src=\"http:\/\/www.celttv.com.ar\/wp-content\/uploads\/2020\/07\/vacacult-Medium.jpg\" alt=\"\" width=\"768\" height=\"1005\" srcset=\"https:\/\/www.celttv.com.ar\/wp-content\/uploads\/2020\/07\/vacacult-Medium.jpg 768w, https:\/\/www.celttv.com.ar\/wp-content\/uploads\/2020\/07\/vacacult-Medium-229x300.jpg 229w, https:\/\/www.celttv.com.ar\/wp-content\/uploads\/2020\/07\/vacacult-Medium-750x981.jpg 750w\" sizes=\"auto, (max-width: 768px) 100vw, 768px\" \/><\/a><\/p>\n","protected":false},"excerpt":{"rendered":"<p>La Direcci\u00f3n de Cultura del Municipio de Tornquistte propone divertirte online durante estas vacaciones de invierno. Como todos los a\u00f1os, el \u00e1rea de cultura, program\u00f3 una serie de actividades para que los ni\u00f1os puedan disfrutar de los d\u00edas de descanso escolar. Este a\u00f1o, debido a la emergencia sanitaria por Covid-19, las presentaciones se realizar\u00e1n de [&hellip;]<\/p>\n","protected":false},"author":1,"featured_media":50597,"comment_status":"closed","ping_status":"open","sticky":false,"template":"","format":"standard","meta":{"footnotes":""},"categories":[51,52,56],"tags":[],"class_list":["post-50596","post","type-post","status-publish","format-standard","has-post-thumbnail","hentry","category-comunidad","category-destacadas","category-espectaculos"],"yoast_head":"<!-- This site is optimized with the Yoast SEO plugin v19.7.1 - https:\/\/yoast.com\/wordpress\/plugins\/seo\/ -->\n<title>AGENDA CULTURAL PARA VACACIONES DE INVIERNO EN LA COMARCA - CELTTV<\/title>\n<meta name=\"description\" content=\"Sitio web de noticias de la localidad de Tornquist, provincia de Buenos Aires, Rep\u00fablica Argentina. Contenido propio originado por periodistas de CELTTV, el canal de TV local de la Cooperativa El\u00e9ctrica de Tornquist. Turismo, Pol\u00edtica, Sociedad, Deporte, Cultura y todo el contenido de inter\u00e9s general que la gente del pueblo y la regi\u00f3n debe conocer.\" \/>\n<meta name=\"robots\" content=\"index, follow, max-snippet:-1, max-image-preview:large, max-video-preview:-1\" \/>\n<link rel=\"canonical\" href=\"https:\/\/www.celttv.com.ar\/index.php\/2020\/07\/16\/agenda-cultural-para-vacaciones-de-invierno-en-la-comarca\/\" \/>\n<meta property=\"og:locale\" content=\"es_ES\" \/>\n<meta property=\"og:type\" content=\"article\" \/>\n<meta property=\"og:title\" content=\"AGENDA CULTURAL PARA VACACIONES DE INVIERNO EN LA COMARCA - CELTTV\" \/>\n<meta property=\"og:description\" content=\"Sitio web de noticias de la localidad de Tornquist, provincia de Buenos Aires, Rep\u00fablica Argentina. Contenido propio originado por periodistas de CELTTV, el canal de TV local de la Cooperativa El\u00e9ctrica de Tornquist. Turismo, Pol\u00edtica, Sociedad, Deporte, Cultura y todo el contenido de inter\u00e9s general que la gente del pueblo y la regi\u00f3n debe conocer.\" \/>\n<meta property=\"og:url\" content=\"https:\/\/www.celttv.com.ar\/index.php\/2020\/07\/16\/agenda-cultural-para-vacaciones-de-invierno-en-la-comarca\/\" \/>\n<meta property=\"og:site_name\" content=\"CELTTV\" \/>\n<meta property=\"article:publisher\" content=\"https:\/\/www.facebook.com\/celtTV\/\" \/>\n<meta property=\"article:published_time\" content=\"2020-07-16T23:06:31+00:00\" \/>\n<meta property=\"og:image\" content=\"https:\/\/www.celttv.com.ar\/wp-content\/uploads\/2020\/07\/vacacult-Medium.jpg\" \/>\n\t<meta property=\"og:image:width\" content=\"768\" \/>\n\t<meta property=\"og:image:height\" content=\"1005\" \/>\n\t<meta property=\"og:image:type\" content=\"image\/jpeg\" \/>\n<meta name=\"author\" content=\"ulises\" \/>\n<meta name=\"twitter:card\" content=\"summary_large_image\" \/>\n<meta name=\"twitter:label1\" content=\"Escrito por\" \/>\n\t<meta name=\"twitter:data1\" content=\"ulises\" \/>\n\t<meta name=\"twitter:label2\" content=\"Tiempo de lectura\" \/>\n\t<meta name=\"twitter:data2\" content=\"1 minuto\" \/>\n<script type=\"application\/ld+json\" class=\"yoast-schema-graph\">{\"@context\":\"https:\/\/schema.org\",\"@graph\":[{\"@type\":\"NewsArticle\",\"@id\":\"https:\/\/www.celttv.com.ar\/index.php\/2020\/07\/16\/agenda-cultural-para-vacaciones-de-invierno-en-la-comarca\/#article\",\"isPartOf\":{\"@id\":\"https:\/\/www.celttv.com.ar\/index.php\/2020\/07\/16\/agenda-cultural-para-vacaciones-de-invierno-en-la-comarca\/\"},\"author\":{\"name\":\"ulises\",\"@id\":\"https:\/\/www.celttv.com.ar\/#\/schema\/person\/6d99c072dba59953809c81446e9d0ace\"},\"headline\":\"AGENDA CULTURAL PARA VACACIONES DE INVIERNO EN LA COMARCA\",\"datePublished\":\"2020-07-16T23:06:31+00:00\",\"dateModified\":\"2020-07-16T23:06:31+00:00\",\"mainEntityOfPage\":{\"@id\":\"https:\/\/www.celttv.com.ar\/index.php\/2020\/07\/16\/agenda-cultural-para-vacaciones-de-invierno-en-la-comarca\/\"},\"wordCount\":285,\"publisher\":{\"@id\":\"https:\/\/www.celttv.com.ar\/#organization\"},\"articleSection\":[\"Comunidad\",\"Destacadas\",\"Espect\u00e1culos\"],\"inLanguage\":\"es\"},{\"@type\":\"WebPage\",\"@id\":\"https:\/\/www.celttv.com.ar\/index.php\/2020\/07\/16\/agenda-cultural-para-vacaciones-de-invierno-en-la-comarca\/\",\"url\":\"https:\/\/www.celttv.com.ar\/index.php\/2020\/07\/16\/agenda-cultural-para-vacaciones-de-invierno-en-la-comarca\/\",\"name\":\"AGENDA CULTURAL PARA VACACIONES DE INVIERNO EN LA COMARCA - CELTTV\",\"isPartOf\":{\"@id\":\"https:\/\/www.celttv.com.ar\/#website\"},\"datePublished\":\"2020-07-16T23:06:31+00:00\",\"dateModified\":\"2020-07-16T23:06:31+00:00\",\"description\":\"Sitio web de noticias de la localidad de Tornquist, provincia de Buenos Aires, Rep\u00fablica Argentina. Contenido propio originado por periodistas de CELTTV, el canal de TV local de la Cooperativa El\u00e9ctrica de Tornquist. Turismo, Pol\u00edtica, Sociedad, Deporte, Cultura y todo el contenido de inter\u00e9s general que la gente del pueblo y la regi\u00f3n debe conocer.\",\"breadcrumb\":{\"@id\":\"https:\/\/www.celttv.com.ar\/index.php\/2020\/07\/16\/agenda-cultural-para-vacaciones-de-invierno-en-la-comarca\/#breadcrumb\"},\"inLanguage\":\"es\",\"potentialAction\":[{\"@type\":\"ReadAction\",\"target\":[\"https:\/\/www.celttv.com.ar\/index.php\/2020\/07\/16\/agenda-cultural-para-vacaciones-de-invierno-en-la-comarca\/\"]}]},{\"@type\":\"BreadcrumbList\",\"@id\":\"https:\/\/www.celttv.com.ar\/index.php\/2020\/07\/16\/agenda-cultural-para-vacaciones-de-invierno-en-la-comarca\/#breadcrumb\",\"itemListElement\":[{\"@type\":\"ListItem\",\"position\":1,\"name\":\"Inicio\",\"item\":\"https:\/\/www.celttv.com.ar\/\"},{\"@type\":\"ListItem\",\"position\":2,\"name\":\"AGENDA CULTURAL PARA VACACIONES DE INVIERNO EN LA COMARCA\"}]},{\"@type\":\"WebSite\",\"@id\":\"https:\/\/www.celttv.com.ar\/#website\",\"url\":\"https:\/\/www.celttv.com.ar\/\",\"name\":\"CELTTV\",\"description\":\"Cooperativa El\u00e9ctrica de Tornquist\",\"publisher\":{\"@id\":\"https:\/\/www.celttv.com.ar\/#organization\"},\"potentialAction\":[{\"@type\":\"SearchAction\",\"target\":{\"@type\":\"EntryPoint\",\"urlTemplate\":\"https:\/\/www.celttv.com.ar\/?s={search_term_string}\"},\"query-input\":\"required name=search_term_string\"}],\"inLanguage\":\"es\"},{\"@type\":\"Organization\",\"@id\":\"https:\/\/www.celttv.com.ar\/#organization\",\"name\":\"CELTTV\",\"url\":\"https:\/\/www.celttv.com.ar\/\",\"sameAs\":[\"https:\/\/www.youtube.com\/channel\/UCz_oIt8Hig64Ub-EmcNPIhg\",\"https:\/\/www.facebook.com\/celtTV\/\"],\"logo\":{\"@type\":\"ImageObject\",\"inLanguage\":\"es\",\"@id\":\"https:\/\/www.celttv.com.ar\/#\/schema\/logo\/image\/\",\"url\":\"http:\/\/www.celttv.com.ar\/wp-content\/uploads\/2022\/08\/logo-1.png\",\"contentUrl\":\"http:\/\/www.celttv.com.ar\/wp-content\/uploads\/2022\/08\/logo-1.png\",\"width\":461,\"height\":159,\"caption\":\"CELTTV\"},\"image\":{\"@id\":\"https:\/\/www.celttv.com.ar\/#\/schema\/logo\/image\/\"}},{\"@type\":\"Person\",\"@id\":\"https:\/\/www.celttv.com.ar\/#\/schema\/person\/6d99c072dba59953809c81446e9d0ace\",\"name\":\"ulises\",\"image\":{\"@type\":\"ImageObject\",\"inLanguage\":\"es\",\"@id\":\"https:\/\/www.celttv.com.ar\/#\/schema\/person\/image\/\",\"url\":\"https:\/\/secure.gravatar.com\/avatar\/7f2c48bdc33b30088f941fb6082e555f2874c98e20cb159d7b92b50eadfce793?s=96&d=mm&r=g\",\"contentUrl\":\"https:\/\/secure.gravatar.com\/avatar\/7f2c48bdc33b30088f941fb6082e555f2874c98e20cb159d7b92b50eadfce793?s=96&d=mm&r=g\",\"caption\":\"ulises\"},\"sameAs\":[\"http:\/\/www.celttv.com.ar\"]}]}<\/script>\n<!-- \/ Yoast SEO plugin. -->","yoast_head_json":{"title":"AGENDA CULTURAL PARA VACACIONES DE INVIERNO EN LA COMARCA - CELTTV","description":"Sitio web de noticias de la localidad de Tornquist, provincia de Buenos Aires, Rep\u00fablica Argentina. Contenido propio originado por periodistas de CELTTV, el canal de TV local de la Cooperativa El\u00e9ctrica de Tornquist. Turismo, Pol\u00edtica, Sociedad, Deporte, Cultura y todo el contenido de inter\u00e9s general que la gente del pueblo y la regi\u00f3n debe conocer.","robots":{"index":"index","follow":"follow","max-snippet":"max-snippet:-1","max-image-preview":"max-image-preview:large","max-video-preview":"max-video-preview:-1"},"canonical":"https:\/\/www.celttv.com.ar\/index.php\/2020\/07\/16\/agenda-cultural-para-vacaciones-de-invierno-en-la-comarca\/","og_locale":"es_ES","og_type":"article","og_title":"AGENDA CULTURAL PARA VACACIONES DE INVIERNO EN LA COMARCA - CELTTV","og_description":"Sitio web de noticias de la localidad de Tornquist, provincia de Buenos Aires, Rep\u00fablica Argentina. Contenido propio originado por periodistas de CELTTV, el canal de TV local de la Cooperativa El\u00e9ctrica de Tornquist. Turismo, Pol\u00edtica, Sociedad, Deporte, Cultura y todo el contenido de inter\u00e9s general que la gente del pueblo y la regi\u00f3n debe conocer.","og_url":"https:\/\/www.celttv.com.ar\/index.php\/2020\/07\/16\/agenda-cultural-para-vacaciones-de-invierno-en-la-comarca\/","og_site_name":"CELTTV","article_publisher":"https:\/\/www.facebook.com\/celtTV\/","article_published_time":"2020-07-16T23:06:31+00:00","og_image":[{"width":768,"height":1005,"url":"https:\/\/www.celttv.com.ar\/wp-content\/uploads\/2020\/07\/vacacult-Medium.jpg","type":"image\/jpeg"}],"author":"ulises","twitter_card":"summary_large_image","twitter_misc":{"Escrito por":"ulises","Tiempo de lectura":"1 minuto"},"schema":{"@context":"https:\/\/schema.org","@graph":[{"@type":"NewsArticle","@id":"https:\/\/www.celttv.com.ar\/index.php\/2020\/07\/16\/agenda-cultural-para-vacaciones-de-invierno-en-la-comarca\/#article","isPartOf":{"@id":"https:\/\/www.celttv.com.ar\/index.php\/2020\/07\/16\/agenda-cultural-para-vacaciones-de-invierno-en-la-comarca\/"},"author":{"name":"ulises","@id":"https:\/\/www.celttv.com.ar\/#\/schema\/person\/6d99c072dba59953809c81446e9d0ace"},"headline":"AGENDA CULTURAL PARA VACACIONES DE INVIERNO EN LA COMARCA","datePublished":"2020-07-16T23:06:31+00:00","dateModified":"2020-07-16T23:06:31+00:00","mainEntityOfPage":{"@id":"https:\/\/www.celttv.com.ar\/index.php\/2020\/07\/16\/agenda-cultural-para-vacaciones-de-invierno-en-la-comarca\/"},"wordCount":285,"publisher":{"@id":"https:\/\/www.celttv.com.ar\/#organization"},"articleSection":["Comunidad","Destacadas","Espect\u00e1culos"],"inLanguage":"es"},{"@type":"WebPage","@id":"https:\/\/www.celttv.com.ar\/index.php\/2020\/07\/16\/agenda-cultural-para-vacaciones-de-invierno-en-la-comarca\/","url":"https:\/\/www.celttv.com.ar\/index.php\/2020\/07\/16\/agenda-cultural-para-vacaciones-de-invierno-en-la-comarca\/","name":"AGENDA CULTURAL PARA VACACIONES DE INVIERNO EN LA COMARCA - CELTTV","isPartOf":{"@id":"https:\/\/www.celttv.com.ar\/#website"},"datePublished":"2020-07-16T23:06:31+00:00","dateModified":"2020-07-16T23:06:31+00:00","description":"Sitio web de noticias de la localidad de Tornquist, provincia de Buenos Aires, Rep\u00fablica Argentina. Contenido propio originado por periodistas de CELTTV, el canal de TV local de la Cooperativa El\u00e9ctrica de Tornquist. Turismo, Pol\u00edtica, Sociedad, Deporte, Cultura y todo el contenido de inter\u00e9s general que la gente del pueblo y la regi\u00f3n debe conocer.","breadcrumb":{"@id":"https:\/\/www.celttv.com.ar\/index.php\/2020\/07\/16\/agenda-cultural-para-vacaciones-de-invierno-en-la-comarca\/#breadcrumb"},"inLanguage":"es","potentialAction":[{"@type":"ReadAction","target":["https:\/\/www.celttv.com.ar\/index.php\/2020\/07\/16\/agenda-cultural-para-vacaciones-de-invierno-en-la-comarca\/"]}]},{"@type":"BreadcrumbList","@id":"https:\/\/www.celttv.com.ar\/index.php\/2020\/07\/16\/agenda-cultural-para-vacaciones-de-invierno-en-la-comarca\/#breadcrumb","itemListElement":[{"@type":"ListItem","position":1,"name":"Inicio","item":"https:\/\/www.celttv.com.ar\/"},{"@type":"ListItem","position":2,"name":"AGENDA CULTURAL PARA VACACIONES DE INVIERNO EN LA COMARCA"}]},{"@type":"WebSite","@id":"https:\/\/www.celttv.com.ar\/#website","url":"https:\/\/www.celttv.com.ar\/","name":"CELTTV","description":"Cooperativa El\u00e9ctrica de Tornquist","publisher":{"@id":"https:\/\/www.celttv.com.ar\/#organization"},"potentialAction":[{"@type":"SearchAction","target":{"@type":"EntryPoint","urlTemplate":"https:\/\/www.celttv.com.ar\/?s={search_term_string}"},"query-input":"required name=search_term_string"}],"inLanguage":"es"},{"@type":"Organization","@id":"https:\/\/www.celttv.com.ar\/#organization","name":"CELTTV","url":"https:\/\/www.celttv.com.ar\/","sameAs":["https:\/\/www.youtube.com\/channel\/UCz_oIt8Hig64Ub-EmcNPIhg","https:\/\/www.facebook.com\/celtTV\/"],"logo":{"@type":"ImageObject","inLanguage":"es","@id":"https:\/\/www.celttv.com.ar\/#\/schema\/logo\/image\/","url":"http:\/\/www.celttv.com.ar\/wp-content\/uploads\/2022\/08\/logo-1.png","contentUrl":"http:\/\/www.celttv.com.ar\/wp-content\/uploads\/2022\/08\/logo-1.png","width":461,"height":159,"caption":"CELTTV"},"image":{"@id":"https:\/\/www.celttv.com.ar\/#\/schema\/logo\/image\/"}},{"@type":"Person","@id":"https:\/\/www.celttv.com.ar\/#\/schema\/person\/6d99c072dba59953809c81446e9d0ace","name":"ulises","image":{"@type":"ImageObject","inLanguage":"es","@id":"https:\/\/www.celttv.com.ar\/#\/schema\/person\/image\/","url":"https:\/\/secure.gravatar.com\/avatar\/7f2c48bdc33b30088f941fb6082e555f2874c98e20cb159d7b92b50eadfce793?s=96&d=mm&r=g","contentUrl":"https:\/\/secure.gravatar.com\/avatar\/7f2c48bdc33b30088f941fb6082e555f2874c98e20cb159d7b92b50eadfce793?s=96&d=mm&r=g","caption":"ulises"},"sameAs":["http:\/\/www.celttv.com.ar"]}]}},"_links":{"self":[{"href":"https:\/\/www.celttv.com.ar\/index.php\/wp-json\/wp\/v2\/posts\/50596","targetHints":{"allow":["GET"]}}],"collection":[{"href":"https:\/\/www.celttv.com.ar\/index.php\/wp-json\/wp\/v2\/posts"}],"about":[{"href":"https:\/\/www.celttv.com.ar\/index.php\/wp-json\/wp\/v2\/types\/post"}],"author":[{"embeddable":true,"href":"https:\/\/www.celttv.com.ar\/index.php\/wp-json\/wp\/v2\/users\/1"}],"replies":[{"embeddable":true,"href":"https:\/\/www.celttv.com.ar\/index.php\/wp-json\/wp\/v2\/comments?post=50596"}],"version-history":[{"count":0,"href":"https:\/\/www.celttv.com.ar\/index.php\/wp-json\/wp\/v2\/posts\/50596\/revisions"}],"wp:featuredmedia":[{"embeddable":true,"href":"https:\/\/www.celttv.com.ar\/index.php\/wp-json\/wp\/v2\/media\/50597"}],"wp:attachment":[{"href":"https:\/\/www.celttv.com.ar\/index.php\/wp-json\/wp\/v2\/media?parent=50596"}],"wp:term":[{"taxonomy":"category","embeddable":true,"href":"https:\/\/www.celttv.com.ar\/index.php\/wp-json\/wp\/v2\/categories?post=50596"},{"taxonomy":"post_tag","embeddable":true,"href":"https:\/\/www.celttv.com.ar\/index.php\/wp-json\/wp\/v2\/tags?post=50596"}],"curies":[{"name":"wp","href":"https:\/\/api.w.org\/{rel}","templated":true}]}}