{"id":50599,"date":"2020-07-17T15:59:12","date_gmt":"2020-07-17T15:59:12","guid":{"rendered":"http:\/\/www.celttv.com.ar\/?p=50599"},"modified":"2020-07-17T15:59:12","modified_gmt":"2020-07-17T15:59:12","slug":"el-frente-de-todos-tornquist-realizo-gestiones-para-el-desarrollo-del-trabajo-y-la-produccion","status":"publish","type":"post","link":"https:\/\/www.celttv.com.ar\/index.php\/2020\/07\/17\/el-frente-de-todos-tornquist-realizo-gestiones-para-el-desarrollo-del-trabajo-y-la-produccion\/","title":{"rendered":"EL FRENTE DE TODOS TORNQUIST REALIZ\u00d3  GESTIONES PARA EL DESARROLLO DEL TRABAJO Y LA PRODUCCI\u00d3N"},"content":{"rendered":"<p>Referentes del Frente de Todos Tornquist se reunieron con el Francisco Martinez coordinador nacional de empresas recuperadas del Instituto Nacional de Asociativismo y Econom\u00eda Social INAES del Ministerio de Desarrollo Productivo de la Naci\u00f3n para avanzar en gestiones concretas a fin de dar respuestas a las necesidades de trabajo y desarrollo econ\u00f3mico y social del distrito de Tornquist.<\/p>\n<p>Al hacer estas gestiones estamos poniendo en concreto nuestra propuesta electoral del 2019 cuando le dijimos a nuestros vecinos que, \u201ces necesario revalorizar el rol de la industria del turismo, atendiendo a las necesidades de la gran cantidad de actores que intervienen en su planificaci\u00f3n y desarrollo ubicando al sector p\u00fablico en un lugar central de la planificaci\u00f3n y la activaci\u00f3n de sinergias p\u00fablico-privadas con el fin establecer ejes de acci\u00f3n para el desarrollo de una actividad socioecon\u00f3mica y ambientalmente sostenible. (Plataforma Frente de Todos Desarrollo Econ\u00f3mico)<\/p>\n<p>Durante la reuni\u00f3n se planificaron acciones conjuntas y se concretaron caminos comunes que tienen al asociativismo, la cooperaci\u00f3n y el trabajo auto-gestivo como pilar para el desarrollo del distrito m\u00e1s a\u00fan luego de la actual situaci\u00f3n de crisis ocasionada por actual pandemia mundial.<\/p>\n<p>Se valoriz\u00f3 mucho la experiencia de la cooperativa textiles pig\u00fce y si inserci\u00f3n en el mercado nacional e internacional y se visito la l\u00ednea de producci\u00f3n de la ropa deportiva FIBRA \u2013ahora avocada a la ropa sanitaria- y las nuevas instalaciones de la marca SAN I TEX que fabricar\u00e1 120.000 barbijos sanitarios por d\u00eda.<\/p>\n<p>Tambi\u00e9n se puso en valor la necesidad de articular pol\u00edticas donde todos los sectores sean parte de una planificaci\u00f3n com\u00fan y en este sentido se plantear\u00e1 claramente a las actuales autoridades municipales del distrito de Tornquist la necesidad de convocar y activar una mesa de cogesti\u00f3n social y productiva donde participen todos los actores vinculados al trabajo, la producci\u00f3n y el desarrollo social.<\/p>\n<p>La reuni\u00f3n tambi\u00e9n sirvi\u00f3 para establecer formas de trabajo conjunto para dar respuesta a las urgentes necesidades de trabajo y producci\u00f3n que constatamos en el distrito de Tornquist y que demandan de una respuesta articulada y cooperativa. ARGENTINA UNIDA.<\/p>\n","protected":false},"excerpt":{"rendered":"<p>Referentes del Frente de Todos Tornquist se reunieron con el Francisco Martinez coordinador nacional de empresas recuperadas del Instituto Nacional de Asociativismo y Econom\u00eda Social INAES del Ministerio de Desarrollo Productivo de la Naci\u00f3n para avanzar en gestiones concretas a fin de dar respuestas a las necesidades de trabajo y desarrollo econ\u00f3mico y social del [&hellip;]<\/p>\n","protected":false},"author":1,"featured_media":50600,"comment_status":"closed","ping_status":"open","sticky":false,"template":"","format":"standard","meta":{"footnotes":""},"categories":[55,51,52,53],"tags":[],"class_list":["post-50599","post","type-post","status-publish","format-standard","has-post-thumbnail","hentry","category-celt-tv-noticias","category-comunidad","category-destacadas","category-politica"],"yoast_head":"<!-- This site is optimized with the Yoast SEO plugin v19.7.1 - https:\/\/yoast.com\/wordpress\/plugins\/seo\/ -->\n<title>EL FRENTE DE TODOS TORNQUIST REALIZ\u00d3 GESTIONES PARA EL DESARROLLO DEL TRABAJO Y LA PRODUCCI\u00d3N - CELTTV<\/title>\n<meta name=\"description\" content=\"Sitio web de noticias de la localidad de Tornquist, provincia de Buenos Aires, Rep\u00fablica Argentina. Contenido propio originado por periodistas de CELTTV, el canal de TV local de la Cooperativa El\u00e9ctrica de Tornquist. Turismo, Pol\u00edtica, Sociedad, Deporte, Cultura y todo el contenido de inter\u00e9s general que la gente del pueblo y la regi\u00f3n debe conocer.\" \/>\n<meta name=\"robots\" content=\"index, follow, max-snippet:-1, max-image-preview:large, max-video-preview:-1\" \/>\n<link rel=\"canonical\" href=\"https:\/\/www.celttv.com.ar\/index.php\/2020\/07\/17\/el-frente-de-todos-tornquist-realizo-gestiones-para-el-desarrollo-del-trabajo-y-la-produccion\/\" \/>\n<meta property=\"og:locale\" content=\"es_ES\" \/>\n<meta property=\"og:type\" content=\"article\" \/>\n<meta property=\"og:title\" content=\"EL FRENTE DE TODOS TORNQUIST REALIZ\u00d3 GESTIONES PARA EL DESARROLLO DEL TRABAJO Y LA PRODUCCI\u00d3N - CELTTV\" \/>\n<meta property=\"og:description\" content=\"Sitio web de noticias de la localidad de Tornquist, provincia de Buenos Aires, Rep\u00fablica Argentina. Contenido propio originado por periodistas de CELTTV, el canal de TV local de la Cooperativa El\u00e9ctrica de Tornquist. Turismo, Pol\u00edtica, Sociedad, Deporte, Cultura y todo el contenido de inter\u00e9s general que la gente del pueblo y la regi\u00f3n debe conocer.\" \/>\n<meta property=\"og:url\" content=\"https:\/\/www.celttv.com.ar\/index.php\/2020\/07\/17\/el-frente-de-todos-tornquist-realizo-gestiones-para-el-desarrollo-del-trabajo-y-la-produccion\/\" \/>\n<meta property=\"og:site_name\" content=\"CELTTV\" \/>\n<meta property=\"article:publisher\" content=\"https:\/\/www.facebook.com\/celtTV\/\" \/>\n<meta property=\"article:published_time\" content=\"2020-07-17T15:59:12+00:00\" \/>\n<meta property=\"og:image\" content=\"https:\/\/www.celttv.com.ar\/wp-content\/uploads\/2020\/07\/descarga-1.png\" \/>\n\t<meta property=\"og:image:width\" content=\"225\" \/>\n\t<meta property=\"og:image:height\" content=\"225\" \/>\n\t<meta property=\"og:image:type\" content=\"image\/png\" \/>\n<meta name=\"author\" content=\"ulises\" \/>\n<meta name=\"twitter:card\" content=\"summary_large_image\" \/>\n<meta name=\"twitter:label1\" content=\"Escrito por\" \/>\n\t<meta name=\"twitter:data1\" content=\"ulises\" \/>\n\t<meta name=\"twitter:label2\" content=\"Tiempo de lectura\" \/>\n\t<meta name=\"twitter:data2\" content=\"2 minutos\" \/>\n<script type=\"application\/ld+json\" class=\"yoast-schema-graph\">{\"@context\":\"https:\/\/schema.org\",\"@graph\":[{\"@type\":\"NewsArticle\",\"@id\":\"https:\/\/www.celttv.com.ar\/index.php\/2020\/07\/17\/el-frente-de-todos-tornquist-realizo-gestiones-para-el-desarrollo-del-trabajo-y-la-produccion\/#article\",\"isPartOf\":{\"@id\":\"https:\/\/www.celttv.com.ar\/index.php\/2020\/07\/17\/el-frente-de-todos-tornquist-realizo-gestiones-para-el-desarrollo-del-trabajo-y-la-produccion\/\"},\"author\":{\"name\":\"ulises\",\"@id\":\"https:\/\/www.celttv.com.ar\/#\/schema\/person\/6d99c072dba59953809c81446e9d0ace\"},\"headline\":\"EL FRENTE DE TODOS TORNQUIST REALIZ\u00d3 GESTIONES PARA EL DESARROLLO DEL TRABAJO Y LA PRODUCCI\u00d3N\",\"datePublished\":\"2020-07-17T15:59:12+00:00\",\"dateModified\":\"2020-07-17T15:59:12+00:00\",\"mainEntityOfPage\":{\"@id\":\"https:\/\/www.celttv.com.ar\/index.php\/2020\/07\/17\/el-frente-de-todos-tornquist-realizo-gestiones-para-el-desarrollo-del-trabajo-y-la-produccion\/\"},\"wordCount\":388,\"publisher\":{\"@id\":\"https:\/\/www.celttv.com.ar\/#organization\"},\"articleSection\":[\"Celt TV Noticias\",\"Comunidad\",\"Destacadas\",\"Pol\u00edtica\"],\"inLanguage\":\"es\"},{\"@type\":\"WebPage\",\"@id\":\"https:\/\/www.celttv.com.ar\/index.php\/2020\/07\/17\/el-frente-de-todos-tornquist-realizo-gestiones-para-el-desarrollo-del-trabajo-y-la-produccion\/\",\"url\":\"https:\/\/www.celttv.com.ar\/index.php\/2020\/07\/17\/el-frente-de-todos-tornquist-realizo-gestiones-para-el-desarrollo-del-trabajo-y-la-produccion\/\",\"name\":\"EL FRENTE DE TODOS TORNQUIST REALIZ\u00d3 GESTIONES PARA EL DESARROLLO DEL TRABAJO Y LA PRODUCCI\u00d3N - CELTTV\",\"isPartOf\":{\"@id\":\"https:\/\/www.celttv.com.ar\/#website\"},\"datePublished\":\"2020-07-17T15:59:12+00:00\",\"dateModified\":\"2020-07-17T15:59:12+00:00\",\"description\":\"Sitio web de noticias de la localidad de Tornquist, provincia de Buenos Aires, Rep\u00fablica Argentina. Contenido propio originado por periodistas de CELTTV, el canal de TV local de la Cooperativa El\u00e9ctrica de Tornquist. Turismo, Pol\u00edtica, Sociedad, Deporte, Cultura y todo el contenido de inter\u00e9s general que la gente del pueblo y la regi\u00f3n debe conocer.\",\"breadcrumb\":{\"@id\":\"https:\/\/www.celttv.com.ar\/index.php\/2020\/07\/17\/el-frente-de-todos-tornquist-realizo-gestiones-para-el-desarrollo-del-trabajo-y-la-produccion\/#breadcrumb\"},\"inLanguage\":\"es\",\"potentialAction\":[{\"@type\":\"ReadAction\",\"target\":[\"https:\/\/www.celttv.com.ar\/index.php\/2020\/07\/17\/el-frente-de-todos-tornquist-realizo-gestiones-para-el-desarrollo-del-trabajo-y-la-produccion\/\"]}]},{\"@type\":\"BreadcrumbList\",\"@id\":\"https:\/\/www.celttv.com.ar\/index.php\/2020\/07\/17\/el-frente-de-todos-tornquist-realizo-gestiones-para-el-desarrollo-del-trabajo-y-la-produccion\/#breadcrumb\",\"itemListElement\":[{\"@type\":\"ListItem\",\"position\":1,\"name\":\"Inicio\",\"item\":\"https:\/\/www.celttv.com.ar\/\"},{\"@type\":\"ListItem\",\"position\":2,\"name\":\"EL FRENTE DE TODOS TORNQUIST REALIZ\u00d3 GESTIONES PARA EL DESARROLLO DEL TRABAJO Y LA PRODUCCI\u00d3N\"}]},{\"@type\":\"WebSite\",\"@id\":\"https:\/\/www.celttv.com.ar\/#website\",\"url\":\"https:\/\/www.celttv.com.ar\/\",\"name\":\"CELTTV\",\"description\":\"Cooperativa El\u00e9ctrica de Tornquist\",\"publisher\":{\"@id\":\"https:\/\/www.celttv.com.ar\/#organization\"},\"potentialAction\":[{\"@type\":\"SearchAction\",\"target\":{\"@type\":\"EntryPoint\",\"urlTemplate\":\"https:\/\/www.celttv.com.ar\/?s={search_term_string}\"},\"query-input\":\"required name=search_term_string\"}],\"inLanguage\":\"es\"},{\"@type\":\"Organization\",\"@id\":\"https:\/\/www.celttv.com.ar\/#organization\",\"name\":\"CELTTV\",\"url\":\"https:\/\/www.celttv.com.ar\/\",\"sameAs\":[\"https:\/\/www.youtube.com\/channel\/UCz_oIt8Hig64Ub-EmcNPIhg\",\"https:\/\/www.facebook.com\/celtTV\/\"],\"logo\":{\"@type\":\"ImageObject\",\"inLanguage\":\"es\",\"@id\":\"https:\/\/www.celttv.com.ar\/#\/schema\/logo\/image\/\",\"url\":\"http:\/\/www.celttv.com.ar\/wp-content\/uploads\/2022\/08\/logo-1.png\",\"contentUrl\":\"http:\/\/www.celttv.com.ar\/wp-content\/uploads\/2022\/08\/logo-1.png\",\"width\":461,\"height\":159,\"caption\":\"CELTTV\"},\"image\":{\"@id\":\"https:\/\/www.celttv.com.ar\/#\/schema\/logo\/image\/\"}},{\"@type\":\"Person\",\"@id\":\"https:\/\/www.celttv.com.ar\/#\/schema\/person\/6d99c072dba59953809c81446e9d0ace\",\"name\":\"ulises\",\"image\":{\"@type\":\"ImageObject\",\"inLanguage\":\"es\",\"@id\":\"https:\/\/www.celttv.com.ar\/#\/schema\/person\/image\/\",\"url\":\"https:\/\/secure.gravatar.com\/avatar\/7f2c48bdc33b30088f941fb6082e555f2874c98e20cb159d7b92b50eadfce793?s=96&d=mm&r=g\",\"contentUrl\":\"https:\/\/secure.gravatar.com\/avatar\/7f2c48bdc33b30088f941fb6082e555f2874c98e20cb159d7b92b50eadfce793?s=96&d=mm&r=g\",\"caption\":\"ulises\"},\"sameAs\":[\"http:\/\/www.celttv.com.ar\"]}]}<\/script>\n<!-- \/ Yoast SEO plugin. -->","yoast_head_json":{"title":"EL FRENTE DE TODOS TORNQUIST REALIZ\u00d3 GESTIONES PARA EL DESARROLLO DEL TRABAJO Y LA PRODUCCI\u00d3N - CELTTV","description":"Sitio web de noticias de la localidad de Tornquist, provincia de Buenos Aires, Rep\u00fablica Argentina. Contenido propio originado por periodistas de CELTTV, el canal de TV local de la Cooperativa El\u00e9ctrica de Tornquist. Turismo, Pol\u00edtica, Sociedad, Deporte, Cultura y todo el contenido de inter\u00e9s general que la gente del pueblo y la regi\u00f3n debe conocer.","robots":{"index":"index","follow":"follow","max-snippet":"max-snippet:-1","max-image-preview":"max-image-preview:large","max-video-preview":"max-video-preview:-1"},"canonical":"https:\/\/www.celttv.com.ar\/index.php\/2020\/07\/17\/el-frente-de-todos-tornquist-realizo-gestiones-para-el-desarrollo-del-trabajo-y-la-produccion\/","og_locale":"es_ES","og_type":"article","og_title":"EL FRENTE DE TODOS TORNQUIST REALIZ\u00d3 GESTIONES PARA EL DESARROLLO DEL TRABAJO Y LA PRODUCCI\u00d3N - CELTTV","og_description":"Sitio web de noticias de la localidad de Tornquist, provincia de Buenos Aires, Rep\u00fablica Argentina. Contenido propio originado por periodistas de CELTTV, el canal de TV local de la Cooperativa El\u00e9ctrica de Tornquist. Turismo, Pol\u00edtica, Sociedad, Deporte, Cultura y todo el contenido de inter\u00e9s general que la gente del pueblo y la regi\u00f3n debe conocer.","og_url":"https:\/\/www.celttv.com.ar\/index.php\/2020\/07\/17\/el-frente-de-todos-tornquist-realizo-gestiones-para-el-desarrollo-del-trabajo-y-la-produccion\/","og_site_name":"CELTTV","article_publisher":"https:\/\/www.facebook.com\/celtTV\/","article_published_time":"2020-07-17T15:59:12+00:00","og_image":[{"width":225,"height":225,"url":"https:\/\/www.celttv.com.ar\/wp-content\/uploads\/2020\/07\/descarga-1.png","type":"image\/png"}],"author":"ulises","twitter_card":"summary_large_image","twitter_misc":{"Escrito por":"ulises","Tiempo de lectura":"2 minutos"},"schema":{"@context":"https:\/\/schema.org","@graph":[{"@type":"NewsArticle","@id":"https:\/\/www.celttv.com.ar\/index.php\/2020\/07\/17\/el-frente-de-todos-tornquist-realizo-gestiones-para-el-desarrollo-del-trabajo-y-la-produccion\/#article","isPartOf":{"@id":"https:\/\/www.celttv.com.ar\/index.php\/2020\/07\/17\/el-frente-de-todos-tornquist-realizo-gestiones-para-el-desarrollo-del-trabajo-y-la-produccion\/"},"author":{"name":"ulises","@id":"https:\/\/www.celttv.com.ar\/#\/schema\/person\/6d99c072dba59953809c81446e9d0ace"},"headline":"EL FRENTE DE TODOS TORNQUIST REALIZ\u00d3 GESTIONES PARA EL DESARROLLO DEL TRABAJO Y LA PRODUCCI\u00d3N","datePublished":"2020-07-17T15:59:12+00:00","dateModified":"2020-07-17T15:59:12+00:00","mainEntityOfPage":{"@id":"https:\/\/www.celttv.com.ar\/index.php\/2020\/07\/17\/el-frente-de-todos-tornquist-realizo-gestiones-para-el-desarrollo-del-trabajo-y-la-produccion\/"},"wordCount":388,"publisher":{"@id":"https:\/\/www.celttv.com.ar\/#organization"},"articleSection":["Celt TV Noticias","Comunidad","Destacadas","Pol\u00edtica"],"inLanguage":"es"},{"@type":"WebPage","@id":"https:\/\/www.celttv.com.ar\/index.php\/2020\/07\/17\/el-frente-de-todos-tornquist-realizo-gestiones-para-el-desarrollo-del-trabajo-y-la-produccion\/","url":"https:\/\/www.celttv.com.ar\/index.php\/2020\/07\/17\/el-frente-de-todos-tornquist-realizo-gestiones-para-el-desarrollo-del-trabajo-y-la-produccion\/","name":"EL FRENTE DE TODOS TORNQUIST REALIZ\u00d3 GESTIONES PARA EL DESARROLLO DEL TRABAJO Y LA PRODUCCI\u00d3N - CELTTV","isPartOf":{"@id":"https:\/\/www.celttv.com.ar\/#website"},"datePublished":"2020-07-17T15:59:12+00:00","dateModified":"2020-07-17T15:59:12+00:00","description":"Sitio web de noticias de la localidad de Tornquist, provincia de Buenos Aires, Rep\u00fablica Argentina. Contenido propio originado por periodistas de CELTTV, el canal de TV local de la Cooperativa El\u00e9ctrica de Tornquist. Turismo, Pol\u00edtica, Sociedad, Deporte, Cultura y todo el contenido de inter\u00e9s general que la gente del pueblo y la regi\u00f3n debe conocer.","breadcrumb":{"@id":"https:\/\/www.celttv.com.ar\/index.php\/2020\/07\/17\/el-frente-de-todos-tornquist-realizo-gestiones-para-el-desarrollo-del-trabajo-y-la-produccion\/#breadcrumb"},"inLanguage":"es","potentialAction":[{"@type":"ReadAction","target":["https:\/\/www.celttv.com.ar\/index.php\/2020\/07\/17\/el-frente-de-todos-tornquist-realizo-gestiones-para-el-desarrollo-del-trabajo-y-la-produccion\/"]}]},{"@type":"BreadcrumbList","@id":"https:\/\/www.celttv.com.ar\/index.php\/2020\/07\/17\/el-frente-de-todos-tornquist-realizo-gestiones-para-el-desarrollo-del-trabajo-y-la-produccion\/#breadcrumb","itemListElement":[{"@type":"ListItem","position":1,"name":"Inicio","item":"https:\/\/www.celttv.com.ar\/"},{"@type":"ListItem","position":2,"name":"EL FRENTE DE TODOS TORNQUIST REALIZ\u00d3 GESTIONES PARA EL DESARROLLO DEL TRABAJO Y LA PRODUCCI\u00d3N"}]},{"@type":"WebSite","@id":"https:\/\/www.celttv.com.ar\/#website","url":"https:\/\/www.celttv.com.ar\/","name":"CELTTV","description":"Cooperativa El\u00e9ctrica de Tornquist","publisher":{"@id":"https:\/\/www.celttv.com.ar\/#organization"},"potentialAction":[{"@type":"SearchAction","target":{"@type":"EntryPoint","urlTemplate":"https:\/\/www.celttv.com.ar\/?s={search_term_string}"},"query-input":"required name=search_term_string"}],"inLanguage":"es"},{"@type":"Organization","@id":"https:\/\/www.celttv.com.ar\/#organization","name":"CELTTV","url":"https:\/\/www.celttv.com.ar\/","sameAs":["https:\/\/www.youtube.com\/channel\/UCz_oIt8Hig64Ub-EmcNPIhg","https:\/\/www.facebook.com\/celtTV\/"],"logo":{"@type":"ImageObject","inLanguage":"es","@id":"https:\/\/www.celttv.com.ar\/#\/schema\/logo\/image\/","url":"http:\/\/www.celttv.com.ar\/wp-content\/uploads\/2022\/08\/logo-1.png","contentUrl":"http:\/\/www.celttv.com.ar\/wp-content\/uploads\/2022\/08\/logo-1.png","width":461,"height":159,"caption":"CELTTV"},"image":{"@id":"https:\/\/www.celttv.com.ar\/#\/schema\/logo\/image\/"}},{"@type":"Person","@id":"https:\/\/www.celttv.com.ar\/#\/schema\/person\/6d99c072dba59953809c81446e9d0ace","name":"ulises","image":{"@type":"ImageObject","inLanguage":"es","@id":"https:\/\/www.celttv.com.ar\/#\/schema\/person\/image\/","url":"https:\/\/secure.gravatar.com\/avatar\/7f2c48bdc33b30088f941fb6082e555f2874c98e20cb159d7b92b50eadfce793?s=96&d=mm&r=g","contentUrl":"https:\/\/secure.gravatar.com\/avatar\/7f2c48bdc33b30088f941fb6082e555f2874c98e20cb159d7b92b50eadfce793?s=96&d=mm&r=g","caption":"ulises"},"sameAs":["http:\/\/www.celttv.com.ar"]}]}},"_links":{"self":[{"href":"https:\/\/www.celttv.com.ar\/index.php\/wp-json\/wp\/v2\/posts\/50599","targetHints":{"allow":["GET"]}}],"collection":[{"href":"https:\/\/www.celttv.com.ar\/index.php\/wp-json\/wp\/v2\/posts"}],"about":[{"href":"https:\/\/www.celttv.com.ar\/index.php\/wp-json\/wp\/v2\/types\/post"}],"author":[{"embeddable":true,"href":"https:\/\/www.celttv.com.ar\/index.php\/wp-json\/wp\/v2\/users\/1"}],"replies":[{"embeddable":true,"href":"https:\/\/www.celttv.com.ar\/index.php\/wp-json\/wp\/v2\/comments?post=50599"}],"version-history":[{"count":0,"href":"https:\/\/www.celttv.com.ar\/index.php\/wp-json\/wp\/v2\/posts\/50599\/revisions"}],"wp:featuredmedia":[{"embeddable":true,"href":"https:\/\/www.celttv.com.ar\/index.php\/wp-json\/wp\/v2\/media\/50600"}],"wp:attachment":[{"href":"https:\/\/www.celttv.com.ar\/index.php\/wp-json\/wp\/v2\/media?parent=50599"}],"wp:term":[{"taxonomy":"category","embeddable":true,"href":"https:\/\/www.celttv.com.ar\/index.php\/wp-json\/wp\/v2\/categories?post=50599"},{"taxonomy":"post_tag","embeddable":true,"href":"https:\/\/www.celttv.com.ar\/index.php\/wp-json\/wp\/v2\/tags?post=50599"}],"curies":[{"name":"wp","href":"https:\/\/api.w.org\/{rel}","templated":true}]}}