{"id":50617,"date":"2020-07-20T00:00:53","date_gmt":"2020-07-20T00:00:53","guid":{"rendered":"http:\/\/www.celttv.com.ar\/?p=50617"},"modified":"2020-07-20T00:00:53","modified_gmt":"2020-07-20T00:00:53","slug":"maximiliano-abad-el-radicalismo-se-prepara-para-liderar-juntos-por-el-cambio","status":"publish","type":"post","link":"https:\/\/www.celttv.com.ar\/index.php\/2020\/07\/20\/maximiliano-abad-el-radicalismo-se-prepara-para-liderar-juntos-por-el-cambio\/","title":{"rendered":"MAXIMILIANO ABAD: \u201cEL RADICALISMO SE PREPARA PARA LIDERAR JUNTOS POR EL CAMBIO\u201d"},"content":{"rendered":"<p style=\"font-weight: 400;\">Lo dijo el presidente del bloque de diputados de JxC y candidato a presidente del comit\u00e9 provincia de la UCR, en una charla virtual ante cerca de trescientos dirigentes de la Sexta secci\u00f3n. \u201cEl radicalismo debe estar en manos de radicales\u201d, agreg\u00f3.<\/p>\n<p style=\"font-weight: 400;\">\n<p style=\"font-weight: 400;\">\n<p style=\"font-weight: 400;\">En otro de los encuentros virtuales organizado por los legisladores de la UCR de la Sexta secci\u00f3n, Anah\u00ed Bilbao, Emiliano Balb\u00edn y David Hirtz, este s\u00e1bado particip\u00f3 el dirigente marplatense y titular del Bloque de Juntos por el Cambio en la C\u00e1mara Baja bonaerense, Maximiliano Abad.<\/p>\n<p style=\"font-weight: 400;\">\n<p style=\"font-weight: 400;\">Abad, quien busca suceder al ex vicegobernador Daniel Salvador al frente del radicalismo bonaerense, se\u00f1al\u00f3 que \u201choy no s\u00f3lo estamos pensando en un radicalismo moderno, que tenga su propia din\u00e1mica de renovaci\u00f3n, sino tambi\u00e9n estamos pensando en un plan de gobierno, en un programa post pandemia, y c\u00f3mo desarrollamos herramientas para los sectores formales e informales de la econom\u00eda\u201d.<\/p>\n<p style=\"font-weight: 400;\">\n<p style=\"font-weight: 400;\">\u201cSomos un partido de poder que quiere gobernar, y por eso tenemos un programa de gobierno hacia afuera, y otro hacia adentro. La alternativa de poder en la Argentina es Juntos por el Cambio, y el radicalismo se est\u00e1 preparando para liderar Juntos por el Cambio\u201d, dijo.<\/p>\n<p style=\"font-weight: 400;\">\n<p style=\"font-weight: 400;\">El marplatense se refiri\u00f3 a algunos ejes del programa de gobierno que la UCR debe ofrecer a la sociedad: \u201ctenemos que ir hacia un nuevo pacto social entre empresarios, trabajadores, y gobierno, que garantice la ascendencia social. En un programa de gobierno radical tiene que estar esto, y tambi\u00e9n la lucha contra el narcotr\u00e1fico, la inseguridad, el crimen organizado\u201d.<\/p>\n<p style=\"font-weight: 400;\">\n<p style=\"font-weight: 400;\">\u201cTenemos que avanzar en la autonom\u00eda municipal. La pandemia puso el tema al descubierto, no puede ser que los intendentes, para tomar una decisi\u00f3n, tengan que pedirle permiso al Gobernador. Y esta es una bandera hist\u00f3rica del radicalismo, que debemos retomar\u201d.<\/p>\n<p style=\"font-weight: 400;\">\n<p style=\"font-weight: 400;\">\u201cY tenemos que acompa\u00f1ar a los sectores productivos, defender la propiedad privada, porque eso da certidumbre frente a la incertidumbre, para los capitales que ya est\u00e1n operando en nuestro pa\u00eds, y para los que tendr\u00e1n que venir\u201d.<\/p>\n<p style=\"font-weight: 400;\">\n<p style=\"font-weight: 400;\">Con relaci\u00f3n a la situaci\u00f3n partidaria, Abad manifest\u00f3 que \u201clo que viene en Juntos por el Cambio es una coalici\u00f3n institucionalizada, tanto para tomar decisiones como para elegir candidatos. Por eso debemos fortalecer al partido. Y la fortaleza del radicalismo es colectiva. Ninguno de los que estamos tenemos un liderazgo excluyente, por eso lo que tenemos que hacer lo tenemos que hacer entre todos\u201d.<\/p>\n<p style=\"font-weight: 400;\">\n<p style=\"font-weight: 400;\">\u201cHay que producir a\u00fan mucho cambio hacia adentro del radicalismo, y encarar estos desaf\u00edos que nos esperan. Y tenemos que hacerlo juntos. Muchos referentes con experiencia nos tienen que ayudar con esto, no deben ser un obst\u00e1culo\u201d.<\/p>\n<p style=\"font-weight: 400;\">\n<p style=\"font-weight: 400;\">\u201cEl radicalismo es pasi\u00f3n por el debate, y vocaci\u00f3n por la pol\u00edtica. Y lo importantes es que quien est\u00e9 al frente del partido, sea un hombre o una mujer del partido, con anclaje partidario. No importa el nombre. Lo que tiene que quedar claro es que al colectivo partidario no lo pueden conducir aquellas personas que no pueden dar certezas de compromiso partidario, y que pueden llevar al partido a determinados escenarios que no son donde debe estar el radicalismo. Por eso el radicalismo debe estar en manos de radicales\u201d.<\/p>\n<p style=\"font-weight: 400;\">\n<p style=\"font-weight: 400;\">Uno de los dirigentes que particip\u00f3 y brind\u00f3 su apoyo a la conducci\u00f3n de Abad es el ex senador y ex intendente de Puan, Horacio L\u00f3pez, quien expres\u00f3: \u201cmi presencia en esta reuni\u00f3n tiene dos finalidades. La primera es apoyarte en esa idea que estas llevando adelante; y la segunda es que no quedaran dudas de donde estoy parado. Yo estoy parado donde debo estar parado, donde est\u00e1n los hombres y las mujeres de la Uni\u00f3n C\u00edvica Radical. Porque hay toda una historia en el partido donde hubo gente que, ante algunas sirenas desde otros lados, se fueron encantados y volvieron. Por eso apoyamos a los hombres y mujeres de la UCR\u201d.<\/p>\n<p style=\"font-weight: 400;\">\n<p style=\"font-weight: 400;\">Por su parte, otro de los intendentes que estuvo presente, Gustavo Notararigo, de Saavedra, se\u00f1al\u00f3 que \u201clo que queremos como radicales es que nuestro pr\u00f3ximo presidente sea radical, no un oportunista del momento. Por eso desde el interior vamos a acompa\u00f1ar la propuesta, porque coincidimos en que el radicalismo de la Provincia tiene que fortalecerse para marcar un rumbo al resto del partido\u201d.<\/p>\n<p style=\"font-weight: 400;\">\n<p style=\"font-weight: 400;\">\u201cEl radicalismo est\u00e1 para ayudar a los que menos tienen a paliar esta coyuntura, pero tambi\u00e9n para sostener a una clase media que nos acompa\u00f1a siempre, y que nos quiere ver part\u00edcipes de un proyecto provincial y nacional\u201d, finaliz\u00f3.<\/p>\n<p style=\"font-weight: 400;\">\n<p style=\"font-weight: 400;\">Participaron del encuentro, adem\u00e1s de los legisladores Emiliano Balb\u00edn, Anah\u00ed Bilbao, y David Hirtz, los intendentes Javier Andr\u00e9s, de Adolfo Alsina; Gustavo Notararigo, de Saavedra; Ra\u00fal Reyes, de Coronel Dorrego; Mart\u00edn Randazzo, de General La Madrid, y el ex intendente Jorge Hern\u00e1ndez, de Salliquel\u00f3.<\/p>\n<p style=\"font-weight: 400;\">\n<p style=\"font-weight: 400;\">Estuvieron las legisladoras nacionales Karina Banfi y Josefina Mendoza, y el diputado provincial Diego Rovella. Tambi\u00e9n los ex legisladores Juan Pablo Baylac, Juan Pedro Tunessi, Alfredo Irigoin, y el mencionado Horacio L\u00f3pez.<\/p>\n<p style=\"font-weight: 400;\">\n<p style=\"font-weight: 400;\">Participaron el presidente de la Juventud Radical bonaerense, Mart\u00edn Borrazas; Ana Clara Uribe Echeverr\u00eda, presidenta de la mesa seccional de la JR; y Bernardo Bl\u00e1zquez, secretario general de la Franja Morada de la Universidad Nacional del Sur.<\/p>\n<p style=\"font-weight: 400;\">\n<p style=\"font-weight: 400;\">Y el ex ministro de Ciencia y T\u00e9cnica de la Provincia, Jorge Elustondo, adem\u00e1s de concejales, consejeros escolares, autoridades partidarias, dirigentes y militantes.<\/p>\n<p style=\"font-weight: 400;\">\n","protected":false},"excerpt":{"rendered":"<p>Lo dijo el presidente del bloque de diputados de JxC y candidato a presidente del comit\u00e9 provincia de la UCR, en una charla virtual ante cerca de trescientos dirigentes de la Sexta secci\u00f3n. \u201cEl radicalismo debe estar en manos de radicales\u201d, agreg\u00f3. En otro de los encuentros virtuales organizado por los legisladores de la UCR [&hellip;]<\/p>\n","protected":false},"author":1,"featured_media":50618,"comment_status":"closed","ping_status":"open","sticky":false,"template":"","format":"standard","meta":{"footnotes":""},"categories":[51,52],"tags":[],"class_list":["post-50617","post","type-post","status-publish","format-standard","has-post-thumbnail","hentry","category-comunidad","category-destacadas"],"yoast_head":"<!-- This site is optimized with the Yoast SEO plugin v19.7.1 - https:\/\/yoast.com\/wordpress\/plugins\/seo\/ -->\n<title>MAXIMILIANO ABAD: \u201cEL RADICALISMO SE PREPARA PARA LIDERAR JUNTOS POR EL CAMBIO\u201d - CELTTV<\/title>\n<meta name=\"description\" content=\"Sitio web de noticias de la localidad de Tornquist, provincia de Buenos Aires, Rep\u00fablica Argentina. Contenido propio originado por periodistas de CELTTV, el canal de TV local de la Cooperativa El\u00e9ctrica de Tornquist. Turismo, Pol\u00edtica, Sociedad, Deporte, Cultura y todo el contenido de inter\u00e9s general que la gente del pueblo y la regi\u00f3n debe conocer.\" \/>\n<meta name=\"robots\" content=\"index, follow, max-snippet:-1, max-image-preview:large, max-video-preview:-1\" \/>\n<link rel=\"canonical\" href=\"https:\/\/www.celttv.com.ar\/index.php\/2020\/07\/20\/maximiliano-abad-el-radicalismo-se-prepara-para-liderar-juntos-por-el-cambio\/\" \/>\n<meta property=\"og:locale\" content=\"es_ES\" \/>\n<meta property=\"og:type\" content=\"article\" \/>\n<meta property=\"og:title\" content=\"MAXIMILIANO ABAD: \u201cEL RADICALISMO SE PREPARA PARA LIDERAR JUNTOS POR EL CAMBIO\u201d - CELTTV\" \/>\n<meta property=\"og:description\" content=\"Sitio web de noticias de la localidad de Tornquist, provincia de Buenos Aires, Rep\u00fablica Argentina. Contenido propio originado por periodistas de CELTTV, el canal de TV local de la Cooperativa El\u00e9ctrica de Tornquist. Turismo, Pol\u00edtica, Sociedad, Deporte, Cultura y todo el contenido de inter\u00e9s general que la gente del pueblo y la regi\u00f3n debe conocer.\" \/>\n<meta property=\"og:url\" content=\"https:\/\/www.celttv.com.ar\/index.php\/2020\/07\/20\/maximiliano-abad-el-radicalismo-se-prepara-para-liderar-juntos-por-el-cambio\/\" \/>\n<meta property=\"og:site_name\" content=\"CELTTV\" \/>\n<meta property=\"article:publisher\" content=\"https:\/\/www.facebook.com\/celtTV\/\" \/>\n<meta property=\"article:published_time\" content=\"2020-07-20T00:00:53+00:00\" \/>\n<meta property=\"og:image\" content=\"https:\/\/www.celttv.com.ar\/wp-content\/uploads\/2020\/07\/maxi-en-la-sexta.jpeg\" \/>\n\t<meta property=\"og:image:width\" content=\"1280\" \/>\n\t<meta property=\"og:image:height\" content=\"1280\" \/>\n\t<meta property=\"og:image:type\" content=\"image\/jpeg\" \/>\n<meta name=\"author\" content=\"ulises\" \/>\n<meta name=\"twitter:card\" content=\"summary_large_image\" \/>\n<meta name=\"twitter:label1\" content=\"Escrito por\" \/>\n\t<meta name=\"twitter:data1\" content=\"ulises\" \/>\n\t<meta name=\"twitter:label2\" content=\"Tiempo de lectura\" \/>\n\t<meta name=\"twitter:data2\" content=\"5 minutos\" \/>\n<script type=\"application\/ld+json\" class=\"yoast-schema-graph\">{\"@context\":\"https:\/\/schema.org\",\"@graph\":[{\"@type\":\"NewsArticle\",\"@id\":\"https:\/\/www.celttv.com.ar\/index.php\/2020\/07\/20\/maximiliano-abad-el-radicalismo-se-prepara-para-liderar-juntos-por-el-cambio\/#article\",\"isPartOf\":{\"@id\":\"https:\/\/www.celttv.com.ar\/index.php\/2020\/07\/20\/maximiliano-abad-el-radicalismo-se-prepara-para-liderar-juntos-por-el-cambio\/\"},\"author\":{\"name\":\"ulises\",\"@id\":\"https:\/\/www.celttv.com.ar\/#\/schema\/person\/6d99c072dba59953809c81446e9d0ace\"},\"headline\":\"MAXIMILIANO ABAD: \u201cEL RADICALISMO SE PREPARA PARA LIDERAR JUNTOS POR EL CAMBIO\u201d\",\"datePublished\":\"2020-07-20T00:00:53+00:00\",\"dateModified\":\"2020-07-20T00:00:53+00:00\",\"mainEntityOfPage\":{\"@id\":\"https:\/\/www.celttv.com.ar\/index.php\/2020\/07\/20\/maximiliano-abad-el-radicalismo-se-prepara-para-liderar-juntos-por-el-cambio\/\"},\"wordCount\":939,\"publisher\":{\"@id\":\"https:\/\/www.celttv.com.ar\/#organization\"},\"articleSection\":[\"Comunidad\",\"Destacadas\"],\"inLanguage\":\"es\"},{\"@type\":\"WebPage\",\"@id\":\"https:\/\/www.celttv.com.ar\/index.php\/2020\/07\/20\/maximiliano-abad-el-radicalismo-se-prepara-para-liderar-juntos-por-el-cambio\/\",\"url\":\"https:\/\/www.celttv.com.ar\/index.php\/2020\/07\/20\/maximiliano-abad-el-radicalismo-se-prepara-para-liderar-juntos-por-el-cambio\/\",\"name\":\"MAXIMILIANO ABAD: \u201cEL RADICALISMO SE PREPARA PARA LIDERAR JUNTOS POR EL CAMBIO\u201d - CELTTV\",\"isPartOf\":{\"@id\":\"https:\/\/www.celttv.com.ar\/#website\"},\"datePublished\":\"2020-07-20T00:00:53+00:00\",\"dateModified\":\"2020-07-20T00:00:53+00:00\",\"description\":\"Sitio web de noticias de la localidad de Tornquist, provincia de Buenos Aires, Rep\u00fablica Argentina. Contenido propio originado por periodistas de CELTTV, el canal de TV local de la Cooperativa El\u00e9ctrica de Tornquist. Turismo, Pol\u00edtica, Sociedad, Deporte, Cultura y todo el contenido de inter\u00e9s general que la gente del pueblo y la regi\u00f3n debe conocer.\",\"breadcrumb\":{\"@id\":\"https:\/\/www.celttv.com.ar\/index.php\/2020\/07\/20\/maximiliano-abad-el-radicalismo-se-prepara-para-liderar-juntos-por-el-cambio\/#breadcrumb\"},\"inLanguage\":\"es\",\"potentialAction\":[{\"@type\":\"ReadAction\",\"target\":[\"https:\/\/www.celttv.com.ar\/index.php\/2020\/07\/20\/maximiliano-abad-el-radicalismo-se-prepara-para-liderar-juntos-por-el-cambio\/\"]}]},{\"@type\":\"BreadcrumbList\",\"@id\":\"https:\/\/www.celttv.com.ar\/index.php\/2020\/07\/20\/maximiliano-abad-el-radicalismo-se-prepara-para-liderar-juntos-por-el-cambio\/#breadcrumb\",\"itemListElement\":[{\"@type\":\"ListItem\",\"position\":1,\"name\":\"Inicio\",\"item\":\"https:\/\/www.celttv.com.ar\/\"},{\"@type\":\"ListItem\",\"position\":2,\"name\":\"MAXIMILIANO ABAD: \u201cEL RADICALISMO SE PREPARA PARA LIDERAR JUNTOS POR EL CAMBIO\u201d\"}]},{\"@type\":\"WebSite\",\"@id\":\"https:\/\/www.celttv.com.ar\/#website\",\"url\":\"https:\/\/www.celttv.com.ar\/\",\"name\":\"CELTTV\",\"description\":\"Cooperativa El\u00e9ctrica de Tornquist\",\"publisher\":{\"@id\":\"https:\/\/www.celttv.com.ar\/#organization\"},\"potentialAction\":[{\"@type\":\"SearchAction\",\"target\":{\"@type\":\"EntryPoint\",\"urlTemplate\":\"https:\/\/www.celttv.com.ar\/?s={search_term_string}\"},\"query-input\":\"required name=search_term_string\"}],\"inLanguage\":\"es\"},{\"@type\":\"Organization\",\"@id\":\"https:\/\/www.celttv.com.ar\/#organization\",\"name\":\"CELTTV\",\"url\":\"https:\/\/www.celttv.com.ar\/\",\"sameAs\":[\"https:\/\/www.youtube.com\/channel\/UCz_oIt8Hig64Ub-EmcNPIhg\",\"https:\/\/www.facebook.com\/celtTV\/\"],\"logo\":{\"@type\":\"ImageObject\",\"inLanguage\":\"es\",\"@id\":\"https:\/\/www.celttv.com.ar\/#\/schema\/logo\/image\/\",\"url\":\"http:\/\/www.celttv.com.ar\/wp-content\/uploads\/2022\/08\/logo-1.png\",\"contentUrl\":\"http:\/\/www.celttv.com.ar\/wp-content\/uploads\/2022\/08\/logo-1.png\",\"width\":461,\"height\":159,\"caption\":\"CELTTV\"},\"image\":{\"@id\":\"https:\/\/www.celttv.com.ar\/#\/schema\/logo\/image\/\"}},{\"@type\":\"Person\",\"@id\":\"https:\/\/www.celttv.com.ar\/#\/schema\/person\/6d99c072dba59953809c81446e9d0ace\",\"name\":\"ulises\",\"image\":{\"@type\":\"ImageObject\",\"inLanguage\":\"es\",\"@id\":\"https:\/\/www.celttv.com.ar\/#\/schema\/person\/image\/\",\"url\":\"https:\/\/secure.gravatar.com\/avatar\/7f2c48bdc33b30088f941fb6082e555f2874c98e20cb159d7b92b50eadfce793?s=96&d=mm&r=g\",\"contentUrl\":\"https:\/\/secure.gravatar.com\/avatar\/7f2c48bdc33b30088f941fb6082e555f2874c98e20cb159d7b92b50eadfce793?s=96&d=mm&r=g\",\"caption\":\"ulises\"},\"sameAs\":[\"http:\/\/www.celttv.com.ar\"]}]}<\/script>\n<!-- \/ Yoast SEO plugin. -->","yoast_head_json":{"title":"MAXIMILIANO ABAD: \u201cEL RADICALISMO SE PREPARA PARA LIDERAR JUNTOS POR EL CAMBIO\u201d - CELTTV","description":"Sitio web de noticias de la localidad de Tornquist, provincia de Buenos Aires, Rep\u00fablica Argentina. Contenido propio originado por periodistas de CELTTV, el canal de TV local de la Cooperativa El\u00e9ctrica de Tornquist. Turismo, Pol\u00edtica, Sociedad, Deporte, Cultura y todo el contenido de inter\u00e9s general que la gente del pueblo y la regi\u00f3n debe conocer.","robots":{"index":"index","follow":"follow","max-snippet":"max-snippet:-1","max-image-preview":"max-image-preview:large","max-video-preview":"max-video-preview:-1"},"canonical":"https:\/\/www.celttv.com.ar\/index.php\/2020\/07\/20\/maximiliano-abad-el-radicalismo-se-prepara-para-liderar-juntos-por-el-cambio\/","og_locale":"es_ES","og_type":"article","og_title":"MAXIMILIANO ABAD: \u201cEL RADICALISMO SE PREPARA PARA LIDERAR JUNTOS POR EL CAMBIO\u201d - CELTTV","og_description":"Sitio web de noticias de la localidad de Tornquist, provincia de Buenos Aires, Rep\u00fablica Argentina. Contenido propio originado por periodistas de CELTTV, el canal de TV local de la Cooperativa El\u00e9ctrica de Tornquist. Turismo, Pol\u00edtica, Sociedad, Deporte, Cultura y todo el contenido de inter\u00e9s general que la gente del pueblo y la regi\u00f3n debe conocer.","og_url":"https:\/\/www.celttv.com.ar\/index.php\/2020\/07\/20\/maximiliano-abad-el-radicalismo-se-prepara-para-liderar-juntos-por-el-cambio\/","og_site_name":"CELTTV","article_publisher":"https:\/\/www.facebook.com\/celtTV\/","article_published_time":"2020-07-20T00:00:53+00:00","og_image":[{"width":1280,"height":1280,"url":"https:\/\/www.celttv.com.ar\/wp-content\/uploads\/2020\/07\/maxi-en-la-sexta.jpeg","type":"image\/jpeg"}],"author":"ulises","twitter_card":"summary_large_image","twitter_misc":{"Escrito por":"ulises","Tiempo de lectura":"5 minutos"},"schema":{"@context":"https:\/\/schema.org","@graph":[{"@type":"NewsArticle","@id":"https:\/\/www.celttv.com.ar\/index.php\/2020\/07\/20\/maximiliano-abad-el-radicalismo-se-prepara-para-liderar-juntos-por-el-cambio\/#article","isPartOf":{"@id":"https:\/\/www.celttv.com.ar\/index.php\/2020\/07\/20\/maximiliano-abad-el-radicalismo-se-prepara-para-liderar-juntos-por-el-cambio\/"},"author":{"name":"ulises","@id":"https:\/\/www.celttv.com.ar\/#\/schema\/person\/6d99c072dba59953809c81446e9d0ace"},"headline":"MAXIMILIANO ABAD: \u201cEL RADICALISMO SE PREPARA PARA LIDERAR JUNTOS POR EL CAMBIO\u201d","datePublished":"2020-07-20T00:00:53+00:00","dateModified":"2020-07-20T00:00:53+00:00","mainEntityOfPage":{"@id":"https:\/\/www.celttv.com.ar\/index.php\/2020\/07\/20\/maximiliano-abad-el-radicalismo-se-prepara-para-liderar-juntos-por-el-cambio\/"},"wordCount":939,"publisher":{"@id":"https:\/\/www.celttv.com.ar\/#organization"},"articleSection":["Comunidad","Destacadas"],"inLanguage":"es"},{"@type":"WebPage","@id":"https:\/\/www.celttv.com.ar\/index.php\/2020\/07\/20\/maximiliano-abad-el-radicalismo-se-prepara-para-liderar-juntos-por-el-cambio\/","url":"https:\/\/www.celttv.com.ar\/index.php\/2020\/07\/20\/maximiliano-abad-el-radicalismo-se-prepara-para-liderar-juntos-por-el-cambio\/","name":"MAXIMILIANO ABAD: \u201cEL RADICALISMO SE PREPARA PARA LIDERAR JUNTOS POR EL CAMBIO\u201d - CELTTV","isPartOf":{"@id":"https:\/\/www.celttv.com.ar\/#website"},"datePublished":"2020-07-20T00:00:53+00:00","dateModified":"2020-07-20T00:00:53+00:00","description":"Sitio web de noticias de la localidad de Tornquist, provincia de Buenos Aires, Rep\u00fablica Argentina. Contenido propio originado por periodistas de CELTTV, el canal de TV local de la Cooperativa El\u00e9ctrica de Tornquist. Turismo, Pol\u00edtica, Sociedad, Deporte, Cultura y todo el contenido de inter\u00e9s general que la gente del pueblo y la regi\u00f3n debe conocer.","breadcrumb":{"@id":"https:\/\/www.celttv.com.ar\/index.php\/2020\/07\/20\/maximiliano-abad-el-radicalismo-se-prepara-para-liderar-juntos-por-el-cambio\/#breadcrumb"},"inLanguage":"es","potentialAction":[{"@type":"ReadAction","target":["https:\/\/www.celttv.com.ar\/index.php\/2020\/07\/20\/maximiliano-abad-el-radicalismo-se-prepara-para-liderar-juntos-por-el-cambio\/"]}]},{"@type":"BreadcrumbList","@id":"https:\/\/www.celttv.com.ar\/index.php\/2020\/07\/20\/maximiliano-abad-el-radicalismo-se-prepara-para-liderar-juntos-por-el-cambio\/#breadcrumb","itemListElement":[{"@type":"ListItem","position":1,"name":"Inicio","item":"https:\/\/www.celttv.com.ar\/"},{"@type":"ListItem","position":2,"name":"MAXIMILIANO ABAD: \u201cEL RADICALISMO SE PREPARA PARA LIDERAR JUNTOS POR EL CAMBIO\u201d"}]},{"@type":"WebSite","@id":"https:\/\/www.celttv.com.ar\/#website","url":"https:\/\/www.celttv.com.ar\/","name":"CELTTV","description":"Cooperativa El\u00e9ctrica de Tornquist","publisher":{"@id":"https:\/\/www.celttv.com.ar\/#organization"},"potentialAction":[{"@type":"SearchAction","target":{"@type":"EntryPoint","urlTemplate":"https:\/\/www.celttv.com.ar\/?s={search_term_string}"},"query-input":"required name=search_term_string"}],"inLanguage":"es"},{"@type":"Organization","@id":"https:\/\/www.celttv.com.ar\/#organization","name":"CELTTV","url":"https:\/\/www.celttv.com.ar\/","sameAs":["https:\/\/www.youtube.com\/channel\/UCz_oIt8Hig64Ub-EmcNPIhg","https:\/\/www.facebook.com\/celtTV\/"],"logo":{"@type":"ImageObject","inLanguage":"es","@id":"https:\/\/www.celttv.com.ar\/#\/schema\/logo\/image\/","url":"http:\/\/www.celttv.com.ar\/wp-content\/uploads\/2022\/08\/logo-1.png","contentUrl":"http:\/\/www.celttv.com.ar\/wp-content\/uploads\/2022\/08\/logo-1.png","width":461,"height":159,"caption":"CELTTV"},"image":{"@id":"https:\/\/www.celttv.com.ar\/#\/schema\/logo\/image\/"}},{"@type":"Person","@id":"https:\/\/www.celttv.com.ar\/#\/schema\/person\/6d99c072dba59953809c81446e9d0ace","name":"ulises","image":{"@type":"ImageObject","inLanguage":"es","@id":"https:\/\/www.celttv.com.ar\/#\/schema\/person\/image\/","url":"https:\/\/secure.gravatar.com\/avatar\/7f2c48bdc33b30088f941fb6082e555f2874c98e20cb159d7b92b50eadfce793?s=96&d=mm&r=g","contentUrl":"https:\/\/secure.gravatar.com\/avatar\/7f2c48bdc33b30088f941fb6082e555f2874c98e20cb159d7b92b50eadfce793?s=96&d=mm&r=g","caption":"ulises"},"sameAs":["http:\/\/www.celttv.com.ar"]}]}},"_links":{"self":[{"href":"https:\/\/www.celttv.com.ar\/index.php\/wp-json\/wp\/v2\/posts\/50617","targetHints":{"allow":["GET"]}}],"collection":[{"href":"https:\/\/www.celttv.com.ar\/index.php\/wp-json\/wp\/v2\/posts"}],"about":[{"href":"https:\/\/www.celttv.com.ar\/index.php\/wp-json\/wp\/v2\/types\/post"}],"author":[{"embeddable":true,"href":"https:\/\/www.celttv.com.ar\/index.php\/wp-json\/wp\/v2\/users\/1"}],"replies":[{"embeddable":true,"href":"https:\/\/www.celttv.com.ar\/index.php\/wp-json\/wp\/v2\/comments?post=50617"}],"version-history":[{"count":0,"href":"https:\/\/www.celttv.com.ar\/index.php\/wp-json\/wp\/v2\/posts\/50617\/revisions"}],"wp:featuredmedia":[{"embeddable":true,"href":"https:\/\/www.celttv.com.ar\/index.php\/wp-json\/wp\/v2\/media\/50618"}],"wp:attachment":[{"href":"https:\/\/www.celttv.com.ar\/index.php\/wp-json\/wp\/v2\/media?parent=50617"}],"wp:term":[{"taxonomy":"category","embeddable":true,"href":"https:\/\/www.celttv.com.ar\/index.php\/wp-json\/wp\/v2\/categories?post=50617"},{"taxonomy":"post_tag","embeddable":true,"href":"https:\/\/www.celttv.com.ar\/index.php\/wp-json\/wp\/v2\/tags?post=50617"}],"curies":[{"name":"wp","href":"https:\/\/api.w.org\/{rel}","templated":true}]}}