{"id":50627,"date":"2020-07-20T15:12:41","date_gmt":"2020-07-20T15:12:41","guid":{"rendered":"http:\/\/www.celttv.com.ar\/?p=50627"},"modified":"2020-07-20T15:12:41","modified_gmt":"2020-07-20T15:12:41","slug":"en-tiempo-record-personal-de-la-celt-repuso-un-poste-del-tendido-electrico-y-de-fibra-embestido-por-un-vehiculo","status":"publish","type":"post","link":"https:\/\/www.celttv.com.ar\/index.php\/2020\/07\/20\/en-tiempo-record-personal-de-la-celt-repuso-un-poste-del-tendido-electrico-y-de-fibra-embestido-por-un-vehiculo\/","title":{"rendered":"En  tiempo record personal de la CELT. repuso un poste del tendido el\u00e9ctrico y de fibra embestido por un veh\u00edculo"},"content":{"rendered":"<p>Personal de la CELT y CELTTV realizaron una reparaci\u00f3n en tiempo record<br \/>\nAyer domingo, pasado el mediodia un veh\u00edculo embisti\u00f3 un poste del tendido el\u00e9ctrico y da\u00f1o un sector de pared en el domicilio de Brown 530 de nuestra ciudad.<br \/>\nNi bien se recibi\u00f3 el aviso se hizo presente en el lugar una cuadrilla del personas de redes y del \u00e1rea de telecomunicaciones de la CELT., quienes procedieron, en tiempo record, a la reposici\u00f3n del servicio que afect\u00f3 a abonados de ese sector.<br \/>\nDentro de las tareas realizadas fue necesaria la reposici\u00f3n del poste de cemento que qued\u00f3 literalmente inutilizable y constituy\u00e9ndose en un riesgo para quienes hubieran transitado por el lugar.<\/p>\n<p><a href=\"http:\/\/www.celttv.com.ar\/?attachment_id=50629\" rel=\"attachment wp-att-50629\"><img loading=\"lazy\" decoding=\"async\" class=\"alignleft size-medium wp-image-50629\" src=\"http:\/\/www.celttv.com.ar\/wp-content\/uploads\/2020\/07\/4ecf87ee-5257-46c8-a752-c024b5b34863.jpg\" alt=\"\" width=\"585\" height=\"780\" srcset=\"https:\/\/www.celttv.com.ar\/wp-content\/uploads\/2020\/07\/4ecf87ee-5257-46c8-a752-c024b5b34863.jpg 780w, https:\/\/www.celttv.com.ar\/wp-content\/uploads\/2020\/07\/4ecf87ee-5257-46c8-a752-c024b5b34863-225x300.jpg 225w, https:\/\/www.celttv.com.ar\/wp-content\/uploads\/2020\/07\/4ecf87ee-5257-46c8-a752-c024b5b34863-768x1024.jpg 768w, https:\/\/www.celttv.com.ar\/wp-content\/uploads\/2020\/07\/4ecf87ee-5257-46c8-a752-c024b5b34863-750x1000.jpg 750w\" sizes=\"auto, (max-width: 585px) 100vw, 585px\" \/><\/a> <a href=\"http:\/\/www.celttv.com.ar\/?attachment_id=50630\" rel=\"attachment wp-att-50630\"><img loading=\"lazy\" decoding=\"async\" class=\"alignleft size-medium wp-image-50630\" src=\"http:\/\/www.celttv.com.ar\/wp-content\/uploads\/2020\/07\/6ba9bf38-8e32-4225-bd7b-667305051728.jpg\" alt=\"\" width=\"585\" height=\"780\" srcset=\"https:\/\/www.celttv.com.ar\/wp-content\/uploads\/2020\/07\/6ba9bf38-8e32-4225-bd7b-667305051728.jpg 780w, https:\/\/www.celttv.com.ar\/wp-content\/uploads\/2020\/07\/6ba9bf38-8e32-4225-bd7b-667305051728-225x300.jpg 225w, https:\/\/www.celttv.com.ar\/wp-content\/uploads\/2020\/07\/6ba9bf38-8e32-4225-bd7b-667305051728-768x1024.jpg 768w, https:\/\/www.celttv.com.ar\/wp-content\/uploads\/2020\/07\/6ba9bf38-8e32-4225-bd7b-667305051728-750x1000.jpg 750w\" sizes=\"auto, (max-width: 585px) 100vw, 585px\" \/><\/a> <a href=\"http:\/\/www.celttv.com.ar\/?attachment_id=50631\" rel=\"attachment wp-att-50631\"><img loading=\"lazy\" decoding=\"async\" class=\"alignleft size-medium wp-image-50631\" src=\"http:\/\/www.celttv.com.ar\/wp-content\/uploads\/2020\/07\/6c8096f9-b921-4f74-ad44-978b5e26fa00.jpg\" alt=\"\" width=\"585\" height=\"780\" srcset=\"https:\/\/www.celttv.com.ar\/wp-content\/uploads\/2020\/07\/6c8096f9-b921-4f74-ad44-978b5e26fa00.jpg 780w, https:\/\/www.celttv.com.ar\/wp-content\/uploads\/2020\/07\/6c8096f9-b921-4f74-ad44-978b5e26fa00-225x300.jpg 225w, https:\/\/www.celttv.com.ar\/wp-content\/uploads\/2020\/07\/6c8096f9-b921-4f74-ad44-978b5e26fa00-768x1024.jpg 768w, https:\/\/www.celttv.com.ar\/wp-content\/uploads\/2020\/07\/6c8096f9-b921-4f74-ad44-978b5e26fa00-750x1000.jpg 750w\" sizes=\"auto, (max-width: 585px) 100vw, 585px\" \/><\/a> <a href=\"http:\/\/www.celttv.com.ar\/?attachment_id=50632\" rel=\"attachment wp-att-50632\"><img loading=\"lazy\" decoding=\"async\" class=\"alignleft size-medium wp-image-50632\" src=\"http:\/\/www.celttv.com.ar\/wp-content\/uploads\/2020\/07\/8a428240-8166-4f54-8f8c-b007f6e22654.jpg\" alt=\"\" width=\"585\" height=\"780\" srcset=\"https:\/\/www.celttv.com.ar\/wp-content\/uploads\/2020\/07\/8a428240-8166-4f54-8f8c-b007f6e22654.jpg 780w, https:\/\/www.celttv.com.ar\/wp-content\/uploads\/2020\/07\/8a428240-8166-4f54-8f8c-b007f6e22654-225x300.jpg 225w, https:\/\/www.celttv.com.ar\/wp-content\/uploads\/2020\/07\/8a428240-8166-4f54-8f8c-b007f6e22654-768x1024.jpg 768w, https:\/\/www.celttv.com.ar\/wp-content\/uploads\/2020\/07\/8a428240-8166-4f54-8f8c-b007f6e22654-750x1000.jpg 750w\" sizes=\"auto, (max-width: 585px) 100vw, 585px\" \/><\/a> <a href=\"http:\/\/www.celttv.com.ar\/?attachment_id=50633\" rel=\"attachment wp-att-50633\"><img loading=\"lazy\" decoding=\"async\" class=\"alignleft size-medium wp-image-50633\" src=\"http:\/\/www.celttv.com.ar\/wp-content\/uploads\/2020\/07\/9b3de960-6915-4b8c-b446-e2915b4301f7.jpg\" alt=\"\" width=\"585\" height=\"780\" srcset=\"https:\/\/www.celttv.com.ar\/wp-content\/uploads\/2020\/07\/9b3de960-6915-4b8c-b446-e2915b4301f7.jpg 780w, https:\/\/www.celttv.com.ar\/wp-content\/uploads\/2020\/07\/9b3de960-6915-4b8c-b446-e2915b4301f7-225x300.jpg 225w, https:\/\/www.celttv.com.ar\/wp-content\/uploads\/2020\/07\/9b3de960-6915-4b8c-b446-e2915b4301f7-768x1024.jpg 768w, https:\/\/www.celttv.com.ar\/wp-content\/uploads\/2020\/07\/9b3de960-6915-4b8c-b446-e2915b4301f7-750x1000.jpg 750w\" sizes=\"auto, (max-width: 585px) 100vw, 585px\" \/><\/a> <a href=\"http:\/\/www.celttv.com.ar\/?attachment_id=50634\" rel=\"attachment wp-att-50634\"><img loading=\"lazy\" decoding=\"async\" class=\"alignleft size-medium wp-image-50634\" src=\"http:\/\/www.celttv.com.ar\/wp-content\/uploads\/2020\/07\/31cd76d9-f892-41dd-aa70-e0f63422949b.jpg\" alt=\"\" width=\"585\" height=\"780\" srcset=\"https:\/\/www.celttv.com.ar\/wp-content\/uploads\/2020\/07\/31cd76d9-f892-41dd-aa70-e0f63422949b.jpg 780w, https:\/\/www.celttv.com.ar\/wp-content\/uploads\/2020\/07\/31cd76d9-f892-41dd-aa70-e0f63422949b-225x300.jpg 225w, https:\/\/www.celttv.com.ar\/wp-content\/uploads\/2020\/07\/31cd76d9-f892-41dd-aa70-e0f63422949b-768x1024.jpg 768w, https:\/\/www.celttv.com.ar\/wp-content\/uploads\/2020\/07\/31cd76d9-f892-41dd-aa70-e0f63422949b-750x1000.jpg 750w\" sizes=\"auto, (max-width: 585px) 100vw, 585px\" \/><\/a> <a href=\"http:\/\/www.celttv.com.ar\/?attachment_id=50635\" rel=\"attachment wp-att-50635\"><img loading=\"lazy\" decoding=\"async\" class=\"alignleft size-medium wp-image-50635\" src=\"http:\/\/www.celttv.com.ar\/wp-content\/uploads\/2020\/07\/803e9b77-f06c-4c3d-9656-035a9798b40c.jpg\" alt=\"\" width=\"585\" height=\"780\" srcset=\"https:\/\/www.celttv.com.ar\/wp-content\/uploads\/2020\/07\/803e9b77-f06c-4c3d-9656-035a9798b40c.jpg 780w, https:\/\/www.celttv.com.ar\/wp-content\/uploads\/2020\/07\/803e9b77-f06c-4c3d-9656-035a9798b40c-225x300.jpg 225w, https:\/\/www.celttv.com.ar\/wp-content\/uploads\/2020\/07\/803e9b77-f06c-4c3d-9656-035a9798b40c-768x1024.jpg 768w, https:\/\/www.celttv.com.ar\/wp-content\/uploads\/2020\/07\/803e9b77-f06c-4c3d-9656-035a9798b40c-750x1000.jpg 750w\" sizes=\"auto, (max-width: 585px) 100vw, 585px\" \/><\/a> <a href=\"http:\/\/www.celttv.com.ar\/?attachment_id=50636\" rel=\"attachment wp-att-50636\"><img loading=\"lazy\" decoding=\"async\" class=\"alignleft size-medium wp-image-50636\" src=\"http:\/\/www.celttv.com.ar\/wp-content\/uploads\/2020\/07\/973ced5f-645a-4186-9945-087861cb8421.jpg\" alt=\"\" width=\"585\" height=\"780\" srcset=\"https:\/\/www.celttv.com.ar\/wp-content\/uploads\/2020\/07\/973ced5f-645a-4186-9945-087861cb8421.jpg 780w, https:\/\/www.celttv.com.ar\/wp-content\/uploads\/2020\/07\/973ced5f-645a-4186-9945-087861cb8421-225x300.jpg 225w, https:\/\/www.celttv.com.ar\/wp-content\/uploads\/2020\/07\/973ced5f-645a-4186-9945-087861cb8421-768x1024.jpg 768w, https:\/\/www.celttv.com.ar\/wp-content\/uploads\/2020\/07\/973ced5f-645a-4186-9945-087861cb8421-750x1000.jpg 750w\" sizes=\"auto, (max-width: 585px) 100vw, 585px\" \/><\/a> <a href=\"http:\/\/www.celttv.com.ar\/?attachment_id=50637\" rel=\"attachment wp-att-50637\"><img loading=\"lazy\" decoding=\"async\" class=\"alignleft size-medium wp-image-50637\" src=\"http:\/\/www.celttv.com.ar\/wp-content\/uploads\/2020\/07\/8732e225-d014-44d8-8428-8a1da0268e5a.jpg\" alt=\"\" width=\"585\" height=\"780\" srcset=\"https:\/\/www.celttv.com.ar\/wp-content\/uploads\/2020\/07\/8732e225-d014-44d8-8428-8a1da0268e5a.jpg 780w, https:\/\/www.celttv.com.ar\/wp-content\/uploads\/2020\/07\/8732e225-d014-44d8-8428-8a1da0268e5a-225x300.jpg 225w, https:\/\/www.celttv.com.ar\/wp-content\/uploads\/2020\/07\/8732e225-d014-44d8-8428-8a1da0268e5a-768x1024.jpg 768w, https:\/\/www.celttv.com.ar\/wp-content\/uploads\/2020\/07\/8732e225-d014-44d8-8428-8a1da0268e5a-750x1000.jpg 750w\" sizes=\"auto, (max-width: 585px) 100vw, 585px\" \/><\/a> <a href=\"http:\/\/www.celttv.com.ar\/?attachment_id=50638\" rel=\"attachment wp-att-50638\"><img loading=\"lazy\" decoding=\"async\" class=\"alignleft size-medium wp-image-50638\" src=\"http:\/\/www.celttv.com.ar\/wp-content\/uploads\/2020\/07\/a5ecf6fe-7adc-4577-9060-0d10d09c4831.jpg\" alt=\"\" width=\"585\" height=\"780\" srcset=\"https:\/\/www.celttv.com.ar\/wp-content\/uploads\/2020\/07\/a5ecf6fe-7adc-4577-9060-0d10d09c4831.jpg 780w, https:\/\/www.celttv.com.ar\/wp-content\/uploads\/2020\/07\/a5ecf6fe-7adc-4577-9060-0d10d09c4831-225x300.jpg 225w, https:\/\/www.celttv.com.ar\/wp-content\/uploads\/2020\/07\/a5ecf6fe-7adc-4577-9060-0d10d09c4831-768x1024.jpg 768w, https:\/\/www.celttv.com.ar\/wp-content\/uploads\/2020\/07\/a5ecf6fe-7adc-4577-9060-0d10d09c4831-750x1000.jpg 750w\" sizes=\"auto, (max-width: 585px) 100vw, 585px\" \/><\/a> <a href=\"http:\/\/www.celttv.com.ar\/?attachment_id=50639\" rel=\"attachment wp-att-50639\"><img loading=\"lazy\" decoding=\"async\" class=\"alignleft size-medium wp-image-50639\" src=\"http:\/\/www.celttv.com.ar\/wp-content\/uploads\/2020\/07\/bae00323-e55d-4f35-8ad3-4d2e159d7afc-1.jpg\" alt=\"\" width=\"585\" height=\"780\" srcset=\"https:\/\/www.celttv.com.ar\/wp-content\/uploads\/2020\/07\/bae00323-e55d-4f35-8ad3-4d2e159d7afc-1.jpg 780w, https:\/\/www.celttv.com.ar\/wp-content\/uploads\/2020\/07\/bae00323-e55d-4f35-8ad3-4d2e159d7afc-1-225x300.jpg 225w, https:\/\/www.celttv.com.ar\/wp-content\/uploads\/2020\/07\/bae00323-e55d-4f35-8ad3-4d2e159d7afc-1-768x1024.jpg 768w, https:\/\/www.celttv.com.ar\/wp-content\/uploads\/2020\/07\/bae00323-e55d-4f35-8ad3-4d2e159d7afc-1-750x1000.jpg 750w\" sizes=\"auto, (max-width: 585px) 100vw, 585px\" \/><\/a> <a href=\"http:\/\/www.celttv.com.ar\/?attachment_id=50640\" rel=\"attachment wp-att-50640\"><img loading=\"lazy\" decoding=\"async\" class=\"alignleft size-medium wp-image-50640\" src=\"http:\/\/www.celttv.com.ar\/wp-content\/uploads\/2020\/07\/bae00323-e55d-4f35-8ad3-4d2e159d7afc.jpg\" alt=\"\" width=\"585\" height=\"780\" srcset=\"https:\/\/www.celttv.com.ar\/wp-content\/uploads\/2020\/07\/bae00323-e55d-4f35-8ad3-4d2e159d7afc.jpg 780w, https:\/\/www.celttv.com.ar\/wp-content\/uploads\/2020\/07\/bae00323-e55d-4f35-8ad3-4d2e159d7afc-225x300.jpg 225w, https:\/\/www.celttv.com.ar\/wp-content\/uploads\/2020\/07\/bae00323-e55d-4f35-8ad3-4d2e159d7afc-768x1024.jpg 768w, https:\/\/www.celttv.com.ar\/wp-content\/uploads\/2020\/07\/bae00323-e55d-4f35-8ad3-4d2e159d7afc-750x1000.jpg 750w\" sizes=\"auto, (max-width: 585px) 100vw, 585px\" \/><\/a> <a href=\"http:\/\/www.celttv.com.ar\/?attachment_id=50641\" rel=\"attachment wp-att-50641\"><img loading=\"lazy\" decoding=\"async\" class=\"alignleft size-medium wp-image-50641\" src=\"http:\/\/www.celttv.com.ar\/wp-content\/uploads\/2020\/07\/c558b38e-f2c2-43ce-b487-8be337072a9d.jpg\" alt=\"\" width=\"585\" height=\"780\" srcset=\"https:\/\/www.celttv.com.ar\/wp-content\/uploads\/2020\/07\/c558b38e-f2c2-43ce-b487-8be337072a9d.jpg 780w, https:\/\/www.celttv.com.ar\/wp-content\/uploads\/2020\/07\/c558b38e-f2c2-43ce-b487-8be337072a9d-225x300.jpg 225w, https:\/\/www.celttv.com.ar\/wp-content\/uploads\/2020\/07\/c558b38e-f2c2-43ce-b487-8be337072a9d-768x1024.jpg 768w, https:\/\/www.celttv.com.ar\/wp-content\/uploads\/2020\/07\/c558b38e-f2c2-43ce-b487-8be337072a9d-750x1000.jpg 750w\" sizes=\"auto, (max-width: 585px) 100vw, 585px\" \/><\/a> <a href=\"http:\/\/www.celttv.com.ar\/?attachment_id=50642\" rel=\"attachment wp-att-50642\"><img loading=\"lazy\" decoding=\"async\" class=\"alignleft size-medium wp-image-50642\" src=\"http:\/\/www.celttv.com.ar\/wp-content\/uploads\/2020\/07\/c70790dc-0341-4d6c-a128-a496d15136ab.jpg\" alt=\"\" width=\"585\" height=\"780\" srcset=\"https:\/\/www.celttv.com.ar\/wp-content\/uploads\/2020\/07\/c70790dc-0341-4d6c-a128-a496d15136ab.jpg 780w, https:\/\/www.celttv.com.ar\/wp-content\/uploads\/2020\/07\/c70790dc-0341-4d6c-a128-a496d15136ab-225x300.jpg 225w, https:\/\/www.celttv.com.ar\/wp-content\/uploads\/2020\/07\/c70790dc-0341-4d6c-a128-a496d15136ab-768x1024.jpg 768w, https:\/\/www.celttv.com.ar\/wp-content\/uploads\/2020\/07\/c70790dc-0341-4d6c-a128-a496d15136ab-750x1000.jpg 750w\" sizes=\"auto, (max-width: 585px) 100vw, 585px\" \/><\/a> <a href=\"http:\/\/www.celttv.com.ar\/?attachment_id=50643\" rel=\"attachment wp-att-50643\"><img loading=\"lazy\" decoding=\"async\" class=\"alignleft size-medium wp-image-50643\" src=\"http:\/\/www.celttv.com.ar\/wp-content\/uploads\/2020\/07\/c4814541-d58f-4feb-b8b1-09812912ceb6.jpg\" alt=\"\" width=\"585\" height=\"780\" srcset=\"https:\/\/www.celttv.com.ar\/wp-content\/uploads\/2020\/07\/c4814541-d58f-4feb-b8b1-09812912ceb6.jpg 780w, https:\/\/www.celttv.com.ar\/wp-content\/uploads\/2020\/07\/c4814541-d58f-4feb-b8b1-09812912ceb6-225x300.jpg 225w, https:\/\/www.celttv.com.ar\/wp-content\/uploads\/2020\/07\/c4814541-d58f-4feb-b8b1-09812912ceb6-768x1024.jpg 768w, https:\/\/www.celttv.com.ar\/wp-content\/uploads\/2020\/07\/c4814541-d58f-4feb-b8b1-09812912ceb6-750x1000.jpg 750w\" sizes=\"auto, (max-width: 585px) 100vw, 585px\" \/><\/a> <a href=\"http:\/\/www.celttv.com.ar\/?attachment_id=50644\" rel=\"attachment wp-att-50644\"><img loading=\"lazy\" decoding=\"async\" class=\"alignleft size-medium wp-image-50644\" src=\"http:\/\/www.celttv.com.ar\/wp-content\/uploads\/2020\/07\/d6d6b2cf-6699-43a0-b239-f8502fd63a70.jpg\" alt=\"\" width=\"585\" height=\"780\" srcset=\"https:\/\/www.celttv.com.ar\/wp-content\/uploads\/2020\/07\/d6d6b2cf-6699-43a0-b239-f8502fd63a70.jpg 780w, https:\/\/www.celttv.com.ar\/wp-content\/uploads\/2020\/07\/d6d6b2cf-6699-43a0-b239-f8502fd63a70-225x300.jpg 225w, https:\/\/www.celttv.com.ar\/wp-content\/uploads\/2020\/07\/d6d6b2cf-6699-43a0-b239-f8502fd63a70-768x1024.jpg 768w, https:\/\/www.celttv.com.ar\/wp-content\/uploads\/2020\/07\/d6d6b2cf-6699-43a0-b239-f8502fd63a70-750x1000.jpg 750w\" sizes=\"auto, (max-width: 585px) 100vw, 585px\" \/><\/a> <a href=\"http:\/\/www.celttv.com.ar\/?attachment_id=50645\" rel=\"attachment wp-att-50645\"><img loading=\"lazy\" decoding=\"async\" class=\"alignleft size-medium wp-image-50645\" src=\"http:\/\/www.celttv.com.ar\/wp-content\/uploads\/2020\/07\/e8e41604-17f3-48b4-acbf-bc215b96b579.jpg\" alt=\"\" width=\"585\" height=\"780\" srcset=\"https:\/\/www.celttv.com.ar\/wp-content\/uploads\/2020\/07\/e8e41604-17f3-48b4-acbf-bc215b96b579.jpg 780w, https:\/\/www.celttv.com.ar\/wp-content\/uploads\/2020\/07\/e8e41604-17f3-48b4-acbf-bc215b96b579-225x300.jpg 225w, https:\/\/www.celttv.com.ar\/wp-content\/uploads\/2020\/07\/e8e41604-17f3-48b4-acbf-bc215b96b579-768x1024.jpg 768w, https:\/\/www.celttv.com.ar\/wp-content\/uploads\/2020\/07\/e8e41604-17f3-48b4-acbf-bc215b96b579-750x1000.jpg 750w\" sizes=\"auto, (max-width: 585px) 100vw, 585px\" \/><\/a> <a href=\"http:\/\/www.celttv.com.ar\/?attachment_id=50646\" rel=\"attachment wp-att-50646\"><img loading=\"lazy\" decoding=\"async\" class=\"alignleft size-medium wp-image-50646\" src=\"http:\/\/www.celttv.com.ar\/wp-content\/uploads\/2020\/07\/e90022da-e4db-4742-8b97-134ec61432a6.jpg\" alt=\"\" width=\"585\" height=\"780\" srcset=\"https:\/\/www.celttv.com.ar\/wp-content\/uploads\/2020\/07\/e90022da-e4db-4742-8b97-134ec61432a6.jpg 780w, https:\/\/www.celttv.com.ar\/wp-content\/uploads\/2020\/07\/e90022da-e4db-4742-8b97-134ec61432a6-225x300.jpg 225w, https:\/\/www.celttv.com.ar\/wp-content\/uploads\/2020\/07\/e90022da-e4db-4742-8b97-134ec61432a6-768x1024.jpg 768w, https:\/\/www.celttv.com.ar\/wp-content\/uploads\/2020\/07\/e90022da-e4db-4742-8b97-134ec61432a6-750x1000.jpg 750w\" sizes=\"auto, (max-width: 585px) 100vw, 585px\" \/><\/a> <a href=\"http:\/\/www.celttv.com.ar\/?attachment_id=50647\" rel=\"attachment wp-att-50647\"><img loading=\"lazy\" decoding=\"async\" class=\"alignleft size-full wp-image-50647\" src=\"http:\/\/www.celttv.com.ar\/wp-content\/uploads\/2020\/07\/f96014b0-3dbe-474c-bd77-0a873037e7a5.jpg\" alt=\"\" width=\"780\" height=\"1040\" srcset=\"https:\/\/www.celttv.com.ar\/wp-content\/uploads\/2020\/07\/f96014b0-3dbe-474c-bd77-0a873037e7a5.jpg 780w, https:\/\/www.celttv.com.ar\/wp-content\/uploads\/2020\/07\/f96014b0-3dbe-474c-bd77-0a873037e7a5-225x300.jpg 225w, https:\/\/www.celttv.com.ar\/wp-content\/uploads\/2020\/07\/f96014b0-3dbe-474c-bd77-0a873037e7a5-768x1024.jpg 768w, https:\/\/www.celttv.com.ar\/wp-content\/uploads\/2020\/07\/f96014b0-3dbe-474c-bd77-0a873037e7a5-750x1000.jpg 750w\" sizes=\"auto, (max-width: 780px) 100vw, 780px\" \/><\/a><\/p>\n","protected":false},"excerpt":{"rendered":"<p>Personal de la CELT y CELTTV realizaron una reparaci\u00f3n en tiempo record Ayer domingo, pasado el mediodia un veh\u00edculo embisti\u00f3 un poste del tendido el\u00e9ctrico y da\u00f1o un sector de pared en el domicilio de Brown 530 de nuestra ciudad. Ni bien se recibi\u00f3 el aviso se hizo presente en el lugar una cuadrilla del [&hellip;]<\/p>\n","protected":false},"author":1,"featured_media":50630,"comment_status":"closed","ping_status":"open","sticky":false,"template":"","format":"standard","meta":{"footnotes":""},"categories":[51,52],"tags":[],"class_list":["post-50627","post","type-post","status-publish","format-standard","has-post-thumbnail","hentry","category-comunidad","category-destacadas"],"yoast_head":"<!-- This site is optimized with the Yoast SEO plugin v19.7.1 - https:\/\/yoast.com\/wordpress\/plugins\/seo\/ -->\n<title>En tiempo record personal de la CELT. repuso un poste del tendido el\u00e9ctrico y de fibra embestido por un veh\u00edculo - CELTTV<\/title>\n<meta name=\"description\" content=\"Sitio web de noticias de la localidad de Tornquist, provincia de Buenos Aires, Rep\u00fablica Argentina. Contenido propio originado por periodistas de CELTTV, el canal de TV local de la Cooperativa El\u00e9ctrica de Tornquist. Turismo, Pol\u00edtica, Sociedad, Deporte, Cultura y todo el contenido de inter\u00e9s general que la gente del pueblo y la regi\u00f3n debe conocer.\" \/>\n<meta name=\"robots\" content=\"index, follow, max-snippet:-1, max-image-preview:large, max-video-preview:-1\" \/>\n<link rel=\"canonical\" href=\"https:\/\/www.celttv.com.ar\/index.php\/2020\/07\/20\/en-tiempo-record-personal-de-la-celt-repuso-un-poste-del-tendido-electrico-y-de-fibra-embestido-por-un-vehiculo\/\" \/>\n<meta property=\"og:locale\" content=\"es_ES\" \/>\n<meta property=\"og:type\" content=\"article\" \/>\n<meta property=\"og:title\" content=\"En tiempo record personal de la CELT. repuso un poste del tendido el\u00e9ctrico y de fibra embestido por un veh\u00edculo - CELTTV\" \/>\n<meta property=\"og:description\" content=\"Sitio web de noticias de la localidad de Tornquist, provincia de Buenos Aires, Rep\u00fablica Argentina. Contenido propio originado por periodistas de CELTTV, el canal de TV local de la Cooperativa El\u00e9ctrica de Tornquist. Turismo, Pol\u00edtica, Sociedad, Deporte, Cultura y todo el contenido de inter\u00e9s general que la gente del pueblo y la regi\u00f3n debe conocer.\" \/>\n<meta property=\"og:url\" content=\"https:\/\/www.celttv.com.ar\/index.php\/2020\/07\/20\/en-tiempo-record-personal-de-la-celt-repuso-un-poste-del-tendido-electrico-y-de-fibra-embestido-por-un-vehiculo\/\" \/>\n<meta property=\"og:site_name\" content=\"CELTTV\" \/>\n<meta property=\"article:publisher\" content=\"https:\/\/www.facebook.com\/celtTV\/\" \/>\n<meta property=\"article:published_time\" content=\"2020-07-20T15:12:41+00:00\" \/>\n<meta property=\"og:image\" content=\"https:\/\/www.celttv.com.ar\/wp-content\/uploads\/2020\/07\/6ba9bf38-8e32-4225-bd7b-667305051728.jpg\" \/>\n\t<meta property=\"og:image:width\" content=\"780\" \/>\n\t<meta property=\"og:image:height\" content=\"1040\" \/>\n\t<meta property=\"og:image:type\" content=\"image\/jpeg\" \/>\n<meta name=\"author\" content=\"ulises\" \/>\n<meta name=\"twitter:card\" content=\"summary_large_image\" \/>\n<meta name=\"twitter:label1\" content=\"Escrito por\" \/>\n\t<meta name=\"twitter:data1\" content=\"ulises\" \/>\n\t<meta name=\"twitter:label2\" content=\"Tiempo de lectura\" \/>\n\t<meta name=\"twitter:data2\" content=\"1 minuto\" \/>\n<script type=\"application\/ld+json\" class=\"yoast-schema-graph\">{\"@context\":\"https:\/\/schema.org\",\"@graph\":[{\"@type\":\"NewsArticle\",\"@id\":\"https:\/\/www.celttv.com.ar\/index.php\/2020\/07\/20\/en-tiempo-record-personal-de-la-celt-repuso-un-poste-del-tendido-electrico-y-de-fibra-embestido-por-un-vehiculo\/#article\",\"isPartOf\":{\"@id\":\"https:\/\/www.celttv.com.ar\/index.php\/2020\/07\/20\/en-tiempo-record-personal-de-la-celt-repuso-un-poste-del-tendido-electrico-y-de-fibra-embestido-por-un-vehiculo\/\"},\"author\":{\"name\":\"ulises\",\"@id\":\"https:\/\/www.celttv.com.ar\/#\/schema\/person\/6d99c072dba59953809c81446e9d0ace\"},\"headline\":\"En tiempo record personal de la CELT. repuso un poste del tendido el\u00e9ctrico y de fibra embestido por un veh\u00edculo\",\"datePublished\":\"2020-07-20T15:12:41+00:00\",\"dateModified\":\"2020-07-20T15:12:41+00:00\",\"mainEntityOfPage\":{\"@id\":\"https:\/\/www.celttv.com.ar\/index.php\/2020\/07\/20\/en-tiempo-record-personal-de-la-celt-repuso-un-poste-del-tendido-electrico-y-de-fibra-embestido-por-un-vehiculo\/\"},\"wordCount\":140,\"publisher\":{\"@id\":\"https:\/\/www.celttv.com.ar\/#organization\"},\"articleSection\":[\"Comunidad\",\"Destacadas\"],\"inLanguage\":\"es\"},{\"@type\":\"WebPage\",\"@id\":\"https:\/\/www.celttv.com.ar\/index.php\/2020\/07\/20\/en-tiempo-record-personal-de-la-celt-repuso-un-poste-del-tendido-electrico-y-de-fibra-embestido-por-un-vehiculo\/\",\"url\":\"https:\/\/www.celttv.com.ar\/index.php\/2020\/07\/20\/en-tiempo-record-personal-de-la-celt-repuso-un-poste-del-tendido-electrico-y-de-fibra-embestido-por-un-vehiculo\/\",\"name\":\"En tiempo record personal de la CELT. repuso un poste del tendido el\u00e9ctrico y de fibra embestido por un veh\u00edculo - CELTTV\",\"isPartOf\":{\"@id\":\"https:\/\/www.celttv.com.ar\/#website\"},\"datePublished\":\"2020-07-20T15:12:41+00:00\",\"dateModified\":\"2020-07-20T15:12:41+00:00\",\"description\":\"Sitio web de noticias de la localidad de Tornquist, provincia de Buenos Aires, Rep\u00fablica Argentina. Contenido propio originado por periodistas de CELTTV, el canal de TV local de la Cooperativa El\u00e9ctrica de Tornquist. Turismo, Pol\u00edtica, Sociedad, Deporte, Cultura y todo el contenido de inter\u00e9s general que la gente del pueblo y la regi\u00f3n debe conocer.\",\"breadcrumb\":{\"@id\":\"https:\/\/www.celttv.com.ar\/index.php\/2020\/07\/20\/en-tiempo-record-personal-de-la-celt-repuso-un-poste-del-tendido-electrico-y-de-fibra-embestido-por-un-vehiculo\/#breadcrumb\"},\"inLanguage\":\"es\",\"potentialAction\":[{\"@type\":\"ReadAction\",\"target\":[\"https:\/\/www.celttv.com.ar\/index.php\/2020\/07\/20\/en-tiempo-record-personal-de-la-celt-repuso-un-poste-del-tendido-electrico-y-de-fibra-embestido-por-un-vehiculo\/\"]}]},{\"@type\":\"BreadcrumbList\",\"@id\":\"https:\/\/www.celttv.com.ar\/index.php\/2020\/07\/20\/en-tiempo-record-personal-de-la-celt-repuso-un-poste-del-tendido-electrico-y-de-fibra-embestido-por-un-vehiculo\/#breadcrumb\",\"itemListElement\":[{\"@type\":\"ListItem\",\"position\":1,\"name\":\"Inicio\",\"item\":\"https:\/\/www.celttv.com.ar\/\"},{\"@type\":\"ListItem\",\"position\":2,\"name\":\"En tiempo record personal de la CELT. repuso un poste del tendido el\u00e9ctrico y de fibra embestido por un veh\u00edculo\"}]},{\"@type\":\"WebSite\",\"@id\":\"https:\/\/www.celttv.com.ar\/#website\",\"url\":\"https:\/\/www.celttv.com.ar\/\",\"name\":\"CELTTV\",\"description\":\"Cooperativa El\u00e9ctrica de Tornquist\",\"publisher\":{\"@id\":\"https:\/\/www.celttv.com.ar\/#organization\"},\"potentialAction\":[{\"@type\":\"SearchAction\",\"target\":{\"@type\":\"EntryPoint\",\"urlTemplate\":\"https:\/\/www.celttv.com.ar\/?s={search_term_string}\"},\"query-input\":\"required name=search_term_string\"}],\"inLanguage\":\"es\"},{\"@type\":\"Organization\",\"@id\":\"https:\/\/www.celttv.com.ar\/#organization\",\"name\":\"CELTTV\",\"url\":\"https:\/\/www.celttv.com.ar\/\",\"sameAs\":[\"https:\/\/www.youtube.com\/channel\/UCz_oIt8Hig64Ub-EmcNPIhg\",\"https:\/\/www.facebook.com\/celtTV\/\"],\"logo\":{\"@type\":\"ImageObject\",\"inLanguage\":\"es\",\"@id\":\"https:\/\/www.celttv.com.ar\/#\/schema\/logo\/image\/\",\"url\":\"http:\/\/www.celttv.com.ar\/wp-content\/uploads\/2022\/08\/logo-1.png\",\"contentUrl\":\"http:\/\/www.celttv.com.ar\/wp-content\/uploads\/2022\/08\/logo-1.png\",\"width\":461,\"height\":159,\"caption\":\"CELTTV\"},\"image\":{\"@id\":\"https:\/\/www.celttv.com.ar\/#\/schema\/logo\/image\/\"}},{\"@type\":\"Person\",\"@id\":\"https:\/\/www.celttv.com.ar\/#\/schema\/person\/6d99c072dba59953809c81446e9d0ace\",\"name\":\"ulises\",\"image\":{\"@type\":\"ImageObject\",\"inLanguage\":\"es\",\"@id\":\"https:\/\/www.celttv.com.ar\/#\/schema\/person\/image\/\",\"url\":\"https:\/\/secure.gravatar.com\/avatar\/7f2c48bdc33b30088f941fb6082e555f2874c98e20cb159d7b92b50eadfce793?s=96&d=mm&r=g\",\"contentUrl\":\"https:\/\/secure.gravatar.com\/avatar\/7f2c48bdc33b30088f941fb6082e555f2874c98e20cb159d7b92b50eadfce793?s=96&d=mm&r=g\",\"caption\":\"ulises\"},\"sameAs\":[\"http:\/\/www.celttv.com.ar\"]}]}<\/script>\n<!-- \/ Yoast SEO plugin. -->","yoast_head_json":{"title":"En tiempo record personal de la CELT. repuso un poste del tendido el\u00e9ctrico y de fibra embestido por un veh\u00edculo - CELTTV","description":"Sitio web de noticias de la localidad de Tornquist, provincia de Buenos Aires, Rep\u00fablica Argentina. Contenido propio originado por periodistas de CELTTV, el canal de TV local de la Cooperativa El\u00e9ctrica de Tornquist. Turismo, Pol\u00edtica, Sociedad, Deporte, Cultura y todo el contenido de inter\u00e9s general que la gente del pueblo y la regi\u00f3n debe conocer.","robots":{"index":"index","follow":"follow","max-snippet":"max-snippet:-1","max-image-preview":"max-image-preview:large","max-video-preview":"max-video-preview:-1"},"canonical":"https:\/\/www.celttv.com.ar\/index.php\/2020\/07\/20\/en-tiempo-record-personal-de-la-celt-repuso-un-poste-del-tendido-electrico-y-de-fibra-embestido-por-un-vehiculo\/","og_locale":"es_ES","og_type":"article","og_title":"En tiempo record personal de la CELT. repuso un poste del tendido el\u00e9ctrico y de fibra embestido por un veh\u00edculo - CELTTV","og_description":"Sitio web de noticias de la localidad de Tornquist, provincia de Buenos Aires, Rep\u00fablica Argentina. Contenido propio originado por periodistas de CELTTV, el canal de TV local de la Cooperativa El\u00e9ctrica de Tornquist. Turismo, Pol\u00edtica, Sociedad, Deporte, Cultura y todo el contenido de inter\u00e9s general que la gente del pueblo y la regi\u00f3n debe conocer.","og_url":"https:\/\/www.celttv.com.ar\/index.php\/2020\/07\/20\/en-tiempo-record-personal-de-la-celt-repuso-un-poste-del-tendido-electrico-y-de-fibra-embestido-por-un-vehiculo\/","og_site_name":"CELTTV","article_publisher":"https:\/\/www.facebook.com\/celtTV\/","article_published_time":"2020-07-20T15:12:41+00:00","og_image":[{"width":780,"height":1040,"url":"https:\/\/www.celttv.com.ar\/wp-content\/uploads\/2020\/07\/6ba9bf38-8e32-4225-bd7b-667305051728.jpg","type":"image\/jpeg"}],"author":"ulises","twitter_card":"summary_large_image","twitter_misc":{"Escrito por":"ulises","Tiempo de lectura":"1 minuto"},"schema":{"@context":"https:\/\/schema.org","@graph":[{"@type":"NewsArticle","@id":"https:\/\/www.celttv.com.ar\/index.php\/2020\/07\/20\/en-tiempo-record-personal-de-la-celt-repuso-un-poste-del-tendido-electrico-y-de-fibra-embestido-por-un-vehiculo\/#article","isPartOf":{"@id":"https:\/\/www.celttv.com.ar\/index.php\/2020\/07\/20\/en-tiempo-record-personal-de-la-celt-repuso-un-poste-del-tendido-electrico-y-de-fibra-embestido-por-un-vehiculo\/"},"author":{"name":"ulises","@id":"https:\/\/www.celttv.com.ar\/#\/schema\/person\/6d99c072dba59953809c81446e9d0ace"},"headline":"En tiempo record personal de la CELT. repuso un poste del tendido el\u00e9ctrico y de fibra embestido por un veh\u00edculo","datePublished":"2020-07-20T15:12:41+00:00","dateModified":"2020-07-20T15:12:41+00:00","mainEntityOfPage":{"@id":"https:\/\/www.celttv.com.ar\/index.php\/2020\/07\/20\/en-tiempo-record-personal-de-la-celt-repuso-un-poste-del-tendido-electrico-y-de-fibra-embestido-por-un-vehiculo\/"},"wordCount":140,"publisher":{"@id":"https:\/\/www.celttv.com.ar\/#organization"},"articleSection":["Comunidad","Destacadas"],"inLanguage":"es"},{"@type":"WebPage","@id":"https:\/\/www.celttv.com.ar\/index.php\/2020\/07\/20\/en-tiempo-record-personal-de-la-celt-repuso-un-poste-del-tendido-electrico-y-de-fibra-embestido-por-un-vehiculo\/","url":"https:\/\/www.celttv.com.ar\/index.php\/2020\/07\/20\/en-tiempo-record-personal-de-la-celt-repuso-un-poste-del-tendido-electrico-y-de-fibra-embestido-por-un-vehiculo\/","name":"En tiempo record personal de la CELT. repuso un poste del tendido el\u00e9ctrico y de fibra embestido por un veh\u00edculo - CELTTV","isPartOf":{"@id":"https:\/\/www.celttv.com.ar\/#website"},"datePublished":"2020-07-20T15:12:41+00:00","dateModified":"2020-07-20T15:12:41+00:00","description":"Sitio web de noticias de la localidad de Tornquist, provincia de Buenos Aires, Rep\u00fablica Argentina. Contenido propio originado por periodistas de CELTTV, el canal de TV local de la Cooperativa El\u00e9ctrica de Tornquist. Turismo, Pol\u00edtica, Sociedad, Deporte, Cultura y todo el contenido de inter\u00e9s general que la gente del pueblo y la regi\u00f3n debe conocer.","breadcrumb":{"@id":"https:\/\/www.celttv.com.ar\/index.php\/2020\/07\/20\/en-tiempo-record-personal-de-la-celt-repuso-un-poste-del-tendido-electrico-y-de-fibra-embestido-por-un-vehiculo\/#breadcrumb"},"inLanguage":"es","potentialAction":[{"@type":"ReadAction","target":["https:\/\/www.celttv.com.ar\/index.php\/2020\/07\/20\/en-tiempo-record-personal-de-la-celt-repuso-un-poste-del-tendido-electrico-y-de-fibra-embestido-por-un-vehiculo\/"]}]},{"@type":"BreadcrumbList","@id":"https:\/\/www.celttv.com.ar\/index.php\/2020\/07\/20\/en-tiempo-record-personal-de-la-celt-repuso-un-poste-del-tendido-electrico-y-de-fibra-embestido-por-un-vehiculo\/#breadcrumb","itemListElement":[{"@type":"ListItem","position":1,"name":"Inicio","item":"https:\/\/www.celttv.com.ar\/"},{"@type":"ListItem","position":2,"name":"En tiempo record personal de la CELT. repuso un poste del tendido el\u00e9ctrico y de fibra embestido por un veh\u00edculo"}]},{"@type":"WebSite","@id":"https:\/\/www.celttv.com.ar\/#website","url":"https:\/\/www.celttv.com.ar\/","name":"CELTTV","description":"Cooperativa El\u00e9ctrica de Tornquist","publisher":{"@id":"https:\/\/www.celttv.com.ar\/#organization"},"potentialAction":[{"@type":"SearchAction","target":{"@type":"EntryPoint","urlTemplate":"https:\/\/www.celttv.com.ar\/?s={search_term_string}"},"query-input":"required name=search_term_string"}],"inLanguage":"es"},{"@type":"Organization","@id":"https:\/\/www.celttv.com.ar\/#organization","name":"CELTTV","url":"https:\/\/www.celttv.com.ar\/","sameAs":["https:\/\/www.youtube.com\/channel\/UCz_oIt8Hig64Ub-EmcNPIhg","https:\/\/www.facebook.com\/celtTV\/"],"logo":{"@type":"ImageObject","inLanguage":"es","@id":"https:\/\/www.celttv.com.ar\/#\/schema\/logo\/image\/","url":"http:\/\/www.celttv.com.ar\/wp-content\/uploads\/2022\/08\/logo-1.png","contentUrl":"http:\/\/www.celttv.com.ar\/wp-content\/uploads\/2022\/08\/logo-1.png","width":461,"height":159,"caption":"CELTTV"},"image":{"@id":"https:\/\/www.celttv.com.ar\/#\/schema\/logo\/image\/"}},{"@type":"Person","@id":"https:\/\/www.celttv.com.ar\/#\/schema\/person\/6d99c072dba59953809c81446e9d0ace","name":"ulises","image":{"@type":"ImageObject","inLanguage":"es","@id":"https:\/\/www.celttv.com.ar\/#\/schema\/person\/image\/","url":"https:\/\/secure.gravatar.com\/avatar\/7f2c48bdc33b30088f941fb6082e555f2874c98e20cb159d7b92b50eadfce793?s=96&d=mm&r=g","contentUrl":"https:\/\/secure.gravatar.com\/avatar\/7f2c48bdc33b30088f941fb6082e555f2874c98e20cb159d7b92b50eadfce793?s=96&d=mm&r=g","caption":"ulises"},"sameAs":["http:\/\/www.celttv.com.ar"]}]}},"_links":{"self":[{"href":"https:\/\/www.celttv.com.ar\/index.php\/wp-json\/wp\/v2\/posts\/50627","targetHints":{"allow":["GET"]}}],"collection":[{"href":"https:\/\/www.celttv.com.ar\/index.php\/wp-json\/wp\/v2\/posts"}],"about":[{"href":"https:\/\/www.celttv.com.ar\/index.php\/wp-json\/wp\/v2\/types\/post"}],"author":[{"embeddable":true,"href":"https:\/\/www.celttv.com.ar\/index.php\/wp-json\/wp\/v2\/users\/1"}],"replies":[{"embeddable":true,"href":"https:\/\/www.celttv.com.ar\/index.php\/wp-json\/wp\/v2\/comments?post=50627"}],"version-history":[{"count":0,"href":"https:\/\/www.celttv.com.ar\/index.php\/wp-json\/wp\/v2\/posts\/50627\/revisions"}],"wp:featuredmedia":[{"embeddable":true,"href":"https:\/\/www.celttv.com.ar\/index.php\/wp-json\/wp\/v2\/media\/50630"}],"wp:attachment":[{"href":"https:\/\/www.celttv.com.ar\/index.php\/wp-json\/wp\/v2\/media?parent=50627"}],"wp:term":[{"taxonomy":"category","embeddable":true,"href":"https:\/\/www.celttv.com.ar\/index.php\/wp-json\/wp\/v2\/categories?post=50627"},{"taxonomy":"post_tag","embeddable":true,"href":"https:\/\/www.celttv.com.ar\/index.php\/wp-json\/wp\/v2\/tags?post=50627"}],"curies":[{"name":"wp","href":"https:\/\/api.w.org\/{rel}","templated":true}]}}