{"id":50649,"date":"2020-07-20T20:07:53","date_gmt":"2020-07-20T20:07:53","guid":{"rendered":"http:\/\/www.celttv.com.ar\/?p=50649"},"modified":"2020-07-20T20:07:53","modified_gmt":"2020-07-20T20:07:53","slug":"tornquist-participo-de-la-presentacion-del-programacomunidades-sin-violencia","status":"publish","type":"post","link":"https:\/\/www.celttv.com.ar\/index.php\/2020\/07\/20\/tornquist-participo-de-la-presentacion-del-programacomunidades-sin-violencia\/","title":{"rendered":"Tornquist   particip\u00f3   de   la   presentaci\u00f3n   del   programa\u201cComunidades sin violencia\u201d"},"content":{"rendered":"<div class=\"t pg-1m0 pg-1x2 pg-1h3 pg-1y5 pg-1ff3 pg-1fs1 pg-1fc1 pg-1sc0 pg-1ls0 pg-1ws0\">Personal de la Subsecretar\u00eda de Empleo y Juventud, representando a Tornquist Municipio, particip\u00f3 de la presentaci\u00f3n del Programa \u201cComunidad Videoconferencia\u201d.<\/div>\n<div><\/div>\n<div class=\"t pg-1m0 pg-1x2 pg-1h3 pg-1y8 pg-1ff3 pg-1fs1 pg-1fc1 pg-1sc0 pg-1ls0 pg-1ws0\">En el encuentro virtual, mantenido en horas de la ma\u00f1ana junto al Gobernador de la Provincia de Buenos Aires, Axel Kicillof, la Vicegobernadora Ver\u00f3nica Magario, y en representaci\u00f3n del Ministerio de Mujeres, G\u00e9nero y Diversidad Sexual, Estela D\u00edaz, se presentaron los lineamientos de trabajo y formas de abordaje de la problem\u00e1tica a fin de que sean incorporados a los municipios.<\/div>\n<div><\/div>\n<div class=\"t pg-1m0 pg-1x2 pg-1h3 pg-1ye pg-1ff3 pg-1fs1 pg-1fc1 pg-1sc0 pg-1ls0 pg-1ws0\">Este programa tiene como objetivo fortalecer la gesti\u00f3n municipal, a trav\u00e9s de tres ejes:<\/div>\n<div class=\"t pg-1m0 pg-1x2 pg-1h3 pg-1y10 pg-1ff3 pg-1fs1 pg-1fc1 pg-1sc0 pg-1ls0 pg-1ws0\">1. Mejorar los dispositivos de atenci\u00f3n<\/div>\n<div class=\"t pg-1m0 pg-1x2 pg-1h3 pg-1y11 pg-1ff3 pg-1fs1 pg-1fc1 pg-1sc0 pg-1ls0 pg-1ws0\">2. Generar pol\u00edticas habitacionales para poder facilitar la<\/div>\n<div class=\"t pg-1m0 pg-1x2 pg-1h3 pg-1y12 pg-1ff3 pg-1fs1 pg-1fc1 pg-1sc0 pg-1ls0 pg-1ws0\">separaci\u00f3n de quienes ejercen violencia<\/div>\n<div class=\"t pg-1m0 pg-1x2 pg-1h3 pg-1y13 pg-1ff3 pg-1fs1 pg-1fc1 pg-1sc0 pg-1ls0 pg-1ws0\">3. Inserci\u00f3n laboral para que las mujeres puedan pensar proyectos<\/div>\n<div class=\"t pg-1m0 pg-1x2 pg-1h3 pg-1y14 pg-1ff3 pg-1fs1 pg-1fc1 pg-1sc0 pg-1ls0 pg-1ws0\">de vida sin violencia.<\/div>\n<div><a href=\"http:\/\/www.celttv.com.ar\/?attachment_id=50650\" rel=\"attachment wp-att-50650\"><img loading=\"lazy\" decoding=\"async\" class=\"alignleft size-full wp-image-50650\" src=\"http:\/\/www.celttv.com.ar\/wp-content\/uploads\/2020\/07\/descarga-2.png\" alt=\"\" width=\"225\" height=\"225\" srcset=\"https:\/\/www.celttv.com.ar\/wp-content\/uploads\/2020\/07\/descarga-2.png 225w, https:\/\/www.celttv.com.ar\/wp-content\/uploads\/2020\/07\/descarga-2-150x150.png 150w, https:\/\/www.celttv.com.ar\/wp-content\/uploads\/2020\/07\/descarga-2-75x75.png 75w\" sizes=\"auto, (max-width: 225px) 100vw, 225px\" \/><\/a><\/div>\n<p>&nbsp;<\/p>\n","protected":false},"excerpt":{"rendered":"<p>Personal de la Subsecretar\u00eda de Empleo y Juventud, representando a Tornquist Municipio, particip\u00f3 de la presentaci\u00f3n del Programa \u201cComunidad Videoconferencia\u201d. En el encuentro virtual, mantenido en horas de la ma\u00f1ana junto al Gobernador de la Provincia de Buenos Aires, Axel Kicillof, la Vicegobernadora Ver\u00f3nica Magario, y en representaci\u00f3n del Ministerio de Mujeres, G\u00e9nero y Diversidad [&hellip;]<\/p>\n","protected":false},"author":1,"featured_media":50650,"comment_status":"closed","ping_status":"open","sticky":false,"template":"","format":"standard","meta":{"footnotes":""},"categories":[55,51,52],"tags":[],"class_list":["post-50649","post","type-post","status-publish","format-standard","has-post-thumbnail","hentry","category-celt-tv-noticias","category-comunidad","category-destacadas"],"yoast_head":"<!-- This site is optimized with the Yoast SEO plugin v19.7.1 - https:\/\/yoast.com\/wordpress\/plugins\/seo\/ -->\n<title>Tornquist  particip\u00f3  de  la  presentaci\u00f3n  del  programa\u201cComunidades sin violencia\u201d - CELTTV<\/title>\n<meta name=\"description\" content=\"Sitio web de noticias de la localidad de Tornquist, provincia de Buenos Aires, Rep\u00fablica Argentina. Contenido propio originado por periodistas de CELTTV, el canal de TV local de la Cooperativa El\u00e9ctrica de Tornquist. Turismo, Pol\u00edtica, Sociedad, Deporte, Cultura y todo el contenido de inter\u00e9s general que la gente del pueblo y la regi\u00f3n debe conocer.\" \/>\n<meta name=\"robots\" content=\"index, follow, max-snippet:-1, max-image-preview:large, max-video-preview:-1\" \/>\n<link rel=\"canonical\" href=\"https:\/\/www.celttv.com.ar\/index.php\/2020\/07\/20\/tornquist-participo-de-la-presentacion-del-programacomunidades-sin-violencia\/\" \/>\n<meta property=\"og:locale\" content=\"es_ES\" \/>\n<meta property=\"og:type\" content=\"article\" \/>\n<meta property=\"og:title\" content=\"Tornquist  particip\u00f3  de  la  presentaci\u00f3n  del  programa\u201cComunidades sin violencia\u201d - CELTTV\" \/>\n<meta property=\"og:description\" content=\"Sitio web de noticias de la localidad de Tornquist, provincia de Buenos Aires, Rep\u00fablica Argentina. Contenido propio originado por periodistas de CELTTV, el canal de TV local de la Cooperativa El\u00e9ctrica de Tornquist. Turismo, Pol\u00edtica, Sociedad, Deporte, Cultura y todo el contenido de inter\u00e9s general que la gente del pueblo y la regi\u00f3n debe conocer.\" \/>\n<meta property=\"og:url\" content=\"https:\/\/www.celttv.com.ar\/index.php\/2020\/07\/20\/tornquist-participo-de-la-presentacion-del-programacomunidades-sin-violencia\/\" \/>\n<meta property=\"og:site_name\" content=\"CELTTV\" \/>\n<meta property=\"article:publisher\" content=\"https:\/\/www.facebook.com\/celtTV\/\" \/>\n<meta property=\"article:published_time\" content=\"2020-07-20T20:07:53+00:00\" \/>\n<meta property=\"og:image\" content=\"https:\/\/www.celttv.com.ar\/wp-content\/uploads\/2020\/07\/descarga-2.png\" \/>\n\t<meta property=\"og:image:width\" content=\"225\" \/>\n\t<meta property=\"og:image:height\" content=\"225\" \/>\n\t<meta property=\"og:image:type\" content=\"image\/png\" \/>\n<meta name=\"author\" content=\"ulises\" \/>\n<meta name=\"twitter:card\" content=\"summary_large_image\" \/>\n<meta name=\"twitter:label1\" content=\"Escrito por\" \/>\n\t<meta name=\"twitter:data1\" content=\"ulises\" \/>\n\t<meta name=\"twitter:label2\" content=\"Tiempo de lectura\" \/>\n\t<meta name=\"twitter:data2\" content=\"1 minuto\" \/>\n<script type=\"application\/ld+json\" class=\"yoast-schema-graph\">{\"@context\":\"https:\/\/schema.org\",\"@graph\":[{\"@type\":\"NewsArticle\",\"@id\":\"https:\/\/www.celttv.com.ar\/index.php\/2020\/07\/20\/tornquist-participo-de-la-presentacion-del-programacomunidades-sin-violencia\/#article\",\"isPartOf\":{\"@id\":\"https:\/\/www.celttv.com.ar\/index.php\/2020\/07\/20\/tornquist-participo-de-la-presentacion-del-programacomunidades-sin-violencia\/\"},\"author\":{\"name\":\"ulises\",\"@id\":\"https:\/\/www.celttv.com.ar\/#\/schema\/person\/6d99c072dba59953809c81446e9d0ace\"},\"headline\":\"Tornquist particip\u00f3 de la presentaci\u00f3n del programa\u201cComunidades sin violencia\u201d\",\"datePublished\":\"2020-07-20T20:07:53+00:00\",\"dateModified\":\"2020-07-20T20:07:53+00:00\",\"mainEntityOfPage\":{\"@id\":\"https:\/\/www.celttv.com.ar\/index.php\/2020\/07\/20\/tornquist-participo-de-la-presentacion-del-programacomunidades-sin-violencia\/\"},\"wordCount\":150,\"publisher\":{\"@id\":\"https:\/\/www.celttv.com.ar\/#organization\"},\"articleSection\":[\"Celt TV Noticias\",\"Comunidad\",\"Destacadas\"],\"inLanguage\":\"es\"},{\"@type\":\"WebPage\",\"@id\":\"https:\/\/www.celttv.com.ar\/index.php\/2020\/07\/20\/tornquist-participo-de-la-presentacion-del-programacomunidades-sin-violencia\/\",\"url\":\"https:\/\/www.celttv.com.ar\/index.php\/2020\/07\/20\/tornquist-participo-de-la-presentacion-del-programacomunidades-sin-violencia\/\",\"name\":\"Tornquist particip\u00f3 de la presentaci\u00f3n del programa\u201cComunidades sin violencia\u201d - CELTTV\",\"isPartOf\":{\"@id\":\"https:\/\/www.celttv.com.ar\/#website\"},\"datePublished\":\"2020-07-20T20:07:53+00:00\",\"dateModified\":\"2020-07-20T20:07:53+00:00\",\"description\":\"Sitio web de noticias de la localidad de Tornquist, provincia de Buenos Aires, Rep\u00fablica Argentina. Contenido propio originado por periodistas de CELTTV, el canal de TV local de la Cooperativa El\u00e9ctrica de Tornquist. Turismo, Pol\u00edtica, Sociedad, Deporte, Cultura y todo el contenido de inter\u00e9s general que la gente del pueblo y la regi\u00f3n debe conocer.\",\"breadcrumb\":{\"@id\":\"https:\/\/www.celttv.com.ar\/index.php\/2020\/07\/20\/tornquist-participo-de-la-presentacion-del-programacomunidades-sin-violencia\/#breadcrumb\"},\"inLanguage\":\"es\",\"potentialAction\":[{\"@type\":\"ReadAction\",\"target\":[\"https:\/\/www.celttv.com.ar\/index.php\/2020\/07\/20\/tornquist-participo-de-la-presentacion-del-programacomunidades-sin-violencia\/\"]}]},{\"@type\":\"BreadcrumbList\",\"@id\":\"https:\/\/www.celttv.com.ar\/index.php\/2020\/07\/20\/tornquist-participo-de-la-presentacion-del-programacomunidades-sin-violencia\/#breadcrumb\",\"itemListElement\":[{\"@type\":\"ListItem\",\"position\":1,\"name\":\"Inicio\",\"item\":\"https:\/\/www.celttv.com.ar\/\"},{\"@type\":\"ListItem\",\"position\":2,\"name\":\"Tornquist particip\u00f3 de la presentaci\u00f3n del programa\u201cComunidades sin violencia\u201d\"}]},{\"@type\":\"WebSite\",\"@id\":\"https:\/\/www.celttv.com.ar\/#website\",\"url\":\"https:\/\/www.celttv.com.ar\/\",\"name\":\"CELTTV\",\"description\":\"Cooperativa El\u00e9ctrica de Tornquist\",\"publisher\":{\"@id\":\"https:\/\/www.celttv.com.ar\/#organization\"},\"potentialAction\":[{\"@type\":\"SearchAction\",\"target\":{\"@type\":\"EntryPoint\",\"urlTemplate\":\"https:\/\/www.celttv.com.ar\/?s={search_term_string}\"},\"query-input\":\"required name=search_term_string\"}],\"inLanguage\":\"es\"},{\"@type\":\"Organization\",\"@id\":\"https:\/\/www.celttv.com.ar\/#organization\",\"name\":\"CELTTV\",\"url\":\"https:\/\/www.celttv.com.ar\/\",\"sameAs\":[\"https:\/\/www.youtube.com\/channel\/UCz_oIt8Hig64Ub-EmcNPIhg\",\"https:\/\/www.facebook.com\/celtTV\/\"],\"logo\":{\"@type\":\"ImageObject\",\"inLanguage\":\"es\",\"@id\":\"https:\/\/www.celttv.com.ar\/#\/schema\/logo\/image\/\",\"url\":\"http:\/\/www.celttv.com.ar\/wp-content\/uploads\/2022\/08\/logo-1.png\",\"contentUrl\":\"http:\/\/www.celttv.com.ar\/wp-content\/uploads\/2022\/08\/logo-1.png\",\"width\":461,\"height\":159,\"caption\":\"CELTTV\"},\"image\":{\"@id\":\"https:\/\/www.celttv.com.ar\/#\/schema\/logo\/image\/\"}},{\"@type\":\"Person\",\"@id\":\"https:\/\/www.celttv.com.ar\/#\/schema\/person\/6d99c072dba59953809c81446e9d0ace\",\"name\":\"ulises\",\"image\":{\"@type\":\"ImageObject\",\"inLanguage\":\"es\",\"@id\":\"https:\/\/www.celttv.com.ar\/#\/schema\/person\/image\/\",\"url\":\"https:\/\/secure.gravatar.com\/avatar\/7f2c48bdc33b30088f941fb6082e555f2874c98e20cb159d7b92b50eadfce793?s=96&d=mm&r=g\",\"contentUrl\":\"https:\/\/secure.gravatar.com\/avatar\/7f2c48bdc33b30088f941fb6082e555f2874c98e20cb159d7b92b50eadfce793?s=96&d=mm&r=g\",\"caption\":\"ulises\"},\"sameAs\":[\"http:\/\/www.celttv.com.ar\"]}]}<\/script>\n<!-- \/ Yoast SEO plugin. -->","yoast_head_json":{"title":"Tornquist  particip\u00f3  de  la  presentaci\u00f3n  del  programa\u201cComunidades sin violencia\u201d - CELTTV","description":"Sitio web de noticias de la localidad de Tornquist, provincia de Buenos Aires, Rep\u00fablica Argentina. Contenido propio originado por periodistas de CELTTV, el canal de TV local de la Cooperativa El\u00e9ctrica de Tornquist. Turismo, Pol\u00edtica, Sociedad, Deporte, Cultura y todo el contenido de inter\u00e9s general que la gente del pueblo y la regi\u00f3n debe conocer.","robots":{"index":"index","follow":"follow","max-snippet":"max-snippet:-1","max-image-preview":"max-image-preview:large","max-video-preview":"max-video-preview:-1"},"canonical":"https:\/\/www.celttv.com.ar\/index.php\/2020\/07\/20\/tornquist-participo-de-la-presentacion-del-programacomunidades-sin-violencia\/","og_locale":"es_ES","og_type":"article","og_title":"Tornquist  particip\u00f3  de  la  presentaci\u00f3n  del  programa\u201cComunidades sin violencia\u201d - CELTTV","og_description":"Sitio web de noticias de la localidad de Tornquist, provincia de Buenos Aires, Rep\u00fablica Argentina. Contenido propio originado por periodistas de CELTTV, el canal de TV local de la Cooperativa El\u00e9ctrica de Tornquist. Turismo, Pol\u00edtica, Sociedad, Deporte, Cultura y todo el contenido de inter\u00e9s general que la gente del pueblo y la regi\u00f3n debe conocer.","og_url":"https:\/\/www.celttv.com.ar\/index.php\/2020\/07\/20\/tornquist-participo-de-la-presentacion-del-programacomunidades-sin-violencia\/","og_site_name":"CELTTV","article_publisher":"https:\/\/www.facebook.com\/celtTV\/","article_published_time":"2020-07-20T20:07:53+00:00","og_image":[{"width":225,"height":225,"url":"https:\/\/www.celttv.com.ar\/wp-content\/uploads\/2020\/07\/descarga-2.png","type":"image\/png"}],"author":"ulises","twitter_card":"summary_large_image","twitter_misc":{"Escrito por":"ulises","Tiempo de lectura":"1 minuto"},"schema":{"@context":"https:\/\/schema.org","@graph":[{"@type":"NewsArticle","@id":"https:\/\/www.celttv.com.ar\/index.php\/2020\/07\/20\/tornquist-participo-de-la-presentacion-del-programacomunidades-sin-violencia\/#article","isPartOf":{"@id":"https:\/\/www.celttv.com.ar\/index.php\/2020\/07\/20\/tornquist-participo-de-la-presentacion-del-programacomunidades-sin-violencia\/"},"author":{"name":"ulises","@id":"https:\/\/www.celttv.com.ar\/#\/schema\/person\/6d99c072dba59953809c81446e9d0ace"},"headline":"Tornquist particip\u00f3 de la presentaci\u00f3n del programa\u201cComunidades sin violencia\u201d","datePublished":"2020-07-20T20:07:53+00:00","dateModified":"2020-07-20T20:07:53+00:00","mainEntityOfPage":{"@id":"https:\/\/www.celttv.com.ar\/index.php\/2020\/07\/20\/tornquist-participo-de-la-presentacion-del-programacomunidades-sin-violencia\/"},"wordCount":150,"publisher":{"@id":"https:\/\/www.celttv.com.ar\/#organization"},"articleSection":["Celt TV Noticias","Comunidad","Destacadas"],"inLanguage":"es"},{"@type":"WebPage","@id":"https:\/\/www.celttv.com.ar\/index.php\/2020\/07\/20\/tornquist-participo-de-la-presentacion-del-programacomunidades-sin-violencia\/","url":"https:\/\/www.celttv.com.ar\/index.php\/2020\/07\/20\/tornquist-participo-de-la-presentacion-del-programacomunidades-sin-violencia\/","name":"Tornquist particip\u00f3 de la presentaci\u00f3n del programa\u201cComunidades sin violencia\u201d - CELTTV","isPartOf":{"@id":"https:\/\/www.celttv.com.ar\/#website"},"datePublished":"2020-07-20T20:07:53+00:00","dateModified":"2020-07-20T20:07:53+00:00","description":"Sitio web de noticias de la localidad de Tornquist, provincia de Buenos Aires, Rep\u00fablica Argentina. Contenido propio originado por periodistas de CELTTV, el canal de TV local de la Cooperativa El\u00e9ctrica de Tornquist. Turismo, Pol\u00edtica, Sociedad, Deporte, Cultura y todo el contenido de inter\u00e9s general que la gente del pueblo y la regi\u00f3n debe conocer.","breadcrumb":{"@id":"https:\/\/www.celttv.com.ar\/index.php\/2020\/07\/20\/tornquist-participo-de-la-presentacion-del-programacomunidades-sin-violencia\/#breadcrumb"},"inLanguage":"es","potentialAction":[{"@type":"ReadAction","target":["https:\/\/www.celttv.com.ar\/index.php\/2020\/07\/20\/tornquist-participo-de-la-presentacion-del-programacomunidades-sin-violencia\/"]}]},{"@type":"BreadcrumbList","@id":"https:\/\/www.celttv.com.ar\/index.php\/2020\/07\/20\/tornquist-participo-de-la-presentacion-del-programacomunidades-sin-violencia\/#breadcrumb","itemListElement":[{"@type":"ListItem","position":1,"name":"Inicio","item":"https:\/\/www.celttv.com.ar\/"},{"@type":"ListItem","position":2,"name":"Tornquist particip\u00f3 de la presentaci\u00f3n del programa\u201cComunidades sin violencia\u201d"}]},{"@type":"WebSite","@id":"https:\/\/www.celttv.com.ar\/#website","url":"https:\/\/www.celttv.com.ar\/","name":"CELTTV","description":"Cooperativa El\u00e9ctrica de Tornquist","publisher":{"@id":"https:\/\/www.celttv.com.ar\/#organization"},"potentialAction":[{"@type":"SearchAction","target":{"@type":"EntryPoint","urlTemplate":"https:\/\/www.celttv.com.ar\/?s={search_term_string}"},"query-input":"required name=search_term_string"}],"inLanguage":"es"},{"@type":"Organization","@id":"https:\/\/www.celttv.com.ar\/#organization","name":"CELTTV","url":"https:\/\/www.celttv.com.ar\/","sameAs":["https:\/\/www.youtube.com\/channel\/UCz_oIt8Hig64Ub-EmcNPIhg","https:\/\/www.facebook.com\/celtTV\/"],"logo":{"@type":"ImageObject","inLanguage":"es","@id":"https:\/\/www.celttv.com.ar\/#\/schema\/logo\/image\/","url":"http:\/\/www.celttv.com.ar\/wp-content\/uploads\/2022\/08\/logo-1.png","contentUrl":"http:\/\/www.celttv.com.ar\/wp-content\/uploads\/2022\/08\/logo-1.png","width":461,"height":159,"caption":"CELTTV"},"image":{"@id":"https:\/\/www.celttv.com.ar\/#\/schema\/logo\/image\/"}},{"@type":"Person","@id":"https:\/\/www.celttv.com.ar\/#\/schema\/person\/6d99c072dba59953809c81446e9d0ace","name":"ulises","image":{"@type":"ImageObject","inLanguage":"es","@id":"https:\/\/www.celttv.com.ar\/#\/schema\/person\/image\/","url":"https:\/\/secure.gravatar.com\/avatar\/7f2c48bdc33b30088f941fb6082e555f2874c98e20cb159d7b92b50eadfce793?s=96&d=mm&r=g","contentUrl":"https:\/\/secure.gravatar.com\/avatar\/7f2c48bdc33b30088f941fb6082e555f2874c98e20cb159d7b92b50eadfce793?s=96&d=mm&r=g","caption":"ulises"},"sameAs":["http:\/\/www.celttv.com.ar"]}]}},"_links":{"self":[{"href":"https:\/\/www.celttv.com.ar\/index.php\/wp-json\/wp\/v2\/posts\/50649","targetHints":{"allow":["GET"]}}],"collection":[{"href":"https:\/\/www.celttv.com.ar\/index.php\/wp-json\/wp\/v2\/posts"}],"about":[{"href":"https:\/\/www.celttv.com.ar\/index.php\/wp-json\/wp\/v2\/types\/post"}],"author":[{"embeddable":true,"href":"https:\/\/www.celttv.com.ar\/index.php\/wp-json\/wp\/v2\/users\/1"}],"replies":[{"embeddable":true,"href":"https:\/\/www.celttv.com.ar\/index.php\/wp-json\/wp\/v2\/comments?post=50649"}],"version-history":[{"count":0,"href":"https:\/\/www.celttv.com.ar\/index.php\/wp-json\/wp\/v2\/posts\/50649\/revisions"}],"wp:featuredmedia":[{"embeddable":true,"href":"https:\/\/www.celttv.com.ar\/index.php\/wp-json\/wp\/v2\/media\/50650"}],"wp:attachment":[{"href":"https:\/\/www.celttv.com.ar\/index.php\/wp-json\/wp\/v2\/media?parent=50649"}],"wp:term":[{"taxonomy":"category","embeddable":true,"href":"https:\/\/www.celttv.com.ar\/index.php\/wp-json\/wp\/v2\/categories?post=50649"},{"taxonomy":"post_tag","embeddable":true,"href":"https:\/\/www.celttv.com.ar\/index.php\/wp-json\/wp\/v2\/tags?post=50649"}],"curies":[{"name":"wp","href":"https:\/\/api.w.org\/{rel}","templated":true}]}}