{"id":5066,"date":"2012-02-23T02:40:19","date_gmt":"2012-02-23T02:40:19","guid":{"rendered":"http:\/\/www.tvcnoticias.com.ar\/?p=5066"},"modified":"2012-02-23T02:40:19","modified_gmt":"2012-02-23T02:40:19","slug":"villa-ventana-acueducto-el-pinar-villa-ventana-200-vecinos-frimaron-la-nota-que-entregaron-al-gobernador-scioli","status":"publish","type":"post","link":"https:\/\/www.celttv.com.ar\/index.php\/2012\/02\/23\/villa-ventana-acueducto-el-pinar-villa-ventana-200-vecinos-frimaron-la-nota-que-entregaron-al-gobernador-scioli\/","title":{"rendered":"VILLA VENTANA: ACUEDUCTO EL PINAR \u2013 VILLA VENTANA: 200 VECINOS FIRMARON LA NOTA QUE ENTREGARON AL GOBERNADOR SCIOLI"},"content":{"rendered":"<p><img loading=\"lazy\" decoding=\"async\" class=\"aligncenter size-full wp-image-5067\" title=\"canilla_3 (Small)\" src=\"http:\/\/www.tvcnoticias.com.ar\/wp-content\/uploads\/2012\/02\/canilla_3-Small.jpg\" alt=\"\" width=\"640\" height=\"402\" \/><br \/>\nCon la firma de 200 vecinos de la localidad de Villa Ventana fue entregada una nota al Gobernador de la Provincia de Buenos Aires con fecha de ingreso 22 de febrero, y autoridades competentes, reclamando informes t\u00e9cnicos y costos de la obra \u201cAcueducto El Pinar\u201d realizado por el SPAR (Servicio Provincial de Agua Potable y Saneamiento Rural).<br \/>\n\u201cPese a que la misma fue inaugurada en octubre del 2011, en Villa Ventana estamos la mayor parte del d\u00eda SIN AGUA, el abastecimientos de este vital recurso en algunas zonas de de es villa tur\u00edstica no supera las 2 horas diarias; situaci\u00f3n \u00e9sta que se nos torna incomprensible luego de haber sigo inaugurada y promocionada esta obra p\u00fablica como la soluci\u00f3n a nuestro presente y futuro por 30 a\u00f1os\u201d expresa la nota introductoria enviada a los medios, donde se adjunta la nota enviada al Gobernador Scioli, Ministerio de Infraestructura, SPAR., Legislatura Provincial, Honorable Tribunal de Cuentas, OCABA., Intendente Municipal, Concejo Deliberante y medios de comunicaci\u00f3n.<br \/>\nTextualmente la nota expresa:<br \/>\nRef. Solicitud de informe t\u00e9cnico y costo Acueducto El Pinar \u2013 Villa Ventana<br \/>\nLos abajo firmantes, ciudadanos de la localidad de Villa Ventana, Partido de Tornquist, con domicilio legal: Vecinos Villa Ventana \u2013 Casilla de Correo N\u00ba23 \u2013 Sierra de la Ventana \u2013 CP- 8168, nos dirigmos a Ud. para solicitar la siguiente informaci\u00f3n d ela Obra \u201cAcueducto El Pinar- Villa Ventana\u201d.<br \/>\n1-\u00a0\u00a0\u00a0\u00a0\u00a0 Informe detallado con firma de profesionales, de los diferentes estudios de factibilidad del proyecto, con detalles t\u00e9cnicos y protocolos de ensayos de los pozos de prueba realizados en su momento, con fecha, hora y firma del responsable de dichos ensayos.<br \/>\n2-\u00a0\u00a0\u00a0\u00a0\u00a0 Informe de los estudios geoel\u00e9ctricos realizados por los profesionales de la Universidad Nacional del Sur. A\u00f1os 2009\/2010 en Villa Ventana y sus conclusiones.<br \/>\n3-\u00a0\u00a0\u00a0\u00a0\u00a0 Informe t\u00e9cnico con firma de profesionales de la obra Acueducto El Pinar-Villa Ventana inaugurada en Octubre de 2011 donde conste: Memoria de c\u00e1lculo del acueducto con los datos de profundidad de pozos, di\u00e1metros de ca\u00f1er\u00edas, distancias y alturas manom\u00e9tricas, caracter\u00edsticas y curvas de las bombas, protocolos de ensayos en f\u00e1brica de las bomas ya sea las sumergibles de los pozos y las de impulsi\u00f3n.\u00a0\u00a0\u00a0\u00a0\u00a0\u00a0 Adem\u00e1s, detalle de costos en cada una de las etapas realizadas o elementos fundamentales, de acuerdo a lo establecido en la Licitaci\u00f3n de la misma, esto es: Fuentes, Impulsi\u00f3n, Estaci\u00f3n de bombeo y Extensi\u00f3n del tendido el\u00e9ctrico.<br \/>\n4-\u00a0\u00a0\u00a0\u00a0\u00a0 Proyecto con informe geoel\u00e9ctrico y protocolos de ensayo con firma del responsable de los mismos, que avale la realizaci\u00f3n de las nuevas perforaciones que se est\u00e1n llevando a cabo en Villa Ventana actualmente a fin de obtener agua para mejorar el recurso. Costos y organismo que solventar\u00e1 la obra.<br \/>\nLas solicitudes realizadas anteriormente se fundamentan en que pese a que la obra del Acueducto ya fue inaugurada en octubre de 2011, NO TENEMOS AGUA.<br \/>\nComo respuesta a nuestros reclamos las autoridades argumentan: \u201cla gran sequ\u00eda\u201d, \u201cla crisis h\u00eddrica es mundial\u201d, \u201cel uso solidario del vital recurso\u201d, etc.<br \/>\nLo cierto para nosotros como ciudadanos, es que se invirtieron fondos p\u00fablicos en una obra que supuestamente traer\u00eda la soluci\u00f3n por a\u00f1os al problema del agua y para unos 20.000 habitantes y sin embargo: NO TENEMOS AGUA.<br \/>\nEn cuanto a la gente que supuestamente hace un uso indiscriminado del recurso en Villa Ventana, cosa bastante rara porque la cortan la mayor parte del d\u00eda, eso se soluciona sancionando al consumidor de acuerdo a la lectura de los medidores. Pero para lograr concienciar a los vecinos y lograr un \u201ccambio cultural\u201d en relaci\u00f3n al uso racional del agua, primero deber\u00edan las autoridades haber dado el ejemplo y no anunciar obras que por poco invitaban al derroche haciendo alarde sobre la cantidad de a\u00f1os que en Vila no habr\u00eda m\u00e1s problemas de agua. Cosa que lamentablemente dista mucho de la realidad que vivimos actualmente, con inconcebibles cortes del suminsitro la mayor parte del d\u00eda y conel agravante de la imagen negativa que tur\u00edsticamente costar\u00e1 much\u00edsimo revertir porque el visitante se le garantiz\u00f3 el recurso en su consulta al momento de hacer la reserva para esta temporada estival, pero al llegar a Villa: AGUA NO HAY.<br \/>\nCuando se licit\u00f3 la Obra del Acueducto (Publicado en Dairio La Nueva Provincia 7\/6\/2010 se estimaba que los pozos del Pinar (3) dar\u00edan 25 m3hr. Cada uno, lo que equivale a unos 75 m3\/hr. En comunicaci\u00f3n radian (FM de la Ventana) hace unos d\u00edas el Sr. Vi\u00f1ales expres\u00f3 que del Pinas s\u00f3lo sacaban 30 m3\/hr. y del pozo de los Ingleses 20 m3\/hr. Que un pozo centenario sin haber sido puesto en valor como tantas veces solicitamos est\u00e9 rindiendo pr\u00e1cticamente lo mismo que la bater\u00eda de pozos de El Pinar nos resulta inexplicable.<br \/>\nAdem\u00e1s nos resulta incomprensible que sigan realizando perforaciones y nos quieran hacer creer que \u00e9sa ser\u00e1 la soluci\u00f3n y que esos pozos son etapas de la misma obra, cuando hace dos a\u00f1os no hab\u00eda una gota debajo de Villa Ventana y por eso hubo que hacer el Acueducto. Tal como lo explica el propio Intendente Gustavo Trankels en nota al diario La Nueva Provincia el 31\/01\/09 \u201cno se trata de perforar\u2026\u201d \u201cTiene que haber un determinado caudal de agua sino no se justifica la inversi\u00f3n, de todas maneras se est\u00e1 por hacer por parte de la cooperativa una perforaci\u00f3n cerca de la cisterna de Tacuarita que es un lugar donde los estudios geoel\u00e9ctricos hab\u00edan dado una posible captaci\u00f3n de una cantidad de agua que justificar\u00eda esa inversi\u00f3n para la red\u2026\u201d Cabe aclarar que ese pozo de calle Tacuarita nunca tuvo un caudal relevante (1 m3\/hr aprox.). Nos preguntamos c\u00f3mo si en el a\u00f1o 2009 en plena crisis h\u00eddrica no era conveniente perforar porque no hab\u00eda agua: c\u00f3mo ahora con la continuidad de la sequ\u00eda resulta que s\u00ed hay. Vale la pena recordar que el SPAR ha realizado a\u00f1os atr\u00e1s unos 6 pozos aprox. Que actualmente no est\u00e1n funcionando porque no hay agua.<br \/>\nEs lamentable que luego de lo que cost\u00f3 conseguir la Obra Acueducto al Pinar y que por el s\u00f3lo hecho de solicitarla, los vecinos de la Asamblea fuimos amenazados y calumniados provocando una gran tensi\u00f3n social, ahora haya que salir a perforar a modo de \u201cmanotazo de ahogado\u201d para pretender superar las inmediatez, sin certezas de soluci\u00f3n y con los costos que esto trae aparejado y que deben solventarse con fondos p\u00fablicos.<br \/>\nEs por lo anteriormente expuesto y conforme a lo previsto en Ley 25.381 que solicitamos por escrito la informaci\u00f3n detallada en el comienzo de la nota.<br \/>\nPor \u00faltimo, exigimos el retiro de los inmensos carteles que anuncian \u201cagua potable en Villa Ventana\u201d porque no s\u00f3lo est\u00e1n incumpliendo lo contemplado en el Plan de Ordenamiento Territorial de la Comarca de Sierra de la Ventana \u2013 Partido de Tornquist (Art. 4.5.4.3 Dimensiones y formas) sino porque adem\u00e1s, nos resultan humillantes.<\/p>\n","protected":false},"excerpt":{"rendered":"<p>Con la firma de 200 vecinos de la localidad de Villa Ventana fue entregada una nota al Gobernador de la Provincia de Buenos Aires con fecha de ingreso 22 de febrero, y autoridades competentes, reclamando informes t\u00e9cnicos y costos de la obra \u201cAcueducto El Pinar\u201d realizado por el SPAR (Servicio Provincial de Agua Potable y [&hellip;]<\/p>\n","protected":false},"author":1,"featured_media":0,"comment_status":"closed","ping_status":"open","sticky":false,"template":"","format":"standard","meta":{"footnotes":""},"categories":[51,52,95],"tags":[],"class_list":["post-5066","post","type-post","status-publish","format-standard","hentry","category-comunidad","category-destacadas","category-opiniones"],"yoast_head":"<!-- This site is optimized with the Yoast SEO plugin v19.7.1 - https:\/\/yoast.com\/wordpress\/plugins\/seo\/ -->\n<title>VILLA VENTANA: ACUEDUCTO EL PINAR \u2013 VILLA VENTANA: 200 VECINOS FIRMARON LA NOTA QUE ENTREGARON AL GOBERNADOR SCIOLI - CELTTV<\/title>\n<meta name=\"description\" content=\"Sitio web de noticias de la localidad de Tornquist, provincia de Buenos Aires, Rep\u00fablica Argentina. Contenido propio originado por periodistas de CELTTV, el canal de TV local de la Cooperativa El\u00e9ctrica de Tornquist. Turismo, Pol\u00edtica, Sociedad, Deporte, Cultura y todo el contenido de inter\u00e9s general que la gente del pueblo y la regi\u00f3n debe conocer.\" \/>\n<meta name=\"robots\" content=\"index, follow, max-snippet:-1, max-image-preview:large, max-video-preview:-1\" \/>\n<link rel=\"canonical\" href=\"https:\/\/www.celttv.com.ar\/index.php\/2012\/02\/23\/villa-ventana-acueducto-el-pinar-villa-ventana-200-vecinos-frimaron-la-nota-que-entregaron-al-gobernador-scioli\/\" \/>\n<meta property=\"og:locale\" content=\"es_ES\" \/>\n<meta property=\"og:type\" content=\"article\" \/>\n<meta property=\"og:title\" content=\"VILLA VENTANA: ACUEDUCTO EL PINAR \u2013 VILLA VENTANA: 200 VECINOS FIRMARON LA NOTA QUE ENTREGARON AL GOBERNADOR SCIOLI - CELTTV\" \/>\n<meta property=\"og:description\" content=\"Sitio web de noticias de la localidad de Tornquist, provincia de Buenos Aires, Rep\u00fablica Argentina. Contenido propio originado por periodistas de CELTTV, el canal de TV local de la Cooperativa El\u00e9ctrica de Tornquist. Turismo, Pol\u00edtica, Sociedad, Deporte, Cultura y todo el contenido de inter\u00e9s general que la gente del pueblo y la regi\u00f3n debe conocer.\" \/>\n<meta property=\"og:url\" content=\"https:\/\/www.celttv.com.ar\/index.php\/2012\/02\/23\/villa-ventana-acueducto-el-pinar-villa-ventana-200-vecinos-frimaron-la-nota-que-entregaron-al-gobernador-scioli\/\" \/>\n<meta property=\"og:site_name\" content=\"CELTTV\" \/>\n<meta property=\"article:publisher\" content=\"https:\/\/www.facebook.com\/celtTV\/\" \/>\n<meta property=\"article:published_time\" content=\"2012-02-23T02:40:19+00:00\" \/>\n<meta property=\"og:image\" content=\"http:\/\/www.tvcnoticias.com.ar\/wp-content\/uploads\/2012\/02\/canilla_3-Small.jpg\" \/>\n<meta name=\"author\" content=\"ulises\" \/>\n<meta name=\"twitter:card\" content=\"summary_large_image\" \/>\n<meta name=\"twitter:label1\" content=\"Escrito por\" \/>\n\t<meta name=\"twitter:data1\" content=\"ulises\" \/>\n\t<meta name=\"twitter:label2\" content=\"Tiempo de lectura\" \/>\n\t<meta name=\"twitter:data2\" content=\"6 minutos\" \/>\n<script type=\"application\/ld+json\" class=\"yoast-schema-graph\">{\"@context\":\"https:\/\/schema.org\",\"@graph\":[{\"@type\":\"NewsArticle\",\"@id\":\"https:\/\/www.celttv.com.ar\/index.php\/2012\/02\/23\/villa-ventana-acueducto-el-pinar-villa-ventana-200-vecinos-frimaron-la-nota-que-entregaron-al-gobernador-scioli\/#article\",\"isPartOf\":{\"@id\":\"https:\/\/www.celttv.com.ar\/index.php\/2012\/02\/23\/villa-ventana-acueducto-el-pinar-villa-ventana-200-vecinos-frimaron-la-nota-que-entregaron-al-gobernador-scioli\/\"},\"author\":{\"name\":\"ulises\",\"@id\":\"https:\/\/www.celttv.com.ar\/#\/schema\/person\/6d99c072dba59953809c81446e9d0ace\"},\"headline\":\"VILLA VENTANA: ACUEDUCTO EL PINAR \u2013 VILLA VENTANA: 200 VECINOS FIRMARON LA NOTA QUE ENTREGARON AL GOBERNADOR SCIOLI\",\"datePublished\":\"2012-02-23T02:40:19+00:00\",\"dateModified\":\"2012-02-23T02:40:19+00:00\",\"mainEntityOfPage\":{\"@id\":\"https:\/\/www.celttv.com.ar\/index.php\/2012\/02\/23\/villa-ventana-acueducto-el-pinar-villa-ventana-200-vecinos-frimaron-la-nota-que-entregaron-al-gobernador-scioli\/\"},\"wordCount\":1207,\"publisher\":{\"@id\":\"https:\/\/www.celttv.com.ar\/#organization\"},\"articleSection\":[\"Comunidad\",\"Destacadas\",\"Opiniones\"],\"inLanguage\":\"es\"},{\"@type\":\"WebPage\",\"@id\":\"https:\/\/www.celttv.com.ar\/index.php\/2012\/02\/23\/villa-ventana-acueducto-el-pinar-villa-ventana-200-vecinos-frimaron-la-nota-que-entregaron-al-gobernador-scioli\/\",\"url\":\"https:\/\/www.celttv.com.ar\/index.php\/2012\/02\/23\/villa-ventana-acueducto-el-pinar-villa-ventana-200-vecinos-frimaron-la-nota-que-entregaron-al-gobernador-scioli\/\",\"name\":\"VILLA VENTANA: ACUEDUCTO EL PINAR \u2013 VILLA VENTANA: 200 VECINOS FIRMARON LA NOTA QUE ENTREGARON AL GOBERNADOR SCIOLI - CELTTV\",\"isPartOf\":{\"@id\":\"https:\/\/www.celttv.com.ar\/#website\"},\"datePublished\":\"2012-02-23T02:40:19+00:00\",\"dateModified\":\"2012-02-23T02:40:19+00:00\",\"description\":\"Sitio web de noticias de la localidad de Tornquist, provincia de Buenos Aires, Rep\u00fablica Argentina. Contenido propio originado por periodistas de CELTTV, el canal de TV local de la Cooperativa El\u00e9ctrica de Tornquist. Turismo, Pol\u00edtica, Sociedad, Deporte, Cultura y todo el contenido de inter\u00e9s general que la gente del pueblo y la regi\u00f3n debe conocer.\",\"breadcrumb\":{\"@id\":\"https:\/\/www.celttv.com.ar\/index.php\/2012\/02\/23\/villa-ventana-acueducto-el-pinar-villa-ventana-200-vecinos-frimaron-la-nota-que-entregaron-al-gobernador-scioli\/#breadcrumb\"},\"inLanguage\":\"es\",\"potentialAction\":[{\"@type\":\"ReadAction\",\"target\":[\"https:\/\/www.celttv.com.ar\/index.php\/2012\/02\/23\/villa-ventana-acueducto-el-pinar-villa-ventana-200-vecinos-frimaron-la-nota-que-entregaron-al-gobernador-scioli\/\"]}]},{\"@type\":\"BreadcrumbList\",\"@id\":\"https:\/\/www.celttv.com.ar\/index.php\/2012\/02\/23\/villa-ventana-acueducto-el-pinar-villa-ventana-200-vecinos-frimaron-la-nota-que-entregaron-al-gobernador-scioli\/#breadcrumb\",\"itemListElement\":[{\"@type\":\"ListItem\",\"position\":1,\"name\":\"Inicio\",\"item\":\"https:\/\/www.celttv.com.ar\/\"},{\"@type\":\"ListItem\",\"position\":2,\"name\":\"VILLA VENTANA: ACUEDUCTO EL PINAR \u2013 VILLA VENTANA: 200 VECINOS FIRMARON LA NOTA QUE ENTREGARON AL GOBERNADOR SCIOLI\"}]},{\"@type\":\"WebSite\",\"@id\":\"https:\/\/www.celttv.com.ar\/#website\",\"url\":\"https:\/\/www.celttv.com.ar\/\",\"name\":\"CELTTV\",\"description\":\"Cooperativa El\u00e9ctrica de Tornquist\",\"publisher\":{\"@id\":\"https:\/\/www.celttv.com.ar\/#organization\"},\"potentialAction\":[{\"@type\":\"SearchAction\",\"target\":{\"@type\":\"EntryPoint\",\"urlTemplate\":\"https:\/\/www.celttv.com.ar\/?s={search_term_string}\"},\"query-input\":\"required name=search_term_string\"}],\"inLanguage\":\"es\"},{\"@type\":\"Organization\",\"@id\":\"https:\/\/www.celttv.com.ar\/#organization\",\"name\":\"CELTTV\",\"url\":\"https:\/\/www.celttv.com.ar\/\",\"sameAs\":[\"https:\/\/www.youtube.com\/channel\/UCz_oIt8Hig64Ub-EmcNPIhg\",\"https:\/\/www.facebook.com\/celtTV\/\"],\"logo\":{\"@type\":\"ImageObject\",\"inLanguage\":\"es\",\"@id\":\"https:\/\/www.celttv.com.ar\/#\/schema\/logo\/image\/\",\"url\":\"http:\/\/www.celttv.com.ar\/wp-content\/uploads\/2022\/08\/logo-1.png\",\"contentUrl\":\"http:\/\/www.celttv.com.ar\/wp-content\/uploads\/2022\/08\/logo-1.png\",\"width\":461,\"height\":159,\"caption\":\"CELTTV\"},\"image\":{\"@id\":\"https:\/\/www.celttv.com.ar\/#\/schema\/logo\/image\/\"}},{\"@type\":\"Person\",\"@id\":\"https:\/\/www.celttv.com.ar\/#\/schema\/person\/6d99c072dba59953809c81446e9d0ace\",\"name\":\"ulises\",\"image\":{\"@type\":\"ImageObject\",\"inLanguage\":\"es\",\"@id\":\"https:\/\/www.celttv.com.ar\/#\/schema\/person\/image\/\",\"url\":\"https:\/\/secure.gravatar.com\/avatar\/7f2c48bdc33b30088f941fb6082e555f2874c98e20cb159d7b92b50eadfce793?s=96&d=mm&r=g\",\"contentUrl\":\"https:\/\/secure.gravatar.com\/avatar\/7f2c48bdc33b30088f941fb6082e555f2874c98e20cb159d7b92b50eadfce793?s=96&d=mm&r=g\",\"caption\":\"ulises\"},\"sameAs\":[\"http:\/\/www.celttv.com.ar\"]}]}<\/script>\n<!-- \/ Yoast SEO plugin. -->","yoast_head_json":{"title":"VILLA VENTANA: ACUEDUCTO EL PINAR \u2013 VILLA VENTANA: 200 VECINOS FIRMARON LA NOTA QUE ENTREGARON AL GOBERNADOR SCIOLI - CELTTV","description":"Sitio web de noticias de la localidad de Tornquist, provincia de Buenos Aires, Rep\u00fablica Argentina. Contenido propio originado por periodistas de CELTTV, el canal de TV local de la Cooperativa El\u00e9ctrica de Tornquist. Turismo, Pol\u00edtica, Sociedad, Deporte, Cultura y todo el contenido de inter\u00e9s general que la gente del pueblo y la regi\u00f3n debe conocer.","robots":{"index":"index","follow":"follow","max-snippet":"max-snippet:-1","max-image-preview":"max-image-preview:large","max-video-preview":"max-video-preview:-1"},"canonical":"https:\/\/www.celttv.com.ar\/index.php\/2012\/02\/23\/villa-ventana-acueducto-el-pinar-villa-ventana-200-vecinos-frimaron-la-nota-que-entregaron-al-gobernador-scioli\/","og_locale":"es_ES","og_type":"article","og_title":"VILLA VENTANA: ACUEDUCTO EL PINAR \u2013 VILLA VENTANA: 200 VECINOS FIRMARON LA NOTA QUE ENTREGARON AL GOBERNADOR SCIOLI - CELTTV","og_description":"Sitio web de noticias de la localidad de Tornquist, provincia de Buenos Aires, Rep\u00fablica Argentina. Contenido propio originado por periodistas de CELTTV, el canal de TV local de la Cooperativa El\u00e9ctrica de Tornquist. Turismo, Pol\u00edtica, Sociedad, Deporte, Cultura y todo el contenido de inter\u00e9s general que la gente del pueblo y la regi\u00f3n debe conocer.","og_url":"https:\/\/www.celttv.com.ar\/index.php\/2012\/02\/23\/villa-ventana-acueducto-el-pinar-villa-ventana-200-vecinos-frimaron-la-nota-que-entregaron-al-gobernador-scioli\/","og_site_name":"CELTTV","article_publisher":"https:\/\/www.facebook.com\/celtTV\/","article_published_time":"2012-02-23T02:40:19+00:00","og_image":[{"url":"http:\/\/www.tvcnoticias.com.ar\/wp-content\/uploads\/2012\/02\/canilla_3-Small.jpg"}],"author":"ulises","twitter_card":"summary_large_image","twitter_misc":{"Escrito por":"ulises","Tiempo de lectura":"6 minutos"},"schema":{"@context":"https:\/\/schema.org","@graph":[{"@type":"NewsArticle","@id":"https:\/\/www.celttv.com.ar\/index.php\/2012\/02\/23\/villa-ventana-acueducto-el-pinar-villa-ventana-200-vecinos-frimaron-la-nota-que-entregaron-al-gobernador-scioli\/#article","isPartOf":{"@id":"https:\/\/www.celttv.com.ar\/index.php\/2012\/02\/23\/villa-ventana-acueducto-el-pinar-villa-ventana-200-vecinos-frimaron-la-nota-que-entregaron-al-gobernador-scioli\/"},"author":{"name":"ulises","@id":"https:\/\/www.celttv.com.ar\/#\/schema\/person\/6d99c072dba59953809c81446e9d0ace"},"headline":"VILLA VENTANA: ACUEDUCTO EL PINAR \u2013 VILLA VENTANA: 200 VECINOS FIRMARON LA NOTA QUE ENTREGARON AL GOBERNADOR SCIOLI","datePublished":"2012-02-23T02:40:19+00:00","dateModified":"2012-02-23T02:40:19+00:00","mainEntityOfPage":{"@id":"https:\/\/www.celttv.com.ar\/index.php\/2012\/02\/23\/villa-ventana-acueducto-el-pinar-villa-ventana-200-vecinos-frimaron-la-nota-que-entregaron-al-gobernador-scioli\/"},"wordCount":1207,"publisher":{"@id":"https:\/\/www.celttv.com.ar\/#organization"},"articleSection":["Comunidad","Destacadas","Opiniones"],"inLanguage":"es"},{"@type":"WebPage","@id":"https:\/\/www.celttv.com.ar\/index.php\/2012\/02\/23\/villa-ventana-acueducto-el-pinar-villa-ventana-200-vecinos-frimaron-la-nota-que-entregaron-al-gobernador-scioli\/","url":"https:\/\/www.celttv.com.ar\/index.php\/2012\/02\/23\/villa-ventana-acueducto-el-pinar-villa-ventana-200-vecinos-frimaron-la-nota-que-entregaron-al-gobernador-scioli\/","name":"VILLA VENTANA: ACUEDUCTO EL PINAR \u2013 VILLA VENTANA: 200 VECINOS FIRMARON LA NOTA QUE ENTREGARON AL GOBERNADOR SCIOLI - CELTTV","isPartOf":{"@id":"https:\/\/www.celttv.com.ar\/#website"},"datePublished":"2012-02-23T02:40:19+00:00","dateModified":"2012-02-23T02:40:19+00:00","description":"Sitio web de noticias de la localidad de Tornquist, provincia de Buenos Aires, Rep\u00fablica Argentina. Contenido propio originado por periodistas de CELTTV, el canal de TV local de la Cooperativa El\u00e9ctrica de Tornquist. Turismo, Pol\u00edtica, Sociedad, Deporte, Cultura y todo el contenido de inter\u00e9s general que la gente del pueblo y la regi\u00f3n debe conocer.","breadcrumb":{"@id":"https:\/\/www.celttv.com.ar\/index.php\/2012\/02\/23\/villa-ventana-acueducto-el-pinar-villa-ventana-200-vecinos-frimaron-la-nota-que-entregaron-al-gobernador-scioli\/#breadcrumb"},"inLanguage":"es","potentialAction":[{"@type":"ReadAction","target":["https:\/\/www.celttv.com.ar\/index.php\/2012\/02\/23\/villa-ventana-acueducto-el-pinar-villa-ventana-200-vecinos-frimaron-la-nota-que-entregaron-al-gobernador-scioli\/"]}]},{"@type":"BreadcrumbList","@id":"https:\/\/www.celttv.com.ar\/index.php\/2012\/02\/23\/villa-ventana-acueducto-el-pinar-villa-ventana-200-vecinos-frimaron-la-nota-que-entregaron-al-gobernador-scioli\/#breadcrumb","itemListElement":[{"@type":"ListItem","position":1,"name":"Inicio","item":"https:\/\/www.celttv.com.ar\/"},{"@type":"ListItem","position":2,"name":"VILLA VENTANA: ACUEDUCTO EL PINAR \u2013 VILLA VENTANA: 200 VECINOS FIRMARON LA NOTA QUE ENTREGARON AL GOBERNADOR SCIOLI"}]},{"@type":"WebSite","@id":"https:\/\/www.celttv.com.ar\/#website","url":"https:\/\/www.celttv.com.ar\/","name":"CELTTV","description":"Cooperativa El\u00e9ctrica de Tornquist","publisher":{"@id":"https:\/\/www.celttv.com.ar\/#organization"},"potentialAction":[{"@type":"SearchAction","target":{"@type":"EntryPoint","urlTemplate":"https:\/\/www.celttv.com.ar\/?s={search_term_string}"},"query-input":"required name=search_term_string"}],"inLanguage":"es"},{"@type":"Organization","@id":"https:\/\/www.celttv.com.ar\/#organization","name":"CELTTV","url":"https:\/\/www.celttv.com.ar\/","sameAs":["https:\/\/www.youtube.com\/channel\/UCz_oIt8Hig64Ub-EmcNPIhg","https:\/\/www.facebook.com\/celtTV\/"],"logo":{"@type":"ImageObject","inLanguage":"es","@id":"https:\/\/www.celttv.com.ar\/#\/schema\/logo\/image\/","url":"http:\/\/www.celttv.com.ar\/wp-content\/uploads\/2022\/08\/logo-1.png","contentUrl":"http:\/\/www.celttv.com.ar\/wp-content\/uploads\/2022\/08\/logo-1.png","width":461,"height":159,"caption":"CELTTV"},"image":{"@id":"https:\/\/www.celttv.com.ar\/#\/schema\/logo\/image\/"}},{"@type":"Person","@id":"https:\/\/www.celttv.com.ar\/#\/schema\/person\/6d99c072dba59953809c81446e9d0ace","name":"ulises","image":{"@type":"ImageObject","inLanguage":"es","@id":"https:\/\/www.celttv.com.ar\/#\/schema\/person\/image\/","url":"https:\/\/secure.gravatar.com\/avatar\/7f2c48bdc33b30088f941fb6082e555f2874c98e20cb159d7b92b50eadfce793?s=96&d=mm&r=g","contentUrl":"https:\/\/secure.gravatar.com\/avatar\/7f2c48bdc33b30088f941fb6082e555f2874c98e20cb159d7b92b50eadfce793?s=96&d=mm&r=g","caption":"ulises"},"sameAs":["http:\/\/www.celttv.com.ar"]}]}},"_links":{"self":[{"href":"https:\/\/www.celttv.com.ar\/index.php\/wp-json\/wp\/v2\/posts\/5066","targetHints":{"allow":["GET"]}}],"collection":[{"href":"https:\/\/www.celttv.com.ar\/index.php\/wp-json\/wp\/v2\/posts"}],"about":[{"href":"https:\/\/www.celttv.com.ar\/index.php\/wp-json\/wp\/v2\/types\/post"}],"author":[{"embeddable":true,"href":"https:\/\/www.celttv.com.ar\/index.php\/wp-json\/wp\/v2\/users\/1"}],"replies":[{"embeddable":true,"href":"https:\/\/www.celttv.com.ar\/index.php\/wp-json\/wp\/v2\/comments?post=5066"}],"version-history":[{"count":0,"href":"https:\/\/www.celttv.com.ar\/index.php\/wp-json\/wp\/v2\/posts\/5066\/revisions"}],"wp:attachment":[{"href":"https:\/\/www.celttv.com.ar\/index.php\/wp-json\/wp\/v2\/media?parent=5066"}],"wp:term":[{"taxonomy":"category","embeddable":true,"href":"https:\/\/www.celttv.com.ar\/index.php\/wp-json\/wp\/v2\/categories?post=5066"},{"taxonomy":"post_tag","embeddable":true,"href":"https:\/\/www.celttv.com.ar\/index.php\/wp-json\/wp\/v2\/tags?post=5066"}],"curies":[{"name":"wp","href":"https:\/\/api.w.org\/{rel}","templated":true}]}}