{"id":50662,"date":"2020-07-21T13:24:54","date_gmt":"2020-07-21T13:24:54","guid":{"rendered":"http:\/\/www.celttv.com.ar\/?p=50662"},"modified":"2020-07-21T13:24:54","modified_gmt":"2020-07-21T13:24:54","slug":"el-85-por-ciento-de-las-delegaciones-de-anses-ya-atienden-al-publico","status":"publish","type":"post","link":"https:\/\/www.celttv.com.ar\/index.php\/2020\/07\/21\/el-85-por-ciento-de-las-delegaciones-de-anses-ya-atienden-al-publico\/","title":{"rendered":"EL 85 POR CIENTO DE LAS DELEGACIONES DE ANSES YA ATIENDEN AL P\u00daBLICO"},"content":{"rendered":"<p style=\"font-weight: 400;\"><em>La ANSES informa que ya est\u00e1n en funcionamiento\u00a0<strong>309\u00a0<\/strong>Unidades de Atenci\u00f3n Integral (UDAI) y oficinas en todo el pa\u00eds que representan el\u00a0<strong>85 por ciento<\/strong>. Dichas delegaciones est\u00e1n funcionando con un\u00a0<strong>sistema de turnos programados<\/strong>\u00a0y garantizando el protocolo sanitario.<\/em><\/p>\n<p style=\"font-weight: 400;\"><em>Al inicio de su gesti\u00f3n la Directora Ejecutiva de la ANSES,\u00a0<strong>Fernanda Raverta<\/strong>, declar\u00f3 la actividad del organismo como esencial y la pol\u00edtica de reabrir las delegaciones<\/em>.<\/p>\n<p style=\"font-weight: 400;\"><em>La ANSES seguir\u00e1, progresivamente, realizando la reapertura de sus oficinas teniendo en cuenta la situaci\u00f3n sanitaria de cada provincia y localidad, en un trabajo coordinado con gobernadores e intendentes.<\/em><\/p>\n<p style=\"font-weight: 400;\"><em>Se recuerda que el organismo previsional cuenta con su modalidad de\u00a0<\/em>Atenci\u00f3n Virtual, la cual funciona de 0 a 20 horas y se reciben hasta 60.000 tr\u00e1mites diarios.<\/p>\n<p style=\"font-weight: 400;\"><em>Para consultar las delegaciones que ya est\u00e1n en funcionamiento, los interesados pueden ingresar en\u00a0<\/em><a href=\"http:\/\/www.anses.gob.ar\/oficinas\" data-saferedirecturl=\"https:\/\/www.google.com\/url?q=http:\/\/www.anses.gob.ar\/oficinas&amp;source=gmail&amp;ust=1595424002196000&amp;usg=AFQjCNEFmc_sWmiuDuLsHuEkKP-Xxqo06Q\">www.anses.gob.ar\/oficinas<\/a>.<\/p>\n<p style=\"font-weight: 400;\"><strong>(Foto Adjunta)<\/strong><\/p>\n<p style=\"font-weight: 400;\">\n","protected":false},"excerpt":{"rendered":"<p>La ANSES informa que ya est\u00e1n en funcionamiento\u00a0309\u00a0Unidades de Atenci\u00f3n Integral (UDAI) y oficinas en todo el pa\u00eds que representan el\u00a085 por ciento. Dichas delegaciones est\u00e1n funcionando con un\u00a0sistema de turnos programados\u00a0y garantizando el protocolo sanitario. Al inicio de su gesti\u00f3n la Directora Ejecutiva de la ANSES,\u00a0Fernanda Raverta, declar\u00f3 la actividad del organismo como esencial [&hellip;]<\/p>\n","protected":false},"author":1,"featured_media":36634,"comment_status":"closed","ping_status":"open","sticky":false,"template":"","format":"standard","meta":{"footnotes":""},"categories":[51,52],"tags":[],"class_list":["post-50662","post","type-post","status-publish","format-standard","has-post-thumbnail","hentry","category-comunidad","category-destacadas"],"yoast_head":"<!-- This site is optimized with the Yoast SEO plugin v19.7.1 - https:\/\/yoast.com\/wordpress\/plugins\/seo\/ -->\n<title>EL 85 POR CIENTO DE LAS DELEGACIONES DE ANSES YA ATIENDEN AL P\u00daBLICO - CELTTV<\/title>\n<meta name=\"description\" content=\"Sitio web de noticias de la localidad de Tornquist, provincia de Buenos Aires, Rep\u00fablica Argentina. Contenido propio originado por periodistas de CELTTV, el canal de TV local de la Cooperativa El\u00e9ctrica de Tornquist. Turismo, Pol\u00edtica, Sociedad, Deporte, Cultura y todo el contenido de inter\u00e9s general que la gente del pueblo y la regi\u00f3n debe conocer.\" \/>\n<meta name=\"robots\" content=\"index, follow, max-snippet:-1, max-image-preview:large, max-video-preview:-1\" \/>\n<link rel=\"canonical\" href=\"https:\/\/www.celttv.com.ar\/index.php\/2020\/07\/21\/el-85-por-ciento-de-las-delegaciones-de-anses-ya-atienden-al-publico\/\" \/>\n<meta property=\"og:locale\" content=\"es_ES\" \/>\n<meta property=\"og:type\" content=\"article\" \/>\n<meta property=\"og:title\" content=\"EL 85 POR CIENTO DE LAS DELEGACIONES DE ANSES YA ATIENDEN AL P\u00daBLICO - CELTTV\" \/>\n<meta property=\"og:description\" content=\"Sitio web de noticias de la localidad de Tornquist, provincia de Buenos Aires, Rep\u00fablica Argentina. Contenido propio originado por periodistas de CELTTV, el canal de TV local de la Cooperativa El\u00e9ctrica de Tornquist. Turismo, Pol\u00edtica, Sociedad, Deporte, Cultura y todo el contenido de inter\u00e9s general que la gente del pueblo y la regi\u00f3n debe conocer.\" \/>\n<meta property=\"og:url\" content=\"https:\/\/www.celttv.com.ar\/index.php\/2020\/07\/21\/el-85-por-ciento-de-las-delegaciones-de-anses-ya-atienden-al-publico\/\" \/>\n<meta property=\"og:site_name\" content=\"CELTTV\" \/>\n<meta property=\"article:publisher\" content=\"https:\/\/www.facebook.com\/celtTV\/\" \/>\n<meta property=\"article:published_time\" content=\"2020-07-21T13:24:54+00:00\" \/>\n<meta property=\"og:image\" content=\"https:\/\/www.celttv.com.ar\/wp-content\/uploads\/2018\/08\/anses_50_0-e1530735610393.jpg\" \/>\n\t<meta property=\"og:image:width\" content=\"700\" \/>\n\t<meta property=\"og:image:height\" content=\"384\" \/>\n\t<meta property=\"og:image:type\" content=\"image\/jpeg\" \/>\n<meta name=\"author\" content=\"ulises\" \/>\n<meta name=\"twitter:card\" content=\"summary_large_image\" \/>\n<meta name=\"twitter:label1\" content=\"Escrito por\" \/>\n\t<meta name=\"twitter:data1\" content=\"ulises\" \/>\n\t<meta name=\"twitter:label2\" content=\"Tiempo de lectura\" \/>\n\t<meta name=\"twitter:data2\" content=\"1 minuto\" \/>\n<script type=\"application\/ld+json\" class=\"yoast-schema-graph\">{\"@context\":\"https:\/\/schema.org\",\"@graph\":[{\"@type\":\"NewsArticle\",\"@id\":\"https:\/\/www.celttv.com.ar\/index.php\/2020\/07\/21\/el-85-por-ciento-de-las-delegaciones-de-anses-ya-atienden-al-publico\/#article\",\"isPartOf\":{\"@id\":\"https:\/\/www.celttv.com.ar\/index.php\/2020\/07\/21\/el-85-por-ciento-de-las-delegaciones-de-anses-ya-atienden-al-publico\/\"},\"author\":{\"name\":\"ulises\",\"@id\":\"https:\/\/www.celttv.com.ar\/#\/schema\/person\/6d99c072dba59953809c81446e9d0ace\"},\"headline\":\"EL 85 POR CIENTO DE LAS DELEGACIONES DE ANSES YA ATIENDEN AL P\u00daBLICO\",\"datePublished\":\"2020-07-21T13:24:54+00:00\",\"dateModified\":\"2020-07-21T13:24:54+00:00\",\"mainEntityOfPage\":{\"@id\":\"https:\/\/www.celttv.com.ar\/index.php\/2020\/07\/21\/el-85-por-ciento-de-las-delegaciones-de-anses-ya-atienden-al-publico\/\"},\"wordCount\":164,\"publisher\":{\"@id\":\"https:\/\/www.celttv.com.ar\/#organization\"},\"articleSection\":[\"Comunidad\",\"Destacadas\"],\"inLanguage\":\"es\"},{\"@type\":\"WebPage\",\"@id\":\"https:\/\/www.celttv.com.ar\/index.php\/2020\/07\/21\/el-85-por-ciento-de-las-delegaciones-de-anses-ya-atienden-al-publico\/\",\"url\":\"https:\/\/www.celttv.com.ar\/index.php\/2020\/07\/21\/el-85-por-ciento-de-las-delegaciones-de-anses-ya-atienden-al-publico\/\",\"name\":\"EL 85 POR CIENTO DE LAS DELEGACIONES DE ANSES YA ATIENDEN AL P\u00daBLICO - CELTTV\",\"isPartOf\":{\"@id\":\"https:\/\/www.celttv.com.ar\/#website\"},\"datePublished\":\"2020-07-21T13:24:54+00:00\",\"dateModified\":\"2020-07-21T13:24:54+00:00\",\"description\":\"Sitio web de noticias de la localidad de Tornquist, provincia de Buenos Aires, Rep\u00fablica Argentina. Contenido propio originado por periodistas de CELTTV, el canal de TV local de la Cooperativa El\u00e9ctrica de Tornquist. Turismo, Pol\u00edtica, Sociedad, Deporte, Cultura y todo el contenido de inter\u00e9s general que la gente del pueblo y la regi\u00f3n debe conocer.\",\"breadcrumb\":{\"@id\":\"https:\/\/www.celttv.com.ar\/index.php\/2020\/07\/21\/el-85-por-ciento-de-las-delegaciones-de-anses-ya-atienden-al-publico\/#breadcrumb\"},\"inLanguage\":\"es\",\"potentialAction\":[{\"@type\":\"ReadAction\",\"target\":[\"https:\/\/www.celttv.com.ar\/index.php\/2020\/07\/21\/el-85-por-ciento-de-las-delegaciones-de-anses-ya-atienden-al-publico\/\"]}]},{\"@type\":\"BreadcrumbList\",\"@id\":\"https:\/\/www.celttv.com.ar\/index.php\/2020\/07\/21\/el-85-por-ciento-de-las-delegaciones-de-anses-ya-atienden-al-publico\/#breadcrumb\",\"itemListElement\":[{\"@type\":\"ListItem\",\"position\":1,\"name\":\"Inicio\",\"item\":\"https:\/\/www.celttv.com.ar\/\"},{\"@type\":\"ListItem\",\"position\":2,\"name\":\"EL 85 POR CIENTO DE LAS DELEGACIONES DE ANSES YA ATIENDEN AL P\u00daBLICO\"}]},{\"@type\":\"WebSite\",\"@id\":\"https:\/\/www.celttv.com.ar\/#website\",\"url\":\"https:\/\/www.celttv.com.ar\/\",\"name\":\"CELTTV\",\"description\":\"Cooperativa El\u00e9ctrica de Tornquist\",\"publisher\":{\"@id\":\"https:\/\/www.celttv.com.ar\/#organization\"},\"potentialAction\":[{\"@type\":\"SearchAction\",\"target\":{\"@type\":\"EntryPoint\",\"urlTemplate\":\"https:\/\/www.celttv.com.ar\/?s={search_term_string}\"},\"query-input\":\"required name=search_term_string\"}],\"inLanguage\":\"es\"},{\"@type\":\"Organization\",\"@id\":\"https:\/\/www.celttv.com.ar\/#organization\",\"name\":\"CELTTV\",\"url\":\"https:\/\/www.celttv.com.ar\/\",\"sameAs\":[\"https:\/\/www.youtube.com\/channel\/UCz_oIt8Hig64Ub-EmcNPIhg\",\"https:\/\/www.facebook.com\/celtTV\/\"],\"logo\":{\"@type\":\"ImageObject\",\"inLanguage\":\"es\",\"@id\":\"https:\/\/www.celttv.com.ar\/#\/schema\/logo\/image\/\",\"url\":\"http:\/\/www.celttv.com.ar\/wp-content\/uploads\/2022\/08\/logo-1.png\",\"contentUrl\":\"http:\/\/www.celttv.com.ar\/wp-content\/uploads\/2022\/08\/logo-1.png\",\"width\":461,\"height\":159,\"caption\":\"CELTTV\"},\"image\":{\"@id\":\"https:\/\/www.celttv.com.ar\/#\/schema\/logo\/image\/\"}},{\"@type\":\"Person\",\"@id\":\"https:\/\/www.celttv.com.ar\/#\/schema\/person\/6d99c072dba59953809c81446e9d0ace\",\"name\":\"ulises\",\"image\":{\"@type\":\"ImageObject\",\"inLanguage\":\"es\",\"@id\":\"https:\/\/www.celttv.com.ar\/#\/schema\/person\/image\/\",\"url\":\"https:\/\/secure.gravatar.com\/avatar\/7f2c48bdc33b30088f941fb6082e555f2874c98e20cb159d7b92b50eadfce793?s=96&d=mm&r=g\",\"contentUrl\":\"https:\/\/secure.gravatar.com\/avatar\/7f2c48bdc33b30088f941fb6082e555f2874c98e20cb159d7b92b50eadfce793?s=96&d=mm&r=g\",\"caption\":\"ulises\"},\"sameAs\":[\"http:\/\/www.celttv.com.ar\"]}]}<\/script>\n<!-- \/ Yoast SEO plugin. -->","yoast_head_json":{"title":"EL 85 POR CIENTO DE LAS DELEGACIONES DE ANSES YA ATIENDEN AL P\u00daBLICO - CELTTV","description":"Sitio web de noticias de la localidad de Tornquist, provincia de Buenos Aires, Rep\u00fablica Argentina. Contenido propio originado por periodistas de CELTTV, el canal de TV local de la Cooperativa El\u00e9ctrica de Tornquist. Turismo, Pol\u00edtica, Sociedad, Deporte, Cultura y todo el contenido de inter\u00e9s general que la gente del pueblo y la regi\u00f3n debe conocer.","robots":{"index":"index","follow":"follow","max-snippet":"max-snippet:-1","max-image-preview":"max-image-preview:large","max-video-preview":"max-video-preview:-1"},"canonical":"https:\/\/www.celttv.com.ar\/index.php\/2020\/07\/21\/el-85-por-ciento-de-las-delegaciones-de-anses-ya-atienden-al-publico\/","og_locale":"es_ES","og_type":"article","og_title":"EL 85 POR CIENTO DE LAS DELEGACIONES DE ANSES YA ATIENDEN AL P\u00daBLICO - CELTTV","og_description":"Sitio web de noticias de la localidad de Tornquist, provincia de Buenos Aires, Rep\u00fablica Argentina. Contenido propio originado por periodistas de CELTTV, el canal de TV local de la Cooperativa El\u00e9ctrica de Tornquist. Turismo, Pol\u00edtica, Sociedad, Deporte, Cultura y todo el contenido de inter\u00e9s general que la gente del pueblo y la regi\u00f3n debe conocer.","og_url":"https:\/\/www.celttv.com.ar\/index.php\/2020\/07\/21\/el-85-por-ciento-de-las-delegaciones-de-anses-ya-atienden-al-publico\/","og_site_name":"CELTTV","article_publisher":"https:\/\/www.facebook.com\/celtTV\/","article_published_time":"2020-07-21T13:24:54+00:00","og_image":[{"width":700,"height":384,"url":"https:\/\/www.celttv.com.ar\/wp-content\/uploads\/2018\/08\/anses_50_0-e1530735610393.jpg","type":"image\/jpeg"}],"author":"ulises","twitter_card":"summary_large_image","twitter_misc":{"Escrito por":"ulises","Tiempo de lectura":"1 minuto"},"schema":{"@context":"https:\/\/schema.org","@graph":[{"@type":"NewsArticle","@id":"https:\/\/www.celttv.com.ar\/index.php\/2020\/07\/21\/el-85-por-ciento-de-las-delegaciones-de-anses-ya-atienden-al-publico\/#article","isPartOf":{"@id":"https:\/\/www.celttv.com.ar\/index.php\/2020\/07\/21\/el-85-por-ciento-de-las-delegaciones-de-anses-ya-atienden-al-publico\/"},"author":{"name":"ulises","@id":"https:\/\/www.celttv.com.ar\/#\/schema\/person\/6d99c072dba59953809c81446e9d0ace"},"headline":"EL 85 POR CIENTO DE LAS DELEGACIONES DE ANSES YA ATIENDEN AL P\u00daBLICO","datePublished":"2020-07-21T13:24:54+00:00","dateModified":"2020-07-21T13:24:54+00:00","mainEntityOfPage":{"@id":"https:\/\/www.celttv.com.ar\/index.php\/2020\/07\/21\/el-85-por-ciento-de-las-delegaciones-de-anses-ya-atienden-al-publico\/"},"wordCount":164,"publisher":{"@id":"https:\/\/www.celttv.com.ar\/#organization"},"articleSection":["Comunidad","Destacadas"],"inLanguage":"es"},{"@type":"WebPage","@id":"https:\/\/www.celttv.com.ar\/index.php\/2020\/07\/21\/el-85-por-ciento-de-las-delegaciones-de-anses-ya-atienden-al-publico\/","url":"https:\/\/www.celttv.com.ar\/index.php\/2020\/07\/21\/el-85-por-ciento-de-las-delegaciones-de-anses-ya-atienden-al-publico\/","name":"EL 85 POR CIENTO DE LAS DELEGACIONES DE ANSES YA ATIENDEN AL P\u00daBLICO - CELTTV","isPartOf":{"@id":"https:\/\/www.celttv.com.ar\/#website"},"datePublished":"2020-07-21T13:24:54+00:00","dateModified":"2020-07-21T13:24:54+00:00","description":"Sitio web de noticias de la localidad de Tornquist, provincia de Buenos Aires, Rep\u00fablica Argentina. Contenido propio originado por periodistas de CELTTV, el canal de TV local de la Cooperativa El\u00e9ctrica de Tornquist. Turismo, Pol\u00edtica, Sociedad, Deporte, Cultura y todo el contenido de inter\u00e9s general que la gente del pueblo y la regi\u00f3n debe conocer.","breadcrumb":{"@id":"https:\/\/www.celttv.com.ar\/index.php\/2020\/07\/21\/el-85-por-ciento-de-las-delegaciones-de-anses-ya-atienden-al-publico\/#breadcrumb"},"inLanguage":"es","potentialAction":[{"@type":"ReadAction","target":["https:\/\/www.celttv.com.ar\/index.php\/2020\/07\/21\/el-85-por-ciento-de-las-delegaciones-de-anses-ya-atienden-al-publico\/"]}]},{"@type":"BreadcrumbList","@id":"https:\/\/www.celttv.com.ar\/index.php\/2020\/07\/21\/el-85-por-ciento-de-las-delegaciones-de-anses-ya-atienden-al-publico\/#breadcrumb","itemListElement":[{"@type":"ListItem","position":1,"name":"Inicio","item":"https:\/\/www.celttv.com.ar\/"},{"@type":"ListItem","position":2,"name":"EL 85 POR CIENTO DE LAS DELEGACIONES DE ANSES YA ATIENDEN AL P\u00daBLICO"}]},{"@type":"WebSite","@id":"https:\/\/www.celttv.com.ar\/#website","url":"https:\/\/www.celttv.com.ar\/","name":"CELTTV","description":"Cooperativa El\u00e9ctrica de Tornquist","publisher":{"@id":"https:\/\/www.celttv.com.ar\/#organization"},"potentialAction":[{"@type":"SearchAction","target":{"@type":"EntryPoint","urlTemplate":"https:\/\/www.celttv.com.ar\/?s={search_term_string}"},"query-input":"required name=search_term_string"}],"inLanguage":"es"},{"@type":"Organization","@id":"https:\/\/www.celttv.com.ar\/#organization","name":"CELTTV","url":"https:\/\/www.celttv.com.ar\/","sameAs":["https:\/\/www.youtube.com\/channel\/UCz_oIt8Hig64Ub-EmcNPIhg","https:\/\/www.facebook.com\/celtTV\/"],"logo":{"@type":"ImageObject","inLanguage":"es","@id":"https:\/\/www.celttv.com.ar\/#\/schema\/logo\/image\/","url":"http:\/\/www.celttv.com.ar\/wp-content\/uploads\/2022\/08\/logo-1.png","contentUrl":"http:\/\/www.celttv.com.ar\/wp-content\/uploads\/2022\/08\/logo-1.png","width":461,"height":159,"caption":"CELTTV"},"image":{"@id":"https:\/\/www.celttv.com.ar\/#\/schema\/logo\/image\/"}},{"@type":"Person","@id":"https:\/\/www.celttv.com.ar\/#\/schema\/person\/6d99c072dba59953809c81446e9d0ace","name":"ulises","image":{"@type":"ImageObject","inLanguage":"es","@id":"https:\/\/www.celttv.com.ar\/#\/schema\/person\/image\/","url":"https:\/\/secure.gravatar.com\/avatar\/7f2c48bdc33b30088f941fb6082e555f2874c98e20cb159d7b92b50eadfce793?s=96&d=mm&r=g","contentUrl":"https:\/\/secure.gravatar.com\/avatar\/7f2c48bdc33b30088f941fb6082e555f2874c98e20cb159d7b92b50eadfce793?s=96&d=mm&r=g","caption":"ulises"},"sameAs":["http:\/\/www.celttv.com.ar"]}]}},"_links":{"self":[{"href":"https:\/\/www.celttv.com.ar\/index.php\/wp-json\/wp\/v2\/posts\/50662","targetHints":{"allow":["GET"]}}],"collection":[{"href":"https:\/\/www.celttv.com.ar\/index.php\/wp-json\/wp\/v2\/posts"}],"about":[{"href":"https:\/\/www.celttv.com.ar\/index.php\/wp-json\/wp\/v2\/types\/post"}],"author":[{"embeddable":true,"href":"https:\/\/www.celttv.com.ar\/index.php\/wp-json\/wp\/v2\/users\/1"}],"replies":[{"embeddable":true,"href":"https:\/\/www.celttv.com.ar\/index.php\/wp-json\/wp\/v2\/comments?post=50662"}],"version-history":[{"count":0,"href":"https:\/\/www.celttv.com.ar\/index.php\/wp-json\/wp\/v2\/posts\/50662\/revisions"}],"wp:featuredmedia":[{"embeddable":true,"href":"https:\/\/www.celttv.com.ar\/index.php\/wp-json\/wp\/v2\/media\/36634"}],"wp:attachment":[{"href":"https:\/\/www.celttv.com.ar\/index.php\/wp-json\/wp\/v2\/media?parent=50662"}],"wp:term":[{"taxonomy":"category","embeddable":true,"href":"https:\/\/www.celttv.com.ar\/index.php\/wp-json\/wp\/v2\/categories?post=50662"},{"taxonomy":"post_tag","embeddable":true,"href":"https:\/\/www.celttv.com.ar\/index.php\/wp-json\/wp\/v2\/tags?post=50662"}],"curies":[{"name":"wp","href":"https:\/\/api.w.org\/{rel}","templated":true}]}}