{"id":50664,"date":"2020-07-21T19:18:14","date_gmt":"2020-07-21T19:18:14","guid":{"rendered":"http:\/\/www.celttv.com.ar\/?p=50664"},"modified":"2020-07-21T19:18:14","modified_gmt":"2020-07-21T19:18:14","slug":"no-a-algunos-por-la-mentira-si-a-todos-por-la-verdad","status":"publish","type":"post","link":"https:\/\/www.celttv.com.ar\/index.php\/2020\/07\/21\/no-a-algunos-por-la-mentira-si-a-todos-por-la-verdad\/","title":{"rendered":"NO A ALGUNOS POR LA MENTIRA, SI A TODOS POR LA VERDAD"},"content":{"rendered":"<p style=\"font-weight: 400;\"><a href=\"http:\/\/www.celttv.com.ar\/?attachment_id=50666\" rel=\"attachment wp-att-50666\"><img loading=\"lazy\" decoding=\"async\" class=\"alignleft size-full wp-image-50666\" src=\"http:\/\/www.celttv.com.ar\/wp-content\/uploads\/2020\/07\/LOGO-FINAL.jpg\" alt=\"\" width=\"463\" height=\"657\" srcset=\"https:\/\/www.celttv.com.ar\/wp-content\/uploads\/2020\/07\/LOGO-FINAL.jpg 463w, https:\/\/www.celttv.com.ar\/wp-content\/uploads\/2020\/07\/LOGO-FINAL-211x300.jpg 211w\" sizes=\"auto, (max-width: 463px) 100vw, 463px\" \/><\/a>Ante la b\u00fasqueda por parte del actual intendente Bordoni de nuevos rumbos pol\u00edticos para \u00e9l, sus familiares y amigos, queremos expresar nuestro total desacuerdo y desaprobaci\u00f3n con el proceder del actual jefe comunal.<\/p>\n<p style=\"font-weight: 400;\"><strong>Creemos que ante los urgentes e importantes problemas que tiene el distrito, el se\u00f1or intendente en su car\u00e1cter de representante, de la Coalici\u00f3n C\u00edvica, del\u00a0 PRO, del Radicalismo local, y del conservadurismo peronista, deber\u00eda estar trabajando en construir soluciones, y no invertir su tiempo en buscar su nuevo destino pol\u00edtico, mientras adem\u00e1s se queda esperando que la provincia y la naci\u00f3n hagan las cosas que \u00e9l tiene que hacer en Tornquist.<\/strong><\/p>\n<p style=\"font-weight: 400;\">Ante las situaciones, de falta de turismo, de escasez de trabajo, ante el aumento de la inseguridad,\u00a0 la ausencia de desarrollo social y econ\u00f3mico, y frente a las peligrosas deficiencias en el \u00e1rea de salud, educaci\u00f3n e infraestructura vial, nuestro jefe comunal y su equipo, solo se preocupan en ver donde pueden seguir construyendo su presente y su futuro pol\u00edtico.<\/p>\n<p style=\"font-weight: 400;\">El actual jefe comunal nos tiene acostumbrados a la mentira, ya nos minti\u00f3 cuando dijo que estaba funcionando la comisi\u00f3n de arbolado urbano, cuando dijo que hab\u00eda hecho gestiones, y que iba a controlar la obra de la ruta 76, cuando prometi\u00f3 obras que ahora dice no le cumplieron; y ante \u00e9sta nueva mentira organizada, nosotros repudiamos la estafa a sus propios\u00a0votantes, a los que hace poco Bordoni les dijo<strong>\u00a0<em>&#8220;Vidal es una gobernadora con todas las letras\u201d(24 \/10\/2019), &#8220;Massa se une al Frente de Todos para quebrar a nuestro gobierno\u201c (31\/7\/2019), y &#8220;Si los tornquistenses votamos a kicillof y el peronismo nos convertiremos en Venezuela\u201d(18\/09\/2019).<\/em><\/strong><\/p>\n<p style=\"font-weight: 400;\"><strong>Los integrantes del Frente Popular 25 de Febrero y del Frente Grande de Tornquist no acordaremos nunca con actuaciones inescrupulosas, oscuras y tramperas que tristemente nos hacen acordar a las mentiras de Menem, De la Rua y \u00faltimamente de Macri y Vidal. Ante actitudes falsas y mentirosas nuestra conductora y actual vicepresidenta sinceramente siempre tuvo posiciones claras a favor de la verdad, la transparencia, y un compromiso concreto con una democracia m\u00e1s justa e inclusiva.<\/strong><\/p>\n<p style=\"font-weight: 400;\">La falsedad y el enga\u00f1o le han hecho mucho da\u00f1o a la democracia, han lastimando principalmente la relaci\u00f3n de credibilidad con el votante, por lo que instamos al intendente Bordoni, a los concejales de Juntos por el Cambio, y a su equipo de trabajo, a que abandonen la mentira y se pongan a trabajar en pos de un distrito mejor.<\/p>\n<p style=\"font-weight: 400;\">Convocamos a todos los tornquinstenses de buena voluntad a trabajar sin mentirle a los vecinos.<\/p>\n<p style=\"font-weight: 400;\"><strong>NO A ALGUNOS POR LA MENTIRA, SI A TODOS POR LA VERDAD. ARGENTINA UNIDA<\/strong><\/p>\n<p style=\"font-weight: 400;\"><strong>Frente Popular 25 de Febrero en TODOS Tornquist. Claudio Masson.<\/strong><\/p>\n<p style=\"font-weight: 400;\"><strong>Frente Grande Tornquist. Norma Fern\u00e1ndez.<\/strong><\/p>\n","protected":false},"excerpt":{"rendered":"<p>Ante la b\u00fasqueda por parte del actual intendente Bordoni de nuevos rumbos pol\u00edticos para \u00e9l, sus familiares y amigos, queremos expresar nuestro total desacuerdo y desaprobaci\u00f3n con el proceder del actual jefe comunal. Creemos que ante los urgentes e importantes problemas que tiene el distrito, el se\u00f1or intendente en su car\u00e1cter de representante, de la [&hellip;]<\/p>\n","protected":false},"author":1,"featured_media":50666,"comment_status":"closed","ping_status":"open","sticky":false,"template":"","format":"standard","meta":{"footnotes":""},"categories":[51,52,53],"tags":[],"class_list":["post-50664","post","type-post","status-publish","format-standard","has-post-thumbnail","hentry","category-comunidad","category-destacadas","category-politica"],"yoast_head":"<!-- This site is optimized with the Yoast SEO plugin v19.7.1 - https:\/\/yoast.com\/wordpress\/plugins\/seo\/ -->\n<title>NO A ALGUNOS POR LA MENTIRA, SI A TODOS POR LA VERDAD - CELTTV<\/title>\n<meta name=\"description\" content=\"Sitio web de noticias de la localidad de Tornquist, provincia de Buenos Aires, Rep\u00fablica Argentina. Contenido propio originado por periodistas de CELTTV, el canal de TV local de la Cooperativa El\u00e9ctrica de Tornquist. Turismo, Pol\u00edtica, Sociedad, Deporte, Cultura y todo el contenido de inter\u00e9s general que la gente del pueblo y la regi\u00f3n debe conocer.\" \/>\n<meta name=\"robots\" content=\"index, follow, max-snippet:-1, max-image-preview:large, max-video-preview:-1\" \/>\n<link rel=\"canonical\" href=\"https:\/\/www.celttv.com.ar\/index.php\/2020\/07\/21\/no-a-algunos-por-la-mentira-si-a-todos-por-la-verdad\/\" \/>\n<meta property=\"og:locale\" content=\"es_ES\" \/>\n<meta property=\"og:type\" content=\"article\" \/>\n<meta property=\"og:title\" content=\"NO A ALGUNOS POR LA MENTIRA, SI A TODOS POR LA VERDAD - CELTTV\" \/>\n<meta property=\"og:description\" content=\"Sitio web de noticias de la localidad de Tornquist, provincia de Buenos Aires, Rep\u00fablica Argentina. Contenido propio originado por periodistas de CELTTV, el canal de TV local de la Cooperativa El\u00e9ctrica de Tornquist. Turismo, Pol\u00edtica, Sociedad, Deporte, Cultura y todo el contenido de inter\u00e9s general que la gente del pueblo y la regi\u00f3n debe conocer.\" \/>\n<meta property=\"og:url\" content=\"https:\/\/www.celttv.com.ar\/index.php\/2020\/07\/21\/no-a-algunos-por-la-mentira-si-a-todos-por-la-verdad\/\" \/>\n<meta property=\"og:site_name\" content=\"CELTTV\" \/>\n<meta property=\"article:publisher\" content=\"https:\/\/www.facebook.com\/celtTV\/\" \/>\n<meta property=\"article:published_time\" content=\"2020-07-21T19:18:14+00:00\" \/>\n<meta property=\"og:image\" content=\"https:\/\/www.celttv.com.ar\/wp-content\/uploads\/2020\/07\/LOGO-FINAL.jpg\" \/>\n\t<meta property=\"og:image:width\" content=\"463\" \/>\n\t<meta property=\"og:image:height\" content=\"657\" \/>\n\t<meta property=\"og:image:type\" content=\"image\/jpeg\" \/>\n<meta name=\"author\" content=\"ulises\" \/>\n<meta name=\"twitter:card\" content=\"summary_large_image\" \/>\n<meta name=\"twitter:label1\" content=\"Escrito por\" \/>\n\t<meta name=\"twitter:data1\" content=\"ulises\" \/>\n\t<meta name=\"twitter:label2\" content=\"Tiempo de lectura\" \/>\n\t<meta name=\"twitter:data2\" content=\"2 minutos\" \/>\n<script type=\"application\/ld+json\" class=\"yoast-schema-graph\">{\"@context\":\"https:\/\/schema.org\",\"@graph\":[{\"@type\":\"NewsArticle\",\"@id\":\"https:\/\/www.celttv.com.ar\/index.php\/2020\/07\/21\/no-a-algunos-por-la-mentira-si-a-todos-por-la-verdad\/#article\",\"isPartOf\":{\"@id\":\"https:\/\/www.celttv.com.ar\/index.php\/2020\/07\/21\/no-a-algunos-por-la-mentira-si-a-todos-por-la-verdad\/\"},\"author\":{\"name\":\"ulises\",\"@id\":\"https:\/\/www.celttv.com.ar\/#\/schema\/person\/6d99c072dba59953809c81446e9d0ace\"},\"headline\":\"NO A ALGUNOS POR LA MENTIRA, SI A TODOS POR LA VERDAD\",\"datePublished\":\"2020-07-21T19:18:14+00:00\",\"dateModified\":\"2020-07-21T19:18:14+00:00\",\"mainEntityOfPage\":{\"@id\":\"https:\/\/www.celttv.com.ar\/index.php\/2020\/07\/21\/no-a-algunos-por-la-mentira-si-a-todos-por-la-verdad\/\"},\"wordCount\":478,\"publisher\":{\"@id\":\"https:\/\/www.celttv.com.ar\/#organization\"},\"articleSection\":[\"Comunidad\",\"Destacadas\",\"Pol\u00edtica\"],\"inLanguage\":\"es\"},{\"@type\":\"WebPage\",\"@id\":\"https:\/\/www.celttv.com.ar\/index.php\/2020\/07\/21\/no-a-algunos-por-la-mentira-si-a-todos-por-la-verdad\/\",\"url\":\"https:\/\/www.celttv.com.ar\/index.php\/2020\/07\/21\/no-a-algunos-por-la-mentira-si-a-todos-por-la-verdad\/\",\"name\":\"NO A ALGUNOS POR LA MENTIRA, SI A TODOS POR LA VERDAD - CELTTV\",\"isPartOf\":{\"@id\":\"https:\/\/www.celttv.com.ar\/#website\"},\"datePublished\":\"2020-07-21T19:18:14+00:00\",\"dateModified\":\"2020-07-21T19:18:14+00:00\",\"description\":\"Sitio web de noticias de la localidad de Tornquist, provincia de Buenos Aires, Rep\u00fablica Argentina. Contenido propio originado por periodistas de CELTTV, el canal de TV local de la Cooperativa El\u00e9ctrica de Tornquist. Turismo, Pol\u00edtica, Sociedad, Deporte, Cultura y todo el contenido de inter\u00e9s general que la gente del pueblo y la regi\u00f3n debe conocer.\",\"breadcrumb\":{\"@id\":\"https:\/\/www.celttv.com.ar\/index.php\/2020\/07\/21\/no-a-algunos-por-la-mentira-si-a-todos-por-la-verdad\/#breadcrumb\"},\"inLanguage\":\"es\",\"potentialAction\":[{\"@type\":\"ReadAction\",\"target\":[\"https:\/\/www.celttv.com.ar\/index.php\/2020\/07\/21\/no-a-algunos-por-la-mentira-si-a-todos-por-la-verdad\/\"]}]},{\"@type\":\"BreadcrumbList\",\"@id\":\"https:\/\/www.celttv.com.ar\/index.php\/2020\/07\/21\/no-a-algunos-por-la-mentira-si-a-todos-por-la-verdad\/#breadcrumb\",\"itemListElement\":[{\"@type\":\"ListItem\",\"position\":1,\"name\":\"Inicio\",\"item\":\"https:\/\/www.celttv.com.ar\/\"},{\"@type\":\"ListItem\",\"position\":2,\"name\":\"NO A ALGUNOS POR LA MENTIRA, SI A TODOS POR LA VERDAD\"}]},{\"@type\":\"WebSite\",\"@id\":\"https:\/\/www.celttv.com.ar\/#website\",\"url\":\"https:\/\/www.celttv.com.ar\/\",\"name\":\"CELTTV\",\"description\":\"Cooperativa El\u00e9ctrica de Tornquist\",\"publisher\":{\"@id\":\"https:\/\/www.celttv.com.ar\/#organization\"},\"potentialAction\":[{\"@type\":\"SearchAction\",\"target\":{\"@type\":\"EntryPoint\",\"urlTemplate\":\"https:\/\/www.celttv.com.ar\/?s={search_term_string}\"},\"query-input\":\"required name=search_term_string\"}],\"inLanguage\":\"es\"},{\"@type\":\"Organization\",\"@id\":\"https:\/\/www.celttv.com.ar\/#organization\",\"name\":\"CELTTV\",\"url\":\"https:\/\/www.celttv.com.ar\/\",\"sameAs\":[\"https:\/\/www.youtube.com\/channel\/UCz_oIt8Hig64Ub-EmcNPIhg\",\"https:\/\/www.facebook.com\/celtTV\/\"],\"logo\":{\"@type\":\"ImageObject\",\"inLanguage\":\"es\",\"@id\":\"https:\/\/www.celttv.com.ar\/#\/schema\/logo\/image\/\",\"url\":\"http:\/\/www.celttv.com.ar\/wp-content\/uploads\/2022\/08\/logo-1.png\",\"contentUrl\":\"http:\/\/www.celttv.com.ar\/wp-content\/uploads\/2022\/08\/logo-1.png\",\"width\":461,\"height\":159,\"caption\":\"CELTTV\"},\"image\":{\"@id\":\"https:\/\/www.celttv.com.ar\/#\/schema\/logo\/image\/\"}},{\"@type\":\"Person\",\"@id\":\"https:\/\/www.celttv.com.ar\/#\/schema\/person\/6d99c072dba59953809c81446e9d0ace\",\"name\":\"ulises\",\"image\":{\"@type\":\"ImageObject\",\"inLanguage\":\"es\",\"@id\":\"https:\/\/www.celttv.com.ar\/#\/schema\/person\/image\/\",\"url\":\"https:\/\/secure.gravatar.com\/avatar\/7f2c48bdc33b30088f941fb6082e555f2874c98e20cb159d7b92b50eadfce793?s=96&d=mm&r=g\",\"contentUrl\":\"https:\/\/secure.gravatar.com\/avatar\/7f2c48bdc33b30088f941fb6082e555f2874c98e20cb159d7b92b50eadfce793?s=96&d=mm&r=g\",\"caption\":\"ulises\"},\"sameAs\":[\"http:\/\/www.celttv.com.ar\"]}]}<\/script>\n<!-- \/ Yoast SEO plugin. -->","yoast_head_json":{"title":"NO A ALGUNOS POR LA MENTIRA, SI A TODOS POR LA VERDAD - CELTTV","description":"Sitio web de noticias de la localidad de Tornquist, provincia de Buenos Aires, Rep\u00fablica Argentina. Contenido propio originado por periodistas de CELTTV, el canal de TV local de la Cooperativa El\u00e9ctrica de Tornquist. Turismo, Pol\u00edtica, Sociedad, Deporte, Cultura y todo el contenido de inter\u00e9s general que la gente del pueblo y la regi\u00f3n debe conocer.","robots":{"index":"index","follow":"follow","max-snippet":"max-snippet:-1","max-image-preview":"max-image-preview:large","max-video-preview":"max-video-preview:-1"},"canonical":"https:\/\/www.celttv.com.ar\/index.php\/2020\/07\/21\/no-a-algunos-por-la-mentira-si-a-todos-por-la-verdad\/","og_locale":"es_ES","og_type":"article","og_title":"NO A ALGUNOS POR LA MENTIRA, SI A TODOS POR LA VERDAD - CELTTV","og_description":"Sitio web de noticias de la localidad de Tornquist, provincia de Buenos Aires, Rep\u00fablica Argentina. Contenido propio originado por periodistas de CELTTV, el canal de TV local de la Cooperativa El\u00e9ctrica de Tornquist. Turismo, Pol\u00edtica, Sociedad, Deporte, Cultura y todo el contenido de inter\u00e9s general que la gente del pueblo y la regi\u00f3n debe conocer.","og_url":"https:\/\/www.celttv.com.ar\/index.php\/2020\/07\/21\/no-a-algunos-por-la-mentira-si-a-todos-por-la-verdad\/","og_site_name":"CELTTV","article_publisher":"https:\/\/www.facebook.com\/celtTV\/","article_published_time":"2020-07-21T19:18:14+00:00","og_image":[{"width":463,"height":657,"url":"https:\/\/www.celttv.com.ar\/wp-content\/uploads\/2020\/07\/LOGO-FINAL.jpg","type":"image\/jpeg"}],"author":"ulises","twitter_card":"summary_large_image","twitter_misc":{"Escrito por":"ulises","Tiempo de lectura":"2 minutos"},"schema":{"@context":"https:\/\/schema.org","@graph":[{"@type":"NewsArticle","@id":"https:\/\/www.celttv.com.ar\/index.php\/2020\/07\/21\/no-a-algunos-por-la-mentira-si-a-todos-por-la-verdad\/#article","isPartOf":{"@id":"https:\/\/www.celttv.com.ar\/index.php\/2020\/07\/21\/no-a-algunos-por-la-mentira-si-a-todos-por-la-verdad\/"},"author":{"name":"ulises","@id":"https:\/\/www.celttv.com.ar\/#\/schema\/person\/6d99c072dba59953809c81446e9d0ace"},"headline":"NO A ALGUNOS POR LA MENTIRA, SI A TODOS POR LA VERDAD","datePublished":"2020-07-21T19:18:14+00:00","dateModified":"2020-07-21T19:18:14+00:00","mainEntityOfPage":{"@id":"https:\/\/www.celttv.com.ar\/index.php\/2020\/07\/21\/no-a-algunos-por-la-mentira-si-a-todos-por-la-verdad\/"},"wordCount":478,"publisher":{"@id":"https:\/\/www.celttv.com.ar\/#organization"},"articleSection":["Comunidad","Destacadas","Pol\u00edtica"],"inLanguage":"es"},{"@type":"WebPage","@id":"https:\/\/www.celttv.com.ar\/index.php\/2020\/07\/21\/no-a-algunos-por-la-mentira-si-a-todos-por-la-verdad\/","url":"https:\/\/www.celttv.com.ar\/index.php\/2020\/07\/21\/no-a-algunos-por-la-mentira-si-a-todos-por-la-verdad\/","name":"NO A ALGUNOS POR LA MENTIRA, SI A TODOS POR LA VERDAD - CELTTV","isPartOf":{"@id":"https:\/\/www.celttv.com.ar\/#website"},"datePublished":"2020-07-21T19:18:14+00:00","dateModified":"2020-07-21T19:18:14+00:00","description":"Sitio web de noticias de la localidad de Tornquist, provincia de Buenos Aires, Rep\u00fablica Argentina. Contenido propio originado por periodistas de CELTTV, el canal de TV local de la Cooperativa El\u00e9ctrica de Tornquist. Turismo, Pol\u00edtica, Sociedad, Deporte, Cultura y todo el contenido de inter\u00e9s general que la gente del pueblo y la regi\u00f3n debe conocer.","breadcrumb":{"@id":"https:\/\/www.celttv.com.ar\/index.php\/2020\/07\/21\/no-a-algunos-por-la-mentira-si-a-todos-por-la-verdad\/#breadcrumb"},"inLanguage":"es","potentialAction":[{"@type":"ReadAction","target":["https:\/\/www.celttv.com.ar\/index.php\/2020\/07\/21\/no-a-algunos-por-la-mentira-si-a-todos-por-la-verdad\/"]}]},{"@type":"BreadcrumbList","@id":"https:\/\/www.celttv.com.ar\/index.php\/2020\/07\/21\/no-a-algunos-por-la-mentira-si-a-todos-por-la-verdad\/#breadcrumb","itemListElement":[{"@type":"ListItem","position":1,"name":"Inicio","item":"https:\/\/www.celttv.com.ar\/"},{"@type":"ListItem","position":2,"name":"NO A ALGUNOS POR LA MENTIRA, SI A TODOS POR LA VERDAD"}]},{"@type":"WebSite","@id":"https:\/\/www.celttv.com.ar\/#website","url":"https:\/\/www.celttv.com.ar\/","name":"CELTTV","description":"Cooperativa El\u00e9ctrica de Tornquist","publisher":{"@id":"https:\/\/www.celttv.com.ar\/#organization"},"potentialAction":[{"@type":"SearchAction","target":{"@type":"EntryPoint","urlTemplate":"https:\/\/www.celttv.com.ar\/?s={search_term_string}"},"query-input":"required name=search_term_string"}],"inLanguage":"es"},{"@type":"Organization","@id":"https:\/\/www.celttv.com.ar\/#organization","name":"CELTTV","url":"https:\/\/www.celttv.com.ar\/","sameAs":["https:\/\/www.youtube.com\/channel\/UCz_oIt8Hig64Ub-EmcNPIhg","https:\/\/www.facebook.com\/celtTV\/"],"logo":{"@type":"ImageObject","inLanguage":"es","@id":"https:\/\/www.celttv.com.ar\/#\/schema\/logo\/image\/","url":"http:\/\/www.celttv.com.ar\/wp-content\/uploads\/2022\/08\/logo-1.png","contentUrl":"http:\/\/www.celttv.com.ar\/wp-content\/uploads\/2022\/08\/logo-1.png","width":461,"height":159,"caption":"CELTTV"},"image":{"@id":"https:\/\/www.celttv.com.ar\/#\/schema\/logo\/image\/"}},{"@type":"Person","@id":"https:\/\/www.celttv.com.ar\/#\/schema\/person\/6d99c072dba59953809c81446e9d0ace","name":"ulises","image":{"@type":"ImageObject","inLanguage":"es","@id":"https:\/\/www.celttv.com.ar\/#\/schema\/person\/image\/","url":"https:\/\/secure.gravatar.com\/avatar\/7f2c48bdc33b30088f941fb6082e555f2874c98e20cb159d7b92b50eadfce793?s=96&d=mm&r=g","contentUrl":"https:\/\/secure.gravatar.com\/avatar\/7f2c48bdc33b30088f941fb6082e555f2874c98e20cb159d7b92b50eadfce793?s=96&d=mm&r=g","caption":"ulises"},"sameAs":["http:\/\/www.celttv.com.ar"]}]}},"_links":{"self":[{"href":"https:\/\/www.celttv.com.ar\/index.php\/wp-json\/wp\/v2\/posts\/50664","targetHints":{"allow":["GET"]}}],"collection":[{"href":"https:\/\/www.celttv.com.ar\/index.php\/wp-json\/wp\/v2\/posts"}],"about":[{"href":"https:\/\/www.celttv.com.ar\/index.php\/wp-json\/wp\/v2\/types\/post"}],"author":[{"embeddable":true,"href":"https:\/\/www.celttv.com.ar\/index.php\/wp-json\/wp\/v2\/users\/1"}],"replies":[{"embeddable":true,"href":"https:\/\/www.celttv.com.ar\/index.php\/wp-json\/wp\/v2\/comments?post=50664"}],"version-history":[{"count":0,"href":"https:\/\/www.celttv.com.ar\/index.php\/wp-json\/wp\/v2\/posts\/50664\/revisions"}],"wp:featuredmedia":[{"embeddable":true,"href":"https:\/\/www.celttv.com.ar\/index.php\/wp-json\/wp\/v2\/media\/50666"}],"wp:attachment":[{"href":"https:\/\/www.celttv.com.ar\/index.php\/wp-json\/wp\/v2\/media?parent=50664"}],"wp:term":[{"taxonomy":"category","embeddable":true,"href":"https:\/\/www.celttv.com.ar\/index.php\/wp-json\/wp\/v2\/categories?post=50664"},{"taxonomy":"post_tag","embeddable":true,"href":"https:\/\/www.celttv.com.ar\/index.php\/wp-json\/wp\/v2\/tags?post=50664"}],"curies":[{"name":"wp","href":"https:\/\/api.w.org\/{rel}","templated":true}]}}