{"id":50669,"date":"2020-07-21T20:09:37","date_gmt":"2020-07-21T20:09:37","guid":{"rendered":"http:\/\/www.celttv.com.ar\/?p=50669"},"modified":"2020-07-21T20:09:37","modified_gmt":"2020-07-21T20:09:37","slug":"provincia-leasing-anuncio-la-ampliacion-a-1000-millones-de-su-linea-para-municipios-bonaerenses-y-firmo-acuerdos-por-322-1-millones","status":"publish","type":"post","link":"https:\/\/www.celttv.com.ar\/index.php\/2020\/07\/21\/provincia-leasing-anuncio-la-ampliacion-a-1000-millones-de-su-linea-para-municipios-bonaerenses-y-firmo-acuerdos-por-322-1-millones\/","title":{"rendered":"PROVINCIA LEASING ANUNCI\u00d3 LA AMPLIACI\u00d3N A $1000 MILLONES DE SU L\u00cdNEA PARA MUNICIPIOS BONAERENSES y FIRM\u00d3 ACUERDOS POR $322.1 MILLONES"},"content":{"rendered":"<p>El gobernador Axel Kicillof encabez\u00f3 esta ma\u00f1ana la firma de acuerdos de leasing entre Provincia Leasing y veinticuatro municipios bonaerenses por $322.1 millones, junto al presidente del Banco Provincia, Juan Cuattromo y Valeria Dallera, presidenta de Provincia Leasing. Adem\u00e1s, anunci\u00f3 la ampliaci\u00f3n de la l\u00ednea de $600 millones a $1000 millones.<br \/>\nLos jefes comunales suscribieron convenios para la incorporaci\u00f3n de equipamiento destinado a optimizar el sistema de salud y favorecer los servicios de seguridad, recolecci\u00f3n, barrido y limpieza, necesarios para atenuar los efectos de la pandemia.<br \/>\nEl evento se realiz\u00f3 mediante una teleconferencia con los intendentes: Alejandro Dichiara (Monte Hermoso); Ariel Sujarchuk (Escobar); Carlos Bevilacqua (Villarino); Esteban Santoro (General Madariaga); Juan Jos\u00e9 Fioramonti (Lober\u00eda); Juan Zabaleta (Hurlingham); Ricardo Alessandro (Salto); Marcelo Santill\u00e1n (Gonz\u00e1les Chaves); Ricardo Casi (Col\u00f3n); Esteban Reino (Balcarce); Julio Marini (Benito Ju\u00e1rez); Luis Ignacio Pugnaloni (Hip\u00f3lito Yrigoyen); Erica Revilla (General Arenales); Pablo Torres (Laprida); Maximiliano Suescun (Rauch); Mar\u00eda Celia Gianini (Carlos Tejedor); Ra\u00fal Reyes (Coronel Dorrego); Guillermo Pacheco (Pellegrini); Franco Flexas (General Viamonte); Mariel Fern\u00e1ndez (Moreno); Sergio Bordoni (Tornquist); Lucas Ghi (Mor\u00f3n); Juan Jos\u00e9 Mussi (Berazategui) y Nicol\u00e1s Mantegazza (San Vicente).<br \/>\n\u201cEsta l\u00ednea est\u00e1 destinada a la compra de equipamiento vinculado a cuestiones sanitarias y a los diferentes trabajos que los municipios tienen que hacer para la reactivaci\u00f3n tras la pandemia\u201d, se\u00f1al\u00f3 Kicillof y agreg\u00f3: \u201cHab\u00edamos establecido una l\u00ednea de 600 millones de pesos y la extendimos debido a la amplia demanda\u201d.<br \/>\nEn ese sentido el Gobernador subray\u00f3 que \u201ces un programa muy conveniente y los resultados los tenemos a la vista, porque much\u00edsimos municipios han accedido y lo est\u00e1n utilizando\u201d, y finaliz\u00f3: \u201cLa pol\u00edtica del Gobierno provincial se realiza a trav\u00e9s de los 135 intendentes, por eso estamos muy contentos de firmar hoy estos convenios para la compra de equipamiento\u201d. Asimismo, agradeci\u00f3 a Provincia Leasing por la velocidad y diligencia para llevar adelante el contacto y las gestiones con los municipios.<br \/>\n\u201cEn lo que va del a\u00f1o 34 municipios bonaerenses cerraron acuerdos de leasing por m\u00e1s de 590 millones de pesos\u201d, asegur\u00f3 el presidente de Banco Provincia, Juan Cuattromo. Y resalt\u00f3 que \u201cesta herramienta financiera es muy valorada porque adem\u00e1s de generarle un ahorro a los municipios les permite adquirir los bienes y empezar a pagar dentro de 3 meses, cuando pase el peor momento de la pandemia\u201d.<br \/>\nCuattromo tambi\u00e9n explic\u00f3 que \u201cel leasing es un mecanismo de respuesta para dotar de capacidad de gesti\u00f3n a los intendentes e intendentas sin distinci\u00f3n\u201d. Y a\u00f1adi\u00f3 que \u201ctodas estas iniciativas se generan gracias al di\u00e1logo permanente con cada municipio y al trabajo integrado del Banco y el Grupo Provincia\u201d.<br \/>\nDurante la reuni\u00f3n, los intendentes comentaron las posibilidades que genera el acceso a esta herramienta de financiaci\u00f3n. Sujarchuk agradeci\u00f3 \u201cel acceso del cr\u00e9dito y la rapidez con que nos respondieron\u201d y agreg\u00f3 que lo utilizar\u00e1n para la compra de \u201cveh\u00edculos que van a ser aportados al sistema de seguridad\u201d. En el mismo sentido, Mariel Fern\u00e1ndez destac\u00f3 que \u201cen Moreno estamos organizando un sistema integral para la recolecci\u00f3n de residuos. Es muy importante el aporte a esta flota de camiones\u201d.<br \/>\nPor otro lado, Esteban Reino explic\u00f3 que destinar\u00e1n la herramienta a la compra de un tom\u00f3grafo que \u201ces un paso muy importante para la ciudad de Balcarce y para descongestionar el hospital regional con un centro de diagn\u00f3stico\u201d. Por su parte, Ricardo Casi se\u00f1al\u00f3 que \u201ceste tipo de herramientas permiten fortalecer todas las \u00e1reas de nuestro municipio\u201d.<br \/>\nLa iniciativa de Provincia Leasing ofrece una financiaci\u00f3n del 100% del bien en hasta 48 cuotas y un per\u00edodo de gracia de 3 meses para el pago de c\u00e1nones desde la firma del contrato. De esta forma, los municipios asistidos reciben bienes destinados a enfrentar la pandemia, tales como: ambulancias, equipos de salud, maquinarias, equipamiento de construcci\u00f3n y veh\u00edculos, entre otros.<\/p>\n","protected":false},"excerpt":{"rendered":"<p>El gobernador Axel Kicillof encabez\u00f3 esta ma\u00f1ana la firma de acuerdos de leasing entre Provincia Leasing y veinticuatro municipios bonaerenses por $322.1 millones, junto al presidente del Banco Provincia, Juan Cuattromo y Valeria Dallera, presidenta de Provincia Leasing. Adem\u00e1s, anunci\u00f3 la ampliaci\u00f3n de la l\u00ednea de $600 millones a $1000 millones. Los jefes comunales suscribieron [&hellip;]<\/p>\n","protected":false},"author":1,"featured_media":50670,"comment_status":"closed","ping_status":"open","sticky":false,"template":"","format":"standard","meta":{"footnotes":""},"categories":[51,52],"tags":[],"class_list":["post-50669","post","type-post","status-publish","format-standard","has-post-thumbnail","hentry","category-comunidad","category-destacadas"],"yoast_head":"<!-- This site is optimized with the Yoast SEO plugin v19.7.1 - https:\/\/yoast.com\/wordpress\/plugins\/seo\/ -->\n<title>PROVINCIA LEASING ANUNCI\u00d3 LA AMPLIACI\u00d3N A $1000 MILLONES DE SU L\u00cdNEA PARA MUNICIPIOS BONAERENSES y FIRM\u00d3 ACUERDOS POR $322.1 MILLONES - CELTTV<\/title>\n<meta name=\"description\" content=\"Sitio web de noticias de la localidad de Tornquist, provincia de Buenos Aires, Rep\u00fablica Argentina. Contenido propio originado por periodistas de CELTTV, el canal de TV local de la Cooperativa El\u00e9ctrica de Tornquist. Turismo, Pol\u00edtica, Sociedad, Deporte, Cultura y todo el contenido de inter\u00e9s general que la gente del pueblo y la regi\u00f3n debe conocer.\" \/>\n<meta name=\"robots\" content=\"index, follow, max-snippet:-1, max-image-preview:large, max-video-preview:-1\" \/>\n<link rel=\"canonical\" href=\"https:\/\/www.celttv.com.ar\/index.php\/2020\/07\/21\/provincia-leasing-anuncio-la-ampliacion-a-1000-millones-de-su-linea-para-municipios-bonaerenses-y-firmo-acuerdos-por-322-1-millones\/\" \/>\n<meta property=\"og:locale\" content=\"es_ES\" \/>\n<meta property=\"og:type\" content=\"article\" \/>\n<meta property=\"og:title\" content=\"PROVINCIA LEASING ANUNCI\u00d3 LA AMPLIACI\u00d3N A $1000 MILLONES DE SU L\u00cdNEA PARA MUNICIPIOS BONAERENSES y FIRM\u00d3 ACUERDOS POR $322.1 MILLONES - CELTTV\" \/>\n<meta property=\"og:description\" content=\"Sitio web de noticias de la localidad de Tornquist, provincia de Buenos Aires, Rep\u00fablica Argentina. Contenido propio originado por periodistas de CELTTV, el canal de TV local de la Cooperativa El\u00e9ctrica de Tornquist. Turismo, Pol\u00edtica, Sociedad, Deporte, Cultura y todo el contenido de inter\u00e9s general que la gente del pueblo y la regi\u00f3n debe conocer.\" \/>\n<meta property=\"og:url\" content=\"https:\/\/www.celttv.com.ar\/index.php\/2020\/07\/21\/provincia-leasing-anuncio-la-ampliacion-a-1000-millones-de-su-linea-para-municipios-bonaerenses-y-firmo-acuerdos-por-322-1-millones\/\" \/>\n<meta property=\"og:site_name\" content=\"CELTTV\" \/>\n<meta property=\"article:publisher\" content=\"https:\/\/www.facebook.com\/celtTV\/\" \/>\n<meta property=\"article:published_time\" content=\"2020-07-21T20:09:37+00:00\" \/>\n<meta property=\"og:image\" content=\"https:\/\/www.celttv.com.ar\/wp-content\/uploads\/2020\/07\/gobernpro-Medium.jpg\" \/>\n\t<meta property=\"og:image:width\" content=\"1229\" \/>\n\t<meta property=\"og:image:height\" content=\"768\" \/>\n\t<meta property=\"og:image:type\" content=\"image\/jpeg\" \/>\n<meta name=\"author\" content=\"ulises\" \/>\n<meta name=\"twitter:card\" content=\"summary_large_image\" \/>\n<meta name=\"twitter:label1\" content=\"Escrito por\" \/>\n\t<meta name=\"twitter:data1\" content=\"ulises\" \/>\n\t<meta name=\"twitter:label2\" content=\"Tiempo de lectura\" \/>\n\t<meta name=\"twitter:data2\" content=\"3 minutos\" \/>\n<script type=\"application\/ld+json\" class=\"yoast-schema-graph\">{\"@context\":\"https:\/\/schema.org\",\"@graph\":[{\"@type\":\"NewsArticle\",\"@id\":\"https:\/\/www.celttv.com.ar\/index.php\/2020\/07\/21\/provincia-leasing-anuncio-la-ampliacion-a-1000-millones-de-su-linea-para-municipios-bonaerenses-y-firmo-acuerdos-por-322-1-millones\/#article\",\"isPartOf\":{\"@id\":\"https:\/\/www.celttv.com.ar\/index.php\/2020\/07\/21\/provincia-leasing-anuncio-la-ampliacion-a-1000-millones-de-su-linea-para-municipios-bonaerenses-y-firmo-acuerdos-por-322-1-millones\/\"},\"author\":{\"name\":\"ulises\",\"@id\":\"https:\/\/www.celttv.com.ar\/#\/schema\/person\/6d99c072dba59953809c81446e9d0ace\"},\"headline\":\"PROVINCIA LEASING ANUNCI\u00d3 LA AMPLIACI\u00d3N A $1000 MILLONES DE SU L\u00cdNEA PARA MUNICIPIOS BONAERENSES y FIRM\u00d3 ACUERDOS POR $322.1 MILLONES\",\"datePublished\":\"2020-07-21T20:09:37+00:00\",\"dateModified\":\"2020-07-21T20:09:37+00:00\",\"mainEntityOfPage\":{\"@id\":\"https:\/\/www.celttv.com.ar\/index.php\/2020\/07\/21\/provincia-leasing-anuncio-la-ampliacion-a-1000-millones-de-su-linea-para-municipios-bonaerenses-y-firmo-acuerdos-por-322-1-millones\/\"},\"wordCount\":686,\"publisher\":{\"@id\":\"https:\/\/www.celttv.com.ar\/#organization\"},\"articleSection\":[\"Comunidad\",\"Destacadas\"],\"inLanguage\":\"es\"},{\"@type\":\"WebPage\",\"@id\":\"https:\/\/www.celttv.com.ar\/index.php\/2020\/07\/21\/provincia-leasing-anuncio-la-ampliacion-a-1000-millones-de-su-linea-para-municipios-bonaerenses-y-firmo-acuerdos-por-322-1-millones\/\",\"url\":\"https:\/\/www.celttv.com.ar\/index.php\/2020\/07\/21\/provincia-leasing-anuncio-la-ampliacion-a-1000-millones-de-su-linea-para-municipios-bonaerenses-y-firmo-acuerdos-por-322-1-millones\/\",\"name\":\"PROVINCIA LEASING ANUNCI\u00d3 LA AMPLIACI\u00d3N A $1000 MILLONES DE SU L\u00cdNEA PARA MUNICIPIOS BONAERENSES y FIRM\u00d3 ACUERDOS POR $322.1 MILLONES - CELTTV\",\"isPartOf\":{\"@id\":\"https:\/\/www.celttv.com.ar\/#website\"},\"datePublished\":\"2020-07-21T20:09:37+00:00\",\"dateModified\":\"2020-07-21T20:09:37+00:00\",\"description\":\"Sitio web de noticias de la localidad de Tornquist, provincia de Buenos Aires, Rep\u00fablica Argentina. Contenido propio originado por periodistas de CELTTV, el canal de TV local de la Cooperativa El\u00e9ctrica de Tornquist. Turismo, Pol\u00edtica, Sociedad, Deporte, Cultura y todo el contenido de inter\u00e9s general que la gente del pueblo y la regi\u00f3n debe conocer.\",\"breadcrumb\":{\"@id\":\"https:\/\/www.celttv.com.ar\/index.php\/2020\/07\/21\/provincia-leasing-anuncio-la-ampliacion-a-1000-millones-de-su-linea-para-municipios-bonaerenses-y-firmo-acuerdos-por-322-1-millones\/#breadcrumb\"},\"inLanguage\":\"es\",\"potentialAction\":[{\"@type\":\"ReadAction\",\"target\":[\"https:\/\/www.celttv.com.ar\/index.php\/2020\/07\/21\/provincia-leasing-anuncio-la-ampliacion-a-1000-millones-de-su-linea-para-municipios-bonaerenses-y-firmo-acuerdos-por-322-1-millones\/\"]}]},{\"@type\":\"BreadcrumbList\",\"@id\":\"https:\/\/www.celttv.com.ar\/index.php\/2020\/07\/21\/provincia-leasing-anuncio-la-ampliacion-a-1000-millones-de-su-linea-para-municipios-bonaerenses-y-firmo-acuerdos-por-322-1-millones\/#breadcrumb\",\"itemListElement\":[{\"@type\":\"ListItem\",\"position\":1,\"name\":\"Inicio\",\"item\":\"https:\/\/www.celttv.com.ar\/\"},{\"@type\":\"ListItem\",\"position\":2,\"name\":\"PROVINCIA LEASING ANUNCI\u00d3 LA AMPLIACI\u00d3N A $1000 MILLONES DE SU L\u00cdNEA PARA MUNICIPIOS BONAERENSES y FIRM\u00d3 ACUERDOS POR $322.1 MILLONES\"}]},{\"@type\":\"WebSite\",\"@id\":\"https:\/\/www.celttv.com.ar\/#website\",\"url\":\"https:\/\/www.celttv.com.ar\/\",\"name\":\"CELTTV\",\"description\":\"Cooperativa El\u00e9ctrica de Tornquist\",\"publisher\":{\"@id\":\"https:\/\/www.celttv.com.ar\/#organization\"},\"potentialAction\":[{\"@type\":\"SearchAction\",\"target\":{\"@type\":\"EntryPoint\",\"urlTemplate\":\"https:\/\/www.celttv.com.ar\/?s={search_term_string}\"},\"query-input\":\"required name=search_term_string\"}],\"inLanguage\":\"es\"},{\"@type\":\"Organization\",\"@id\":\"https:\/\/www.celttv.com.ar\/#organization\",\"name\":\"CELTTV\",\"url\":\"https:\/\/www.celttv.com.ar\/\",\"sameAs\":[\"https:\/\/www.youtube.com\/channel\/UCz_oIt8Hig64Ub-EmcNPIhg\",\"https:\/\/www.facebook.com\/celtTV\/\"],\"logo\":{\"@type\":\"ImageObject\",\"inLanguage\":\"es\",\"@id\":\"https:\/\/www.celttv.com.ar\/#\/schema\/logo\/image\/\",\"url\":\"http:\/\/www.celttv.com.ar\/wp-content\/uploads\/2022\/08\/logo-1.png\",\"contentUrl\":\"http:\/\/www.celttv.com.ar\/wp-content\/uploads\/2022\/08\/logo-1.png\",\"width\":461,\"height\":159,\"caption\":\"CELTTV\"},\"image\":{\"@id\":\"https:\/\/www.celttv.com.ar\/#\/schema\/logo\/image\/\"}},{\"@type\":\"Person\",\"@id\":\"https:\/\/www.celttv.com.ar\/#\/schema\/person\/6d99c072dba59953809c81446e9d0ace\",\"name\":\"ulises\",\"image\":{\"@type\":\"ImageObject\",\"inLanguage\":\"es\",\"@id\":\"https:\/\/www.celttv.com.ar\/#\/schema\/person\/image\/\",\"url\":\"https:\/\/secure.gravatar.com\/avatar\/7f2c48bdc33b30088f941fb6082e555f2874c98e20cb159d7b92b50eadfce793?s=96&d=mm&r=g\",\"contentUrl\":\"https:\/\/secure.gravatar.com\/avatar\/7f2c48bdc33b30088f941fb6082e555f2874c98e20cb159d7b92b50eadfce793?s=96&d=mm&r=g\",\"caption\":\"ulises\"},\"sameAs\":[\"http:\/\/www.celttv.com.ar\"]}]}<\/script>\n<!-- \/ Yoast SEO plugin. -->","yoast_head_json":{"title":"PROVINCIA LEASING ANUNCI\u00d3 LA AMPLIACI\u00d3N A $1000 MILLONES DE SU L\u00cdNEA PARA MUNICIPIOS BONAERENSES y FIRM\u00d3 ACUERDOS POR $322.1 MILLONES - CELTTV","description":"Sitio web de noticias de la localidad de Tornquist, provincia de Buenos Aires, Rep\u00fablica Argentina. Contenido propio originado por periodistas de CELTTV, el canal de TV local de la Cooperativa El\u00e9ctrica de Tornquist. Turismo, Pol\u00edtica, Sociedad, Deporte, Cultura y todo el contenido de inter\u00e9s general que la gente del pueblo y la regi\u00f3n debe conocer.","robots":{"index":"index","follow":"follow","max-snippet":"max-snippet:-1","max-image-preview":"max-image-preview:large","max-video-preview":"max-video-preview:-1"},"canonical":"https:\/\/www.celttv.com.ar\/index.php\/2020\/07\/21\/provincia-leasing-anuncio-la-ampliacion-a-1000-millones-de-su-linea-para-municipios-bonaerenses-y-firmo-acuerdos-por-322-1-millones\/","og_locale":"es_ES","og_type":"article","og_title":"PROVINCIA LEASING ANUNCI\u00d3 LA AMPLIACI\u00d3N A $1000 MILLONES DE SU L\u00cdNEA PARA MUNICIPIOS BONAERENSES y FIRM\u00d3 ACUERDOS POR $322.1 MILLONES - CELTTV","og_description":"Sitio web de noticias de la localidad de Tornquist, provincia de Buenos Aires, Rep\u00fablica Argentina. Contenido propio originado por periodistas de CELTTV, el canal de TV local de la Cooperativa El\u00e9ctrica de Tornquist. Turismo, Pol\u00edtica, Sociedad, Deporte, Cultura y todo el contenido de inter\u00e9s general que la gente del pueblo y la regi\u00f3n debe conocer.","og_url":"https:\/\/www.celttv.com.ar\/index.php\/2020\/07\/21\/provincia-leasing-anuncio-la-ampliacion-a-1000-millones-de-su-linea-para-municipios-bonaerenses-y-firmo-acuerdos-por-322-1-millones\/","og_site_name":"CELTTV","article_publisher":"https:\/\/www.facebook.com\/celtTV\/","article_published_time":"2020-07-21T20:09:37+00:00","og_image":[{"width":1229,"height":768,"url":"https:\/\/www.celttv.com.ar\/wp-content\/uploads\/2020\/07\/gobernpro-Medium.jpg","type":"image\/jpeg"}],"author":"ulises","twitter_card":"summary_large_image","twitter_misc":{"Escrito por":"ulises","Tiempo de lectura":"3 minutos"},"schema":{"@context":"https:\/\/schema.org","@graph":[{"@type":"NewsArticle","@id":"https:\/\/www.celttv.com.ar\/index.php\/2020\/07\/21\/provincia-leasing-anuncio-la-ampliacion-a-1000-millones-de-su-linea-para-municipios-bonaerenses-y-firmo-acuerdos-por-322-1-millones\/#article","isPartOf":{"@id":"https:\/\/www.celttv.com.ar\/index.php\/2020\/07\/21\/provincia-leasing-anuncio-la-ampliacion-a-1000-millones-de-su-linea-para-municipios-bonaerenses-y-firmo-acuerdos-por-322-1-millones\/"},"author":{"name":"ulises","@id":"https:\/\/www.celttv.com.ar\/#\/schema\/person\/6d99c072dba59953809c81446e9d0ace"},"headline":"PROVINCIA LEASING ANUNCI\u00d3 LA AMPLIACI\u00d3N A $1000 MILLONES DE SU L\u00cdNEA PARA MUNICIPIOS BONAERENSES y FIRM\u00d3 ACUERDOS POR $322.1 MILLONES","datePublished":"2020-07-21T20:09:37+00:00","dateModified":"2020-07-21T20:09:37+00:00","mainEntityOfPage":{"@id":"https:\/\/www.celttv.com.ar\/index.php\/2020\/07\/21\/provincia-leasing-anuncio-la-ampliacion-a-1000-millones-de-su-linea-para-municipios-bonaerenses-y-firmo-acuerdos-por-322-1-millones\/"},"wordCount":686,"publisher":{"@id":"https:\/\/www.celttv.com.ar\/#organization"},"articleSection":["Comunidad","Destacadas"],"inLanguage":"es"},{"@type":"WebPage","@id":"https:\/\/www.celttv.com.ar\/index.php\/2020\/07\/21\/provincia-leasing-anuncio-la-ampliacion-a-1000-millones-de-su-linea-para-municipios-bonaerenses-y-firmo-acuerdos-por-322-1-millones\/","url":"https:\/\/www.celttv.com.ar\/index.php\/2020\/07\/21\/provincia-leasing-anuncio-la-ampliacion-a-1000-millones-de-su-linea-para-municipios-bonaerenses-y-firmo-acuerdos-por-322-1-millones\/","name":"PROVINCIA LEASING ANUNCI\u00d3 LA AMPLIACI\u00d3N A $1000 MILLONES DE SU L\u00cdNEA PARA MUNICIPIOS BONAERENSES y FIRM\u00d3 ACUERDOS POR $322.1 MILLONES - CELTTV","isPartOf":{"@id":"https:\/\/www.celttv.com.ar\/#website"},"datePublished":"2020-07-21T20:09:37+00:00","dateModified":"2020-07-21T20:09:37+00:00","description":"Sitio web de noticias de la localidad de Tornquist, provincia de Buenos Aires, Rep\u00fablica Argentina. Contenido propio originado por periodistas de CELTTV, el canal de TV local de la Cooperativa El\u00e9ctrica de Tornquist. Turismo, Pol\u00edtica, Sociedad, Deporte, Cultura y todo el contenido de inter\u00e9s general que la gente del pueblo y la regi\u00f3n debe conocer.","breadcrumb":{"@id":"https:\/\/www.celttv.com.ar\/index.php\/2020\/07\/21\/provincia-leasing-anuncio-la-ampliacion-a-1000-millones-de-su-linea-para-municipios-bonaerenses-y-firmo-acuerdos-por-322-1-millones\/#breadcrumb"},"inLanguage":"es","potentialAction":[{"@type":"ReadAction","target":["https:\/\/www.celttv.com.ar\/index.php\/2020\/07\/21\/provincia-leasing-anuncio-la-ampliacion-a-1000-millones-de-su-linea-para-municipios-bonaerenses-y-firmo-acuerdos-por-322-1-millones\/"]}]},{"@type":"BreadcrumbList","@id":"https:\/\/www.celttv.com.ar\/index.php\/2020\/07\/21\/provincia-leasing-anuncio-la-ampliacion-a-1000-millones-de-su-linea-para-municipios-bonaerenses-y-firmo-acuerdos-por-322-1-millones\/#breadcrumb","itemListElement":[{"@type":"ListItem","position":1,"name":"Inicio","item":"https:\/\/www.celttv.com.ar\/"},{"@type":"ListItem","position":2,"name":"PROVINCIA LEASING ANUNCI\u00d3 LA AMPLIACI\u00d3N A $1000 MILLONES DE SU L\u00cdNEA PARA MUNICIPIOS BONAERENSES y FIRM\u00d3 ACUERDOS POR $322.1 MILLONES"}]},{"@type":"WebSite","@id":"https:\/\/www.celttv.com.ar\/#website","url":"https:\/\/www.celttv.com.ar\/","name":"CELTTV","description":"Cooperativa El\u00e9ctrica de Tornquist","publisher":{"@id":"https:\/\/www.celttv.com.ar\/#organization"},"potentialAction":[{"@type":"SearchAction","target":{"@type":"EntryPoint","urlTemplate":"https:\/\/www.celttv.com.ar\/?s={search_term_string}"},"query-input":"required name=search_term_string"}],"inLanguage":"es"},{"@type":"Organization","@id":"https:\/\/www.celttv.com.ar\/#organization","name":"CELTTV","url":"https:\/\/www.celttv.com.ar\/","sameAs":["https:\/\/www.youtube.com\/channel\/UCz_oIt8Hig64Ub-EmcNPIhg","https:\/\/www.facebook.com\/celtTV\/"],"logo":{"@type":"ImageObject","inLanguage":"es","@id":"https:\/\/www.celttv.com.ar\/#\/schema\/logo\/image\/","url":"http:\/\/www.celttv.com.ar\/wp-content\/uploads\/2022\/08\/logo-1.png","contentUrl":"http:\/\/www.celttv.com.ar\/wp-content\/uploads\/2022\/08\/logo-1.png","width":461,"height":159,"caption":"CELTTV"},"image":{"@id":"https:\/\/www.celttv.com.ar\/#\/schema\/logo\/image\/"}},{"@type":"Person","@id":"https:\/\/www.celttv.com.ar\/#\/schema\/person\/6d99c072dba59953809c81446e9d0ace","name":"ulises","image":{"@type":"ImageObject","inLanguage":"es","@id":"https:\/\/www.celttv.com.ar\/#\/schema\/person\/image\/","url":"https:\/\/secure.gravatar.com\/avatar\/7f2c48bdc33b30088f941fb6082e555f2874c98e20cb159d7b92b50eadfce793?s=96&d=mm&r=g","contentUrl":"https:\/\/secure.gravatar.com\/avatar\/7f2c48bdc33b30088f941fb6082e555f2874c98e20cb159d7b92b50eadfce793?s=96&d=mm&r=g","caption":"ulises"},"sameAs":["http:\/\/www.celttv.com.ar"]}]}},"_links":{"self":[{"href":"https:\/\/www.celttv.com.ar\/index.php\/wp-json\/wp\/v2\/posts\/50669","targetHints":{"allow":["GET"]}}],"collection":[{"href":"https:\/\/www.celttv.com.ar\/index.php\/wp-json\/wp\/v2\/posts"}],"about":[{"href":"https:\/\/www.celttv.com.ar\/index.php\/wp-json\/wp\/v2\/types\/post"}],"author":[{"embeddable":true,"href":"https:\/\/www.celttv.com.ar\/index.php\/wp-json\/wp\/v2\/users\/1"}],"replies":[{"embeddable":true,"href":"https:\/\/www.celttv.com.ar\/index.php\/wp-json\/wp\/v2\/comments?post=50669"}],"version-history":[{"count":0,"href":"https:\/\/www.celttv.com.ar\/index.php\/wp-json\/wp\/v2\/posts\/50669\/revisions"}],"wp:featuredmedia":[{"embeddable":true,"href":"https:\/\/www.celttv.com.ar\/index.php\/wp-json\/wp\/v2\/media\/50670"}],"wp:attachment":[{"href":"https:\/\/www.celttv.com.ar\/index.php\/wp-json\/wp\/v2\/media?parent=50669"}],"wp:term":[{"taxonomy":"category","embeddable":true,"href":"https:\/\/www.celttv.com.ar\/index.php\/wp-json\/wp\/v2\/categories?post=50669"},{"taxonomy":"post_tag","embeddable":true,"href":"https:\/\/www.celttv.com.ar\/index.php\/wp-json\/wp\/v2\/tags?post=50669"}],"curies":[{"name":"wp","href":"https:\/\/api.w.org\/{rel}","templated":true}]}}