{"id":50697,"date":"2020-07-22T15:45:56","date_gmt":"2020-07-22T15:45:56","guid":{"rendered":"http:\/\/www.celttv.com.ar\/?p=50697"},"modified":"2020-07-22T15:45:56","modified_gmt":"2020-07-22T15:45:56","slug":"la-secretaria-de-produccion-presento-el-plan-maestro-productivo-de-tornquist","status":"publish","type":"post","link":"https:\/\/www.celttv.com.ar\/index.php\/2020\/07\/22\/la-secretaria-de-produccion-presento-el-plan-maestro-productivo-de-tornquist\/","title":{"rendered":"La Secretar\u00eda de Producci\u00f3n present\u00f3 el Plan Maestro Productivo de Tornquist"},"content":{"rendered":"<p><span style=\"color: #222222;\"><span style=\"font-family: 'Futura Bk BT', serif;\"><span style=\"font-size: medium;\"><a href=\"http:\/\/www.celttv.com.ar\/?attachment_id=50698\" rel=\"attachment wp-att-50698\">HORTALIZAS_2020<\/a>\u00a0<\/span><\/span><\/span><\/p>\n<p><span style=\"color: #222222;\"><span style=\"font-family: 'Futura Bk BT', serif;\"><span style=\"font-size: medium;\">La Secretar\u00eda de Turismo, Producci\u00f3n, Comercio e Industria present\u00f3 ante los Ministerio de Desarrollo Agrario, el Ministerio de Producci\u00f3n de la Provincia de Buenos Aires y el Ministerio de Desarrollo Social en Econom\u00eda Social de la Naci\u00f3n, el plan Maestro de Producci\u00f3n Tornquist. <\/span><\/span><\/span><\/p>\n<p><span style=\"color: #222222;\"><span style=\"font-family: 'Futura Bk BT', serif;\"><span style=\"font-size: medium;\">Dicho plan estrat\u00e9gico tiene como objetivo el armado de productos alimenticios, y el desarrollo y fortalecimiento de las econom\u00edas regionales, a trav\u00e9s de industrias, pymes y cooperativas. <\/span><\/span><\/span><\/p>\n<p><span style=\"color: #222222;\"><span style=\"font-family: 'Futura Bk BT', serif;\"><span style=\"font-size: medium;\">Dentro del mismo se incluyen: <\/span><\/span><\/span><\/p>\n<ul>\n<li><span style=\"color: #222222;\"><span style=\"font-family: 'Futura Bk BT', serif;\"><span style=\"font-size: medium;\">Huertas comunitarias vinculadas a la Educaci\u00f3n, a trav\u00e9s del Copret<\/span><\/span><\/span><\/li>\n<li><span style=\"color: #222222;\"><span style=\"font-family: 'Futura Bk BT', serif;\"><span style=\"font-size: medium;\">Sala de elaboraci\u00f3n de chacinados<\/span><\/span><\/span><\/li>\n<li><span style=\"color: #222222;\"><span style=\"font-family: 'Futura Bk BT', serif;\"><span style=\"font-size: medium;\">Cuenca l\u00e1ctea<\/span><\/span><\/span><\/li>\n<li><span style=\"color: #222222;\"><span style=\"font-family: 'Futura Bk BT', serif;\"><span style=\"font-size: medium;\">Sala de elaboraci\u00f3n de quesos<\/span><\/span><\/span><\/li>\n<li><a name=\"Bookmark\"><\/a> <span style=\"color: #222222;\"><span style=\"font-family: 'Futura Bk BT', serif;\"><span style=\"font-size: medium;\">Fortalecimiento de la Cooperativa ap\u00edcola <\/span><\/span><\/span><\/li>\n<li><span style=\"color: #222222;\"><span style=\"font-family: 'Futura Bk BT', serif;\"><span style=\"font-size: medium;\">Fortalecimiento de la Sala de elaboraci\u00f3n del Mercado Comunitario de Saldungaray. <\/span><\/span><\/span><\/li>\n<\/ul>\n<p><span style=\"color: #222222;\"><span style=\"font-family: 'Futura Bk BT', serif;\"><span style=\"font-size: medium;\">Asimismo la cartera recuerda que el Ministerio de Desarrollo Agrario cre\u00f3 el programa Alimentos Bonaerenses con el objetivo de promover el desarrollo productivo de cada una de las actividades agropecuarias y de la pesca, mediante el impulso a la producci\u00f3n de alimentos. <\/span><\/span><\/span><\/p>\n<p><span style=\"color: #222222;\"><span style=\"font-family: 'Futura Bk BT', serif;\"><span style=\"font-size: medium;\">Una de las l\u00edneas de este programa, es la Promoci\u00f3n de la Agroecolog\u00eda, que busca promover el desarrollo de la producci\u00f3n como estrategia para estimular alternativas productivas y econ\u00f3micas, y diversificar la oferta local de alimentos. <\/span><\/span><\/span><\/p>\n<p><span style=\"color: #222222;\"><span style=\"font-family: 'Futura Bk BT', serif;\"><span style=\"font-size: medium;\">Los interesados en ser parte del Registro de Productores, deber\u00e1n acreditar identidad, identificar el predio y presentar un detalle del proceso productivo indicando manejos y practicas implementadas, a trav\u00e9s del siguiente link: <\/span><\/span><\/span><\/p>\n<p><a href=\"https:\/\/www.gba.gob.ar\/desarrollo_agrario\/alimentos_bonaerenses\">https:\/\/www.gba.gob.ar\/desarrollo_agrario\/alimentos_bonaerenses<\/a><\/p>\n<p><a href=\"http:\/\/www.celttv.com.ar\/?attachment_id=50704\" rel=\"attachment wp-att-50704\"><img loading=\"lazy\" decoding=\"async\" class=\"alignleft size-full wp-image-50704\" src=\"http:\/\/www.celttv.com.ar\/wp-content\/uploads\/2020\/07\/hortalizas-2020.jpg\" alt=\"\" width=\"430\" height=\"609\" srcset=\"https:\/\/www.celttv.com.ar\/wp-content\/uploads\/2020\/07\/hortalizas-2020.jpg 430w, https:\/\/www.celttv.com.ar\/wp-content\/uploads\/2020\/07\/hortalizas-2020-212x300.jpg 212w\" sizes=\"auto, (max-width: 430px) 100vw, 430px\" \/><\/a><\/p>\n","protected":false},"excerpt":{"rendered":"<p>HORTALIZAS_2020\u00a0 La Secretar\u00eda de Turismo, Producci\u00f3n, Comercio e Industria present\u00f3 ante los Ministerio de Desarrollo Agrario, el Ministerio de Producci\u00f3n de la Provincia de Buenos Aires y el Ministerio de Desarrollo Social en Econom\u00eda Social de la Naci\u00f3n, el plan Maestro de Producci\u00f3n Tornquist. Dicho plan estrat\u00e9gico tiene como objetivo el armado de productos alimenticios, [&hellip;]<\/p>\n","protected":false},"author":1,"featured_media":50704,"comment_status":"closed","ping_status":"open","sticky":false,"template":"","format":"standard","meta":{"footnotes":""},"categories":[51,52],"tags":[],"class_list":["post-50697","post","type-post","status-publish","format-standard","has-post-thumbnail","hentry","category-comunidad","category-destacadas"],"yoast_head":"<!-- This site is optimized with the Yoast SEO plugin v19.7.1 - https:\/\/yoast.com\/wordpress\/plugins\/seo\/ -->\n<title>La Secretar\u00eda de Producci\u00f3n present\u00f3 el Plan Maestro Productivo de Tornquist - CELTTV<\/title>\n<meta name=\"description\" content=\"Sitio web de noticias de la localidad de Tornquist, provincia de Buenos Aires, Rep\u00fablica Argentina. Contenido propio originado por periodistas de CELTTV, el canal de TV local de la Cooperativa El\u00e9ctrica de Tornquist. Turismo, Pol\u00edtica, Sociedad, Deporte, Cultura y todo el contenido de inter\u00e9s general que la gente del pueblo y la regi\u00f3n debe conocer.\" \/>\n<meta name=\"robots\" content=\"index, follow, max-snippet:-1, max-image-preview:large, max-video-preview:-1\" \/>\n<link rel=\"canonical\" href=\"https:\/\/www.celttv.com.ar\/index.php\/2020\/07\/22\/la-secretaria-de-produccion-presento-el-plan-maestro-productivo-de-tornquist\/\" \/>\n<meta property=\"og:locale\" content=\"es_ES\" \/>\n<meta property=\"og:type\" content=\"article\" \/>\n<meta property=\"og:title\" content=\"La Secretar\u00eda de Producci\u00f3n present\u00f3 el Plan Maestro Productivo de Tornquist - CELTTV\" \/>\n<meta property=\"og:description\" content=\"Sitio web de noticias de la localidad de Tornquist, provincia de Buenos Aires, Rep\u00fablica Argentina. Contenido propio originado por periodistas de CELTTV, el canal de TV local de la Cooperativa El\u00e9ctrica de Tornquist. Turismo, Pol\u00edtica, Sociedad, Deporte, Cultura y todo el contenido de inter\u00e9s general que la gente del pueblo y la regi\u00f3n debe conocer.\" \/>\n<meta property=\"og:url\" content=\"https:\/\/www.celttv.com.ar\/index.php\/2020\/07\/22\/la-secretaria-de-produccion-presento-el-plan-maestro-productivo-de-tornquist\/\" \/>\n<meta property=\"og:site_name\" content=\"CELTTV\" \/>\n<meta property=\"article:publisher\" content=\"https:\/\/www.facebook.com\/celtTV\/\" \/>\n<meta property=\"article:published_time\" content=\"2020-07-22T15:45:56+00:00\" \/>\n<meta property=\"og:image\" content=\"https:\/\/www.celttv.com.ar\/wp-content\/uploads\/2020\/07\/hortalizas-2020.jpg\" \/>\n\t<meta property=\"og:image:width\" content=\"430\" \/>\n\t<meta property=\"og:image:height\" content=\"609\" \/>\n\t<meta property=\"og:image:type\" content=\"image\/jpeg\" \/>\n<meta name=\"author\" content=\"ulises\" \/>\n<meta name=\"twitter:card\" content=\"summary_large_image\" \/>\n<meta name=\"twitter:label1\" content=\"Escrito por\" \/>\n\t<meta name=\"twitter:data1\" content=\"ulises\" \/>\n\t<meta name=\"twitter:label2\" content=\"Tiempo de lectura\" \/>\n\t<meta name=\"twitter:data2\" content=\"1 minuto\" \/>\n<script type=\"application\/ld+json\" class=\"yoast-schema-graph\">{\"@context\":\"https:\/\/schema.org\",\"@graph\":[{\"@type\":\"NewsArticle\",\"@id\":\"https:\/\/www.celttv.com.ar\/index.php\/2020\/07\/22\/la-secretaria-de-produccion-presento-el-plan-maestro-productivo-de-tornquist\/#article\",\"isPartOf\":{\"@id\":\"https:\/\/www.celttv.com.ar\/index.php\/2020\/07\/22\/la-secretaria-de-produccion-presento-el-plan-maestro-productivo-de-tornquist\/\"},\"author\":{\"name\":\"ulises\",\"@id\":\"https:\/\/www.celttv.com.ar\/#\/schema\/person\/6d99c072dba59953809c81446e9d0ace\"},\"headline\":\"La Secretar\u00eda de Producci\u00f3n present\u00f3 el Plan Maestro Productivo de Tornquist\",\"datePublished\":\"2020-07-22T15:45:56+00:00\",\"dateModified\":\"2020-07-22T15:45:56+00:00\",\"mainEntityOfPage\":{\"@id\":\"https:\/\/www.celttv.com.ar\/index.php\/2020\/07\/22\/la-secretaria-de-produccion-presento-el-plan-maestro-productivo-de-tornquist\/\"},\"wordCount\":270,\"publisher\":{\"@id\":\"https:\/\/www.celttv.com.ar\/#organization\"},\"articleSection\":[\"Comunidad\",\"Destacadas\"],\"inLanguage\":\"es\"},{\"@type\":\"WebPage\",\"@id\":\"https:\/\/www.celttv.com.ar\/index.php\/2020\/07\/22\/la-secretaria-de-produccion-presento-el-plan-maestro-productivo-de-tornquist\/\",\"url\":\"https:\/\/www.celttv.com.ar\/index.php\/2020\/07\/22\/la-secretaria-de-produccion-presento-el-plan-maestro-productivo-de-tornquist\/\",\"name\":\"La Secretar\u00eda de Producci\u00f3n present\u00f3 el Plan Maestro Productivo de Tornquist - CELTTV\",\"isPartOf\":{\"@id\":\"https:\/\/www.celttv.com.ar\/#website\"},\"datePublished\":\"2020-07-22T15:45:56+00:00\",\"dateModified\":\"2020-07-22T15:45:56+00:00\",\"description\":\"Sitio web de noticias de la localidad de Tornquist, provincia de Buenos Aires, Rep\u00fablica Argentina. Contenido propio originado por periodistas de CELTTV, el canal de TV local de la Cooperativa El\u00e9ctrica de Tornquist. Turismo, Pol\u00edtica, Sociedad, Deporte, Cultura y todo el contenido de inter\u00e9s general que la gente del pueblo y la regi\u00f3n debe conocer.\",\"breadcrumb\":{\"@id\":\"https:\/\/www.celttv.com.ar\/index.php\/2020\/07\/22\/la-secretaria-de-produccion-presento-el-plan-maestro-productivo-de-tornquist\/#breadcrumb\"},\"inLanguage\":\"es\",\"potentialAction\":[{\"@type\":\"ReadAction\",\"target\":[\"https:\/\/www.celttv.com.ar\/index.php\/2020\/07\/22\/la-secretaria-de-produccion-presento-el-plan-maestro-productivo-de-tornquist\/\"]}]},{\"@type\":\"BreadcrumbList\",\"@id\":\"https:\/\/www.celttv.com.ar\/index.php\/2020\/07\/22\/la-secretaria-de-produccion-presento-el-plan-maestro-productivo-de-tornquist\/#breadcrumb\",\"itemListElement\":[{\"@type\":\"ListItem\",\"position\":1,\"name\":\"Inicio\",\"item\":\"https:\/\/www.celttv.com.ar\/\"},{\"@type\":\"ListItem\",\"position\":2,\"name\":\"La Secretar\u00eda de Producci\u00f3n present\u00f3 el Plan Maestro Productivo de Tornquist\"}]},{\"@type\":\"WebSite\",\"@id\":\"https:\/\/www.celttv.com.ar\/#website\",\"url\":\"https:\/\/www.celttv.com.ar\/\",\"name\":\"CELTTV\",\"description\":\"Cooperativa El\u00e9ctrica de Tornquist\",\"publisher\":{\"@id\":\"https:\/\/www.celttv.com.ar\/#organization\"},\"potentialAction\":[{\"@type\":\"SearchAction\",\"target\":{\"@type\":\"EntryPoint\",\"urlTemplate\":\"https:\/\/www.celttv.com.ar\/?s={search_term_string}\"},\"query-input\":\"required name=search_term_string\"}],\"inLanguage\":\"es\"},{\"@type\":\"Organization\",\"@id\":\"https:\/\/www.celttv.com.ar\/#organization\",\"name\":\"CELTTV\",\"url\":\"https:\/\/www.celttv.com.ar\/\",\"sameAs\":[\"https:\/\/www.youtube.com\/channel\/UCz_oIt8Hig64Ub-EmcNPIhg\",\"https:\/\/www.facebook.com\/celtTV\/\"],\"logo\":{\"@type\":\"ImageObject\",\"inLanguage\":\"es\",\"@id\":\"https:\/\/www.celttv.com.ar\/#\/schema\/logo\/image\/\",\"url\":\"http:\/\/www.celttv.com.ar\/wp-content\/uploads\/2022\/08\/logo-1.png\",\"contentUrl\":\"http:\/\/www.celttv.com.ar\/wp-content\/uploads\/2022\/08\/logo-1.png\",\"width\":461,\"height\":159,\"caption\":\"CELTTV\"},\"image\":{\"@id\":\"https:\/\/www.celttv.com.ar\/#\/schema\/logo\/image\/\"}},{\"@type\":\"Person\",\"@id\":\"https:\/\/www.celttv.com.ar\/#\/schema\/person\/6d99c072dba59953809c81446e9d0ace\",\"name\":\"ulises\",\"image\":{\"@type\":\"ImageObject\",\"inLanguage\":\"es\",\"@id\":\"https:\/\/www.celttv.com.ar\/#\/schema\/person\/image\/\",\"url\":\"https:\/\/secure.gravatar.com\/avatar\/7f2c48bdc33b30088f941fb6082e555f2874c98e20cb159d7b92b50eadfce793?s=96&d=mm&r=g\",\"contentUrl\":\"https:\/\/secure.gravatar.com\/avatar\/7f2c48bdc33b30088f941fb6082e555f2874c98e20cb159d7b92b50eadfce793?s=96&d=mm&r=g\",\"caption\":\"ulises\"},\"sameAs\":[\"http:\/\/www.celttv.com.ar\"]}]}<\/script>\n<!-- \/ Yoast SEO plugin. -->","yoast_head_json":{"title":"La Secretar\u00eda de Producci\u00f3n present\u00f3 el Plan Maestro Productivo de Tornquist - CELTTV","description":"Sitio web de noticias de la localidad de Tornquist, provincia de Buenos Aires, Rep\u00fablica Argentina. Contenido propio originado por periodistas de CELTTV, el canal de TV local de la Cooperativa El\u00e9ctrica de Tornquist. Turismo, Pol\u00edtica, Sociedad, Deporte, Cultura y todo el contenido de inter\u00e9s general que la gente del pueblo y la regi\u00f3n debe conocer.","robots":{"index":"index","follow":"follow","max-snippet":"max-snippet:-1","max-image-preview":"max-image-preview:large","max-video-preview":"max-video-preview:-1"},"canonical":"https:\/\/www.celttv.com.ar\/index.php\/2020\/07\/22\/la-secretaria-de-produccion-presento-el-plan-maestro-productivo-de-tornquist\/","og_locale":"es_ES","og_type":"article","og_title":"La Secretar\u00eda de Producci\u00f3n present\u00f3 el Plan Maestro Productivo de Tornquist - CELTTV","og_description":"Sitio web de noticias de la localidad de Tornquist, provincia de Buenos Aires, Rep\u00fablica Argentina. Contenido propio originado por periodistas de CELTTV, el canal de TV local de la Cooperativa El\u00e9ctrica de Tornquist. Turismo, Pol\u00edtica, Sociedad, Deporte, Cultura y todo el contenido de inter\u00e9s general que la gente del pueblo y la regi\u00f3n debe conocer.","og_url":"https:\/\/www.celttv.com.ar\/index.php\/2020\/07\/22\/la-secretaria-de-produccion-presento-el-plan-maestro-productivo-de-tornquist\/","og_site_name":"CELTTV","article_publisher":"https:\/\/www.facebook.com\/celtTV\/","article_published_time":"2020-07-22T15:45:56+00:00","og_image":[{"width":430,"height":609,"url":"https:\/\/www.celttv.com.ar\/wp-content\/uploads\/2020\/07\/hortalizas-2020.jpg","type":"image\/jpeg"}],"author":"ulises","twitter_card":"summary_large_image","twitter_misc":{"Escrito por":"ulises","Tiempo de lectura":"1 minuto"},"schema":{"@context":"https:\/\/schema.org","@graph":[{"@type":"NewsArticle","@id":"https:\/\/www.celttv.com.ar\/index.php\/2020\/07\/22\/la-secretaria-de-produccion-presento-el-plan-maestro-productivo-de-tornquist\/#article","isPartOf":{"@id":"https:\/\/www.celttv.com.ar\/index.php\/2020\/07\/22\/la-secretaria-de-produccion-presento-el-plan-maestro-productivo-de-tornquist\/"},"author":{"name":"ulises","@id":"https:\/\/www.celttv.com.ar\/#\/schema\/person\/6d99c072dba59953809c81446e9d0ace"},"headline":"La Secretar\u00eda de Producci\u00f3n present\u00f3 el Plan Maestro Productivo de Tornquist","datePublished":"2020-07-22T15:45:56+00:00","dateModified":"2020-07-22T15:45:56+00:00","mainEntityOfPage":{"@id":"https:\/\/www.celttv.com.ar\/index.php\/2020\/07\/22\/la-secretaria-de-produccion-presento-el-plan-maestro-productivo-de-tornquist\/"},"wordCount":270,"publisher":{"@id":"https:\/\/www.celttv.com.ar\/#organization"},"articleSection":["Comunidad","Destacadas"],"inLanguage":"es"},{"@type":"WebPage","@id":"https:\/\/www.celttv.com.ar\/index.php\/2020\/07\/22\/la-secretaria-de-produccion-presento-el-plan-maestro-productivo-de-tornquist\/","url":"https:\/\/www.celttv.com.ar\/index.php\/2020\/07\/22\/la-secretaria-de-produccion-presento-el-plan-maestro-productivo-de-tornquist\/","name":"La Secretar\u00eda de Producci\u00f3n present\u00f3 el Plan Maestro Productivo de Tornquist - CELTTV","isPartOf":{"@id":"https:\/\/www.celttv.com.ar\/#website"},"datePublished":"2020-07-22T15:45:56+00:00","dateModified":"2020-07-22T15:45:56+00:00","description":"Sitio web de noticias de la localidad de Tornquist, provincia de Buenos Aires, Rep\u00fablica Argentina. Contenido propio originado por periodistas de CELTTV, el canal de TV local de la Cooperativa El\u00e9ctrica de Tornquist. Turismo, Pol\u00edtica, Sociedad, Deporte, Cultura y todo el contenido de inter\u00e9s general que la gente del pueblo y la regi\u00f3n debe conocer.","breadcrumb":{"@id":"https:\/\/www.celttv.com.ar\/index.php\/2020\/07\/22\/la-secretaria-de-produccion-presento-el-plan-maestro-productivo-de-tornquist\/#breadcrumb"},"inLanguage":"es","potentialAction":[{"@type":"ReadAction","target":["https:\/\/www.celttv.com.ar\/index.php\/2020\/07\/22\/la-secretaria-de-produccion-presento-el-plan-maestro-productivo-de-tornquist\/"]}]},{"@type":"BreadcrumbList","@id":"https:\/\/www.celttv.com.ar\/index.php\/2020\/07\/22\/la-secretaria-de-produccion-presento-el-plan-maestro-productivo-de-tornquist\/#breadcrumb","itemListElement":[{"@type":"ListItem","position":1,"name":"Inicio","item":"https:\/\/www.celttv.com.ar\/"},{"@type":"ListItem","position":2,"name":"La Secretar\u00eda de Producci\u00f3n present\u00f3 el Plan Maestro Productivo de Tornquist"}]},{"@type":"WebSite","@id":"https:\/\/www.celttv.com.ar\/#website","url":"https:\/\/www.celttv.com.ar\/","name":"CELTTV","description":"Cooperativa El\u00e9ctrica de Tornquist","publisher":{"@id":"https:\/\/www.celttv.com.ar\/#organization"},"potentialAction":[{"@type":"SearchAction","target":{"@type":"EntryPoint","urlTemplate":"https:\/\/www.celttv.com.ar\/?s={search_term_string}"},"query-input":"required name=search_term_string"}],"inLanguage":"es"},{"@type":"Organization","@id":"https:\/\/www.celttv.com.ar\/#organization","name":"CELTTV","url":"https:\/\/www.celttv.com.ar\/","sameAs":["https:\/\/www.youtube.com\/channel\/UCz_oIt8Hig64Ub-EmcNPIhg","https:\/\/www.facebook.com\/celtTV\/"],"logo":{"@type":"ImageObject","inLanguage":"es","@id":"https:\/\/www.celttv.com.ar\/#\/schema\/logo\/image\/","url":"http:\/\/www.celttv.com.ar\/wp-content\/uploads\/2022\/08\/logo-1.png","contentUrl":"http:\/\/www.celttv.com.ar\/wp-content\/uploads\/2022\/08\/logo-1.png","width":461,"height":159,"caption":"CELTTV"},"image":{"@id":"https:\/\/www.celttv.com.ar\/#\/schema\/logo\/image\/"}},{"@type":"Person","@id":"https:\/\/www.celttv.com.ar\/#\/schema\/person\/6d99c072dba59953809c81446e9d0ace","name":"ulises","image":{"@type":"ImageObject","inLanguage":"es","@id":"https:\/\/www.celttv.com.ar\/#\/schema\/person\/image\/","url":"https:\/\/secure.gravatar.com\/avatar\/7f2c48bdc33b30088f941fb6082e555f2874c98e20cb159d7b92b50eadfce793?s=96&d=mm&r=g","contentUrl":"https:\/\/secure.gravatar.com\/avatar\/7f2c48bdc33b30088f941fb6082e555f2874c98e20cb159d7b92b50eadfce793?s=96&d=mm&r=g","caption":"ulises"},"sameAs":["http:\/\/www.celttv.com.ar"]}]}},"_links":{"self":[{"href":"https:\/\/www.celttv.com.ar\/index.php\/wp-json\/wp\/v2\/posts\/50697","targetHints":{"allow":["GET"]}}],"collection":[{"href":"https:\/\/www.celttv.com.ar\/index.php\/wp-json\/wp\/v2\/posts"}],"about":[{"href":"https:\/\/www.celttv.com.ar\/index.php\/wp-json\/wp\/v2\/types\/post"}],"author":[{"embeddable":true,"href":"https:\/\/www.celttv.com.ar\/index.php\/wp-json\/wp\/v2\/users\/1"}],"replies":[{"embeddable":true,"href":"https:\/\/www.celttv.com.ar\/index.php\/wp-json\/wp\/v2\/comments?post=50697"}],"version-history":[{"count":0,"href":"https:\/\/www.celttv.com.ar\/index.php\/wp-json\/wp\/v2\/posts\/50697\/revisions"}],"wp:featuredmedia":[{"embeddable":true,"href":"https:\/\/www.celttv.com.ar\/index.php\/wp-json\/wp\/v2\/media\/50704"}],"wp:attachment":[{"href":"https:\/\/www.celttv.com.ar\/index.php\/wp-json\/wp\/v2\/media?parent=50697"}],"wp:term":[{"taxonomy":"category","embeddable":true,"href":"https:\/\/www.celttv.com.ar\/index.php\/wp-json\/wp\/v2\/categories?post=50697"},{"taxonomy":"post_tag","embeddable":true,"href":"https:\/\/www.celttv.com.ar\/index.php\/wp-json\/wp\/v2\/tags?post=50697"}],"curies":[{"name":"wp","href":"https:\/\/api.w.org\/{rel}","templated":true}]}}