{"id":50720,"date":"2020-07-23T02:04:17","date_gmt":"2020-07-23T02:04:17","guid":{"rendered":"http:\/\/www.celttv.com.ar\/?p=50720"},"modified":"2020-07-23T02:04:17","modified_gmt":"2020-07-23T02:04:17","slug":"segunda-renuncia-en-el-gabinete-de-bordoni","status":"publish","type":"post","link":"https:\/\/www.celttv.com.ar\/index.php\/2020\/07\/23\/segunda-renuncia-en-el-gabinete-de-bordoni\/","title":{"rendered":"Segunda renuncia en el gabinete de Bordoni"},"content":{"rendered":"<p>El subsecretario de Juventud y Empleo del municipio, doctor Gerardo Bucchi, present\u00f3 su renuncia a dicho cargo, tras no compartir la decisi\u00f3n del intendente Sergio Bordoni de abandonar el espacio pol\u00edtico &#8220;Juntos por el Cambio&#8221;<\/p>\n<p>Por tal motivo, Bucchi envi\u00f3 una carta al jefe comunal haciendo ver su descontento sobre su decisi\u00f3n y, a su vez, agradeciendo la oportunidad de haber podido trabajar a su lado con total libertad.<\/p>\n<p>Bucchi le comunic\u00f3 su decisi\u00f3n mediante una carta a la que tuvo acceso nuestro medio y en la que explica que deja su lugar en el gabinete al no encontrarse de acuerdo con la decisi\u00f3n del jefe comunal de integrar otro espacio pol\u00edtico.<\/p>\n<p>\u201cNos encontramos hoy en la inevitable situaci\u00f3n de reordenar nuestros rumbos\u201d, comienza el texto y contin\u00faa: \u201cLa decisi\u00f3n por Usted asumida de dejar de pertenecer al espacio pol\u00edtico que nos trajo al triunfo en ocho elecciones consecutivas, aparta nuestros caminos\u201d.<\/p>\n<p>\u201cEstos hermosos a\u00f1os fueron transitados haciendo lo mejor que pod\u00edamos y bajo banderas que nos un\u00edan y que superaban las disidencias puramente partidarias\u201d, dice m\u00e1s adelante.<\/p>\n<p>En otro p\u00e1rrafo, Bucchi redacta: \u201cBanderas que hablaban fundamentalmente de honestidad y de trabajo en favor de los que siempre fueron olvidados, de los que no se movilizan fan\u00e1ticamente, de los que esperan en sus casa la legitimidad de la pol\u00edtica; y tambi\u00e9n de los m\u00e1s humildes, aquellos postergados y enga\u00f1ados, que en la soledad de su abandono, esperaban en silencio\u201d.<\/p>\n<p>\u201cHoy debo retirarme por no poder acompa\u00f1ar su decisi\u00f3n, por ser la misma lejana a mis convicciones, a mis ilusiones y las de todos aquellos a quienes solicitamos acompa\u00f1amiento pol\u00edtico, en pos de los objetivos propuestos\u201d, a\u00f1ade.<\/p>\n<p>\u201cAgradezco enormemente el tiempo compartido, la libertad de trabajo que usted me ofreci\u00f3 y la simpleza con la pudimos resolver nuestros acuerdos y disidencias\u201d, afirma y cierra: \u201cPor todo ello renuncio al cargo que tengo el honor de ocupar como Subsecretario de Juventud y Empleo, con la seguridad de perseguir mis convicciones\u201d.<\/p>\n<p><strong>FUENTE: CELTTV\u00a0 y NT<\/strong><\/p>\n<p>&nbsp;<\/p>\n<p><a href=\"http:\/\/www.celttv.com.ar\/?attachment_id=50721\" rel=\"attachment wp-att-50721\"><img loading=\"lazy\" decoding=\"async\" class=\"alignleft size-full wp-image-50721\" src=\"http:\/\/www.celttv.com.ar\/wp-content\/uploads\/2020\/07\/Gerardo-Bucci-383x437-1.jpg\" alt=\"\" width=\"374\" height=\"271\" srcset=\"https:\/\/www.celttv.com.ar\/wp-content\/uploads\/2020\/07\/Gerardo-Bucci-383x437-1.jpg 374w, https:\/\/www.celttv.com.ar\/wp-content\/uploads\/2020\/07\/Gerardo-Bucci-383x437-1-300x217.jpg 300w, https:\/\/www.celttv.com.ar\/wp-content\/uploads\/2020\/07\/Gerardo-Bucci-383x437-1-120x86.jpg 120w\" sizes=\"auto, (max-width: 374px) 100vw, 374px\" \/><\/a><\/p>\n","protected":false},"excerpt":{"rendered":"<p>El subsecretario de Juventud y Empleo del municipio, doctor Gerardo Bucchi, present\u00f3 su renuncia a dicho cargo, tras no compartir la decisi\u00f3n del intendente Sergio Bordoni de abandonar el espacio pol\u00edtico &#8220;Juntos por el Cambio&#8221; Por tal motivo, Bucchi envi\u00f3 una carta al jefe comunal haciendo ver su descontento sobre su decisi\u00f3n y, a su [&hellip;]<\/p>\n","protected":false},"author":1,"featured_media":50721,"comment_status":"closed","ping_status":"open","sticky":false,"template":"","format":"standard","meta":{"footnotes":""},"categories":[55,51,52,53],"tags":[],"class_list":["post-50720","post","type-post","status-publish","format-standard","has-post-thumbnail","hentry","category-celt-tv-noticias","category-comunidad","category-destacadas","category-politica"],"yoast_head":"<!-- This site is optimized with the Yoast SEO plugin v19.7.1 - https:\/\/yoast.com\/wordpress\/plugins\/seo\/ -->\n<title>Segunda renuncia en el gabinete de Bordoni - CELTTV<\/title>\n<meta name=\"description\" content=\"Sitio web de noticias de la localidad de Tornquist, provincia de Buenos Aires, Rep\u00fablica Argentina. Contenido propio originado por periodistas de CELTTV, el canal de TV local de la Cooperativa El\u00e9ctrica de Tornquist. Turismo, Pol\u00edtica, Sociedad, Deporte, Cultura y todo el contenido de inter\u00e9s general que la gente del pueblo y la regi\u00f3n debe conocer.\" \/>\n<meta name=\"robots\" content=\"index, follow, max-snippet:-1, max-image-preview:large, max-video-preview:-1\" \/>\n<link rel=\"canonical\" href=\"https:\/\/www.celttv.com.ar\/index.php\/2020\/07\/23\/segunda-renuncia-en-el-gabinete-de-bordoni\/\" \/>\n<meta property=\"og:locale\" content=\"es_ES\" \/>\n<meta property=\"og:type\" content=\"article\" \/>\n<meta property=\"og:title\" content=\"Segunda renuncia en el gabinete de Bordoni - CELTTV\" \/>\n<meta property=\"og:description\" content=\"Sitio web de noticias de la localidad de Tornquist, provincia de Buenos Aires, Rep\u00fablica Argentina. Contenido propio originado por periodistas de CELTTV, el canal de TV local de la Cooperativa El\u00e9ctrica de Tornquist. Turismo, Pol\u00edtica, Sociedad, Deporte, Cultura y todo el contenido de inter\u00e9s general que la gente del pueblo y la regi\u00f3n debe conocer.\" \/>\n<meta property=\"og:url\" content=\"https:\/\/www.celttv.com.ar\/index.php\/2020\/07\/23\/segunda-renuncia-en-el-gabinete-de-bordoni\/\" \/>\n<meta property=\"og:site_name\" content=\"CELTTV\" \/>\n<meta property=\"article:publisher\" content=\"https:\/\/www.facebook.com\/celtTV\/\" \/>\n<meta property=\"article:published_time\" content=\"2020-07-23T02:04:17+00:00\" \/>\n<meta property=\"og:image\" content=\"https:\/\/www.celttv.com.ar\/wp-content\/uploads\/2020\/07\/Gerardo-Bucci-383x437-1.jpg\" \/>\n\t<meta property=\"og:image:width\" content=\"374\" \/>\n\t<meta property=\"og:image:height\" content=\"271\" \/>\n\t<meta property=\"og:image:type\" content=\"image\/jpeg\" \/>\n<meta name=\"author\" content=\"ulises\" \/>\n<meta name=\"twitter:card\" content=\"summary_large_image\" \/>\n<meta name=\"twitter:label1\" content=\"Escrito por\" \/>\n\t<meta name=\"twitter:data1\" content=\"ulises\" \/>\n\t<meta name=\"twitter:label2\" content=\"Tiempo de lectura\" \/>\n\t<meta name=\"twitter:data2\" content=\"2 minutos\" \/>\n<script type=\"application\/ld+json\" class=\"yoast-schema-graph\">{\"@context\":\"https:\/\/schema.org\",\"@graph\":[{\"@type\":\"NewsArticle\",\"@id\":\"https:\/\/www.celttv.com.ar\/index.php\/2020\/07\/23\/segunda-renuncia-en-el-gabinete-de-bordoni\/#article\",\"isPartOf\":{\"@id\":\"https:\/\/www.celttv.com.ar\/index.php\/2020\/07\/23\/segunda-renuncia-en-el-gabinete-de-bordoni\/\"},\"author\":{\"name\":\"ulises\",\"@id\":\"https:\/\/www.celttv.com.ar\/#\/schema\/person\/6d99c072dba59953809c81446e9d0ace\"},\"headline\":\"Segunda renuncia en el gabinete de Bordoni\",\"datePublished\":\"2020-07-23T02:04:17+00:00\",\"dateModified\":\"2020-07-23T02:04:17+00:00\",\"mainEntityOfPage\":{\"@id\":\"https:\/\/www.celttv.com.ar\/index.php\/2020\/07\/23\/segunda-renuncia-en-el-gabinete-de-bordoni\/\"},\"wordCount\":365,\"publisher\":{\"@id\":\"https:\/\/www.celttv.com.ar\/#organization\"},\"articleSection\":[\"Celt TV Noticias\",\"Comunidad\",\"Destacadas\",\"Pol\u00edtica\"],\"inLanguage\":\"es\"},{\"@type\":\"WebPage\",\"@id\":\"https:\/\/www.celttv.com.ar\/index.php\/2020\/07\/23\/segunda-renuncia-en-el-gabinete-de-bordoni\/\",\"url\":\"https:\/\/www.celttv.com.ar\/index.php\/2020\/07\/23\/segunda-renuncia-en-el-gabinete-de-bordoni\/\",\"name\":\"Segunda renuncia en el gabinete de Bordoni - CELTTV\",\"isPartOf\":{\"@id\":\"https:\/\/www.celttv.com.ar\/#website\"},\"datePublished\":\"2020-07-23T02:04:17+00:00\",\"dateModified\":\"2020-07-23T02:04:17+00:00\",\"description\":\"Sitio web de noticias de la localidad de Tornquist, provincia de Buenos Aires, Rep\u00fablica Argentina. Contenido propio originado por periodistas de CELTTV, el canal de TV local de la Cooperativa El\u00e9ctrica de Tornquist. Turismo, Pol\u00edtica, Sociedad, Deporte, Cultura y todo el contenido de inter\u00e9s general que la gente del pueblo y la regi\u00f3n debe conocer.\",\"breadcrumb\":{\"@id\":\"https:\/\/www.celttv.com.ar\/index.php\/2020\/07\/23\/segunda-renuncia-en-el-gabinete-de-bordoni\/#breadcrumb\"},\"inLanguage\":\"es\",\"potentialAction\":[{\"@type\":\"ReadAction\",\"target\":[\"https:\/\/www.celttv.com.ar\/index.php\/2020\/07\/23\/segunda-renuncia-en-el-gabinete-de-bordoni\/\"]}]},{\"@type\":\"BreadcrumbList\",\"@id\":\"https:\/\/www.celttv.com.ar\/index.php\/2020\/07\/23\/segunda-renuncia-en-el-gabinete-de-bordoni\/#breadcrumb\",\"itemListElement\":[{\"@type\":\"ListItem\",\"position\":1,\"name\":\"Inicio\",\"item\":\"https:\/\/www.celttv.com.ar\/\"},{\"@type\":\"ListItem\",\"position\":2,\"name\":\"Segunda renuncia en el gabinete de Bordoni\"}]},{\"@type\":\"WebSite\",\"@id\":\"https:\/\/www.celttv.com.ar\/#website\",\"url\":\"https:\/\/www.celttv.com.ar\/\",\"name\":\"CELTTV\",\"description\":\"Cooperativa El\u00e9ctrica de Tornquist\",\"publisher\":{\"@id\":\"https:\/\/www.celttv.com.ar\/#organization\"},\"potentialAction\":[{\"@type\":\"SearchAction\",\"target\":{\"@type\":\"EntryPoint\",\"urlTemplate\":\"https:\/\/www.celttv.com.ar\/?s={search_term_string}\"},\"query-input\":\"required name=search_term_string\"}],\"inLanguage\":\"es\"},{\"@type\":\"Organization\",\"@id\":\"https:\/\/www.celttv.com.ar\/#organization\",\"name\":\"CELTTV\",\"url\":\"https:\/\/www.celttv.com.ar\/\",\"sameAs\":[\"https:\/\/www.youtube.com\/channel\/UCz_oIt8Hig64Ub-EmcNPIhg\",\"https:\/\/www.facebook.com\/celtTV\/\"],\"logo\":{\"@type\":\"ImageObject\",\"inLanguage\":\"es\",\"@id\":\"https:\/\/www.celttv.com.ar\/#\/schema\/logo\/image\/\",\"url\":\"http:\/\/www.celttv.com.ar\/wp-content\/uploads\/2022\/08\/logo-1.png\",\"contentUrl\":\"http:\/\/www.celttv.com.ar\/wp-content\/uploads\/2022\/08\/logo-1.png\",\"width\":461,\"height\":159,\"caption\":\"CELTTV\"},\"image\":{\"@id\":\"https:\/\/www.celttv.com.ar\/#\/schema\/logo\/image\/\"}},{\"@type\":\"Person\",\"@id\":\"https:\/\/www.celttv.com.ar\/#\/schema\/person\/6d99c072dba59953809c81446e9d0ace\",\"name\":\"ulises\",\"image\":{\"@type\":\"ImageObject\",\"inLanguage\":\"es\",\"@id\":\"https:\/\/www.celttv.com.ar\/#\/schema\/person\/image\/\",\"url\":\"https:\/\/secure.gravatar.com\/avatar\/7f2c48bdc33b30088f941fb6082e555f2874c98e20cb159d7b92b50eadfce793?s=96&d=mm&r=g\",\"contentUrl\":\"https:\/\/secure.gravatar.com\/avatar\/7f2c48bdc33b30088f941fb6082e555f2874c98e20cb159d7b92b50eadfce793?s=96&d=mm&r=g\",\"caption\":\"ulises\"},\"sameAs\":[\"http:\/\/www.celttv.com.ar\"]}]}<\/script>\n<!-- \/ Yoast SEO plugin. -->","yoast_head_json":{"title":"Segunda renuncia en el gabinete de Bordoni - CELTTV","description":"Sitio web de noticias de la localidad de Tornquist, provincia de Buenos Aires, Rep\u00fablica Argentina. Contenido propio originado por periodistas de CELTTV, el canal de TV local de la Cooperativa El\u00e9ctrica de Tornquist. Turismo, Pol\u00edtica, Sociedad, Deporte, Cultura y todo el contenido de inter\u00e9s general que la gente del pueblo y la regi\u00f3n debe conocer.","robots":{"index":"index","follow":"follow","max-snippet":"max-snippet:-1","max-image-preview":"max-image-preview:large","max-video-preview":"max-video-preview:-1"},"canonical":"https:\/\/www.celttv.com.ar\/index.php\/2020\/07\/23\/segunda-renuncia-en-el-gabinete-de-bordoni\/","og_locale":"es_ES","og_type":"article","og_title":"Segunda renuncia en el gabinete de Bordoni - CELTTV","og_description":"Sitio web de noticias de la localidad de Tornquist, provincia de Buenos Aires, Rep\u00fablica Argentina. Contenido propio originado por periodistas de CELTTV, el canal de TV local de la Cooperativa El\u00e9ctrica de Tornquist. Turismo, Pol\u00edtica, Sociedad, Deporte, Cultura y todo el contenido de inter\u00e9s general que la gente del pueblo y la regi\u00f3n debe conocer.","og_url":"https:\/\/www.celttv.com.ar\/index.php\/2020\/07\/23\/segunda-renuncia-en-el-gabinete-de-bordoni\/","og_site_name":"CELTTV","article_publisher":"https:\/\/www.facebook.com\/celtTV\/","article_published_time":"2020-07-23T02:04:17+00:00","og_image":[{"width":374,"height":271,"url":"https:\/\/www.celttv.com.ar\/wp-content\/uploads\/2020\/07\/Gerardo-Bucci-383x437-1.jpg","type":"image\/jpeg"}],"author":"ulises","twitter_card":"summary_large_image","twitter_misc":{"Escrito por":"ulises","Tiempo de lectura":"2 minutos"},"schema":{"@context":"https:\/\/schema.org","@graph":[{"@type":"NewsArticle","@id":"https:\/\/www.celttv.com.ar\/index.php\/2020\/07\/23\/segunda-renuncia-en-el-gabinete-de-bordoni\/#article","isPartOf":{"@id":"https:\/\/www.celttv.com.ar\/index.php\/2020\/07\/23\/segunda-renuncia-en-el-gabinete-de-bordoni\/"},"author":{"name":"ulises","@id":"https:\/\/www.celttv.com.ar\/#\/schema\/person\/6d99c072dba59953809c81446e9d0ace"},"headline":"Segunda renuncia en el gabinete de Bordoni","datePublished":"2020-07-23T02:04:17+00:00","dateModified":"2020-07-23T02:04:17+00:00","mainEntityOfPage":{"@id":"https:\/\/www.celttv.com.ar\/index.php\/2020\/07\/23\/segunda-renuncia-en-el-gabinete-de-bordoni\/"},"wordCount":365,"publisher":{"@id":"https:\/\/www.celttv.com.ar\/#organization"},"articleSection":["Celt TV Noticias","Comunidad","Destacadas","Pol\u00edtica"],"inLanguage":"es"},{"@type":"WebPage","@id":"https:\/\/www.celttv.com.ar\/index.php\/2020\/07\/23\/segunda-renuncia-en-el-gabinete-de-bordoni\/","url":"https:\/\/www.celttv.com.ar\/index.php\/2020\/07\/23\/segunda-renuncia-en-el-gabinete-de-bordoni\/","name":"Segunda renuncia en el gabinete de Bordoni - CELTTV","isPartOf":{"@id":"https:\/\/www.celttv.com.ar\/#website"},"datePublished":"2020-07-23T02:04:17+00:00","dateModified":"2020-07-23T02:04:17+00:00","description":"Sitio web de noticias de la localidad de Tornquist, provincia de Buenos Aires, Rep\u00fablica Argentina. Contenido propio originado por periodistas de CELTTV, el canal de TV local de la Cooperativa El\u00e9ctrica de Tornquist. Turismo, Pol\u00edtica, Sociedad, Deporte, Cultura y todo el contenido de inter\u00e9s general que la gente del pueblo y la regi\u00f3n debe conocer.","breadcrumb":{"@id":"https:\/\/www.celttv.com.ar\/index.php\/2020\/07\/23\/segunda-renuncia-en-el-gabinete-de-bordoni\/#breadcrumb"},"inLanguage":"es","potentialAction":[{"@type":"ReadAction","target":["https:\/\/www.celttv.com.ar\/index.php\/2020\/07\/23\/segunda-renuncia-en-el-gabinete-de-bordoni\/"]}]},{"@type":"BreadcrumbList","@id":"https:\/\/www.celttv.com.ar\/index.php\/2020\/07\/23\/segunda-renuncia-en-el-gabinete-de-bordoni\/#breadcrumb","itemListElement":[{"@type":"ListItem","position":1,"name":"Inicio","item":"https:\/\/www.celttv.com.ar\/"},{"@type":"ListItem","position":2,"name":"Segunda renuncia en el gabinete de Bordoni"}]},{"@type":"WebSite","@id":"https:\/\/www.celttv.com.ar\/#website","url":"https:\/\/www.celttv.com.ar\/","name":"CELTTV","description":"Cooperativa El\u00e9ctrica de Tornquist","publisher":{"@id":"https:\/\/www.celttv.com.ar\/#organization"},"potentialAction":[{"@type":"SearchAction","target":{"@type":"EntryPoint","urlTemplate":"https:\/\/www.celttv.com.ar\/?s={search_term_string}"},"query-input":"required name=search_term_string"}],"inLanguage":"es"},{"@type":"Organization","@id":"https:\/\/www.celttv.com.ar\/#organization","name":"CELTTV","url":"https:\/\/www.celttv.com.ar\/","sameAs":["https:\/\/www.youtube.com\/channel\/UCz_oIt8Hig64Ub-EmcNPIhg","https:\/\/www.facebook.com\/celtTV\/"],"logo":{"@type":"ImageObject","inLanguage":"es","@id":"https:\/\/www.celttv.com.ar\/#\/schema\/logo\/image\/","url":"http:\/\/www.celttv.com.ar\/wp-content\/uploads\/2022\/08\/logo-1.png","contentUrl":"http:\/\/www.celttv.com.ar\/wp-content\/uploads\/2022\/08\/logo-1.png","width":461,"height":159,"caption":"CELTTV"},"image":{"@id":"https:\/\/www.celttv.com.ar\/#\/schema\/logo\/image\/"}},{"@type":"Person","@id":"https:\/\/www.celttv.com.ar\/#\/schema\/person\/6d99c072dba59953809c81446e9d0ace","name":"ulises","image":{"@type":"ImageObject","inLanguage":"es","@id":"https:\/\/www.celttv.com.ar\/#\/schema\/person\/image\/","url":"https:\/\/secure.gravatar.com\/avatar\/7f2c48bdc33b30088f941fb6082e555f2874c98e20cb159d7b92b50eadfce793?s=96&d=mm&r=g","contentUrl":"https:\/\/secure.gravatar.com\/avatar\/7f2c48bdc33b30088f941fb6082e555f2874c98e20cb159d7b92b50eadfce793?s=96&d=mm&r=g","caption":"ulises"},"sameAs":["http:\/\/www.celttv.com.ar"]}]}},"_links":{"self":[{"href":"https:\/\/www.celttv.com.ar\/index.php\/wp-json\/wp\/v2\/posts\/50720","targetHints":{"allow":["GET"]}}],"collection":[{"href":"https:\/\/www.celttv.com.ar\/index.php\/wp-json\/wp\/v2\/posts"}],"about":[{"href":"https:\/\/www.celttv.com.ar\/index.php\/wp-json\/wp\/v2\/types\/post"}],"author":[{"embeddable":true,"href":"https:\/\/www.celttv.com.ar\/index.php\/wp-json\/wp\/v2\/users\/1"}],"replies":[{"embeddable":true,"href":"https:\/\/www.celttv.com.ar\/index.php\/wp-json\/wp\/v2\/comments?post=50720"}],"version-history":[{"count":0,"href":"https:\/\/www.celttv.com.ar\/index.php\/wp-json\/wp\/v2\/posts\/50720\/revisions"}],"wp:featuredmedia":[{"embeddable":true,"href":"https:\/\/www.celttv.com.ar\/index.php\/wp-json\/wp\/v2\/media\/50721"}],"wp:attachment":[{"href":"https:\/\/www.celttv.com.ar\/index.php\/wp-json\/wp\/v2\/media?parent=50720"}],"wp:term":[{"taxonomy":"category","embeddable":true,"href":"https:\/\/www.celttv.com.ar\/index.php\/wp-json\/wp\/v2\/categories?post=50720"},{"taxonomy":"post_tag","embeddable":true,"href":"https:\/\/www.celttv.com.ar\/index.php\/wp-json\/wp\/v2\/tags?post=50720"}],"curies":[{"name":"wp","href":"https:\/\/api.w.org\/{rel}","templated":true}]}}