{"id":50747,"date":"2020-07-23T23:32:51","date_gmt":"2020-07-23T23:32:51","guid":{"rendered":"http:\/\/www.celttv.com.ar\/?p=50747"},"modified":"2020-07-23T23:32:51","modified_gmt":"2020-07-23T23:32:51","slug":"entregaron-los-premios-de-actividad-literaria-organizada-por-la-biblioteca-popular-de-tornquist","status":"publish","type":"post","link":"https:\/\/www.celttv.com.ar\/index.php\/2020\/07\/23\/entregaron-los-premios-de-actividad-literaria-organizada-por-la-biblioteca-popular-de-tornquist\/","title":{"rendered":"Entregaron los premios de actividad literaria organizada por la Biblioteca Popular de Tornquist"},"content":{"rendered":"<p>La presidente de la comisi\u00f3n directiva de la Biblioteca Popular Ernesto Tornquist, Gabriea Antivero, hizo entrega de los premios que fueron sorteados entre quienes participaron de una actividad literaria llevada a cabo en los \u00faltimos meses en el distrito y organizada por dicha instituci\u00f3n.<\/p>\n<p>Los ganadores estuvieron presentes en la Biblioteca, respetando los protocolos correspondientes, y recibieron sus merecidos reconocimientos.<\/p>\n<div class=\"jeg_video_container jeg_video_content\"><iframe loading=\"lazy\" title=\"2020 07 23 BIBLIOTECA 1   GABRIELA ANTIVERO   ENTREGA DE PREMIOS\" width=\"500\" height=\"281\" src=\"https:\/\/www.youtube.com\/embed\/E0UFLPFDZIk?feature=oembed\" frameborder=\"0\" allow=\"accelerometer; autoplay; clipboard-write; encrypted-media; gyroscope; picture-in-picture; web-share\" referrerpolicy=\"strict-origin-when-cross-origin\" allowfullscreen><\/iframe><\/div>\n<p><a href=\"http:\/\/www.celttv.com.ar\/?attachment_id=50748\" rel=\"attachment wp-att-50748\"><img loading=\"lazy\" decoding=\"async\" class=\"alignleft size-full wp-image-50748\" src=\"http:\/\/www.celttv.com.ar\/wp-content\/uploads\/2020\/07\/05c652dc-5c07-4782-b96b-eb22289838d5.jpg\" alt=\"\" width=\"1280\" height=\"960\" srcset=\"https:\/\/www.celttv.com.ar\/wp-content\/uploads\/2020\/07\/05c652dc-5c07-4782-b96b-eb22289838d5.jpg 1280w, https:\/\/www.celttv.com.ar\/wp-content\/uploads\/2020\/07\/05c652dc-5c07-4782-b96b-eb22289838d5-300x225.jpg 300w, https:\/\/www.celttv.com.ar\/wp-content\/uploads\/2020\/07\/05c652dc-5c07-4782-b96b-eb22289838d5-1024x768.jpg 1024w, https:\/\/www.celttv.com.ar\/wp-content\/uploads\/2020\/07\/05c652dc-5c07-4782-b96b-eb22289838d5-768x576.jpg 768w, https:\/\/www.celttv.com.ar\/wp-content\/uploads\/2020\/07\/05c652dc-5c07-4782-b96b-eb22289838d5-750x563.jpg 750w, https:\/\/www.celttv.com.ar\/wp-content\/uploads\/2020\/07\/05c652dc-5c07-4782-b96b-eb22289838d5-1140x855.jpg 1140w\" sizes=\"auto, (max-width: 1280px) 100vw, 1280px\" \/><\/a> <a href=\"http:\/\/www.celttv.com.ar\/?attachment_id=50749\" rel=\"attachment wp-att-50749\"><img loading=\"lazy\" decoding=\"async\" class=\"alignleft size-medium wp-image-50749\" src=\"http:\/\/www.celttv.com.ar\/wp-content\/uploads\/2020\/07\/5fba043f-264c-42c6-9d79-521e1cb26d42.jpg\" alt=\"\" width=\"780\" height=\"585\" srcset=\"https:\/\/www.celttv.com.ar\/wp-content\/uploads\/2020\/07\/5fba043f-264c-42c6-9d79-521e1cb26d42.jpg 1280w, https:\/\/www.celttv.com.ar\/wp-content\/uploads\/2020\/07\/5fba043f-264c-42c6-9d79-521e1cb26d42-300x225.jpg 300w, https:\/\/www.celttv.com.ar\/wp-content\/uploads\/2020\/07\/5fba043f-264c-42c6-9d79-521e1cb26d42-1024x768.jpg 1024w, https:\/\/www.celttv.com.ar\/wp-content\/uploads\/2020\/07\/5fba043f-264c-42c6-9d79-521e1cb26d42-768x576.jpg 768w, https:\/\/www.celttv.com.ar\/wp-content\/uploads\/2020\/07\/5fba043f-264c-42c6-9d79-521e1cb26d42-750x563.jpg 750w, https:\/\/www.celttv.com.ar\/wp-content\/uploads\/2020\/07\/5fba043f-264c-42c6-9d79-521e1cb26d42-1140x855.jpg 1140w\" sizes=\"auto, (max-width: 780px) 100vw, 780px\" \/><\/a> <a href=\"http:\/\/www.celttv.com.ar\/?attachment_id=50750\" rel=\"attachment wp-att-50750\"><img loading=\"lazy\" decoding=\"async\" class=\"alignleft size-medium wp-image-50750\" src=\"http:\/\/www.celttv.com.ar\/wp-content\/uploads\/2020\/07\/7ad0a9f0-304b-4ee3-acd7-5b1c777faefb.jpg\" alt=\"\" width=\"780\" height=\"585\" srcset=\"https:\/\/www.celttv.com.ar\/wp-content\/uploads\/2020\/07\/7ad0a9f0-304b-4ee3-acd7-5b1c777faefb.jpg 1280w, https:\/\/www.celttv.com.ar\/wp-content\/uploads\/2020\/07\/7ad0a9f0-304b-4ee3-acd7-5b1c777faefb-300x225.jpg 300w, https:\/\/www.celttv.com.ar\/wp-content\/uploads\/2020\/07\/7ad0a9f0-304b-4ee3-acd7-5b1c777faefb-1024x768.jpg 1024w, https:\/\/www.celttv.com.ar\/wp-content\/uploads\/2020\/07\/7ad0a9f0-304b-4ee3-acd7-5b1c777faefb-768x576.jpg 768w, https:\/\/www.celttv.com.ar\/wp-content\/uploads\/2020\/07\/7ad0a9f0-304b-4ee3-acd7-5b1c777faefb-750x563.jpg 750w, https:\/\/www.celttv.com.ar\/wp-content\/uploads\/2020\/07\/7ad0a9f0-304b-4ee3-acd7-5b1c777faefb-1140x855.jpg 1140w\" sizes=\"auto, (max-width: 780px) 100vw, 780px\" \/><\/a> <a href=\"http:\/\/www.celttv.com.ar\/?attachment_id=50751\" rel=\"attachment wp-att-50751\"><img loading=\"lazy\" decoding=\"async\" class=\"alignleft size-medium wp-image-50751\" src=\"http:\/\/www.celttv.com.ar\/wp-content\/uploads\/2020\/07\/7bfea883-b9df-4e2c-9ccd-168bf134a54c.jpg\" alt=\"\" width=\"780\" height=\"585\" srcset=\"https:\/\/www.celttv.com.ar\/wp-content\/uploads\/2020\/07\/7bfea883-b9df-4e2c-9ccd-168bf134a54c.jpg 1280w, https:\/\/www.celttv.com.ar\/wp-content\/uploads\/2020\/07\/7bfea883-b9df-4e2c-9ccd-168bf134a54c-300x225.jpg 300w, https:\/\/www.celttv.com.ar\/wp-content\/uploads\/2020\/07\/7bfea883-b9df-4e2c-9ccd-168bf134a54c-1024x768.jpg 1024w, https:\/\/www.celttv.com.ar\/wp-content\/uploads\/2020\/07\/7bfea883-b9df-4e2c-9ccd-168bf134a54c-768x576.jpg 768w, https:\/\/www.celttv.com.ar\/wp-content\/uploads\/2020\/07\/7bfea883-b9df-4e2c-9ccd-168bf134a54c-750x563.jpg 750w, https:\/\/www.celttv.com.ar\/wp-content\/uploads\/2020\/07\/7bfea883-b9df-4e2c-9ccd-168bf134a54c-1140x855.jpg 1140w\" sizes=\"auto, (max-width: 780px) 100vw, 780px\" \/><\/a> <a href=\"http:\/\/www.celttv.com.ar\/?attachment_id=50752\" rel=\"attachment wp-att-50752\"><img loading=\"lazy\" decoding=\"async\" class=\"alignleft size-medium wp-image-50752\" src=\"http:\/\/www.celttv.com.ar\/wp-content\/uploads\/2020\/07\/187f4b3f-0d28-4b29-a833-3e247e15a334.jpg\" alt=\"\" width=\"780\" height=\"585\" srcset=\"https:\/\/www.celttv.com.ar\/wp-content\/uploads\/2020\/07\/187f4b3f-0d28-4b29-a833-3e247e15a334.jpg 1280w, https:\/\/www.celttv.com.ar\/wp-content\/uploads\/2020\/07\/187f4b3f-0d28-4b29-a833-3e247e15a334-300x225.jpg 300w, https:\/\/www.celttv.com.ar\/wp-content\/uploads\/2020\/07\/187f4b3f-0d28-4b29-a833-3e247e15a334-1024x768.jpg 1024w, https:\/\/www.celttv.com.ar\/wp-content\/uploads\/2020\/07\/187f4b3f-0d28-4b29-a833-3e247e15a334-768x576.jpg 768w, https:\/\/www.celttv.com.ar\/wp-content\/uploads\/2020\/07\/187f4b3f-0d28-4b29-a833-3e247e15a334-750x563.jpg 750w, https:\/\/www.celttv.com.ar\/wp-content\/uploads\/2020\/07\/187f4b3f-0d28-4b29-a833-3e247e15a334-1140x855.jpg 1140w\" sizes=\"auto, (max-width: 780px) 100vw, 780px\" \/><\/a> <a href=\"http:\/\/www.celttv.com.ar\/?attachment_id=50753\" rel=\"attachment wp-att-50753\"><img loading=\"lazy\" decoding=\"async\" class=\"alignleft size-medium wp-image-50753\" src=\"http:\/\/www.celttv.com.ar\/wp-content\/uploads\/2020\/07\/950f25d6-7604-4a73-b66b-72e6e23a5d2d.jpg\" alt=\"\" width=\"780\" height=\"585\" srcset=\"https:\/\/www.celttv.com.ar\/wp-content\/uploads\/2020\/07\/950f25d6-7604-4a73-b66b-72e6e23a5d2d.jpg 1280w, https:\/\/www.celttv.com.ar\/wp-content\/uploads\/2020\/07\/950f25d6-7604-4a73-b66b-72e6e23a5d2d-300x225.jpg 300w, https:\/\/www.celttv.com.ar\/wp-content\/uploads\/2020\/07\/950f25d6-7604-4a73-b66b-72e6e23a5d2d-1024x768.jpg 1024w, https:\/\/www.celttv.com.ar\/wp-content\/uploads\/2020\/07\/950f25d6-7604-4a73-b66b-72e6e23a5d2d-768x576.jpg 768w, https:\/\/www.celttv.com.ar\/wp-content\/uploads\/2020\/07\/950f25d6-7604-4a73-b66b-72e6e23a5d2d-750x563.jpg 750w, https:\/\/www.celttv.com.ar\/wp-content\/uploads\/2020\/07\/950f25d6-7604-4a73-b66b-72e6e23a5d2d-1140x855.jpg 1140w\" sizes=\"auto, (max-width: 780px) 100vw, 780px\" \/><\/a> <a href=\"http:\/\/www.celttv.com.ar\/?attachment_id=50754\" rel=\"attachment wp-att-50754\"><img loading=\"lazy\" decoding=\"async\" class=\"alignleft size-medium wp-image-50754\" src=\"http:\/\/www.celttv.com.ar\/wp-content\/uploads\/2020\/07\/70488f6f-bf7a-4cc0-bcd7-6bc2d0b44010.jpg\" alt=\"\" width=\"780\" height=\"585\" srcset=\"https:\/\/www.celttv.com.ar\/wp-content\/uploads\/2020\/07\/70488f6f-bf7a-4cc0-bcd7-6bc2d0b44010.jpg 1280w, https:\/\/www.celttv.com.ar\/wp-content\/uploads\/2020\/07\/70488f6f-bf7a-4cc0-bcd7-6bc2d0b44010-300x225.jpg 300w, https:\/\/www.celttv.com.ar\/wp-content\/uploads\/2020\/07\/70488f6f-bf7a-4cc0-bcd7-6bc2d0b44010-1024x768.jpg 1024w, https:\/\/www.celttv.com.ar\/wp-content\/uploads\/2020\/07\/70488f6f-bf7a-4cc0-bcd7-6bc2d0b44010-768x576.jpg 768w, https:\/\/www.celttv.com.ar\/wp-content\/uploads\/2020\/07\/70488f6f-bf7a-4cc0-bcd7-6bc2d0b44010-750x563.jpg 750w, https:\/\/www.celttv.com.ar\/wp-content\/uploads\/2020\/07\/70488f6f-bf7a-4cc0-bcd7-6bc2d0b44010-1140x855.jpg 1140w\" sizes=\"auto, (max-width: 780px) 100vw, 780px\" \/><\/a> <a href=\"http:\/\/www.celttv.com.ar\/?attachment_id=50755\" rel=\"attachment wp-att-50755\"><img loading=\"lazy\" decoding=\"async\" class=\"alignleft size-medium wp-image-50755\" src=\"http:\/\/www.celttv.com.ar\/wp-content\/uploads\/2020\/07\/0606567d-7c77-45a8-9cc6-c874ed16f3c8.jpg\" alt=\"\" width=\"780\" height=\"585\" srcset=\"https:\/\/www.celttv.com.ar\/wp-content\/uploads\/2020\/07\/0606567d-7c77-45a8-9cc6-c874ed16f3c8.jpg 1280w, https:\/\/www.celttv.com.ar\/wp-content\/uploads\/2020\/07\/0606567d-7c77-45a8-9cc6-c874ed16f3c8-300x225.jpg 300w, https:\/\/www.celttv.com.ar\/wp-content\/uploads\/2020\/07\/0606567d-7c77-45a8-9cc6-c874ed16f3c8-1024x768.jpg 1024w, https:\/\/www.celttv.com.ar\/wp-content\/uploads\/2020\/07\/0606567d-7c77-45a8-9cc6-c874ed16f3c8-768x576.jpg 768w, https:\/\/www.celttv.com.ar\/wp-content\/uploads\/2020\/07\/0606567d-7c77-45a8-9cc6-c874ed16f3c8-750x563.jpg 750w, https:\/\/www.celttv.com.ar\/wp-content\/uploads\/2020\/07\/0606567d-7c77-45a8-9cc6-c874ed16f3c8-1140x855.jpg 1140w\" sizes=\"auto, (max-width: 780px) 100vw, 780px\" \/><\/a> <a href=\"http:\/\/www.celttv.com.ar\/?attachment_id=50756\" rel=\"attachment wp-att-50756\"><img loading=\"lazy\" decoding=\"async\" class=\"alignleft size-medium wp-image-50756\" src=\"http:\/\/www.celttv.com.ar\/wp-content\/uploads\/2020\/07\/a11fc08d-b0b3-4a13-a575-06ff52d49665.jpg\" alt=\"\" width=\"780\" height=\"585\" srcset=\"https:\/\/www.celttv.com.ar\/wp-content\/uploads\/2020\/07\/a11fc08d-b0b3-4a13-a575-06ff52d49665.jpg 1280w, https:\/\/www.celttv.com.ar\/wp-content\/uploads\/2020\/07\/a11fc08d-b0b3-4a13-a575-06ff52d49665-300x225.jpg 300w, https:\/\/www.celttv.com.ar\/wp-content\/uploads\/2020\/07\/a11fc08d-b0b3-4a13-a575-06ff52d49665-1024x768.jpg 1024w, https:\/\/www.celttv.com.ar\/wp-content\/uploads\/2020\/07\/a11fc08d-b0b3-4a13-a575-06ff52d49665-768x576.jpg 768w, https:\/\/www.celttv.com.ar\/wp-content\/uploads\/2020\/07\/a11fc08d-b0b3-4a13-a575-06ff52d49665-750x563.jpg 750w, https:\/\/www.celttv.com.ar\/wp-content\/uploads\/2020\/07\/a11fc08d-b0b3-4a13-a575-06ff52d49665-1140x855.jpg 1140w\" sizes=\"auto, (max-width: 780px) 100vw, 780px\" \/><\/a> <a href=\"http:\/\/www.celttv.com.ar\/?attachment_id=50757\" rel=\"attachment wp-att-50757\"><img loading=\"lazy\" decoding=\"async\" class=\"alignleft size-medium wp-image-50757\" src=\"http:\/\/www.celttv.com.ar\/wp-content\/uploads\/2020\/07\/a311cefa-447e-4a58-9ebe-b8e7ee9a237d.jpg\" alt=\"\" width=\"780\" height=\"585\" srcset=\"https:\/\/www.celttv.com.ar\/wp-content\/uploads\/2020\/07\/a311cefa-447e-4a58-9ebe-b8e7ee9a237d.jpg 1280w, https:\/\/www.celttv.com.ar\/wp-content\/uploads\/2020\/07\/a311cefa-447e-4a58-9ebe-b8e7ee9a237d-300x225.jpg 300w, https:\/\/www.celttv.com.ar\/wp-content\/uploads\/2020\/07\/a311cefa-447e-4a58-9ebe-b8e7ee9a237d-1024x768.jpg 1024w, https:\/\/www.celttv.com.ar\/wp-content\/uploads\/2020\/07\/a311cefa-447e-4a58-9ebe-b8e7ee9a237d-768x576.jpg 768w, https:\/\/www.celttv.com.ar\/wp-content\/uploads\/2020\/07\/a311cefa-447e-4a58-9ebe-b8e7ee9a237d-750x563.jpg 750w, https:\/\/www.celttv.com.ar\/wp-content\/uploads\/2020\/07\/a311cefa-447e-4a58-9ebe-b8e7ee9a237d-1140x855.jpg 1140w\" sizes=\"auto, (max-width: 780px) 100vw, 780px\" \/><\/a> <a href=\"http:\/\/www.celttv.com.ar\/?attachment_id=50758\" rel=\"attachment wp-att-50758\"><img loading=\"lazy\" decoding=\"async\" class=\"alignleft size-medium wp-image-50758\" src=\"http:\/\/www.celttv.com.ar\/wp-content\/uploads\/2020\/07\/e3189140-9b07-4fc0-a15c-86437d803479.jpg\" alt=\"\" width=\"780\" height=\"585\" srcset=\"https:\/\/www.celttv.com.ar\/wp-content\/uploads\/2020\/07\/e3189140-9b07-4fc0-a15c-86437d803479.jpg 1280w, https:\/\/www.celttv.com.ar\/wp-content\/uploads\/2020\/07\/e3189140-9b07-4fc0-a15c-86437d803479-300x225.jpg 300w, https:\/\/www.celttv.com.ar\/wp-content\/uploads\/2020\/07\/e3189140-9b07-4fc0-a15c-86437d803479-1024x768.jpg 1024w, https:\/\/www.celttv.com.ar\/wp-content\/uploads\/2020\/07\/e3189140-9b07-4fc0-a15c-86437d803479-768x576.jpg 768w, https:\/\/www.celttv.com.ar\/wp-content\/uploads\/2020\/07\/e3189140-9b07-4fc0-a15c-86437d803479-750x563.jpg 750w, https:\/\/www.celttv.com.ar\/wp-content\/uploads\/2020\/07\/e3189140-9b07-4fc0-a15c-86437d803479-1140x855.jpg 1140w\" sizes=\"auto, (max-width: 780px) 100vw, 780px\" \/><\/a> <a href=\"http:\/\/www.celttv.com.ar\/?attachment_id=50759\" rel=\"attachment wp-att-50759\"><img loading=\"lazy\" decoding=\"async\" class=\"alignleft size-medium wp-image-50759\" src=\"http:\/\/www.celttv.com.ar\/wp-content\/uploads\/2020\/07\/fe6fd642-0ddf-4166-8903-329cceb4800e.jpg\" alt=\"\" width=\"780\" height=\"585\" srcset=\"https:\/\/www.celttv.com.ar\/wp-content\/uploads\/2020\/07\/fe6fd642-0ddf-4166-8903-329cceb4800e.jpg 1280w, https:\/\/www.celttv.com.ar\/wp-content\/uploads\/2020\/07\/fe6fd642-0ddf-4166-8903-329cceb4800e-300x225.jpg 300w, https:\/\/www.celttv.com.ar\/wp-content\/uploads\/2020\/07\/fe6fd642-0ddf-4166-8903-329cceb4800e-1024x768.jpg 1024w, https:\/\/www.celttv.com.ar\/wp-content\/uploads\/2020\/07\/fe6fd642-0ddf-4166-8903-329cceb4800e-768x576.jpg 768w, https:\/\/www.celttv.com.ar\/wp-content\/uploads\/2020\/07\/fe6fd642-0ddf-4166-8903-329cceb4800e-750x563.jpg 750w, https:\/\/www.celttv.com.ar\/wp-content\/uploads\/2020\/07\/fe6fd642-0ddf-4166-8903-329cceb4800e-1140x855.jpg 1140w\" sizes=\"auto, (max-width: 780px) 100vw, 780px\" \/><\/a><\/p>\n","protected":false},"excerpt":{"rendered":"<p>La presidente de la comisi\u00f3n directiva de la Biblioteca Popular Ernesto Tornquist, Gabriea Antivero, hizo entrega de los premios que fueron sorteados entre quienes participaron de una actividad literaria llevada a cabo en los \u00faltimos meses en el distrito y organizada por dicha instituci\u00f3n. Los ganadores estuvieron presentes en la Biblioteca, respetando los protocolos correspondientes, [&hellip;]<\/p>\n","protected":false},"author":1,"featured_media":50761,"comment_status":"closed","ping_status":"open","sticky":false,"template":"","format":"standard","meta":{"footnotes":""},"categories":[55,51,52],"tags":[],"class_list":["post-50747","post","type-post","status-publish","format-standard","has-post-thumbnail","hentry","category-celt-tv-noticias","category-comunidad","category-destacadas"],"yoast_head":"<!-- This site is optimized with the Yoast SEO plugin v19.7.1 - https:\/\/yoast.com\/wordpress\/plugins\/seo\/ -->\n<title>Entregaron los premios de actividad literaria organizada por la Biblioteca Popular de Tornquist - CELTTV<\/title>\n<meta name=\"description\" content=\"Sitio web de noticias de la localidad de Tornquist, provincia de Buenos Aires, Rep\u00fablica Argentina. Contenido propio originado por periodistas de CELTTV, el canal de TV local de la Cooperativa El\u00e9ctrica de Tornquist. Turismo, Pol\u00edtica, Sociedad, Deporte, Cultura y todo el contenido de inter\u00e9s general que la gente del pueblo y la regi\u00f3n debe conocer.\" \/>\n<meta name=\"robots\" content=\"index, follow, max-snippet:-1, max-image-preview:large, max-video-preview:-1\" \/>\n<link rel=\"canonical\" href=\"https:\/\/www.celttv.com.ar\/index.php\/2020\/07\/23\/entregaron-los-premios-de-actividad-literaria-organizada-por-la-biblioteca-popular-de-tornquist\/\" \/>\n<meta property=\"og:locale\" content=\"es_ES\" \/>\n<meta property=\"og:type\" content=\"article\" \/>\n<meta property=\"og:title\" content=\"Entregaron los premios de actividad literaria organizada por la Biblioteca Popular de Tornquist - CELTTV\" \/>\n<meta property=\"og:description\" content=\"Sitio web de noticias de la localidad de Tornquist, provincia de Buenos Aires, Rep\u00fablica Argentina. Contenido propio originado por periodistas de CELTTV, el canal de TV local de la Cooperativa El\u00e9ctrica de Tornquist. Turismo, Pol\u00edtica, Sociedad, Deporte, Cultura y todo el contenido de inter\u00e9s general que la gente del pueblo y la regi\u00f3n debe conocer.\" \/>\n<meta property=\"og:url\" content=\"https:\/\/www.celttv.com.ar\/index.php\/2020\/07\/23\/entregaron-los-premios-de-actividad-literaria-organizada-por-la-biblioteca-popular-de-tornquist\/\" \/>\n<meta property=\"og:site_name\" content=\"CELTTV\" \/>\n<meta property=\"article:publisher\" content=\"https:\/\/www.facebook.com\/celtTV\/\" \/>\n<meta property=\"article:published_time\" content=\"2020-07-23T23:32:51+00:00\" \/>\n<meta property=\"og:image\" content=\"https:\/\/www.celttv.com.ar\/wp-content\/uploads\/2020\/07\/a311cefa-447e-4a58-9ebe-b8e7ee9a237d-1.jpg\" \/>\n\t<meta property=\"og:image:width\" content=\"1245\" \/>\n\t<meta property=\"og:image:height\" content=\"703\" \/>\n\t<meta property=\"og:image:type\" content=\"image\/jpeg\" \/>\n<meta name=\"author\" content=\"ulises\" \/>\n<meta name=\"twitter:card\" content=\"summary_large_image\" \/>\n<meta name=\"twitter:label1\" content=\"Escrito por\" \/>\n\t<meta name=\"twitter:data1\" content=\"ulises\" \/>\n<script type=\"application\/ld+json\" class=\"yoast-schema-graph\">{\"@context\":\"https:\/\/schema.org\",\"@graph\":[{\"@type\":\"NewsArticle\",\"@id\":\"https:\/\/www.celttv.com.ar\/index.php\/2020\/07\/23\/entregaron-los-premios-de-actividad-literaria-organizada-por-la-biblioteca-popular-de-tornquist\/#article\",\"isPartOf\":{\"@id\":\"https:\/\/www.celttv.com.ar\/index.php\/2020\/07\/23\/entregaron-los-premios-de-actividad-literaria-organizada-por-la-biblioteca-popular-de-tornquist\/\"},\"author\":{\"name\":\"ulises\",\"@id\":\"https:\/\/www.celttv.com.ar\/#\/schema\/person\/6d99c072dba59953809c81446e9d0ace\"},\"headline\":\"Entregaron los premios de actividad literaria organizada por la Biblioteca Popular de Tornquist\",\"datePublished\":\"2020-07-23T23:32:51+00:00\",\"dateModified\":\"2020-07-23T23:32:51+00:00\",\"mainEntityOfPage\":{\"@id\":\"https:\/\/www.celttv.com.ar\/index.php\/2020\/07\/23\/entregaron-los-premios-de-actividad-literaria-organizada-por-la-biblioteca-popular-de-tornquist\/\"},\"wordCount\":83,\"publisher\":{\"@id\":\"https:\/\/www.celttv.com.ar\/#organization\"},\"articleSection\":[\"Celt TV Noticias\",\"Comunidad\",\"Destacadas\"],\"inLanguage\":\"es\"},{\"@type\":\"WebPage\",\"@id\":\"https:\/\/www.celttv.com.ar\/index.php\/2020\/07\/23\/entregaron-los-premios-de-actividad-literaria-organizada-por-la-biblioteca-popular-de-tornquist\/\",\"url\":\"https:\/\/www.celttv.com.ar\/index.php\/2020\/07\/23\/entregaron-los-premios-de-actividad-literaria-organizada-por-la-biblioteca-popular-de-tornquist\/\",\"name\":\"Entregaron los premios de actividad literaria organizada por la Biblioteca Popular de Tornquist - CELTTV\",\"isPartOf\":{\"@id\":\"https:\/\/www.celttv.com.ar\/#website\"},\"datePublished\":\"2020-07-23T23:32:51+00:00\",\"dateModified\":\"2020-07-23T23:32:51+00:00\",\"description\":\"Sitio web de noticias de la localidad de Tornquist, provincia de Buenos Aires, Rep\u00fablica Argentina. Contenido propio originado por periodistas de CELTTV, el canal de TV local de la Cooperativa El\u00e9ctrica de Tornquist. Turismo, Pol\u00edtica, Sociedad, Deporte, Cultura y todo el contenido de inter\u00e9s general que la gente del pueblo y la regi\u00f3n debe conocer.\",\"breadcrumb\":{\"@id\":\"https:\/\/www.celttv.com.ar\/index.php\/2020\/07\/23\/entregaron-los-premios-de-actividad-literaria-organizada-por-la-biblioteca-popular-de-tornquist\/#breadcrumb\"},\"inLanguage\":\"es\",\"potentialAction\":[{\"@type\":\"ReadAction\",\"target\":[\"https:\/\/www.celttv.com.ar\/index.php\/2020\/07\/23\/entregaron-los-premios-de-actividad-literaria-organizada-por-la-biblioteca-popular-de-tornquist\/\"]}]},{\"@type\":\"BreadcrumbList\",\"@id\":\"https:\/\/www.celttv.com.ar\/index.php\/2020\/07\/23\/entregaron-los-premios-de-actividad-literaria-organizada-por-la-biblioteca-popular-de-tornquist\/#breadcrumb\",\"itemListElement\":[{\"@type\":\"ListItem\",\"position\":1,\"name\":\"Inicio\",\"item\":\"https:\/\/www.celttv.com.ar\/\"},{\"@type\":\"ListItem\",\"position\":2,\"name\":\"Entregaron los premios de actividad literaria organizada por la Biblioteca Popular de Tornquist\"}]},{\"@type\":\"WebSite\",\"@id\":\"https:\/\/www.celttv.com.ar\/#website\",\"url\":\"https:\/\/www.celttv.com.ar\/\",\"name\":\"CELTTV\",\"description\":\"Cooperativa El\u00e9ctrica de Tornquist\",\"publisher\":{\"@id\":\"https:\/\/www.celttv.com.ar\/#organization\"},\"potentialAction\":[{\"@type\":\"SearchAction\",\"target\":{\"@type\":\"EntryPoint\",\"urlTemplate\":\"https:\/\/www.celttv.com.ar\/?s={search_term_string}\"},\"query-input\":\"required name=search_term_string\"}],\"inLanguage\":\"es\"},{\"@type\":\"Organization\",\"@id\":\"https:\/\/www.celttv.com.ar\/#organization\",\"name\":\"CELTTV\",\"url\":\"https:\/\/www.celttv.com.ar\/\",\"sameAs\":[\"https:\/\/www.youtube.com\/channel\/UCz_oIt8Hig64Ub-EmcNPIhg\",\"https:\/\/www.facebook.com\/celtTV\/\"],\"logo\":{\"@type\":\"ImageObject\",\"inLanguage\":\"es\",\"@id\":\"https:\/\/www.celttv.com.ar\/#\/schema\/logo\/image\/\",\"url\":\"http:\/\/www.celttv.com.ar\/wp-content\/uploads\/2022\/08\/logo-1.png\",\"contentUrl\":\"http:\/\/www.celttv.com.ar\/wp-content\/uploads\/2022\/08\/logo-1.png\",\"width\":461,\"height\":159,\"caption\":\"CELTTV\"},\"image\":{\"@id\":\"https:\/\/www.celttv.com.ar\/#\/schema\/logo\/image\/\"}},{\"@type\":\"Person\",\"@id\":\"https:\/\/www.celttv.com.ar\/#\/schema\/person\/6d99c072dba59953809c81446e9d0ace\",\"name\":\"ulises\",\"image\":{\"@type\":\"ImageObject\",\"inLanguage\":\"es\",\"@id\":\"https:\/\/www.celttv.com.ar\/#\/schema\/person\/image\/\",\"url\":\"https:\/\/secure.gravatar.com\/avatar\/7f2c48bdc33b30088f941fb6082e555f2874c98e20cb159d7b92b50eadfce793?s=96&d=mm&r=g\",\"contentUrl\":\"https:\/\/secure.gravatar.com\/avatar\/7f2c48bdc33b30088f941fb6082e555f2874c98e20cb159d7b92b50eadfce793?s=96&d=mm&r=g\",\"caption\":\"ulises\"},\"sameAs\":[\"http:\/\/www.celttv.com.ar\"]}]}<\/script>\n<!-- \/ Yoast SEO plugin. -->","yoast_head_json":{"title":"Entregaron los premios de actividad literaria organizada por la Biblioteca Popular de Tornquist - CELTTV","description":"Sitio web de noticias de la localidad de Tornquist, provincia de Buenos Aires, Rep\u00fablica Argentina. Contenido propio originado por periodistas de CELTTV, el canal de TV local de la Cooperativa El\u00e9ctrica de Tornquist. Turismo, Pol\u00edtica, Sociedad, Deporte, Cultura y todo el contenido de inter\u00e9s general que la gente del pueblo y la regi\u00f3n debe conocer.","robots":{"index":"index","follow":"follow","max-snippet":"max-snippet:-1","max-image-preview":"max-image-preview:large","max-video-preview":"max-video-preview:-1"},"canonical":"https:\/\/www.celttv.com.ar\/index.php\/2020\/07\/23\/entregaron-los-premios-de-actividad-literaria-organizada-por-la-biblioteca-popular-de-tornquist\/","og_locale":"es_ES","og_type":"article","og_title":"Entregaron los premios de actividad literaria organizada por la Biblioteca Popular de Tornquist - CELTTV","og_description":"Sitio web de noticias de la localidad de Tornquist, provincia de Buenos Aires, Rep\u00fablica Argentina. Contenido propio originado por periodistas de CELTTV, el canal de TV local de la Cooperativa El\u00e9ctrica de Tornquist. Turismo, Pol\u00edtica, Sociedad, Deporte, Cultura y todo el contenido de inter\u00e9s general que la gente del pueblo y la regi\u00f3n debe conocer.","og_url":"https:\/\/www.celttv.com.ar\/index.php\/2020\/07\/23\/entregaron-los-premios-de-actividad-literaria-organizada-por-la-biblioteca-popular-de-tornquist\/","og_site_name":"CELTTV","article_publisher":"https:\/\/www.facebook.com\/celtTV\/","article_published_time":"2020-07-23T23:32:51+00:00","og_image":[{"width":1245,"height":703,"url":"https:\/\/www.celttv.com.ar\/wp-content\/uploads\/2020\/07\/a311cefa-447e-4a58-9ebe-b8e7ee9a237d-1.jpg","type":"image\/jpeg"}],"author":"ulises","twitter_card":"summary_large_image","twitter_misc":{"Escrito por":"ulises"},"schema":{"@context":"https:\/\/schema.org","@graph":[{"@type":"NewsArticle","@id":"https:\/\/www.celttv.com.ar\/index.php\/2020\/07\/23\/entregaron-los-premios-de-actividad-literaria-organizada-por-la-biblioteca-popular-de-tornquist\/#article","isPartOf":{"@id":"https:\/\/www.celttv.com.ar\/index.php\/2020\/07\/23\/entregaron-los-premios-de-actividad-literaria-organizada-por-la-biblioteca-popular-de-tornquist\/"},"author":{"name":"ulises","@id":"https:\/\/www.celttv.com.ar\/#\/schema\/person\/6d99c072dba59953809c81446e9d0ace"},"headline":"Entregaron los premios de actividad literaria organizada por la Biblioteca Popular de Tornquist","datePublished":"2020-07-23T23:32:51+00:00","dateModified":"2020-07-23T23:32:51+00:00","mainEntityOfPage":{"@id":"https:\/\/www.celttv.com.ar\/index.php\/2020\/07\/23\/entregaron-los-premios-de-actividad-literaria-organizada-por-la-biblioteca-popular-de-tornquist\/"},"wordCount":83,"publisher":{"@id":"https:\/\/www.celttv.com.ar\/#organization"},"articleSection":["Celt TV Noticias","Comunidad","Destacadas"],"inLanguage":"es"},{"@type":"WebPage","@id":"https:\/\/www.celttv.com.ar\/index.php\/2020\/07\/23\/entregaron-los-premios-de-actividad-literaria-organizada-por-la-biblioteca-popular-de-tornquist\/","url":"https:\/\/www.celttv.com.ar\/index.php\/2020\/07\/23\/entregaron-los-premios-de-actividad-literaria-organizada-por-la-biblioteca-popular-de-tornquist\/","name":"Entregaron los premios de actividad literaria organizada por la Biblioteca Popular de Tornquist - CELTTV","isPartOf":{"@id":"https:\/\/www.celttv.com.ar\/#website"},"datePublished":"2020-07-23T23:32:51+00:00","dateModified":"2020-07-23T23:32:51+00:00","description":"Sitio web de noticias de la localidad de Tornquist, provincia de Buenos Aires, Rep\u00fablica Argentina. Contenido propio originado por periodistas de CELTTV, el canal de TV local de la Cooperativa El\u00e9ctrica de Tornquist. Turismo, Pol\u00edtica, Sociedad, Deporte, Cultura y todo el contenido de inter\u00e9s general que la gente del pueblo y la regi\u00f3n debe conocer.","breadcrumb":{"@id":"https:\/\/www.celttv.com.ar\/index.php\/2020\/07\/23\/entregaron-los-premios-de-actividad-literaria-organizada-por-la-biblioteca-popular-de-tornquist\/#breadcrumb"},"inLanguage":"es","potentialAction":[{"@type":"ReadAction","target":["https:\/\/www.celttv.com.ar\/index.php\/2020\/07\/23\/entregaron-los-premios-de-actividad-literaria-organizada-por-la-biblioteca-popular-de-tornquist\/"]}]},{"@type":"BreadcrumbList","@id":"https:\/\/www.celttv.com.ar\/index.php\/2020\/07\/23\/entregaron-los-premios-de-actividad-literaria-organizada-por-la-biblioteca-popular-de-tornquist\/#breadcrumb","itemListElement":[{"@type":"ListItem","position":1,"name":"Inicio","item":"https:\/\/www.celttv.com.ar\/"},{"@type":"ListItem","position":2,"name":"Entregaron los premios de actividad literaria organizada por la Biblioteca Popular de Tornquist"}]},{"@type":"WebSite","@id":"https:\/\/www.celttv.com.ar\/#website","url":"https:\/\/www.celttv.com.ar\/","name":"CELTTV","description":"Cooperativa El\u00e9ctrica de Tornquist","publisher":{"@id":"https:\/\/www.celttv.com.ar\/#organization"},"potentialAction":[{"@type":"SearchAction","target":{"@type":"EntryPoint","urlTemplate":"https:\/\/www.celttv.com.ar\/?s={search_term_string}"},"query-input":"required name=search_term_string"}],"inLanguage":"es"},{"@type":"Organization","@id":"https:\/\/www.celttv.com.ar\/#organization","name":"CELTTV","url":"https:\/\/www.celttv.com.ar\/","sameAs":["https:\/\/www.youtube.com\/channel\/UCz_oIt8Hig64Ub-EmcNPIhg","https:\/\/www.facebook.com\/celtTV\/"],"logo":{"@type":"ImageObject","inLanguage":"es","@id":"https:\/\/www.celttv.com.ar\/#\/schema\/logo\/image\/","url":"http:\/\/www.celttv.com.ar\/wp-content\/uploads\/2022\/08\/logo-1.png","contentUrl":"http:\/\/www.celttv.com.ar\/wp-content\/uploads\/2022\/08\/logo-1.png","width":461,"height":159,"caption":"CELTTV"},"image":{"@id":"https:\/\/www.celttv.com.ar\/#\/schema\/logo\/image\/"}},{"@type":"Person","@id":"https:\/\/www.celttv.com.ar\/#\/schema\/person\/6d99c072dba59953809c81446e9d0ace","name":"ulises","image":{"@type":"ImageObject","inLanguage":"es","@id":"https:\/\/www.celttv.com.ar\/#\/schema\/person\/image\/","url":"https:\/\/secure.gravatar.com\/avatar\/7f2c48bdc33b30088f941fb6082e555f2874c98e20cb159d7b92b50eadfce793?s=96&d=mm&r=g","contentUrl":"https:\/\/secure.gravatar.com\/avatar\/7f2c48bdc33b30088f941fb6082e555f2874c98e20cb159d7b92b50eadfce793?s=96&d=mm&r=g","caption":"ulises"},"sameAs":["http:\/\/www.celttv.com.ar"]}]}},"_links":{"self":[{"href":"https:\/\/www.celttv.com.ar\/index.php\/wp-json\/wp\/v2\/posts\/50747","targetHints":{"allow":["GET"]}}],"collection":[{"href":"https:\/\/www.celttv.com.ar\/index.php\/wp-json\/wp\/v2\/posts"}],"about":[{"href":"https:\/\/www.celttv.com.ar\/index.php\/wp-json\/wp\/v2\/types\/post"}],"author":[{"embeddable":true,"href":"https:\/\/www.celttv.com.ar\/index.php\/wp-json\/wp\/v2\/users\/1"}],"replies":[{"embeddable":true,"href":"https:\/\/www.celttv.com.ar\/index.php\/wp-json\/wp\/v2\/comments?post=50747"}],"version-history":[{"count":0,"href":"https:\/\/www.celttv.com.ar\/index.php\/wp-json\/wp\/v2\/posts\/50747\/revisions"}],"wp:featuredmedia":[{"embeddable":true,"href":"https:\/\/www.celttv.com.ar\/index.php\/wp-json\/wp\/v2\/media\/50761"}],"wp:attachment":[{"href":"https:\/\/www.celttv.com.ar\/index.php\/wp-json\/wp\/v2\/media?parent=50747"}],"wp:term":[{"taxonomy":"category","embeddable":true,"href":"https:\/\/www.celttv.com.ar\/index.php\/wp-json\/wp\/v2\/categories?post=50747"},{"taxonomy":"post_tag","embeddable":true,"href":"https:\/\/www.celttv.com.ar\/index.php\/wp-json\/wp\/v2\/tags?post=50747"}],"curies":[{"name":"wp","href":"https:\/\/api.w.org\/{rel}","templated":true}]}}