{"id":50762,"date":"2020-07-24T14:11:46","date_gmt":"2020-07-24T14:11:46","guid":{"rendered":"http:\/\/www.celttv.com.ar\/?p=50762"},"modified":"2020-07-24T14:11:46","modified_gmt":"2020-07-24T14:11:46","slug":"la-nieve-se-hizo-presente-en-la-comarca-serrana-videos-y-fotos","status":"publish","type":"post","link":"https:\/\/www.celttv.com.ar\/index.php\/2020\/07\/24\/la-nieve-se-hizo-presente-en-la-comarca-serrana-videos-y-fotos\/","title":{"rendered":"La nieve se hizo presente en la Comarca Serrana (Videos y Fotos)"},"content":{"rendered":"<p>Con una sensaci\u00f3n t\u00e9rmica de -2 grados, el cord\u00f3n serrano amaneci\u00f3 con nieve al igual que la localidad de Villa Ventana, San Andr\u00e9s de Las Sierras, Villa Serrana La Gruta y campos lindantes al Cerro Ventana.<\/p>\n<p>La postal blanca a la que nos tiene acostumbrado el invierno, una vez m\u00e1s se hizo presente en una amplia zona, generado una postal inigualable para los habitantes del distrito de Tornquist.<\/p>\n<p>La pandemia hace, que en esta oportunidad, s\u00f3lo los vecinos del distrito disfruten de la tan esperada nevada.<\/p>\n<p>Sumate y compart\u00ed tus fotos y videos en la nieve con CELTTV al\u00a02914139774<\/p>\n<p>Compartimos im\u00e1genes de los vecinos del distrito.<\/p>\n<p>https:\/\/www.facebook.com\/celtTV\/videos\/pcb.1427317290798645\/1410365092484816\/<\/p>\n<p>https:\/\/www.facebook.com\/celtTV\/videos\/pcb.1427317290798645\/808563083223493<\/p>\n<p>https:\/\/www.facebook.com\/celtTV\/videos\/pcb.1427317290798645\/221296649064131<\/p>\n<p>https:\/\/www.facebook.com\/celtTV\/videos\/pcb.1427312490799125\/300563334392359\/<\/p>\n<p><a href=\"http:\/\/www.celttv.com.ar\/?attachment_id=50763\" rel=\"attachment wp-att-50763\"><img loading=\"lazy\" decoding=\"async\" class=\"alignleft size-full wp-image-50763\" src=\"http:\/\/www.celttv.com.ar\/wp-content\/uploads\/2020\/07\/0e2066f8-8d2a-46cc-963b-2e5bd07c3d56.jpg\" alt=\"\" width=\"1032\" height=\"774\" srcset=\"https:\/\/www.celttv.com.ar\/wp-content\/uploads\/2020\/07\/0e2066f8-8d2a-46cc-963b-2e5bd07c3d56.jpg 1032w, https:\/\/www.celttv.com.ar\/wp-content\/uploads\/2020\/07\/0e2066f8-8d2a-46cc-963b-2e5bd07c3d56-300x225.jpg 300w, https:\/\/www.celttv.com.ar\/wp-content\/uploads\/2020\/07\/0e2066f8-8d2a-46cc-963b-2e5bd07c3d56-1024x768.jpg 1024w, https:\/\/www.celttv.com.ar\/wp-content\/uploads\/2020\/07\/0e2066f8-8d2a-46cc-963b-2e5bd07c3d56-768x576.jpg 768w, https:\/\/www.celttv.com.ar\/wp-content\/uploads\/2020\/07\/0e2066f8-8d2a-46cc-963b-2e5bd07c3d56-750x563.jpg 750w\" sizes=\"auto, (max-width: 1032px) 100vw, 1032px\" \/><\/a> <a href=\"http:\/\/www.celttv.com.ar\/?attachment_id=50764\" rel=\"attachment wp-att-50764\"><img loading=\"lazy\" decoding=\"async\" class=\"alignleft size-medium wp-image-50764\" src=\"http:\/\/www.celttv.com.ar\/wp-content\/uploads\/2020\/07\/6cff3847-c139-4fa3-a4ae-08236b81f255.jpg\" alt=\"\" width=\"780\" height=\"585\" srcset=\"https:\/\/www.celttv.com.ar\/wp-content\/uploads\/2020\/07\/6cff3847-c139-4fa3-a4ae-08236b81f255.jpg 1032w, https:\/\/www.celttv.com.ar\/wp-content\/uploads\/2020\/07\/6cff3847-c139-4fa3-a4ae-08236b81f255-300x225.jpg 300w, https:\/\/www.celttv.com.ar\/wp-content\/uploads\/2020\/07\/6cff3847-c139-4fa3-a4ae-08236b81f255-1024x768.jpg 1024w, https:\/\/www.celttv.com.ar\/wp-content\/uploads\/2020\/07\/6cff3847-c139-4fa3-a4ae-08236b81f255-768x576.jpg 768w, https:\/\/www.celttv.com.ar\/wp-content\/uploads\/2020\/07\/6cff3847-c139-4fa3-a4ae-08236b81f255-750x563.jpg 750w\" sizes=\"auto, (max-width: 780px) 100vw, 780px\" \/><\/a> <a href=\"http:\/\/www.celttv.com.ar\/?attachment_id=50765\" rel=\"attachment wp-att-50765\"><img loading=\"lazy\" decoding=\"async\" class=\"alignleft size-medium wp-image-50765\" src=\"http:\/\/www.celttv.com.ar\/wp-content\/uploads\/2020\/07\/1614bbfd-9e18-4445-9aad-c16100c6b9b8.jpg\" alt=\"\" width=\"780\" height=\"585\" srcset=\"https:\/\/www.celttv.com.ar\/wp-content\/uploads\/2020\/07\/1614bbfd-9e18-4445-9aad-c16100c6b9b8.jpg 1032w, https:\/\/www.celttv.com.ar\/wp-content\/uploads\/2020\/07\/1614bbfd-9e18-4445-9aad-c16100c6b9b8-300x225.jpg 300w, https:\/\/www.celttv.com.ar\/wp-content\/uploads\/2020\/07\/1614bbfd-9e18-4445-9aad-c16100c6b9b8-1024x768.jpg 1024w, https:\/\/www.celttv.com.ar\/wp-content\/uploads\/2020\/07\/1614bbfd-9e18-4445-9aad-c16100c6b9b8-768x576.jpg 768w, https:\/\/www.celttv.com.ar\/wp-content\/uploads\/2020\/07\/1614bbfd-9e18-4445-9aad-c16100c6b9b8-750x563.jpg 750w\" sizes=\"auto, (max-width: 780px) 100vw, 780px\" \/><\/a> <a href=\"http:\/\/www.celttv.com.ar\/?attachment_id=50766\" rel=\"attachment wp-att-50766\"><img loading=\"lazy\" decoding=\"async\" class=\"alignleft size-medium wp-image-50766\" src=\"http:\/\/www.celttv.com.ar\/wp-content\/uploads\/2020\/07\/dc7e3501-661e-460f-b37c-731a11f2fb66.jpg\" alt=\"\" width=\"780\" height=\"585\" srcset=\"https:\/\/www.celttv.com.ar\/wp-content\/uploads\/2020\/07\/dc7e3501-661e-460f-b37c-731a11f2fb66.jpg 1032w, https:\/\/www.celttv.com.ar\/wp-content\/uploads\/2020\/07\/dc7e3501-661e-460f-b37c-731a11f2fb66-300x225.jpg 300w, https:\/\/www.celttv.com.ar\/wp-content\/uploads\/2020\/07\/dc7e3501-661e-460f-b37c-731a11f2fb66-1024x768.jpg 1024w, https:\/\/www.celttv.com.ar\/wp-content\/uploads\/2020\/07\/dc7e3501-661e-460f-b37c-731a11f2fb66-768x576.jpg 768w, https:\/\/www.celttv.com.ar\/wp-content\/uploads\/2020\/07\/dc7e3501-661e-460f-b37c-731a11f2fb66-750x563.jpg 750w\" sizes=\"auto, (max-width: 780px) 100vw, 780px\" \/><\/a> <a href=\"http:\/\/www.celttv.com.ar\/?attachment_id=50767\" rel=\"attachment wp-att-50767\"><img loading=\"lazy\" decoding=\"async\" class=\"alignleft size-medium wp-image-50767\" src=\"http:\/\/www.celttv.com.ar\/wp-content\/uploads\/2020\/07\/e929ab36-bd9b-454e-b630-d9f41f559b74.jpg\" alt=\"\" width=\"780\" height=\"585\" srcset=\"https:\/\/www.celttv.com.ar\/wp-content\/uploads\/2020\/07\/e929ab36-bd9b-454e-b630-d9f41f559b74.jpg 1032w, https:\/\/www.celttv.com.ar\/wp-content\/uploads\/2020\/07\/e929ab36-bd9b-454e-b630-d9f41f559b74-300x225.jpg 300w, https:\/\/www.celttv.com.ar\/wp-content\/uploads\/2020\/07\/e929ab36-bd9b-454e-b630-d9f41f559b74-1024x768.jpg 1024w, https:\/\/www.celttv.com.ar\/wp-content\/uploads\/2020\/07\/e929ab36-bd9b-454e-b630-d9f41f559b74-768x576.jpg 768w, https:\/\/www.celttv.com.ar\/wp-content\/uploads\/2020\/07\/e929ab36-bd9b-454e-b630-d9f41f559b74-750x563.jpg 750w\" sizes=\"auto, (max-width: 780px) 100vw, 780px\" \/><\/a><\/p>\n","protected":false},"excerpt":{"rendered":"<p>Con una sensaci\u00f3n t\u00e9rmica de -2 grados, el cord\u00f3n serrano amaneci\u00f3 con nieve al igual que la localidad de Villa Ventana, San Andr\u00e9s de Las Sierras, Villa Serrana La Gruta y campos lindantes al Cerro Ventana. La postal blanca a la que nos tiene acostumbrado el invierno, una vez m\u00e1s se hizo presente en una [&hellip;]<\/p>\n","protected":false},"author":1,"featured_media":50763,"comment_status":"closed","ping_status":"open","sticky":false,"template":"","format":"standard","meta":{"footnotes":""},"categories":[55,51,52,58],"tags":[],"class_list":["post-50762","post","type-post","status-publish","format-standard","has-post-thumbnail","hentry","category-celt-tv-noticias","category-comunidad","category-destacadas","category-turismo"],"yoast_head":"<!-- This site is optimized with the Yoast SEO plugin v19.7.1 - https:\/\/yoast.com\/wordpress\/plugins\/seo\/ -->\n<title>La nieve se hizo presente en la Comarca Serrana (Videos y Fotos) - CELTTV<\/title>\n<meta name=\"description\" content=\"Sitio web de noticias de la localidad de Tornquist, provincia de Buenos Aires, Rep\u00fablica Argentina. Contenido propio originado por periodistas de CELTTV, el canal de TV local de la Cooperativa El\u00e9ctrica de Tornquist. Turismo, Pol\u00edtica, Sociedad, Deporte, Cultura y todo el contenido de inter\u00e9s general que la gente del pueblo y la regi\u00f3n debe conocer.\" \/>\n<meta name=\"robots\" content=\"index, follow, max-snippet:-1, max-image-preview:large, max-video-preview:-1\" \/>\n<link rel=\"canonical\" href=\"https:\/\/www.celttv.com.ar\/index.php\/2020\/07\/24\/la-nieve-se-hizo-presente-en-la-comarca-serrana-videos-y-fotos\/\" \/>\n<meta property=\"og:locale\" content=\"es_ES\" \/>\n<meta property=\"og:type\" content=\"article\" \/>\n<meta property=\"og:title\" content=\"La nieve se hizo presente en la Comarca Serrana (Videos y Fotos) - CELTTV\" \/>\n<meta property=\"og:description\" content=\"Sitio web de noticias de la localidad de Tornquist, provincia de Buenos Aires, Rep\u00fablica Argentina. Contenido propio originado por periodistas de CELTTV, el canal de TV local de la Cooperativa El\u00e9ctrica de Tornquist. Turismo, Pol\u00edtica, Sociedad, Deporte, Cultura y todo el contenido de inter\u00e9s general que la gente del pueblo y la regi\u00f3n debe conocer.\" \/>\n<meta property=\"og:url\" content=\"https:\/\/www.celttv.com.ar\/index.php\/2020\/07\/24\/la-nieve-se-hizo-presente-en-la-comarca-serrana-videos-y-fotos\/\" \/>\n<meta property=\"og:site_name\" content=\"CELTTV\" \/>\n<meta property=\"article:publisher\" content=\"https:\/\/www.facebook.com\/celtTV\/\" \/>\n<meta property=\"article:published_time\" content=\"2020-07-24T14:11:46+00:00\" \/>\n<meta property=\"og:image\" content=\"https:\/\/www.celttv.com.ar\/wp-content\/uploads\/2020\/07\/0e2066f8-8d2a-46cc-963b-2e5bd07c3d56.jpg\" \/>\n\t<meta property=\"og:image:width\" content=\"1032\" \/>\n\t<meta property=\"og:image:height\" content=\"774\" \/>\n\t<meta property=\"og:image:type\" content=\"image\/jpeg\" \/>\n<meta name=\"author\" content=\"ulises\" \/>\n<meta name=\"twitter:card\" content=\"summary_large_image\" \/>\n<meta name=\"twitter:label1\" content=\"Escrito por\" \/>\n\t<meta name=\"twitter:data1\" content=\"ulises\" \/>\n\t<meta name=\"twitter:label2\" content=\"Tiempo de lectura\" \/>\n\t<meta name=\"twitter:data2\" content=\"1 minuto\" \/>\n<script type=\"application\/ld+json\" class=\"yoast-schema-graph\">{\"@context\":\"https:\/\/schema.org\",\"@graph\":[{\"@type\":\"NewsArticle\",\"@id\":\"https:\/\/www.celttv.com.ar\/index.php\/2020\/07\/24\/la-nieve-se-hizo-presente-en-la-comarca-serrana-videos-y-fotos\/#article\",\"isPartOf\":{\"@id\":\"https:\/\/www.celttv.com.ar\/index.php\/2020\/07\/24\/la-nieve-se-hizo-presente-en-la-comarca-serrana-videos-y-fotos\/\"},\"author\":{\"name\":\"ulises\",\"@id\":\"https:\/\/www.celttv.com.ar\/#\/schema\/person\/6d99c072dba59953809c81446e9d0ace\"},\"headline\":\"La nieve se hizo presente en la Comarca Serrana (Videos y Fotos)\",\"datePublished\":\"2020-07-24T14:11:46+00:00\",\"dateModified\":\"2020-07-24T14:11:46+00:00\",\"mainEntityOfPage\":{\"@id\":\"https:\/\/www.celttv.com.ar\/index.php\/2020\/07\/24\/la-nieve-se-hizo-presente-en-la-comarca-serrana-videos-y-fotos\/\"},\"wordCount\":153,\"publisher\":{\"@id\":\"https:\/\/www.celttv.com.ar\/#organization\"},\"articleSection\":[\"Celt TV Noticias\",\"Comunidad\",\"Destacadas\",\"Turismo\"],\"inLanguage\":\"es\"},{\"@type\":\"WebPage\",\"@id\":\"https:\/\/www.celttv.com.ar\/index.php\/2020\/07\/24\/la-nieve-se-hizo-presente-en-la-comarca-serrana-videos-y-fotos\/\",\"url\":\"https:\/\/www.celttv.com.ar\/index.php\/2020\/07\/24\/la-nieve-se-hizo-presente-en-la-comarca-serrana-videos-y-fotos\/\",\"name\":\"La nieve se hizo presente en la Comarca Serrana (Videos y Fotos) - CELTTV\",\"isPartOf\":{\"@id\":\"https:\/\/www.celttv.com.ar\/#website\"},\"datePublished\":\"2020-07-24T14:11:46+00:00\",\"dateModified\":\"2020-07-24T14:11:46+00:00\",\"description\":\"Sitio web de noticias de la localidad de Tornquist, provincia de Buenos Aires, Rep\u00fablica Argentina. Contenido propio originado por periodistas de CELTTV, el canal de TV local de la Cooperativa El\u00e9ctrica de Tornquist. Turismo, Pol\u00edtica, Sociedad, Deporte, Cultura y todo el contenido de inter\u00e9s general que la gente del pueblo y la regi\u00f3n debe conocer.\",\"breadcrumb\":{\"@id\":\"https:\/\/www.celttv.com.ar\/index.php\/2020\/07\/24\/la-nieve-se-hizo-presente-en-la-comarca-serrana-videos-y-fotos\/#breadcrumb\"},\"inLanguage\":\"es\",\"potentialAction\":[{\"@type\":\"ReadAction\",\"target\":[\"https:\/\/www.celttv.com.ar\/index.php\/2020\/07\/24\/la-nieve-se-hizo-presente-en-la-comarca-serrana-videos-y-fotos\/\"]}]},{\"@type\":\"BreadcrumbList\",\"@id\":\"https:\/\/www.celttv.com.ar\/index.php\/2020\/07\/24\/la-nieve-se-hizo-presente-en-la-comarca-serrana-videos-y-fotos\/#breadcrumb\",\"itemListElement\":[{\"@type\":\"ListItem\",\"position\":1,\"name\":\"Inicio\",\"item\":\"https:\/\/www.celttv.com.ar\/\"},{\"@type\":\"ListItem\",\"position\":2,\"name\":\"La nieve se hizo presente en la Comarca Serrana (Videos y Fotos)\"}]},{\"@type\":\"WebSite\",\"@id\":\"https:\/\/www.celttv.com.ar\/#website\",\"url\":\"https:\/\/www.celttv.com.ar\/\",\"name\":\"CELTTV\",\"description\":\"Cooperativa El\u00e9ctrica de Tornquist\",\"publisher\":{\"@id\":\"https:\/\/www.celttv.com.ar\/#organization\"},\"potentialAction\":[{\"@type\":\"SearchAction\",\"target\":{\"@type\":\"EntryPoint\",\"urlTemplate\":\"https:\/\/www.celttv.com.ar\/?s={search_term_string}\"},\"query-input\":\"required name=search_term_string\"}],\"inLanguage\":\"es\"},{\"@type\":\"Organization\",\"@id\":\"https:\/\/www.celttv.com.ar\/#organization\",\"name\":\"CELTTV\",\"url\":\"https:\/\/www.celttv.com.ar\/\",\"sameAs\":[\"https:\/\/www.youtube.com\/channel\/UCz_oIt8Hig64Ub-EmcNPIhg\",\"https:\/\/www.facebook.com\/celtTV\/\"],\"logo\":{\"@type\":\"ImageObject\",\"inLanguage\":\"es\",\"@id\":\"https:\/\/www.celttv.com.ar\/#\/schema\/logo\/image\/\",\"url\":\"http:\/\/www.celttv.com.ar\/wp-content\/uploads\/2022\/08\/logo-1.png\",\"contentUrl\":\"http:\/\/www.celttv.com.ar\/wp-content\/uploads\/2022\/08\/logo-1.png\",\"width\":461,\"height\":159,\"caption\":\"CELTTV\"},\"image\":{\"@id\":\"https:\/\/www.celttv.com.ar\/#\/schema\/logo\/image\/\"}},{\"@type\":\"Person\",\"@id\":\"https:\/\/www.celttv.com.ar\/#\/schema\/person\/6d99c072dba59953809c81446e9d0ace\",\"name\":\"ulises\",\"image\":{\"@type\":\"ImageObject\",\"inLanguage\":\"es\",\"@id\":\"https:\/\/www.celttv.com.ar\/#\/schema\/person\/image\/\",\"url\":\"https:\/\/secure.gravatar.com\/avatar\/7f2c48bdc33b30088f941fb6082e555f2874c98e20cb159d7b92b50eadfce793?s=96&d=mm&r=g\",\"contentUrl\":\"https:\/\/secure.gravatar.com\/avatar\/7f2c48bdc33b30088f941fb6082e555f2874c98e20cb159d7b92b50eadfce793?s=96&d=mm&r=g\",\"caption\":\"ulises\"},\"sameAs\":[\"http:\/\/www.celttv.com.ar\"]}]}<\/script>\n<!-- \/ Yoast SEO plugin. -->","yoast_head_json":{"title":"La nieve se hizo presente en la Comarca Serrana (Videos y Fotos) - CELTTV","description":"Sitio web de noticias de la localidad de Tornquist, provincia de Buenos Aires, Rep\u00fablica Argentina. Contenido propio originado por periodistas de CELTTV, el canal de TV local de la Cooperativa El\u00e9ctrica de Tornquist. Turismo, Pol\u00edtica, Sociedad, Deporte, Cultura y todo el contenido de inter\u00e9s general que la gente del pueblo y la regi\u00f3n debe conocer.","robots":{"index":"index","follow":"follow","max-snippet":"max-snippet:-1","max-image-preview":"max-image-preview:large","max-video-preview":"max-video-preview:-1"},"canonical":"https:\/\/www.celttv.com.ar\/index.php\/2020\/07\/24\/la-nieve-se-hizo-presente-en-la-comarca-serrana-videos-y-fotos\/","og_locale":"es_ES","og_type":"article","og_title":"La nieve se hizo presente en la Comarca Serrana (Videos y Fotos) - CELTTV","og_description":"Sitio web de noticias de la localidad de Tornquist, provincia de Buenos Aires, Rep\u00fablica Argentina. Contenido propio originado por periodistas de CELTTV, el canal de TV local de la Cooperativa El\u00e9ctrica de Tornquist. Turismo, Pol\u00edtica, Sociedad, Deporte, Cultura y todo el contenido de inter\u00e9s general que la gente del pueblo y la regi\u00f3n debe conocer.","og_url":"https:\/\/www.celttv.com.ar\/index.php\/2020\/07\/24\/la-nieve-se-hizo-presente-en-la-comarca-serrana-videos-y-fotos\/","og_site_name":"CELTTV","article_publisher":"https:\/\/www.facebook.com\/celtTV\/","article_published_time":"2020-07-24T14:11:46+00:00","og_image":[{"width":1032,"height":774,"url":"https:\/\/www.celttv.com.ar\/wp-content\/uploads\/2020\/07\/0e2066f8-8d2a-46cc-963b-2e5bd07c3d56.jpg","type":"image\/jpeg"}],"author":"ulises","twitter_card":"summary_large_image","twitter_misc":{"Escrito por":"ulises","Tiempo de lectura":"1 minuto"},"schema":{"@context":"https:\/\/schema.org","@graph":[{"@type":"NewsArticle","@id":"https:\/\/www.celttv.com.ar\/index.php\/2020\/07\/24\/la-nieve-se-hizo-presente-en-la-comarca-serrana-videos-y-fotos\/#article","isPartOf":{"@id":"https:\/\/www.celttv.com.ar\/index.php\/2020\/07\/24\/la-nieve-se-hizo-presente-en-la-comarca-serrana-videos-y-fotos\/"},"author":{"name":"ulises","@id":"https:\/\/www.celttv.com.ar\/#\/schema\/person\/6d99c072dba59953809c81446e9d0ace"},"headline":"La nieve se hizo presente en la Comarca Serrana (Videos y Fotos)","datePublished":"2020-07-24T14:11:46+00:00","dateModified":"2020-07-24T14:11:46+00:00","mainEntityOfPage":{"@id":"https:\/\/www.celttv.com.ar\/index.php\/2020\/07\/24\/la-nieve-se-hizo-presente-en-la-comarca-serrana-videos-y-fotos\/"},"wordCount":153,"publisher":{"@id":"https:\/\/www.celttv.com.ar\/#organization"},"articleSection":["Celt TV Noticias","Comunidad","Destacadas","Turismo"],"inLanguage":"es"},{"@type":"WebPage","@id":"https:\/\/www.celttv.com.ar\/index.php\/2020\/07\/24\/la-nieve-se-hizo-presente-en-la-comarca-serrana-videos-y-fotos\/","url":"https:\/\/www.celttv.com.ar\/index.php\/2020\/07\/24\/la-nieve-se-hizo-presente-en-la-comarca-serrana-videos-y-fotos\/","name":"La nieve se hizo presente en la Comarca Serrana (Videos y Fotos) - CELTTV","isPartOf":{"@id":"https:\/\/www.celttv.com.ar\/#website"},"datePublished":"2020-07-24T14:11:46+00:00","dateModified":"2020-07-24T14:11:46+00:00","description":"Sitio web de noticias de la localidad de Tornquist, provincia de Buenos Aires, Rep\u00fablica Argentina. Contenido propio originado por periodistas de CELTTV, el canal de TV local de la Cooperativa El\u00e9ctrica de Tornquist. Turismo, Pol\u00edtica, Sociedad, Deporte, Cultura y todo el contenido de inter\u00e9s general que la gente del pueblo y la regi\u00f3n debe conocer.","breadcrumb":{"@id":"https:\/\/www.celttv.com.ar\/index.php\/2020\/07\/24\/la-nieve-se-hizo-presente-en-la-comarca-serrana-videos-y-fotos\/#breadcrumb"},"inLanguage":"es","potentialAction":[{"@type":"ReadAction","target":["https:\/\/www.celttv.com.ar\/index.php\/2020\/07\/24\/la-nieve-se-hizo-presente-en-la-comarca-serrana-videos-y-fotos\/"]}]},{"@type":"BreadcrumbList","@id":"https:\/\/www.celttv.com.ar\/index.php\/2020\/07\/24\/la-nieve-se-hizo-presente-en-la-comarca-serrana-videos-y-fotos\/#breadcrumb","itemListElement":[{"@type":"ListItem","position":1,"name":"Inicio","item":"https:\/\/www.celttv.com.ar\/"},{"@type":"ListItem","position":2,"name":"La nieve se hizo presente en la Comarca Serrana (Videos y Fotos)"}]},{"@type":"WebSite","@id":"https:\/\/www.celttv.com.ar\/#website","url":"https:\/\/www.celttv.com.ar\/","name":"CELTTV","description":"Cooperativa El\u00e9ctrica de Tornquist","publisher":{"@id":"https:\/\/www.celttv.com.ar\/#organization"},"potentialAction":[{"@type":"SearchAction","target":{"@type":"EntryPoint","urlTemplate":"https:\/\/www.celttv.com.ar\/?s={search_term_string}"},"query-input":"required name=search_term_string"}],"inLanguage":"es"},{"@type":"Organization","@id":"https:\/\/www.celttv.com.ar\/#organization","name":"CELTTV","url":"https:\/\/www.celttv.com.ar\/","sameAs":["https:\/\/www.youtube.com\/channel\/UCz_oIt8Hig64Ub-EmcNPIhg","https:\/\/www.facebook.com\/celtTV\/"],"logo":{"@type":"ImageObject","inLanguage":"es","@id":"https:\/\/www.celttv.com.ar\/#\/schema\/logo\/image\/","url":"http:\/\/www.celttv.com.ar\/wp-content\/uploads\/2022\/08\/logo-1.png","contentUrl":"http:\/\/www.celttv.com.ar\/wp-content\/uploads\/2022\/08\/logo-1.png","width":461,"height":159,"caption":"CELTTV"},"image":{"@id":"https:\/\/www.celttv.com.ar\/#\/schema\/logo\/image\/"}},{"@type":"Person","@id":"https:\/\/www.celttv.com.ar\/#\/schema\/person\/6d99c072dba59953809c81446e9d0ace","name":"ulises","image":{"@type":"ImageObject","inLanguage":"es","@id":"https:\/\/www.celttv.com.ar\/#\/schema\/person\/image\/","url":"https:\/\/secure.gravatar.com\/avatar\/7f2c48bdc33b30088f941fb6082e555f2874c98e20cb159d7b92b50eadfce793?s=96&d=mm&r=g","contentUrl":"https:\/\/secure.gravatar.com\/avatar\/7f2c48bdc33b30088f941fb6082e555f2874c98e20cb159d7b92b50eadfce793?s=96&d=mm&r=g","caption":"ulises"},"sameAs":["http:\/\/www.celttv.com.ar"]}]}},"_links":{"self":[{"href":"https:\/\/www.celttv.com.ar\/index.php\/wp-json\/wp\/v2\/posts\/50762","targetHints":{"allow":["GET"]}}],"collection":[{"href":"https:\/\/www.celttv.com.ar\/index.php\/wp-json\/wp\/v2\/posts"}],"about":[{"href":"https:\/\/www.celttv.com.ar\/index.php\/wp-json\/wp\/v2\/types\/post"}],"author":[{"embeddable":true,"href":"https:\/\/www.celttv.com.ar\/index.php\/wp-json\/wp\/v2\/users\/1"}],"replies":[{"embeddable":true,"href":"https:\/\/www.celttv.com.ar\/index.php\/wp-json\/wp\/v2\/comments?post=50762"}],"version-history":[{"count":0,"href":"https:\/\/www.celttv.com.ar\/index.php\/wp-json\/wp\/v2\/posts\/50762\/revisions"}],"wp:featuredmedia":[{"embeddable":true,"href":"https:\/\/www.celttv.com.ar\/index.php\/wp-json\/wp\/v2\/media\/50763"}],"wp:attachment":[{"href":"https:\/\/www.celttv.com.ar\/index.php\/wp-json\/wp\/v2\/media?parent=50762"}],"wp:term":[{"taxonomy":"category","embeddable":true,"href":"https:\/\/www.celttv.com.ar\/index.php\/wp-json\/wp\/v2\/categories?post=50762"},{"taxonomy":"post_tag","embeddable":true,"href":"https:\/\/www.celttv.com.ar\/index.php\/wp-json\/wp\/v2\/tags?post=50762"}],"curies":[{"name":"wp","href":"https:\/\/api.w.org\/{rel}","templated":true}]}}