{"id":50799,"date":"2020-07-25T01:33:43","date_gmt":"2020-07-25T01:33:43","guid":{"rendered":"http:\/\/www.celttv.com.ar\/?p=50799"},"modified":"2020-07-25T01:33:43","modified_gmt":"2020-07-25T01:33:43","slug":"amplio-informe-de-los-temas-tratados-en-la-ultima-sesion-ordinaria-del-hcd","status":"publish","type":"post","link":"https:\/\/www.celttv.com.ar\/index.php\/2020\/07\/25\/amplio-informe-de-los-temas-tratados-en-la-ultima-sesion-ordinaria-del-hcd\/","title":{"rendered":"Amplio informe de los temas tratados en la \u00faltima sesi\u00f3n ordinaria del HCD"},"content":{"rendered":"<p>Amplio informe de los temas tratados en la \u00faltima sesi\u00f3n ordinaria del HCD.<\/p>\n<p>Temas tratados:<\/p>\n<p><strong><u>Comunicaciones oficiales y dict\u00e1menes de las Comisiones:<\/u><\/strong><\/p>\n<p>&nbsp;<\/p>\n<p><strong><u>Expte. N\u00ba 048\/20:<\/u><\/strong> \u201cD.E. Incremento Salarial- Ejercicio 2020\u201d.<\/p>\n<p>Se solicita tratamiento sobre Tablas<strong>.<\/strong><\/p>\n<p>Se aprueba por unanimidad la Ordenanza con el N\u00ba 3238\/20 por la que se otorga un incremento salarial del 10% (diez por ciento) a\u00a0 partir del 1 de julio de 2020, para todas las categor\u00edas de los sueldos del personal municipal. Se otorga una\u00a0 BONIFICACI\u00d3N\u00a0 ESPECIAL\u00a0 de\u00a0\u00a0 car\u00e1cter\u00a0 remunerativa de $3.000 (pesos tres mil), por el mes de julio de 2020. La misma alcanza a todo el personal municipal, excepto Concejales, Secretario del Honorable Concejo Deliberante y Personal Superior.-<\/p>\n<p><strong>\u00a0<\/strong><\/p>\n<p><strong><u>Expte. N\u00ba 010\/08:<\/u><\/strong> \u201cN.P. \u2013 Muscillo y Llanos: Solicitan regularizar situaci\u00f3n s\/adquisici\u00f3n\u00a0 lote municipal (Cuerpo V)\u201d.<\/p>\n<p>&nbsp;<\/p>\n<p>Seg\u00fan el dictamen de las Comisiones de\u00a0 OBRAS P\u00daBLICAS Y PRESUPUESTO Y HACIENDA se aprueba por unanimidad la Ordenanza con el N\u00ba 3237\/20 por la que se \u00a0autoriza al Departamento Ejecutivo a efectuar el cobro del inmueble otorgado a los beneficiarios detallados en el Anexo I (AGUILERA, Valeria Beatriz y ESQUIVEL,\u00a0 Oscar Alberto), respetando el valor de la tasaci\u00f3n informada en dicho anexo.- Se autoriza al Ejecutivo Municipal a que otorgue para el pago, los plazos y cuotas necesarias para el adjudicatario. Se autoriza al Ejecutivo Municipal a percibir el saldo de precio en caso que el adjudicatario desee cancelar anticipadamente el total de la deuda por el terreno adjudicado. Se declara de Inter\u00e9s Social y se requiere la intervenci\u00f3n de la\u00a0 Escriban\u00eda General de Gobierno de la Provincia de Buenos Aires, a los fines del otorgamiento de la Escritura Traslativa de Dominio del inmueble referido, cuyo valor de venta haya sido cancelado, en un todo de acuerdo a lo normado por Ley N\u00ba 10.830. El lote que se adjudica deber\u00e1 ser destinado exclusivamente para vivienda \u00fanica, asiento del grupo familiar conviviente. Los compradores no podr\u00e1n transferir por ning\u00fan t\u00edtulo el inmueble por el t\u00e9rmino de 10 (diez) a\u00f1os a contar del otorgamiento de la escritura traslativa de dominio.-<\/p>\n<p>&nbsp;<\/p>\n<p><strong><u>Expte. N\u00ba 7177\/20:<\/u><\/strong> \u201cN.P. Camcotisas- Solicita gesti\u00f3n para la recuperaci\u00f3n del servicio de trenes de pasajeros, ramal Pringles del Ferrocarril Roca\u201d.<\/p>\n<p>Seg\u00fan el dictamen de las Comisiones de <strong>\u00a0<\/strong>ASUNTOS MUNICIPALES Y TURISMO Y DESARROLLO, se aprueba por unanimidad la Resoluci\u00f3n N\u00ba 14\/20 por la que se<strong>\u00a0 <\/strong>solicita al Sr. Intendente Municipal realice las gestiones ante las autoridades provinciales y\/o nacionales, a fin de que se restablezca el servicio de trenes\u00a0 de pasajeros y encomiendas por el ramal Pringles del Ferrocarril Roca. Se env\u00eda copia de la presente al Ministro de Transporte de la Naci\u00f3n, Ing. Mario Meoni; al Gobernador de la Provincia de Buenos Aires Axel Kicillof; al Presidente de Trenes Argentinos Lic. Mart\u00edn Marinucci; a las\u00a0 C\u00e1maras de Diputados y Senadores de la Naci\u00f3n; a las C\u00e1maras de Diputados y Senadores de la Provincia, y a la Presidente de CAMCOTISAS\u00a0 Micaela Costas.-<\/p>\n<p>&nbsp;<\/p>\n<p><strong><u>Expte. N\u00ba 7186\/20:<\/u><\/strong> \u201cH.C.D. Proyecto de Ordenanza: ref. eximici\u00f3n y pr\u00f3rroga de Tasas a ciertos Comerciantes y Sector Tur\u00edstico (Covid\u00a0\u00a0\u00a0\u00a0\u00a0\u00a0\u00a0\u00a0\u00a0\u00a0\u00a0\u00a0\u00a0\u00a0\u00a0\u00a0\u00a0 \u00a019)\u201d.<\/p>\n<p>Se aprueba por unanimidad el dictamen de las Comisiones de <strong>\u00a0<\/strong>PRESUPUESTO Y HACIENDA Y ASUNTOS MUNICIPALES<strong>\u00a0 <\/strong>que aconseja enviar el mismo al Archivo, dado que la Ordenanza N\u00ba 3231\/20 fue Promulgada por Decreto N\u00ba 386\/20.-<\/p>\n<p>&nbsp;<\/p>\n<p><strong><u>Expte. N\u00ba 7193\/20:<\/u><\/strong> \u201cH.C.D. Proyecto de Ordenanza: ref. adhesi\u00f3n a la Ley Provincial N\u00ba 15.134- Capacitaci\u00f3n obligatoria en la tem\u00e1tica de g\u00e9nero y violencia contra las mujeres. (Ley Micaela Bonaerense)\u201d.<\/p>\n<p>Se aprueba por unanimidad el dictamen de las Comisiones de ASUNTOS MUNICIPALES Y SALUD P\u00daBLICA<strong>\u00a0 <\/strong>que aconseja enviar el mismo al Archivo, dado que fue promulgada la Ordenanza N\u00ba 3232\/20 por Decreto N\u00ba 404\/20.-<\/p>\n<p>&nbsp;<\/p>\n<p><strong><u>Expte. N\u00ba 7195\/20:<\/u><\/strong> \u201cBloques Cambiemos Bs. As. y J.P.C.- Proyecto de Resoluci\u00f3n: manifiesta repudio y preocupaci\u00f3n por D.N.U. 522\/2020 intervenci\u00f3n administrativa Sociedad Vicentin S.A.I.C.\u201d.<\/p>\n<p>Este Expediente tiene dos dict\u00e1menes:<\/p>\n<p>Primer dictamen:<\/p>\n<p>Las Comisiones de <strong>\u00a0<\/strong>INTERPRETACI\u00d3N Y REGLAMENTO (en mayor\u00eda) Y PRODUCCI\u00d3N, COMERCIO E INDUSTRIA (en minor\u00eda), <strong>\u00a0<\/strong>habiendo analizado el Expte. N\u00ba 7195\/20, aconsejan aprobar el Proyecto de Resoluci\u00f3n\u00a0 obrante a fs. 1-3.-<\/p>\n<p>Segundo dictamen:<\/p>\n<p>Las Comisiones de INTERPRETACION Y REGLAMENTO (en minor\u00eda), Y PRODUCCI\u00d3N, COMERCIO E INDUSTRIA (en mayor\u00eda) habiendo analizado el Expte. N\u00ba7195\/20 aconsejan no aprobar el Proyecto de Resoluci\u00f3n por los siguientes motivos:<\/p>\n<p>Se realiz\u00f3 una intervenci\u00f3n transitoria por 60 d\u00edas con el fin de asegurar la continuidad de las actividades de la empresa, la conservaci\u00f3n de los puestos de trabajo y la preservaci\u00f3n de sus activos y patrimonio.<\/p>\n<p>Se form\u00f3 una Comisi\u00f3n de Seguimiento e Investigaci\u00f3n a partir de dos informes presentados por el Banco Naci\u00f3n y que trabaja sobre tres ejes principales: la preservaci\u00f3n de los puestos de trabajo, evitar que toda la comercializaci\u00f3n de granos quede\u00a0 en manos extranjeras y saber el destino de los recursos.<\/p>\n<p>La empresa VICENT\u00cdN S.A.I.C. entr\u00f3 en cesaci\u00f3n de pagos el 4\/12\/2019, luego de haber tenido cuatro a\u00f1os exitosos en los que pas\u00f3 del puesto 25 al 7 en el ranking nacional. Hoy es una empresa en quiebra que dej\u00f3 muchos acreedores, particularmente peque\u00f1os productores. De esto hay que preocuparse, VICENT\u00cdN ha vaciado las arcas del Estado.<\/p>\n<p>Del 2015 al 2019, se le otorgaron U$S 150.000.000 de cr\u00e9dito del Banco Naci\u00f3n. Solamente en Noviembre del a\u00f1o 2019 recibi\u00f3 26 cr\u00e9ditos por U$S 86.000.000. Esto demuestra la complicidad del Presidente del Banco Central Guido Sandleris y del Presidente del Banco Naci\u00f3n Javier Gonz\u00e1lez Fraga, funcionarios de Cambiemos.<\/p>\n<p>Porque fue creada la comisi\u00f3n bicameral para investigar a la cerealera VICENT\u00cdN S.A.I.C.<\/p>\n<p>Por lo expuesto anteriormente, porque el Estado ha puesto en VICENT\u00cdN m\u00e1s dinero que el que VICENT\u00cdN ha puesto en el Estado, porque sabiendo que iban a presentar quiebra siguieron recibiendo granos, porque estafaron a una gran cantidad de argentinos, porque hay 28.000 puestos de trabajo en juego, porque\u00a0 VICENT\u00cdN en un solo a\u00f1o se llev\u00f3 el 20% de la cartera de cr\u00e9ditos del Banco Naci\u00f3n; Por todo esto no s\u00f3lo no repudiamos sino que acompa\u00f1amos el proceder del Presidente de la Naci\u00f3n Alberto Fern\u00e1ndez.<\/p>\n<p>Queda aprobado por mayor\u00eda (Votaci\u00f3n 7 a 5) el primer Dictamen, por lo que se aprueba por mayor\u00eda la Resoluci\u00f3n N\u00ba 15\/20 por la que se manifiesta la profunda preocupaci\u00f3n y repudio por el dictado del Decreto de Necesidad y Urgencia (DNU) 522\/2020, de fecha 9 de junio de 2020, mediante el que se dispone la intervenci\u00f3n administrativa de la sociedad VICENTIN S.A.I.C. (CUIT 30-50095962-9), as\u00ed como por el proyecto de expropiaci\u00f3n de la firma elaborado por la Senadora Nacional Anabel Fern\u00e1ndez Sagasti, por las razones expuestas en los considerandos. Comunicar al Departamento Ejecutivo y remitir copia de la presente al Sr. Presidente de la Naci\u00f3n y a la Comisi\u00f3n Bicameral Permanente de Tr\u00e1mite Legislativo (Ley 26.122).-<\/p>\n<p>&nbsp;<\/p>\n<p><strong><u>SECRATARIO: Expte. N\u00ba 7196\/20:<\/u><\/strong> \u201cBloques Cambiemos Bs. As. y J.P.C. Proyecto de Resoluci\u00f3n: rechazo al Proyecto de Ley del Poder Ejecutivo Nacional- Ley de Movilidad Jubilatoria\u201d.-<\/p>\n<p>Este Expediente tiene dos dict\u00e1menes:<\/p>\n<p>Primer dictamen:<\/p>\n<p>La Comisi\u00f3n de <strong>\u00a0<\/strong>INTERPRETACI\u00d3N Y REGLAMENTO (en mayor\u00eda),\u00a0 habiendo analizado el Expte. N\u00ba 7196\/20, aconseja aprobar el Proyecto de Resoluci\u00f3n obrante a fs. 1-3, atendiendo a cubrir las necesidades imprescindibles de los jubilados argentinos y teniendo en cuenta que la p\u00e9rdida del beneficio de la movilidad jubilatoria ha provocado incertidumbre, angustia y una p\u00e9rdida sustancial de m\u00e1s del 3% de los haberes mensuales en los \u00faltimos meses. Consideramos que los haberes previsionales, de ning\u00fan modo pueden estar a merced de la voluntad pol\u00edtica de los gobernantes, mediante decretos de necesidad y urgencia.-<\/p>\n<p>Segundo dictamen:<\/p>\n<p>La Comisi\u00f3n de INTERPRETACION Y REGLAMENTO (en minor\u00eda), habiendo analizado el Expte. N\u00ba 7196\/20 aconseja no aprobar el Proyecto de Resoluci\u00f3n debido a que en el DNU N\u00ba 542\/2020 se fundamentan las razones por las cuales se suspende hasta el 31 de diciembre de 2020 la aplicaci\u00f3n de la Ley de Movilidad Jubilatoria. El Poder Ejecutivo Nacional ha dispuesto una gran cantidad de medidas para morigerar el impacto de la restricci\u00f3n de las actividades econ\u00f3micas y la circulaci\u00f3n de personas en el marco de la emergencia sanitaria con la finalidad de preservar los ingresos de los trabajadores y de las trabajadoras, las fuentes y los puestos de trabajo, y de brindar una cobertura a los sectores sociales m\u00e1s vulnerables. La situaci\u00f3n de emergencia sanitaria ha impactado en la recaudaci\u00f3n de los recursos de la seguridad social, en las remuneraciones al trabajo y en la evoluci\u00f3n de los precios al consumidor y tornan inciertos los indicadores o par\u00e1metros m\u00e1s relevantes utilizados para establecer una metodolog\u00eda rigurosa de c\u00e1lculo con el fin de determinar la movilidad de los haberes previsionales. La forma de llevar a cabo la actualizaci\u00f3n de las prestaciones previsionales no es un\u00edvoca y ha estado sujeta a revisi\u00f3n pr\u00e1cticamente en todos los pa\u00edses, debido a que los reg\u00edmenes de previsi\u00f3n social, adem\u00e1s de garantizar una amplia cobertura, tienen que balancear DOS (2) objetivos centrales: mantener la suficiencia de las prestaciones y asegurar su sustentabilidad. \u00a0Las medidas que se establecen en el DNU N\u00ba 542\/2020 son temporarias y resultan necesarias, razonables y proporcionadas con relaci\u00f3n a la situaci\u00f3n que se atiende y los derechos que se preservan.-<\/p>\n<p>Queda aprobado por mayor\u00eda ( votaci\u00f3n 7 a 5) el primer Dictamen, por lo que se aprueba por mayor\u00eda la Resoluci\u00f3n N\u00ba 16\/20 por la que el Honorable Concejo Deliberante del Distrito de Tornquist rechaza enf\u00e1ticamente el nuevo proyecto de Ley del Poder Ejecutivo Nacional que suspende hasta el 31 de diciembre de 2020 la aplicaci\u00f3n de la Ley de Movilidad Jubilatoria.- Se remite copia de la presente\u00a0 al Sr. Presidente de la Naci\u00f3n Dr. Alberto Fern\u00e1ndez.- Se remite copia de la presente a la Honorable C\u00e1mara de Diputados de la Naci\u00f3n y el Senado Nacional.-<\/p>\n<p>&nbsp;<\/p>\n<p><strong><u>Expte. N\u00ba 7199\/20:<\/u><\/strong> \u201cBloques Cambiemos Bs. As. y Juntos por el Cambio- Proyecto de Resoluci\u00f3n: adhiere Proyecto de Declaraci\u00f3n de Diputada Ana Carla Carrizo- Suspensi\u00f3n de aportes y contribuciones sobre Salario Anual Complementario\u201d.<\/p>\n<p>Este Expediente tiene dos dict\u00e1menes:<\/p>\n<p>Primer dictamen:<\/p>\n<p>Las Comisiones de <strong>\u00a0<\/strong>TURISMO Y DESARROLLO (en mayor\u00eda)\u00a0 Y PRODUCCI\u00d3N, COMERCIO E INDUSTRIA (en minor\u00eda) habiendo analizado el Expte. N\u00ba 7199\/20, aconsejan aprobar el Proyecto de Resoluci\u00f3n obrante a fs. 1-2.-<\/p>\n<p>Segundo dictamen:<\/p>\n<p>Tornquist, 15 de julio de 2020. Las Comisiones de <strong>\u00a0<\/strong>TURISMO Y DESARROLLO (en minor\u00eda)\u00a0 Y PRODUCCI\u00d3N, COMERCIO E INDUSTRIA (en mayor\u00eda) habiendo analizado el Expte. N\u00ba 7199\/20, aconsejan no acompa\u00f1ar el Proyecto de Resoluci\u00f3n dado que en el mismo no diferencia espec\u00edficamente a las MiPyME que realmente fueron afectadas negativamente por los efectos de la pandemia, de aquellas que no lo han sido.-<\/p>\n<p>Queda aprobado por mayor\u00eda el primer Dictamen, por lo que se aprueba por mayor\u00eda la Resoluci\u00f3n N\u00ba 17\/20 por la que el H.C.D. celebra y adhiere a la iniciativa, al proyecto de Declaraci\u00f3n presentado por la\u00a0 Diputada Ana Carla\u00a0 Carrizo, que tramita bajo el Expediente 3187-D-2020 en la Honorable C\u00e1mara de Diputados de la Naci\u00f3n Argentina, que manifiesta\u00a0 la\u00a0 Suspensi\u00f3n de aportes y contribuciones sobre el salario anual complementario. Se env\u00eda copia a las C\u00e1maras de Diputados y Senadores de la Naci\u00f3n, C\u00e1maras de Diputados y Senadores de la Provincia de Buenos Aires, Legislatura de la Ciudad Aut\u00f3noma de Buenos Aires, y en especial, a \u00a0la\u00a0 Diputada Nacional,\u00a0 Ana Carla\u00a0 Carrizo, bloque Uni\u00f3n C\u00edvica Radical\u00a0 y a\u00a0 todos los Concejos Deliberantes de la Provincia de Buenos.-<\/p>\n<p>&nbsp;<\/p>\n<p><strong><u>Proyectos Presentados<\/u><\/strong><\/p>\n<p>&nbsp;<\/p>\n<p><strong><u>Bloques Cambiemos Buenos Aires y Juntos por el Cambio- Proyecto de Resoluci\u00f3n:<\/u><\/strong> Manifiesta preocupaci\u00f3n por la desaparici\u00f3n de Facundo Astudillo Castro.<\/p>\n<p>Se solicita formaci\u00f3n de Expediente y tratamiento sobre Tablas.<\/p>\n<p>Se forma el Expediente N\u00ba 7201\/20 y se aprueba por unanimidad la Resoluci\u00f3n N\u00ba 18\/20 por la que el Honorable Concejo Deliberante de Tornquist manifiesta su profunda preocupaci\u00f3n y reclama la aparici\u00f3n urgente de Facundo Astudillo Castro. Se env\u00eda \u00a0copia al Ministro de Seguridad de la Pcia. de Buenos Aires Sergio Berni,\u00a0 a la Honorable C\u00e1mara de Diputados y Senadores de la Provincia de Buenos Aires, y a los Concejos Deliberantes de la Provincia de Buenos Aires.-<\/p>\n<p>&nbsp;<\/p>\n<p><strong><u>Bloque Frente de Todos y Frente Justicialista Cumplir: Pedido de Informes:<\/u><\/strong> Solicita al Intendente Municipal Sergio Bordoni una rendici\u00f3n detallada de los recursos percibidos por el Municipio de Tornquist para afrontar la Emergencia Sanitaria por el COVID-19\u00a0 y la erogaci\u00f3n de los mismos. Solicita \u00a0al Intendente Municipal detalle de los ingresos y gastos realizados con las donaciones recibidas\u00a0 en el marco de la pandemia Covid-19.<\/p>\n<p>Se solicita formaci\u00f3n de Expediente y tratamiento sobre Tablas.<\/p>\n<p>Se forma el Expediente N\u00ba 7202\/20 y se aprueba por unanimidad enviar el mismo al Departamento Ejecutivo para que se d\u00e9 respuesta a lo solicitado.<\/p>\n<p>&nbsp;<\/p>\n<p><strong><u>Asuntos Particulares <\/u><\/strong><\/p>\n<p><strong><u>\u00a0<\/u><\/strong><\/p>\n<p><strong><u>N.P. Javier Ra\u00fal G\u00f3mez:<\/u><\/strong> Solicita declarar de Inter\u00e9s Municipal el proyecto \u201cExcursiones Virtuales Tierra, Ventana Turismo\u201d.<\/p>\n<p>Se aprueba por unanimidad la formaci\u00f3n de Expediente y el pase a Comisi\u00f3n.-<\/p>\n<p>&nbsp;<\/p>\n<p><strong><u>N.P. Asociaci\u00f3n Civil de Fomento Parque Ventania Sierra de la Ventana:<\/u><\/strong> Solicitud Banca de Concejal N\u00ba 13<\/p>\n<p>Se aprueba por unanimidad la formaci\u00f3n de Expediente y el pase a Comisi\u00f3n.-<\/p>\n<p>&nbsp;<\/p>\n<p>Alocuciones de los Concejales:<\/p>\n<p>&nbsp;<\/p>\n<p>Concejal Roc\u00edo V\u00e1zquez:<\/p>\n<p>\u201cBueno, yo en realidad quer\u00eda hablar sobre un suceso de inseguridad en la localidad de Saldungaray. Sabemos que a principio de a\u00f1o tuvimos varios por los cuales la comunidad se moviliz\u00f3, y en estos d\u00edas nos enteramos de uno que tambi\u00e9n fue un suceso muy grande, de una persona que no habita en el pueblo y vino a radicar la denuncia, le faltaron muchas cosas de valor dentro de su casa, y lo que nos preocupa es que no volvamos a tener estos hechos delictivos en Saldungaray ni en ninguna comunidad del distrito. Y una de las caracter\u00edsticas de nuestro pueblo siempre ha sido la seguridad y la tranquilidad, queremos que eso no se pierda, nos ponemos a disposici\u00f3n de las autoridades en todo lo que necesiten, y pedimos que act\u00faen de la mejor manera para que se resuelvan no solo este caso sino los otros que tambi\u00e9n quedaron sin resolver en la localidad, como fueron el incendio, como fue un robo con el famoso cuento del t\u00edo, y otros sucesos que seguimos sin tener ning\u00fan tipo de novedad. As\u00ed que bueno, a disposici\u00f3n de las autoridades y que se resuelva por la seguridad de todos los habitantes del distrito nada m\u00e1s se\u00f1or Presidente\u201d.<\/p>\n<p>&nbsp;<\/p>\n<p>Concejal Beatriz D\u00edaz:<\/p>\n<p>\u201cBueno, como nativa de Pedro Luro en realidad me siento consternada as\u00ed como las sociedad de mi pueblo querido y de toda la sociedad en general repudiamos el accionar de la justicia y de la polic\u00eda, en virtud de la demora en el tiempo que se tomaron para comenzar esta investigaci\u00f3n, las acciones que corresponden en el caso. Realmente es un suceso que nos deja helados porque estamos en un estado de democracia y esto no deber\u00eda suceder. Nada m\u00e1s se\u00f1or Presidente\u201d.<\/p>\n<p>&nbsp;<\/p>\n<p>Concejal Claudio Iribarren:<\/p>\n<p>\u201cReci\u00e9n ven\u00edamos, obviamente pasamos por el ret\u00e9n de Sierra de la Ventana,\u00a0 el ret\u00e9n de Villa ventana y el ret\u00e9n de Tornquist y me gustar\u00eda resaltar hoy d\u00eda, poner en valor el trabajo que est\u00e1n haciendo tanto bomberos, polic\u00eda y en especial el aporte que est\u00e1n haciendo los trabajadores municipales en cada uno de los retenes. Hablo por el que paso cotidianamente, que es por Sierra y Villa, hemos tenido, tenemos contacto, bueno, con todos los chicos que est\u00e1n trabajando ah\u00ed y el trabajo que est\u00e1n haciendo es fant\u00e1stico \u00bfno? creo que amerita un reconocimiento desde el propio Concejo y m\u00e1s all\u00e1 de hacerlo p\u00fablico a trav\u00e9s de una Sesi\u00f3n creo que tendr\u00edamos que rubricarlo con, desde el punto de vista material, lo hemos charlado tambi\u00e9n con el Intendente, se comprometi\u00f3 a hacer todos los esfuerzos como para adicionarle alg\u00fan bono a los chicos o alg\u00fan tipo de nocturnidad para aquellos que lo est\u00e1n haciendo. Me parece que es una de las maneras de retribuir un valor, que realmente han tenido un compromiso notable con toda la comunidad. Por otro lado tambi\u00e9n quiero destacar el acuerdo que se ha armado con el Banco Provincial, a trav\u00e9s de la disponibilidad de un salvavidas llam\u00e9mosle, de 600 a 1000 millones de pesos que ha puesto el Banco Provincia a trav\u00e9s de un Leasing con 24 municipios de la Provincia de Buenos Aires, entre esos municipios est\u00e1 Tornquist, as\u00ed que es un acuerdo sumamente valioso y que est\u00e1 destinado en plena pandemia justo a optimizar lo que son los sistemas de salud, la seguridad del pueblo y todo lo que es limpieza y recolecci\u00f3n de residuos, todo confluyen digamos, destinado a optimizar en este momento de la pandemia, recursos econ\u00f3micos que son realmente de una importancia significativa. Nada m\u00e1s se\u00f1or Presidente\u201d<\/p>\n<p>&nbsp;<\/p>\n<p>Concejal Elisabet Nori:<\/p>\n<p>\u201cBueno yo me voy a referir, bueno, hoy hubo tres expedientes que se aprobaron por mayor\u00eda. El que tiene que ver con Vicent\u00edn, el que tiene que ver con el proyecto de la Diputada Ana Carla Carrizo acerca de los aportes y contribuciones en los sueldos anuales complementario de los trabajadores y el de la suspensi\u00f3n de la Ley de Movilidad Jubilatoria. Y hoy voy a insistir, ya en la Sesi\u00f3n pasada hice referencia a estos expedientes, pero hoy quiero hacer hincapi\u00e9 en el tema que a m\u00ed, a mi juicio, considero m\u00e1s relevante, m\u00e1s caro a los sentimientos, como son los jubilados. La Ley de Movilidad Jubilatoria, la f\u00f3rmula de movilidad jubilatoria lo voy a reiterar porque por all\u00ed siempre la audiencia se renueva como dice una conductora televisiva, est\u00e1 conformada por un 70% que tiene que ver con inflaci\u00f3n, la inflaci\u00f3n, el INDEC y un 30% respecto de la variaci\u00f3n salarial, el promedio de la remuneraci\u00f3n. Esa f\u00f3rmula nos da un porcentaje de aumento trimestral a nuestros jubilados. Al suspender esa f\u00f3rmula y realizamos aumentos por Decreto, por Decreto Presidencial, realmente el salario de los jubilados se ha visto en detrimento, en detrimento de 4 a 9 puntos porcentuales por mes de lo que cobrar\u00edan si tuvieran, estuvieran gozando de la aplicaci\u00f3n de la f\u00f3rmula de movilidad jubilatoria. Entonces yo me pregunto c\u00f3mo es posible que en esta situaci\u00f3n de emergencia sanitaria, en esta situaci\u00f3n econ\u00f3mica tan aguda los jubilados est\u00e9n cobrando menos de lo que tendr\u00edan que estar cobrando realmente, y se los condena por decir una palabra a seguir as\u00ed hasta diciembre o sea hasta fin de a\u00f1o. Yo quiero que esto quede, lo quer\u00eda hacer en hincapi\u00e9 para que quede en claro que nosotros dentro de Juntos por el Cambio, Cambiemos, realmente consideramos que los jubilados merecen todo nuestro respeto, porque son todas esas personas, nuestros padres, nuestro abuelos, que ha forjado un pa\u00eds, que han hecho un m\u00e1ximo esfuerzo de trabajo, de sacrificio en toda su vida y que a esta altura de la vida merecer\u00edan como m\u00ednimo cobrar lo que les corresponde. Nada m\u00e1s se\u00f1or Presidente\u201d.<\/p>\n<p>&nbsp;<\/p>\n<p>Concejal M\u00f3nica Sagredo:<\/p>\n<p>\u201cNo me voy a explayar demasiado en los motivos por los cuales nosotros no acompa\u00f1amos estos Proyectos de Resoluci\u00f3n adhiriendo a Proyectos de Ley presentados por Diputados de Cambiemos, s\u00ed lo que quiero, porque eso ya lo explicamos en los dict\u00e1menes \u00bfno? s\u00ed lo que quiero dejar en claro es que desde nuestro espacio, desde el justicialismo, justamente si hay algo por lo que siempre hemos luchado es por los derechos no s\u00f3lo de los jubilados sino de todos los trabajadores y especialmente de los sectores m\u00e1s vulnerables. En este caso puntual, de la suspensi\u00f3n de la Ley de la Movilidad Jubilatoria. Lo dec\u00edamos en el dictamen y est\u00e1 claramente expresado en los fundamentos en el Decreto del Presidente, cu\u00e1les son los motivos por los que se hace esta suspensi\u00f3n provisoria. Recuerdo a\u00f1os anteriores cuando ten\u00edamos que estar permanentemente haciendo reclamos al Gobierno de Mar\u00eda Eugenia Vidal, al Gobierno de Mauricio Macri por, porque no convocan a paritarias, porque se le suspend\u00edan los medicamentos justamente a los jubilados, porque no se atend\u00edan y se negaban las necesidades de los sectores m\u00e1s vulnerables, gracias a Dios todo eso a partir del 10 diciembre de 2019 comenz\u00f3 a cambiar. Empez\u00f3 a verse otra perspectiva, otro camino, lamentablemente a cien d\u00edas de haber asumido el Gobierno de Alberto Fern\u00e1ndez, de Axel Kicillof nos encontramos con esta pandemia que nos, nos trastoc\u00f3 a todos, nos cambi\u00f3 la visi\u00f3n a todos, nos cambi\u00f3 las prioridades a todos, requiere un esfuerzo enorme de todos los sectores, como bien lo dice siempre el Presidente. Los \u00faltimos son los que menos tienen son los primeros a los que se les va a ayudar, y en esto tambi\u00e9n vemos muchas veces contradicciones \u00bfno? porque por un lado por ejemplo cuando hablamos de lo que s\u00ed podemos hacer como municipio por ejemplo eximici\u00f3n de tasas, no hablamos en su totalidad de eximici\u00f3n sino hablamos m\u00e1s bien de pr\u00f3rroga y haciendo hincapi\u00e9 especialmente en aquellos sectores o aquellos comercios que se vieron afectados por la pandemia. Entonces como municipio nos ponemos de acuerdo que sea de esa manera, sin embargo cuando nos referimos al Gobierno Provincial o al Gobierno Nacional lo que pedimos es otra cosa, pero bueno, gracias a Dios por lo que vemos, el se\u00f1or Intendente est\u00e1 de acuerdo con las medidas que se est\u00e1n adoptando desde el Gobierno Nacional y Provincial, as\u00ed que bueno creo que vamos por un buen camino. Nada m\u00e1s se\u00f1or Presidente\u201d.<\/p>\n<p>&nbsp;<\/p>\n<p>Concejal Elisabet Nori:<\/p>\n<p>\u201cYo quisiera referirme, reci\u00e9n las palabras de la Concejal Sagredo que dice justamente, que el Gobierno actual nacional defiende a los que menos tienen, a los m\u00e1s vulnerables. Bueno, justamente los que menos tienen, los m\u00e1s vulnerables, uno es el sector de los jubilados, y entiendo que estamos en la situaci\u00f3n de pandemia, en una situaci\u00f3n de emergencia, eso lo entiendo perfectamente, pero pienso yo que tampoco es una excusa para prorrogar aquello que le corresponde justamente a una poblaci\u00f3n que es la m\u00e1s vulnerable y la m\u00e1s indefensa por decirlo as\u00ed, porque un jubilado, excepto algunos casos que pueden llegar a desempe\u00f1ar alg\u00fan trabajo estando los jubilados sino hay muchos jubilados, una gran porci\u00f3n de la poblaci\u00f3n, que no pueden seguir trabajando, y no tendr\u00edan por qu\u00e9 seguir trabajando porque si est\u00e1n jubilados no tendr\u00edan por qu\u00e9 seguir trabajando porque no les alcanza el dinero. Tampoco creo que sea necesario recurrir a hacer historia cuando estamos transitando el mes de julio de 2020, historia de acciones del Gobierno anterior porque tambi\u00e9n entonces uno tambi\u00e9n puede hacer historia. Entonces tambi\u00e9n uno, tambi\u00e9n hablando de Vicent\u00edn y del dinero que supuestamente el Gobierno de Mauricio Macri le di\u00f3 a la Empresa Vicent\u00edn, uno tambi\u00e9n podr\u00eda recordar Austral Construcciones por ejemplo, donde tambi\u00e9n el Gobierno de la Sra. Cristina Kirchner le otorg\u00f3 much\u00edsimas obras y le otorg\u00f3 much\u00edsimas concesiones y favores a esa empresa, entonces no me parece que tengamos que recurrir a hacer historia de gestiones anteriores porque creo que tenemos que mirar de ac\u00e1 a futuro. En ese sentido es que, este, pienso que tenemos que estar trabajando en este Concejo Deliberante. Nada m\u00e1s se\u00f1or Presidente\u201d.<\/p>\n<p>&nbsp;<\/p>\n<p>Concejal Claudio Iribarren:<\/p>\n<p>\u201cHablaba la Concejal Nori reci\u00e9n que no es necesario hacer historia, los cimientos de la pol\u00edtica se basan en la historia, en la memoria, para bien o para mal, c\u00f3mo no vamos a recordar lo que se hizo bien o lo que se hizo mal, es la manera de construir me parece. Creo que el da\u00f1o que hizo el Gobierno de Macri y Vidal fue may\u00fasculo, may\u00fasculo, esa misma preocupaci\u00f3n que hoy manifiesta con respecto a los jubilados y a la f\u00f3rmula, no la vi representada en esos cuatro a\u00f1os de gesti\u00f3n, hoy hablan como si fueran comentaristas de la realidad. As\u00ed que me parece que es importante, s\u00ed, resaltar la historia, recordarla y sobre ella planificar. Por otro lado me gustar\u00eda que desde el Concejo se est\u00e1n tocando temas por ah\u00ed algunos superfluos, muchos digo yo enlatados, proyectos que el Diputado \u201cmontoto\u201d firma y que dice bueno que adhiere y nosotros desde ac\u00e1 avalamos o no el proyecto en s\u00ed, y no estamos generando proyectos propios. Creo que lo hemos hablado con el Presidente del Concejo y me parece que es una deuda que estamos teniendo \u00bfno? dejemos un poquito de lado los enlatado y empecemos a trabajar por, en el plano local, que me parece que nos hace falta. Y por otro lado, concentremos nuestra atenci\u00f3n en resolver los temas que tenemos ahora en la urgencia de la pandemia y no estemos hablando otros temas que realmente son superfluos. Gracias se\u00f1or Presidente, nada m\u00e1s\u201d.<\/p>\n<p>&nbsp;<\/p>\n<p>Concejal Elisabet Nori:<\/p>\n<p>\u201cS\u00ed, estoy de acuerdo en parte con lo que dijo reci\u00e9n el Concejal Iribarren, cuando me refer\u00eda a no hacer historia fue porque bueno, la Concejal Sagredo trajo a cuenta situaciones que hab\u00edan sucedido en el Gobierno anterior, entonces bueno tambi\u00e9n hice lo propio. De todas maneras s\u00ed, coincido con el Concejal Iribarren que hay que concentrar todas nuestras energ\u00edas en trabajar sobre la situaci\u00f3n actual y la situaci\u00f3n del distrito, coincido plenamente en eso y coincido tambi\u00e9n de que tenemos que generar m\u00e1s proyectos propios, es algo que tambi\u00e9n lo hablamos dentro del Bloque. Particularmente yo en una oportunidad saqu\u00e9 el tema y dije que me parec\u00eda que no pod\u00eda ser que estuvi\u00e9ramos siempre dictaminando sobre proyectos presentados por distintos Diputados porque la verdad que est\u00e1 todo bien pero bueno, en un punto son demasiados y quiz\u00e1s tengamos que actuar m\u00e1s sobre lo distrital y sobre las demandas de nuestros ciudadanos del distrito de Tornquist y escucharlos m\u00e1s y detenernos escuchar a los ciudadanos del distrito y trabajar sobre sus necesidades puntuales, bueno nada m\u00e1s se\u00f1or Presidente\u201d.<\/p>\n<p>HONORABLE CONCEJO DELIBERANTE DE TORNQUIST<\/p>\n<div class=\"jeg_video_container jeg_video_content\"><iframe loading=\"lazy\" title=\"2020 07 21 HCD 1   ROCIO VAZQUEZ\" width=\"500\" height=\"281\" src=\"https:\/\/www.youtube.com\/embed\/fmiED1FZNzw?feature=oembed\" frameborder=\"0\" allow=\"accelerometer; autoplay; clipboard-write; encrypted-media; gyroscope; picture-in-picture; web-share\" referrerpolicy=\"strict-origin-when-cross-origin\" allowfullscreen><\/iframe><\/div>\n<div class=\"jeg_video_container jeg_video_content\"><iframe loading=\"lazy\" title=\"2020 07 21 HCD 2   BEATRIZ DIAZ\" width=\"500\" height=\"281\" src=\"https:\/\/www.youtube.com\/embed\/V5-ahdr3HzU?feature=oembed\" frameborder=\"0\" allow=\"accelerometer; autoplay; clipboard-write; encrypted-media; gyroscope; picture-in-picture; web-share\" referrerpolicy=\"strict-origin-when-cross-origin\" allowfullscreen><\/iframe><\/div>\n<div class=\"jeg_video_container jeg_video_content\"><iframe loading=\"lazy\" title=\"2020 07 21 HCD 3   CLAUDIO IRRIBARREN\" width=\"500\" height=\"281\" src=\"https:\/\/www.youtube.com\/embed\/PhHvFmBDqNI?feature=oembed\" frameborder=\"0\" allow=\"accelerometer; autoplay; clipboard-write; encrypted-media; gyroscope; picture-in-picture; web-share\" referrerpolicy=\"strict-origin-when-cross-origin\" allowfullscreen><\/iframe><\/div>\n<div class=\"jeg_video_container jeg_video_content\"><iframe loading=\"lazy\" title=\"2020 07 21 HCD 4   ELISABET NORI   MONICA SAGREDO Y CLAUDIO IRRIBARREN\" width=\"500\" height=\"281\" src=\"https:\/\/www.youtube.com\/embed\/jD24rg1-kMc?feature=oembed\" frameborder=\"0\" allow=\"accelerometer; autoplay; clipboard-write; encrypted-media; gyroscope; picture-in-picture; web-share\" referrerpolicy=\"strict-origin-when-cross-origin\" allowfullscreen><\/iframe><\/div>\n<div class=\"jeg_video_container jeg_video_content\"><iframe loading=\"lazy\" title=\"2020 07 21 HCD 5   CRISTIAN RAISING1\" width=\"500\" height=\"281\" src=\"https:\/\/www.youtube.com\/embed\/wsrmAdFnQl4?feature=oembed\" frameborder=\"0\" allow=\"accelerometer; autoplay; clipboard-write; encrypted-media; gyroscope; picture-in-picture; web-share\" referrerpolicy=\"strict-origin-when-cross-origin\" allowfullscreen><\/iframe><\/div>\n<div class=\"jeg_video_container jeg_video_content\"><iframe loading=\"lazy\" title=\"2020 07 21 HCD 6   MONICA SAGREDO1\" width=\"500\" height=\"281\" src=\"https:\/\/www.youtube.com\/embed\/BXsySBR9qWE?start=305&#038;feature=oembed\" frameborder=\"0\" allow=\"accelerometer; autoplay; clipboard-write; encrypted-media; gyroscope; picture-in-picture; web-share\" referrerpolicy=\"strict-origin-when-cross-origin\" allowfullscreen><\/iframe><\/div>\n<p>&nbsp;<\/p>\n<p>&nbsp;<\/p>\n","protected":false},"excerpt":{"rendered":"<p>Amplio informe de los temas tratados en la \u00faltima sesi\u00f3n ordinaria del HCD. Temas tratados: Comunicaciones oficiales y dict\u00e1menes de las Comisiones: &nbsp; Expte. N\u00ba 048\/20: \u201cD.E. Incremento Salarial- Ejercicio 2020\u201d. Se solicita tratamiento sobre Tablas. Se aprueba por unanimidad la Ordenanza con el N\u00ba 3238\/20 por la que se otorga un incremento salarial del [&hellip;]<\/p>\n","protected":false},"author":1,"featured_media":50800,"comment_status":"closed","ping_status":"open","sticky":false,"template":"","format":"standard","meta":{"footnotes":""},"categories":[55,51,52,53],"tags":[],"class_list":["post-50799","post","type-post","status-publish","format-standard","has-post-thumbnail","hentry","category-celt-tv-noticias","category-comunidad","category-destacadas","category-politica"],"yoast_head":"<!-- This site is optimized with the Yoast SEO plugin v19.7.1 - https:\/\/yoast.com\/wordpress\/plugins\/seo\/ -->\n<title>Amplio informe de los temas tratados en la \u00faltima sesi\u00f3n ordinaria del HCD - CELTTV<\/title>\n<meta name=\"description\" content=\"Sitio web de noticias de la localidad de Tornquist, provincia de Buenos Aires, Rep\u00fablica Argentina. Contenido propio originado por periodistas de CELTTV, el canal de TV local de la Cooperativa El\u00e9ctrica de Tornquist. Turismo, Pol\u00edtica, Sociedad, Deporte, Cultura y todo el contenido de inter\u00e9s general que la gente del pueblo y la regi\u00f3n debe conocer.\" \/>\n<meta name=\"robots\" content=\"index, follow, max-snippet:-1, max-image-preview:large, max-video-preview:-1\" \/>\n<link rel=\"canonical\" href=\"https:\/\/www.celttv.com.ar\/index.php\/2020\/07\/25\/amplio-informe-de-los-temas-tratados-en-la-ultima-sesion-ordinaria-del-hcd\/\" \/>\n<meta property=\"og:locale\" content=\"es_ES\" \/>\n<meta property=\"og:type\" content=\"article\" \/>\n<meta property=\"og:title\" content=\"Amplio informe de los temas tratados en la \u00faltima sesi\u00f3n ordinaria del HCD - CELTTV\" \/>\n<meta property=\"og:description\" content=\"Sitio web de noticias de la localidad de Tornquist, provincia de Buenos Aires, Rep\u00fablica Argentina. Contenido propio originado por periodistas de CELTTV, el canal de TV local de la Cooperativa El\u00e9ctrica de Tornquist. Turismo, Pol\u00edtica, Sociedad, Deporte, Cultura y todo el contenido de inter\u00e9s general que la gente del pueblo y la regi\u00f3n debe conocer.\" \/>\n<meta property=\"og:url\" content=\"https:\/\/www.celttv.com.ar\/index.php\/2020\/07\/25\/amplio-informe-de-los-temas-tratados-en-la-ultima-sesion-ordinaria-del-hcd\/\" \/>\n<meta property=\"og:site_name\" content=\"CELTTV\" \/>\n<meta property=\"article:publisher\" content=\"https:\/\/www.facebook.com\/celtTV\/\" \/>\n<meta property=\"article:published_time\" content=\"2020-07-25T01:33:43+00:00\" \/>\n<meta property=\"og:image\" content=\"https:\/\/www.celttv.com.ar\/wp-content\/uploads\/2020\/07\/WhatsApp-Image-2020-07-22-at-09.46.33.jpeg\" \/>\n\t<meta property=\"og:image:width\" content=\"1032\" \/>\n\t<meta property=\"og:image:height\" content=\"581\" \/>\n\t<meta property=\"og:image:type\" content=\"image\/jpeg\" \/>\n<meta name=\"author\" content=\"ulises\" \/>\n<meta name=\"twitter:card\" content=\"summary_large_image\" \/>\n<meta name=\"twitter:label1\" content=\"Escrito por\" \/>\n\t<meta name=\"twitter:data1\" content=\"ulises\" \/>\n\t<meta name=\"twitter:label2\" content=\"Tiempo de lectura\" \/>\n\t<meta name=\"twitter:data2\" content=\"23 minutos\" \/>\n<script type=\"application\/ld+json\" class=\"yoast-schema-graph\">{\"@context\":\"https:\/\/schema.org\",\"@graph\":[{\"@type\":\"NewsArticle\",\"@id\":\"https:\/\/www.celttv.com.ar\/index.php\/2020\/07\/25\/amplio-informe-de-los-temas-tratados-en-la-ultima-sesion-ordinaria-del-hcd\/#article\",\"isPartOf\":{\"@id\":\"https:\/\/www.celttv.com.ar\/index.php\/2020\/07\/25\/amplio-informe-de-los-temas-tratados-en-la-ultima-sesion-ordinaria-del-hcd\/\"},\"author\":{\"name\":\"ulises\",\"@id\":\"https:\/\/www.celttv.com.ar\/#\/schema\/person\/6d99c072dba59953809c81446e9d0ace\"},\"headline\":\"Amplio informe de los temas tratados en la \u00faltima sesi\u00f3n ordinaria del HCD\",\"datePublished\":\"2020-07-25T01:33:43+00:00\",\"dateModified\":\"2020-07-25T01:33:43+00:00\",\"mainEntityOfPage\":{\"@id\":\"https:\/\/www.celttv.com.ar\/index.php\/2020\/07\/25\/amplio-informe-de-los-temas-tratados-en-la-ultima-sesion-ordinaria-del-hcd\/\"},\"wordCount\":4623,\"publisher\":{\"@id\":\"https:\/\/www.celttv.com.ar\/#organization\"},\"articleSection\":[\"Celt TV Noticias\",\"Comunidad\",\"Destacadas\",\"Pol\u00edtica\"],\"inLanguage\":\"es\"},{\"@type\":\"WebPage\",\"@id\":\"https:\/\/www.celttv.com.ar\/index.php\/2020\/07\/25\/amplio-informe-de-los-temas-tratados-en-la-ultima-sesion-ordinaria-del-hcd\/\",\"url\":\"https:\/\/www.celttv.com.ar\/index.php\/2020\/07\/25\/amplio-informe-de-los-temas-tratados-en-la-ultima-sesion-ordinaria-del-hcd\/\",\"name\":\"Amplio informe de los temas tratados en la \u00faltima sesi\u00f3n ordinaria del HCD - CELTTV\",\"isPartOf\":{\"@id\":\"https:\/\/www.celttv.com.ar\/#website\"},\"datePublished\":\"2020-07-25T01:33:43+00:00\",\"dateModified\":\"2020-07-25T01:33:43+00:00\",\"description\":\"Sitio web de noticias de la localidad de Tornquist, provincia de Buenos Aires, Rep\u00fablica Argentina. Contenido propio originado por periodistas de CELTTV, el canal de TV local de la Cooperativa El\u00e9ctrica de Tornquist. Turismo, Pol\u00edtica, Sociedad, Deporte, Cultura y todo el contenido de inter\u00e9s general que la gente del pueblo y la regi\u00f3n debe conocer.\",\"breadcrumb\":{\"@id\":\"https:\/\/www.celttv.com.ar\/index.php\/2020\/07\/25\/amplio-informe-de-los-temas-tratados-en-la-ultima-sesion-ordinaria-del-hcd\/#breadcrumb\"},\"inLanguage\":\"es\",\"potentialAction\":[{\"@type\":\"ReadAction\",\"target\":[\"https:\/\/www.celttv.com.ar\/index.php\/2020\/07\/25\/amplio-informe-de-los-temas-tratados-en-la-ultima-sesion-ordinaria-del-hcd\/\"]}]},{\"@type\":\"BreadcrumbList\",\"@id\":\"https:\/\/www.celttv.com.ar\/index.php\/2020\/07\/25\/amplio-informe-de-los-temas-tratados-en-la-ultima-sesion-ordinaria-del-hcd\/#breadcrumb\",\"itemListElement\":[{\"@type\":\"ListItem\",\"position\":1,\"name\":\"Inicio\",\"item\":\"https:\/\/www.celttv.com.ar\/\"},{\"@type\":\"ListItem\",\"position\":2,\"name\":\"Amplio informe de los temas tratados en la \u00faltima sesi\u00f3n ordinaria del HCD\"}]},{\"@type\":\"WebSite\",\"@id\":\"https:\/\/www.celttv.com.ar\/#website\",\"url\":\"https:\/\/www.celttv.com.ar\/\",\"name\":\"CELTTV\",\"description\":\"Cooperativa El\u00e9ctrica de Tornquist\",\"publisher\":{\"@id\":\"https:\/\/www.celttv.com.ar\/#organization\"},\"potentialAction\":[{\"@type\":\"SearchAction\",\"target\":{\"@type\":\"EntryPoint\",\"urlTemplate\":\"https:\/\/www.celttv.com.ar\/?s={search_term_string}\"},\"query-input\":\"required name=search_term_string\"}],\"inLanguage\":\"es\"},{\"@type\":\"Organization\",\"@id\":\"https:\/\/www.celttv.com.ar\/#organization\",\"name\":\"CELTTV\",\"url\":\"https:\/\/www.celttv.com.ar\/\",\"sameAs\":[\"https:\/\/www.youtube.com\/channel\/UCz_oIt8Hig64Ub-EmcNPIhg\",\"https:\/\/www.facebook.com\/celtTV\/\"],\"logo\":{\"@type\":\"ImageObject\",\"inLanguage\":\"es\",\"@id\":\"https:\/\/www.celttv.com.ar\/#\/schema\/logo\/image\/\",\"url\":\"http:\/\/www.celttv.com.ar\/wp-content\/uploads\/2022\/08\/logo-1.png\",\"contentUrl\":\"http:\/\/www.celttv.com.ar\/wp-content\/uploads\/2022\/08\/logo-1.png\",\"width\":461,\"height\":159,\"caption\":\"CELTTV\"},\"image\":{\"@id\":\"https:\/\/www.celttv.com.ar\/#\/schema\/logo\/image\/\"}},{\"@type\":\"Person\",\"@id\":\"https:\/\/www.celttv.com.ar\/#\/schema\/person\/6d99c072dba59953809c81446e9d0ace\",\"name\":\"ulises\",\"image\":{\"@type\":\"ImageObject\",\"inLanguage\":\"es\",\"@id\":\"https:\/\/www.celttv.com.ar\/#\/schema\/person\/image\/\",\"url\":\"https:\/\/secure.gravatar.com\/avatar\/7f2c48bdc33b30088f941fb6082e555f2874c98e20cb159d7b92b50eadfce793?s=96&d=mm&r=g\",\"contentUrl\":\"https:\/\/secure.gravatar.com\/avatar\/7f2c48bdc33b30088f941fb6082e555f2874c98e20cb159d7b92b50eadfce793?s=96&d=mm&r=g\",\"caption\":\"ulises\"},\"sameAs\":[\"http:\/\/www.celttv.com.ar\"]}]}<\/script>\n<!-- \/ Yoast SEO plugin. -->","yoast_head_json":{"title":"Amplio informe de los temas tratados en la \u00faltima sesi\u00f3n ordinaria del HCD - CELTTV","description":"Sitio web de noticias de la localidad de Tornquist, provincia de Buenos Aires, Rep\u00fablica Argentina. Contenido propio originado por periodistas de CELTTV, el canal de TV local de la Cooperativa El\u00e9ctrica de Tornquist. Turismo, Pol\u00edtica, Sociedad, Deporte, Cultura y todo el contenido de inter\u00e9s general que la gente del pueblo y la regi\u00f3n debe conocer.","robots":{"index":"index","follow":"follow","max-snippet":"max-snippet:-1","max-image-preview":"max-image-preview:large","max-video-preview":"max-video-preview:-1"},"canonical":"https:\/\/www.celttv.com.ar\/index.php\/2020\/07\/25\/amplio-informe-de-los-temas-tratados-en-la-ultima-sesion-ordinaria-del-hcd\/","og_locale":"es_ES","og_type":"article","og_title":"Amplio informe de los temas tratados en la \u00faltima sesi\u00f3n ordinaria del HCD - CELTTV","og_description":"Sitio web de noticias de la localidad de Tornquist, provincia de Buenos Aires, Rep\u00fablica Argentina. Contenido propio originado por periodistas de CELTTV, el canal de TV local de la Cooperativa El\u00e9ctrica de Tornquist. Turismo, Pol\u00edtica, Sociedad, Deporte, Cultura y todo el contenido de inter\u00e9s general que la gente del pueblo y la regi\u00f3n debe conocer.","og_url":"https:\/\/www.celttv.com.ar\/index.php\/2020\/07\/25\/amplio-informe-de-los-temas-tratados-en-la-ultima-sesion-ordinaria-del-hcd\/","og_site_name":"CELTTV","article_publisher":"https:\/\/www.facebook.com\/celtTV\/","article_published_time":"2020-07-25T01:33:43+00:00","og_image":[{"width":1032,"height":581,"url":"https:\/\/www.celttv.com.ar\/wp-content\/uploads\/2020\/07\/WhatsApp-Image-2020-07-22-at-09.46.33.jpeg","type":"image\/jpeg"}],"author":"ulises","twitter_card":"summary_large_image","twitter_misc":{"Escrito por":"ulises","Tiempo de lectura":"23 minutos"},"schema":{"@context":"https:\/\/schema.org","@graph":[{"@type":"NewsArticle","@id":"https:\/\/www.celttv.com.ar\/index.php\/2020\/07\/25\/amplio-informe-de-los-temas-tratados-en-la-ultima-sesion-ordinaria-del-hcd\/#article","isPartOf":{"@id":"https:\/\/www.celttv.com.ar\/index.php\/2020\/07\/25\/amplio-informe-de-los-temas-tratados-en-la-ultima-sesion-ordinaria-del-hcd\/"},"author":{"name":"ulises","@id":"https:\/\/www.celttv.com.ar\/#\/schema\/person\/6d99c072dba59953809c81446e9d0ace"},"headline":"Amplio informe de los temas tratados en la \u00faltima sesi\u00f3n ordinaria del HCD","datePublished":"2020-07-25T01:33:43+00:00","dateModified":"2020-07-25T01:33:43+00:00","mainEntityOfPage":{"@id":"https:\/\/www.celttv.com.ar\/index.php\/2020\/07\/25\/amplio-informe-de-los-temas-tratados-en-la-ultima-sesion-ordinaria-del-hcd\/"},"wordCount":4623,"publisher":{"@id":"https:\/\/www.celttv.com.ar\/#organization"},"articleSection":["Celt TV Noticias","Comunidad","Destacadas","Pol\u00edtica"],"inLanguage":"es"},{"@type":"WebPage","@id":"https:\/\/www.celttv.com.ar\/index.php\/2020\/07\/25\/amplio-informe-de-los-temas-tratados-en-la-ultima-sesion-ordinaria-del-hcd\/","url":"https:\/\/www.celttv.com.ar\/index.php\/2020\/07\/25\/amplio-informe-de-los-temas-tratados-en-la-ultima-sesion-ordinaria-del-hcd\/","name":"Amplio informe de los temas tratados en la \u00faltima sesi\u00f3n ordinaria del HCD - CELTTV","isPartOf":{"@id":"https:\/\/www.celttv.com.ar\/#website"},"datePublished":"2020-07-25T01:33:43+00:00","dateModified":"2020-07-25T01:33:43+00:00","description":"Sitio web de noticias de la localidad de Tornquist, provincia de Buenos Aires, Rep\u00fablica Argentina. Contenido propio originado por periodistas de CELTTV, el canal de TV local de la Cooperativa El\u00e9ctrica de Tornquist. Turismo, Pol\u00edtica, Sociedad, Deporte, Cultura y todo el contenido de inter\u00e9s general que la gente del pueblo y la regi\u00f3n debe conocer.","breadcrumb":{"@id":"https:\/\/www.celttv.com.ar\/index.php\/2020\/07\/25\/amplio-informe-de-los-temas-tratados-en-la-ultima-sesion-ordinaria-del-hcd\/#breadcrumb"},"inLanguage":"es","potentialAction":[{"@type":"ReadAction","target":["https:\/\/www.celttv.com.ar\/index.php\/2020\/07\/25\/amplio-informe-de-los-temas-tratados-en-la-ultima-sesion-ordinaria-del-hcd\/"]}]},{"@type":"BreadcrumbList","@id":"https:\/\/www.celttv.com.ar\/index.php\/2020\/07\/25\/amplio-informe-de-los-temas-tratados-en-la-ultima-sesion-ordinaria-del-hcd\/#breadcrumb","itemListElement":[{"@type":"ListItem","position":1,"name":"Inicio","item":"https:\/\/www.celttv.com.ar\/"},{"@type":"ListItem","position":2,"name":"Amplio informe de los temas tratados en la \u00faltima sesi\u00f3n ordinaria del HCD"}]},{"@type":"WebSite","@id":"https:\/\/www.celttv.com.ar\/#website","url":"https:\/\/www.celttv.com.ar\/","name":"CELTTV","description":"Cooperativa El\u00e9ctrica de Tornquist","publisher":{"@id":"https:\/\/www.celttv.com.ar\/#organization"},"potentialAction":[{"@type":"SearchAction","target":{"@type":"EntryPoint","urlTemplate":"https:\/\/www.celttv.com.ar\/?s={search_term_string}"},"query-input":"required name=search_term_string"}],"inLanguage":"es"},{"@type":"Organization","@id":"https:\/\/www.celttv.com.ar\/#organization","name":"CELTTV","url":"https:\/\/www.celttv.com.ar\/","sameAs":["https:\/\/www.youtube.com\/channel\/UCz_oIt8Hig64Ub-EmcNPIhg","https:\/\/www.facebook.com\/celtTV\/"],"logo":{"@type":"ImageObject","inLanguage":"es","@id":"https:\/\/www.celttv.com.ar\/#\/schema\/logo\/image\/","url":"http:\/\/www.celttv.com.ar\/wp-content\/uploads\/2022\/08\/logo-1.png","contentUrl":"http:\/\/www.celttv.com.ar\/wp-content\/uploads\/2022\/08\/logo-1.png","width":461,"height":159,"caption":"CELTTV"},"image":{"@id":"https:\/\/www.celttv.com.ar\/#\/schema\/logo\/image\/"}},{"@type":"Person","@id":"https:\/\/www.celttv.com.ar\/#\/schema\/person\/6d99c072dba59953809c81446e9d0ace","name":"ulises","image":{"@type":"ImageObject","inLanguage":"es","@id":"https:\/\/www.celttv.com.ar\/#\/schema\/person\/image\/","url":"https:\/\/secure.gravatar.com\/avatar\/7f2c48bdc33b30088f941fb6082e555f2874c98e20cb159d7b92b50eadfce793?s=96&d=mm&r=g","contentUrl":"https:\/\/secure.gravatar.com\/avatar\/7f2c48bdc33b30088f941fb6082e555f2874c98e20cb159d7b92b50eadfce793?s=96&d=mm&r=g","caption":"ulises"},"sameAs":["http:\/\/www.celttv.com.ar"]}]}},"_links":{"self":[{"href":"https:\/\/www.celttv.com.ar\/index.php\/wp-json\/wp\/v2\/posts\/50799","targetHints":{"allow":["GET"]}}],"collection":[{"href":"https:\/\/www.celttv.com.ar\/index.php\/wp-json\/wp\/v2\/posts"}],"about":[{"href":"https:\/\/www.celttv.com.ar\/index.php\/wp-json\/wp\/v2\/types\/post"}],"author":[{"embeddable":true,"href":"https:\/\/www.celttv.com.ar\/index.php\/wp-json\/wp\/v2\/users\/1"}],"replies":[{"embeddable":true,"href":"https:\/\/www.celttv.com.ar\/index.php\/wp-json\/wp\/v2\/comments?post=50799"}],"version-history":[{"count":0,"href":"https:\/\/www.celttv.com.ar\/index.php\/wp-json\/wp\/v2\/posts\/50799\/revisions"}],"wp:featuredmedia":[{"embeddable":true,"href":"https:\/\/www.celttv.com.ar\/index.php\/wp-json\/wp\/v2\/media\/50800"}],"wp:attachment":[{"href":"https:\/\/www.celttv.com.ar\/index.php\/wp-json\/wp\/v2\/media?parent=50799"}],"wp:term":[{"taxonomy":"category","embeddable":true,"href":"https:\/\/www.celttv.com.ar\/index.php\/wp-json\/wp\/v2\/categories?post=50799"},{"taxonomy":"post_tag","embeddable":true,"href":"https:\/\/www.celttv.com.ar\/index.php\/wp-json\/wp\/v2\/tags?post=50799"}],"curies":[{"name":"wp","href":"https:\/\/api.w.org\/{rel}","templated":true}]}}