{"id":50805,"date":"2020-07-25T02:00:42","date_gmt":"2020-07-25T02:00:42","guid":{"rendered":"http:\/\/www.celttv.com.ar\/?p=50805"},"modified":"2020-07-25T02:00:42","modified_gmt":"2020-07-25T02:00:42","slug":"importante-deterioro-del-cielorraso-de-la-biblioteca-popular-ernesto-tornquist","status":"publish","type":"post","link":"https:\/\/www.celttv.com.ar\/index.php\/2020\/07\/25\/importante-deterioro-del-cielorraso-de-la-biblioteca-popular-ernesto-tornquist\/","title":{"rendered":"Importante deterioro del cielorraso de la Biblioteca Popular Ernesto Tornquist"},"content":{"rendered":"<p>El edificio de la centenaria Biblioteca Popular Ernesto Tornquist, no se encuentra en buenas condiciones, ya que en varios sectores de su dependencia deja en evidencia el deterioro del cielorraso.<\/p>\n<p>La filtraci\u00f3n de agua ha generado el desprendimiento de parte del cielorraso y amplias manchas de humedad en gran parte del techo.<\/p>\n<p>La presidente de la comisi\u00f3n directiva de dicha biblioteca, Gabriela Antivero, se mostr\u00f3 muy preocupada por la situaci\u00f3n, ya que a causa de las roturas y la filtraci\u00f3n de agua, se han visto afectados libros, estanter\u00edas, mesas y sillas, entre otros elementos.<\/p>\n<div class=\"jeg_video_container jeg_video_content\"><iframe loading=\"lazy\" title=\"2020 07 23 BIBLIOTECA 2   GABRIELA ANTIVERO   TECHO Y ESTADO GENERAL DE LA INSTITUCION\" width=\"500\" height=\"281\" src=\"https:\/\/www.youtube.com\/embed\/hrPdagOZwu8?feature=oembed\" frameborder=\"0\" allow=\"accelerometer; autoplay; clipboard-write; encrypted-media; gyroscope; picture-in-picture; web-share\" referrerpolicy=\"strict-origin-when-cross-origin\" allowfullscreen><\/iframe><\/div>\n<p><a href=\"http:\/\/www.celttv.com.ar\/?attachment_id=50806\" rel=\"attachment wp-att-50806\"><img loading=\"lazy\" decoding=\"async\" class=\"alignleft size-full wp-image-50806\" src=\"http:\/\/www.celttv.com.ar\/wp-content\/uploads\/2020\/07\/IMG-20200723-WA0009.jpg\" alt=\"\" width=\"1280\" height=\"960\" srcset=\"https:\/\/www.celttv.com.ar\/wp-content\/uploads\/2020\/07\/IMG-20200723-WA0009.jpg 1280w, https:\/\/www.celttv.com.ar\/wp-content\/uploads\/2020\/07\/IMG-20200723-WA0009-300x225.jpg 300w, https:\/\/www.celttv.com.ar\/wp-content\/uploads\/2020\/07\/IMG-20200723-WA0009-1024x768.jpg 1024w, https:\/\/www.celttv.com.ar\/wp-content\/uploads\/2020\/07\/IMG-20200723-WA0009-768x576.jpg 768w, https:\/\/www.celttv.com.ar\/wp-content\/uploads\/2020\/07\/IMG-20200723-WA0009-750x563.jpg 750w, https:\/\/www.celttv.com.ar\/wp-content\/uploads\/2020\/07\/IMG-20200723-WA0009-1140x855.jpg 1140w\" sizes=\"auto, (max-width: 1280px) 100vw, 1280px\" \/><\/a> <a href=\"http:\/\/www.celttv.com.ar\/?attachment_id=50807\" rel=\"attachment wp-att-50807\"><img loading=\"lazy\" decoding=\"async\" class=\"alignleft size-medium wp-image-50807\" src=\"http:\/\/www.celttv.com.ar\/wp-content\/uploads\/2020\/07\/IMG-20200723-WA0010.jpg\" alt=\"\" width=\"780\" height=\"585\" srcset=\"https:\/\/www.celttv.com.ar\/wp-content\/uploads\/2020\/07\/IMG-20200723-WA0010.jpg 1280w, https:\/\/www.celttv.com.ar\/wp-content\/uploads\/2020\/07\/IMG-20200723-WA0010-300x225.jpg 300w, https:\/\/www.celttv.com.ar\/wp-content\/uploads\/2020\/07\/IMG-20200723-WA0010-1024x768.jpg 1024w, https:\/\/www.celttv.com.ar\/wp-content\/uploads\/2020\/07\/IMG-20200723-WA0010-768x576.jpg 768w, https:\/\/www.celttv.com.ar\/wp-content\/uploads\/2020\/07\/IMG-20200723-WA0010-750x563.jpg 750w, https:\/\/www.celttv.com.ar\/wp-content\/uploads\/2020\/07\/IMG-20200723-WA0010-1140x855.jpg 1140w\" sizes=\"auto, (max-width: 780px) 100vw, 780px\" \/><\/a> <a href=\"http:\/\/www.celttv.com.ar\/?attachment_id=50808\" rel=\"attachment wp-att-50808\"><img loading=\"lazy\" decoding=\"async\" class=\"alignleft size-medium wp-image-50808\" src=\"http:\/\/www.celttv.com.ar\/wp-content\/uploads\/2020\/07\/IMG-20200723-WA0011.jpg\" alt=\"\" width=\"585\" height=\"780\" srcset=\"https:\/\/www.celttv.com.ar\/wp-content\/uploads\/2020\/07\/IMG-20200723-WA0011.jpg 960w, https:\/\/www.celttv.com.ar\/wp-content\/uploads\/2020\/07\/IMG-20200723-WA0011-225x300.jpg 225w, https:\/\/www.celttv.com.ar\/wp-content\/uploads\/2020\/07\/IMG-20200723-WA0011-768x1024.jpg 768w, https:\/\/www.celttv.com.ar\/wp-content\/uploads\/2020\/07\/IMG-20200723-WA0011-750x1000.jpg 750w\" sizes=\"auto, (max-width: 585px) 100vw, 585px\" \/><\/a> <a href=\"http:\/\/www.celttv.com.ar\/?attachment_id=50809\" rel=\"attachment wp-att-50809\"><img loading=\"lazy\" decoding=\"async\" class=\"alignleft size-medium wp-image-50809\" src=\"http:\/\/www.celttv.com.ar\/wp-content\/uploads\/2020\/07\/IMG-20200723-WA0012.jpg\" alt=\"\" width=\"780\" height=\"585\" srcset=\"https:\/\/www.celttv.com.ar\/wp-content\/uploads\/2020\/07\/IMG-20200723-WA0012.jpg 1280w, https:\/\/www.celttv.com.ar\/wp-content\/uploads\/2020\/07\/IMG-20200723-WA0012-300x225.jpg 300w, https:\/\/www.celttv.com.ar\/wp-content\/uploads\/2020\/07\/IMG-20200723-WA0012-1024x768.jpg 1024w, https:\/\/www.celttv.com.ar\/wp-content\/uploads\/2020\/07\/IMG-20200723-WA0012-768x576.jpg 768w, https:\/\/www.celttv.com.ar\/wp-content\/uploads\/2020\/07\/IMG-20200723-WA0012-750x563.jpg 750w, https:\/\/www.celttv.com.ar\/wp-content\/uploads\/2020\/07\/IMG-20200723-WA0012-1140x855.jpg 1140w\" sizes=\"auto, (max-width: 780px) 100vw, 780px\" \/><\/a> <a href=\"http:\/\/www.celttv.com.ar\/?attachment_id=50810\" rel=\"attachment wp-att-50810\"><img loading=\"lazy\" decoding=\"async\" class=\"alignleft size-medium wp-image-50810\" src=\"http:\/\/www.celttv.com.ar\/wp-content\/uploads\/2020\/07\/IMG-20200723-WA0013.jpg\" alt=\"\" width=\"780\" height=\"585\" srcset=\"https:\/\/www.celttv.com.ar\/wp-content\/uploads\/2020\/07\/IMG-20200723-WA0013.jpg 1280w, https:\/\/www.celttv.com.ar\/wp-content\/uploads\/2020\/07\/IMG-20200723-WA0013-300x225.jpg 300w, https:\/\/www.celttv.com.ar\/wp-content\/uploads\/2020\/07\/IMG-20200723-WA0013-1024x768.jpg 1024w, https:\/\/www.celttv.com.ar\/wp-content\/uploads\/2020\/07\/IMG-20200723-WA0013-768x576.jpg 768w, https:\/\/www.celttv.com.ar\/wp-content\/uploads\/2020\/07\/IMG-20200723-WA0013-750x563.jpg 750w, https:\/\/www.celttv.com.ar\/wp-content\/uploads\/2020\/07\/IMG-20200723-WA0013-1140x855.jpg 1140w\" sizes=\"auto, (max-width: 780px) 100vw, 780px\" \/><\/a> <a href=\"http:\/\/www.celttv.com.ar\/?attachment_id=50812\" rel=\"attachment wp-att-50812\"><img loading=\"lazy\" decoding=\"async\" class=\"alignleft size-medium wp-image-50812\" src=\"http:\/\/www.celttv.com.ar\/wp-content\/uploads\/2020\/07\/IMG-20200723-WA0015.jpg\" alt=\"\" width=\"780\" height=\"585\" srcset=\"https:\/\/www.celttv.com.ar\/wp-content\/uploads\/2020\/07\/IMG-20200723-WA0015.jpg 1280w, https:\/\/www.celttv.com.ar\/wp-content\/uploads\/2020\/07\/IMG-20200723-WA0015-300x225.jpg 300w, https:\/\/www.celttv.com.ar\/wp-content\/uploads\/2020\/07\/IMG-20200723-WA0015-1024x768.jpg 1024w, https:\/\/www.celttv.com.ar\/wp-content\/uploads\/2020\/07\/IMG-20200723-WA0015-768x576.jpg 768w, https:\/\/www.celttv.com.ar\/wp-content\/uploads\/2020\/07\/IMG-20200723-WA0015-750x563.jpg 750w, https:\/\/www.celttv.com.ar\/wp-content\/uploads\/2020\/07\/IMG-20200723-WA0015-1140x855.jpg 1140w\" sizes=\"auto, (max-width: 780px) 100vw, 780px\" \/><\/a> <a href=\"http:\/\/www.celttv.com.ar\/?attachment_id=50813\" rel=\"attachment wp-att-50813\"><img loading=\"lazy\" decoding=\"async\" class=\"alignleft size-medium wp-image-50813\" src=\"http:\/\/www.celttv.com.ar\/wp-content\/uploads\/2020\/07\/IMG-20200723-WA0016.jpg\" alt=\"\" width=\"780\" height=\"585\" srcset=\"https:\/\/www.celttv.com.ar\/wp-content\/uploads\/2020\/07\/IMG-20200723-WA0016.jpg 1280w, https:\/\/www.celttv.com.ar\/wp-content\/uploads\/2020\/07\/IMG-20200723-WA0016-300x225.jpg 300w, https:\/\/www.celttv.com.ar\/wp-content\/uploads\/2020\/07\/IMG-20200723-WA0016-1024x768.jpg 1024w, https:\/\/www.celttv.com.ar\/wp-content\/uploads\/2020\/07\/IMG-20200723-WA0016-768x576.jpg 768w, https:\/\/www.celttv.com.ar\/wp-content\/uploads\/2020\/07\/IMG-20200723-WA0016-750x563.jpg 750w, https:\/\/www.celttv.com.ar\/wp-content\/uploads\/2020\/07\/IMG-20200723-WA0016-1140x855.jpg 1140w\" sizes=\"auto, (max-width: 780px) 100vw, 780px\" \/><\/a> <a href=\"http:\/\/www.celttv.com.ar\/?attachment_id=50814\" rel=\"attachment wp-att-50814\"><img loading=\"lazy\" decoding=\"async\" class=\"alignleft size-medium wp-image-50814\" src=\"http:\/\/www.celttv.com.ar\/wp-content\/uploads\/2020\/07\/IMG-20200723-WA0017.jpg\" alt=\"\" width=\"780\" height=\"585\" srcset=\"https:\/\/www.celttv.com.ar\/wp-content\/uploads\/2020\/07\/IMG-20200723-WA0017.jpg 1280w, https:\/\/www.celttv.com.ar\/wp-content\/uploads\/2020\/07\/IMG-20200723-WA0017-300x225.jpg 300w, https:\/\/www.celttv.com.ar\/wp-content\/uploads\/2020\/07\/IMG-20200723-WA0017-1024x768.jpg 1024w, https:\/\/www.celttv.com.ar\/wp-content\/uploads\/2020\/07\/IMG-20200723-WA0017-768x576.jpg 768w, https:\/\/www.celttv.com.ar\/wp-content\/uploads\/2020\/07\/IMG-20200723-WA0017-750x563.jpg 750w, https:\/\/www.celttv.com.ar\/wp-content\/uploads\/2020\/07\/IMG-20200723-WA0017-1140x855.jpg 1140w\" sizes=\"auto, (max-width: 780px) 100vw, 780px\" \/><\/a> <a href=\"http:\/\/www.celttv.com.ar\/?attachment_id=50815\" rel=\"attachment wp-att-50815\"><img loading=\"lazy\" decoding=\"async\" class=\"alignleft size-medium wp-image-50815\" src=\"http:\/\/www.celttv.com.ar\/wp-content\/uploads\/2020\/07\/IMG-20200723-WA0018.jpg\" alt=\"\" width=\"780\" height=\"585\" srcset=\"https:\/\/www.celttv.com.ar\/wp-content\/uploads\/2020\/07\/IMG-20200723-WA0018.jpg 1280w, https:\/\/www.celttv.com.ar\/wp-content\/uploads\/2020\/07\/IMG-20200723-WA0018-300x225.jpg 300w, https:\/\/www.celttv.com.ar\/wp-content\/uploads\/2020\/07\/IMG-20200723-WA0018-1024x768.jpg 1024w, https:\/\/www.celttv.com.ar\/wp-content\/uploads\/2020\/07\/IMG-20200723-WA0018-768x576.jpg 768w, https:\/\/www.celttv.com.ar\/wp-content\/uploads\/2020\/07\/IMG-20200723-WA0018-750x563.jpg 750w, https:\/\/www.celttv.com.ar\/wp-content\/uploads\/2020\/07\/IMG-20200723-WA0018-1140x855.jpg 1140w\" sizes=\"auto, (max-width: 780px) 100vw, 780px\" \/><\/a><\/p>\n","protected":false},"excerpt":{"rendered":"<p>El edificio de la centenaria Biblioteca Popular Ernesto Tornquist, no se encuentra en buenas condiciones, ya que en varios sectores de su dependencia deja en evidencia el deterioro del cielorraso. La filtraci\u00f3n de agua ha generado el desprendimiento de parte del cielorraso y amplias manchas de humedad en gran parte del techo. La presidente de [&hellip;]<\/p>\n","protected":false},"author":1,"featured_media":50806,"comment_status":"closed","ping_status":"open","sticky":false,"template":"","format":"standard","meta":{"footnotes":""},"categories":[55,51,52],"tags":[],"class_list":["post-50805","post","type-post","status-publish","format-standard","has-post-thumbnail","hentry","category-celt-tv-noticias","category-comunidad","category-destacadas"],"yoast_head":"<!-- This site is optimized with the Yoast SEO plugin v19.7.1 - https:\/\/yoast.com\/wordpress\/plugins\/seo\/ -->\n<title>Importante deterioro del cielorraso de la Biblioteca Popular Ernesto Tornquist - CELTTV<\/title>\n<meta name=\"description\" content=\"Sitio web de noticias de la localidad de Tornquist, provincia de Buenos Aires, Rep\u00fablica Argentina. Contenido propio originado por periodistas de CELTTV, el canal de TV local de la Cooperativa El\u00e9ctrica de Tornquist. Turismo, Pol\u00edtica, Sociedad, Deporte, Cultura y todo el contenido de inter\u00e9s general que la gente del pueblo y la regi\u00f3n debe conocer.\" \/>\n<meta name=\"robots\" content=\"index, follow, max-snippet:-1, max-image-preview:large, max-video-preview:-1\" \/>\n<link rel=\"canonical\" href=\"https:\/\/www.celttv.com.ar\/index.php\/2020\/07\/25\/importante-deterioro-del-cielorraso-de-la-biblioteca-popular-ernesto-tornquist\/\" \/>\n<meta property=\"og:locale\" content=\"es_ES\" \/>\n<meta property=\"og:type\" content=\"article\" \/>\n<meta property=\"og:title\" content=\"Importante deterioro del cielorraso de la Biblioteca Popular Ernesto Tornquist - CELTTV\" \/>\n<meta property=\"og:description\" content=\"Sitio web de noticias de la localidad de Tornquist, provincia de Buenos Aires, Rep\u00fablica Argentina. Contenido propio originado por periodistas de CELTTV, el canal de TV local de la Cooperativa El\u00e9ctrica de Tornquist. Turismo, Pol\u00edtica, Sociedad, Deporte, Cultura y todo el contenido de inter\u00e9s general que la gente del pueblo y la regi\u00f3n debe conocer.\" \/>\n<meta property=\"og:url\" content=\"https:\/\/www.celttv.com.ar\/index.php\/2020\/07\/25\/importante-deterioro-del-cielorraso-de-la-biblioteca-popular-ernesto-tornquist\/\" \/>\n<meta property=\"og:site_name\" content=\"CELTTV\" \/>\n<meta property=\"article:publisher\" content=\"https:\/\/www.facebook.com\/celtTV\/\" \/>\n<meta property=\"article:published_time\" content=\"2020-07-25T02:00:42+00:00\" \/>\n<meta property=\"og:image\" content=\"https:\/\/www.celttv.com.ar\/wp-content\/uploads\/2020\/07\/IMG-20200723-WA0009.jpg\" \/>\n\t<meta property=\"og:image:width\" content=\"1280\" \/>\n\t<meta property=\"og:image:height\" content=\"960\" \/>\n\t<meta property=\"og:image:type\" content=\"image\/jpeg\" \/>\n<meta name=\"author\" content=\"ulises\" \/>\n<meta name=\"twitter:card\" content=\"summary_large_image\" \/>\n<meta name=\"twitter:label1\" content=\"Escrito por\" \/>\n\t<meta name=\"twitter:data1\" content=\"ulises\" \/>\n\t<meta name=\"twitter:label2\" content=\"Tiempo de lectura\" \/>\n\t<meta name=\"twitter:data2\" content=\"1 minuto\" \/>\n<script type=\"application\/ld+json\" class=\"yoast-schema-graph\">{\"@context\":\"https:\/\/schema.org\",\"@graph\":[{\"@type\":\"NewsArticle\",\"@id\":\"https:\/\/www.celttv.com.ar\/index.php\/2020\/07\/25\/importante-deterioro-del-cielorraso-de-la-biblioteca-popular-ernesto-tornquist\/#article\",\"isPartOf\":{\"@id\":\"https:\/\/www.celttv.com.ar\/index.php\/2020\/07\/25\/importante-deterioro-del-cielorraso-de-la-biblioteca-popular-ernesto-tornquist\/\"},\"author\":{\"name\":\"ulises\",\"@id\":\"https:\/\/www.celttv.com.ar\/#\/schema\/person\/6d99c072dba59953809c81446e9d0ace\"},\"headline\":\"Importante deterioro del cielorraso de la Biblioteca Popular Ernesto Tornquist\",\"datePublished\":\"2020-07-25T02:00:42+00:00\",\"dateModified\":\"2020-07-25T02:00:42+00:00\",\"mainEntityOfPage\":{\"@id\":\"https:\/\/www.celttv.com.ar\/index.php\/2020\/07\/25\/importante-deterioro-del-cielorraso-de-la-biblioteca-popular-ernesto-tornquist\/\"},\"wordCount\":116,\"publisher\":{\"@id\":\"https:\/\/www.celttv.com.ar\/#organization\"},\"articleSection\":[\"Celt TV Noticias\",\"Comunidad\",\"Destacadas\"],\"inLanguage\":\"es\"},{\"@type\":\"WebPage\",\"@id\":\"https:\/\/www.celttv.com.ar\/index.php\/2020\/07\/25\/importante-deterioro-del-cielorraso-de-la-biblioteca-popular-ernesto-tornquist\/\",\"url\":\"https:\/\/www.celttv.com.ar\/index.php\/2020\/07\/25\/importante-deterioro-del-cielorraso-de-la-biblioteca-popular-ernesto-tornquist\/\",\"name\":\"Importante deterioro del cielorraso de la Biblioteca Popular Ernesto Tornquist - CELTTV\",\"isPartOf\":{\"@id\":\"https:\/\/www.celttv.com.ar\/#website\"},\"datePublished\":\"2020-07-25T02:00:42+00:00\",\"dateModified\":\"2020-07-25T02:00:42+00:00\",\"description\":\"Sitio web de noticias de la localidad de Tornquist, provincia de Buenos Aires, Rep\u00fablica Argentina. Contenido propio originado por periodistas de CELTTV, el canal de TV local de la Cooperativa El\u00e9ctrica de Tornquist. Turismo, Pol\u00edtica, Sociedad, Deporte, Cultura y todo el contenido de inter\u00e9s general que la gente del pueblo y la regi\u00f3n debe conocer.\",\"breadcrumb\":{\"@id\":\"https:\/\/www.celttv.com.ar\/index.php\/2020\/07\/25\/importante-deterioro-del-cielorraso-de-la-biblioteca-popular-ernesto-tornquist\/#breadcrumb\"},\"inLanguage\":\"es\",\"potentialAction\":[{\"@type\":\"ReadAction\",\"target\":[\"https:\/\/www.celttv.com.ar\/index.php\/2020\/07\/25\/importante-deterioro-del-cielorraso-de-la-biblioteca-popular-ernesto-tornquist\/\"]}]},{\"@type\":\"BreadcrumbList\",\"@id\":\"https:\/\/www.celttv.com.ar\/index.php\/2020\/07\/25\/importante-deterioro-del-cielorraso-de-la-biblioteca-popular-ernesto-tornquist\/#breadcrumb\",\"itemListElement\":[{\"@type\":\"ListItem\",\"position\":1,\"name\":\"Inicio\",\"item\":\"https:\/\/www.celttv.com.ar\/\"},{\"@type\":\"ListItem\",\"position\":2,\"name\":\"Importante deterioro del cielorraso de la Biblioteca Popular Ernesto Tornquist\"}]},{\"@type\":\"WebSite\",\"@id\":\"https:\/\/www.celttv.com.ar\/#website\",\"url\":\"https:\/\/www.celttv.com.ar\/\",\"name\":\"CELTTV\",\"description\":\"Cooperativa El\u00e9ctrica de Tornquist\",\"publisher\":{\"@id\":\"https:\/\/www.celttv.com.ar\/#organization\"},\"potentialAction\":[{\"@type\":\"SearchAction\",\"target\":{\"@type\":\"EntryPoint\",\"urlTemplate\":\"https:\/\/www.celttv.com.ar\/?s={search_term_string}\"},\"query-input\":\"required name=search_term_string\"}],\"inLanguage\":\"es\"},{\"@type\":\"Organization\",\"@id\":\"https:\/\/www.celttv.com.ar\/#organization\",\"name\":\"CELTTV\",\"url\":\"https:\/\/www.celttv.com.ar\/\",\"sameAs\":[\"https:\/\/www.youtube.com\/channel\/UCz_oIt8Hig64Ub-EmcNPIhg\",\"https:\/\/www.facebook.com\/celtTV\/\"],\"logo\":{\"@type\":\"ImageObject\",\"inLanguage\":\"es\",\"@id\":\"https:\/\/www.celttv.com.ar\/#\/schema\/logo\/image\/\",\"url\":\"http:\/\/www.celttv.com.ar\/wp-content\/uploads\/2022\/08\/logo-1.png\",\"contentUrl\":\"http:\/\/www.celttv.com.ar\/wp-content\/uploads\/2022\/08\/logo-1.png\",\"width\":461,\"height\":159,\"caption\":\"CELTTV\"},\"image\":{\"@id\":\"https:\/\/www.celttv.com.ar\/#\/schema\/logo\/image\/\"}},{\"@type\":\"Person\",\"@id\":\"https:\/\/www.celttv.com.ar\/#\/schema\/person\/6d99c072dba59953809c81446e9d0ace\",\"name\":\"ulises\",\"image\":{\"@type\":\"ImageObject\",\"inLanguage\":\"es\",\"@id\":\"https:\/\/www.celttv.com.ar\/#\/schema\/person\/image\/\",\"url\":\"https:\/\/secure.gravatar.com\/avatar\/7f2c48bdc33b30088f941fb6082e555f2874c98e20cb159d7b92b50eadfce793?s=96&d=mm&r=g\",\"contentUrl\":\"https:\/\/secure.gravatar.com\/avatar\/7f2c48bdc33b30088f941fb6082e555f2874c98e20cb159d7b92b50eadfce793?s=96&d=mm&r=g\",\"caption\":\"ulises\"},\"sameAs\":[\"http:\/\/www.celttv.com.ar\"]}]}<\/script>\n<!-- \/ Yoast SEO plugin. -->","yoast_head_json":{"title":"Importante deterioro del cielorraso de la Biblioteca Popular Ernesto Tornquist - CELTTV","description":"Sitio web de noticias de la localidad de Tornquist, provincia de Buenos Aires, Rep\u00fablica Argentina. Contenido propio originado por periodistas de CELTTV, el canal de TV local de la Cooperativa El\u00e9ctrica de Tornquist. Turismo, Pol\u00edtica, Sociedad, Deporte, Cultura y todo el contenido de inter\u00e9s general que la gente del pueblo y la regi\u00f3n debe conocer.","robots":{"index":"index","follow":"follow","max-snippet":"max-snippet:-1","max-image-preview":"max-image-preview:large","max-video-preview":"max-video-preview:-1"},"canonical":"https:\/\/www.celttv.com.ar\/index.php\/2020\/07\/25\/importante-deterioro-del-cielorraso-de-la-biblioteca-popular-ernesto-tornquist\/","og_locale":"es_ES","og_type":"article","og_title":"Importante deterioro del cielorraso de la Biblioteca Popular Ernesto Tornquist - CELTTV","og_description":"Sitio web de noticias de la localidad de Tornquist, provincia de Buenos Aires, Rep\u00fablica Argentina. Contenido propio originado por periodistas de CELTTV, el canal de TV local de la Cooperativa El\u00e9ctrica de Tornquist. Turismo, Pol\u00edtica, Sociedad, Deporte, Cultura y todo el contenido de inter\u00e9s general que la gente del pueblo y la regi\u00f3n debe conocer.","og_url":"https:\/\/www.celttv.com.ar\/index.php\/2020\/07\/25\/importante-deterioro-del-cielorraso-de-la-biblioteca-popular-ernesto-tornquist\/","og_site_name":"CELTTV","article_publisher":"https:\/\/www.facebook.com\/celtTV\/","article_published_time":"2020-07-25T02:00:42+00:00","og_image":[{"width":1280,"height":960,"url":"https:\/\/www.celttv.com.ar\/wp-content\/uploads\/2020\/07\/IMG-20200723-WA0009.jpg","type":"image\/jpeg"}],"author":"ulises","twitter_card":"summary_large_image","twitter_misc":{"Escrito por":"ulises","Tiempo de lectura":"1 minuto"},"schema":{"@context":"https:\/\/schema.org","@graph":[{"@type":"NewsArticle","@id":"https:\/\/www.celttv.com.ar\/index.php\/2020\/07\/25\/importante-deterioro-del-cielorraso-de-la-biblioteca-popular-ernesto-tornquist\/#article","isPartOf":{"@id":"https:\/\/www.celttv.com.ar\/index.php\/2020\/07\/25\/importante-deterioro-del-cielorraso-de-la-biblioteca-popular-ernesto-tornquist\/"},"author":{"name":"ulises","@id":"https:\/\/www.celttv.com.ar\/#\/schema\/person\/6d99c072dba59953809c81446e9d0ace"},"headline":"Importante deterioro del cielorraso de la Biblioteca Popular Ernesto Tornquist","datePublished":"2020-07-25T02:00:42+00:00","dateModified":"2020-07-25T02:00:42+00:00","mainEntityOfPage":{"@id":"https:\/\/www.celttv.com.ar\/index.php\/2020\/07\/25\/importante-deterioro-del-cielorraso-de-la-biblioteca-popular-ernesto-tornquist\/"},"wordCount":116,"publisher":{"@id":"https:\/\/www.celttv.com.ar\/#organization"},"articleSection":["Celt TV Noticias","Comunidad","Destacadas"],"inLanguage":"es"},{"@type":"WebPage","@id":"https:\/\/www.celttv.com.ar\/index.php\/2020\/07\/25\/importante-deterioro-del-cielorraso-de-la-biblioteca-popular-ernesto-tornquist\/","url":"https:\/\/www.celttv.com.ar\/index.php\/2020\/07\/25\/importante-deterioro-del-cielorraso-de-la-biblioteca-popular-ernesto-tornquist\/","name":"Importante deterioro del cielorraso de la Biblioteca Popular Ernesto Tornquist - CELTTV","isPartOf":{"@id":"https:\/\/www.celttv.com.ar\/#website"},"datePublished":"2020-07-25T02:00:42+00:00","dateModified":"2020-07-25T02:00:42+00:00","description":"Sitio web de noticias de la localidad de Tornquist, provincia de Buenos Aires, Rep\u00fablica Argentina. Contenido propio originado por periodistas de CELTTV, el canal de TV local de la Cooperativa El\u00e9ctrica de Tornquist. Turismo, Pol\u00edtica, Sociedad, Deporte, Cultura y todo el contenido de inter\u00e9s general que la gente del pueblo y la regi\u00f3n debe conocer.","breadcrumb":{"@id":"https:\/\/www.celttv.com.ar\/index.php\/2020\/07\/25\/importante-deterioro-del-cielorraso-de-la-biblioteca-popular-ernesto-tornquist\/#breadcrumb"},"inLanguage":"es","potentialAction":[{"@type":"ReadAction","target":["https:\/\/www.celttv.com.ar\/index.php\/2020\/07\/25\/importante-deterioro-del-cielorraso-de-la-biblioteca-popular-ernesto-tornquist\/"]}]},{"@type":"BreadcrumbList","@id":"https:\/\/www.celttv.com.ar\/index.php\/2020\/07\/25\/importante-deterioro-del-cielorraso-de-la-biblioteca-popular-ernesto-tornquist\/#breadcrumb","itemListElement":[{"@type":"ListItem","position":1,"name":"Inicio","item":"https:\/\/www.celttv.com.ar\/"},{"@type":"ListItem","position":2,"name":"Importante deterioro del cielorraso de la Biblioteca Popular Ernesto Tornquist"}]},{"@type":"WebSite","@id":"https:\/\/www.celttv.com.ar\/#website","url":"https:\/\/www.celttv.com.ar\/","name":"CELTTV","description":"Cooperativa El\u00e9ctrica de Tornquist","publisher":{"@id":"https:\/\/www.celttv.com.ar\/#organization"},"potentialAction":[{"@type":"SearchAction","target":{"@type":"EntryPoint","urlTemplate":"https:\/\/www.celttv.com.ar\/?s={search_term_string}"},"query-input":"required name=search_term_string"}],"inLanguage":"es"},{"@type":"Organization","@id":"https:\/\/www.celttv.com.ar\/#organization","name":"CELTTV","url":"https:\/\/www.celttv.com.ar\/","sameAs":["https:\/\/www.youtube.com\/channel\/UCz_oIt8Hig64Ub-EmcNPIhg","https:\/\/www.facebook.com\/celtTV\/"],"logo":{"@type":"ImageObject","inLanguage":"es","@id":"https:\/\/www.celttv.com.ar\/#\/schema\/logo\/image\/","url":"http:\/\/www.celttv.com.ar\/wp-content\/uploads\/2022\/08\/logo-1.png","contentUrl":"http:\/\/www.celttv.com.ar\/wp-content\/uploads\/2022\/08\/logo-1.png","width":461,"height":159,"caption":"CELTTV"},"image":{"@id":"https:\/\/www.celttv.com.ar\/#\/schema\/logo\/image\/"}},{"@type":"Person","@id":"https:\/\/www.celttv.com.ar\/#\/schema\/person\/6d99c072dba59953809c81446e9d0ace","name":"ulises","image":{"@type":"ImageObject","inLanguage":"es","@id":"https:\/\/www.celttv.com.ar\/#\/schema\/person\/image\/","url":"https:\/\/secure.gravatar.com\/avatar\/7f2c48bdc33b30088f941fb6082e555f2874c98e20cb159d7b92b50eadfce793?s=96&d=mm&r=g","contentUrl":"https:\/\/secure.gravatar.com\/avatar\/7f2c48bdc33b30088f941fb6082e555f2874c98e20cb159d7b92b50eadfce793?s=96&d=mm&r=g","caption":"ulises"},"sameAs":["http:\/\/www.celttv.com.ar"]}]}},"_links":{"self":[{"href":"https:\/\/www.celttv.com.ar\/index.php\/wp-json\/wp\/v2\/posts\/50805","targetHints":{"allow":["GET"]}}],"collection":[{"href":"https:\/\/www.celttv.com.ar\/index.php\/wp-json\/wp\/v2\/posts"}],"about":[{"href":"https:\/\/www.celttv.com.ar\/index.php\/wp-json\/wp\/v2\/types\/post"}],"author":[{"embeddable":true,"href":"https:\/\/www.celttv.com.ar\/index.php\/wp-json\/wp\/v2\/users\/1"}],"replies":[{"embeddable":true,"href":"https:\/\/www.celttv.com.ar\/index.php\/wp-json\/wp\/v2\/comments?post=50805"}],"version-history":[{"count":0,"href":"https:\/\/www.celttv.com.ar\/index.php\/wp-json\/wp\/v2\/posts\/50805\/revisions"}],"wp:featuredmedia":[{"embeddable":true,"href":"https:\/\/www.celttv.com.ar\/index.php\/wp-json\/wp\/v2\/media\/50806"}],"wp:attachment":[{"href":"https:\/\/www.celttv.com.ar\/index.php\/wp-json\/wp\/v2\/media?parent=50805"}],"wp:term":[{"taxonomy":"category","embeddable":true,"href":"https:\/\/www.celttv.com.ar\/index.php\/wp-json\/wp\/v2\/categories?post=50805"},{"taxonomy":"post_tag","embeddable":true,"href":"https:\/\/www.celttv.com.ar\/index.php\/wp-json\/wp\/v2\/tags?post=50805"}],"curies":[{"name":"wp","href":"https:\/\/api.w.org\/{rel}","templated":true}]}}