{"id":50833,"date":"2020-07-25T23:15:39","date_gmt":"2020-07-25T23:15:39","guid":{"rendered":"http:\/\/www.celttv.com.ar\/?p=50833"},"modified":"2020-07-25T23:15:39","modified_gmt":"2020-07-25T23:15:39","slug":"gerardo-tiyo-rohlmann-es-el-nuevo-delegado-municipal-de-saldungaray","status":"publish","type":"post","link":"https:\/\/www.celttv.com.ar\/index.php\/2020\/07\/25\/gerardo-tiyo-rohlmann-es-el-nuevo-delegado-municipal-de-saldungaray\/","title":{"rendered":"Gerardo \u201cTiyo\u201d Rohlmann es el nuevo delegado municipal de Saldungaray"},"content":{"rendered":"<p>A partir del lunes 27 de julio\u00a0<strong>Gerardo Guillermo \u201cTiyo\u201d Rohlmann<\/strong>\u00a0asumir\u00e1 la funci\u00f3n de Delegado Municipal de Saldungaray, en reemplazo del renunciante Germ\u00e1n De Larena.<\/p>\n<p>El cargo fue confirmado en horas de la noche del viernes en una charla mantenida con el intendente Sergio Bordoni.<\/p>\n<p>Rohlmann tiene 43 a\u00f1os, es Contador P\u00fablico Nacional y Analista en Administraci\u00f3n. Se desempe\u00f1a adem\u00e1s como docente y comerciante, con negocios en Sierra de la Ventana y Saldungaray. Apasionado del golf, desde el lunes asume una gran responsabilidad en el pueblo que lo vio crecer.<\/p>\n<p>Fuente:\u00a0<a href=\"http:\/\/www.noticiasradioreflejos.com.ar\/\">www.noticiasradioreflejos.com.ar<\/a><\/p>\n<p><a href=\"http:\/\/www.celttv.com.ar\/?attachment_id=50835\" rel=\"attachment wp-att-50835\"><img loading=\"lazy\" decoding=\"async\" class=\"alignleft size-full wp-image-50835\" src=\"http:\/\/www.celttv.com.ar\/wp-content\/uploads\/2020\/07\/18423134_1139808639498286_2783610566400084646_o.jpg\" alt=\"\" width=\"1243\" height=\"691\" srcset=\"https:\/\/www.celttv.com.ar\/wp-content\/uploads\/2020\/07\/18423134_1139808639498286_2783610566400084646_o.jpg 1243w, https:\/\/www.celttv.com.ar\/wp-content\/uploads\/2020\/07\/18423134_1139808639498286_2783610566400084646_o-300x167.jpg 300w, https:\/\/www.celttv.com.ar\/wp-content\/uploads\/2020\/07\/18423134_1139808639498286_2783610566400084646_o-1024x569.jpg 1024w, https:\/\/www.celttv.com.ar\/wp-content\/uploads\/2020\/07\/18423134_1139808639498286_2783610566400084646_o-768x427.jpg 768w, https:\/\/www.celttv.com.ar\/wp-content\/uploads\/2020\/07\/18423134_1139808639498286_2783610566400084646_o-750x417.jpg 750w, https:\/\/www.celttv.com.ar\/wp-content\/uploads\/2020\/07\/18423134_1139808639498286_2783610566400084646_o-1140x634.jpg 1140w\" sizes=\"auto, (max-width: 1243px) 100vw, 1243px\" \/><\/a><\/p>\n","protected":false},"excerpt":{"rendered":"<p>A partir del lunes 27 de julio\u00a0Gerardo Guillermo \u201cTiyo\u201d Rohlmann\u00a0asumir\u00e1 la funci\u00f3n de Delegado Municipal de Saldungaray, en reemplazo del renunciante Germ\u00e1n De Larena. El cargo fue confirmado en horas de la noche del viernes en una charla mantenida con el intendente Sergio Bordoni. Rohlmann tiene 43 a\u00f1os, es Contador P\u00fablico Nacional y Analista en [&hellip;]<\/p>\n","protected":false},"author":1,"featured_media":50835,"comment_status":"closed","ping_status":"open","sticky":false,"template":"","format":"standard","meta":{"footnotes":""},"categories":[55,51,52,53],"tags":[],"class_list":["post-50833","post","type-post","status-publish","format-standard","has-post-thumbnail","hentry","category-celt-tv-noticias","category-comunidad","category-destacadas","category-politica"],"yoast_head":"<!-- This site is optimized with the Yoast SEO plugin v19.7.1 - https:\/\/yoast.com\/wordpress\/plugins\/seo\/ -->\n<title>Gerardo \u201cTiyo\u201d Rohlmann es el nuevo delegado municipal de Saldungaray - CELTTV<\/title>\n<meta name=\"description\" content=\"Sitio web de noticias de la localidad de Tornquist, provincia de Buenos Aires, Rep\u00fablica Argentina. Contenido propio originado por periodistas de CELTTV, el canal de TV local de la Cooperativa El\u00e9ctrica de Tornquist. Turismo, Pol\u00edtica, Sociedad, Deporte, Cultura y todo el contenido de inter\u00e9s general que la gente del pueblo y la regi\u00f3n debe conocer.\" \/>\n<meta name=\"robots\" content=\"index, follow, max-snippet:-1, max-image-preview:large, max-video-preview:-1\" \/>\n<link rel=\"canonical\" href=\"https:\/\/www.celttv.com.ar\/index.php\/2020\/07\/25\/gerardo-tiyo-rohlmann-es-el-nuevo-delegado-municipal-de-saldungaray\/\" \/>\n<meta property=\"og:locale\" content=\"es_ES\" \/>\n<meta property=\"og:type\" content=\"article\" \/>\n<meta property=\"og:title\" content=\"Gerardo \u201cTiyo\u201d Rohlmann es el nuevo delegado municipal de Saldungaray - CELTTV\" \/>\n<meta property=\"og:description\" content=\"Sitio web de noticias de la localidad de Tornquist, provincia de Buenos Aires, Rep\u00fablica Argentina. Contenido propio originado por periodistas de CELTTV, el canal de TV local de la Cooperativa El\u00e9ctrica de Tornquist. Turismo, Pol\u00edtica, Sociedad, Deporte, Cultura y todo el contenido de inter\u00e9s general que la gente del pueblo y la regi\u00f3n debe conocer.\" \/>\n<meta property=\"og:url\" content=\"https:\/\/www.celttv.com.ar\/index.php\/2020\/07\/25\/gerardo-tiyo-rohlmann-es-el-nuevo-delegado-municipal-de-saldungaray\/\" \/>\n<meta property=\"og:site_name\" content=\"CELTTV\" \/>\n<meta property=\"article:publisher\" content=\"https:\/\/www.facebook.com\/celtTV\/\" \/>\n<meta property=\"article:published_time\" content=\"2020-07-25T23:15:39+00:00\" \/>\n<meta property=\"og:image\" content=\"https:\/\/www.celttv.com.ar\/wp-content\/uploads\/2020\/07\/18423134_1139808639498286_2783610566400084646_o.jpg\" \/>\n\t<meta property=\"og:image:width\" content=\"1243\" \/>\n\t<meta property=\"og:image:height\" content=\"691\" \/>\n\t<meta property=\"og:image:type\" content=\"image\/jpeg\" \/>\n<meta name=\"author\" content=\"ulises\" \/>\n<meta name=\"twitter:card\" content=\"summary_large_image\" \/>\n<meta name=\"twitter:label1\" content=\"Escrito por\" \/>\n\t<meta name=\"twitter:data1\" content=\"ulises\" \/>\n\t<meta name=\"twitter:label2\" content=\"Tiempo de lectura\" \/>\n\t<meta name=\"twitter:data2\" content=\"1 minuto\" \/>\n<script type=\"application\/ld+json\" class=\"yoast-schema-graph\">{\"@context\":\"https:\/\/schema.org\",\"@graph\":[{\"@type\":\"NewsArticle\",\"@id\":\"https:\/\/www.celttv.com.ar\/index.php\/2020\/07\/25\/gerardo-tiyo-rohlmann-es-el-nuevo-delegado-municipal-de-saldungaray\/#article\",\"isPartOf\":{\"@id\":\"https:\/\/www.celttv.com.ar\/index.php\/2020\/07\/25\/gerardo-tiyo-rohlmann-es-el-nuevo-delegado-municipal-de-saldungaray\/\"},\"author\":{\"name\":\"ulises\",\"@id\":\"https:\/\/www.celttv.com.ar\/#\/schema\/person\/6d99c072dba59953809c81446e9d0ace\"},\"headline\":\"Gerardo \u201cTiyo\u201d Rohlmann es el nuevo delegado municipal de Saldungaray\",\"datePublished\":\"2020-07-25T23:15:39+00:00\",\"dateModified\":\"2020-07-25T23:15:39+00:00\",\"mainEntityOfPage\":{\"@id\":\"https:\/\/www.celttv.com.ar\/index.php\/2020\/07\/25\/gerardo-tiyo-rohlmann-es-el-nuevo-delegado-municipal-de-saldungaray\/\"},\"wordCount\":111,\"publisher\":{\"@id\":\"https:\/\/www.celttv.com.ar\/#organization\"},\"articleSection\":[\"Celt TV Noticias\",\"Comunidad\",\"Destacadas\",\"Pol\u00edtica\"],\"inLanguage\":\"es\"},{\"@type\":\"WebPage\",\"@id\":\"https:\/\/www.celttv.com.ar\/index.php\/2020\/07\/25\/gerardo-tiyo-rohlmann-es-el-nuevo-delegado-municipal-de-saldungaray\/\",\"url\":\"https:\/\/www.celttv.com.ar\/index.php\/2020\/07\/25\/gerardo-tiyo-rohlmann-es-el-nuevo-delegado-municipal-de-saldungaray\/\",\"name\":\"Gerardo \u201cTiyo\u201d Rohlmann es el nuevo delegado municipal de Saldungaray - CELTTV\",\"isPartOf\":{\"@id\":\"https:\/\/www.celttv.com.ar\/#website\"},\"datePublished\":\"2020-07-25T23:15:39+00:00\",\"dateModified\":\"2020-07-25T23:15:39+00:00\",\"description\":\"Sitio web de noticias de la localidad de Tornquist, provincia de Buenos Aires, Rep\u00fablica Argentina. Contenido propio originado por periodistas de CELTTV, el canal de TV local de la Cooperativa El\u00e9ctrica de Tornquist. Turismo, Pol\u00edtica, Sociedad, Deporte, Cultura y todo el contenido de inter\u00e9s general que la gente del pueblo y la regi\u00f3n debe conocer.\",\"breadcrumb\":{\"@id\":\"https:\/\/www.celttv.com.ar\/index.php\/2020\/07\/25\/gerardo-tiyo-rohlmann-es-el-nuevo-delegado-municipal-de-saldungaray\/#breadcrumb\"},\"inLanguage\":\"es\",\"potentialAction\":[{\"@type\":\"ReadAction\",\"target\":[\"https:\/\/www.celttv.com.ar\/index.php\/2020\/07\/25\/gerardo-tiyo-rohlmann-es-el-nuevo-delegado-municipal-de-saldungaray\/\"]}]},{\"@type\":\"BreadcrumbList\",\"@id\":\"https:\/\/www.celttv.com.ar\/index.php\/2020\/07\/25\/gerardo-tiyo-rohlmann-es-el-nuevo-delegado-municipal-de-saldungaray\/#breadcrumb\",\"itemListElement\":[{\"@type\":\"ListItem\",\"position\":1,\"name\":\"Inicio\",\"item\":\"https:\/\/www.celttv.com.ar\/\"},{\"@type\":\"ListItem\",\"position\":2,\"name\":\"Gerardo \u201cTiyo\u201d Rohlmann es el nuevo delegado municipal de Saldungaray\"}]},{\"@type\":\"WebSite\",\"@id\":\"https:\/\/www.celttv.com.ar\/#website\",\"url\":\"https:\/\/www.celttv.com.ar\/\",\"name\":\"CELTTV\",\"description\":\"Cooperativa El\u00e9ctrica de Tornquist\",\"publisher\":{\"@id\":\"https:\/\/www.celttv.com.ar\/#organization\"},\"potentialAction\":[{\"@type\":\"SearchAction\",\"target\":{\"@type\":\"EntryPoint\",\"urlTemplate\":\"https:\/\/www.celttv.com.ar\/?s={search_term_string}\"},\"query-input\":\"required name=search_term_string\"}],\"inLanguage\":\"es\"},{\"@type\":\"Organization\",\"@id\":\"https:\/\/www.celttv.com.ar\/#organization\",\"name\":\"CELTTV\",\"url\":\"https:\/\/www.celttv.com.ar\/\",\"sameAs\":[\"https:\/\/www.youtube.com\/channel\/UCz_oIt8Hig64Ub-EmcNPIhg\",\"https:\/\/www.facebook.com\/celtTV\/\"],\"logo\":{\"@type\":\"ImageObject\",\"inLanguage\":\"es\",\"@id\":\"https:\/\/www.celttv.com.ar\/#\/schema\/logo\/image\/\",\"url\":\"http:\/\/www.celttv.com.ar\/wp-content\/uploads\/2022\/08\/logo-1.png\",\"contentUrl\":\"http:\/\/www.celttv.com.ar\/wp-content\/uploads\/2022\/08\/logo-1.png\",\"width\":461,\"height\":159,\"caption\":\"CELTTV\"},\"image\":{\"@id\":\"https:\/\/www.celttv.com.ar\/#\/schema\/logo\/image\/\"}},{\"@type\":\"Person\",\"@id\":\"https:\/\/www.celttv.com.ar\/#\/schema\/person\/6d99c072dba59953809c81446e9d0ace\",\"name\":\"ulises\",\"image\":{\"@type\":\"ImageObject\",\"inLanguage\":\"es\",\"@id\":\"https:\/\/www.celttv.com.ar\/#\/schema\/person\/image\/\",\"url\":\"https:\/\/secure.gravatar.com\/avatar\/7f2c48bdc33b30088f941fb6082e555f2874c98e20cb159d7b92b50eadfce793?s=96&d=mm&r=g\",\"contentUrl\":\"https:\/\/secure.gravatar.com\/avatar\/7f2c48bdc33b30088f941fb6082e555f2874c98e20cb159d7b92b50eadfce793?s=96&d=mm&r=g\",\"caption\":\"ulises\"},\"sameAs\":[\"http:\/\/www.celttv.com.ar\"]}]}<\/script>\n<!-- \/ Yoast SEO plugin. -->","yoast_head_json":{"title":"Gerardo \u201cTiyo\u201d Rohlmann es el nuevo delegado municipal de Saldungaray - CELTTV","description":"Sitio web de noticias de la localidad de Tornquist, provincia de Buenos Aires, Rep\u00fablica Argentina. Contenido propio originado por periodistas de CELTTV, el canal de TV local de la Cooperativa El\u00e9ctrica de Tornquist. Turismo, Pol\u00edtica, Sociedad, Deporte, Cultura y todo el contenido de inter\u00e9s general que la gente del pueblo y la regi\u00f3n debe conocer.","robots":{"index":"index","follow":"follow","max-snippet":"max-snippet:-1","max-image-preview":"max-image-preview:large","max-video-preview":"max-video-preview:-1"},"canonical":"https:\/\/www.celttv.com.ar\/index.php\/2020\/07\/25\/gerardo-tiyo-rohlmann-es-el-nuevo-delegado-municipal-de-saldungaray\/","og_locale":"es_ES","og_type":"article","og_title":"Gerardo \u201cTiyo\u201d Rohlmann es el nuevo delegado municipal de Saldungaray - CELTTV","og_description":"Sitio web de noticias de la localidad de Tornquist, provincia de Buenos Aires, Rep\u00fablica Argentina. Contenido propio originado por periodistas de CELTTV, el canal de TV local de la Cooperativa El\u00e9ctrica de Tornquist. Turismo, Pol\u00edtica, Sociedad, Deporte, Cultura y todo el contenido de inter\u00e9s general que la gente del pueblo y la regi\u00f3n debe conocer.","og_url":"https:\/\/www.celttv.com.ar\/index.php\/2020\/07\/25\/gerardo-tiyo-rohlmann-es-el-nuevo-delegado-municipal-de-saldungaray\/","og_site_name":"CELTTV","article_publisher":"https:\/\/www.facebook.com\/celtTV\/","article_published_time":"2020-07-25T23:15:39+00:00","og_image":[{"width":1243,"height":691,"url":"https:\/\/www.celttv.com.ar\/wp-content\/uploads\/2020\/07\/18423134_1139808639498286_2783610566400084646_o.jpg","type":"image\/jpeg"}],"author":"ulises","twitter_card":"summary_large_image","twitter_misc":{"Escrito por":"ulises","Tiempo de lectura":"1 minuto"},"schema":{"@context":"https:\/\/schema.org","@graph":[{"@type":"NewsArticle","@id":"https:\/\/www.celttv.com.ar\/index.php\/2020\/07\/25\/gerardo-tiyo-rohlmann-es-el-nuevo-delegado-municipal-de-saldungaray\/#article","isPartOf":{"@id":"https:\/\/www.celttv.com.ar\/index.php\/2020\/07\/25\/gerardo-tiyo-rohlmann-es-el-nuevo-delegado-municipal-de-saldungaray\/"},"author":{"name":"ulises","@id":"https:\/\/www.celttv.com.ar\/#\/schema\/person\/6d99c072dba59953809c81446e9d0ace"},"headline":"Gerardo \u201cTiyo\u201d Rohlmann es el nuevo delegado municipal de Saldungaray","datePublished":"2020-07-25T23:15:39+00:00","dateModified":"2020-07-25T23:15:39+00:00","mainEntityOfPage":{"@id":"https:\/\/www.celttv.com.ar\/index.php\/2020\/07\/25\/gerardo-tiyo-rohlmann-es-el-nuevo-delegado-municipal-de-saldungaray\/"},"wordCount":111,"publisher":{"@id":"https:\/\/www.celttv.com.ar\/#organization"},"articleSection":["Celt TV Noticias","Comunidad","Destacadas","Pol\u00edtica"],"inLanguage":"es"},{"@type":"WebPage","@id":"https:\/\/www.celttv.com.ar\/index.php\/2020\/07\/25\/gerardo-tiyo-rohlmann-es-el-nuevo-delegado-municipal-de-saldungaray\/","url":"https:\/\/www.celttv.com.ar\/index.php\/2020\/07\/25\/gerardo-tiyo-rohlmann-es-el-nuevo-delegado-municipal-de-saldungaray\/","name":"Gerardo \u201cTiyo\u201d Rohlmann es el nuevo delegado municipal de Saldungaray - CELTTV","isPartOf":{"@id":"https:\/\/www.celttv.com.ar\/#website"},"datePublished":"2020-07-25T23:15:39+00:00","dateModified":"2020-07-25T23:15:39+00:00","description":"Sitio web de noticias de la localidad de Tornquist, provincia de Buenos Aires, Rep\u00fablica Argentina. Contenido propio originado por periodistas de CELTTV, el canal de TV local de la Cooperativa El\u00e9ctrica de Tornquist. Turismo, Pol\u00edtica, Sociedad, Deporte, Cultura y todo el contenido de inter\u00e9s general que la gente del pueblo y la regi\u00f3n debe conocer.","breadcrumb":{"@id":"https:\/\/www.celttv.com.ar\/index.php\/2020\/07\/25\/gerardo-tiyo-rohlmann-es-el-nuevo-delegado-municipal-de-saldungaray\/#breadcrumb"},"inLanguage":"es","potentialAction":[{"@type":"ReadAction","target":["https:\/\/www.celttv.com.ar\/index.php\/2020\/07\/25\/gerardo-tiyo-rohlmann-es-el-nuevo-delegado-municipal-de-saldungaray\/"]}]},{"@type":"BreadcrumbList","@id":"https:\/\/www.celttv.com.ar\/index.php\/2020\/07\/25\/gerardo-tiyo-rohlmann-es-el-nuevo-delegado-municipal-de-saldungaray\/#breadcrumb","itemListElement":[{"@type":"ListItem","position":1,"name":"Inicio","item":"https:\/\/www.celttv.com.ar\/"},{"@type":"ListItem","position":2,"name":"Gerardo \u201cTiyo\u201d Rohlmann es el nuevo delegado municipal de Saldungaray"}]},{"@type":"WebSite","@id":"https:\/\/www.celttv.com.ar\/#website","url":"https:\/\/www.celttv.com.ar\/","name":"CELTTV","description":"Cooperativa El\u00e9ctrica de Tornquist","publisher":{"@id":"https:\/\/www.celttv.com.ar\/#organization"},"potentialAction":[{"@type":"SearchAction","target":{"@type":"EntryPoint","urlTemplate":"https:\/\/www.celttv.com.ar\/?s={search_term_string}"},"query-input":"required name=search_term_string"}],"inLanguage":"es"},{"@type":"Organization","@id":"https:\/\/www.celttv.com.ar\/#organization","name":"CELTTV","url":"https:\/\/www.celttv.com.ar\/","sameAs":["https:\/\/www.youtube.com\/channel\/UCz_oIt8Hig64Ub-EmcNPIhg","https:\/\/www.facebook.com\/celtTV\/"],"logo":{"@type":"ImageObject","inLanguage":"es","@id":"https:\/\/www.celttv.com.ar\/#\/schema\/logo\/image\/","url":"http:\/\/www.celttv.com.ar\/wp-content\/uploads\/2022\/08\/logo-1.png","contentUrl":"http:\/\/www.celttv.com.ar\/wp-content\/uploads\/2022\/08\/logo-1.png","width":461,"height":159,"caption":"CELTTV"},"image":{"@id":"https:\/\/www.celttv.com.ar\/#\/schema\/logo\/image\/"}},{"@type":"Person","@id":"https:\/\/www.celttv.com.ar\/#\/schema\/person\/6d99c072dba59953809c81446e9d0ace","name":"ulises","image":{"@type":"ImageObject","inLanguage":"es","@id":"https:\/\/www.celttv.com.ar\/#\/schema\/person\/image\/","url":"https:\/\/secure.gravatar.com\/avatar\/7f2c48bdc33b30088f941fb6082e555f2874c98e20cb159d7b92b50eadfce793?s=96&d=mm&r=g","contentUrl":"https:\/\/secure.gravatar.com\/avatar\/7f2c48bdc33b30088f941fb6082e555f2874c98e20cb159d7b92b50eadfce793?s=96&d=mm&r=g","caption":"ulises"},"sameAs":["http:\/\/www.celttv.com.ar"]}]}},"_links":{"self":[{"href":"https:\/\/www.celttv.com.ar\/index.php\/wp-json\/wp\/v2\/posts\/50833","targetHints":{"allow":["GET"]}}],"collection":[{"href":"https:\/\/www.celttv.com.ar\/index.php\/wp-json\/wp\/v2\/posts"}],"about":[{"href":"https:\/\/www.celttv.com.ar\/index.php\/wp-json\/wp\/v2\/types\/post"}],"author":[{"embeddable":true,"href":"https:\/\/www.celttv.com.ar\/index.php\/wp-json\/wp\/v2\/users\/1"}],"replies":[{"embeddable":true,"href":"https:\/\/www.celttv.com.ar\/index.php\/wp-json\/wp\/v2\/comments?post=50833"}],"version-history":[{"count":0,"href":"https:\/\/www.celttv.com.ar\/index.php\/wp-json\/wp\/v2\/posts\/50833\/revisions"}],"wp:featuredmedia":[{"embeddable":true,"href":"https:\/\/www.celttv.com.ar\/index.php\/wp-json\/wp\/v2\/media\/50835"}],"wp:attachment":[{"href":"https:\/\/www.celttv.com.ar\/index.php\/wp-json\/wp\/v2\/media?parent=50833"}],"wp:term":[{"taxonomy":"category","embeddable":true,"href":"https:\/\/www.celttv.com.ar\/index.php\/wp-json\/wp\/v2\/categories?post=50833"},{"taxonomy":"post_tag","embeddable":true,"href":"https:\/\/www.celttv.com.ar\/index.php\/wp-json\/wp\/v2\/tags?post=50833"}],"curies":[{"name":"wp","href":"https:\/\/api.w.org\/{rel}","templated":true}]}}