{"id":50834,"date":"2020-07-25T23:16:08","date_gmt":"2020-07-25T23:16:08","guid":{"rendered":"http:\/\/www.celttv.com.ar\/?p=50834"},"modified":"2020-07-25T23:16:08","modified_gmt":"2020-07-25T23:16:08","slug":"son-51-aerogeneradores-parque-eolico-construido-en-tornquist-inicia-la-operacion-comercial","status":"publish","type":"post","link":"https:\/\/www.celttv.com.ar\/index.php\/2020\/07\/25\/son-51-aerogeneradores-parque-eolico-construido-en-tornquist-inicia-la-operacion-comercial\/","title":{"rendered":"SON 51 AEROGENERADORES Parque e\u00f3lico construido en Tornquist inicia la operaci\u00f3n comercial"},"content":{"rendered":"<header id=\"mvp-post-head\" class=\"left relative\">\n<div class=\"mvp-author-info-wrap left relative\">\n<div class=\"mvp-author-info-text left relative\">\n<div class=\"mvp-author-info-date left relative\"><\/div>\n<div class=\"mvp-author-info-name left relative\">La Compa\u00f1\u00eda Administradora del Mercado Mayorista El\u00e9ctrico (CAMMESA) habilit\u00f3 la Operaci\u00f3n Comercial del Parque E\u00f3lico San Jorge y El Mataco por una potencia de 203,4 MW. Se trata de uno de los proyectos e\u00f3licos m\u00e1s grandes del pa\u00eds, llevado adelante por la firma PCR (Petroqu\u00edmica Comodoro Rivadavia S.A.).<\/div>\n<\/div>\n<\/div>\n<\/header>\n<div class=\"mvp-post-main-out left relative\">\n<div class=\"mvp-post-main-in\">\n<div id=\"mvp-post-content\" class=\"left relative\">\n<div id=\"mvp-content-wrap\" class=\"left relative\">\n<div class=\"mvp-post-soc-out right relative\">\n<div class=\"mvp-post-soc-in\">\n<div id=\"mvp-content-body\" class=\"left relative\">\n<div id=\"mvp-content-body-top\" class=\"left relative\">\n<div id=\"mvp-content-main\" class=\"left relative\">\n<div id=\"textbody\">\n<p>PCR logr\u00f3 iniciar la operaci\u00f3n comercial 6 meses antes del plazo contractual comprometido. De esta manera, se ha dado inicio al per\u00edodo de abastecimiento de la energ\u00eda el\u00e9ctrica de fuente renovable contratada por CAMMESA por un plazo de 20 a\u00f1os, a un precio de 40,27 USD\/MWh.<\/p>\n<div class=\"code-block code-block-11\"><\/div>\n<p>El parque e\u00f3lico cuenta con 51 aerogeneradores Vestas, de los cuales 24 son de 4,2 MW de potencia con 130 m de altura de buje y 27 de 3,8 MW y 126 m de altura de buje. El proyecto supera el 95% de contenido nacional con aerogeneradores ensamblados en Argentina y el principal equipamiento el\u00e9ctrico de industria nacional. El proyecto se encuentra emplazado a lo largo de 7.500 hect\u00e1reas en la localidad de Tornquist, en el sur de la provincia de Buenos Aires.<\/p>\n<p>PCR cuenta con un equipo de energ\u00edas renovables encargado de planificar, desarrollar y ejecutar proyectos en el pa\u00eds, siendo Argentina uno de los pa\u00edses con mayor potencial en recursos e\u00f3licos y fotovoltaicos, limpios y sustentables. El proyecto ha sido finalizado dentro de los plazos y en l\u00ednea con el presupuesto aprobado.<\/p>\n<div class=\"code-block code-block-1\"><\/div>\n<p>El desarrollo de este parque e\u00f3lico tiene como beneficios ambientales:<\/p>\n<div class=\"code-block code-block-9\"><\/div>\n<p>\u2022 Aportar energ\u00eda el\u00e9ctrica a alrededor de 200.000 hogares.<\/p>\n<p>\u2022 Evitar la emisi\u00f3n de gases de efecto invernadero, puntualmente evita la emisi\u00f3n de 480.000 ton CO2\/a\u00f1o lo que equivale a lo que emiten 175.000 autos\/a\u00f1o, o a lo que absorbe un bosque de 1000 hect\u00e1reas o lo que emiten 700.000 personas\/a\u00f1o en sus casas<\/p>\n<p>\u2022 Es compatible con las actividades preexistentes del sitio de ganader\u00eda y agricultura.<\/p>\n<div class=\"code-block code-block-6\"><\/div>\n<p>\u2022 Contribuye a la mitigaci\u00f3n del cambio clim\u00e1tico adem\u00e1s de mejorar la matriz energ\u00e9tica del pa\u00eds.<\/p>\n<p>Con la entrada en operaci\u00f3n del parque e\u00f3lico San Jorge y El Mataco, ya son 3 los parques que la firma tiene en operaci\u00f3n, elevando su capacidad instalada a 329,4 MW y convirti\u00e9ndose en uno de los mayores operadores de energ\u00eda e\u00f3lica en Argentina.<\/p>\n<p><strong>Fuente:<\/strong>\u00a0Clar\u00edn.<\/p>\n<\/div>\n<\/div>\n<\/div>\n<\/div>\n<\/div>\n<\/div>\n<\/div>\n<\/div>\n<\/div>\n<\/div>\n","protected":false},"excerpt":{"rendered":"<p>La Compa\u00f1\u00eda Administradora del Mercado Mayorista El\u00e9ctrico (CAMMESA) habilit\u00f3 la Operaci\u00f3n Comercial del Parque E\u00f3lico San Jorge y El Mataco por una potencia de 203,4 MW. Se trata de uno de los proyectos e\u00f3licos m\u00e1s grandes del pa\u00eds, llevado adelante por la firma PCR (Petroqu\u00edmica Comodoro Rivadavia S.A.). PCR logr\u00f3 iniciar la operaci\u00f3n comercial 6 [&hellip;]<\/p>\n","protected":false},"author":1,"featured_media":50837,"comment_status":"closed","ping_status":"open","sticky":false,"template":"","format":"standard","meta":{"footnotes":""},"categories":[51,52,59],"tags":[],"class_list":["post-50834","post","type-post","status-publish","format-standard","has-post-thumbnail","hentry","category-comunidad","category-destacadas","category-municipales"],"yoast_head":"<!-- This site is optimized with the Yoast SEO plugin v19.7.1 - https:\/\/yoast.com\/wordpress\/plugins\/seo\/ -->\n<title>SON 51 AEROGENERADORES Parque e\u00f3lico construido en Tornquist inicia la operaci\u00f3n comercial - CELTTV<\/title>\n<meta name=\"description\" content=\"Sitio web de noticias de la localidad de Tornquist, provincia de Buenos Aires, Rep\u00fablica Argentina. Contenido propio originado por periodistas de CELTTV, el canal de TV local de la Cooperativa El\u00e9ctrica de Tornquist. Turismo, Pol\u00edtica, Sociedad, Deporte, Cultura y todo el contenido de inter\u00e9s general que la gente del pueblo y la regi\u00f3n debe conocer.\" \/>\n<meta name=\"robots\" content=\"index, follow, max-snippet:-1, max-image-preview:large, max-video-preview:-1\" \/>\n<link rel=\"canonical\" href=\"https:\/\/www.celttv.com.ar\/index.php\/2020\/07\/25\/son-51-aerogeneradores-parque-eolico-construido-en-tornquist-inicia-la-operacion-comercial\/\" \/>\n<meta property=\"og:locale\" content=\"es_ES\" \/>\n<meta property=\"og:type\" content=\"article\" \/>\n<meta property=\"og:title\" content=\"SON 51 AEROGENERADORES Parque e\u00f3lico construido en Tornquist inicia la operaci\u00f3n comercial - CELTTV\" \/>\n<meta property=\"og:description\" content=\"Sitio web de noticias de la localidad de Tornquist, provincia de Buenos Aires, Rep\u00fablica Argentina. Contenido propio originado por periodistas de CELTTV, el canal de TV local de la Cooperativa El\u00e9ctrica de Tornquist. Turismo, Pol\u00edtica, Sociedad, Deporte, Cultura y todo el contenido de inter\u00e9s general que la gente del pueblo y la regi\u00f3n debe conocer.\" \/>\n<meta property=\"og:url\" content=\"https:\/\/www.celttv.com.ar\/index.php\/2020\/07\/25\/son-51-aerogeneradores-parque-eolico-construido-en-tornquist-inicia-la-operacion-comercial\/\" \/>\n<meta property=\"og:site_name\" content=\"CELTTV\" \/>\n<meta property=\"article:publisher\" content=\"https:\/\/www.facebook.com\/celtTV\/\" \/>\n<meta property=\"article:published_time\" content=\"2020-07-25T23:16:08+00:00\" \/>\n<meta property=\"og:image\" content=\"https:\/\/www.celttv.com.ar\/wp-content\/uploads\/2020\/07\/parqueeolico-768x461-1.jpg\" \/>\n\t<meta property=\"og:image:width\" content=\"768\" \/>\n\t<meta property=\"og:image:height\" content=\"461\" \/>\n\t<meta property=\"og:image:type\" content=\"image\/jpeg\" \/>\n<meta name=\"author\" content=\"ulises\" \/>\n<meta name=\"twitter:card\" content=\"summary_large_image\" \/>\n<meta name=\"twitter:label1\" content=\"Escrito por\" \/>\n\t<meta name=\"twitter:data1\" content=\"ulises\" \/>\n\t<meta name=\"twitter:label2\" content=\"Tiempo de lectura\" \/>\n\t<meta name=\"twitter:data2\" content=\"2 minutos\" \/>\n<script type=\"application\/ld+json\" class=\"yoast-schema-graph\">{\"@context\":\"https:\/\/schema.org\",\"@graph\":[{\"@type\":\"NewsArticle\",\"@id\":\"https:\/\/www.celttv.com.ar\/index.php\/2020\/07\/25\/son-51-aerogeneradores-parque-eolico-construido-en-tornquist-inicia-la-operacion-comercial\/#article\",\"isPartOf\":{\"@id\":\"https:\/\/www.celttv.com.ar\/index.php\/2020\/07\/25\/son-51-aerogeneradores-parque-eolico-construido-en-tornquist-inicia-la-operacion-comercial\/\"},\"author\":{\"name\":\"ulises\",\"@id\":\"https:\/\/www.celttv.com.ar\/#\/schema\/person\/6d99c072dba59953809c81446e9d0ace\"},\"headline\":\"SON 51 AEROGENERADORES Parque e\u00f3lico construido en Tornquist inicia la operaci\u00f3n comercial\",\"datePublished\":\"2020-07-25T23:16:08+00:00\",\"dateModified\":\"2020-07-25T23:16:08+00:00\",\"mainEntityOfPage\":{\"@id\":\"https:\/\/www.celttv.com.ar\/index.php\/2020\/07\/25\/son-51-aerogeneradores-parque-eolico-construido-en-tornquist-inicia-la-operacion-comercial\/\"},\"wordCount\":404,\"publisher\":{\"@id\":\"https:\/\/www.celttv.com.ar\/#organization\"},\"articleSection\":[\"Comunidad\",\"Destacadas\",\"Municipales\"],\"inLanguage\":\"es\"},{\"@type\":\"WebPage\",\"@id\":\"https:\/\/www.celttv.com.ar\/index.php\/2020\/07\/25\/son-51-aerogeneradores-parque-eolico-construido-en-tornquist-inicia-la-operacion-comercial\/\",\"url\":\"https:\/\/www.celttv.com.ar\/index.php\/2020\/07\/25\/son-51-aerogeneradores-parque-eolico-construido-en-tornquist-inicia-la-operacion-comercial\/\",\"name\":\"SON 51 AEROGENERADORES Parque e\u00f3lico construido en Tornquist inicia la operaci\u00f3n comercial - CELTTV\",\"isPartOf\":{\"@id\":\"https:\/\/www.celttv.com.ar\/#website\"},\"datePublished\":\"2020-07-25T23:16:08+00:00\",\"dateModified\":\"2020-07-25T23:16:08+00:00\",\"description\":\"Sitio web de noticias de la localidad de Tornquist, provincia de Buenos Aires, Rep\u00fablica Argentina. Contenido propio originado por periodistas de CELTTV, el canal de TV local de la Cooperativa El\u00e9ctrica de Tornquist. Turismo, Pol\u00edtica, Sociedad, Deporte, Cultura y todo el contenido de inter\u00e9s general que la gente del pueblo y la regi\u00f3n debe conocer.\",\"breadcrumb\":{\"@id\":\"https:\/\/www.celttv.com.ar\/index.php\/2020\/07\/25\/son-51-aerogeneradores-parque-eolico-construido-en-tornquist-inicia-la-operacion-comercial\/#breadcrumb\"},\"inLanguage\":\"es\",\"potentialAction\":[{\"@type\":\"ReadAction\",\"target\":[\"https:\/\/www.celttv.com.ar\/index.php\/2020\/07\/25\/son-51-aerogeneradores-parque-eolico-construido-en-tornquist-inicia-la-operacion-comercial\/\"]}]},{\"@type\":\"BreadcrumbList\",\"@id\":\"https:\/\/www.celttv.com.ar\/index.php\/2020\/07\/25\/son-51-aerogeneradores-parque-eolico-construido-en-tornquist-inicia-la-operacion-comercial\/#breadcrumb\",\"itemListElement\":[{\"@type\":\"ListItem\",\"position\":1,\"name\":\"Inicio\",\"item\":\"https:\/\/www.celttv.com.ar\/\"},{\"@type\":\"ListItem\",\"position\":2,\"name\":\"SON 51 AEROGENERADORES Parque e\u00f3lico construido en Tornquist inicia la operaci\u00f3n comercial\"}]},{\"@type\":\"WebSite\",\"@id\":\"https:\/\/www.celttv.com.ar\/#website\",\"url\":\"https:\/\/www.celttv.com.ar\/\",\"name\":\"CELTTV\",\"description\":\"Cooperativa El\u00e9ctrica de Tornquist\",\"publisher\":{\"@id\":\"https:\/\/www.celttv.com.ar\/#organization\"},\"potentialAction\":[{\"@type\":\"SearchAction\",\"target\":{\"@type\":\"EntryPoint\",\"urlTemplate\":\"https:\/\/www.celttv.com.ar\/?s={search_term_string}\"},\"query-input\":\"required name=search_term_string\"}],\"inLanguage\":\"es\"},{\"@type\":\"Organization\",\"@id\":\"https:\/\/www.celttv.com.ar\/#organization\",\"name\":\"CELTTV\",\"url\":\"https:\/\/www.celttv.com.ar\/\",\"sameAs\":[\"https:\/\/www.youtube.com\/channel\/UCz_oIt8Hig64Ub-EmcNPIhg\",\"https:\/\/www.facebook.com\/celtTV\/\"],\"logo\":{\"@type\":\"ImageObject\",\"inLanguage\":\"es\",\"@id\":\"https:\/\/www.celttv.com.ar\/#\/schema\/logo\/image\/\",\"url\":\"http:\/\/www.celttv.com.ar\/wp-content\/uploads\/2022\/08\/logo-1.png\",\"contentUrl\":\"http:\/\/www.celttv.com.ar\/wp-content\/uploads\/2022\/08\/logo-1.png\",\"width\":461,\"height\":159,\"caption\":\"CELTTV\"},\"image\":{\"@id\":\"https:\/\/www.celttv.com.ar\/#\/schema\/logo\/image\/\"}},{\"@type\":\"Person\",\"@id\":\"https:\/\/www.celttv.com.ar\/#\/schema\/person\/6d99c072dba59953809c81446e9d0ace\",\"name\":\"ulises\",\"image\":{\"@type\":\"ImageObject\",\"inLanguage\":\"es\",\"@id\":\"https:\/\/www.celttv.com.ar\/#\/schema\/person\/image\/\",\"url\":\"https:\/\/secure.gravatar.com\/avatar\/7f2c48bdc33b30088f941fb6082e555f2874c98e20cb159d7b92b50eadfce793?s=96&d=mm&r=g\",\"contentUrl\":\"https:\/\/secure.gravatar.com\/avatar\/7f2c48bdc33b30088f941fb6082e555f2874c98e20cb159d7b92b50eadfce793?s=96&d=mm&r=g\",\"caption\":\"ulises\"},\"sameAs\":[\"http:\/\/www.celttv.com.ar\"]}]}<\/script>\n<!-- \/ Yoast SEO plugin. -->","yoast_head_json":{"title":"SON 51 AEROGENERADORES Parque e\u00f3lico construido en Tornquist inicia la operaci\u00f3n comercial - CELTTV","description":"Sitio web de noticias de la localidad de Tornquist, provincia de Buenos Aires, Rep\u00fablica Argentina. Contenido propio originado por periodistas de CELTTV, el canal de TV local de la Cooperativa El\u00e9ctrica de Tornquist. Turismo, Pol\u00edtica, Sociedad, Deporte, Cultura y todo el contenido de inter\u00e9s general que la gente del pueblo y la regi\u00f3n debe conocer.","robots":{"index":"index","follow":"follow","max-snippet":"max-snippet:-1","max-image-preview":"max-image-preview:large","max-video-preview":"max-video-preview:-1"},"canonical":"https:\/\/www.celttv.com.ar\/index.php\/2020\/07\/25\/son-51-aerogeneradores-parque-eolico-construido-en-tornquist-inicia-la-operacion-comercial\/","og_locale":"es_ES","og_type":"article","og_title":"SON 51 AEROGENERADORES Parque e\u00f3lico construido en Tornquist inicia la operaci\u00f3n comercial - CELTTV","og_description":"Sitio web de noticias de la localidad de Tornquist, provincia de Buenos Aires, Rep\u00fablica Argentina. Contenido propio originado por periodistas de CELTTV, el canal de TV local de la Cooperativa El\u00e9ctrica de Tornquist. Turismo, Pol\u00edtica, Sociedad, Deporte, Cultura y todo el contenido de inter\u00e9s general que la gente del pueblo y la regi\u00f3n debe conocer.","og_url":"https:\/\/www.celttv.com.ar\/index.php\/2020\/07\/25\/son-51-aerogeneradores-parque-eolico-construido-en-tornquist-inicia-la-operacion-comercial\/","og_site_name":"CELTTV","article_publisher":"https:\/\/www.facebook.com\/celtTV\/","article_published_time":"2020-07-25T23:16:08+00:00","og_image":[{"width":768,"height":461,"url":"https:\/\/www.celttv.com.ar\/wp-content\/uploads\/2020\/07\/parqueeolico-768x461-1.jpg","type":"image\/jpeg"}],"author":"ulises","twitter_card":"summary_large_image","twitter_misc":{"Escrito por":"ulises","Tiempo de lectura":"2 minutos"},"schema":{"@context":"https:\/\/schema.org","@graph":[{"@type":"NewsArticle","@id":"https:\/\/www.celttv.com.ar\/index.php\/2020\/07\/25\/son-51-aerogeneradores-parque-eolico-construido-en-tornquist-inicia-la-operacion-comercial\/#article","isPartOf":{"@id":"https:\/\/www.celttv.com.ar\/index.php\/2020\/07\/25\/son-51-aerogeneradores-parque-eolico-construido-en-tornquist-inicia-la-operacion-comercial\/"},"author":{"name":"ulises","@id":"https:\/\/www.celttv.com.ar\/#\/schema\/person\/6d99c072dba59953809c81446e9d0ace"},"headline":"SON 51 AEROGENERADORES Parque e\u00f3lico construido en Tornquist inicia la operaci\u00f3n comercial","datePublished":"2020-07-25T23:16:08+00:00","dateModified":"2020-07-25T23:16:08+00:00","mainEntityOfPage":{"@id":"https:\/\/www.celttv.com.ar\/index.php\/2020\/07\/25\/son-51-aerogeneradores-parque-eolico-construido-en-tornquist-inicia-la-operacion-comercial\/"},"wordCount":404,"publisher":{"@id":"https:\/\/www.celttv.com.ar\/#organization"},"articleSection":["Comunidad","Destacadas","Municipales"],"inLanguage":"es"},{"@type":"WebPage","@id":"https:\/\/www.celttv.com.ar\/index.php\/2020\/07\/25\/son-51-aerogeneradores-parque-eolico-construido-en-tornquist-inicia-la-operacion-comercial\/","url":"https:\/\/www.celttv.com.ar\/index.php\/2020\/07\/25\/son-51-aerogeneradores-parque-eolico-construido-en-tornquist-inicia-la-operacion-comercial\/","name":"SON 51 AEROGENERADORES Parque e\u00f3lico construido en Tornquist inicia la operaci\u00f3n comercial - CELTTV","isPartOf":{"@id":"https:\/\/www.celttv.com.ar\/#website"},"datePublished":"2020-07-25T23:16:08+00:00","dateModified":"2020-07-25T23:16:08+00:00","description":"Sitio web de noticias de la localidad de Tornquist, provincia de Buenos Aires, Rep\u00fablica Argentina. Contenido propio originado por periodistas de CELTTV, el canal de TV local de la Cooperativa El\u00e9ctrica de Tornquist. Turismo, Pol\u00edtica, Sociedad, Deporte, Cultura y todo el contenido de inter\u00e9s general que la gente del pueblo y la regi\u00f3n debe conocer.","breadcrumb":{"@id":"https:\/\/www.celttv.com.ar\/index.php\/2020\/07\/25\/son-51-aerogeneradores-parque-eolico-construido-en-tornquist-inicia-la-operacion-comercial\/#breadcrumb"},"inLanguage":"es","potentialAction":[{"@type":"ReadAction","target":["https:\/\/www.celttv.com.ar\/index.php\/2020\/07\/25\/son-51-aerogeneradores-parque-eolico-construido-en-tornquist-inicia-la-operacion-comercial\/"]}]},{"@type":"BreadcrumbList","@id":"https:\/\/www.celttv.com.ar\/index.php\/2020\/07\/25\/son-51-aerogeneradores-parque-eolico-construido-en-tornquist-inicia-la-operacion-comercial\/#breadcrumb","itemListElement":[{"@type":"ListItem","position":1,"name":"Inicio","item":"https:\/\/www.celttv.com.ar\/"},{"@type":"ListItem","position":2,"name":"SON 51 AEROGENERADORES Parque e\u00f3lico construido en Tornquist inicia la operaci\u00f3n comercial"}]},{"@type":"WebSite","@id":"https:\/\/www.celttv.com.ar\/#website","url":"https:\/\/www.celttv.com.ar\/","name":"CELTTV","description":"Cooperativa El\u00e9ctrica de Tornquist","publisher":{"@id":"https:\/\/www.celttv.com.ar\/#organization"},"potentialAction":[{"@type":"SearchAction","target":{"@type":"EntryPoint","urlTemplate":"https:\/\/www.celttv.com.ar\/?s={search_term_string}"},"query-input":"required name=search_term_string"}],"inLanguage":"es"},{"@type":"Organization","@id":"https:\/\/www.celttv.com.ar\/#organization","name":"CELTTV","url":"https:\/\/www.celttv.com.ar\/","sameAs":["https:\/\/www.youtube.com\/channel\/UCz_oIt8Hig64Ub-EmcNPIhg","https:\/\/www.facebook.com\/celtTV\/"],"logo":{"@type":"ImageObject","inLanguage":"es","@id":"https:\/\/www.celttv.com.ar\/#\/schema\/logo\/image\/","url":"http:\/\/www.celttv.com.ar\/wp-content\/uploads\/2022\/08\/logo-1.png","contentUrl":"http:\/\/www.celttv.com.ar\/wp-content\/uploads\/2022\/08\/logo-1.png","width":461,"height":159,"caption":"CELTTV"},"image":{"@id":"https:\/\/www.celttv.com.ar\/#\/schema\/logo\/image\/"}},{"@type":"Person","@id":"https:\/\/www.celttv.com.ar\/#\/schema\/person\/6d99c072dba59953809c81446e9d0ace","name":"ulises","image":{"@type":"ImageObject","inLanguage":"es","@id":"https:\/\/www.celttv.com.ar\/#\/schema\/person\/image\/","url":"https:\/\/secure.gravatar.com\/avatar\/7f2c48bdc33b30088f941fb6082e555f2874c98e20cb159d7b92b50eadfce793?s=96&d=mm&r=g","contentUrl":"https:\/\/secure.gravatar.com\/avatar\/7f2c48bdc33b30088f941fb6082e555f2874c98e20cb159d7b92b50eadfce793?s=96&d=mm&r=g","caption":"ulises"},"sameAs":["http:\/\/www.celttv.com.ar"]}]}},"_links":{"self":[{"href":"https:\/\/www.celttv.com.ar\/index.php\/wp-json\/wp\/v2\/posts\/50834","targetHints":{"allow":["GET"]}}],"collection":[{"href":"https:\/\/www.celttv.com.ar\/index.php\/wp-json\/wp\/v2\/posts"}],"about":[{"href":"https:\/\/www.celttv.com.ar\/index.php\/wp-json\/wp\/v2\/types\/post"}],"author":[{"embeddable":true,"href":"https:\/\/www.celttv.com.ar\/index.php\/wp-json\/wp\/v2\/users\/1"}],"replies":[{"embeddable":true,"href":"https:\/\/www.celttv.com.ar\/index.php\/wp-json\/wp\/v2\/comments?post=50834"}],"version-history":[{"count":0,"href":"https:\/\/www.celttv.com.ar\/index.php\/wp-json\/wp\/v2\/posts\/50834\/revisions"}],"wp:featuredmedia":[{"embeddable":true,"href":"https:\/\/www.celttv.com.ar\/index.php\/wp-json\/wp\/v2\/media\/50837"}],"wp:attachment":[{"href":"https:\/\/www.celttv.com.ar\/index.php\/wp-json\/wp\/v2\/media?parent=50834"}],"wp:term":[{"taxonomy":"category","embeddable":true,"href":"https:\/\/www.celttv.com.ar\/index.php\/wp-json\/wp\/v2\/categories?post=50834"},{"taxonomy":"post_tag","embeddable":true,"href":"https:\/\/www.celttv.com.ar\/index.php\/wp-json\/wp\/v2\/tags?post=50834"}],"curies":[{"name":"wp","href":"https:\/\/api.w.org\/{rel}","templated":true}]}}