{"id":50839,"date":"2020-07-26T16:52:26","date_gmt":"2020-07-26T16:52:26","guid":{"rendered":"http:\/\/www.celttv.com.ar\/?p=50839"},"modified":"2020-07-26T16:52:26","modified_gmt":"2020-07-26T16:52:26","slug":"se-cumplen-68-anos-de-la-muerte-de-eva-duarte-de-peron","status":"publish","type":"post","link":"https:\/\/www.celttv.com.ar\/index.php\/2020\/07\/26\/se-cumplen-68-anos-de-la-muerte-de-eva-duarte-de-peron\/","title":{"rendered":"Se cumplen 68 a\u00f1os de la muerte de Eva Duarte de Per\u00f3n"},"content":{"rendered":"<p>Hace 68 a\u00f1os a trav\u00e9s de un comunicado se escuch\u00f3 una voz que se inmortaliz\u00f3, \u201cCumple la Subsecretar\u00eda de Informes de la Naci\u00f3n el penos\u00edsimo deber de informar al pueblo de la Rep\u00fablica que a las 20:25 horas ha fallecido la se\u00f1ora Eva Per\u00f3n, Jefa Espiritual de la Naci\u00f3n\u201d. Su fallecimiento a los 33 a\u00f1os fue uno de los hechos de masas m\u00e1s importantes de la historia argentina. Eva, fue una de las mujeres m\u00e1s influyentes de la pol\u00edtica de este pa\u00eds, y despert\u00f3 pasiones y cr\u00edticas en su paso por el poder. \u00a0Su legado sigue habitando el coraz\u00f3n del pueblo que levanta su bandera con orgullo y responsabilidad.<\/p>\n<p><em>\u00a0\u201cAhora si me preguntasen qu\u00e9 prefiero, mi respuesta no tardar\u00eda en salir de m\u00ed: me gusta m\u00e1s mi nombre de pueblo. Cuando un pibe me nombra EVITA me siento madre de todos los pibes y de todos los d\u00e9biles y humildes de mi tierra. Cuando un obrero me llama EVITA me siento con gusto compa\u00f1era de todos los hombres\u201d<\/em> Evita<\/p>\n<p>Partido Justicialista Tornquist<\/p>\n<p><a href=\"http:\/\/www.celttv.com.ar\/?attachment_id=50840\" rel=\"attachment wp-att-50840\"><img loading=\"lazy\" decoding=\"async\" class=\"alignleft size-full wp-image-50840\" src=\"http:\/\/www.celttv.com.ar\/wp-content\/uploads\/2020\/07\/5f1c588dc9ce2_1004x895.jpg\" alt=\"\" width=\"1004\" height=\"895\" srcset=\"https:\/\/www.celttv.com.ar\/wp-content\/uploads\/2020\/07\/5f1c588dc9ce2_1004x895.jpg 1004w, https:\/\/www.celttv.com.ar\/wp-content\/uploads\/2020\/07\/5f1c588dc9ce2_1004x895-300x267.jpg 300w, https:\/\/www.celttv.com.ar\/wp-content\/uploads\/2020\/07\/5f1c588dc9ce2_1004x895-768x685.jpg 768w, https:\/\/www.celttv.com.ar\/wp-content\/uploads\/2020\/07\/5f1c588dc9ce2_1004x895-750x669.jpg 750w\" sizes=\"auto, (max-width: 1004px) 100vw, 1004px\" \/><\/a><\/p>\n","protected":false},"excerpt":{"rendered":"<p>Hace 68 a\u00f1os a trav\u00e9s de un comunicado se escuch\u00f3 una voz que se inmortaliz\u00f3, \u201cCumple la Subsecretar\u00eda de Informes de la Naci\u00f3n el penos\u00edsimo deber de informar al pueblo de la Rep\u00fablica que a las 20:25 horas ha fallecido la se\u00f1ora Eva Per\u00f3n, Jefa Espiritual de la Naci\u00f3n\u201d. Su fallecimiento a los 33 a\u00f1os [&hellip;]<\/p>\n","protected":false},"author":1,"featured_media":50842,"comment_status":"closed","ping_status":"open","sticky":false,"template":"","format":"standard","meta":{"footnotes":""},"categories":[55,51,52,53],"tags":[],"class_list":["post-50839","post","type-post","status-publish","format-standard","has-post-thumbnail","hentry","category-celt-tv-noticias","category-comunidad","category-destacadas","category-politica"],"yoast_head":"<!-- This site is optimized with the Yoast SEO plugin v19.7.1 - https:\/\/yoast.com\/wordpress\/plugins\/seo\/ -->\n<title>Se cumplen 68 a\u00f1os de la muerte de Eva Duarte de Per\u00f3n - CELTTV<\/title>\n<meta name=\"description\" content=\"Sitio web de noticias de la localidad de Tornquist, provincia de Buenos Aires, Rep\u00fablica Argentina. Contenido propio originado por periodistas de CELTTV, el canal de TV local de la Cooperativa El\u00e9ctrica de Tornquist. Turismo, Pol\u00edtica, Sociedad, Deporte, Cultura y todo el contenido de inter\u00e9s general que la gente del pueblo y la regi\u00f3n debe conocer.\" \/>\n<meta name=\"robots\" content=\"index, follow, max-snippet:-1, max-image-preview:large, max-video-preview:-1\" \/>\n<link rel=\"canonical\" href=\"https:\/\/www.celttv.com.ar\/index.php\/2020\/07\/26\/se-cumplen-68-anos-de-la-muerte-de-eva-duarte-de-peron\/\" \/>\n<meta property=\"og:locale\" content=\"es_ES\" \/>\n<meta property=\"og:type\" content=\"article\" \/>\n<meta property=\"og:title\" content=\"Se cumplen 68 a\u00f1os de la muerte de Eva Duarte de Per\u00f3n - CELTTV\" \/>\n<meta property=\"og:description\" content=\"Sitio web de noticias de la localidad de Tornquist, provincia de Buenos Aires, Rep\u00fablica Argentina. Contenido propio originado por periodistas de CELTTV, el canal de TV local de la Cooperativa El\u00e9ctrica de Tornquist. Turismo, Pol\u00edtica, Sociedad, Deporte, Cultura y todo el contenido de inter\u00e9s general que la gente del pueblo y la regi\u00f3n debe conocer.\" \/>\n<meta property=\"og:url\" content=\"https:\/\/www.celttv.com.ar\/index.php\/2020\/07\/26\/se-cumplen-68-anos-de-la-muerte-de-eva-duarte-de-peron\/\" \/>\n<meta property=\"og:site_name\" content=\"CELTTV\" \/>\n<meta property=\"article:publisher\" content=\"https:\/\/www.facebook.com\/celtTV\/\" \/>\n<meta property=\"article:published_time\" content=\"2020-07-26T16:52:26+00:00\" \/>\n<meta property=\"og:image\" content=\"https:\/\/www.celttv.com.ar\/wp-content\/uploads\/2020\/07\/5f1c588dc9ce2_1004x895-1.jpg\" \/>\n\t<meta property=\"og:image:width\" content=\"989\" \/>\n\t<meta property=\"og:image:height\" content=\"673\" \/>\n\t<meta property=\"og:image:type\" content=\"image\/jpeg\" \/>\n<meta name=\"author\" content=\"ulises\" \/>\n<meta name=\"twitter:card\" content=\"summary_large_image\" \/>\n<meta name=\"twitter:label1\" content=\"Escrito por\" \/>\n\t<meta name=\"twitter:data1\" content=\"ulises\" \/>\n\t<meta name=\"twitter:label2\" content=\"Tiempo de lectura\" \/>\n\t<meta name=\"twitter:data2\" content=\"1 minuto\" \/>\n<script type=\"application\/ld+json\" class=\"yoast-schema-graph\">{\"@context\":\"https:\/\/schema.org\",\"@graph\":[{\"@type\":\"NewsArticle\",\"@id\":\"https:\/\/www.celttv.com.ar\/index.php\/2020\/07\/26\/se-cumplen-68-anos-de-la-muerte-de-eva-duarte-de-peron\/#article\",\"isPartOf\":{\"@id\":\"https:\/\/www.celttv.com.ar\/index.php\/2020\/07\/26\/se-cumplen-68-anos-de-la-muerte-de-eva-duarte-de-peron\/\"},\"author\":{\"name\":\"ulises\",\"@id\":\"https:\/\/www.celttv.com.ar\/#\/schema\/person\/6d99c072dba59953809c81446e9d0ace\"},\"headline\":\"Se cumplen 68 a\u00f1os de la muerte de Eva Duarte de Per\u00f3n\",\"datePublished\":\"2020-07-26T16:52:26+00:00\",\"dateModified\":\"2020-07-26T16:52:26+00:00\",\"mainEntityOfPage\":{\"@id\":\"https:\/\/www.celttv.com.ar\/index.php\/2020\/07\/26\/se-cumplen-68-anos-de-la-muerte-de-eva-duarte-de-peron\/\"},\"wordCount\":202,\"publisher\":{\"@id\":\"https:\/\/www.celttv.com.ar\/#organization\"},\"articleSection\":[\"Celt TV Noticias\",\"Comunidad\",\"Destacadas\",\"Pol\u00edtica\"],\"inLanguage\":\"es\"},{\"@type\":\"WebPage\",\"@id\":\"https:\/\/www.celttv.com.ar\/index.php\/2020\/07\/26\/se-cumplen-68-anos-de-la-muerte-de-eva-duarte-de-peron\/\",\"url\":\"https:\/\/www.celttv.com.ar\/index.php\/2020\/07\/26\/se-cumplen-68-anos-de-la-muerte-de-eva-duarte-de-peron\/\",\"name\":\"Se cumplen 68 a\u00f1os de la muerte de Eva Duarte de Per\u00f3n - CELTTV\",\"isPartOf\":{\"@id\":\"https:\/\/www.celttv.com.ar\/#website\"},\"datePublished\":\"2020-07-26T16:52:26+00:00\",\"dateModified\":\"2020-07-26T16:52:26+00:00\",\"description\":\"Sitio web de noticias de la localidad de Tornquist, provincia de Buenos Aires, Rep\u00fablica Argentina. Contenido propio originado por periodistas de CELTTV, el canal de TV local de la Cooperativa El\u00e9ctrica de Tornquist. Turismo, Pol\u00edtica, Sociedad, Deporte, Cultura y todo el contenido de inter\u00e9s general que la gente del pueblo y la regi\u00f3n debe conocer.\",\"breadcrumb\":{\"@id\":\"https:\/\/www.celttv.com.ar\/index.php\/2020\/07\/26\/se-cumplen-68-anos-de-la-muerte-de-eva-duarte-de-peron\/#breadcrumb\"},\"inLanguage\":\"es\",\"potentialAction\":[{\"@type\":\"ReadAction\",\"target\":[\"https:\/\/www.celttv.com.ar\/index.php\/2020\/07\/26\/se-cumplen-68-anos-de-la-muerte-de-eva-duarte-de-peron\/\"]}]},{\"@type\":\"BreadcrumbList\",\"@id\":\"https:\/\/www.celttv.com.ar\/index.php\/2020\/07\/26\/se-cumplen-68-anos-de-la-muerte-de-eva-duarte-de-peron\/#breadcrumb\",\"itemListElement\":[{\"@type\":\"ListItem\",\"position\":1,\"name\":\"Inicio\",\"item\":\"https:\/\/www.celttv.com.ar\/\"},{\"@type\":\"ListItem\",\"position\":2,\"name\":\"Se cumplen 68 a\u00f1os de la muerte de Eva Duarte de Per\u00f3n\"}]},{\"@type\":\"WebSite\",\"@id\":\"https:\/\/www.celttv.com.ar\/#website\",\"url\":\"https:\/\/www.celttv.com.ar\/\",\"name\":\"CELTTV\",\"description\":\"Cooperativa El\u00e9ctrica de Tornquist\",\"publisher\":{\"@id\":\"https:\/\/www.celttv.com.ar\/#organization\"},\"potentialAction\":[{\"@type\":\"SearchAction\",\"target\":{\"@type\":\"EntryPoint\",\"urlTemplate\":\"https:\/\/www.celttv.com.ar\/?s={search_term_string}\"},\"query-input\":\"required name=search_term_string\"}],\"inLanguage\":\"es\"},{\"@type\":\"Organization\",\"@id\":\"https:\/\/www.celttv.com.ar\/#organization\",\"name\":\"CELTTV\",\"url\":\"https:\/\/www.celttv.com.ar\/\",\"sameAs\":[\"https:\/\/www.youtube.com\/channel\/UCz_oIt8Hig64Ub-EmcNPIhg\",\"https:\/\/www.facebook.com\/celtTV\/\"],\"logo\":{\"@type\":\"ImageObject\",\"inLanguage\":\"es\",\"@id\":\"https:\/\/www.celttv.com.ar\/#\/schema\/logo\/image\/\",\"url\":\"http:\/\/www.celttv.com.ar\/wp-content\/uploads\/2022\/08\/logo-1.png\",\"contentUrl\":\"http:\/\/www.celttv.com.ar\/wp-content\/uploads\/2022\/08\/logo-1.png\",\"width\":461,\"height\":159,\"caption\":\"CELTTV\"},\"image\":{\"@id\":\"https:\/\/www.celttv.com.ar\/#\/schema\/logo\/image\/\"}},{\"@type\":\"Person\",\"@id\":\"https:\/\/www.celttv.com.ar\/#\/schema\/person\/6d99c072dba59953809c81446e9d0ace\",\"name\":\"ulises\",\"image\":{\"@type\":\"ImageObject\",\"inLanguage\":\"es\",\"@id\":\"https:\/\/www.celttv.com.ar\/#\/schema\/person\/image\/\",\"url\":\"https:\/\/secure.gravatar.com\/avatar\/7f2c48bdc33b30088f941fb6082e555f2874c98e20cb159d7b92b50eadfce793?s=96&d=mm&r=g\",\"contentUrl\":\"https:\/\/secure.gravatar.com\/avatar\/7f2c48bdc33b30088f941fb6082e555f2874c98e20cb159d7b92b50eadfce793?s=96&d=mm&r=g\",\"caption\":\"ulises\"},\"sameAs\":[\"http:\/\/www.celttv.com.ar\"]}]}<\/script>\n<!-- \/ Yoast SEO plugin. -->","yoast_head_json":{"title":"Se cumplen 68 a\u00f1os de la muerte de Eva Duarte de Per\u00f3n - CELTTV","description":"Sitio web de noticias de la localidad de Tornquist, provincia de Buenos Aires, Rep\u00fablica Argentina. Contenido propio originado por periodistas de CELTTV, el canal de TV local de la Cooperativa El\u00e9ctrica de Tornquist. Turismo, Pol\u00edtica, Sociedad, Deporte, Cultura y todo el contenido de inter\u00e9s general que la gente del pueblo y la regi\u00f3n debe conocer.","robots":{"index":"index","follow":"follow","max-snippet":"max-snippet:-1","max-image-preview":"max-image-preview:large","max-video-preview":"max-video-preview:-1"},"canonical":"https:\/\/www.celttv.com.ar\/index.php\/2020\/07\/26\/se-cumplen-68-anos-de-la-muerte-de-eva-duarte-de-peron\/","og_locale":"es_ES","og_type":"article","og_title":"Se cumplen 68 a\u00f1os de la muerte de Eva Duarte de Per\u00f3n - CELTTV","og_description":"Sitio web de noticias de la localidad de Tornquist, provincia de Buenos Aires, Rep\u00fablica Argentina. Contenido propio originado por periodistas de CELTTV, el canal de TV local de la Cooperativa El\u00e9ctrica de Tornquist. Turismo, Pol\u00edtica, Sociedad, Deporte, Cultura y todo el contenido de inter\u00e9s general que la gente del pueblo y la regi\u00f3n debe conocer.","og_url":"https:\/\/www.celttv.com.ar\/index.php\/2020\/07\/26\/se-cumplen-68-anos-de-la-muerte-de-eva-duarte-de-peron\/","og_site_name":"CELTTV","article_publisher":"https:\/\/www.facebook.com\/celtTV\/","article_published_time":"2020-07-26T16:52:26+00:00","og_image":[{"width":989,"height":673,"url":"https:\/\/www.celttv.com.ar\/wp-content\/uploads\/2020\/07\/5f1c588dc9ce2_1004x895-1.jpg","type":"image\/jpeg"}],"author":"ulises","twitter_card":"summary_large_image","twitter_misc":{"Escrito por":"ulises","Tiempo de lectura":"1 minuto"},"schema":{"@context":"https:\/\/schema.org","@graph":[{"@type":"NewsArticle","@id":"https:\/\/www.celttv.com.ar\/index.php\/2020\/07\/26\/se-cumplen-68-anos-de-la-muerte-de-eva-duarte-de-peron\/#article","isPartOf":{"@id":"https:\/\/www.celttv.com.ar\/index.php\/2020\/07\/26\/se-cumplen-68-anos-de-la-muerte-de-eva-duarte-de-peron\/"},"author":{"name":"ulises","@id":"https:\/\/www.celttv.com.ar\/#\/schema\/person\/6d99c072dba59953809c81446e9d0ace"},"headline":"Se cumplen 68 a\u00f1os de la muerte de Eva Duarte de Per\u00f3n","datePublished":"2020-07-26T16:52:26+00:00","dateModified":"2020-07-26T16:52:26+00:00","mainEntityOfPage":{"@id":"https:\/\/www.celttv.com.ar\/index.php\/2020\/07\/26\/se-cumplen-68-anos-de-la-muerte-de-eva-duarte-de-peron\/"},"wordCount":202,"publisher":{"@id":"https:\/\/www.celttv.com.ar\/#organization"},"articleSection":["Celt TV Noticias","Comunidad","Destacadas","Pol\u00edtica"],"inLanguage":"es"},{"@type":"WebPage","@id":"https:\/\/www.celttv.com.ar\/index.php\/2020\/07\/26\/se-cumplen-68-anos-de-la-muerte-de-eva-duarte-de-peron\/","url":"https:\/\/www.celttv.com.ar\/index.php\/2020\/07\/26\/se-cumplen-68-anos-de-la-muerte-de-eva-duarte-de-peron\/","name":"Se cumplen 68 a\u00f1os de la muerte de Eva Duarte de Per\u00f3n - CELTTV","isPartOf":{"@id":"https:\/\/www.celttv.com.ar\/#website"},"datePublished":"2020-07-26T16:52:26+00:00","dateModified":"2020-07-26T16:52:26+00:00","description":"Sitio web de noticias de la localidad de Tornquist, provincia de Buenos Aires, Rep\u00fablica Argentina. Contenido propio originado por periodistas de CELTTV, el canal de TV local de la Cooperativa El\u00e9ctrica de Tornquist. Turismo, Pol\u00edtica, Sociedad, Deporte, Cultura y todo el contenido de inter\u00e9s general que la gente del pueblo y la regi\u00f3n debe conocer.","breadcrumb":{"@id":"https:\/\/www.celttv.com.ar\/index.php\/2020\/07\/26\/se-cumplen-68-anos-de-la-muerte-de-eva-duarte-de-peron\/#breadcrumb"},"inLanguage":"es","potentialAction":[{"@type":"ReadAction","target":["https:\/\/www.celttv.com.ar\/index.php\/2020\/07\/26\/se-cumplen-68-anos-de-la-muerte-de-eva-duarte-de-peron\/"]}]},{"@type":"BreadcrumbList","@id":"https:\/\/www.celttv.com.ar\/index.php\/2020\/07\/26\/se-cumplen-68-anos-de-la-muerte-de-eva-duarte-de-peron\/#breadcrumb","itemListElement":[{"@type":"ListItem","position":1,"name":"Inicio","item":"https:\/\/www.celttv.com.ar\/"},{"@type":"ListItem","position":2,"name":"Se cumplen 68 a\u00f1os de la muerte de Eva Duarte de Per\u00f3n"}]},{"@type":"WebSite","@id":"https:\/\/www.celttv.com.ar\/#website","url":"https:\/\/www.celttv.com.ar\/","name":"CELTTV","description":"Cooperativa El\u00e9ctrica de Tornquist","publisher":{"@id":"https:\/\/www.celttv.com.ar\/#organization"},"potentialAction":[{"@type":"SearchAction","target":{"@type":"EntryPoint","urlTemplate":"https:\/\/www.celttv.com.ar\/?s={search_term_string}"},"query-input":"required name=search_term_string"}],"inLanguage":"es"},{"@type":"Organization","@id":"https:\/\/www.celttv.com.ar\/#organization","name":"CELTTV","url":"https:\/\/www.celttv.com.ar\/","sameAs":["https:\/\/www.youtube.com\/channel\/UCz_oIt8Hig64Ub-EmcNPIhg","https:\/\/www.facebook.com\/celtTV\/"],"logo":{"@type":"ImageObject","inLanguage":"es","@id":"https:\/\/www.celttv.com.ar\/#\/schema\/logo\/image\/","url":"http:\/\/www.celttv.com.ar\/wp-content\/uploads\/2022\/08\/logo-1.png","contentUrl":"http:\/\/www.celttv.com.ar\/wp-content\/uploads\/2022\/08\/logo-1.png","width":461,"height":159,"caption":"CELTTV"},"image":{"@id":"https:\/\/www.celttv.com.ar\/#\/schema\/logo\/image\/"}},{"@type":"Person","@id":"https:\/\/www.celttv.com.ar\/#\/schema\/person\/6d99c072dba59953809c81446e9d0ace","name":"ulises","image":{"@type":"ImageObject","inLanguage":"es","@id":"https:\/\/www.celttv.com.ar\/#\/schema\/person\/image\/","url":"https:\/\/secure.gravatar.com\/avatar\/7f2c48bdc33b30088f941fb6082e555f2874c98e20cb159d7b92b50eadfce793?s=96&d=mm&r=g","contentUrl":"https:\/\/secure.gravatar.com\/avatar\/7f2c48bdc33b30088f941fb6082e555f2874c98e20cb159d7b92b50eadfce793?s=96&d=mm&r=g","caption":"ulises"},"sameAs":["http:\/\/www.celttv.com.ar"]}]}},"_links":{"self":[{"href":"https:\/\/www.celttv.com.ar\/index.php\/wp-json\/wp\/v2\/posts\/50839","targetHints":{"allow":["GET"]}}],"collection":[{"href":"https:\/\/www.celttv.com.ar\/index.php\/wp-json\/wp\/v2\/posts"}],"about":[{"href":"https:\/\/www.celttv.com.ar\/index.php\/wp-json\/wp\/v2\/types\/post"}],"author":[{"embeddable":true,"href":"https:\/\/www.celttv.com.ar\/index.php\/wp-json\/wp\/v2\/users\/1"}],"replies":[{"embeddable":true,"href":"https:\/\/www.celttv.com.ar\/index.php\/wp-json\/wp\/v2\/comments?post=50839"}],"version-history":[{"count":0,"href":"https:\/\/www.celttv.com.ar\/index.php\/wp-json\/wp\/v2\/posts\/50839\/revisions"}],"wp:featuredmedia":[{"embeddable":true,"href":"https:\/\/www.celttv.com.ar\/index.php\/wp-json\/wp\/v2\/media\/50842"}],"wp:attachment":[{"href":"https:\/\/www.celttv.com.ar\/index.php\/wp-json\/wp\/v2\/media?parent=50839"}],"wp:term":[{"taxonomy":"category","embeddable":true,"href":"https:\/\/www.celttv.com.ar\/index.php\/wp-json\/wp\/v2\/categories?post=50839"},{"taxonomy":"post_tag","embeddable":true,"href":"https:\/\/www.celttv.com.ar\/index.php\/wp-json\/wp\/v2\/tags?post=50839"}],"curies":[{"name":"wp","href":"https:\/\/api.w.org\/{rel}","templated":true}]}}