{"id":50853,"date":"2020-07-27T21:23:10","date_gmt":"2020-07-27T21:23:10","guid":{"rendered":"http:\/\/www.celttv.com.ar\/?p=50853"},"modified":"2020-07-27T21:23:10","modified_gmt":"2020-07-27T21:23:10","slug":"taller-virtual-programa-pyme-productivo-primera-exportacion","status":"publish","type":"post","link":"https:\/\/www.celttv.com.ar\/index.php\/2020\/07\/27\/taller-virtual-programa-pyme-productivo-primera-exportacion\/","title":{"rendered":"Taller virtual \u201cPrograma PyME Productivo Primera Exportaci\u00f3n"},"content":{"rendered":"<p style=\"font-weight: 400;\">La Gerencia de\u00a0<strong>Coordinaci\u00f3n de Consejos Consultivos<\/strong>\u00a0junto a la Gerencia de Comercio Exterior del\u00a0<strong>Banco de la Provincia de Buenos Aires<\/strong>, organizan el primer taller virtual del\u00a0<strong>\u201cPrograma PyME Productivo Primera Exportaci\u00f3n\u201d, el mismo\u00a0<\/strong>se llevar\u00e1 a cabo los d\u00edas\u00a0<u>3, 4, 5 y 6 del mes de Agosto de 2020 de\u00a0<strong>10:00 a 11:00 horas<\/strong><\/u>.<\/p>\n<p>&nbsp;<\/p>\n<p>Se adjunta el flyer del mencionado Programa.<\/p>\n<p>&nbsp;<\/p>\n<p>La participaci\u00f3n es gratuita. Las inscripciones pueden realizarse por mail a\u00a0<a href=\"mailto:miprimeraexportaci%C3%B3n@bpba.com.ar\">miprimeraexportaci\u00f3n@bpba.com.ar<\/a>; o ingresando en el sitio web del Banco Provincia de Buenos Aires (<a href=\"https:\/\/www.bancoprovincia.com.ar\/comercio_exterior\/comex_exportacion\" data-saferedirecturl=\"https:\/\/www.google.com\/url?q=https:\/\/www.bancoprovincia.com.ar\/comercio_exterior\/comex_exportacion&amp;source=gmail&amp;ust=1595970827347000&amp;usg=AFQjCNGWbVQ8eyIlLtilu2CrcmtLrzeISQ\">https:\/\/www.bancoprovincia.com.ar\/comercio_exterior\/comex_exportacion<\/a>), donde encontrar\u00e1 m\u00e1s informaci\u00f3n acerca del citado Programa.<\/p>\n<p>&nbsp;<\/p>\n<p>Quedando a vuestra disposici\u00f3n por cualquier consulta, hacemos propicia la oportunidad para saludar a usted muy cordialmente.<\/p>\n<p><a href=\"http:\/\/www.celttv.com.ar\/?attachment_id=50855\" rel=\"attachment wp-att-50855\"><img loading=\"lazy\" decoding=\"async\" class=\"alignleft size-full wp-image-50855\" src=\"http:\/\/www.celttv.com.ar\/wp-content\/uploads\/2020\/07\/unnamed-1.jpg\" alt=\"\" width=\"484\" height=\"1265\" srcset=\"https:\/\/www.celttv.com.ar\/wp-content\/uploads\/2020\/07\/unnamed-1.jpg 484w, https:\/\/www.celttv.com.ar\/wp-content\/uploads\/2020\/07\/unnamed-1-115x300.jpg 115w, https:\/\/www.celttv.com.ar\/wp-content\/uploads\/2020\/07\/unnamed-1-392x1024.jpg 392w\" sizes=\"auto, (max-width: 484px) 100vw, 484px\" \/><\/a><\/p>\n","protected":false},"excerpt":{"rendered":"<p>La Gerencia de\u00a0Coordinaci\u00f3n de Consejos Consultivos\u00a0junto a la Gerencia de Comercio Exterior del\u00a0Banco de la Provincia de Buenos Aires, organizan el primer taller virtual del\u00a0\u201cPrograma PyME Productivo Primera Exportaci\u00f3n\u201d, el mismo\u00a0se llevar\u00e1 a cabo los d\u00edas\u00a03, 4, 5 y 6 del mes de Agosto de 2020 de\u00a010:00 a 11:00 horas. &nbsp; Se adjunta el flyer [&hellip;]<\/p>\n","protected":false},"author":1,"featured_media":50855,"comment_status":"closed","ping_status":"open","sticky":false,"template":"","format":"standard","meta":{"footnotes":""},"categories":[51,52],"tags":[],"class_list":["post-50853","post","type-post","status-publish","format-standard","has-post-thumbnail","hentry","category-comunidad","category-destacadas"],"yoast_head":"<!-- This site is optimized with the Yoast SEO plugin v19.7.1 - https:\/\/yoast.com\/wordpress\/plugins\/seo\/ -->\n<title>Taller virtual \u201cPrograma PyME Productivo Primera Exportaci\u00f3n - CELTTV<\/title>\n<meta name=\"description\" content=\"Sitio web de noticias de la localidad de Tornquist, provincia de Buenos Aires, Rep\u00fablica Argentina. Contenido propio originado por periodistas de CELTTV, el canal de TV local de la Cooperativa El\u00e9ctrica de Tornquist. Turismo, Pol\u00edtica, Sociedad, Deporte, Cultura y todo el contenido de inter\u00e9s general que la gente del pueblo y la regi\u00f3n debe conocer.\" \/>\n<meta name=\"robots\" content=\"index, follow, max-snippet:-1, max-image-preview:large, max-video-preview:-1\" \/>\n<link rel=\"canonical\" href=\"https:\/\/www.celttv.com.ar\/index.php\/2020\/07\/27\/taller-virtual-programa-pyme-productivo-primera-exportacion\/\" \/>\n<meta property=\"og:locale\" content=\"es_ES\" \/>\n<meta property=\"og:type\" content=\"article\" \/>\n<meta property=\"og:title\" content=\"Taller virtual \u201cPrograma PyME Productivo Primera Exportaci\u00f3n - CELTTV\" \/>\n<meta property=\"og:description\" content=\"Sitio web de noticias de la localidad de Tornquist, provincia de Buenos Aires, Rep\u00fablica Argentina. Contenido propio originado por periodistas de CELTTV, el canal de TV local de la Cooperativa El\u00e9ctrica de Tornquist. Turismo, Pol\u00edtica, Sociedad, Deporte, Cultura y todo el contenido de inter\u00e9s general que la gente del pueblo y la regi\u00f3n debe conocer.\" \/>\n<meta property=\"og:url\" content=\"https:\/\/www.celttv.com.ar\/index.php\/2020\/07\/27\/taller-virtual-programa-pyme-productivo-primera-exportacion\/\" \/>\n<meta property=\"og:site_name\" content=\"CELTTV\" \/>\n<meta property=\"article:publisher\" content=\"https:\/\/www.facebook.com\/celtTV\/\" \/>\n<meta property=\"article:published_time\" content=\"2020-07-27T21:23:10+00:00\" \/>\n<meta property=\"og:image\" content=\"https:\/\/www.celttv.com.ar\/wp-content\/uploads\/2020\/07\/unnamed-1.jpg\" \/>\n\t<meta property=\"og:image:width\" content=\"484\" \/>\n\t<meta property=\"og:image:height\" content=\"1265\" \/>\n\t<meta property=\"og:image:type\" content=\"image\/jpeg\" \/>\n<meta name=\"author\" content=\"ulises\" \/>\n<meta name=\"twitter:card\" content=\"summary_large_image\" \/>\n<meta name=\"twitter:label1\" content=\"Escrito por\" \/>\n\t<meta name=\"twitter:data1\" content=\"ulises\" \/>\n\t<meta name=\"twitter:label2\" content=\"Tiempo de lectura\" \/>\n\t<meta name=\"twitter:data2\" content=\"1 minuto\" \/>\n<script type=\"application\/ld+json\" class=\"yoast-schema-graph\">{\"@context\":\"https:\/\/schema.org\",\"@graph\":[{\"@type\":\"NewsArticle\",\"@id\":\"https:\/\/www.celttv.com.ar\/index.php\/2020\/07\/27\/taller-virtual-programa-pyme-productivo-primera-exportacion\/#article\",\"isPartOf\":{\"@id\":\"https:\/\/www.celttv.com.ar\/index.php\/2020\/07\/27\/taller-virtual-programa-pyme-productivo-primera-exportacion\/\"},\"author\":{\"name\":\"ulises\",\"@id\":\"https:\/\/www.celttv.com.ar\/#\/schema\/person\/6d99c072dba59953809c81446e9d0ace\"},\"headline\":\"Taller virtual \u201cPrograma PyME Productivo Primera Exportaci\u00f3n\",\"datePublished\":\"2020-07-27T21:23:10+00:00\",\"dateModified\":\"2020-07-27T21:23:10+00:00\",\"mainEntityOfPage\":{\"@id\":\"https:\/\/www.celttv.com.ar\/index.php\/2020\/07\/27\/taller-virtual-programa-pyme-productivo-primera-exportacion\/\"},\"wordCount\":137,\"publisher\":{\"@id\":\"https:\/\/www.celttv.com.ar\/#organization\"},\"articleSection\":[\"Comunidad\",\"Destacadas\"],\"inLanguage\":\"es\"},{\"@type\":\"WebPage\",\"@id\":\"https:\/\/www.celttv.com.ar\/index.php\/2020\/07\/27\/taller-virtual-programa-pyme-productivo-primera-exportacion\/\",\"url\":\"https:\/\/www.celttv.com.ar\/index.php\/2020\/07\/27\/taller-virtual-programa-pyme-productivo-primera-exportacion\/\",\"name\":\"Taller virtual \u201cPrograma PyME Productivo Primera Exportaci\u00f3n - CELTTV\",\"isPartOf\":{\"@id\":\"https:\/\/www.celttv.com.ar\/#website\"},\"datePublished\":\"2020-07-27T21:23:10+00:00\",\"dateModified\":\"2020-07-27T21:23:10+00:00\",\"description\":\"Sitio web de noticias de la localidad de Tornquist, provincia de Buenos Aires, Rep\u00fablica Argentina. Contenido propio originado por periodistas de CELTTV, el canal de TV local de la Cooperativa El\u00e9ctrica de Tornquist. Turismo, Pol\u00edtica, Sociedad, Deporte, Cultura y todo el contenido de inter\u00e9s general que la gente del pueblo y la regi\u00f3n debe conocer.\",\"breadcrumb\":{\"@id\":\"https:\/\/www.celttv.com.ar\/index.php\/2020\/07\/27\/taller-virtual-programa-pyme-productivo-primera-exportacion\/#breadcrumb\"},\"inLanguage\":\"es\",\"potentialAction\":[{\"@type\":\"ReadAction\",\"target\":[\"https:\/\/www.celttv.com.ar\/index.php\/2020\/07\/27\/taller-virtual-programa-pyme-productivo-primera-exportacion\/\"]}]},{\"@type\":\"BreadcrumbList\",\"@id\":\"https:\/\/www.celttv.com.ar\/index.php\/2020\/07\/27\/taller-virtual-programa-pyme-productivo-primera-exportacion\/#breadcrumb\",\"itemListElement\":[{\"@type\":\"ListItem\",\"position\":1,\"name\":\"Inicio\",\"item\":\"https:\/\/www.celttv.com.ar\/\"},{\"@type\":\"ListItem\",\"position\":2,\"name\":\"Taller virtual \u201cPrograma PyME Productivo Primera Exportaci\u00f3n\"}]},{\"@type\":\"WebSite\",\"@id\":\"https:\/\/www.celttv.com.ar\/#website\",\"url\":\"https:\/\/www.celttv.com.ar\/\",\"name\":\"CELTTV\",\"description\":\"Cooperativa El\u00e9ctrica de Tornquist\",\"publisher\":{\"@id\":\"https:\/\/www.celttv.com.ar\/#organization\"},\"potentialAction\":[{\"@type\":\"SearchAction\",\"target\":{\"@type\":\"EntryPoint\",\"urlTemplate\":\"https:\/\/www.celttv.com.ar\/?s={search_term_string}\"},\"query-input\":\"required name=search_term_string\"}],\"inLanguage\":\"es\"},{\"@type\":\"Organization\",\"@id\":\"https:\/\/www.celttv.com.ar\/#organization\",\"name\":\"CELTTV\",\"url\":\"https:\/\/www.celttv.com.ar\/\",\"sameAs\":[\"https:\/\/www.youtube.com\/channel\/UCz_oIt8Hig64Ub-EmcNPIhg\",\"https:\/\/www.facebook.com\/celtTV\/\"],\"logo\":{\"@type\":\"ImageObject\",\"inLanguage\":\"es\",\"@id\":\"https:\/\/www.celttv.com.ar\/#\/schema\/logo\/image\/\",\"url\":\"http:\/\/www.celttv.com.ar\/wp-content\/uploads\/2022\/08\/logo-1.png\",\"contentUrl\":\"http:\/\/www.celttv.com.ar\/wp-content\/uploads\/2022\/08\/logo-1.png\",\"width\":461,\"height\":159,\"caption\":\"CELTTV\"},\"image\":{\"@id\":\"https:\/\/www.celttv.com.ar\/#\/schema\/logo\/image\/\"}},{\"@type\":\"Person\",\"@id\":\"https:\/\/www.celttv.com.ar\/#\/schema\/person\/6d99c072dba59953809c81446e9d0ace\",\"name\":\"ulises\",\"image\":{\"@type\":\"ImageObject\",\"inLanguage\":\"es\",\"@id\":\"https:\/\/www.celttv.com.ar\/#\/schema\/person\/image\/\",\"url\":\"https:\/\/secure.gravatar.com\/avatar\/7f2c48bdc33b30088f941fb6082e555f2874c98e20cb159d7b92b50eadfce793?s=96&d=mm&r=g\",\"contentUrl\":\"https:\/\/secure.gravatar.com\/avatar\/7f2c48bdc33b30088f941fb6082e555f2874c98e20cb159d7b92b50eadfce793?s=96&d=mm&r=g\",\"caption\":\"ulises\"},\"sameAs\":[\"http:\/\/www.celttv.com.ar\"]}]}<\/script>\n<!-- \/ Yoast SEO plugin. -->","yoast_head_json":{"title":"Taller virtual \u201cPrograma PyME Productivo Primera Exportaci\u00f3n - CELTTV","description":"Sitio web de noticias de la localidad de Tornquist, provincia de Buenos Aires, Rep\u00fablica Argentina. Contenido propio originado por periodistas de CELTTV, el canal de TV local de la Cooperativa El\u00e9ctrica de Tornquist. Turismo, Pol\u00edtica, Sociedad, Deporte, Cultura y todo el contenido de inter\u00e9s general que la gente del pueblo y la regi\u00f3n debe conocer.","robots":{"index":"index","follow":"follow","max-snippet":"max-snippet:-1","max-image-preview":"max-image-preview:large","max-video-preview":"max-video-preview:-1"},"canonical":"https:\/\/www.celttv.com.ar\/index.php\/2020\/07\/27\/taller-virtual-programa-pyme-productivo-primera-exportacion\/","og_locale":"es_ES","og_type":"article","og_title":"Taller virtual \u201cPrograma PyME Productivo Primera Exportaci\u00f3n - CELTTV","og_description":"Sitio web de noticias de la localidad de Tornquist, provincia de Buenos Aires, Rep\u00fablica Argentina. Contenido propio originado por periodistas de CELTTV, el canal de TV local de la Cooperativa El\u00e9ctrica de Tornquist. Turismo, Pol\u00edtica, Sociedad, Deporte, Cultura y todo el contenido de inter\u00e9s general que la gente del pueblo y la regi\u00f3n debe conocer.","og_url":"https:\/\/www.celttv.com.ar\/index.php\/2020\/07\/27\/taller-virtual-programa-pyme-productivo-primera-exportacion\/","og_site_name":"CELTTV","article_publisher":"https:\/\/www.facebook.com\/celtTV\/","article_published_time":"2020-07-27T21:23:10+00:00","og_image":[{"width":484,"height":1265,"url":"https:\/\/www.celttv.com.ar\/wp-content\/uploads\/2020\/07\/unnamed-1.jpg","type":"image\/jpeg"}],"author":"ulises","twitter_card":"summary_large_image","twitter_misc":{"Escrito por":"ulises","Tiempo de lectura":"1 minuto"},"schema":{"@context":"https:\/\/schema.org","@graph":[{"@type":"NewsArticle","@id":"https:\/\/www.celttv.com.ar\/index.php\/2020\/07\/27\/taller-virtual-programa-pyme-productivo-primera-exportacion\/#article","isPartOf":{"@id":"https:\/\/www.celttv.com.ar\/index.php\/2020\/07\/27\/taller-virtual-programa-pyme-productivo-primera-exportacion\/"},"author":{"name":"ulises","@id":"https:\/\/www.celttv.com.ar\/#\/schema\/person\/6d99c072dba59953809c81446e9d0ace"},"headline":"Taller virtual \u201cPrograma PyME Productivo Primera Exportaci\u00f3n","datePublished":"2020-07-27T21:23:10+00:00","dateModified":"2020-07-27T21:23:10+00:00","mainEntityOfPage":{"@id":"https:\/\/www.celttv.com.ar\/index.php\/2020\/07\/27\/taller-virtual-programa-pyme-productivo-primera-exportacion\/"},"wordCount":137,"publisher":{"@id":"https:\/\/www.celttv.com.ar\/#organization"},"articleSection":["Comunidad","Destacadas"],"inLanguage":"es"},{"@type":"WebPage","@id":"https:\/\/www.celttv.com.ar\/index.php\/2020\/07\/27\/taller-virtual-programa-pyme-productivo-primera-exportacion\/","url":"https:\/\/www.celttv.com.ar\/index.php\/2020\/07\/27\/taller-virtual-programa-pyme-productivo-primera-exportacion\/","name":"Taller virtual \u201cPrograma PyME Productivo Primera Exportaci\u00f3n - CELTTV","isPartOf":{"@id":"https:\/\/www.celttv.com.ar\/#website"},"datePublished":"2020-07-27T21:23:10+00:00","dateModified":"2020-07-27T21:23:10+00:00","description":"Sitio web de noticias de la localidad de Tornquist, provincia de Buenos Aires, Rep\u00fablica Argentina. Contenido propio originado por periodistas de CELTTV, el canal de TV local de la Cooperativa El\u00e9ctrica de Tornquist. Turismo, Pol\u00edtica, Sociedad, Deporte, Cultura y todo el contenido de inter\u00e9s general que la gente del pueblo y la regi\u00f3n debe conocer.","breadcrumb":{"@id":"https:\/\/www.celttv.com.ar\/index.php\/2020\/07\/27\/taller-virtual-programa-pyme-productivo-primera-exportacion\/#breadcrumb"},"inLanguage":"es","potentialAction":[{"@type":"ReadAction","target":["https:\/\/www.celttv.com.ar\/index.php\/2020\/07\/27\/taller-virtual-programa-pyme-productivo-primera-exportacion\/"]}]},{"@type":"BreadcrumbList","@id":"https:\/\/www.celttv.com.ar\/index.php\/2020\/07\/27\/taller-virtual-programa-pyme-productivo-primera-exportacion\/#breadcrumb","itemListElement":[{"@type":"ListItem","position":1,"name":"Inicio","item":"https:\/\/www.celttv.com.ar\/"},{"@type":"ListItem","position":2,"name":"Taller virtual \u201cPrograma PyME Productivo Primera Exportaci\u00f3n"}]},{"@type":"WebSite","@id":"https:\/\/www.celttv.com.ar\/#website","url":"https:\/\/www.celttv.com.ar\/","name":"CELTTV","description":"Cooperativa El\u00e9ctrica de Tornquist","publisher":{"@id":"https:\/\/www.celttv.com.ar\/#organization"},"potentialAction":[{"@type":"SearchAction","target":{"@type":"EntryPoint","urlTemplate":"https:\/\/www.celttv.com.ar\/?s={search_term_string}"},"query-input":"required name=search_term_string"}],"inLanguage":"es"},{"@type":"Organization","@id":"https:\/\/www.celttv.com.ar\/#organization","name":"CELTTV","url":"https:\/\/www.celttv.com.ar\/","sameAs":["https:\/\/www.youtube.com\/channel\/UCz_oIt8Hig64Ub-EmcNPIhg","https:\/\/www.facebook.com\/celtTV\/"],"logo":{"@type":"ImageObject","inLanguage":"es","@id":"https:\/\/www.celttv.com.ar\/#\/schema\/logo\/image\/","url":"http:\/\/www.celttv.com.ar\/wp-content\/uploads\/2022\/08\/logo-1.png","contentUrl":"http:\/\/www.celttv.com.ar\/wp-content\/uploads\/2022\/08\/logo-1.png","width":461,"height":159,"caption":"CELTTV"},"image":{"@id":"https:\/\/www.celttv.com.ar\/#\/schema\/logo\/image\/"}},{"@type":"Person","@id":"https:\/\/www.celttv.com.ar\/#\/schema\/person\/6d99c072dba59953809c81446e9d0ace","name":"ulises","image":{"@type":"ImageObject","inLanguage":"es","@id":"https:\/\/www.celttv.com.ar\/#\/schema\/person\/image\/","url":"https:\/\/secure.gravatar.com\/avatar\/7f2c48bdc33b30088f941fb6082e555f2874c98e20cb159d7b92b50eadfce793?s=96&d=mm&r=g","contentUrl":"https:\/\/secure.gravatar.com\/avatar\/7f2c48bdc33b30088f941fb6082e555f2874c98e20cb159d7b92b50eadfce793?s=96&d=mm&r=g","caption":"ulises"},"sameAs":["http:\/\/www.celttv.com.ar"]}]}},"_links":{"self":[{"href":"https:\/\/www.celttv.com.ar\/index.php\/wp-json\/wp\/v2\/posts\/50853","targetHints":{"allow":["GET"]}}],"collection":[{"href":"https:\/\/www.celttv.com.ar\/index.php\/wp-json\/wp\/v2\/posts"}],"about":[{"href":"https:\/\/www.celttv.com.ar\/index.php\/wp-json\/wp\/v2\/types\/post"}],"author":[{"embeddable":true,"href":"https:\/\/www.celttv.com.ar\/index.php\/wp-json\/wp\/v2\/users\/1"}],"replies":[{"embeddable":true,"href":"https:\/\/www.celttv.com.ar\/index.php\/wp-json\/wp\/v2\/comments?post=50853"}],"version-history":[{"count":0,"href":"https:\/\/www.celttv.com.ar\/index.php\/wp-json\/wp\/v2\/posts\/50853\/revisions"}],"wp:featuredmedia":[{"embeddable":true,"href":"https:\/\/www.celttv.com.ar\/index.php\/wp-json\/wp\/v2\/media\/50855"}],"wp:attachment":[{"href":"https:\/\/www.celttv.com.ar\/index.php\/wp-json\/wp\/v2\/media?parent=50853"}],"wp:term":[{"taxonomy":"category","embeddable":true,"href":"https:\/\/www.celttv.com.ar\/index.php\/wp-json\/wp\/v2\/categories?post=50853"},{"taxonomy":"post_tag","embeddable":true,"href":"https:\/\/www.celttv.com.ar\/index.php\/wp-json\/wp\/v2\/tags?post=50853"}],"curies":[{"name":"wp","href":"https:\/\/api.w.org\/{rel}","templated":true}]}}