{"id":50858,"date":"2020-07-27T21:36:08","date_gmt":"2020-07-27T21:36:08","guid":{"rendered":"http:\/\/www.celttv.com.ar\/?p=50858"},"modified":"2020-07-27T21:36:08","modified_gmt":"2020-07-27T21:36:08","slug":"50858","status":"publish","type":"post","link":"https:\/\/www.celttv.com.ar\/index.php\/2020\/07\/27\/50858\/","title":{"rendered":"DENUNCIA POR ROBO Y ALLANAMIENTOS CON RESULTADOS POSITIVOS"},"content":{"rendered":"<p>La Secretaria de Seguridad de la Municipalidad de Tornquist lleva a conocimiento de la poblaci\u00f3n que con fecha 15 de Julio del corriente, en la Sub Estaci\u00f3n de Policia de Seguridad Comunal de Saldungaray se recibi\u00f3 una denuncia penal por el delito de ROBO, en perjuicio de la ciudadana CARINA ALEJANDRA DI CARO, propietaria de la finca ubicada \u00a0en Calle Cuatro Picos esquina Donado de Saldungaray, por lo que autores ignorados previo\u00a0 violentar una ventana de una habitaci\u00f3n, sustraen del interior electrodom\u00e9sticos varios, prendas de vestir varias, elementos de cocina, y dem\u00e1s elementos, d\u00e1ndose intervenci\u00f3n a la Ayudant\u00eda Fiscal de Tornquist. A ra\u00edz de ello, personal policial de dicha localidad, tras realizar tareas investigativas y acorde a las declaraciones testimoniales vertidas en la causa se logra obtener medios de prueba suficientes incriminatorias respecto a los autores del il\u00edcito, solicitando las respectivas \u00f3rdenes de Allanamientos al magistrado interviniente, librando las \u00f3rdenes judiciales el Juzgado de Paz Letrado de Tornquist con fecha 24 del corriente, para con los domicilios emplazados en Calle Juan B. Gil Nro. 654, lugar de residencia de los j\u00f3venes CONSTANTINO MOIS\u00c9S y NAVARRO MIGUEL, y de calle Pellegrini S\/N entre Calles Victoria y San Nicol\u00e1s, donde se domicilia el mentado NAVARRO MIGUEL, arrojando las diligencias resultados POSITIVOS, secuestr\u00e1ndose gran parte de los elementos denunciados como sustra\u00eddos. No obstante a ello, se continu\u00f3 con las tareas investigativas del hecho logrando dar con parte de los efectos sustra\u00eddos sobre la vera del Rio Sauce Grande mediante rastrillaje sobre las inmediaciones del lugar, se lograencontrar el resto de los elementos sustra\u00eddos, recuper\u00e1ndose as\u00ed la totalidad del bot\u00edn previamente\u00a0 robados en la vivienda de la Sra. Di Caro.-<\/p>\n<p>&nbsp;<\/p>\n<p><strong><u>OPERATIVOS VEHICULARES SIMULTANEOS EN EL PARTIDO<\/u><\/strong><\/p>\n<p>&nbsp;<\/p>\n<p>Asimismo se informa que con fecha 25 del corriente, se efectuaron Operativos de Interceptaci\u00f3n Vehicular e Identificaci\u00f3n de Personas Simult\u00e1neos en el distrito de Tornquist, siguiendo de esta manera con la l\u00ednea de trabajo impartida por el Comisario Mayor Aldo Caminada, Jefe de la Superintendencia de Regi\u00f3n Interior Sur, de cuyos operativos se labraron infracciones y se produjeron secuestros de rodados por Infracciones a<\/p>\n<p><strong><u>DENUNCIA POR ROBO Y ALLANAMIENTOS CON RESULTADOS POSITIVOS<\/u><\/strong><\/p>\n<p><strong><u>\u00a0<\/u><\/strong><\/p>\n<p>La Secretaria de Seguridad de la Municipalidad de Tornquist lleva a conocimiento de la poblaci\u00f3n que con fecha 15 de Julio del corriente, en la Sub Estaci\u00f3n de Policia de Seguridad Comunal de Saldungaray se recibi\u00f3 una denuncia penal por el delito de ROBO, en perjuicio de la ciudadana CARINA ALEJANDRA DI CARO, propietaria de la finca ubicada \u00a0en Calle Cuatro Picos esquina Donado de Saldungaray, por lo que autores ignorados previo\u00a0 violentar una ventana de una habitaci\u00f3n, sustraen del interior electrodom\u00e9sticos varios, prendas de vestir varias, elementos de cocina, y dem\u00e1s elementos, d\u00e1ndose intervenci\u00f3n a la Ayudant\u00eda Fiscal de Tornquist. A ra\u00edz de ello, personal policial de dicha localidad, tras realizar tareas investigativas y acorde a las declaraciones testimoniales vertidas en la causa se logra obtener medios de prueba suficientes incriminatorias respecto a los autores del il\u00edcito, solicitando las respectivas \u00f3rdenes de Allanamientos al magistrado interviniente, librando las \u00f3rdenes judiciales el Juzgado de Paz Letrado de Tornquist con fecha 24 del corriente, para con los domicilios emplazados en Calle Juan B. Gil Nro. 654, lugar de residencia de los j\u00f3venes CONSTANTINO MOIS\u00c9S y NAVARRO MIGUEL, y de calle Pellegrini S\/N entre Calles Victoria y San Nicol\u00e1s, donde se domicilia el mentado NAVARRO MIGUEL, arrojando las diligencias resultados POSITIVOS, secuestr\u00e1ndose gran parte de los elementos denunciados como sustra\u00eddos. No obstante a ello, se continu\u00f3 con las tareas investigativas del hecho logrando dar con parte de los efectos sustra\u00eddos sobre la vera del Rio Sauce Grande mediante rastrillaje sobre las inmediaciones del lugar, se lograencontrar el resto de los elementos sustra\u00eddos, recuper\u00e1ndose as\u00ed la totalidad del bot\u00edn previamente\u00a0 robados en la vivienda de la Sra. Di Caro.-<\/p>\n<p><a href=\"http:\/\/www.celttv.com.ar\/?attachment_id=50859\" rel=\"attachment wp-att-50859\"><img loading=\"lazy\" decoding=\"async\" class=\"alignleft size-full wp-image-50859\" src=\"http:\/\/www.celttv.com.ar\/wp-content\/uploads\/2020\/07\/afanos-2.jpg\" alt=\"\" width=\"531\" height=\"408\" srcset=\"https:\/\/www.celttv.com.ar\/wp-content\/uploads\/2020\/07\/afanos-2.jpg 531w, https:\/\/www.celttv.com.ar\/wp-content\/uploads\/2020\/07\/afanos-2-300x231.jpg 300w\" sizes=\"auto, (max-width: 531px) 100vw, 531px\" \/><\/a> <a href=\"http:\/\/www.celttv.com.ar\/?attachment_id=50860\" rel=\"attachment wp-att-50860\"><img loading=\"lazy\" decoding=\"async\" class=\"alignleft size-medium wp-image-50860\" src=\"http:\/\/www.celttv.com.ar\/wp-content\/uploads\/2020\/07\/afanos-1.jpg\" alt=\"\" width=\"504\" height=\"292\" srcset=\"https:\/\/www.celttv.com.ar\/wp-content\/uploads\/2020\/07\/afanos-1.jpg 504w, https:\/\/www.celttv.com.ar\/wp-content\/uploads\/2020\/07\/afanos-1-300x174.jpg 300w\" sizes=\"auto, (max-width: 504px) 100vw, 504px\" \/><\/a><\/p>\n<p>&nbsp;<\/p>\n<p>&nbsp;<\/p>\n<p>&nbsp;<\/p>\n<p>&nbsp;<\/p>\n<p>&nbsp;<\/p>\n<p>&nbsp;<\/p>\n<p>&nbsp;<\/p>\n<p>&nbsp;<\/p>\n<p>&nbsp;<\/p>\n<p>&nbsp;<\/p>\n<p>&nbsp;<\/p>\n<p>&nbsp;<\/p>\n<p>&nbsp;<\/p>\n<p>&nbsp;<\/p>\n<p>&nbsp;<\/p>\n<p>&nbsp;<\/p>\n<p>&nbsp;<\/p>\n<p>&nbsp;<\/p>\n<p>&nbsp;<\/p>\n<p>&nbsp;<\/p>\n<p><strong><u>OPERATIVOS VEHICULARES SIMULTANEOS EN EL PARTIDO<\/u><\/strong><\/p>\n<p>Asimismo se informa que con fecha 25 del corriente, se efectuaron Operativos de Interceptaci\u00f3n Vehicular e Identificaci\u00f3n de Personas Simult\u00e1neos en el distrito de Tornquist, siguiendo de esta manera con la l\u00ednea de trabajo impartida por el Comisario Mayor Aldo Caminada, Jefe de la Superintendencia de Regi\u00f3n Interior Sur, de cuyos operativos se labraron infracciones y se produjeron secuestros de rodados por Infracciones a la Ley Nacional de Transito Numero 24.449, siendo las faltas m\u00e1s comunes conducir sin Licencia habilitante, Cedula del Automotor y Seguro Obligatorio, record\u00e1ndose a la comunidad la obligatoriedad de circular con la correspondiente documentaci\u00f3n.<\/p>\n<p>&nbsp;<\/p>\n<p>la Ley Nacional de Transito Numero 24.449, siendo las faltas m\u00e1s comunes conducir sin Licencia habilitante, Cedula del Automotor y Seguro Obligatorio, record\u00e1ndose a la comunidad la obligatoriedad de circular con la correspondiente documentaci\u00f3n.<\/p>\n<p>&nbsp;<\/p>\n","protected":false},"excerpt":{"rendered":"<p>La Secretaria de Seguridad de la Municipalidad de Tornquist lleva a conocimiento de la poblaci\u00f3n que con fecha 15 de Julio del corriente, en la Sub Estaci\u00f3n de Policia de Seguridad Comunal de Saldungaray se recibi\u00f3 una denuncia penal por el delito de ROBO, en perjuicio de la ciudadana CARINA ALEJANDRA DI CARO, propietaria de [&hellip;]<\/p>\n","protected":false},"author":1,"featured_media":50860,"comment_status":"closed","ping_status":"open","sticky":false,"template":"","format":"standard","meta":{"footnotes":""},"categories":[51,52,61],"tags":[],"class_list":["post-50858","post","type-post","status-publish","format-standard","has-post-thumbnail","hentry","category-comunidad","category-destacadas","category-policiales"],"yoast_head":"<!-- This site is optimized with the Yoast SEO plugin v19.7.1 - https:\/\/yoast.com\/wordpress\/plugins\/seo\/ -->\n<title>DENUNCIA POR ROBO Y ALLANAMIENTOS CON RESULTADOS POSITIVOS - CELTTV<\/title>\n<meta name=\"description\" content=\"Sitio web de noticias de la localidad de Tornquist, provincia de Buenos Aires, Rep\u00fablica Argentina. Contenido propio originado por periodistas de CELTTV, el canal de TV local de la Cooperativa El\u00e9ctrica de Tornquist. Turismo, Pol\u00edtica, Sociedad, Deporte, Cultura y todo el contenido de inter\u00e9s general que la gente del pueblo y la regi\u00f3n debe conocer.\" \/>\n<meta name=\"robots\" content=\"index, follow, max-snippet:-1, max-image-preview:large, max-video-preview:-1\" \/>\n<link rel=\"canonical\" href=\"https:\/\/www.celttv.com.ar\/index.php\/2020\/07\/27\/50858\/\" \/>\n<meta property=\"og:locale\" content=\"es_ES\" \/>\n<meta property=\"og:type\" content=\"article\" \/>\n<meta property=\"og:title\" content=\"DENUNCIA POR ROBO Y ALLANAMIENTOS CON RESULTADOS POSITIVOS - CELTTV\" \/>\n<meta property=\"og:description\" content=\"Sitio web de noticias de la localidad de Tornquist, provincia de Buenos Aires, Rep\u00fablica Argentina. Contenido propio originado por periodistas de CELTTV, el canal de TV local de la Cooperativa El\u00e9ctrica de Tornquist. Turismo, Pol\u00edtica, Sociedad, Deporte, Cultura y todo el contenido de inter\u00e9s general que la gente del pueblo y la regi\u00f3n debe conocer.\" \/>\n<meta property=\"og:url\" content=\"https:\/\/www.celttv.com.ar\/index.php\/2020\/07\/27\/50858\/\" \/>\n<meta property=\"og:site_name\" content=\"CELTTV\" \/>\n<meta property=\"article:publisher\" content=\"https:\/\/www.facebook.com\/celtTV\/\" \/>\n<meta property=\"article:published_time\" content=\"2020-07-27T21:36:08+00:00\" \/>\n<meta property=\"og:image\" content=\"https:\/\/www.celttv.com.ar\/wp-content\/uploads\/2020\/07\/afanos-1.jpg\" \/>\n\t<meta property=\"og:image:width\" content=\"504\" \/>\n\t<meta property=\"og:image:height\" content=\"292\" \/>\n\t<meta property=\"og:image:type\" content=\"image\/jpeg\" \/>\n<meta name=\"author\" content=\"ulises\" \/>\n<meta name=\"twitter:card\" content=\"summary_large_image\" \/>\n<meta name=\"twitter:label1\" content=\"Escrito por\" \/>\n\t<meta name=\"twitter:data1\" content=\"ulises\" \/>\n\t<meta name=\"twitter:label2\" content=\"Tiempo de lectura\" \/>\n\t<meta name=\"twitter:data2\" content=\"4 minutos\" \/>\n<script type=\"application\/ld+json\" class=\"yoast-schema-graph\">{\"@context\":\"https:\/\/schema.org\",\"@graph\":[{\"@type\":\"NewsArticle\",\"@id\":\"https:\/\/www.celttv.com.ar\/index.php\/2020\/07\/27\/50858\/#article\",\"isPartOf\":{\"@id\":\"https:\/\/www.celttv.com.ar\/index.php\/2020\/07\/27\/50858\/\"},\"author\":{\"name\":\"ulises\",\"@id\":\"https:\/\/www.celttv.com.ar\/#\/schema\/person\/6d99c072dba59953809c81446e9d0ace\"},\"headline\":\"DENUNCIA POR ROBO Y ALLANAMIENTOS CON RESULTADOS POSITIVOS\",\"datePublished\":\"2020-07-27T21:36:08+00:00\",\"dateModified\":\"2020-07-27T21:36:08+00:00\",\"mainEntityOfPage\":{\"@id\":\"https:\/\/www.celttv.com.ar\/index.php\/2020\/07\/27\/50858\/\"},\"wordCount\":848,\"publisher\":{\"@id\":\"https:\/\/www.celttv.com.ar\/#organization\"},\"articleSection\":[\"Comunidad\",\"Destacadas\",\"Policiales\"],\"inLanguage\":\"es\"},{\"@type\":\"WebPage\",\"@id\":\"https:\/\/www.celttv.com.ar\/index.php\/2020\/07\/27\/50858\/\",\"url\":\"https:\/\/www.celttv.com.ar\/index.php\/2020\/07\/27\/50858\/\",\"name\":\"DENUNCIA POR ROBO Y ALLANAMIENTOS CON RESULTADOS POSITIVOS - CELTTV\",\"isPartOf\":{\"@id\":\"https:\/\/www.celttv.com.ar\/#website\"},\"datePublished\":\"2020-07-27T21:36:08+00:00\",\"dateModified\":\"2020-07-27T21:36:08+00:00\",\"description\":\"Sitio web de noticias de la localidad de Tornquist, provincia de Buenos Aires, Rep\u00fablica Argentina. Contenido propio originado por periodistas de CELTTV, el canal de TV local de la Cooperativa El\u00e9ctrica de Tornquist. Turismo, Pol\u00edtica, Sociedad, Deporte, Cultura y todo el contenido de inter\u00e9s general que la gente del pueblo y la regi\u00f3n debe conocer.\",\"breadcrumb\":{\"@id\":\"https:\/\/www.celttv.com.ar\/index.php\/2020\/07\/27\/50858\/#breadcrumb\"},\"inLanguage\":\"es\",\"potentialAction\":[{\"@type\":\"ReadAction\",\"target\":[\"https:\/\/www.celttv.com.ar\/index.php\/2020\/07\/27\/50858\/\"]}]},{\"@type\":\"BreadcrumbList\",\"@id\":\"https:\/\/www.celttv.com.ar\/index.php\/2020\/07\/27\/50858\/#breadcrumb\",\"itemListElement\":[{\"@type\":\"ListItem\",\"position\":1,\"name\":\"Inicio\",\"item\":\"https:\/\/www.celttv.com.ar\/\"},{\"@type\":\"ListItem\",\"position\":2,\"name\":\"DENUNCIA POR ROBO Y ALLANAMIENTOS CON RESULTADOS POSITIVOS\"}]},{\"@type\":\"WebSite\",\"@id\":\"https:\/\/www.celttv.com.ar\/#website\",\"url\":\"https:\/\/www.celttv.com.ar\/\",\"name\":\"CELTTV\",\"description\":\"Cooperativa El\u00e9ctrica de Tornquist\",\"publisher\":{\"@id\":\"https:\/\/www.celttv.com.ar\/#organization\"},\"potentialAction\":[{\"@type\":\"SearchAction\",\"target\":{\"@type\":\"EntryPoint\",\"urlTemplate\":\"https:\/\/www.celttv.com.ar\/?s={search_term_string}\"},\"query-input\":\"required name=search_term_string\"}],\"inLanguage\":\"es\"},{\"@type\":\"Organization\",\"@id\":\"https:\/\/www.celttv.com.ar\/#organization\",\"name\":\"CELTTV\",\"url\":\"https:\/\/www.celttv.com.ar\/\",\"sameAs\":[\"https:\/\/www.youtube.com\/channel\/UCz_oIt8Hig64Ub-EmcNPIhg\",\"https:\/\/www.facebook.com\/celtTV\/\"],\"logo\":{\"@type\":\"ImageObject\",\"inLanguage\":\"es\",\"@id\":\"https:\/\/www.celttv.com.ar\/#\/schema\/logo\/image\/\",\"url\":\"http:\/\/www.celttv.com.ar\/wp-content\/uploads\/2022\/08\/logo-1.png\",\"contentUrl\":\"http:\/\/www.celttv.com.ar\/wp-content\/uploads\/2022\/08\/logo-1.png\",\"width\":461,\"height\":159,\"caption\":\"CELTTV\"},\"image\":{\"@id\":\"https:\/\/www.celttv.com.ar\/#\/schema\/logo\/image\/\"}},{\"@type\":\"Person\",\"@id\":\"https:\/\/www.celttv.com.ar\/#\/schema\/person\/6d99c072dba59953809c81446e9d0ace\",\"name\":\"ulises\",\"image\":{\"@type\":\"ImageObject\",\"inLanguage\":\"es\",\"@id\":\"https:\/\/www.celttv.com.ar\/#\/schema\/person\/image\/\",\"url\":\"https:\/\/secure.gravatar.com\/avatar\/7f2c48bdc33b30088f941fb6082e555f2874c98e20cb159d7b92b50eadfce793?s=96&d=mm&r=g\",\"contentUrl\":\"https:\/\/secure.gravatar.com\/avatar\/7f2c48bdc33b30088f941fb6082e555f2874c98e20cb159d7b92b50eadfce793?s=96&d=mm&r=g\",\"caption\":\"ulises\"},\"sameAs\":[\"http:\/\/www.celttv.com.ar\"]}]}<\/script>\n<!-- \/ Yoast SEO plugin. -->","yoast_head_json":{"title":"DENUNCIA POR ROBO Y ALLANAMIENTOS CON RESULTADOS POSITIVOS - CELTTV","description":"Sitio web de noticias de la localidad de Tornquist, provincia de Buenos Aires, Rep\u00fablica Argentina. Contenido propio originado por periodistas de CELTTV, el canal de TV local de la Cooperativa El\u00e9ctrica de Tornquist. Turismo, Pol\u00edtica, Sociedad, Deporte, Cultura y todo el contenido de inter\u00e9s general que la gente del pueblo y la regi\u00f3n debe conocer.","robots":{"index":"index","follow":"follow","max-snippet":"max-snippet:-1","max-image-preview":"max-image-preview:large","max-video-preview":"max-video-preview:-1"},"canonical":"https:\/\/www.celttv.com.ar\/index.php\/2020\/07\/27\/50858\/","og_locale":"es_ES","og_type":"article","og_title":"DENUNCIA POR ROBO Y ALLANAMIENTOS CON RESULTADOS POSITIVOS - CELTTV","og_description":"Sitio web de noticias de la localidad de Tornquist, provincia de Buenos Aires, Rep\u00fablica Argentina. Contenido propio originado por periodistas de CELTTV, el canal de TV local de la Cooperativa El\u00e9ctrica de Tornquist. Turismo, Pol\u00edtica, Sociedad, Deporte, Cultura y todo el contenido de inter\u00e9s general que la gente del pueblo y la regi\u00f3n debe conocer.","og_url":"https:\/\/www.celttv.com.ar\/index.php\/2020\/07\/27\/50858\/","og_site_name":"CELTTV","article_publisher":"https:\/\/www.facebook.com\/celtTV\/","article_published_time":"2020-07-27T21:36:08+00:00","og_image":[{"width":504,"height":292,"url":"https:\/\/www.celttv.com.ar\/wp-content\/uploads\/2020\/07\/afanos-1.jpg","type":"image\/jpeg"}],"author":"ulises","twitter_card":"summary_large_image","twitter_misc":{"Escrito por":"ulises","Tiempo de lectura":"4 minutos"},"schema":{"@context":"https:\/\/schema.org","@graph":[{"@type":"NewsArticle","@id":"https:\/\/www.celttv.com.ar\/index.php\/2020\/07\/27\/50858\/#article","isPartOf":{"@id":"https:\/\/www.celttv.com.ar\/index.php\/2020\/07\/27\/50858\/"},"author":{"name":"ulises","@id":"https:\/\/www.celttv.com.ar\/#\/schema\/person\/6d99c072dba59953809c81446e9d0ace"},"headline":"DENUNCIA POR ROBO Y ALLANAMIENTOS CON RESULTADOS POSITIVOS","datePublished":"2020-07-27T21:36:08+00:00","dateModified":"2020-07-27T21:36:08+00:00","mainEntityOfPage":{"@id":"https:\/\/www.celttv.com.ar\/index.php\/2020\/07\/27\/50858\/"},"wordCount":848,"publisher":{"@id":"https:\/\/www.celttv.com.ar\/#organization"},"articleSection":["Comunidad","Destacadas","Policiales"],"inLanguage":"es"},{"@type":"WebPage","@id":"https:\/\/www.celttv.com.ar\/index.php\/2020\/07\/27\/50858\/","url":"https:\/\/www.celttv.com.ar\/index.php\/2020\/07\/27\/50858\/","name":"DENUNCIA POR ROBO Y ALLANAMIENTOS CON RESULTADOS POSITIVOS - CELTTV","isPartOf":{"@id":"https:\/\/www.celttv.com.ar\/#website"},"datePublished":"2020-07-27T21:36:08+00:00","dateModified":"2020-07-27T21:36:08+00:00","description":"Sitio web de noticias de la localidad de Tornquist, provincia de Buenos Aires, Rep\u00fablica Argentina. Contenido propio originado por periodistas de CELTTV, el canal de TV local de la Cooperativa El\u00e9ctrica de Tornquist. Turismo, Pol\u00edtica, Sociedad, Deporte, Cultura y todo el contenido de inter\u00e9s general que la gente del pueblo y la regi\u00f3n debe conocer.","breadcrumb":{"@id":"https:\/\/www.celttv.com.ar\/index.php\/2020\/07\/27\/50858\/#breadcrumb"},"inLanguage":"es","potentialAction":[{"@type":"ReadAction","target":["https:\/\/www.celttv.com.ar\/index.php\/2020\/07\/27\/50858\/"]}]},{"@type":"BreadcrumbList","@id":"https:\/\/www.celttv.com.ar\/index.php\/2020\/07\/27\/50858\/#breadcrumb","itemListElement":[{"@type":"ListItem","position":1,"name":"Inicio","item":"https:\/\/www.celttv.com.ar\/"},{"@type":"ListItem","position":2,"name":"DENUNCIA POR ROBO Y ALLANAMIENTOS CON RESULTADOS POSITIVOS"}]},{"@type":"WebSite","@id":"https:\/\/www.celttv.com.ar\/#website","url":"https:\/\/www.celttv.com.ar\/","name":"CELTTV","description":"Cooperativa El\u00e9ctrica de Tornquist","publisher":{"@id":"https:\/\/www.celttv.com.ar\/#organization"},"potentialAction":[{"@type":"SearchAction","target":{"@type":"EntryPoint","urlTemplate":"https:\/\/www.celttv.com.ar\/?s={search_term_string}"},"query-input":"required name=search_term_string"}],"inLanguage":"es"},{"@type":"Organization","@id":"https:\/\/www.celttv.com.ar\/#organization","name":"CELTTV","url":"https:\/\/www.celttv.com.ar\/","sameAs":["https:\/\/www.youtube.com\/channel\/UCz_oIt8Hig64Ub-EmcNPIhg","https:\/\/www.facebook.com\/celtTV\/"],"logo":{"@type":"ImageObject","inLanguage":"es","@id":"https:\/\/www.celttv.com.ar\/#\/schema\/logo\/image\/","url":"http:\/\/www.celttv.com.ar\/wp-content\/uploads\/2022\/08\/logo-1.png","contentUrl":"http:\/\/www.celttv.com.ar\/wp-content\/uploads\/2022\/08\/logo-1.png","width":461,"height":159,"caption":"CELTTV"},"image":{"@id":"https:\/\/www.celttv.com.ar\/#\/schema\/logo\/image\/"}},{"@type":"Person","@id":"https:\/\/www.celttv.com.ar\/#\/schema\/person\/6d99c072dba59953809c81446e9d0ace","name":"ulises","image":{"@type":"ImageObject","inLanguage":"es","@id":"https:\/\/www.celttv.com.ar\/#\/schema\/person\/image\/","url":"https:\/\/secure.gravatar.com\/avatar\/7f2c48bdc33b30088f941fb6082e555f2874c98e20cb159d7b92b50eadfce793?s=96&d=mm&r=g","contentUrl":"https:\/\/secure.gravatar.com\/avatar\/7f2c48bdc33b30088f941fb6082e555f2874c98e20cb159d7b92b50eadfce793?s=96&d=mm&r=g","caption":"ulises"},"sameAs":["http:\/\/www.celttv.com.ar"]}]}},"_links":{"self":[{"href":"https:\/\/www.celttv.com.ar\/index.php\/wp-json\/wp\/v2\/posts\/50858","targetHints":{"allow":["GET"]}}],"collection":[{"href":"https:\/\/www.celttv.com.ar\/index.php\/wp-json\/wp\/v2\/posts"}],"about":[{"href":"https:\/\/www.celttv.com.ar\/index.php\/wp-json\/wp\/v2\/types\/post"}],"author":[{"embeddable":true,"href":"https:\/\/www.celttv.com.ar\/index.php\/wp-json\/wp\/v2\/users\/1"}],"replies":[{"embeddable":true,"href":"https:\/\/www.celttv.com.ar\/index.php\/wp-json\/wp\/v2\/comments?post=50858"}],"version-history":[{"count":0,"href":"https:\/\/www.celttv.com.ar\/index.php\/wp-json\/wp\/v2\/posts\/50858\/revisions"}],"wp:featuredmedia":[{"embeddable":true,"href":"https:\/\/www.celttv.com.ar\/index.php\/wp-json\/wp\/v2\/media\/50860"}],"wp:attachment":[{"href":"https:\/\/www.celttv.com.ar\/index.php\/wp-json\/wp\/v2\/media?parent=50858"}],"wp:term":[{"taxonomy":"category","embeddable":true,"href":"https:\/\/www.celttv.com.ar\/index.php\/wp-json\/wp\/v2\/categories?post=50858"},{"taxonomy":"post_tag","embeddable":true,"href":"https:\/\/www.celttv.com.ar\/index.php\/wp-json\/wp\/v2\/tags?post=50858"}],"curies":[{"name":"wp","href":"https:\/\/api.w.org\/{rel}","templated":true}]}}